{"id":977,"date":"2017-09-11T05:37:53","date_gmt":"2017-09-11T05:37:53","guid":{"rendered":"http:\/\/www.travel3.com.br\/site\/ir-e-vir\/ar\/workshop-mmtgapnet-caribe-rep-dominicana-tera-voos-e-luxo\/"},"modified":"2017-09-11T05:37:53","modified_gmt":"2017-09-11T05:37:53","slug":"workshop-mmtgapnet-caribe-rep-dominicana-tera-voos-e-luxo","status":"publish","type":"post","link":"https:\/\/www.travel3.com.br\/site\/sem-categoria\/workshop-mmtgapnet-caribe-rep-dominicana-tera-voos-e-luxo\/","title":{"rendered":"WORKSHOP MMTGAPNET CARIBE: REP. DOMINICANA TER\u00c1 + VOOS E + LUXO"},"content":{"rendered":"<p><span style=\"color: #40acad; font-family: -apple-system, system-ui, 'Segoe UI', Roboto, Oxygen-Sans, Ubuntu, Cantarell, 'Helvetica Neue', sans-serif; font-size: 12px; font-weight: bold;\"><\/p>\n<p style=\"text-align:justify\"><strong>Ren\u00e9 Contreras, Diretor Brasil do escrit\u00f3rio de turismo da Rep\u00fablica Dominicana (Foto: Claudia Tonaco)<\/strong><\/p>\n<p style=\"text-align:justify\">A Rep\u00fablica Dominicana \u00e9 hoje um dos destinos mais procurados pelos viajantes brasileiros e, mesmo com a crise, tem mantido um p\u00fablico fiel de viajantes.<\/p>\n<p style=\"text-align:justify\">A avalia\u00e7\u00e3o foi feita por Ren\u00e9 Contreras, Diretor Brasil do escrit\u00f3rio de turismo da Rep\u00fablica Dominicana, durante o Workshop MMTGapnet Caribe, que aconteceu recentemente em S\u00e3o Paulo e em Belo Horizonte.<\/p>\n<p style=\"text-align:justify\">&#8220;Estamos com muitas surpresas positivas para apresentar aos operadores, agentes de viagem e aos turistas brasileiros. O ano de 2017 mostrou recupera\u00e7\u00e3o nas vendas, em rela\u00e7\u00e3o a 2016. \u00c9 preciso dizer que temos potencial para crescer ainda mais e neste momento estamos em negocia\u00e7\u00e3o com as companhias a\u00e9reas, no sentido de termos mais assentos em voos e, consequentemente aumentarmos o n\u00famero de turistas aterrissando para aproveitar f\u00e9rias inesquec\u00edveis, em resorts e praias paradis\u00edacas da Rep\u00fablica Dominicana&#8221;, explicou Ren\u00e9 Contreras.<\/p>\n<p style=\"text-align:justify\">No dia 6 de janeiro a Latam retoma a rota, com 2 frequ\u00eancias semanais, aos s\u00e1bados e domingos.<\/p>\n<p style=\"text-align:justify\"><a class=\"fancybox-media\" href=\"..\/_uploads\/_noticia\/2017-08\/2mmt-work-caribe-2017-sp050.jpg\" rel=\"portfolio\"><img decoding=\"async\" alt=\"\" src=\"..\/_uploads\/_noticia\/2017-08\/2mmt-work-caribe-2017-sp050.jpg\" \/><\/a><strong>O Diretor Brasil do escrit\u00f3rio de turismo da Rep\u00fablica Dominicana apresenta as atra\u00e7\u00f5es do seu pa\u00eds\u00a0\u00e0\u00a0participante do Workshop Caribe MMTGapnet<\/strong><\/p>\n<p style=\"text-align:justify\">&#8220;O que queremos, entretanto, \u00e9 aumentar esta frequ\u00eancia para 4 voos semanais e n\u00e3o faltar\u00e3o novidades para atrair ainda mais brasileiros. Uma delas \u00e9 a inaugura\u00e7\u00e3o do Blue Mall Santo Domingo, especializado em consumo de luxo. As\u00a0luxuosas grifes internacionais, seja de roupas ou joalherias exibem vitrines tentadoras com pre\u00e7o similares aos de Miami ou do Panam\u00e1. O segmento de luxo em especial \u00e9 um dos que mais cresce em nosso pa\u00eds e a estrat\u00e9gia \u00e9 construir outros shoppings como este em diversas regi\u00f5es da Rep\u00fablica Dominicana&#8221;, concluiu\u00a0o Diretor Brasil do escrit\u00f3rio de turismo do pa\u00eds.<\/p>\n<p style=\"text-align:justify\">Al\u00e9m das novas frequ\u00eancias a\u00e9reas e dos shoppings de luxo, um dos grandes atrativos para os brasileiros \u00e9 o custo benef\u00edcio da viagem que acabou por transforma o destino Rep\u00fablica Dominicana, em sin\u00f4nimo de Caribe, para o turista do Brasil.<\/p>\n<p><\/span><\/p>\n","protected":false},"excerpt":{"rendered":"<p>Ren\u00e9 Contreras, Diretor Brasil do escrit\u00f3rio de turismo do pa\u00eds, anunciou boas novidades durante o evento em S\u00e3o Paulo e BHZ<\/p>\n","protected":false},"author":1,"featured_media":0,"comment_status":"open","ping_status":"open","sticky":false,"template":"","format":"standard","meta":{"footnotes":""},"categories":[],"tags":[],"class_list":["post-977","post","type-post","status-publish","format-standard","hentry"],"yoast_head":"<!-- This site is optimized with the Yoast SEO plugin v26.2 - https:\/\/yoast.com\/wordpress\/plugins\/seo\/ -->\n<title>WORKSHOP MMTGAPNET CARIBE: REP. DOMINICANA TER\u00c1 + VOOS E + LUXO - Travel3<\/title>\n<meta name=\"description\" content=\"A TRAVEL3 \u00e9 um portal de conte\u00fado voltado para o turismo, encontre destinos, viagens, hospedagem, passagens, guias, not\u00edcias sobre o mercado do turismo, dicas de viagem, v\u00eddeos e podcast.\" \/>\n<meta name=\"robots\" content=\"index, follow, max-snippet:-1, max-image-preview:large, max-video-preview:-1\" \/>\n<link rel=\"canonical\" href=\"https:\/\/www.travel3.com.br\/site\/sem-categoria\/workshop-mmtgapnet-caribe-rep-dominicana-tera-voos-e-luxo\/\" \/>\n<meta property=\"og:locale\" content=\"pt_BR\" \/>\n<meta property=\"og:type\" content=\"article\" \/>\n<meta property=\"og:title\" content=\"WORKSHOP MMTGAPNET CARIBE: REP. DOMINICANA TER\u00c1 + VOOS E + LUXO - Travel3\" \/>\n<meta property=\"og:description\" content=\"A TRAVEL3 \u00e9 um portal de conte\u00fado voltado para o turismo, encontre destinos, viagens, hospedagem, passagens, guias, not\u00edcias sobre o mercado do turismo, dicas de viagem, v\u00eddeos e podcast.\" \/>\n<meta property=\"og:url\" content=\"https:\/\/www.travel3.com.br\/site\/sem-categoria\/workshop-mmtgapnet-caribe-rep-dominicana-tera-voos-e-luxo\/\" \/>\n<meta property=\"og:site_name\" content=\"Travel3\" \/>\n<meta property=\"article:publisher\" content=\"https:\/\/www.facebook.com\/travel3media\/\" \/>\n<meta property=\"article:published_time\" content=\"2017-09-11T05:37:53+00:00\" \/>\n<meta name=\"author\" content=\"admin\" \/>\n<meta name=\"twitter:card\" content=\"summary_large_image\" \/>\n<meta name=\"twitter:label1\" content=\"Escrito por\" \/>\n\t<meta name=\"twitter:data1\" content=\"admin\" \/>\n\t<meta name=\"twitter:label2\" content=\"Est. tempo de leitura\" \/>\n\t<meta name=\"twitter:data2\" content=\"2 minutos\" \/>\n<script type=\"application\/ld+json\" class=\"yoast-schema-graph\">{\"@context\":\"https:\/\/schema.org\",\"@graph\":[{\"@type\":\"Article\",\"@id\":\"https:\/\/www.travel3.com.br\/site\/sem-categoria\/workshop-mmtgapnet-caribe-rep-dominicana-tera-voos-e-luxo\/#article\",\"isPartOf\":{\"@id\":\"https:\/\/www.travel3.com.br\/site\/sem-categoria\/workshop-mmtgapnet-caribe-rep-dominicana-tera-voos-e-luxo\/\"},\"author\":{\"name\":\"admin\",\"@id\":\"https:\/\/www.travel3.com.br\/site\/#\/schema\/person\/a69d71e41a024999b6ab82369ac0bd1e\"},\"headline\":\"WORKSHOP MMTGAPNET CARIBE: REP. DOMINICANA TER\u00c1 + VOOS E + LUXO\",\"datePublished\":\"2017-09-11T05:37:53+00:00\",\"mainEntityOfPage\":{\"@id\":\"https:\/\/www.travel3.com.br\/site\/sem-categoria\/workshop-mmtgapnet-caribe-rep-dominicana-tera-voos-e-luxo\/\"},\"wordCount\":362,\"commentCount\":0,\"publisher\":{\"@id\":\"https:\/\/www.travel3.com.br\/site\/#organization\"},\"inLanguage\":\"pt-BR\",\"potentialAction\":[{\"@type\":\"CommentAction\",\"name\":\"Comment\",\"target\":[\"https:\/\/www.travel3.com.br\/site\/sem-categoria\/workshop-mmtgapnet-caribe-rep-dominicana-tera-voos-e-luxo\/#respond\"]}]},{\"@type\":\"WebPage\",\"@id\":\"https:\/\/www.travel3.com.br\/site\/sem-categoria\/workshop-mmtgapnet-caribe-rep-dominicana-tera-voos-e-luxo\/\",\"url\":\"https:\/\/www.travel3.com.br\/site\/sem-categoria\/workshop-mmtgapnet-caribe-rep-dominicana-tera-voos-e-luxo\/\",\"name\":\"WORKSHOP MMTGAPNET CARIBE: REP. DOMINICANA TER\u00c1 + VOOS E + LUXO - Travel3\",\"isPartOf\":{\"@id\":\"https:\/\/www.travel3.com.br\/site\/#website\"},\"datePublished\":\"2017-09-11T05:37:53+00:00\",\"description\":\"A TRAVEL3 \u00e9 um portal de conte\u00fado voltado para o turismo, encontre destinos, viagens, hospedagem, passagens, guias, not\u00edcias sobre o mercado do turismo, dicas de viagem, v\u00eddeos e podcast.\",\"breadcrumb\":{\"@id\":\"https:\/\/www.travel3.com.br\/site\/sem-categoria\/workshop-mmtgapnet-caribe-rep-dominicana-tera-voos-e-luxo\/#breadcrumb\"},\"inLanguage\":\"pt-BR\",\"potentialAction\":[{\"@type\":\"ReadAction\",\"target\":[\"https:\/\/www.travel3.com.br\/site\/sem-categoria\/workshop-mmtgapnet-caribe-rep-dominicana-tera-voos-e-luxo\/\"]}]},{\"@type\":\"BreadcrumbList\",\"@id\":\"https:\/\/www.travel3.com.br\/site\/sem-categoria\/workshop-mmtgapnet-caribe-rep-dominicana-tera-voos-e-luxo\/#breadcrumb\",\"itemListElement\":[{\"@type\":\"ListItem\",\"position\":1,\"name\":\"In\u00edcio\",\"item\":\"https:\/\/www.travel3.com.br\/site\/\"},{\"@type\":\"ListItem\",\"position\":2,\"name\":\"WORKSHOP MMTGAPNET CARIBE: REP. DOMINICANA TER\u00c1 + VOOS E + LUXO\"}]},{\"@type\":\"WebSite\",\"@id\":\"https:\/\/www.travel3.com.br\/site\/#website\",\"url\":\"https:\/\/www.travel3.com.br\/site\/\",\"name\":\"Travel3\",\"description\":\"Lazer + Neg&oacute;cios + Aventura\",\"publisher\":{\"@id\":\"https:\/\/www.travel3.com.br\/site\/#organization\"},\"potentialAction\":[{\"@type\":\"SearchAction\",\"target\":{\"@type\":\"EntryPoint\",\"urlTemplate\":\"https:\/\/www.travel3.com.br\/site\/?s={search_term_string}\"},\"query-input\":{\"@type\":\"PropertyValueSpecification\",\"valueRequired\":true,\"valueName\":\"search_term_string\"}}],\"inLanguage\":\"pt-BR\"},{\"@type\":\"Organization\",\"@id\":\"https:\/\/www.travel3.com.br\/site\/#organization\",\"name\":\"Travel3\",\"url\":\"https:\/\/www.travel3.com.br\/site\/\",\"logo\":{\"@type\":\"ImageObject\",\"inLanguage\":\"pt-BR\",\"@id\":\"https:\/\/www.travel3.com.br\/site\/#\/schema\/logo\/image\/\",\"url\":\"https:\/\/www.travel3.com.br\/site\/wp-content\/uploads\/2020\/01\/logo-travel3-2020.png\",\"contentUrl\":\"https:\/\/www.travel3.com.br\/site\/wp-content\/uploads\/2020\/01\/logo-travel3-2020.png\",\"width\":232,\"height\":79,\"caption\":\"Travel3\"},\"image\":{\"@id\":\"https:\/\/www.travel3.com.br\/site\/#\/schema\/logo\/image\/\"},\"sameAs\":[\"https:\/\/www.facebook.com\/travel3media\/\",\"https:\/\/www.instagram.com\/revistatravel3\/\",\"https:\/\/www.youtube.com\/channel\/UCno7J4paGBR3VbZQzvoJ9Eg\"]},{\"@type\":\"Person\",\"@id\":\"https:\/\/www.travel3.com.br\/site\/#\/schema\/person\/a69d71e41a024999b6ab82369ac0bd1e\",\"name\":\"admin\",\"image\":{\"@type\":\"ImageObject\",\"inLanguage\":\"pt-BR\",\"@id\":\"https:\/\/www.travel3.com.br\/site\/#\/schema\/person\/image\/\",\"url\":\"https:\/\/secure.gravatar.com\/avatar\/732a67adfd764da2a47ba10ce731c4c0?s=96&d=mm&r=g\",\"contentUrl\":\"https:\/\/secure.gravatar.com\/avatar\/732a67adfd764da2a47ba10ce731c4c0?s=96&d=mm&r=g\",\"caption\":\"admin\"},\"url\":\"https:\/\/www.travel3.com.br\/site\/author\/admin\/\"}]}<\/script>\n<!-- \/ Yoast SEO plugin. -->","yoast_head_json":{"title":"WORKSHOP MMTGAPNET CARIBE: REP. DOMINICANA TER\u00c1 + VOOS E + LUXO - Travel3","description":"A TRAVEL3 \u00e9 um portal de conte\u00fado voltado para o turismo, encontre destinos, viagens, hospedagem, passagens, guias, not\u00edcias sobre o mercado do turismo, dicas de viagem, v\u00eddeos e podcast.","robots":{"index":"index","follow":"follow","max-snippet":"max-snippet:-1","max-image-preview":"max-image-preview:large","max-video-preview":"max-video-preview:-1"},"canonical":"https:\/\/www.travel3.com.br\/site\/sem-categoria\/workshop-mmtgapnet-caribe-rep-dominicana-tera-voos-e-luxo\/","og_locale":"pt_BR","og_type":"article","og_title":"WORKSHOP MMTGAPNET CARIBE: REP. DOMINICANA TER\u00c1 + VOOS E + LUXO - Travel3","og_description":"A TRAVEL3 \u00e9 um portal de conte\u00fado voltado para o turismo, encontre destinos, viagens, hospedagem, passagens, guias, not\u00edcias sobre o mercado do turismo, dicas de viagem, v\u00eddeos e podcast.","og_url":"https:\/\/www.travel3.com.br\/site\/sem-categoria\/workshop-mmtgapnet-caribe-rep-dominicana-tera-voos-e-luxo\/","og_site_name":"Travel3","article_publisher":"https:\/\/www.facebook.com\/travel3media\/","article_published_time":"2017-09-11T05:37:53+00:00","author":"admin","twitter_card":"summary_large_image","twitter_misc":{"Escrito por":"admin","Est. tempo de leitura":"2 minutos"},"schema":{"@context":"https:\/\/schema.org","@graph":[{"@type":"Article","@id":"https:\/\/www.travel3.com.br\/site\/sem-categoria\/workshop-mmtgapnet-caribe-rep-dominicana-tera-voos-e-luxo\/#article","isPartOf":{"@id":"https:\/\/www.travel3.com.br\/site\/sem-categoria\/workshop-mmtgapnet-caribe-rep-dominicana-tera-voos-e-luxo\/"},"author":{"name":"admin","@id":"https:\/\/www.travel3.com.br\/site\/#\/schema\/person\/a69d71e41a024999b6ab82369ac0bd1e"},"headline":"WORKSHOP MMTGAPNET CARIBE: REP. DOMINICANA TER\u00c1 + VOOS E + LUXO","datePublished":"2017-09-11T05:37:53+00:00","mainEntityOfPage":{"@id":"https:\/\/www.travel3.com.br\/site\/sem-categoria\/workshop-mmtgapnet-caribe-rep-dominicana-tera-voos-e-luxo\/"},"wordCount":362,"commentCount":0,"publisher":{"@id":"https:\/\/www.travel3.com.br\/site\/#organization"},"inLanguage":"pt-BR","potentialAction":[{"@type":"CommentAction","name":"Comment","target":["https:\/\/www.travel3.com.br\/site\/sem-categoria\/workshop-mmtgapnet-caribe-rep-dominicana-tera-voos-e-luxo\/#respond"]}]},{"@type":"WebPage","@id":"https:\/\/www.travel3.com.br\/site\/sem-categoria\/workshop-mmtgapnet-caribe-rep-dominicana-tera-voos-e-luxo\/","url":"https:\/\/www.travel3.com.br\/site\/sem-categoria\/workshop-mmtgapnet-caribe-rep-dominicana-tera-voos-e-luxo\/","name":"WORKSHOP MMTGAPNET CARIBE: REP. DOMINICANA TER\u00c1 + VOOS E + LUXO - Travel3","isPartOf":{"@id":"https:\/\/www.travel3.com.br\/site\/#website"},"datePublished":"2017-09-11T05:37:53+00:00","description":"A TRAVEL3 \u00e9 um portal de conte\u00fado voltado para o turismo, encontre destinos, viagens, hospedagem, passagens, guias, not\u00edcias sobre o mercado do turismo, dicas de viagem, v\u00eddeos e podcast.","breadcrumb":{"@id":"https:\/\/www.travel3.com.br\/site\/sem-categoria\/workshop-mmtgapnet-caribe-rep-dominicana-tera-voos-e-luxo\/#breadcrumb"},"inLanguage":"pt-BR","potentialAction":[{"@type":"ReadAction","target":["https:\/\/www.travel3.com.br\/site\/sem-categoria\/workshop-mmtgapnet-caribe-rep-dominicana-tera-voos-e-luxo\/"]}]},{"@type":"BreadcrumbList","@id":"https:\/\/www.travel3.com.br\/site\/sem-categoria\/workshop-mmtgapnet-caribe-rep-dominicana-tera-voos-e-luxo\/#breadcrumb","itemListElement":[{"@type":"ListItem","position":1,"name":"In\u00edcio","item":"https:\/\/www.travel3.com.br\/site\/"},{"@type":"ListItem","position":2,"name":"WORKSHOP MMTGAPNET CARIBE: REP. DOMINICANA TER\u00c1 + VOOS E + LUXO"}]},{"@type":"WebSite","@id":"https:\/\/www.travel3.com.br\/site\/#website","url":"https:\/\/www.travel3.com.br\/site\/","name":"Travel3","description":"Lazer + Neg&oacute;cios + Aventura","publisher":{"@id":"https:\/\/www.travel3.com.br\/site\/#organization"},"potentialAction":[{"@type":"SearchAction","target":{"@type":"EntryPoint","urlTemplate":"https:\/\/www.travel3.com.br\/site\/?s={search_term_string}"},"query-input":{"@type":"PropertyValueSpecification","valueRequired":true,"valueName":"search_term_string"}}],"inLanguage":"pt-BR"},{"@type":"Organization","@id":"https:\/\/www.travel3.com.br\/site\/#organization","name":"Travel3","url":"https:\/\/www.travel3.com.br\/site\/","logo":{"@type":"ImageObject","inLanguage":"pt-BR","@id":"https:\/\/www.travel3.com.br\/site\/#\/schema\/logo\/image\/","url":"https:\/\/www.travel3.com.br\/site\/wp-content\/uploads\/2020\/01\/logo-travel3-2020.png","contentUrl":"https:\/\/www.travel3.com.br\/site\/wp-content\/uploads\/2020\/01\/logo-travel3-2020.png","width":232,"height":79,"caption":"Travel3"},"image":{"@id":"https:\/\/www.travel3.com.br\/site\/#\/schema\/logo\/image\/"},"sameAs":["https:\/\/www.facebook.com\/travel3media\/","https:\/\/www.instagram.com\/revistatravel3\/","https:\/\/www.youtube.com\/channel\/UCno7J4paGBR3VbZQzvoJ9Eg"]},{"@type":"Person","@id":"https:\/\/www.travel3.com.br\/site\/#\/schema\/person\/a69d71e41a024999b6ab82369ac0bd1e","name":"admin","image":{"@type":"ImageObject","inLanguage":"pt-BR","@id":"https:\/\/www.travel3.com.br\/site\/#\/schema\/person\/image\/","url":"https:\/\/secure.gravatar.com\/avatar\/732a67adfd764da2a47ba10ce731c4c0?s=96&d=mm&r=g","contentUrl":"https:\/\/secure.gravatar.com\/avatar\/732a67adfd764da2a47ba10ce731c4c0?s=96&d=mm&r=g","caption":"admin"},"url":"https:\/\/www.travel3.com.br\/site\/author\/admin\/"}]}},"_links":{"self":[{"href":"https:\/\/www.travel3.com.br\/site\/wp-json\/wp\/v2\/posts\/977","targetHints":{"allow":["GET"]}}],"collection":[{"href":"https:\/\/www.travel3.com.br\/site\/wp-json\/wp\/v2\/posts"}],"about":[{"href":"https:\/\/www.travel3.com.br\/site\/wp-json\/wp\/v2\/types\/post"}],"author":[{"embeddable":true,"href":"https:\/\/www.travel3.com.br\/site\/wp-json\/wp\/v2\/users\/1"}],"replies":[{"embeddable":true,"href":"https:\/\/www.travel3.com.br\/site\/wp-json\/wp\/v2\/comments?post=977"}],"version-history":[{"count":0,"href":"https:\/\/www.travel3.com.br\/site\/wp-json\/wp\/v2\/posts\/977\/revisions"}],"wp:attachment":[{"href":"https:\/\/www.travel3.com.br\/site\/wp-json\/wp\/v2\/media?parent=977"}],"wp:term":[{"taxonomy":"category","embeddable":true,"href":"https:\/\/www.travel3.com.br\/site\/wp-json\/wp\/v2\/categories?post=977"},{"taxonomy":"post_tag","embeddable":true,"href":"https:\/\/www.travel3.com.br\/site\/wp-json\/wp\/v2\/tags?post=977"}],"curies":[{"name":"wp","href":"https:\/\/api.w.org\/{rel}","templated":true}]}}