{"id":958,"date":"2017-09-12T10:20:35","date_gmt":"2017-09-12T10:20:35","guid":{"rendered":"http:\/\/www.travel3.com.br\/site\/ir-e-vir\/ar\/summerville-beach-resort-realiza-festival-com-chefs-convidados\/"},"modified":"2017-09-28T01:56:21","modified_gmt":"2017-09-28T01:56:21","slug":"summerville-beach-resort-realiza-festival-com-chefs-convidados","status":"publish","type":"post","link":"https:\/\/www.travel3.com.br\/site\/gastronomia\/summerville-beach-resort-realiza-festival-com-chefs-convidados\/","title":{"rendered":"SUMMERVILLE BEACH RESORT REALIZA FESTIVAL COM CHEFS CONVIDADOS"},"content":{"rendered":"<p style=\"text-align: justify;\">O Summerville Beach Resort promove, em setembro, pacotes com jantares especiais as sextas e s\u00e1bados que incluem pratos assinados por grandes nomes da gastronomia nordestina. O festival \u201cGourmet Show\u201d leva para a praia de Muro Alto, em Porto de Galinhas (PE), renomados chefs de diferentes especialidades gastron\u00f4micas a fim de oferecer experi\u00eancias ainda mais saborosas para os h\u00f3spedes na hora da ceia.<\/p>\n<p style=\"text-align: justify;\"><a class=\"fancybox-media\" href=\"..\/_uploads\/_noticia\/2017-08\/restaurante-sete-mares.jpg\" rel=\"portfolio\"><img decoding=\"async\" src=\"..\/_uploads\/_noticia\/2017-08\/restaurante-sete-mares.jpg\" alt=\"\" \/><\/a><a href=\"http:\/\/www.travel3.com.br\/site\/wp-content\/uploads\/2017\/09\/01foto-aerea-piscina-summer.jpg\"><img loading=\"lazy\" decoding=\"async\" class=\"alignnone size-full wp-image-5786\" src=\"http:\/\/www.travel3.com.br\/site\/wp-content\/uploads\/2017\/09\/01foto-aerea-piscina-summer.jpg\" alt=\"\" width=\"1920\" height=\"1119\" srcset=\"https:\/\/www.travel3.com.br\/site\/wp-content\/uploads\/2017\/09\/01foto-aerea-piscina-summer.jpg 1920w, https:\/\/www.travel3.com.br\/site\/wp-content\/uploads\/2017\/09\/01foto-aerea-piscina-summer-300x175.jpg 300w, https:\/\/www.travel3.com.br\/site\/wp-content\/uploads\/2017\/09\/01foto-aerea-piscina-summer-768x448.jpg 768w, https:\/\/www.travel3.com.br\/site\/wp-content\/uploads\/2017\/09\/01foto-aerea-piscina-summer-1024x597.jpg 1024w\" sizes=\"auto, (max-width: 1920px) 100vw, 1920px\" \/><\/a><\/p>\n<p style=\"text-align: justify;\">Sob coordena\u00e7\u00e3o do gerente de Alimentos &amp; Bebidas Franco Borello e o apoio do chef executivo do resort, Ronny Lima, as noites gastron\u00f4micas ganham op\u00e7\u00f5es diferenciadas no buf\u00ea e tamb\u00e9m na cozinha show, onde os alimentos s\u00e3o preparados na hora \u00e0 vista dos clientes. Uma carta de vinhos diferenciada tamb\u00e9m estar\u00e1 dispon\u00edvel no per\u00edodo do festival com valores promocionais. Participam da a\u00e7\u00e3o os chefs: Rick Bert, que comanda o disputado restaurante peruano Wanchaco, de Macei\u00f3 &#8211; Alagoas, C\u00e9sar Santos, pernambucano famoso pela valoriza\u00e7\u00e3o da gastronomia regional em cria\u00e7\u00f5es servidas no Oficina do Sabor, Duca Lapenda, respons\u00e1vel pelo premiado italiano Pomodoro Caf\u00e9, Serginho Juc\u00e1, do moderno e conceitual restaurante alagoano Sur e Vitor Generoso, nome \u00e0 frente da cozinha do Divina Gula, especializado em culin\u00e1ria mineira.<\/p>\n<p style=\"text-align: justify;\"><strong>Saiba mais = www.summervilleresort.com.br<\/strong><\/p>\n<p>&nbsp;<\/p>\n","protected":false},"excerpt":{"rendered":"<p>O festival \u201cGourmet Show\u201d leva para a praia de Muro Alto, em Porto de Galinhas (PE), renomados chefs de diferentes especialidades<\/p>\n","protected":false},"author":1,"featured_media":5785,"comment_status":"open","ping_status":"open","sticky":false,"template":"","format":"standard","meta":{"footnotes":""},"categories":[6],"tags":[],"class_list":["post-958","post","type-post","status-publish","format-standard","has-post-thumbnail","hentry","category-gastronomia"],"yoast_head":"<!-- This site is optimized with the Yoast SEO plugin v26.2 - https:\/\/yoast.com\/wordpress\/plugins\/seo\/ -->\n<title>SUMMERVILLE BEACH RESORT REALIZA FESTIVAL COM CHEFS CONVIDADOS - Travel3<\/title>\n<meta name=\"description\" content=\"A TRAVEL3 \u00e9 um portal de conte\u00fado voltado para o turismo, encontre destinos, viagens, hospedagem, passagens, guias, not\u00edcias sobre o mercado do turismo, dicas de viagem, v\u00eddeos e podcast.\" \/>\n<meta name=\"robots\" content=\"index, follow, max-snippet:-1, max-image-preview:large, max-video-preview:-1\" \/>\n<link rel=\"canonical\" href=\"https:\/\/www.travel3.com.br\/site\/gastronomia\/summerville-beach-resort-realiza-festival-com-chefs-convidados\/\" \/>\n<meta property=\"og:locale\" content=\"pt_BR\" \/>\n<meta property=\"og:type\" content=\"article\" \/>\n<meta property=\"og:title\" content=\"SUMMERVILLE BEACH RESORT REALIZA FESTIVAL COM CHEFS CONVIDADOS - Travel3\" \/>\n<meta property=\"og:description\" content=\"A TRAVEL3 \u00e9 um portal de conte\u00fado voltado para o turismo, encontre destinos, viagens, hospedagem, passagens, guias, not\u00edcias sobre o mercado do turismo, dicas de viagem, v\u00eddeos e podcast.\" \/>\n<meta property=\"og:url\" content=\"https:\/\/www.travel3.com.br\/site\/gastronomia\/summerville-beach-resort-realiza-festival-com-chefs-convidados\/\" \/>\n<meta property=\"og:site_name\" content=\"Travel3\" \/>\n<meta property=\"article:publisher\" content=\"https:\/\/www.facebook.com\/travel3media\/\" \/>\n<meta property=\"article:published_time\" content=\"2017-09-12T10:20:35+00:00\" \/>\n<meta property=\"article:modified_time\" content=\"2017-09-28T01:56:21+00:00\" \/>\n<meta property=\"og:image\" content=\"https:\/\/www.travel3.com.br\/site\/wp-content\/uploads\/2017\/09\/02restaurante-sete-mares.jpg\" \/>\n\t<meta property=\"og:image:width\" content=\"1920\" \/>\n\t<meta property=\"og:image:height\" content=\"1280\" \/>\n\t<meta property=\"og:image:type\" content=\"image\/jpeg\" \/>\n<meta name=\"author\" content=\"admin\" \/>\n<meta name=\"twitter:card\" content=\"summary_large_image\" \/>\n<meta name=\"twitter:label1\" content=\"Escrito por\" \/>\n\t<meta name=\"twitter:data1\" content=\"admin\" \/>\n\t<meta name=\"twitter:label2\" content=\"Est. tempo de leitura\" \/>\n\t<meta name=\"twitter:data2\" content=\"1 minuto\" \/>\n<script type=\"application\/ld+json\" class=\"yoast-schema-graph\">{\"@context\":\"https:\/\/schema.org\",\"@graph\":[{\"@type\":\"Article\",\"@id\":\"https:\/\/www.travel3.com.br\/site\/gastronomia\/summerville-beach-resort-realiza-festival-com-chefs-convidados\/#article\",\"isPartOf\":{\"@id\":\"https:\/\/www.travel3.com.br\/site\/gastronomia\/summerville-beach-resort-realiza-festival-com-chefs-convidados\/\"},\"author\":{\"name\":\"admin\",\"@id\":\"https:\/\/www.travel3.com.br\/site\/#\/schema\/person\/a69d71e41a024999b6ab82369ac0bd1e\"},\"headline\":\"SUMMERVILLE BEACH RESORT REALIZA FESTIVAL COM CHEFS CONVIDADOS\",\"datePublished\":\"2017-09-12T10:20:35+00:00\",\"dateModified\":\"2017-09-28T01:56:21+00:00\",\"mainEntityOfPage\":{\"@id\":\"https:\/\/www.travel3.com.br\/site\/gastronomia\/summerville-beach-resort-realiza-festival-com-chefs-convidados\/\"},\"wordCount\":218,\"commentCount\":0,\"publisher\":{\"@id\":\"https:\/\/www.travel3.com.br\/site\/#organization\"},\"image\":{\"@id\":\"https:\/\/www.travel3.com.br\/site\/gastronomia\/summerville-beach-resort-realiza-festival-com-chefs-convidados\/#primaryimage\"},\"thumbnailUrl\":\"https:\/\/www.travel3.com.br\/site\/wp-content\/uploads\/2017\/09\/02restaurante-sete-mares.jpg\",\"articleSection\":[\"Gastronomia\"],\"inLanguage\":\"pt-BR\",\"potentialAction\":[{\"@type\":\"CommentAction\",\"name\":\"Comment\",\"target\":[\"https:\/\/www.travel3.com.br\/site\/gastronomia\/summerville-beach-resort-realiza-festival-com-chefs-convidados\/#respond\"]}]},{\"@type\":\"WebPage\",\"@id\":\"https:\/\/www.travel3.com.br\/site\/gastronomia\/summerville-beach-resort-realiza-festival-com-chefs-convidados\/\",\"url\":\"https:\/\/www.travel3.com.br\/site\/gastronomia\/summerville-beach-resort-realiza-festival-com-chefs-convidados\/\",\"name\":\"SUMMERVILLE BEACH RESORT REALIZA FESTIVAL COM CHEFS CONVIDADOS - Travel3\",\"isPartOf\":{\"@id\":\"https:\/\/www.travel3.com.br\/site\/#website\"},\"primaryImageOfPage\":{\"@id\":\"https:\/\/www.travel3.com.br\/site\/gastronomia\/summerville-beach-resort-realiza-festival-com-chefs-convidados\/#primaryimage\"},\"image\":{\"@id\":\"https:\/\/www.travel3.com.br\/site\/gastronomia\/summerville-beach-resort-realiza-festival-com-chefs-convidados\/#primaryimage\"},\"thumbnailUrl\":\"https:\/\/www.travel3.com.br\/site\/wp-content\/uploads\/2017\/09\/02restaurante-sete-mares.jpg\",\"datePublished\":\"2017-09-12T10:20:35+00:00\",\"dateModified\":\"2017-09-28T01:56:21+00:00\",\"description\":\"A TRAVEL3 \u00e9 um portal de conte\u00fado voltado para o turismo, encontre destinos, viagens, hospedagem, passagens, guias, not\u00edcias sobre o mercado do turismo, dicas de viagem, v\u00eddeos e podcast.\",\"breadcrumb\":{\"@id\":\"https:\/\/www.travel3.com.br\/site\/gastronomia\/summerville-beach-resort-realiza-festival-com-chefs-convidados\/#breadcrumb\"},\"inLanguage\":\"pt-BR\",\"potentialAction\":[{\"@type\":\"ReadAction\",\"target\":[\"https:\/\/www.travel3.com.br\/site\/gastronomia\/summerville-beach-resort-realiza-festival-com-chefs-convidados\/\"]}]},{\"@type\":\"ImageObject\",\"inLanguage\":\"pt-BR\",\"@id\":\"https:\/\/www.travel3.com.br\/site\/gastronomia\/summerville-beach-resort-realiza-festival-com-chefs-convidados\/#primaryimage\",\"url\":\"https:\/\/www.travel3.com.br\/site\/wp-content\/uploads\/2017\/09\/02restaurante-sete-mares.jpg\",\"contentUrl\":\"https:\/\/www.travel3.com.br\/site\/wp-content\/uploads\/2017\/09\/02restaurante-sete-mares.jpg\",\"width\":1920,\"height\":1280,\"caption\":\"Summerville restaurante Sete Mares\"},{\"@type\":\"BreadcrumbList\",\"@id\":\"https:\/\/www.travel3.com.br\/site\/gastronomia\/summerville-beach-resort-realiza-festival-com-chefs-convidados\/#breadcrumb\",\"itemListElement\":[{\"@type\":\"ListItem\",\"position\":1,\"name\":\"In\u00edcio\",\"item\":\"https:\/\/www.travel3.com.br\/site\/\"},{\"@type\":\"ListItem\",\"position\":2,\"name\":\"SUMMERVILLE BEACH RESORT REALIZA FESTIVAL COM CHEFS CONVIDADOS\"}]},{\"@type\":\"WebSite\",\"@id\":\"https:\/\/www.travel3.com.br\/site\/#website\",\"url\":\"https:\/\/www.travel3.com.br\/site\/\",\"name\":\"Travel3\",\"description\":\"Lazer + Neg&oacute;cios + Aventura\",\"publisher\":{\"@id\":\"https:\/\/www.travel3.com.br\/site\/#organization\"},\"potentialAction\":[{\"@type\":\"SearchAction\",\"target\":{\"@type\":\"EntryPoint\",\"urlTemplate\":\"https:\/\/www.travel3.com.br\/site\/?s={search_term_string}\"},\"query-input\":{\"@type\":\"PropertyValueSpecification\",\"valueRequired\":true,\"valueName\":\"search_term_string\"}}],\"inLanguage\":\"pt-BR\"},{\"@type\":\"Organization\",\"@id\":\"https:\/\/www.travel3.com.br\/site\/#organization\",\"name\":\"Travel3\",\"url\":\"https:\/\/www.travel3.com.br\/site\/\",\"logo\":{\"@type\":\"ImageObject\",\"inLanguage\":\"pt-BR\",\"@id\":\"https:\/\/www.travel3.com.br\/site\/#\/schema\/logo\/image\/\",\"url\":\"https:\/\/www.travel3.com.br\/site\/wp-content\/uploads\/2020\/01\/logo-travel3-2020.png\",\"contentUrl\":\"https:\/\/www.travel3.com.br\/site\/wp-content\/uploads\/2020\/01\/logo-travel3-2020.png\",\"width\":232,\"height\":79,\"caption\":\"Travel3\"},\"image\":{\"@id\":\"https:\/\/www.travel3.com.br\/site\/#\/schema\/logo\/image\/\"},\"sameAs\":[\"https:\/\/www.facebook.com\/travel3media\/\",\"https:\/\/www.instagram.com\/revistatravel3\/\",\"https:\/\/www.youtube.com\/channel\/UCno7J4paGBR3VbZQzvoJ9Eg\"]},{\"@type\":\"Person\",\"@id\":\"https:\/\/www.travel3.com.br\/site\/#\/schema\/person\/a69d71e41a024999b6ab82369ac0bd1e\",\"name\":\"admin\",\"image\":{\"@type\":\"ImageObject\",\"inLanguage\":\"pt-BR\",\"@id\":\"https:\/\/www.travel3.com.br\/site\/#\/schema\/person\/image\/\",\"url\":\"https:\/\/secure.gravatar.com\/avatar\/732a67adfd764da2a47ba10ce731c4c0?s=96&d=mm&r=g\",\"contentUrl\":\"https:\/\/secure.gravatar.com\/avatar\/732a67adfd764da2a47ba10ce731c4c0?s=96&d=mm&r=g\",\"caption\":\"admin\"},\"url\":\"https:\/\/www.travel3.com.br\/site\/author\/admin\/\"}]}<\/script>\n<!-- \/ Yoast SEO plugin. -->","yoast_head_json":{"title":"SUMMERVILLE BEACH RESORT REALIZA FESTIVAL COM CHEFS CONVIDADOS - Travel3","description":"A TRAVEL3 \u00e9 um portal de conte\u00fado voltado para o turismo, encontre destinos, viagens, hospedagem, passagens, guias, not\u00edcias sobre o mercado do turismo, dicas de viagem, v\u00eddeos e podcast.","robots":{"index":"index","follow":"follow","max-snippet":"max-snippet:-1","max-image-preview":"max-image-preview:large","max-video-preview":"max-video-preview:-1"},"canonical":"https:\/\/www.travel3.com.br\/site\/gastronomia\/summerville-beach-resort-realiza-festival-com-chefs-convidados\/","og_locale":"pt_BR","og_type":"article","og_title":"SUMMERVILLE BEACH RESORT REALIZA FESTIVAL COM CHEFS CONVIDADOS - Travel3","og_description":"A TRAVEL3 \u00e9 um portal de conte\u00fado voltado para o turismo, encontre destinos, viagens, hospedagem, passagens, guias, not\u00edcias sobre o mercado do turismo, dicas de viagem, v\u00eddeos e podcast.","og_url":"https:\/\/www.travel3.com.br\/site\/gastronomia\/summerville-beach-resort-realiza-festival-com-chefs-convidados\/","og_site_name":"Travel3","article_publisher":"https:\/\/www.facebook.com\/travel3media\/","article_published_time":"2017-09-12T10:20:35+00:00","article_modified_time":"2017-09-28T01:56:21+00:00","og_image":[{"width":1920,"height":1280,"url":"https:\/\/www.travel3.com.br\/site\/wp-content\/uploads\/2017\/09\/02restaurante-sete-mares.jpg","type":"image\/jpeg"}],"author":"admin","twitter_card":"summary_large_image","twitter_misc":{"Escrito por":"admin","Est. tempo de leitura":"1 minuto"},"schema":{"@context":"https:\/\/schema.org","@graph":[{"@type":"Article","@id":"https:\/\/www.travel3.com.br\/site\/gastronomia\/summerville-beach-resort-realiza-festival-com-chefs-convidados\/#article","isPartOf":{"@id":"https:\/\/www.travel3.com.br\/site\/gastronomia\/summerville-beach-resort-realiza-festival-com-chefs-convidados\/"},"author":{"name":"admin","@id":"https:\/\/www.travel3.com.br\/site\/#\/schema\/person\/a69d71e41a024999b6ab82369ac0bd1e"},"headline":"SUMMERVILLE BEACH RESORT REALIZA FESTIVAL COM CHEFS CONVIDADOS","datePublished":"2017-09-12T10:20:35+00:00","dateModified":"2017-09-28T01:56:21+00:00","mainEntityOfPage":{"@id":"https:\/\/www.travel3.com.br\/site\/gastronomia\/summerville-beach-resort-realiza-festival-com-chefs-convidados\/"},"wordCount":218,"commentCount":0,"publisher":{"@id":"https:\/\/www.travel3.com.br\/site\/#organization"},"image":{"@id":"https:\/\/www.travel3.com.br\/site\/gastronomia\/summerville-beach-resort-realiza-festival-com-chefs-convidados\/#primaryimage"},"thumbnailUrl":"https:\/\/www.travel3.com.br\/site\/wp-content\/uploads\/2017\/09\/02restaurante-sete-mares.jpg","articleSection":["Gastronomia"],"inLanguage":"pt-BR","potentialAction":[{"@type":"CommentAction","name":"Comment","target":["https:\/\/www.travel3.com.br\/site\/gastronomia\/summerville-beach-resort-realiza-festival-com-chefs-convidados\/#respond"]}]},{"@type":"WebPage","@id":"https:\/\/www.travel3.com.br\/site\/gastronomia\/summerville-beach-resort-realiza-festival-com-chefs-convidados\/","url":"https:\/\/www.travel3.com.br\/site\/gastronomia\/summerville-beach-resort-realiza-festival-com-chefs-convidados\/","name":"SUMMERVILLE BEACH RESORT REALIZA FESTIVAL COM CHEFS CONVIDADOS - Travel3","isPartOf":{"@id":"https:\/\/www.travel3.com.br\/site\/#website"},"primaryImageOfPage":{"@id":"https:\/\/www.travel3.com.br\/site\/gastronomia\/summerville-beach-resort-realiza-festival-com-chefs-convidados\/#primaryimage"},"image":{"@id":"https:\/\/www.travel3.com.br\/site\/gastronomia\/summerville-beach-resort-realiza-festival-com-chefs-convidados\/#primaryimage"},"thumbnailUrl":"https:\/\/www.travel3.com.br\/site\/wp-content\/uploads\/2017\/09\/02restaurante-sete-mares.jpg","datePublished":"2017-09-12T10:20:35+00:00","dateModified":"2017-09-28T01:56:21+00:00","description":"A TRAVEL3 \u00e9 um portal de conte\u00fado voltado para o turismo, encontre destinos, viagens, hospedagem, passagens, guias, not\u00edcias sobre o mercado do turismo, dicas de viagem, v\u00eddeos e podcast.","breadcrumb":{"@id":"https:\/\/www.travel3.com.br\/site\/gastronomia\/summerville-beach-resort-realiza-festival-com-chefs-convidados\/#breadcrumb"},"inLanguage":"pt-BR","potentialAction":[{"@type":"ReadAction","target":["https:\/\/www.travel3.com.br\/site\/gastronomia\/summerville-beach-resort-realiza-festival-com-chefs-convidados\/"]}]},{"@type":"ImageObject","inLanguage":"pt-BR","@id":"https:\/\/www.travel3.com.br\/site\/gastronomia\/summerville-beach-resort-realiza-festival-com-chefs-convidados\/#primaryimage","url":"https:\/\/www.travel3.com.br\/site\/wp-content\/uploads\/2017\/09\/02restaurante-sete-mares.jpg","contentUrl":"https:\/\/www.travel3.com.br\/site\/wp-content\/uploads\/2017\/09\/02restaurante-sete-mares.jpg","width":1920,"height":1280,"caption":"Summerville restaurante Sete Mares"},{"@type":"BreadcrumbList","@id":"https:\/\/www.travel3.com.br\/site\/gastronomia\/summerville-beach-resort-realiza-festival-com-chefs-convidados\/#breadcrumb","itemListElement":[{"@type":"ListItem","position":1,"name":"In\u00edcio","item":"https:\/\/www.travel3.com.br\/site\/"},{"@type":"ListItem","position":2,"name":"SUMMERVILLE BEACH RESORT REALIZA FESTIVAL COM CHEFS CONVIDADOS"}]},{"@type":"WebSite","@id":"https:\/\/www.travel3.com.br\/site\/#website","url":"https:\/\/www.travel3.com.br\/site\/","name":"Travel3","description":"Lazer + Neg&oacute;cios + Aventura","publisher":{"@id":"https:\/\/www.travel3.com.br\/site\/#organization"},"potentialAction":[{"@type":"SearchAction","target":{"@type":"EntryPoint","urlTemplate":"https:\/\/www.travel3.com.br\/site\/?s={search_term_string}"},"query-input":{"@type":"PropertyValueSpecification","valueRequired":true,"valueName":"search_term_string"}}],"inLanguage":"pt-BR"},{"@type":"Organization","@id":"https:\/\/www.travel3.com.br\/site\/#organization","name":"Travel3","url":"https:\/\/www.travel3.com.br\/site\/","logo":{"@type":"ImageObject","inLanguage":"pt-BR","@id":"https:\/\/www.travel3.com.br\/site\/#\/schema\/logo\/image\/","url":"https:\/\/www.travel3.com.br\/site\/wp-content\/uploads\/2020\/01\/logo-travel3-2020.png","contentUrl":"https:\/\/www.travel3.com.br\/site\/wp-content\/uploads\/2020\/01\/logo-travel3-2020.png","width":232,"height":79,"caption":"Travel3"},"image":{"@id":"https:\/\/www.travel3.com.br\/site\/#\/schema\/logo\/image\/"},"sameAs":["https:\/\/www.facebook.com\/travel3media\/","https:\/\/www.instagram.com\/revistatravel3\/","https:\/\/www.youtube.com\/channel\/UCno7J4paGBR3VbZQzvoJ9Eg"]},{"@type":"Person","@id":"https:\/\/www.travel3.com.br\/site\/#\/schema\/person\/a69d71e41a024999b6ab82369ac0bd1e","name":"admin","image":{"@type":"ImageObject","inLanguage":"pt-BR","@id":"https:\/\/www.travel3.com.br\/site\/#\/schema\/person\/image\/","url":"https:\/\/secure.gravatar.com\/avatar\/732a67adfd764da2a47ba10ce731c4c0?s=96&d=mm&r=g","contentUrl":"https:\/\/secure.gravatar.com\/avatar\/732a67adfd764da2a47ba10ce731c4c0?s=96&d=mm&r=g","caption":"admin"},"url":"https:\/\/www.travel3.com.br\/site\/author\/admin\/"}]}},"_links":{"self":[{"href":"https:\/\/www.travel3.com.br\/site\/wp-json\/wp\/v2\/posts\/958","targetHints":{"allow":["GET"]}}],"collection":[{"href":"https:\/\/www.travel3.com.br\/site\/wp-json\/wp\/v2\/posts"}],"about":[{"href":"https:\/\/www.travel3.com.br\/site\/wp-json\/wp\/v2\/types\/post"}],"author":[{"embeddable":true,"href":"https:\/\/www.travel3.com.br\/site\/wp-json\/wp\/v2\/users\/1"}],"replies":[{"embeddable":true,"href":"https:\/\/www.travel3.com.br\/site\/wp-json\/wp\/v2\/comments?post=958"}],"version-history":[{"count":4,"href":"https:\/\/www.travel3.com.br\/site\/wp-json\/wp\/v2\/posts\/958\/revisions"}],"predecessor-version":[{"id":5789,"href":"https:\/\/www.travel3.com.br\/site\/wp-json\/wp\/v2\/posts\/958\/revisions\/5789"}],"wp:featuredmedia":[{"embeddable":true,"href":"https:\/\/www.travel3.com.br\/site\/wp-json\/wp\/v2\/media\/5785"}],"wp:attachment":[{"href":"https:\/\/www.travel3.com.br\/site\/wp-json\/wp\/v2\/media?parent=958"}],"wp:term":[{"taxonomy":"category","embeddable":true,"href":"https:\/\/www.travel3.com.br\/site\/wp-json\/wp\/v2\/categories?post=958"},{"taxonomy":"post_tag","embeddable":true,"href":"https:\/\/www.travel3.com.br\/site\/wp-json\/wp\/v2\/tags?post=958"}],"curies":[{"name":"wp","href":"https:\/\/api.w.org\/{rel}","templated":true}]}}