{"id":954,"date":"2017-09-11T05:37:52","date_gmt":"2017-09-11T05:37:52","guid":{"rendered":"http:\/\/www.travel3.com.br\/site\/ir-e-vir\/ar\/foz-do-iguacu-estara-presente-no-hiper-feirao-de-viagens-flytour\/"},"modified":"2017-09-11T05:37:52","modified_gmt":"2017-09-11T05:37:52","slug":"foz-do-iguacu-estara-presente-no-hiper-feirao-de-viagens-flytour","status":"publish","type":"post","link":"https:\/\/www.travel3.com.br\/site\/sem-categoria\/foz-do-iguacu-estara-presente-no-hiper-feirao-de-viagens-flytour\/","title":{"rendered":"FOZ DO IGUA\u00c7U ESTAR\u00c1 PRESENTE NO HIPER FEIR\u00c3O DE VIAGENS FLYTOUR"},"content":{"rendered":"<p><span style=\"color: #40acad; font-family: -apple-system, system-ui, 'Segoe UI', Roboto, Oxygen-Sans, Ubuntu, Cantarell, 'Helvetica Neue', sans-serif; font-size: 12px; font-weight: bold;\"><\/p>\n<p style=\"text-align:justify\"><a class=\"fancybox-media\" href=\"..\/_uploads\/_noticia\/2017-08\/michael-barkoczy-foz-do-iguacu--1-.jpeg\" rel=\"portfolio\"><img decoding=\"async\" alt=\"\" src=\"..\/_uploads\/_noticia\/2017-08\/michael-barkoczy-foz-do-iguacu--1-.jpeg\" \/><\/a><\/p>\n<p style=\"text-align:justify\">Michael Barkoczy, presidente da Flytour Viagens ,e Daniel Firmino, diretor de produtos nacionais e opera\u00e7\u00f5es da operadora, estiveram em Foz do Igua\u00e7u onde confirmaram a presen\u00e7a do destino nas duas edi\u00e7\u00f5es do Hiper Feir\u00e3o de Viagens Flytour.<br \/>\n\u00a0<br \/>\nEm 2016, o munic\u00edpio paranaense recebeu mais de 1,5 milh\u00e3o de visitantes com n\u00famero recorde de estrangeiros que chegou a mais de 700 mil. Os dados confirmam o lugar como um dos mais procurados no Brasil, mas com tem capacidade para receber mais visitantes, tanto para lazer quanto para eventos corporativos. \u201cEstamos fortalecendo a nossa parceria com a Flytour Viagens para realizar uma a\u00e7\u00e3o forte de promo\u00e7\u00e3o e venda de Foz do Igua\u00e7u nos importantes mercados de Santos e Campinas, onde acontecem os eventos\u201d, afirma o Secret\u00e1rio.<br \/>\n\u00a0<br \/>\nA localiza\u00e7\u00e3o torna Foz do Igua\u00e7u um ponto estrat\u00e9gico para turistas de diversos pa\u00edses, por estar na fronteira entre Brasil, Argentina e Paraguai. \u201cQuem visita Foz do Igua\u00e7u al\u00e9m de ter as lindas paisagens das Cataratas, ainda pode jantar em um bom restaurante argentino ou fazer compras no Paraguai, que tamb\u00e9m \u00e9 interessante\u201d, comenta Daniel Firmino, diretor de produtos nacionais e opera\u00e7\u00f5es.<\/p>\n<p style=\"text-align:justify\">\u201cFlytour Viagens come\u00e7a com F de Foz do Igua\u00e7u\u201d, brinca Michael Barkoczy, presidente da operadora. Para o executivo a parceria com o destino \u00e9 forte e total e os eventos deste ano v\u00e3o fazer com que o crescimento seja superior ao programado. \u201cO Hiper Feir\u00e3o de Viagens Flytour oferece resultados imediatos de vendas, mas tamb\u00e9m duradouros por fazer com que as pessoas vivenciem os destinos. Foz do Igua\u00e7u vai conquistar seus objetivos no Feir\u00e3o por estar pr\u00f3ximo de seu p\u00fablico alvo que s\u00e3o as pessoas de Santos e Campinas, grandes mercados tur\u00edsticos\u201d, finaliza o presidente.<\/p>\n<p><\/span><\/p>\n","protected":false},"excerpt":{"rendered":"<p>Os dados confirmam o destino como um dos mais procurados no Brasil, mas com tem capacidade para receber mais visitantes<\/p>\n","protected":false},"author":1,"featured_media":0,"comment_status":"open","ping_status":"open","sticky":false,"template":"","format":"standard","meta":{"footnotes":""},"categories":[],"tags":[],"class_list":["post-954","post","type-post","status-publish","format-standard","hentry"],"yoast_head":"<!-- This site is optimized with the Yoast SEO plugin v26.2 - https:\/\/yoast.com\/wordpress\/plugins\/seo\/ -->\n<title>FOZ DO IGUA\u00c7U ESTAR\u00c1 PRESENTE NO HIPER FEIR\u00c3O DE VIAGENS FLYTOUR - Travel3<\/title>\n<meta name=\"description\" content=\"A TRAVEL3 \u00e9 um portal de conte\u00fado voltado para o turismo, encontre destinos, viagens, hospedagem, passagens, guias, not\u00edcias sobre o mercado do turismo, dicas de viagem, v\u00eddeos e podcast.\" \/>\n<meta name=\"robots\" content=\"index, follow, max-snippet:-1, max-image-preview:large, max-video-preview:-1\" \/>\n<link rel=\"canonical\" href=\"https:\/\/www.travel3.com.br\/site\/sem-categoria\/foz-do-iguacu-estara-presente-no-hiper-feirao-de-viagens-flytour\/\" \/>\n<meta property=\"og:locale\" content=\"pt_BR\" \/>\n<meta property=\"og:type\" content=\"article\" \/>\n<meta property=\"og:title\" content=\"FOZ DO IGUA\u00c7U ESTAR\u00c1 PRESENTE NO HIPER FEIR\u00c3O DE VIAGENS FLYTOUR - Travel3\" \/>\n<meta property=\"og:description\" content=\"A TRAVEL3 \u00e9 um portal de conte\u00fado voltado para o turismo, encontre destinos, viagens, hospedagem, passagens, guias, not\u00edcias sobre o mercado do turismo, dicas de viagem, v\u00eddeos e podcast.\" \/>\n<meta property=\"og:url\" content=\"https:\/\/www.travel3.com.br\/site\/sem-categoria\/foz-do-iguacu-estara-presente-no-hiper-feirao-de-viagens-flytour\/\" \/>\n<meta property=\"og:site_name\" content=\"Travel3\" \/>\n<meta property=\"article:publisher\" content=\"https:\/\/www.facebook.com\/travel3media\/\" \/>\n<meta property=\"article:published_time\" content=\"2017-09-11T05:37:52+00:00\" \/>\n<meta name=\"author\" content=\"admin\" \/>\n<meta name=\"twitter:card\" content=\"summary_large_image\" \/>\n<meta name=\"twitter:label1\" content=\"Escrito por\" \/>\n\t<meta name=\"twitter:data1\" content=\"admin\" \/>\n\t<meta name=\"twitter:label2\" content=\"Est. tempo de leitura\" \/>\n\t<meta name=\"twitter:data2\" content=\"2 minutos\" \/>\n<script type=\"application\/ld+json\" class=\"yoast-schema-graph\">{\"@context\":\"https:\/\/schema.org\",\"@graph\":[{\"@type\":\"Article\",\"@id\":\"https:\/\/www.travel3.com.br\/site\/sem-categoria\/foz-do-iguacu-estara-presente-no-hiper-feirao-de-viagens-flytour\/#article\",\"isPartOf\":{\"@id\":\"https:\/\/www.travel3.com.br\/site\/sem-categoria\/foz-do-iguacu-estara-presente-no-hiper-feirao-de-viagens-flytour\/\"},\"author\":{\"name\":\"admin\",\"@id\":\"https:\/\/www.travel3.com.br\/site\/#\/schema\/person\/a69d71e41a024999b6ab82369ac0bd1e\"},\"headline\":\"FOZ DO IGUA\u00c7U ESTAR\u00c1 PRESENTE NO HIPER FEIR\u00c3O DE VIAGENS FLYTOUR\",\"datePublished\":\"2017-09-11T05:37:52+00:00\",\"mainEntityOfPage\":{\"@id\":\"https:\/\/www.travel3.com.br\/site\/sem-categoria\/foz-do-iguacu-estara-presente-no-hiper-feirao-de-viagens-flytour\/\"},\"wordCount\":320,\"commentCount\":0,\"publisher\":{\"@id\":\"https:\/\/www.travel3.com.br\/site\/#organization\"},\"inLanguage\":\"pt-BR\",\"potentialAction\":[{\"@type\":\"CommentAction\",\"name\":\"Comment\",\"target\":[\"https:\/\/www.travel3.com.br\/site\/sem-categoria\/foz-do-iguacu-estara-presente-no-hiper-feirao-de-viagens-flytour\/#respond\"]}]},{\"@type\":\"WebPage\",\"@id\":\"https:\/\/www.travel3.com.br\/site\/sem-categoria\/foz-do-iguacu-estara-presente-no-hiper-feirao-de-viagens-flytour\/\",\"url\":\"https:\/\/www.travel3.com.br\/site\/sem-categoria\/foz-do-iguacu-estara-presente-no-hiper-feirao-de-viagens-flytour\/\",\"name\":\"FOZ DO IGUA\u00c7U ESTAR\u00c1 PRESENTE NO HIPER FEIR\u00c3O DE VIAGENS FLYTOUR - Travel3\",\"isPartOf\":{\"@id\":\"https:\/\/www.travel3.com.br\/site\/#website\"},\"datePublished\":\"2017-09-11T05:37:52+00:00\",\"description\":\"A TRAVEL3 \u00e9 um portal de conte\u00fado voltado para o turismo, encontre destinos, viagens, hospedagem, passagens, guias, not\u00edcias sobre o mercado do turismo, dicas de viagem, v\u00eddeos e podcast.\",\"breadcrumb\":{\"@id\":\"https:\/\/www.travel3.com.br\/site\/sem-categoria\/foz-do-iguacu-estara-presente-no-hiper-feirao-de-viagens-flytour\/#breadcrumb\"},\"inLanguage\":\"pt-BR\",\"potentialAction\":[{\"@type\":\"ReadAction\",\"target\":[\"https:\/\/www.travel3.com.br\/site\/sem-categoria\/foz-do-iguacu-estara-presente-no-hiper-feirao-de-viagens-flytour\/\"]}]},{\"@type\":\"BreadcrumbList\",\"@id\":\"https:\/\/www.travel3.com.br\/site\/sem-categoria\/foz-do-iguacu-estara-presente-no-hiper-feirao-de-viagens-flytour\/#breadcrumb\",\"itemListElement\":[{\"@type\":\"ListItem\",\"position\":1,\"name\":\"In\u00edcio\",\"item\":\"https:\/\/www.travel3.com.br\/site\/\"},{\"@type\":\"ListItem\",\"position\":2,\"name\":\"FOZ DO IGUA\u00c7U ESTAR\u00c1 PRESENTE NO HIPER FEIR\u00c3O DE VIAGENS FLYTOUR\"}]},{\"@type\":\"WebSite\",\"@id\":\"https:\/\/www.travel3.com.br\/site\/#website\",\"url\":\"https:\/\/www.travel3.com.br\/site\/\",\"name\":\"Travel3\",\"description\":\"Lazer + Neg&oacute;cios + Aventura\",\"publisher\":{\"@id\":\"https:\/\/www.travel3.com.br\/site\/#organization\"},\"potentialAction\":[{\"@type\":\"SearchAction\",\"target\":{\"@type\":\"EntryPoint\",\"urlTemplate\":\"https:\/\/www.travel3.com.br\/site\/?s={search_term_string}\"},\"query-input\":{\"@type\":\"PropertyValueSpecification\",\"valueRequired\":true,\"valueName\":\"search_term_string\"}}],\"inLanguage\":\"pt-BR\"},{\"@type\":\"Organization\",\"@id\":\"https:\/\/www.travel3.com.br\/site\/#organization\",\"name\":\"Travel3\",\"url\":\"https:\/\/www.travel3.com.br\/site\/\",\"logo\":{\"@type\":\"ImageObject\",\"inLanguage\":\"pt-BR\",\"@id\":\"https:\/\/www.travel3.com.br\/site\/#\/schema\/logo\/image\/\",\"url\":\"https:\/\/www.travel3.com.br\/site\/wp-content\/uploads\/2020\/01\/logo-travel3-2020.png\",\"contentUrl\":\"https:\/\/www.travel3.com.br\/site\/wp-content\/uploads\/2020\/01\/logo-travel3-2020.png\",\"width\":232,\"height\":79,\"caption\":\"Travel3\"},\"image\":{\"@id\":\"https:\/\/www.travel3.com.br\/site\/#\/schema\/logo\/image\/\"},\"sameAs\":[\"https:\/\/www.facebook.com\/travel3media\/\",\"https:\/\/www.instagram.com\/revistatravel3\/\",\"https:\/\/www.youtube.com\/channel\/UCno7J4paGBR3VbZQzvoJ9Eg\"]},{\"@type\":\"Person\",\"@id\":\"https:\/\/www.travel3.com.br\/site\/#\/schema\/person\/a69d71e41a024999b6ab82369ac0bd1e\",\"name\":\"admin\",\"image\":{\"@type\":\"ImageObject\",\"inLanguage\":\"pt-BR\",\"@id\":\"https:\/\/www.travel3.com.br\/site\/#\/schema\/person\/image\/\",\"url\":\"https:\/\/secure.gravatar.com\/avatar\/732a67adfd764da2a47ba10ce731c4c0?s=96&d=mm&r=g\",\"contentUrl\":\"https:\/\/secure.gravatar.com\/avatar\/732a67adfd764da2a47ba10ce731c4c0?s=96&d=mm&r=g\",\"caption\":\"admin\"},\"url\":\"https:\/\/www.travel3.com.br\/site\/author\/admin\/\"}]}<\/script>\n<!-- \/ Yoast SEO plugin. -->","yoast_head_json":{"title":"FOZ DO IGUA\u00c7U ESTAR\u00c1 PRESENTE NO HIPER FEIR\u00c3O DE VIAGENS FLYTOUR - Travel3","description":"A TRAVEL3 \u00e9 um portal de conte\u00fado voltado para o turismo, encontre destinos, viagens, hospedagem, passagens, guias, not\u00edcias sobre o mercado do turismo, dicas de viagem, v\u00eddeos e podcast.","robots":{"index":"index","follow":"follow","max-snippet":"max-snippet:-1","max-image-preview":"max-image-preview:large","max-video-preview":"max-video-preview:-1"},"canonical":"https:\/\/www.travel3.com.br\/site\/sem-categoria\/foz-do-iguacu-estara-presente-no-hiper-feirao-de-viagens-flytour\/","og_locale":"pt_BR","og_type":"article","og_title":"FOZ DO IGUA\u00c7U ESTAR\u00c1 PRESENTE NO HIPER FEIR\u00c3O DE VIAGENS FLYTOUR - Travel3","og_description":"A TRAVEL3 \u00e9 um portal de conte\u00fado voltado para o turismo, encontre destinos, viagens, hospedagem, passagens, guias, not\u00edcias sobre o mercado do turismo, dicas de viagem, v\u00eddeos e podcast.","og_url":"https:\/\/www.travel3.com.br\/site\/sem-categoria\/foz-do-iguacu-estara-presente-no-hiper-feirao-de-viagens-flytour\/","og_site_name":"Travel3","article_publisher":"https:\/\/www.facebook.com\/travel3media\/","article_published_time":"2017-09-11T05:37:52+00:00","author":"admin","twitter_card":"summary_large_image","twitter_misc":{"Escrito por":"admin","Est. tempo de leitura":"2 minutos"},"schema":{"@context":"https:\/\/schema.org","@graph":[{"@type":"Article","@id":"https:\/\/www.travel3.com.br\/site\/sem-categoria\/foz-do-iguacu-estara-presente-no-hiper-feirao-de-viagens-flytour\/#article","isPartOf":{"@id":"https:\/\/www.travel3.com.br\/site\/sem-categoria\/foz-do-iguacu-estara-presente-no-hiper-feirao-de-viagens-flytour\/"},"author":{"name":"admin","@id":"https:\/\/www.travel3.com.br\/site\/#\/schema\/person\/a69d71e41a024999b6ab82369ac0bd1e"},"headline":"FOZ DO IGUA\u00c7U ESTAR\u00c1 PRESENTE NO HIPER FEIR\u00c3O DE VIAGENS FLYTOUR","datePublished":"2017-09-11T05:37:52+00:00","mainEntityOfPage":{"@id":"https:\/\/www.travel3.com.br\/site\/sem-categoria\/foz-do-iguacu-estara-presente-no-hiper-feirao-de-viagens-flytour\/"},"wordCount":320,"commentCount":0,"publisher":{"@id":"https:\/\/www.travel3.com.br\/site\/#organization"},"inLanguage":"pt-BR","potentialAction":[{"@type":"CommentAction","name":"Comment","target":["https:\/\/www.travel3.com.br\/site\/sem-categoria\/foz-do-iguacu-estara-presente-no-hiper-feirao-de-viagens-flytour\/#respond"]}]},{"@type":"WebPage","@id":"https:\/\/www.travel3.com.br\/site\/sem-categoria\/foz-do-iguacu-estara-presente-no-hiper-feirao-de-viagens-flytour\/","url":"https:\/\/www.travel3.com.br\/site\/sem-categoria\/foz-do-iguacu-estara-presente-no-hiper-feirao-de-viagens-flytour\/","name":"FOZ DO IGUA\u00c7U ESTAR\u00c1 PRESENTE NO HIPER FEIR\u00c3O DE VIAGENS FLYTOUR - Travel3","isPartOf":{"@id":"https:\/\/www.travel3.com.br\/site\/#website"},"datePublished":"2017-09-11T05:37:52+00:00","description":"A TRAVEL3 \u00e9 um portal de conte\u00fado voltado para o turismo, encontre destinos, viagens, hospedagem, passagens, guias, not\u00edcias sobre o mercado do turismo, dicas de viagem, v\u00eddeos e podcast.","breadcrumb":{"@id":"https:\/\/www.travel3.com.br\/site\/sem-categoria\/foz-do-iguacu-estara-presente-no-hiper-feirao-de-viagens-flytour\/#breadcrumb"},"inLanguage":"pt-BR","potentialAction":[{"@type":"ReadAction","target":["https:\/\/www.travel3.com.br\/site\/sem-categoria\/foz-do-iguacu-estara-presente-no-hiper-feirao-de-viagens-flytour\/"]}]},{"@type":"BreadcrumbList","@id":"https:\/\/www.travel3.com.br\/site\/sem-categoria\/foz-do-iguacu-estara-presente-no-hiper-feirao-de-viagens-flytour\/#breadcrumb","itemListElement":[{"@type":"ListItem","position":1,"name":"In\u00edcio","item":"https:\/\/www.travel3.com.br\/site\/"},{"@type":"ListItem","position":2,"name":"FOZ DO IGUA\u00c7U ESTAR\u00c1 PRESENTE NO HIPER FEIR\u00c3O DE VIAGENS FLYTOUR"}]},{"@type":"WebSite","@id":"https:\/\/www.travel3.com.br\/site\/#website","url":"https:\/\/www.travel3.com.br\/site\/","name":"Travel3","description":"Lazer + Neg&oacute;cios + Aventura","publisher":{"@id":"https:\/\/www.travel3.com.br\/site\/#organization"},"potentialAction":[{"@type":"SearchAction","target":{"@type":"EntryPoint","urlTemplate":"https:\/\/www.travel3.com.br\/site\/?s={search_term_string}"},"query-input":{"@type":"PropertyValueSpecification","valueRequired":true,"valueName":"search_term_string"}}],"inLanguage":"pt-BR"},{"@type":"Organization","@id":"https:\/\/www.travel3.com.br\/site\/#organization","name":"Travel3","url":"https:\/\/www.travel3.com.br\/site\/","logo":{"@type":"ImageObject","inLanguage":"pt-BR","@id":"https:\/\/www.travel3.com.br\/site\/#\/schema\/logo\/image\/","url":"https:\/\/www.travel3.com.br\/site\/wp-content\/uploads\/2020\/01\/logo-travel3-2020.png","contentUrl":"https:\/\/www.travel3.com.br\/site\/wp-content\/uploads\/2020\/01\/logo-travel3-2020.png","width":232,"height":79,"caption":"Travel3"},"image":{"@id":"https:\/\/www.travel3.com.br\/site\/#\/schema\/logo\/image\/"},"sameAs":["https:\/\/www.facebook.com\/travel3media\/","https:\/\/www.instagram.com\/revistatravel3\/","https:\/\/www.youtube.com\/channel\/UCno7J4paGBR3VbZQzvoJ9Eg"]},{"@type":"Person","@id":"https:\/\/www.travel3.com.br\/site\/#\/schema\/person\/a69d71e41a024999b6ab82369ac0bd1e","name":"admin","image":{"@type":"ImageObject","inLanguage":"pt-BR","@id":"https:\/\/www.travel3.com.br\/site\/#\/schema\/person\/image\/","url":"https:\/\/secure.gravatar.com\/avatar\/732a67adfd764da2a47ba10ce731c4c0?s=96&d=mm&r=g","contentUrl":"https:\/\/secure.gravatar.com\/avatar\/732a67adfd764da2a47ba10ce731c4c0?s=96&d=mm&r=g","caption":"admin"},"url":"https:\/\/www.travel3.com.br\/site\/author\/admin\/"}]}},"_links":{"self":[{"href":"https:\/\/www.travel3.com.br\/site\/wp-json\/wp\/v2\/posts\/954","targetHints":{"allow":["GET"]}}],"collection":[{"href":"https:\/\/www.travel3.com.br\/site\/wp-json\/wp\/v2\/posts"}],"about":[{"href":"https:\/\/www.travel3.com.br\/site\/wp-json\/wp\/v2\/types\/post"}],"author":[{"embeddable":true,"href":"https:\/\/www.travel3.com.br\/site\/wp-json\/wp\/v2\/users\/1"}],"replies":[{"embeddable":true,"href":"https:\/\/www.travel3.com.br\/site\/wp-json\/wp\/v2\/comments?post=954"}],"version-history":[{"count":0,"href":"https:\/\/www.travel3.com.br\/site\/wp-json\/wp\/v2\/posts\/954\/revisions"}],"wp:attachment":[{"href":"https:\/\/www.travel3.com.br\/site\/wp-json\/wp\/v2\/media?parent=954"}],"wp:term":[{"taxonomy":"category","embeddable":true,"href":"https:\/\/www.travel3.com.br\/site\/wp-json\/wp\/v2\/categories?post=954"},{"taxonomy":"post_tag","embeddable":true,"href":"https:\/\/www.travel3.com.br\/site\/wp-json\/wp\/v2\/tags?post=954"}],"curies":[{"name":"wp","href":"https:\/\/api.w.org\/{rel}","templated":true}]}}