{"id":939,"date":"2017-09-11T05:37:53","date_gmt":"2017-09-11T05:37:53","guid":{"rendered":"http:\/\/www.travel3.com.br\/site\/ir-e-vir\/ar\/no-espirito-santo-ylha-bela-e-referencia-na-venda-de-serra-gaucha\/"},"modified":"2017-09-11T05:37:53","modified_gmt":"2017-09-11T05:37:53","slug":"no-espirito-santo-ylha-bela-e-referencia-na-venda-de-serra-gaucha","status":"publish","type":"post","link":"https:\/\/www.travel3.com.br\/site\/sem-categoria\/no-espirito-santo-ylha-bela-e-referencia-na-venda-de-serra-gaucha\/","title":{"rendered":"NO ESP\u00cdRITO SANTO, YLHA BELA \u00c9 REFER\u00caNCIA NA VENDA DE SERRA GA\u00daCHA"},"content":{"rendered":"<p><span style=\"color: #40acad; font-family: -apple-system, system-ui, 'Segoe UI', Roboto, Oxygen-Sans, Ubuntu, Cantarell, 'Helvetica Neue', sans-serif; font-size: 12px; font-weight: bold;\"><\/p>\n<p style=\"text-align: justify;\"><a class=\"fancybox-media\" href=\"..\/_uploads\/_noticia\/2017-08\/ylha-bela-sul.jpg\" rel=\"portfolio\"><img decoding=\"async\" alt=\"\" src=\"..\/_uploads\/_noticia\/2017-08\/ylha-bela-sul.jpg\" \/><\/a><strong>Fernanda Meinerz, executiva de contas da Brocker Turismo; Neto Buteri, diretor da Ylha Bela Operadora, e Lilian Zimmer, executiva de contas da Laghetto Hot\u00e9is na sede da Ylha Bela Operadora, em Vit\u00f3ria (ES)(Foto: Divulga\u00e7\u00e3o)<\/strong><\/p>\n<p style=\"text-align: justify;\">A Ylha Bela Operadora \u00e9 uma especialista em\u00a0Serra Ga\u00facha e o destino \u00e9 um dos mais vendidos pela empresa capixaba.\u00a0Como consequ\u00eancia, passou a ser uma refer\u00eancia\u00a0entre os agentes de viagem do Esp\u00edrito Santo que buscam dos cl\u00e1ssicos roteiros aos novos programas, ou ainda experi\u00eancias inovadoras na regi\u00e3o.\u00a0<\/p>\n<p style=\"text-align: justify;\">&#8220;A Ylha Bela \u00e9 respons\u00e1vel pelo maior volume de vendas de pacotes para a Serra Ga\u00facha no estado e isso em muito se deve ao fato de que conhecemos a fundo Gramado, Canela, Bento Gon\u00e7alves, Nova Petr\u00f3polis, enfim, todo o circuito tur\u00edstico da Serra Ga\u00facha&#8221;, explicou Neto Buteri, diretor\u00a0da Ylha Bela.\u00a0<\/p>\n<p style=\"text-align: justify;\">Quando o destino \u00e9 o Sul do Brasil, o produto campe\u00e3o de vendas \u00e9 o Natal Luz e a\u00a0Ylha Bela oferece sa\u00eddas regulares e garantidas para o grande espet\u00e1culo natalino, considerado um dos mais belos do mundo.\u00a0<\/p>\n<p style=\"text-align: justify;\">&#8220;O nosso time se antecipa todos os anos e adquire bloqueios para o Natal Luz, facilitando assim o trabalho dos agentes de viagem e a realiza\u00e7\u00e3o dos sonhos de seus clientes&#8221;, disse Neto Buteri.<\/p>\n<p style=\"text-align: justify;\">Mesmo trabalhando com produtos nacionais e internacionais diversificados, e com as vendas em franco crescimento, a Serra Ga\u00facha continua sendo a principal e maior venda entre destinos nacionais. Raz\u00f5es para isso n\u00e3o faltam. Juliane Figueiredo, mulher de Buteri e tamb\u00e9m diretora da Ylha Bela \u00e9 de Gramado e tem um amplo conhecimento e experi\u00eancia, que \u00e9 atualizado v\u00e1rias vezes ao ano, pois o casal est\u00e1 sempre conhecendo os novos hot\u00e9is, parques, passeios e outras novidades locais.\u00a0<\/p>\n<p style=\"text-align: justify;\">&#8220;Este \u00e9 um grande diferencial na hora de montarmos os pacotes ou as viagens sob medida. Para completar, temos como parceiro a Brocker Turismo, que faz toda a nossa opera\u00e7\u00e3o receptiva no local. Outro grande parceiro \u00e9 a rede Laghetto e boa parte das nossas hospedagens s\u00e3o feitas nos hot\u00e9is do grupo&#8221;, concluiu Buteri.<\/p>\n<p><strong>Pacote Ylha Bela para o Natal Luz inclui<\/strong> passagem a\u00e9rea Vit\u00f3ria-Porto Alegre-Vit\u00f3ria + traslado regular\u00a0de chegada e sa\u00edda + 4 noites de hospedagem no Laghetto Pedras Altas + caf\u00e9 da manh\u00e3 + Ingresso regular para 1 dia de passeio no BusTour + seguro viagem <strong>=\u00a0R$ 2221,00 por pessoa em apartamento duplo + 54,00 taxas<\/strong><\/p>\n<p><strong>Sa\u00edda = <\/strong>30 de novembro.<\/p>\n<p><strong>Retorno =<\/strong> 04 de dezembro.<\/p>\n<p><strong>Saiba mais = <a href=\"http:\/\/www.ylhabelaturismo.com.br\">www.ylhabelaturismo.com.br<\/a>.<\/strong><\/p>\n<p><\/span><\/p>\n","protected":false},"excerpt":{"rendered":"<p>Operadora j\u00e1 lan\u00e7ou pacotes para o Natal Luz 2017, o produto mais vendido da empresa dentro do seu variado portfolio nacional<\/p>\n","protected":false},"author":1,"featured_media":0,"comment_status":"open","ping_status":"open","sticky":false,"template":"","format":"standard","meta":{"footnotes":""},"categories":[],"tags":[],"class_list":["post-939","post","type-post","status-publish","format-standard","hentry"],"yoast_head":"<!-- This site is optimized with the Yoast SEO plugin v26.2 - https:\/\/yoast.com\/wordpress\/plugins\/seo\/ -->\n<title>NO ESP\u00cdRITO SANTO, YLHA BELA \u00c9 REFER\u00caNCIA NA VENDA DE SERRA GA\u00daCHA - Travel3<\/title>\n<meta name=\"description\" content=\"A TRAVEL3 \u00e9 um portal de conte\u00fado voltado para o turismo, encontre destinos, viagens, hospedagem, passagens, guias, not\u00edcias sobre o mercado do turismo, dicas de viagem, v\u00eddeos e podcast.\" \/>\n<meta name=\"robots\" content=\"index, follow, max-snippet:-1, max-image-preview:large, max-video-preview:-1\" \/>\n<link rel=\"canonical\" href=\"https:\/\/www.travel3.com.br\/site\/sem-categoria\/no-espirito-santo-ylha-bela-e-referencia-na-venda-de-serra-gaucha\/\" \/>\n<meta property=\"og:locale\" content=\"pt_BR\" \/>\n<meta property=\"og:type\" content=\"article\" \/>\n<meta property=\"og:title\" content=\"NO ESP\u00cdRITO SANTO, YLHA BELA \u00c9 REFER\u00caNCIA NA VENDA DE SERRA GA\u00daCHA - Travel3\" \/>\n<meta property=\"og:description\" content=\"A TRAVEL3 \u00e9 um portal de conte\u00fado voltado para o turismo, encontre destinos, viagens, hospedagem, passagens, guias, not\u00edcias sobre o mercado do turismo, dicas de viagem, v\u00eddeos e podcast.\" \/>\n<meta property=\"og:url\" content=\"https:\/\/www.travel3.com.br\/site\/sem-categoria\/no-espirito-santo-ylha-bela-e-referencia-na-venda-de-serra-gaucha\/\" \/>\n<meta property=\"og:site_name\" content=\"Travel3\" \/>\n<meta property=\"article:publisher\" content=\"https:\/\/www.facebook.com\/travel3media\/\" \/>\n<meta property=\"article:published_time\" content=\"2017-09-11T05:37:53+00:00\" \/>\n<meta name=\"author\" content=\"admin\" \/>\n<meta name=\"twitter:card\" content=\"summary_large_image\" \/>\n<meta name=\"twitter:label1\" content=\"Escrito por\" \/>\n\t<meta name=\"twitter:data1\" content=\"admin\" \/>\n\t<meta name=\"twitter:label2\" content=\"Est. tempo de leitura\" \/>\n\t<meta name=\"twitter:data2\" content=\"2 minutos\" \/>\n<script type=\"application\/ld+json\" class=\"yoast-schema-graph\">{\"@context\":\"https:\/\/schema.org\",\"@graph\":[{\"@type\":\"Article\",\"@id\":\"https:\/\/www.travel3.com.br\/site\/sem-categoria\/no-espirito-santo-ylha-bela-e-referencia-na-venda-de-serra-gaucha\/#article\",\"isPartOf\":{\"@id\":\"https:\/\/www.travel3.com.br\/site\/sem-categoria\/no-espirito-santo-ylha-bela-e-referencia-na-venda-de-serra-gaucha\/\"},\"author\":{\"name\":\"admin\",\"@id\":\"https:\/\/www.travel3.com.br\/site\/#\/schema\/person\/a69d71e41a024999b6ab82369ac0bd1e\"},\"headline\":\"NO ESP\u00cdRITO SANTO, YLHA BELA \u00c9 REFER\u00caNCIA NA VENDA DE SERRA GA\u00daCHA\",\"datePublished\":\"2017-09-11T05:37:53+00:00\",\"mainEntityOfPage\":{\"@id\":\"https:\/\/www.travel3.com.br\/site\/sem-categoria\/no-espirito-santo-ylha-bela-e-referencia-na-venda-de-serra-gaucha\/\"},\"wordCount\":436,\"commentCount\":0,\"publisher\":{\"@id\":\"https:\/\/www.travel3.com.br\/site\/#organization\"},\"inLanguage\":\"pt-BR\",\"potentialAction\":[{\"@type\":\"CommentAction\",\"name\":\"Comment\",\"target\":[\"https:\/\/www.travel3.com.br\/site\/sem-categoria\/no-espirito-santo-ylha-bela-e-referencia-na-venda-de-serra-gaucha\/#respond\"]}]},{\"@type\":\"WebPage\",\"@id\":\"https:\/\/www.travel3.com.br\/site\/sem-categoria\/no-espirito-santo-ylha-bela-e-referencia-na-venda-de-serra-gaucha\/\",\"url\":\"https:\/\/www.travel3.com.br\/site\/sem-categoria\/no-espirito-santo-ylha-bela-e-referencia-na-venda-de-serra-gaucha\/\",\"name\":\"NO ESP\u00cdRITO SANTO, YLHA BELA \u00c9 REFER\u00caNCIA NA VENDA DE SERRA GA\u00daCHA - Travel3\",\"isPartOf\":{\"@id\":\"https:\/\/www.travel3.com.br\/site\/#website\"},\"datePublished\":\"2017-09-11T05:37:53+00:00\",\"description\":\"A TRAVEL3 \u00e9 um portal de conte\u00fado voltado para o turismo, encontre destinos, viagens, hospedagem, passagens, guias, not\u00edcias sobre o mercado do turismo, dicas de viagem, v\u00eddeos e podcast.\",\"breadcrumb\":{\"@id\":\"https:\/\/www.travel3.com.br\/site\/sem-categoria\/no-espirito-santo-ylha-bela-e-referencia-na-venda-de-serra-gaucha\/#breadcrumb\"},\"inLanguage\":\"pt-BR\",\"potentialAction\":[{\"@type\":\"ReadAction\",\"target\":[\"https:\/\/www.travel3.com.br\/site\/sem-categoria\/no-espirito-santo-ylha-bela-e-referencia-na-venda-de-serra-gaucha\/\"]}]},{\"@type\":\"BreadcrumbList\",\"@id\":\"https:\/\/www.travel3.com.br\/site\/sem-categoria\/no-espirito-santo-ylha-bela-e-referencia-na-venda-de-serra-gaucha\/#breadcrumb\",\"itemListElement\":[{\"@type\":\"ListItem\",\"position\":1,\"name\":\"In\u00edcio\",\"item\":\"https:\/\/www.travel3.com.br\/site\/\"},{\"@type\":\"ListItem\",\"position\":2,\"name\":\"NO ESP\u00cdRITO SANTO, YLHA BELA \u00c9 REFER\u00caNCIA NA VENDA DE SERRA GA\u00daCHA\"}]},{\"@type\":\"WebSite\",\"@id\":\"https:\/\/www.travel3.com.br\/site\/#website\",\"url\":\"https:\/\/www.travel3.com.br\/site\/\",\"name\":\"Travel3\",\"description\":\"Lazer + Neg&oacute;cios + Aventura\",\"publisher\":{\"@id\":\"https:\/\/www.travel3.com.br\/site\/#organization\"},\"potentialAction\":[{\"@type\":\"SearchAction\",\"target\":{\"@type\":\"EntryPoint\",\"urlTemplate\":\"https:\/\/www.travel3.com.br\/site\/?s={search_term_string}\"},\"query-input\":{\"@type\":\"PropertyValueSpecification\",\"valueRequired\":true,\"valueName\":\"search_term_string\"}}],\"inLanguage\":\"pt-BR\"},{\"@type\":\"Organization\",\"@id\":\"https:\/\/www.travel3.com.br\/site\/#organization\",\"name\":\"Travel3\",\"url\":\"https:\/\/www.travel3.com.br\/site\/\",\"logo\":{\"@type\":\"ImageObject\",\"inLanguage\":\"pt-BR\",\"@id\":\"https:\/\/www.travel3.com.br\/site\/#\/schema\/logo\/image\/\",\"url\":\"https:\/\/www.travel3.com.br\/site\/wp-content\/uploads\/2020\/01\/logo-travel3-2020.png\",\"contentUrl\":\"https:\/\/www.travel3.com.br\/site\/wp-content\/uploads\/2020\/01\/logo-travel3-2020.png\",\"width\":232,\"height\":79,\"caption\":\"Travel3\"},\"image\":{\"@id\":\"https:\/\/www.travel3.com.br\/site\/#\/schema\/logo\/image\/\"},\"sameAs\":[\"https:\/\/www.facebook.com\/travel3media\/\",\"https:\/\/www.instagram.com\/revistatravel3\/\",\"https:\/\/www.youtube.com\/channel\/UCno7J4paGBR3VbZQzvoJ9Eg\"]},{\"@type\":\"Person\",\"@id\":\"https:\/\/www.travel3.com.br\/site\/#\/schema\/person\/a69d71e41a024999b6ab82369ac0bd1e\",\"name\":\"admin\",\"image\":{\"@type\":\"ImageObject\",\"inLanguage\":\"pt-BR\",\"@id\":\"https:\/\/www.travel3.com.br\/site\/#\/schema\/person\/image\/\",\"url\":\"https:\/\/secure.gravatar.com\/avatar\/732a67adfd764da2a47ba10ce731c4c0?s=96&d=mm&r=g\",\"contentUrl\":\"https:\/\/secure.gravatar.com\/avatar\/732a67adfd764da2a47ba10ce731c4c0?s=96&d=mm&r=g\",\"caption\":\"admin\"},\"url\":\"https:\/\/www.travel3.com.br\/site\/author\/admin\/\"}]}<\/script>\n<!-- \/ Yoast SEO plugin. -->","yoast_head_json":{"title":"NO ESP\u00cdRITO SANTO, YLHA BELA \u00c9 REFER\u00caNCIA NA VENDA DE SERRA GA\u00daCHA - Travel3","description":"A TRAVEL3 \u00e9 um portal de conte\u00fado voltado para o turismo, encontre destinos, viagens, hospedagem, passagens, guias, not\u00edcias sobre o mercado do turismo, dicas de viagem, v\u00eddeos e podcast.","robots":{"index":"index","follow":"follow","max-snippet":"max-snippet:-1","max-image-preview":"max-image-preview:large","max-video-preview":"max-video-preview:-1"},"canonical":"https:\/\/www.travel3.com.br\/site\/sem-categoria\/no-espirito-santo-ylha-bela-e-referencia-na-venda-de-serra-gaucha\/","og_locale":"pt_BR","og_type":"article","og_title":"NO ESP\u00cdRITO SANTO, YLHA BELA \u00c9 REFER\u00caNCIA NA VENDA DE SERRA GA\u00daCHA - Travel3","og_description":"A TRAVEL3 \u00e9 um portal de conte\u00fado voltado para o turismo, encontre destinos, viagens, hospedagem, passagens, guias, not\u00edcias sobre o mercado do turismo, dicas de viagem, v\u00eddeos e podcast.","og_url":"https:\/\/www.travel3.com.br\/site\/sem-categoria\/no-espirito-santo-ylha-bela-e-referencia-na-venda-de-serra-gaucha\/","og_site_name":"Travel3","article_publisher":"https:\/\/www.facebook.com\/travel3media\/","article_published_time":"2017-09-11T05:37:53+00:00","author":"admin","twitter_card":"summary_large_image","twitter_misc":{"Escrito por":"admin","Est. tempo de leitura":"2 minutos"},"schema":{"@context":"https:\/\/schema.org","@graph":[{"@type":"Article","@id":"https:\/\/www.travel3.com.br\/site\/sem-categoria\/no-espirito-santo-ylha-bela-e-referencia-na-venda-de-serra-gaucha\/#article","isPartOf":{"@id":"https:\/\/www.travel3.com.br\/site\/sem-categoria\/no-espirito-santo-ylha-bela-e-referencia-na-venda-de-serra-gaucha\/"},"author":{"name":"admin","@id":"https:\/\/www.travel3.com.br\/site\/#\/schema\/person\/a69d71e41a024999b6ab82369ac0bd1e"},"headline":"NO ESP\u00cdRITO SANTO, YLHA BELA \u00c9 REFER\u00caNCIA NA VENDA DE SERRA GA\u00daCHA","datePublished":"2017-09-11T05:37:53+00:00","mainEntityOfPage":{"@id":"https:\/\/www.travel3.com.br\/site\/sem-categoria\/no-espirito-santo-ylha-bela-e-referencia-na-venda-de-serra-gaucha\/"},"wordCount":436,"commentCount":0,"publisher":{"@id":"https:\/\/www.travel3.com.br\/site\/#organization"},"inLanguage":"pt-BR","potentialAction":[{"@type":"CommentAction","name":"Comment","target":["https:\/\/www.travel3.com.br\/site\/sem-categoria\/no-espirito-santo-ylha-bela-e-referencia-na-venda-de-serra-gaucha\/#respond"]}]},{"@type":"WebPage","@id":"https:\/\/www.travel3.com.br\/site\/sem-categoria\/no-espirito-santo-ylha-bela-e-referencia-na-venda-de-serra-gaucha\/","url":"https:\/\/www.travel3.com.br\/site\/sem-categoria\/no-espirito-santo-ylha-bela-e-referencia-na-venda-de-serra-gaucha\/","name":"NO ESP\u00cdRITO SANTO, YLHA BELA \u00c9 REFER\u00caNCIA NA VENDA DE SERRA GA\u00daCHA - Travel3","isPartOf":{"@id":"https:\/\/www.travel3.com.br\/site\/#website"},"datePublished":"2017-09-11T05:37:53+00:00","description":"A TRAVEL3 \u00e9 um portal de conte\u00fado voltado para o turismo, encontre destinos, viagens, hospedagem, passagens, guias, not\u00edcias sobre o mercado do turismo, dicas de viagem, v\u00eddeos e podcast.","breadcrumb":{"@id":"https:\/\/www.travel3.com.br\/site\/sem-categoria\/no-espirito-santo-ylha-bela-e-referencia-na-venda-de-serra-gaucha\/#breadcrumb"},"inLanguage":"pt-BR","potentialAction":[{"@type":"ReadAction","target":["https:\/\/www.travel3.com.br\/site\/sem-categoria\/no-espirito-santo-ylha-bela-e-referencia-na-venda-de-serra-gaucha\/"]}]},{"@type":"BreadcrumbList","@id":"https:\/\/www.travel3.com.br\/site\/sem-categoria\/no-espirito-santo-ylha-bela-e-referencia-na-venda-de-serra-gaucha\/#breadcrumb","itemListElement":[{"@type":"ListItem","position":1,"name":"In\u00edcio","item":"https:\/\/www.travel3.com.br\/site\/"},{"@type":"ListItem","position":2,"name":"NO ESP\u00cdRITO SANTO, YLHA BELA \u00c9 REFER\u00caNCIA NA VENDA DE SERRA GA\u00daCHA"}]},{"@type":"WebSite","@id":"https:\/\/www.travel3.com.br\/site\/#website","url":"https:\/\/www.travel3.com.br\/site\/","name":"Travel3","description":"Lazer + Neg&oacute;cios + Aventura","publisher":{"@id":"https:\/\/www.travel3.com.br\/site\/#organization"},"potentialAction":[{"@type":"SearchAction","target":{"@type":"EntryPoint","urlTemplate":"https:\/\/www.travel3.com.br\/site\/?s={search_term_string}"},"query-input":{"@type":"PropertyValueSpecification","valueRequired":true,"valueName":"search_term_string"}}],"inLanguage":"pt-BR"},{"@type":"Organization","@id":"https:\/\/www.travel3.com.br\/site\/#organization","name":"Travel3","url":"https:\/\/www.travel3.com.br\/site\/","logo":{"@type":"ImageObject","inLanguage":"pt-BR","@id":"https:\/\/www.travel3.com.br\/site\/#\/schema\/logo\/image\/","url":"https:\/\/www.travel3.com.br\/site\/wp-content\/uploads\/2020\/01\/logo-travel3-2020.png","contentUrl":"https:\/\/www.travel3.com.br\/site\/wp-content\/uploads\/2020\/01\/logo-travel3-2020.png","width":232,"height":79,"caption":"Travel3"},"image":{"@id":"https:\/\/www.travel3.com.br\/site\/#\/schema\/logo\/image\/"},"sameAs":["https:\/\/www.facebook.com\/travel3media\/","https:\/\/www.instagram.com\/revistatravel3\/","https:\/\/www.youtube.com\/channel\/UCno7J4paGBR3VbZQzvoJ9Eg"]},{"@type":"Person","@id":"https:\/\/www.travel3.com.br\/site\/#\/schema\/person\/a69d71e41a024999b6ab82369ac0bd1e","name":"admin","image":{"@type":"ImageObject","inLanguage":"pt-BR","@id":"https:\/\/www.travel3.com.br\/site\/#\/schema\/person\/image\/","url":"https:\/\/secure.gravatar.com\/avatar\/732a67adfd764da2a47ba10ce731c4c0?s=96&d=mm&r=g","contentUrl":"https:\/\/secure.gravatar.com\/avatar\/732a67adfd764da2a47ba10ce731c4c0?s=96&d=mm&r=g","caption":"admin"},"url":"https:\/\/www.travel3.com.br\/site\/author\/admin\/"}]}},"_links":{"self":[{"href":"https:\/\/www.travel3.com.br\/site\/wp-json\/wp\/v2\/posts\/939","targetHints":{"allow":["GET"]}}],"collection":[{"href":"https:\/\/www.travel3.com.br\/site\/wp-json\/wp\/v2\/posts"}],"about":[{"href":"https:\/\/www.travel3.com.br\/site\/wp-json\/wp\/v2\/types\/post"}],"author":[{"embeddable":true,"href":"https:\/\/www.travel3.com.br\/site\/wp-json\/wp\/v2\/users\/1"}],"replies":[{"embeddable":true,"href":"https:\/\/www.travel3.com.br\/site\/wp-json\/wp\/v2\/comments?post=939"}],"version-history":[{"count":0,"href":"https:\/\/www.travel3.com.br\/site\/wp-json\/wp\/v2\/posts\/939\/revisions"}],"wp:attachment":[{"href":"https:\/\/www.travel3.com.br\/site\/wp-json\/wp\/v2\/media?parent=939"}],"wp:term":[{"taxonomy":"category","embeddable":true,"href":"https:\/\/www.travel3.com.br\/site\/wp-json\/wp\/v2\/categories?post=939"},{"taxonomy":"post_tag","embeddable":true,"href":"https:\/\/www.travel3.com.br\/site\/wp-json\/wp\/v2\/tags?post=939"}],"curies":[{"name":"wp","href":"https:\/\/api.w.org\/{rel}","templated":true}]}}