{"id":9296,"date":"2018-01-30T10:16:24","date_gmt":"2018-01-30T12:16:24","guid":{"rendered":"http:\/\/www.travel3.com.br\/?p=9296"},"modified":"2018-01-29T22:17:42","modified_gmt":"2018-01-30T00:17:42","slug":"flytour-tecnologia-migracao-datacenter-nuvem","status":"publish","type":"post","link":"https:\/\/www.travel3.com.br\/site\/acontece-no-turismo\/operadoras\/flytour-tecnologia-migracao-datacenter-nuvem\/","title":{"rendered":"FLYTOUR TECNOLOGIA REALIZOU PROCESSO DE MIGRA\u00c7\u00c3O DE DATACENTER PARA NUVEM"},"content":{"rendered":"<h1 style=\"text-align: center;\"><strong>Empresa investiu R$12 milh\u00f5es na transi\u00e7\u00e3o, que visa maior efici\u00eancia operacional<\/strong><\/h1>\n<p>A Flytour Tecnologia, empresa do Grupo Flytour, finalizou todo o processo de migra\u00e7\u00e3o dos datacenters f\u00edsico para a nuvem, tamb\u00e9m conhecido como Cloud. Foram investidos R$ 12 milh\u00f5es na transi\u00e7\u00e3o. A estrat\u00e9gia faz parte da busca por maior efici\u00eancia operacional e disponibilidade imediata de recursos.<\/p>\n<p>Para realizar o processo, foram necess\u00e1rias quatro etapas, uma para cada transfer\u00eancia de datacenter para a nuvem.<\/p>\n<blockquote><p>\u201cAl\u00e9m de todo esse cuidado, a Flytour Tecnologia tamb\u00e9m conecta o ambiente de Cloud com nossa infraestrutura f\u00edsica. Assim fica f\u00e1cil a movimenta\u00e7\u00e3o das aplica\u00e7\u00f5es.\u201d<\/p>\n<p>Fernando Campos, Diretor de Tecnologia da Flytour<\/p><\/blockquote>\n<p>Os principais motivos para a realiza\u00e7\u00e3o da migra\u00e7\u00e3o foram: a escalabilidade, que permite aumentar e reduzir a capacidade computacional da empresa sob demanda. O controle de custos, no qual cada recurso utilizado recebe uma ou mais TAGs. Isso permite aferir mensalmente qual empresa do grupo utiliza cada recurso. A realiza\u00e7\u00e3o de mudan\u00e7as r\u00e1pidas, que permite atualizar as aplica\u00e7\u00f5es em partes sem prejudicar a opera\u00e7\u00e3o. A utiliza\u00e7\u00e3o dos recursos do Cloud, que disponibiliza a solu\u00e7\u00e3o necess\u00e1ria com efici\u00eancia. A continuidade do neg\u00f3cio gra\u00e7as ao ambiente de <em>disaster recovery<\/em>, backup e seguran\u00e7a, mais simples e eficiente se comparado ao modelo anterior.<\/p>\n<blockquote><p>\u201cNum processo dessa magnitude, realizamos diversos ajustes (refatora\u00e7\u00e3o) nas aplica\u00e7\u00f5es para que pud\u00e9ssemos utilizar todos os recursos de escalabilidade que a migra\u00e7\u00e3o para Cloud permite. Sem isso, apenas ter\u00edamos um datacenter virtualizado. Esse processo levou 18 meses e foi extremamente gratificante ver a equipe empenhada em superar as expectativas do Grupo.\u201d<\/p>\n<p>Fernando Campos<\/p><\/blockquote>\n","protected":false},"excerpt":{"rendered":"<p>Empresa investiu R$12 milh\u00f5es na transi\u00e7\u00e3o, que visa maior efici\u00eancia operacional A Flytour Tecnologia, empresa do Grupo Flytour, finalizou todo o processo de migra\u00e7\u00e3o dos datacenters f\u00edsico para a nuvem, tamb\u00e9m conhecido como Cloud. Foram investidos R$ 12 milh\u00f5es na transi\u00e7\u00e3o. A estrat\u00e9gia faz parte da busca por maior efici\u00eancia operacional e disponibilidade imediata de [&hellip;]<\/p>\n","protected":false},"author":5,"featured_media":9298,"comment_status":"open","ping_status":"open","sticky":false,"template":"","format":"standard","meta":{"footnotes":""},"categories":[969,3,4],"tags":[619,1202,249,403,631,187],"class_list":["post-9296","post","type-post","status-publish","format-standard","has-post-thumbnail","hentry","category-acontece-no-turismo","category-negocios","category-operadoras","tag-flytour","tag-flytour-tecnologia","tag-negocios","tag-operadoras","tag-tecnologia","tag-travel3"],"yoast_head":"<!-- This site is optimized with the Yoast SEO plugin v26.2 - https:\/\/yoast.com\/wordpress\/plugins\/seo\/ -->\n<title>FLYTOUR TECNOLOGIA REALIZOU PROCESSO DE MIGRA\u00c7\u00c3O DE DATACENTER PARA NUVEM - Travel3<\/title>\n<meta name=\"description\" content=\"Flytour Tecnologia realizou com \u00eaxito o processo de migra\u00e7\u00e3o do datacenter da empresa para a nuvem; investimento foi de R$ 12 milh\u00f5es\" \/>\n<meta name=\"robots\" content=\"index, follow, max-snippet:-1, max-image-preview:large, max-video-preview:-1\" \/>\n<link rel=\"canonical\" href=\"https:\/\/www.travel3.com.br\/site\/acontece-no-turismo\/operadoras\/flytour-tecnologia-migracao-datacenter-nuvem\/\" \/>\n<meta property=\"og:locale\" content=\"pt_BR\" \/>\n<meta property=\"og:type\" content=\"article\" \/>\n<meta property=\"og:title\" content=\"FLYTOUR TECNOLOGIA REALIZOU PROCESSO DE MIGRA\u00c7\u00c3O DE DATACENTER PARA NUVEM - Travel3\" \/>\n<meta property=\"og:description\" content=\"Flytour Tecnologia realizou com \u00eaxito o processo de migra\u00e7\u00e3o do datacenter da empresa para a nuvem; investimento foi de R$ 12 milh\u00f5es\" \/>\n<meta property=\"og:url\" content=\"https:\/\/www.travel3.com.br\/site\/acontece-no-turismo\/operadoras\/flytour-tecnologia-migracao-datacenter-nuvem\/\" \/>\n<meta property=\"og:site_name\" content=\"Travel3\" \/>\n<meta property=\"article:publisher\" content=\"https:\/\/www.facebook.com\/travel3media\/\" \/>\n<meta property=\"article:published_time\" content=\"2018-01-30T12:16:24+00:00\" \/>\n<meta property=\"og:image\" content=\"https:\/\/www.travel3.com.br\/site\/wp-content\/uploads\/2018\/01\/macbook-606763_1280.jpg\" \/>\n\t<meta property=\"og:image:width\" content=\"1280\" \/>\n\t<meta property=\"og:image:height\" content=\"850\" \/>\n\t<meta property=\"og:image:type\" content=\"image\/jpeg\" \/>\n<meta name=\"author\" content=\"Reda\u00e7\u00e3o Travel3\" \/>\n<meta name=\"twitter:card\" content=\"summary_large_image\" \/>\n<meta name=\"twitter:label1\" content=\"Escrito por\" \/>\n\t<meta name=\"twitter:data1\" content=\"Reda\u00e7\u00e3o Travel3\" \/>\n\t<meta name=\"twitter:label2\" content=\"Est. tempo de leitura\" \/>\n\t<meta name=\"twitter:data2\" content=\"1 minuto\" \/>\n<script type=\"application\/ld+json\" class=\"yoast-schema-graph\">{\"@context\":\"https:\/\/schema.org\",\"@graph\":[{\"@type\":\"Article\",\"@id\":\"https:\/\/www.travel3.com.br\/site\/acontece-no-turismo\/operadoras\/flytour-tecnologia-migracao-datacenter-nuvem\/#article\",\"isPartOf\":{\"@id\":\"https:\/\/www.travel3.com.br\/site\/acontece-no-turismo\/operadoras\/flytour-tecnologia-migracao-datacenter-nuvem\/\"},\"author\":{\"name\":\"Reda\u00e7\u00e3o Travel3\",\"@id\":\"https:\/\/www.travel3.com.br\/site\/#\/schema\/person\/89251b0320bc67697de92249f97f3fdb\"},\"headline\":\"FLYTOUR TECNOLOGIA REALIZOU PROCESSO DE MIGRA\u00c7\u00c3O DE DATACENTER PARA NUVEM\",\"datePublished\":\"2018-01-30T12:16:24+00:00\",\"mainEntityOfPage\":{\"@id\":\"https:\/\/www.travel3.com.br\/site\/acontece-no-turismo\/operadoras\/flytour-tecnologia-migracao-datacenter-nuvem\/\"},\"wordCount\":303,\"commentCount\":0,\"publisher\":{\"@id\":\"https:\/\/www.travel3.com.br\/site\/#organization\"},\"image\":{\"@id\":\"https:\/\/www.travel3.com.br\/site\/acontece-no-turismo\/operadoras\/flytour-tecnologia-migracao-datacenter-nuvem\/#primaryimage\"},\"thumbnailUrl\":\"https:\/\/www.travel3.com.br\/site\/wp-content\/uploads\/2018\/01\/macbook-606763_1280.jpg\",\"keywords\":[\"flytour\",\"flytour tecnologia\",\"neg\u00f3cios\",\"Operadoras\",\"tecnologia\",\"Travel3\"],\"articleSection\":[\"Acontece no Turismo\",\"Neg\u00f3cios\",\"Operadoras\"],\"inLanguage\":\"pt-BR\",\"potentialAction\":[{\"@type\":\"CommentAction\",\"name\":\"Comment\",\"target\":[\"https:\/\/www.travel3.com.br\/site\/acontece-no-turismo\/operadoras\/flytour-tecnologia-migracao-datacenter-nuvem\/#respond\"]}]},{\"@type\":\"WebPage\",\"@id\":\"https:\/\/www.travel3.com.br\/site\/acontece-no-turismo\/operadoras\/flytour-tecnologia-migracao-datacenter-nuvem\/\",\"url\":\"https:\/\/www.travel3.com.br\/site\/acontece-no-turismo\/operadoras\/flytour-tecnologia-migracao-datacenter-nuvem\/\",\"name\":\"FLYTOUR TECNOLOGIA REALIZOU PROCESSO DE MIGRA\u00c7\u00c3O DE DATACENTER PARA NUVEM - Travel3\",\"isPartOf\":{\"@id\":\"https:\/\/www.travel3.com.br\/site\/#website\"},\"primaryImageOfPage\":{\"@id\":\"https:\/\/www.travel3.com.br\/site\/acontece-no-turismo\/operadoras\/flytour-tecnologia-migracao-datacenter-nuvem\/#primaryimage\"},\"image\":{\"@id\":\"https:\/\/www.travel3.com.br\/site\/acontece-no-turismo\/operadoras\/flytour-tecnologia-migracao-datacenter-nuvem\/#primaryimage\"},\"thumbnailUrl\":\"https:\/\/www.travel3.com.br\/site\/wp-content\/uploads\/2018\/01\/macbook-606763_1280.jpg\",\"datePublished\":\"2018-01-30T12:16:24+00:00\",\"description\":\"Flytour Tecnologia realizou com \u00eaxito o processo de migra\u00e7\u00e3o do datacenter da empresa para a nuvem; investimento foi de R$ 12 milh\u00f5es\",\"breadcrumb\":{\"@id\":\"https:\/\/www.travel3.com.br\/site\/acontece-no-turismo\/operadoras\/flytour-tecnologia-migracao-datacenter-nuvem\/#breadcrumb\"},\"inLanguage\":\"pt-BR\",\"potentialAction\":[{\"@type\":\"ReadAction\",\"target\":[\"https:\/\/www.travel3.com.br\/site\/acontece-no-turismo\/operadoras\/flytour-tecnologia-migracao-datacenter-nuvem\/\"]}]},{\"@type\":\"ImageObject\",\"inLanguage\":\"pt-BR\",\"@id\":\"https:\/\/www.travel3.com.br\/site\/acontece-no-turismo\/operadoras\/flytour-tecnologia-migracao-datacenter-nuvem\/#primaryimage\",\"url\":\"https:\/\/www.travel3.com.br\/site\/wp-content\/uploads\/2018\/01\/macbook-606763_1280.jpg\",\"contentUrl\":\"https:\/\/www.travel3.com.br\/site\/wp-content\/uploads\/2018\/01\/macbook-606763_1280.jpg\",\"width\":1280,\"height\":850},{\"@type\":\"BreadcrumbList\",\"@id\":\"https:\/\/www.travel3.com.br\/site\/acontece-no-turismo\/operadoras\/flytour-tecnologia-migracao-datacenter-nuvem\/#breadcrumb\",\"itemListElement\":[{\"@type\":\"ListItem\",\"position\":1,\"name\":\"In\u00edcio\",\"item\":\"https:\/\/www.travel3.com.br\/site\/\"},{\"@type\":\"ListItem\",\"position\":2,\"name\":\"FLYTOUR TECNOLOGIA REALIZOU PROCESSO DE MIGRA\u00c7\u00c3O DE DATACENTER PARA NUVEM\"}]},{\"@type\":\"WebSite\",\"@id\":\"https:\/\/www.travel3.com.br\/site\/#website\",\"url\":\"https:\/\/www.travel3.com.br\/site\/\",\"name\":\"Travel3\",\"description\":\"Lazer + Neg&oacute;cios + Aventura\",\"publisher\":{\"@id\":\"https:\/\/www.travel3.com.br\/site\/#organization\"},\"potentialAction\":[{\"@type\":\"SearchAction\",\"target\":{\"@type\":\"EntryPoint\",\"urlTemplate\":\"https:\/\/www.travel3.com.br\/site\/?s={search_term_string}\"},\"query-input\":{\"@type\":\"PropertyValueSpecification\",\"valueRequired\":true,\"valueName\":\"search_term_string\"}}],\"inLanguage\":\"pt-BR\"},{\"@type\":\"Organization\",\"@id\":\"https:\/\/www.travel3.com.br\/site\/#organization\",\"name\":\"Travel3\",\"url\":\"https:\/\/www.travel3.com.br\/site\/\",\"logo\":{\"@type\":\"ImageObject\",\"inLanguage\":\"pt-BR\",\"@id\":\"https:\/\/www.travel3.com.br\/site\/#\/schema\/logo\/image\/\",\"url\":\"https:\/\/www.travel3.com.br\/site\/wp-content\/uploads\/2020\/01\/logo-travel3-2020.png\",\"contentUrl\":\"https:\/\/www.travel3.com.br\/site\/wp-content\/uploads\/2020\/01\/logo-travel3-2020.png\",\"width\":232,\"height\":79,\"caption\":\"Travel3\"},\"image\":{\"@id\":\"https:\/\/www.travel3.com.br\/site\/#\/schema\/logo\/image\/\"},\"sameAs\":[\"https:\/\/www.facebook.com\/travel3media\/\",\"https:\/\/www.instagram.com\/revistatravel3\/\",\"https:\/\/www.youtube.com\/channel\/UCno7J4paGBR3VbZQzvoJ9Eg\"]},{\"@type\":\"Person\",\"@id\":\"https:\/\/www.travel3.com.br\/site\/#\/schema\/person\/89251b0320bc67697de92249f97f3fdb\",\"name\":\"Reda\u00e7\u00e3o Travel3\",\"image\":{\"@type\":\"ImageObject\",\"inLanguage\":\"pt-BR\",\"@id\":\"https:\/\/www.travel3.com.br\/site\/#\/schema\/person\/image\/\",\"url\":\"https:\/\/secure.gravatar.com\/avatar\/85a5ec2ad99b1932f671ebf50c117db6?s=96&d=mm&r=g\",\"contentUrl\":\"https:\/\/secure.gravatar.com\/avatar\/85a5ec2ad99b1932f671ebf50c117db6?s=96&d=mm&r=g\",\"caption\":\"Reda\u00e7\u00e3o Travel3\"},\"sameAs\":[\"http:\/\/www.travel3.com.br\/\"],\"url\":\"https:\/\/www.travel3.com.br\/site\/author\/redacao\/\"}]}<\/script>\n<!-- \/ Yoast SEO plugin. -->","yoast_head_json":{"title":"FLYTOUR TECNOLOGIA REALIZOU PROCESSO DE MIGRA\u00c7\u00c3O DE DATACENTER PARA NUVEM - Travel3","description":"Flytour Tecnologia realizou com \u00eaxito o processo de migra\u00e7\u00e3o do datacenter da empresa para a nuvem; investimento foi de R$ 12 milh\u00f5es","robots":{"index":"index","follow":"follow","max-snippet":"max-snippet:-1","max-image-preview":"max-image-preview:large","max-video-preview":"max-video-preview:-1"},"canonical":"https:\/\/www.travel3.com.br\/site\/acontece-no-turismo\/operadoras\/flytour-tecnologia-migracao-datacenter-nuvem\/","og_locale":"pt_BR","og_type":"article","og_title":"FLYTOUR TECNOLOGIA REALIZOU PROCESSO DE MIGRA\u00c7\u00c3O DE DATACENTER PARA NUVEM - Travel3","og_description":"Flytour Tecnologia realizou com \u00eaxito o processo de migra\u00e7\u00e3o do datacenter da empresa para a nuvem; investimento foi de R$ 12 milh\u00f5es","og_url":"https:\/\/www.travel3.com.br\/site\/acontece-no-turismo\/operadoras\/flytour-tecnologia-migracao-datacenter-nuvem\/","og_site_name":"Travel3","article_publisher":"https:\/\/www.facebook.com\/travel3media\/","article_published_time":"2018-01-30T12:16:24+00:00","og_image":[{"width":1280,"height":850,"url":"https:\/\/www.travel3.com.br\/site\/wp-content\/uploads\/2018\/01\/macbook-606763_1280.jpg","type":"image\/jpeg"}],"author":"Reda\u00e7\u00e3o Travel3","twitter_card":"summary_large_image","twitter_misc":{"Escrito por":"Reda\u00e7\u00e3o Travel3","Est. tempo de leitura":"1 minuto"},"schema":{"@context":"https:\/\/schema.org","@graph":[{"@type":"Article","@id":"https:\/\/www.travel3.com.br\/site\/acontece-no-turismo\/operadoras\/flytour-tecnologia-migracao-datacenter-nuvem\/#article","isPartOf":{"@id":"https:\/\/www.travel3.com.br\/site\/acontece-no-turismo\/operadoras\/flytour-tecnologia-migracao-datacenter-nuvem\/"},"author":{"name":"Reda\u00e7\u00e3o Travel3","@id":"https:\/\/www.travel3.com.br\/site\/#\/schema\/person\/89251b0320bc67697de92249f97f3fdb"},"headline":"FLYTOUR TECNOLOGIA REALIZOU PROCESSO DE MIGRA\u00c7\u00c3O DE DATACENTER PARA NUVEM","datePublished":"2018-01-30T12:16:24+00:00","mainEntityOfPage":{"@id":"https:\/\/www.travel3.com.br\/site\/acontece-no-turismo\/operadoras\/flytour-tecnologia-migracao-datacenter-nuvem\/"},"wordCount":303,"commentCount":0,"publisher":{"@id":"https:\/\/www.travel3.com.br\/site\/#organization"},"image":{"@id":"https:\/\/www.travel3.com.br\/site\/acontece-no-turismo\/operadoras\/flytour-tecnologia-migracao-datacenter-nuvem\/#primaryimage"},"thumbnailUrl":"https:\/\/www.travel3.com.br\/site\/wp-content\/uploads\/2018\/01\/macbook-606763_1280.jpg","keywords":["flytour","flytour tecnologia","neg\u00f3cios","Operadoras","tecnologia","Travel3"],"articleSection":["Acontece no Turismo","Neg\u00f3cios","Operadoras"],"inLanguage":"pt-BR","potentialAction":[{"@type":"CommentAction","name":"Comment","target":["https:\/\/www.travel3.com.br\/site\/acontece-no-turismo\/operadoras\/flytour-tecnologia-migracao-datacenter-nuvem\/#respond"]}]},{"@type":"WebPage","@id":"https:\/\/www.travel3.com.br\/site\/acontece-no-turismo\/operadoras\/flytour-tecnologia-migracao-datacenter-nuvem\/","url":"https:\/\/www.travel3.com.br\/site\/acontece-no-turismo\/operadoras\/flytour-tecnologia-migracao-datacenter-nuvem\/","name":"FLYTOUR TECNOLOGIA REALIZOU PROCESSO DE MIGRA\u00c7\u00c3O DE DATACENTER PARA NUVEM - Travel3","isPartOf":{"@id":"https:\/\/www.travel3.com.br\/site\/#website"},"primaryImageOfPage":{"@id":"https:\/\/www.travel3.com.br\/site\/acontece-no-turismo\/operadoras\/flytour-tecnologia-migracao-datacenter-nuvem\/#primaryimage"},"image":{"@id":"https:\/\/www.travel3.com.br\/site\/acontece-no-turismo\/operadoras\/flytour-tecnologia-migracao-datacenter-nuvem\/#primaryimage"},"thumbnailUrl":"https:\/\/www.travel3.com.br\/site\/wp-content\/uploads\/2018\/01\/macbook-606763_1280.jpg","datePublished":"2018-01-30T12:16:24+00:00","description":"Flytour Tecnologia realizou com \u00eaxito o processo de migra\u00e7\u00e3o do datacenter da empresa para a nuvem; investimento foi de R$ 12 milh\u00f5es","breadcrumb":{"@id":"https:\/\/www.travel3.com.br\/site\/acontece-no-turismo\/operadoras\/flytour-tecnologia-migracao-datacenter-nuvem\/#breadcrumb"},"inLanguage":"pt-BR","potentialAction":[{"@type":"ReadAction","target":["https:\/\/www.travel3.com.br\/site\/acontece-no-turismo\/operadoras\/flytour-tecnologia-migracao-datacenter-nuvem\/"]}]},{"@type":"ImageObject","inLanguage":"pt-BR","@id":"https:\/\/www.travel3.com.br\/site\/acontece-no-turismo\/operadoras\/flytour-tecnologia-migracao-datacenter-nuvem\/#primaryimage","url":"https:\/\/www.travel3.com.br\/site\/wp-content\/uploads\/2018\/01\/macbook-606763_1280.jpg","contentUrl":"https:\/\/www.travel3.com.br\/site\/wp-content\/uploads\/2018\/01\/macbook-606763_1280.jpg","width":1280,"height":850},{"@type":"BreadcrumbList","@id":"https:\/\/www.travel3.com.br\/site\/acontece-no-turismo\/operadoras\/flytour-tecnologia-migracao-datacenter-nuvem\/#breadcrumb","itemListElement":[{"@type":"ListItem","position":1,"name":"In\u00edcio","item":"https:\/\/www.travel3.com.br\/site\/"},{"@type":"ListItem","position":2,"name":"FLYTOUR TECNOLOGIA REALIZOU PROCESSO DE MIGRA\u00c7\u00c3O DE DATACENTER PARA NUVEM"}]},{"@type":"WebSite","@id":"https:\/\/www.travel3.com.br\/site\/#website","url":"https:\/\/www.travel3.com.br\/site\/","name":"Travel3","description":"Lazer + Neg&oacute;cios + Aventura","publisher":{"@id":"https:\/\/www.travel3.com.br\/site\/#organization"},"potentialAction":[{"@type":"SearchAction","target":{"@type":"EntryPoint","urlTemplate":"https:\/\/www.travel3.com.br\/site\/?s={search_term_string}"},"query-input":{"@type":"PropertyValueSpecification","valueRequired":true,"valueName":"search_term_string"}}],"inLanguage":"pt-BR"},{"@type":"Organization","@id":"https:\/\/www.travel3.com.br\/site\/#organization","name":"Travel3","url":"https:\/\/www.travel3.com.br\/site\/","logo":{"@type":"ImageObject","inLanguage":"pt-BR","@id":"https:\/\/www.travel3.com.br\/site\/#\/schema\/logo\/image\/","url":"https:\/\/www.travel3.com.br\/site\/wp-content\/uploads\/2020\/01\/logo-travel3-2020.png","contentUrl":"https:\/\/www.travel3.com.br\/site\/wp-content\/uploads\/2020\/01\/logo-travel3-2020.png","width":232,"height":79,"caption":"Travel3"},"image":{"@id":"https:\/\/www.travel3.com.br\/site\/#\/schema\/logo\/image\/"},"sameAs":["https:\/\/www.facebook.com\/travel3media\/","https:\/\/www.instagram.com\/revistatravel3\/","https:\/\/www.youtube.com\/channel\/UCno7J4paGBR3VbZQzvoJ9Eg"]},{"@type":"Person","@id":"https:\/\/www.travel3.com.br\/site\/#\/schema\/person\/89251b0320bc67697de92249f97f3fdb","name":"Reda\u00e7\u00e3o Travel3","image":{"@type":"ImageObject","inLanguage":"pt-BR","@id":"https:\/\/www.travel3.com.br\/site\/#\/schema\/person\/image\/","url":"https:\/\/secure.gravatar.com\/avatar\/85a5ec2ad99b1932f671ebf50c117db6?s=96&d=mm&r=g","contentUrl":"https:\/\/secure.gravatar.com\/avatar\/85a5ec2ad99b1932f671ebf50c117db6?s=96&d=mm&r=g","caption":"Reda\u00e7\u00e3o Travel3"},"sameAs":["http:\/\/www.travel3.com.br\/"],"url":"https:\/\/www.travel3.com.br\/site\/author\/redacao\/"}]}},"_links":{"self":[{"href":"https:\/\/www.travel3.com.br\/site\/wp-json\/wp\/v2\/posts\/9296","targetHints":{"allow":["GET"]}}],"collection":[{"href":"https:\/\/www.travel3.com.br\/site\/wp-json\/wp\/v2\/posts"}],"about":[{"href":"https:\/\/www.travel3.com.br\/site\/wp-json\/wp\/v2\/types\/post"}],"author":[{"embeddable":true,"href":"https:\/\/www.travel3.com.br\/site\/wp-json\/wp\/v2\/users\/5"}],"replies":[{"embeddable":true,"href":"https:\/\/www.travel3.com.br\/site\/wp-json\/wp\/v2\/comments?post=9296"}],"version-history":[{"count":4,"href":"https:\/\/www.travel3.com.br\/site\/wp-json\/wp\/v2\/posts\/9296\/revisions"}],"predecessor-version":[{"id":9771,"href":"https:\/\/www.travel3.com.br\/site\/wp-json\/wp\/v2\/posts\/9296\/revisions\/9771"}],"wp:featuredmedia":[{"embeddable":true,"href":"https:\/\/www.travel3.com.br\/site\/wp-json\/wp\/v2\/media\/9298"}],"wp:attachment":[{"href":"https:\/\/www.travel3.com.br\/site\/wp-json\/wp\/v2\/media?parent=9296"}],"wp:term":[{"taxonomy":"category","embeddable":true,"href":"https:\/\/www.travel3.com.br\/site\/wp-json\/wp\/v2\/categories?post=9296"},{"taxonomy":"post_tag","embeddable":true,"href":"https:\/\/www.travel3.com.br\/site\/wp-json\/wp\/v2\/tags?post=9296"}],"curies":[{"name":"wp","href":"https:\/\/api.w.org\/{rel}","templated":true}]}}