{"id":925,"date":"2017-09-05T03:14:32","date_gmt":"2017-09-05T03:14:32","guid":{"rendered":"http:\/\/www.travel3.com.br\/site\/ir-e-vir\/ar\/pampulha-sai-da-lista-de-privatizacoes-e-infraero-quer-mudar-perfil\/"},"modified":"2017-09-05T03:14:32","modified_gmt":"2017-09-05T03:14:32","slug":"pampulha-sai-da-lista-de-privatizacoes-e-infraero-quer-mudar-perfil","status":"publish","type":"post","link":"https:\/\/www.travel3.com.br\/site\/sem-categoria\/pampulha-sai-da-lista-de-privatizacoes-e-infraero-quer-mudar-perfil\/","title":{"rendered":"PAMPULHA SAI DA LISTA DE PRIVATIZA\u00c7\u00d5ES E INFRAERO QUER MUDAR PERFIL"},"content":{"rendered":"<p><span style=\"color: #40acad; font-family: -apple-system, system-ui, 'Segoe UI', Roboto, Oxygen-Sans, Ubuntu, Cantarell, 'Helvetica Neue', sans-serif; font-size: 12px; font-weight: bold;\"><\/p>\n<p style=\"text-align:justify\">Aeroportos da Pampulha e Carlos Prates podem ser privatizados<\/p>\n<p style=\"text-align:justify\">Pampulha e Carlos Prates, em BH, est\u00e3o na mira da nova rodada de concess\u00f5es em estudo pelo governo federal<\/p>\n<p style=\"text-align:justify\">Sagu\u00e3o do aeroporto da Pampulha e pista de pouso do Carlos Prates: os dois terminais devem ser repassados \u00e0 iniciativa no mesmo pacote do Santos Dumont e do de Maca\u00e9, no Rio, e do de Vit\u00f3ria\u00a0<\/p>\n<p style=\"text-align:justify\">Depois de envolvido em pol\u00eamica sobre um poss\u00edvel retorno de opera\u00e7\u00e3o de avi\u00f5es de grande porte, o\u00a0Aeroporto da Pampulha, em Belo Horizonte agora pode ser privatizado.<br \/>\n\u00a0<\/p>\n<p style=\"text-align:justify\">Durante audi\u00eancia na Comiss\u00e3o de Servi\u00e7os de Infraestrutura do Senado (CI) na manh\u00e3 dessa ter\u00e7a-feira (8), o ministro dos Transportes, Maur\u00edcio Quintella, anunciou que o governo estuda a concess\u00e3o de um bloco de aeroportos.<\/p>\n<p>Al\u00e9m do terminal da Pampulha, est\u00e3o no pacote o\u00a0Carlos Prates, em BH, o Santos Dumont e Maca\u00e9, no Rio de Janeiro, e o de Vit\u00f3ria, no Esp\u00edrito Santo. Haver\u00e1 um bloco no Nordeste, composto por Recife, Macei\u00f3, Jo\u00e3o Pessoa, S\u00e3o Lu\u00eds, Teresina, Aracaju, Petrolina e Juazeiro, e um no Centro-oeste, com Cuiab\u00e1, Sinop, Barra do Gar\u00e7a e Alta Floresta, todos em Mato Grosso.<\/p>\n<p style=\"text-align:justify\">\u00a0<\/p>\n<p style=\"text-align:justify\">\nEm mar\u00e7o, o governo j\u00e1 havia leiloado os aeroportos de Fortaleza (CE), Salvador (BA), Florian\u00f3polis (SC) e Porto Alegre (RS) por R$ 3,72 bilh\u00f5es em todo o per\u00edodo da concess\u00e3o, cerca de 23% acima do valor esperado, de R$ 3,014 bilh\u00f5es.<\/p>\n<p>\u201cA primeira e a segunda rodada de concess\u00f5es tiraram da Infraero o fil\u00e9. A perspectiva a partir de agora \u00e9 fazer concess\u00f5es em bloco: aeroportos superavit\u00e1rios com deficit\u00e1rios. Para quem levar o fil\u00e9 levar o osso tamb\u00e9m\u201d, afirmou o ministro.<br \/>\n\u00a0<\/p>\n<p style=\"text-align:justify\">H\u00e1 uma d\u00e9cada, o\u00a0Aeroporto Carlos Drummond de Andrade\u00a0\u2013 mais conhecido como da Pampulha \u2013 est\u00e1 no meio do furac\u00e3o em torno de discuss\u00f5es sobre o transporte a\u00e9reo na capital mineira. Tudo come\u00e7ou em mar\u00e7o de 2005, quando voos de longa dist\u00e2ncia foram transferidos para o Aeroporto Internacional Tancredo Neves, em Confins, na regi\u00e3o metropolitana.<\/p>\n<p>O terminal localizado na regi\u00e3o da Pampulha passou ent\u00e3o a operar apenas com modelos de menor porte, para avia\u00e7\u00e3o executiva e regional, al\u00e9m de servi\u00e7os de t\u00e1xi-a\u00e9reo.<\/p>\n<p style=\"text-align:justify\">Em maio deste ano, a Ag\u00eancia Nacional da Avia\u00e7\u00e3o Civil (Anac) chegou a aprovar a libera\u00e7\u00e3o de voos de grande porte na Pampulha, durante reuni\u00e3o da diretoria colegiada.<\/p>\n<p>Na ocasi\u00e3o, quatro dos cinco diretores aprovaram a medida. No entanto, pouco mais de uma semana depois, o Minist\u00e9rio dos Transportes, Portos e Avia\u00e7\u00e3o Civil baixou a Portaria 376\/17, que determinou que a opera\u00e7\u00e3o dos servi\u00e7os a\u00e9reos ficaria limitada a rotas regionais, preservando o modelo atual de opera\u00e7\u00e3o.<\/p>\n<p style=\"text-align:justify\">Na ocasi\u00e3o, o prefeito\u00a0Alexandre Kalil\u00a0(PHS) reclamou da \u201ccanetada\u201d que teria sido determinada pelo secret\u00e1rio-geral da Presid\u00eancia, Moreira Franco, e disse que continuaria lutando para que os grandes avi\u00f5es voltassem a operar no terminal da capital mineira.<\/p>\n<p style=\"text-align:justify\"><a class=\"fancybox-media\" href=\"..\/_uploads\/_noticia\/2017-09\/infraeroaeroportopampulha.jpg\" rel=\"portfolio\"><img decoding=\"async\" alt=\"\" src=\"..\/_uploads\/_noticia\/2017-09\/infraeroaeroportopampulha.jpg\" \/><\/a><\/p>\n<p>Nessa ter\u00e7a-feira (8),\u00a0Kalil comemorou\u00a0a decis\u00e3o do governo de privatizar a Pampulha. \u201cAcho at\u00e9 melhor que o aeroporto passe para a iniciativa privada\u201d, afirmou por meio de sua assessoria de imprensa.<\/p>\n<p style=\"text-align:justify\">\u2018Mutir\u00e3o de privatiza\u00e7\u00f5es\u2019\u00a0O ministro Maur\u00edcio Quintella negou, no entanto, que a Uni\u00e3o tenha planos de privatizar a Empresa Brasileira de Infraestrutura Aeroportu\u00e1ria (Infraero). Mas admitiu que h\u00e1 a possibilidade de abrir parte do capital da empresa, que acumula preju\u00edzos bilion\u00e1rios.<\/p>\n<p>\u201cVai possibilitar a melhora da gest\u00e3o e troca de tecnologia. Se ficar decidido vender mais de 50%, a Infraero ter\u00e1 maior flexibilidade para suas compras. Estamos dando \u00e0 Infraero condi\u00e7\u00f5es de ser uma empresa sustent\u00e1vel\u201d, justificou.<\/p>\n<p style=\"text-align:justify\">Ao ser questionado pela senadora Vanessa Grazziotin (PCdoB-AM) sobre um \u201cmutir\u00e3o de privatiza\u00e7\u00f5es\u201d adotado pelo governo federal para minimizar a crise, Quintella afirmou que os primeiros lotes de concess\u00e3o de aeroportos foram lan\u00e7ados na gest\u00e3o de Dilma Rousseff (PT).<\/p>\n<p>Em rela\u00e7\u00e3o \u00e0 abertura do capital da empresa, o ministro ponderou que a quest\u00e3o ser\u00e1 decidida nas pr\u00f3ximas reuni\u00f5es do Conselho do Programa de Parcerias de Investimentos (PPI). A primeira delas acontecer\u00e1 no pr\u00f3ximo dia 23. Tamb\u00e9m est\u00e1 em pauta a cria\u00e7\u00e3o de uma nova estatal para ficar com os ativos da Infraero ligados \u00e0 \u00e1rea de navega\u00e7\u00e3o e que se chamaria Nav Brasil.<\/p>\n<p style=\"text-align:justify\">naugurado em 1930, o Aeroporto Carlos Drummond de Andrade, o aeroporto da Pampulha, chegou a ser o s\u00e9timo terminal a\u00e9reo mais movimentado do pa\u00eds.<\/p>\n<p>O recorde de passageiros foi batido em 2004, um ano antes do in\u00edcio da transfer\u00eancia de voos para o aeroporto de Confins, quando quase 3,2 milh\u00f5es de pessoas passaram pelos seus port\u00f5es, entre 76 mil chegadas e partidas.<\/p>\n<p>O terminal tem aproximadamente 2 milh\u00f5es de metros quadrados e capacidade para atender a at\u00e9 2,2 milh\u00f5es de viajantes\/ano.\u00a0<\/p>\n<p>Atualmente, o terminal da Pampulha tem alguns voos regulares ligando Belo Horizonte a cidades do interior de Minas e estados vizinhos. Por\u00e9m, a maior parte das opera\u00e7\u00f5es est\u00e1 na avia\u00e7\u00e3o geral,\u00a0incluindo a avia\u00e7\u00e3o executiva, que representa mais de 70% de todo o movimento de aeronaves do aeroporto.<\/p>\n<p style=\"text-align:justify\">A Infraero opera quatro aeroportos entre os dez mais pontuais da Am\u00e9rica Latina, de acordo com o\u00a0levantamento feito pelo site Flight Stats, especializado em informa\u00e7\u00f5es aeroportu\u00e1rias e de companhias a\u00e9reas pelo mundo. No m\u00eas de julho, o Aeroporto Santos Dumont foi o terminal brasileiro mais pontual, com 89,36% dos voos saindo no hor\u00e1rio programado. Ele foi seguido por Confins (88,35%), Viracopos (88,05%), Vit\u00f3ria (87,29%), Cuiab\u00e1 (86,37%), Gale\u00e3o (85,94%) e Curitiba (85,79%). A lideran\u00e7a da lista \u00e9 do Aeroporto da Cidade do Panam\u00e1, com 89,99% de pontualidade.<\/p>\n<p><a class=\"fancybox-media\" href=\"..\/_uploads\/_noticia\/2017-09\/infraeroaeroportopampulha.jpg\" rel=\"portfolio\"><img decoding=\"async\" alt=\"\" src=\"..\/_uploads\/_noticia\/2017-09\/infraeroaeroportopampulha.jpg\" \/><\/a><\/p>\n<p><\/span><\/p>\n","protected":false},"excerpt":{"rendered":"<p>Pol\u00eamica em torno do aeroporto central da capital mineira vai da t\u00e9cnica \u00e0 pol\u00edtica com o  projeto de amplia\u00e7\u00e3o e atualiza\u00e7\u00e3o<\/p>\n","protected":false},"author":1,"featured_media":0,"comment_status":"open","ping_status":"open","sticky":false,"template":"","format":"standard","meta":{"footnotes":""},"categories":[],"tags":[],"class_list":["post-925","post","type-post","status-publish","format-standard","hentry"],"yoast_head":"<!-- This site is optimized with the Yoast SEO plugin v26.2 - https:\/\/yoast.com\/wordpress\/plugins\/seo\/ -->\n<title>PAMPULHA SAI DA LISTA DE PRIVATIZA\u00c7\u00d5ES E INFRAERO QUER MUDAR PERFIL - Travel3<\/title>\n<meta name=\"description\" content=\"A TRAVEL3 \u00e9 um portal de conte\u00fado voltado para o turismo, encontre destinos, viagens, hospedagem, passagens, guias, not\u00edcias sobre o mercado do turismo, dicas de viagem, v\u00eddeos e podcast.\" \/>\n<meta name=\"robots\" content=\"index, follow, max-snippet:-1, max-image-preview:large, max-video-preview:-1\" \/>\n<link rel=\"canonical\" href=\"https:\/\/www.travel3.com.br\/site\/sem-categoria\/pampulha-sai-da-lista-de-privatizacoes-e-infraero-quer-mudar-perfil\/\" \/>\n<meta property=\"og:locale\" content=\"pt_BR\" \/>\n<meta property=\"og:type\" content=\"article\" \/>\n<meta property=\"og:title\" content=\"PAMPULHA SAI DA LISTA DE PRIVATIZA\u00c7\u00d5ES E INFRAERO QUER MUDAR PERFIL - Travel3\" \/>\n<meta property=\"og:description\" content=\"A TRAVEL3 \u00e9 um portal de conte\u00fado voltado para o turismo, encontre destinos, viagens, hospedagem, passagens, guias, not\u00edcias sobre o mercado do turismo, dicas de viagem, v\u00eddeos e podcast.\" \/>\n<meta property=\"og:url\" content=\"https:\/\/www.travel3.com.br\/site\/sem-categoria\/pampulha-sai-da-lista-de-privatizacoes-e-infraero-quer-mudar-perfil\/\" \/>\n<meta property=\"og:site_name\" content=\"Travel3\" \/>\n<meta property=\"article:publisher\" content=\"https:\/\/www.facebook.com\/travel3media\/\" \/>\n<meta property=\"article:published_time\" content=\"2017-09-05T03:14:32+00:00\" \/>\n<meta name=\"author\" content=\"admin\" \/>\n<meta name=\"twitter:card\" content=\"summary_large_image\" \/>\n<meta name=\"twitter:label1\" content=\"Escrito por\" \/>\n\t<meta name=\"twitter:data1\" content=\"admin\" \/>\n\t<meta name=\"twitter:label2\" content=\"Est. tempo de leitura\" \/>\n\t<meta name=\"twitter:data2\" content=\"5 minutos\" \/>\n<script type=\"application\/ld+json\" class=\"yoast-schema-graph\">{\"@context\":\"https:\/\/schema.org\",\"@graph\":[{\"@type\":\"Article\",\"@id\":\"https:\/\/www.travel3.com.br\/site\/sem-categoria\/pampulha-sai-da-lista-de-privatizacoes-e-infraero-quer-mudar-perfil\/#article\",\"isPartOf\":{\"@id\":\"https:\/\/www.travel3.com.br\/site\/sem-categoria\/pampulha-sai-da-lista-de-privatizacoes-e-infraero-quer-mudar-perfil\/\"},\"author\":{\"name\":\"admin\",\"@id\":\"https:\/\/www.travel3.com.br\/site\/#\/schema\/person\/a69d71e41a024999b6ab82369ac0bd1e\"},\"headline\":\"PAMPULHA SAI DA LISTA DE PRIVATIZA\u00c7\u00d5ES E INFRAERO QUER MUDAR PERFIL\",\"datePublished\":\"2017-09-05T03:14:32+00:00\",\"mainEntityOfPage\":{\"@id\":\"https:\/\/www.travel3.com.br\/site\/sem-categoria\/pampulha-sai-da-lista-de-privatizacoes-e-infraero-quer-mudar-perfil\/\"},\"wordCount\":986,\"commentCount\":0,\"publisher\":{\"@id\":\"https:\/\/www.travel3.com.br\/site\/#organization\"},\"inLanguage\":\"pt-BR\",\"potentialAction\":[{\"@type\":\"CommentAction\",\"name\":\"Comment\",\"target\":[\"https:\/\/www.travel3.com.br\/site\/sem-categoria\/pampulha-sai-da-lista-de-privatizacoes-e-infraero-quer-mudar-perfil\/#respond\"]}]},{\"@type\":\"WebPage\",\"@id\":\"https:\/\/www.travel3.com.br\/site\/sem-categoria\/pampulha-sai-da-lista-de-privatizacoes-e-infraero-quer-mudar-perfil\/\",\"url\":\"https:\/\/www.travel3.com.br\/site\/sem-categoria\/pampulha-sai-da-lista-de-privatizacoes-e-infraero-quer-mudar-perfil\/\",\"name\":\"PAMPULHA SAI DA LISTA DE PRIVATIZA\u00c7\u00d5ES E INFRAERO QUER MUDAR PERFIL - Travel3\",\"isPartOf\":{\"@id\":\"https:\/\/www.travel3.com.br\/site\/#website\"},\"datePublished\":\"2017-09-05T03:14:32+00:00\",\"description\":\"A TRAVEL3 \u00e9 um portal de conte\u00fado voltado para o turismo, encontre destinos, viagens, hospedagem, passagens, guias, not\u00edcias sobre o mercado do turismo, dicas de viagem, v\u00eddeos e podcast.\",\"breadcrumb\":{\"@id\":\"https:\/\/www.travel3.com.br\/site\/sem-categoria\/pampulha-sai-da-lista-de-privatizacoes-e-infraero-quer-mudar-perfil\/#breadcrumb\"},\"inLanguage\":\"pt-BR\",\"potentialAction\":[{\"@type\":\"ReadAction\",\"target\":[\"https:\/\/www.travel3.com.br\/site\/sem-categoria\/pampulha-sai-da-lista-de-privatizacoes-e-infraero-quer-mudar-perfil\/\"]}]},{\"@type\":\"BreadcrumbList\",\"@id\":\"https:\/\/www.travel3.com.br\/site\/sem-categoria\/pampulha-sai-da-lista-de-privatizacoes-e-infraero-quer-mudar-perfil\/#breadcrumb\",\"itemListElement\":[{\"@type\":\"ListItem\",\"position\":1,\"name\":\"In\u00edcio\",\"item\":\"https:\/\/www.travel3.com.br\/site\/\"},{\"@type\":\"ListItem\",\"position\":2,\"name\":\"PAMPULHA SAI DA LISTA DE PRIVATIZA\u00c7\u00d5ES E INFRAERO QUER MUDAR PERFIL\"}]},{\"@type\":\"WebSite\",\"@id\":\"https:\/\/www.travel3.com.br\/site\/#website\",\"url\":\"https:\/\/www.travel3.com.br\/site\/\",\"name\":\"Travel3\",\"description\":\"Lazer + Neg&oacute;cios + Aventura\",\"publisher\":{\"@id\":\"https:\/\/www.travel3.com.br\/site\/#organization\"},\"potentialAction\":[{\"@type\":\"SearchAction\",\"target\":{\"@type\":\"EntryPoint\",\"urlTemplate\":\"https:\/\/www.travel3.com.br\/site\/?s={search_term_string}\"},\"query-input\":{\"@type\":\"PropertyValueSpecification\",\"valueRequired\":true,\"valueName\":\"search_term_string\"}}],\"inLanguage\":\"pt-BR\"},{\"@type\":\"Organization\",\"@id\":\"https:\/\/www.travel3.com.br\/site\/#organization\",\"name\":\"Travel3\",\"url\":\"https:\/\/www.travel3.com.br\/site\/\",\"logo\":{\"@type\":\"ImageObject\",\"inLanguage\":\"pt-BR\",\"@id\":\"https:\/\/www.travel3.com.br\/site\/#\/schema\/logo\/image\/\",\"url\":\"https:\/\/www.travel3.com.br\/site\/wp-content\/uploads\/2020\/01\/logo-travel3-2020.png\",\"contentUrl\":\"https:\/\/www.travel3.com.br\/site\/wp-content\/uploads\/2020\/01\/logo-travel3-2020.png\",\"width\":232,\"height\":79,\"caption\":\"Travel3\"},\"image\":{\"@id\":\"https:\/\/www.travel3.com.br\/site\/#\/schema\/logo\/image\/\"},\"sameAs\":[\"https:\/\/www.facebook.com\/travel3media\/\",\"https:\/\/www.instagram.com\/revistatravel3\/\",\"https:\/\/www.youtube.com\/channel\/UCno7J4paGBR3VbZQzvoJ9Eg\"]},{\"@type\":\"Person\",\"@id\":\"https:\/\/www.travel3.com.br\/site\/#\/schema\/person\/a69d71e41a024999b6ab82369ac0bd1e\",\"name\":\"admin\",\"image\":{\"@type\":\"ImageObject\",\"inLanguage\":\"pt-BR\",\"@id\":\"https:\/\/www.travel3.com.br\/site\/#\/schema\/person\/image\/\",\"url\":\"https:\/\/secure.gravatar.com\/avatar\/732a67adfd764da2a47ba10ce731c4c0?s=96&d=mm&r=g\",\"contentUrl\":\"https:\/\/secure.gravatar.com\/avatar\/732a67adfd764da2a47ba10ce731c4c0?s=96&d=mm&r=g\",\"caption\":\"admin\"},\"url\":\"https:\/\/www.travel3.com.br\/site\/author\/admin\/\"}]}<\/script>\n<!-- \/ Yoast SEO plugin. -->","yoast_head_json":{"title":"PAMPULHA SAI DA LISTA DE PRIVATIZA\u00c7\u00d5ES E INFRAERO QUER MUDAR PERFIL - Travel3","description":"A TRAVEL3 \u00e9 um portal de conte\u00fado voltado para o turismo, encontre destinos, viagens, hospedagem, passagens, guias, not\u00edcias sobre o mercado do turismo, dicas de viagem, v\u00eddeos e podcast.","robots":{"index":"index","follow":"follow","max-snippet":"max-snippet:-1","max-image-preview":"max-image-preview:large","max-video-preview":"max-video-preview:-1"},"canonical":"https:\/\/www.travel3.com.br\/site\/sem-categoria\/pampulha-sai-da-lista-de-privatizacoes-e-infraero-quer-mudar-perfil\/","og_locale":"pt_BR","og_type":"article","og_title":"PAMPULHA SAI DA LISTA DE PRIVATIZA\u00c7\u00d5ES E INFRAERO QUER MUDAR PERFIL - Travel3","og_description":"A TRAVEL3 \u00e9 um portal de conte\u00fado voltado para o turismo, encontre destinos, viagens, hospedagem, passagens, guias, not\u00edcias sobre o mercado do turismo, dicas de viagem, v\u00eddeos e podcast.","og_url":"https:\/\/www.travel3.com.br\/site\/sem-categoria\/pampulha-sai-da-lista-de-privatizacoes-e-infraero-quer-mudar-perfil\/","og_site_name":"Travel3","article_publisher":"https:\/\/www.facebook.com\/travel3media\/","article_published_time":"2017-09-05T03:14:32+00:00","author":"admin","twitter_card":"summary_large_image","twitter_misc":{"Escrito por":"admin","Est. tempo de leitura":"5 minutos"},"schema":{"@context":"https:\/\/schema.org","@graph":[{"@type":"Article","@id":"https:\/\/www.travel3.com.br\/site\/sem-categoria\/pampulha-sai-da-lista-de-privatizacoes-e-infraero-quer-mudar-perfil\/#article","isPartOf":{"@id":"https:\/\/www.travel3.com.br\/site\/sem-categoria\/pampulha-sai-da-lista-de-privatizacoes-e-infraero-quer-mudar-perfil\/"},"author":{"name":"admin","@id":"https:\/\/www.travel3.com.br\/site\/#\/schema\/person\/a69d71e41a024999b6ab82369ac0bd1e"},"headline":"PAMPULHA SAI DA LISTA DE PRIVATIZA\u00c7\u00d5ES E INFRAERO QUER MUDAR PERFIL","datePublished":"2017-09-05T03:14:32+00:00","mainEntityOfPage":{"@id":"https:\/\/www.travel3.com.br\/site\/sem-categoria\/pampulha-sai-da-lista-de-privatizacoes-e-infraero-quer-mudar-perfil\/"},"wordCount":986,"commentCount":0,"publisher":{"@id":"https:\/\/www.travel3.com.br\/site\/#organization"},"inLanguage":"pt-BR","potentialAction":[{"@type":"CommentAction","name":"Comment","target":["https:\/\/www.travel3.com.br\/site\/sem-categoria\/pampulha-sai-da-lista-de-privatizacoes-e-infraero-quer-mudar-perfil\/#respond"]}]},{"@type":"WebPage","@id":"https:\/\/www.travel3.com.br\/site\/sem-categoria\/pampulha-sai-da-lista-de-privatizacoes-e-infraero-quer-mudar-perfil\/","url":"https:\/\/www.travel3.com.br\/site\/sem-categoria\/pampulha-sai-da-lista-de-privatizacoes-e-infraero-quer-mudar-perfil\/","name":"PAMPULHA SAI DA LISTA DE PRIVATIZA\u00c7\u00d5ES E INFRAERO QUER MUDAR PERFIL - Travel3","isPartOf":{"@id":"https:\/\/www.travel3.com.br\/site\/#website"},"datePublished":"2017-09-05T03:14:32+00:00","description":"A TRAVEL3 \u00e9 um portal de conte\u00fado voltado para o turismo, encontre destinos, viagens, hospedagem, passagens, guias, not\u00edcias sobre o mercado do turismo, dicas de viagem, v\u00eddeos e podcast.","breadcrumb":{"@id":"https:\/\/www.travel3.com.br\/site\/sem-categoria\/pampulha-sai-da-lista-de-privatizacoes-e-infraero-quer-mudar-perfil\/#breadcrumb"},"inLanguage":"pt-BR","potentialAction":[{"@type":"ReadAction","target":["https:\/\/www.travel3.com.br\/site\/sem-categoria\/pampulha-sai-da-lista-de-privatizacoes-e-infraero-quer-mudar-perfil\/"]}]},{"@type":"BreadcrumbList","@id":"https:\/\/www.travel3.com.br\/site\/sem-categoria\/pampulha-sai-da-lista-de-privatizacoes-e-infraero-quer-mudar-perfil\/#breadcrumb","itemListElement":[{"@type":"ListItem","position":1,"name":"In\u00edcio","item":"https:\/\/www.travel3.com.br\/site\/"},{"@type":"ListItem","position":2,"name":"PAMPULHA SAI DA LISTA DE PRIVATIZA\u00c7\u00d5ES E INFRAERO QUER MUDAR PERFIL"}]},{"@type":"WebSite","@id":"https:\/\/www.travel3.com.br\/site\/#website","url":"https:\/\/www.travel3.com.br\/site\/","name":"Travel3","description":"Lazer + Neg&oacute;cios + Aventura","publisher":{"@id":"https:\/\/www.travel3.com.br\/site\/#organization"},"potentialAction":[{"@type":"SearchAction","target":{"@type":"EntryPoint","urlTemplate":"https:\/\/www.travel3.com.br\/site\/?s={search_term_string}"},"query-input":{"@type":"PropertyValueSpecification","valueRequired":true,"valueName":"search_term_string"}}],"inLanguage":"pt-BR"},{"@type":"Organization","@id":"https:\/\/www.travel3.com.br\/site\/#organization","name":"Travel3","url":"https:\/\/www.travel3.com.br\/site\/","logo":{"@type":"ImageObject","inLanguage":"pt-BR","@id":"https:\/\/www.travel3.com.br\/site\/#\/schema\/logo\/image\/","url":"https:\/\/www.travel3.com.br\/site\/wp-content\/uploads\/2020\/01\/logo-travel3-2020.png","contentUrl":"https:\/\/www.travel3.com.br\/site\/wp-content\/uploads\/2020\/01\/logo-travel3-2020.png","width":232,"height":79,"caption":"Travel3"},"image":{"@id":"https:\/\/www.travel3.com.br\/site\/#\/schema\/logo\/image\/"},"sameAs":["https:\/\/www.facebook.com\/travel3media\/","https:\/\/www.instagram.com\/revistatravel3\/","https:\/\/www.youtube.com\/channel\/UCno7J4paGBR3VbZQzvoJ9Eg"]},{"@type":"Person","@id":"https:\/\/www.travel3.com.br\/site\/#\/schema\/person\/a69d71e41a024999b6ab82369ac0bd1e","name":"admin","image":{"@type":"ImageObject","inLanguage":"pt-BR","@id":"https:\/\/www.travel3.com.br\/site\/#\/schema\/person\/image\/","url":"https:\/\/secure.gravatar.com\/avatar\/732a67adfd764da2a47ba10ce731c4c0?s=96&d=mm&r=g","contentUrl":"https:\/\/secure.gravatar.com\/avatar\/732a67adfd764da2a47ba10ce731c4c0?s=96&d=mm&r=g","caption":"admin"},"url":"https:\/\/www.travel3.com.br\/site\/author\/admin\/"}]}},"_links":{"self":[{"href":"https:\/\/www.travel3.com.br\/site\/wp-json\/wp\/v2\/posts\/925","targetHints":{"allow":["GET"]}}],"collection":[{"href":"https:\/\/www.travel3.com.br\/site\/wp-json\/wp\/v2\/posts"}],"about":[{"href":"https:\/\/www.travel3.com.br\/site\/wp-json\/wp\/v2\/types\/post"}],"author":[{"embeddable":true,"href":"https:\/\/www.travel3.com.br\/site\/wp-json\/wp\/v2\/users\/1"}],"replies":[{"embeddable":true,"href":"https:\/\/www.travel3.com.br\/site\/wp-json\/wp\/v2\/comments?post=925"}],"version-history":[{"count":0,"href":"https:\/\/www.travel3.com.br\/site\/wp-json\/wp\/v2\/posts\/925\/revisions"}],"wp:attachment":[{"href":"https:\/\/www.travel3.com.br\/site\/wp-json\/wp\/v2\/media?parent=925"}],"wp:term":[{"taxonomy":"category","embeddable":true,"href":"https:\/\/www.travel3.com.br\/site\/wp-json\/wp\/v2\/categories?post=925"},{"taxonomy":"post_tag","embeddable":true,"href":"https:\/\/www.travel3.com.br\/site\/wp-json\/wp\/v2\/tags?post=925"}],"curies":[{"name":"wp","href":"https:\/\/api.w.org\/{rel}","templated":true}]}}