{"id":902,"date":"2017-09-05T11:55:50","date_gmt":"2017-09-05T11:55:50","guid":{"rendered":"http:\/\/www.travel3.com.br\/site\/ir-e-vir\/ar\/accor-hotels-tem-mauro-rial-como-novo-cfo-para-a-america-do-sul\/"},"modified":"2017-09-05T11:55:50","modified_gmt":"2017-09-05T11:55:50","slug":"accor-hotels-tem-mauro-rial-como-novo-cfo-para-a-america-do-sul","status":"publish","type":"post","link":"https:\/\/www.travel3.com.br\/site\/sem-categoria\/accor-hotels-tem-mauro-rial-como-novo-cfo-para-a-america-do-sul\/","title":{"rendered":"ACCOR HOTELS TEM MAURO RIAL COMO NOVO CFO PARA A AMERICA DO SUL"},"content":{"rendered":"<p><span style=\"color: #40acad; font-family: -apple-system, system-ui, 'Segoe UI', Roboto, Oxygen-Sans, Ubuntu, Cantarell, 'Helvetica Neue', sans-serif; font-size: 12px; font-weight: bold;\"><\/p>\n<p style=\"text-align: justify;\">\u2018Estou muito motivado para aportar minha experi\u00eancia\u00a0 financeira de n\u00edvel mundial para apoiar o Grupo Accor no ambicioso desafio de chegar a 500 hoteis na Am\u00e9rica do Sul at\u00e9 2020\u2019, afirma o novo CFO do grupo que assumiu no dia primeiro de setembro.<\/p>\n<p style=\"text-align: justify;\">Nesta posi\u00e7\u00e3o, Ria vai dirigir todas as atividades financeiras para a regi\u00e3o, contribuindo no desenvolvimento dos neg\u00f3cios no continente e direcionando o ambicioso plano de neg\u00f3cios da Accor.<\/p>\n<p style=\"text-align: justify;\">Rial \u00a0que j\u00e1 atuou \u00a0em 2012 como CFO para a America Latina com sede em S\u00e3o Paulo, \u00e9 argentino, com m\u00e1ster em finan\u00e7as corporativas e uma especializa\u00e7\u00e3o em M&#038;A pela London Business School. O executivo come\u00e7ou sua carreira nos escrit\u00f3rios da Arthur Andersen, em Buenos Aires, no setor de petr\u00f3leo e g\u00e1z. Em 2003 iniciou sua carreira internacional no grupo Suez, em Porto Rico, e ocupou distintas posi\u00e7\u00f5es financeiras no Chile, Espanha e Fran\u00e7a.<\/p>\n<p style=\"text-align: justify;\">Durante sua gest\u00e3o a partir do Brasil, Mauro liderou diversas iniciativas para a otimiza\u00e7\u00e3o de processos e implanta\u00e7\u00e3o de sistemas de reestrutura\u00e7\u00e3o dos neg\u00f3cios. Agora, ter\u00e1 especial aten\u00e7\u00e3o para os pr\u00f3ximos quatro anos da Accor na Am\u00e9rica do Sul onde o grupo franc\u00eas pretende inaugurar mais de 40 hot\u00e9is, incluindo novas marcas.<\/p>\n<p style=\"text-align: justify;\">Os empreendimentos em constru\u00e7\u00e3o receber\u00e3o cerca de US$ 500 milh\u00f5es com investimes de s\u00f3cios locais \u00a0e dar\u00e3o mais de 5 mil leitos na oferta hoteleira.<\/p>\n<p style=\"text-align: justify;\">Estas unidades formam parte do plano de desenvolvimento da companhia que chegar\u00e1 a 500 hot\u00e9is na America do Sul para o ano de 2020.<\/p>\n<p style=\"text-align: justify;\">Atualmente, a Accor tem 36 hoteis em sete pa\u00edses da regi\u00e3o > s\u00e3o11 na Argentina, 8 no Chile, 7 na Colombia, 4 no Peru, 3 no Uruguai, 2 no Equador e 1 no Paraguai. S\u00e3o 5.526 leitos nos pa\u00edses hisp\u00e2nicos.<\/p>\n<p style=\"text-align: justify;\">Dentro da estrat\u00e9gia prevista, o Chile e o Peru representam mais de 60% da expans\u00e3o, como destaca Abel Castro, diretor de desenvolvimento. Ele confirma que o processo tamb\u00e9m prev\u00ea a chegada a pa\u00edses como a Bolivia no ano que vem.<\/p>\n<p>\u00a0<\/p>\n<p>\u00a0<\/p>\n<p>\u00a0<\/p>\n<p><\/span><\/p>\n","protected":false},"excerpt":{"rendered":"<p>Argentino vai  dirigir todas as atividades financeiras do grupo para a regi\u00e3o onde o grupo franc\u00eas pretende ter mais 40 hot\u00e9is nos pr\u00f3ximos anos<\/p>\n","protected":false},"author":1,"featured_media":0,"comment_status":"open","ping_status":"open","sticky":false,"template":"","format":"standard","meta":{"footnotes":""},"categories":[],"tags":[],"class_list":["post-902","post","type-post","status-publish","format-standard","hentry"],"yoast_head":"<!-- This site is optimized with the Yoast SEO plugin v26.2 - https:\/\/yoast.com\/wordpress\/plugins\/seo\/ -->\n<title>ACCOR HOTELS TEM MAURO RIAL COMO NOVO CFO PARA A AMERICA DO SUL - Travel3<\/title>\n<meta name=\"description\" content=\"A TRAVEL3 \u00e9 um portal de conte\u00fado voltado para o turismo, encontre destinos, viagens, hospedagem, passagens, guias, not\u00edcias sobre o mercado do turismo, dicas de viagem, v\u00eddeos e podcast.\" \/>\n<meta name=\"robots\" content=\"index, follow, max-snippet:-1, max-image-preview:large, max-video-preview:-1\" \/>\n<link rel=\"canonical\" href=\"https:\/\/www.travel3.com.br\/site\/sem-categoria\/accor-hotels-tem-mauro-rial-como-novo-cfo-para-a-america-do-sul\/\" \/>\n<meta property=\"og:locale\" content=\"pt_BR\" \/>\n<meta property=\"og:type\" content=\"article\" \/>\n<meta property=\"og:title\" content=\"ACCOR HOTELS TEM MAURO RIAL COMO NOVO CFO PARA A AMERICA DO SUL - Travel3\" \/>\n<meta property=\"og:description\" content=\"A TRAVEL3 \u00e9 um portal de conte\u00fado voltado para o turismo, encontre destinos, viagens, hospedagem, passagens, guias, not\u00edcias sobre o mercado do turismo, dicas de viagem, v\u00eddeos e podcast.\" \/>\n<meta property=\"og:url\" content=\"https:\/\/www.travel3.com.br\/site\/sem-categoria\/accor-hotels-tem-mauro-rial-como-novo-cfo-para-a-america-do-sul\/\" \/>\n<meta property=\"og:site_name\" content=\"Travel3\" \/>\n<meta property=\"article:publisher\" content=\"https:\/\/www.facebook.com\/travel3media\/\" \/>\n<meta property=\"article:published_time\" content=\"2017-09-05T11:55:50+00:00\" \/>\n<meta name=\"author\" content=\"admin\" \/>\n<meta name=\"twitter:card\" content=\"summary_large_image\" \/>\n<meta name=\"twitter:label1\" content=\"Escrito por\" \/>\n\t<meta name=\"twitter:data1\" content=\"admin\" \/>\n\t<meta name=\"twitter:label2\" content=\"Est. tempo de leitura\" \/>\n\t<meta name=\"twitter:data2\" content=\"2 minutos\" \/>\n<script type=\"application\/ld+json\" class=\"yoast-schema-graph\">{\"@context\":\"https:\/\/schema.org\",\"@graph\":[{\"@type\":\"Article\",\"@id\":\"https:\/\/www.travel3.com.br\/site\/sem-categoria\/accor-hotels-tem-mauro-rial-como-novo-cfo-para-a-america-do-sul\/#article\",\"isPartOf\":{\"@id\":\"https:\/\/www.travel3.com.br\/site\/sem-categoria\/accor-hotels-tem-mauro-rial-como-novo-cfo-para-a-america-do-sul\/\"},\"author\":{\"name\":\"admin\",\"@id\":\"https:\/\/www.travel3.com.br\/site\/#\/schema\/person\/a69d71e41a024999b6ab82369ac0bd1e\"},\"headline\":\"ACCOR HOTELS TEM MAURO RIAL COMO NOVO CFO PARA A AMERICA DO SUL\",\"datePublished\":\"2017-09-05T11:55:50+00:00\",\"mainEntityOfPage\":{\"@id\":\"https:\/\/www.travel3.com.br\/site\/sem-categoria\/accor-hotels-tem-mauro-rial-como-novo-cfo-para-a-america-do-sul\/\"},\"wordCount\":363,\"commentCount\":0,\"publisher\":{\"@id\":\"https:\/\/www.travel3.com.br\/site\/#organization\"},\"inLanguage\":\"pt-BR\",\"potentialAction\":[{\"@type\":\"CommentAction\",\"name\":\"Comment\",\"target\":[\"https:\/\/www.travel3.com.br\/site\/sem-categoria\/accor-hotels-tem-mauro-rial-como-novo-cfo-para-a-america-do-sul\/#respond\"]}]},{\"@type\":\"WebPage\",\"@id\":\"https:\/\/www.travel3.com.br\/site\/sem-categoria\/accor-hotels-tem-mauro-rial-como-novo-cfo-para-a-america-do-sul\/\",\"url\":\"https:\/\/www.travel3.com.br\/site\/sem-categoria\/accor-hotels-tem-mauro-rial-como-novo-cfo-para-a-america-do-sul\/\",\"name\":\"ACCOR HOTELS TEM MAURO RIAL COMO NOVO CFO PARA A AMERICA DO SUL - Travel3\",\"isPartOf\":{\"@id\":\"https:\/\/www.travel3.com.br\/site\/#website\"},\"datePublished\":\"2017-09-05T11:55:50+00:00\",\"description\":\"A TRAVEL3 \u00e9 um portal de conte\u00fado voltado para o turismo, encontre destinos, viagens, hospedagem, passagens, guias, not\u00edcias sobre o mercado do turismo, dicas de viagem, v\u00eddeos e podcast.\",\"breadcrumb\":{\"@id\":\"https:\/\/www.travel3.com.br\/site\/sem-categoria\/accor-hotels-tem-mauro-rial-como-novo-cfo-para-a-america-do-sul\/#breadcrumb\"},\"inLanguage\":\"pt-BR\",\"potentialAction\":[{\"@type\":\"ReadAction\",\"target\":[\"https:\/\/www.travel3.com.br\/site\/sem-categoria\/accor-hotels-tem-mauro-rial-como-novo-cfo-para-a-america-do-sul\/\"]}]},{\"@type\":\"BreadcrumbList\",\"@id\":\"https:\/\/www.travel3.com.br\/site\/sem-categoria\/accor-hotels-tem-mauro-rial-como-novo-cfo-para-a-america-do-sul\/#breadcrumb\",\"itemListElement\":[{\"@type\":\"ListItem\",\"position\":1,\"name\":\"In\u00edcio\",\"item\":\"https:\/\/www.travel3.com.br\/site\/\"},{\"@type\":\"ListItem\",\"position\":2,\"name\":\"ACCOR HOTELS TEM MAURO RIAL COMO NOVO CFO PARA A AMERICA DO SUL\"}]},{\"@type\":\"WebSite\",\"@id\":\"https:\/\/www.travel3.com.br\/site\/#website\",\"url\":\"https:\/\/www.travel3.com.br\/site\/\",\"name\":\"Travel3\",\"description\":\"Lazer + Neg&oacute;cios + Aventura\",\"publisher\":{\"@id\":\"https:\/\/www.travel3.com.br\/site\/#organization\"},\"potentialAction\":[{\"@type\":\"SearchAction\",\"target\":{\"@type\":\"EntryPoint\",\"urlTemplate\":\"https:\/\/www.travel3.com.br\/site\/?s={search_term_string}\"},\"query-input\":{\"@type\":\"PropertyValueSpecification\",\"valueRequired\":true,\"valueName\":\"search_term_string\"}}],\"inLanguage\":\"pt-BR\"},{\"@type\":\"Organization\",\"@id\":\"https:\/\/www.travel3.com.br\/site\/#organization\",\"name\":\"Travel3\",\"url\":\"https:\/\/www.travel3.com.br\/site\/\",\"logo\":{\"@type\":\"ImageObject\",\"inLanguage\":\"pt-BR\",\"@id\":\"https:\/\/www.travel3.com.br\/site\/#\/schema\/logo\/image\/\",\"url\":\"https:\/\/www.travel3.com.br\/site\/wp-content\/uploads\/2020\/01\/logo-travel3-2020.png\",\"contentUrl\":\"https:\/\/www.travel3.com.br\/site\/wp-content\/uploads\/2020\/01\/logo-travel3-2020.png\",\"width\":232,\"height\":79,\"caption\":\"Travel3\"},\"image\":{\"@id\":\"https:\/\/www.travel3.com.br\/site\/#\/schema\/logo\/image\/\"},\"sameAs\":[\"https:\/\/www.facebook.com\/travel3media\/\",\"https:\/\/www.instagram.com\/revistatravel3\/\",\"https:\/\/www.youtube.com\/channel\/UCno7J4paGBR3VbZQzvoJ9Eg\"]},{\"@type\":\"Person\",\"@id\":\"https:\/\/www.travel3.com.br\/site\/#\/schema\/person\/a69d71e41a024999b6ab82369ac0bd1e\",\"name\":\"admin\",\"image\":{\"@type\":\"ImageObject\",\"inLanguage\":\"pt-BR\",\"@id\":\"https:\/\/www.travel3.com.br\/site\/#\/schema\/person\/image\/\",\"url\":\"https:\/\/secure.gravatar.com\/avatar\/732a67adfd764da2a47ba10ce731c4c0?s=96&d=mm&r=g\",\"contentUrl\":\"https:\/\/secure.gravatar.com\/avatar\/732a67adfd764da2a47ba10ce731c4c0?s=96&d=mm&r=g\",\"caption\":\"admin\"},\"url\":\"https:\/\/www.travel3.com.br\/site\/author\/admin\/\"}]}<\/script>\n<!-- \/ Yoast SEO plugin. -->","yoast_head_json":{"title":"ACCOR HOTELS TEM MAURO RIAL COMO NOVO CFO PARA A AMERICA DO SUL - Travel3","description":"A TRAVEL3 \u00e9 um portal de conte\u00fado voltado para o turismo, encontre destinos, viagens, hospedagem, passagens, guias, not\u00edcias sobre o mercado do turismo, dicas de viagem, v\u00eddeos e podcast.","robots":{"index":"index","follow":"follow","max-snippet":"max-snippet:-1","max-image-preview":"max-image-preview:large","max-video-preview":"max-video-preview:-1"},"canonical":"https:\/\/www.travel3.com.br\/site\/sem-categoria\/accor-hotels-tem-mauro-rial-como-novo-cfo-para-a-america-do-sul\/","og_locale":"pt_BR","og_type":"article","og_title":"ACCOR HOTELS TEM MAURO RIAL COMO NOVO CFO PARA A AMERICA DO SUL - Travel3","og_description":"A TRAVEL3 \u00e9 um portal de conte\u00fado voltado para o turismo, encontre destinos, viagens, hospedagem, passagens, guias, not\u00edcias sobre o mercado do turismo, dicas de viagem, v\u00eddeos e podcast.","og_url":"https:\/\/www.travel3.com.br\/site\/sem-categoria\/accor-hotels-tem-mauro-rial-como-novo-cfo-para-a-america-do-sul\/","og_site_name":"Travel3","article_publisher":"https:\/\/www.facebook.com\/travel3media\/","article_published_time":"2017-09-05T11:55:50+00:00","author":"admin","twitter_card":"summary_large_image","twitter_misc":{"Escrito por":"admin","Est. tempo de leitura":"2 minutos"},"schema":{"@context":"https:\/\/schema.org","@graph":[{"@type":"Article","@id":"https:\/\/www.travel3.com.br\/site\/sem-categoria\/accor-hotels-tem-mauro-rial-como-novo-cfo-para-a-america-do-sul\/#article","isPartOf":{"@id":"https:\/\/www.travel3.com.br\/site\/sem-categoria\/accor-hotels-tem-mauro-rial-como-novo-cfo-para-a-america-do-sul\/"},"author":{"name":"admin","@id":"https:\/\/www.travel3.com.br\/site\/#\/schema\/person\/a69d71e41a024999b6ab82369ac0bd1e"},"headline":"ACCOR HOTELS TEM MAURO RIAL COMO NOVO CFO PARA A AMERICA DO SUL","datePublished":"2017-09-05T11:55:50+00:00","mainEntityOfPage":{"@id":"https:\/\/www.travel3.com.br\/site\/sem-categoria\/accor-hotels-tem-mauro-rial-como-novo-cfo-para-a-america-do-sul\/"},"wordCount":363,"commentCount":0,"publisher":{"@id":"https:\/\/www.travel3.com.br\/site\/#organization"},"inLanguage":"pt-BR","potentialAction":[{"@type":"CommentAction","name":"Comment","target":["https:\/\/www.travel3.com.br\/site\/sem-categoria\/accor-hotels-tem-mauro-rial-como-novo-cfo-para-a-america-do-sul\/#respond"]}]},{"@type":"WebPage","@id":"https:\/\/www.travel3.com.br\/site\/sem-categoria\/accor-hotels-tem-mauro-rial-como-novo-cfo-para-a-america-do-sul\/","url":"https:\/\/www.travel3.com.br\/site\/sem-categoria\/accor-hotels-tem-mauro-rial-como-novo-cfo-para-a-america-do-sul\/","name":"ACCOR HOTELS TEM MAURO RIAL COMO NOVO CFO PARA A AMERICA DO SUL - Travel3","isPartOf":{"@id":"https:\/\/www.travel3.com.br\/site\/#website"},"datePublished":"2017-09-05T11:55:50+00:00","description":"A TRAVEL3 \u00e9 um portal de conte\u00fado voltado para o turismo, encontre destinos, viagens, hospedagem, passagens, guias, not\u00edcias sobre o mercado do turismo, dicas de viagem, v\u00eddeos e podcast.","breadcrumb":{"@id":"https:\/\/www.travel3.com.br\/site\/sem-categoria\/accor-hotels-tem-mauro-rial-como-novo-cfo-para-a-america-do-sul\/#breadcrumb"},"inLanguage":"pt-BR","potentialAction":[{"@type":"ReadAction","target":["https:\/\/www.travel3.com.br\/site\/sem-categoria\/accor-hotels-tem-mauro-rial-como-novo-cfo-para-a-america-do-sul\/"]}]},{"@type":"BreadcrumbList","@id":"https:\/\/www.travel3.com.br\/site\/sem-categoria\/accor-hotels-tem-mauro-rial-como-novo-cfo-para-a-america-do-sul\/#breadcrumb","itemListElement":[{"@type":"ListItem","position":1,"name":"In\u00edcio","item":"https:\/\/www.travel3.com.br\/site\/"},{"@type":"ListItem","position":2,"name":"ACCOR HOTELS TEM MAURO RIAL COMO NOVO CFO PARA A AMERICA DO SUL"}]},{"@type":"WebSite","@id":"https:\/\/www.travel3.com.br\/site\/#website","url":"https:\/\/www.travel3.com.br\/site\/","name":"Travel3","description":"Lazer + Neg&oacute;cios + Aventura","publisher":{"@id":"https:\/\/www.travel3.com.br\/site\/#organization"},"potentialAction":[{"@type":"SearchAction","target":{"@type":"EntryPoint","urlTemplate":"https:\/\/www.travel3.com.br\/site\/?s={search_term_string}"},"query-input":{"@type":"PropertyValueSpecification","valueRequired":true,"valueName":"search_term_string"}}],"inLanguage":"pt-BR"},{"@type":"Organization","@id":"https:\/\/www.travel3.com.br\/site\/#organization","name":"Travel3","url":"https:\/\/www.travel3.com.br\/site\/","logo":{"@type":"ImageObject","inLanguage":"pt-BR","@id":"https:\/\/www.travel3.com.br\/site\/#\/schema\/logo\/image\/","url":"https:\/\/www.travel3.com.br\/site\/wp-content\/uploads\/2020\/01\/logo-travel3-2020.png","contentUrl":"https:\/\/www.travel3.com.br\/site\/wp-content\/uploads\/2020\/01\/logo-travel3-2020.png","width":232,"height":79,"caption":"Travel3"},"image":{"@id":"https:\/\/www.travel3.com.br\/site\/#\/schema\/logo\/image\/"},"sameAs":["https:\/\/www.facebook.com\/travel3media\/","https:\/\/www.instagram.com\/revistatravel3\/","https:\/\/www.youtube.com\/channel\/UCno7J4paGBR3VbZQzvoJ9Eg"]},{"@type":"Person","@id":"https:\/\/www.travel3.com.br\/site\/#\/schema\/person\/a69d71e41a024999b6ab82369ac0bd1e","name":"admin","image":{"@type":"ImageObject","inLanguage":"pt-BR","@id":"https:\/\/www.travel3.com.br\/site\/#\/schema\/person\/image\/","url":"https:\/\/secure.gravatar.com\/avatar\/732a67adfd764da2a47ba10ce731c4c0?s=96&d=mm&r=g","contentUrl":"https:\/\/secure.gravatar.com\/avatar\/732a67adfd764da2a47ba10ce731c4c0?s=96&d=mm&r=g","caption":"admin"},"url":"https:\/\/www.travel3.com.br\/site\/author\/admin\/"}]}},"_links":{"self":[{"href":"https:\/\/www.travel3.com.br\/site\/wp-json\/wp\/v2\/posts\/902","targetHints":{"allow":["GET"]}}],"collection":[{"href":"https:\/\/www.travel3.com.br\/site\/wp-json\/wp\/v2\/posts"}],"about":[{"href":"https:\/\/www.travel3.com.br\/site\/wp-json\/wp\/v2\/types\/post"}],"author":[{"embeddable":true,"href":"https:\/\/www.travel3.com.br\/site\/wp-json\/wp\/v2\/users\/1"}],"replies":[{"embeddable":true,"href":"https:\/\/www.travel3.com.br\/site\/wp-json\/wp\/v2\/comments?post=902"}],"version-history":[{"count":0,"href":"https:\/\/www.travel3.com.br\/site\/wp-json\/wp\/v2\/posts\/902\/revisions"}],"wp:attachment":[{"href":"https:\/\/www.travel3.com.br\/site\/wp-json\/wp\/v2\/media?parent=902"}],"wp:term":[{"taxonomy":"category","embeddable":true,"href":"https:\/\/www.travel3.com.br\/site\/wp-json\/wp\/v2\/categories?post=902"},{"taxonomy":"post_tag","embeddable":true,"href":"https:\/\/www.travel3.com.br\/site\/wp-json\/wp\/v2\/tags?post=902"}],"curies":[{"name":"wp","href":"https:\/\/api.w.org\/{rel}","templated":true}]}}