{"id":893,"date":"2017-09-12T09:51:32","date_gmt":"2017-09-12T09:51:32","guid":{"rendered":"http:\/\/www.travel3.com.br\/site\/ir-e-vir\/ar\/irma-passa-a-furacao-5-e-ameaca-porto-rico-e-a-florida\/"},"modified":"2017-09-12T09:51:32","modified_gmt":"2017-09-12T09:51:32","slug":"irma-passa-a-furacao-5-e-ameaca-porto-rico-e-a-florida","status":"publish","type":"post","link":"https:\/\/www.travel3.com.br\/site\/sem-categoria\/irma-passa-a-furacao-5-e-ameaca-porto-rico-e-a-florida\/","title":{"rendered":"IRMA PASSA A FURAC\u00c3O 5 E AMEA\u00c7A PORTO RICO E A FLORIDA"},"content":{"rendered":"<p><span style=\"color: #40acad; font-family: -apple-system, system-ui, 'Segoe UI', Roboto, Oxygen-Sans, Ubuntu, Cantarell, 'Helvetica Neue', sans-serif; font-size: 12px; font-weight: bold;\"><\/p>\n<p style=\"text-align:justify\">\u00c9 cada vez mais preocupante a velocidade e amea\u00e7as que o Irma estabelece em seu roteiro pela regi\u00e3o do Caribe. J\u00e1 classificado como de categoria 5, o Irma transforma-se em &#39;extremamente perigoso&#39;, como indica o Centro Nacional de Furac\u00f5es (NHC), acrescentando que\u00a0 ele se fortaleceu com ventos que alcan\u00e7aram\u00a0 mais de\u00a0 290 km\/h. Transforma-se desta maneira no mais veloz dos ultimos 40 anos.<\/p>\n<p style=\"text-align:justify\">Os impactos j\u00e1 come\u00e7aram a se fazer sentir em Porto Rico, antecipando em quase um dia \u00e0 sua chegada ao estado norteamericano. A passagem do fen\u00f4meno tamb\u00e9m alcan\u00e7ar\u00e1 as Ilhas Virgens e Guadalupe dentro do prazo de 36 horas.<\/p>\n<p style=\"text-align:justify\">&#8220;Apesar dos desafios econ\u00f4micos que enfrenta Porto Rico, o or\u00e7amento aprovado tem US $ 15 milh\u00f5es para o fundo de emerg\u00eancia&#8221;, afirmou \u00a0o governador, Ricardo Rossell\u00f3, em um comunicado sobre as provid\u00eancias preventivas. A Guarda Nacional \u00a0j\u00e1 foi ativada na ilha que \u00e9 territ\u00f3rio dos EUA.<\/p>\n<p style=\"text-align:justify\">No final da tarde de segunda-feira, o governador da Fl\u00f3rida, Rick Scott, tamb\u00e9m declarou um estado de emerg\u00eancia para todos os 67 munic\u00edpios do estado. &#8220;O furac\u00e3o Irma representa uma grave amea\u00e7a para todo o estado da Fl\u00f3rida e exige que sejam tomadas precau\u00e7\u00f5es\u00a0 para proteger as comunidades e a infra-estrutura do bem-estar geral deste Estado&#8221;, \u00a0diz a ordem executiva assinada.<\/p>\n<p style=\"text-align:justify\">Para quem precisa ou quer viajar para destinos \u00a0do Caribe , as companhias a\u00e9reas j\u00e1 est\u00e3o agilizando provid\u00eancias relacionadas a cancelamentos, suspens\u00f5es e taxas relacionas aos voos.\u00a0 A aAmerican Airlines, uma das que tem maior numero para a regi\u00e3o, podem alterar sem acr\u00e9scimos suas viagens at\u00e9 12 de setembro.\u00a0 Os destinos afetados diretamente \u00a0incluem Anguilla, Ant\u00edgua, Ilhas Virgens Brit\u00e2nicas, Porto Rico, Ilhas Virgens, entre outras.<\/p>\n<p style=\"text-align:justify\">Os viajantes que visitam ilhas como San Juan, St. Croix, St. Maarten e St. Thomas ter\u00e3o reembolso total se um\u00a0\u00a0voo da\u00a0Delta Air Lines\u00a0for cancelado ou com atraso. Os passageiros tamb\u00e9m s\u00e3o permitidos uma mudan\u00e7a \u00fanica sem taxa, mesmo que seus v\u00f4os n\u00e3o sejam cancelados.<\/p>\n<p style=\"text-align:justify\"><a class=\"fancybox-media\" href=\"..\/_uploads\/_noticia\/2017-09\/irmafuracaocat5.jpg\" rel=\"portfolio\"><img decoding=\"async\" alt=\"\" src=\"..\/_uploads\/_noticia\/2017-09\/irmafuracaocat5.jpg\" \/><\/a><\/p>\n<p style=\"text-align:justify\"><strong>Imagem da NASA mostra o deslocamento veloz do Irma j\u00e1 como furac\u00e3o 5<\/strong><\/p>\n<p style=\"text-align:justify\"><strong>CRUZEIROS<\/strong><\/p>\n<p>As linhas de cruzeiros que navegam pelo Caribe est\u00e3o mudando e cancelando itiner\u00e1rios para colocar a seguran\u00e7a de seus passageiros como prioridade. Mais de uma d\u00fazia de navios \u00a0e 40 mil passageiros, atualmente no mar ou em viagens planejadas para os pr\u00f3ximos dias, devem ser afetados pelo roteiro do Irma.<\/p>\n<p>A Norwegian Cruise Line (NCL)<strong> <\/strong>far\u00e1 ajustes no itiner\u00e1rio e cancelar\u00e1 dois cruzeiros com o Norwegian Escape e o Norwegian Sky. Os clientes receber\u00e3o reembolsos em dinheiro e \u00a0cr\u00e9dito de 50% para um cruzeiro futuro.<\/p>\n<p>Na<strong> <\/strong>R<strong>o<\/strong>yal Caribbean, foi alterado<strong> o<\/strong> itiner\u00e1rio para o Allure of the Seas qaue tem \u00a05.400 passageiros, navegando em uma agenda do Caribe Ocidental em vez de seu curso planejado pelo \u00a0lado Oriental. E est\u00e1 cancelando dois roteiros a partir de sexta, com \u00a0partidas de \u00a0Porto Canaveral e\u00a0 Miami.<\/p>\n<p>MSC Cruises &#8211; O MSC Divina, partiu ontem, dia 4 de setembro. Nenhuma mudan\u00e7a adicional foi acrescentada por enquanto.<\/p>\n<p>A Disney Cruises alterou os roteiros<strong> <\/strong>\u00a0para os navios \u00a0Disney Dream e Disney Fantasy para &#8220;ficar a uma dist\u00e2ncia segura da tempestade&#8221;.<\/p>\n<p>E a Carnival Cruise Line<strong> <\/strong>confirmou que ir\u00e1 modificar os itiner\u00e1rios de quatro de suas embarca\u00e7\u00f5es, incluindo o Glory (Miami), o Magic (Port Canaveral) e o Splendor (Fort Lauderdale) , todos na Fl\u00f3rida. Tamb\u00e9m est\u00e1 mudando o itiner\u00e1rio para outro navio, baseado em Baltimore.<\/p>\n<p>A Celebrity Cruise Line tamb\u00e9m mudou v\u00e1rios portos de escala no itiner\u00e1rio \u00a0do Celebrity Equinox, incluindo cancelar uma parada em St. Thomas, nas Ilhas Virgens Americanas.<\/p>\n<p style=\"text-align:justify\">\u00a0<\/p>\n<p>\u00a0<\/p>\n<p><\/span><\/p>\n","protected":false},"excerpt":{"rendered":"<p>Ventos de at\u00e9 290 km\/h aceleram passagem pelas ilhas do Caribe a caminho do territ\u00f3rio norteamericano, navios de cruzeiros alteram roteiros<\/p>\n","protected":false},"author":1,"featured_media":0,"comment_status":"open","ping_status":"open","sticky":false,"template":"","format":"standard","meta":{"footnotes":""},"categories":[],"tags":[],"class_list":["post-893","post","type-post","status-publish","format-standard","hentry"],"yoast_head":"<!-- This site is optimized with the Yoast SEO plugin v26.2 - https:\/\/yoast.com\/wordpress\/plugins\/seo\/ -->\n<title>IRMA PASSA A FURAC\u00c3O 5 E AMEA\u00c7A PORTO RICO E A FLORIDA - Travel3<\/title>\n<meta name=\"description\" content=\"A TRAVEL3 \u00e9 um portal de conte\u00fado voltado para o turismo, encontre destinos, viagens, hospedagem, passagens, guias, not\u00edcias sobre o mercado do turismo, dicas de viagem, v\u00eddeos e podcast.\" \/>\n<meta name=\"robots\" content=\"index, follow, max-snippet:-1, max-image-preview:large, max-video-preview:-1\" \/>\n<link rel=\"canonical\" href=\"https:\/\/www.travel3.com.br\/site\/sem-categoria\/irma-passa-a-furacao-5-e-ameaca-porto-rico-e-a-florida\/\" \/>\n<meta property=\"og:locale\" content=\"pt_BR\" \/>\n<meta property=\"og:type\" content=\"article\" \/>\n<meta property=\"og:title\" content=\"IRMA PASSA A FURAC\u00c3O 5 E AMEA\u00c7A PORTO RICO E A FLORIDA - Travel3\" \/>\n<meta property=\"og:description\" content=\"A TRAVEL3 \u00e9 um portal de conte\u00fado voltado para o turismo, encontre destinos, viagens, hospedagem, passagens, guias, not\u00edcias sobre o mercado do turismo, dicas de viagem, v\u00eddeos e podcast.\" \/>\n<meta property=\"og:url\" content=\"https:\/\/www.travel3.com.br\/site\/sem-categoria\/irma-passa-a-furacao-5-e-ameaca-porto-rico-e-a-florida\/\" \/>\n<meta property=\"og:site_name\" content=\"Travel3\" \/>\n<meta property=\"article:publisher\" content=\"https:\/\/www.facebook.com\/travel3media\/\" \/>\n<meta property=\"article:published_time\" content=\"2017-09-12T09:51:32+00:00\" \/>\n<meta name=\"author\" content=\"admin\" \/>\n<meta name=\"twitter:card\" content=\"summary_large_image\" \/>\n<meta name=\"twitter:label1\" content=\"Escrito por\" \/>\n\t<meta name=\"twitter:data1\" content=\"admin\" \/>\n\t<meta name=\"twitter:label2\" content=\"Est. tempo de leitura\" \/>\n\t<meta name=\"twitter:data2\" content=\"3 minutos\" \/>\n<script type=\"application\/ld+json\" class=\"yoast-schema-graph\">{\"@context\":\"https:\/\/schema.org\",\"@graph\":[{\"@type\":\"Article\",\"@id\":\"https:\/\/www.travel3.com.br\/site\/sem-categoria\/irma-passa-a-furacao-5-e-ameaca-porto-rico-e-a-florida\/#article\",\"isPartOf\":{\"@id\":\"https:\/\/www.travel3.com.br\/site\/sem-categoria\/irma-passa-a-furacao-5-e-ameaca-porto-rico-e-a-florida\/\"},\"author\":{\"name\":\"admin\",\"@id\":\"https:\/\/www.travel3.com.br\/site\/#\/schema\/person\/a69d71e41a024999b6ab82369ac0bd1e\"},\"headline\":\"IRMA PASSA A FURAC\u00c3O 5 E AMEA\u00c7A PORTO RICO E A FLORIDA\",\"datePublished\":\"2017-09-12T09:51:32+00:00\",\"mainEntityOfPage\":{\"@id\":\"https:\/\/www.travel3.com.br\/site\/sem-categoria\/irma-passa-a-furacao-5-e-ameaca-porto-rico-e-a-florida\/\"},\"wordCount\":632,\"commentCount\":0,\"publisher\":{\"@id\":\"https:\/\/www.travel3.com.br\/site\/#organization\"},\"inLanguage\":\"pt-BR\",\"potentialAction\":[{\"@type\":\"CommentAction\",\"name\":\"Comment\",\"target\":[\"https:\/\/www.travel3.com.br\/site\/sem-categoria\/irma-passa-a-furacao-5-e-ameaca-porto-rico-e-a-florida\/#respond\"]}]},{\"@type\":\"WebPage\",\"@id\":\"https:\/\/www.travel3.com.br\/site\/sem-categoria\/irma-passa-a-furacao-5-e-ameaca-porto-rico-e-a-florida\/\",\"url\":\"https:\/\/www.travel3.com.br\/site\/sem-categoria\/irma-passa-a-furacao-5-e-ameaca-porto-rico-e-a-florida\/\",\"name\":\"IRMA PASSA A FURAC\u00c3O 5 E AMEA\u00c7A PORTO RICO E A FLORIDA - Travel3\",\"isPartOf\":{\"@id\":\"https:\/\/www.travel3.com.br\/site\/#website\"},\"datePublished\":\"2017-09-12T09:51:32+00:00\",\"description\":\"A TRAVEL3 \u00e9 um portal de conte\u00fado voltado para o turismo, encontre destinos, viagens, hospedagem, passagens, guias, not\u00edcias sobre o mercado do turismo, dicas de viagem, v\u00eddeos e podcast.\",\"breadcrumb\":{\"@id\":\"https:\/\/www.travel3.com.br\/site\/sem-categoria\/irma-passa-a-furacao-5-e-ameaca-porto-rico-e-a-florida\/#breadcrumb\"},\"inLanguage\":\"pt-BR\",\"potentialAction\":[{\"@type\":\"ReadAction\",\"target\":[\"https:\/\/www.travel3.com.br\/site\/sem-categoria\/irma-passa-a-furacao-5-e-ameaca-porto-rico-e-a-florida\/\"]}]},{\"@type\":\"BreadcrumbList\",\"@id\":\"https:\/\/www.travel3.com.br\/site\/sem-categoria\/irma-passa-a-furacao-5-e-ameaca-porto-rico-e-a-florida\/#breadcrumb\",\"itemListElement\":[{\"@type\":\"ListItem\",\"position\":1,\"name\":\"In\u00edcio\",\"item\":\"https:\/\/www.travel3.com.br\/site\/\"},{\"@type\":\"ListItem\",\"position\":2,\"name\":\"IRMA PASSA A FURAC\u00c3O 5 E AMEA\u00c7A PORTO RICO E A FLORIDA\"}]},{\"@type\":\"WebSite\",\"@id\":\"https:\/\/www.travel3.com.br\/site\/#website\",\"url\":\"https:\/\/www.travel3.com.br\/site\/\",\"name\":\"Travel3\",\"description\":\"Lazer + Neg&oacute;cios + Aventura\",\"publisher\":{\"@id\":\"https:\/\/www.travel3.com.br\/site\/#organization\"},\"potentialAction\":[{\"@type\":\"SearchAction\",\"target\":{\"@type\":\"EntryPoint\",\"urlTemplate\":\"https:\/\/www.travel3.com.br\/site\/?s={search_term_string}\"},\"query-input\":{\"@type\":\"PropertyValueSpecification\",\"valueRequired\":true,\"valueName\":\"search_term_string\"}}],\"inLanguage\":\"pt-BR\"},{\"@type\":\"Organization\",\"@id\":\"https:\/\/www.travel3.com.br\/site\/#organization\",\"name\":\"Travel3\",\"url\":\"https:\/\/www.travel3.com.br\/site\/\",\"logo\":{\"@type\":\"ImageObject\",\"inLanguage\":\"pt-BR\",\"@id\":\"https:\/\/www.travel3.com.br\/site\/#\/schema\/logo\/image\/\",\"url\":\"https:\/\/www.travel3.com.br\/site\/wp-content\/uploads\/2020\/01\/logo-travel3-2020.png\",\"contentUrl\":\"https:\/\/www.travel3.com.br\/site\/wp-content\/uploads\/2020\/01\/logo-travel3-2020.png\",\"width\":232,\"height\":79,\"caption\":\"Travel3\"},\"image\":{\"@id\":\"https:\/\/www.travel3.com.br\/site\/#\/schema\/logo\/image\/\"},\"sameAs\":[\"https:\/\/www.facebook.com\/travel3media\/\",\"https:\/\/www.instagram.com\/revistatravel3\/\",\"https:\/\/www.youtube.com\/channel\/UCno7J4paGBR3VbZQzvoJ9Eg\"]},{\"@type\":\"Person\",\"@id\":\"https:\/\/www.travel3.com.br\/site\/#\/schema\/person\/a69d71e41a024999b6ab82369ac0bd1e\",\"name\":\"admin\",\"image\":{\"@type\":\"ImageObject\",\"inLanguage\":\"pt-BR\",\"@id\":\"https:\/\/www.travel3.com.br\/site\/#\/schema\/person\/image\/\",\"url\":\"https:\/\/secure.gravatar.com\/avatar\/732a67adfd764da2a47ba10ce731c4c0?s=96&d=mm&r=g\",\"contentUrl\":\"https:\/\/secure.gravatar.com\/avatar\/732a67adfd764da2a47ba10ce731c4c0?s=96&d=mm&r=g\",\"caption\":\"admin\"},\"url\":\"https:\/\/www.travel3.com.br\/site\/author\/admin\/\"}]}<\/script>\n<!-- \/ Yoast SEO plugin. -->","yoast_head_json":{"title":"IRMA PASSA A FURAC\u00c3O 5 E AMEA\u00c7A PORTO RICO E A FLORIDA - Travel3","description":"A TRAVEL3 \u00e9 um portal de conte\u00fado voltado para o turismo, encontre destinos, viagens, hospedagem, passagens, guias, not\u00edcias sobre o mercado do turismo, dicas de viagem, v\u00eddeos e podcast.","robots":{"index":"index","follow":"follow","max-snippet":"max-snippet:-1","max-image-preview":"max-image-preview:large","max-video-preview":"max-video-preview:-1"},"canonical":"https:\/\/www.travel3.com.br\/site\/sem-categoria\/irma-passa-a-furacao-5-e-ameaca-porto-rico-e-a-florida\/","og_locale":"pt_BR","og_type":"article","og_title":"IRMA PASSA A FURAC\u00c3O 5 E AMEA\u00c7A PORTO RICO E A FLORIDA - Travel3","og_description":"A TRAVEL3 \u00e9 um portal de conte\u00fado voltado para o turismo, encontre destinos, viagens, hospedagem, passagens, guias, not\u00edcias sobre o mercado do turismo, dicas de viagem, v\u00eddeos e podcast.","og_url":"https:\/\/www.travel3.com.br\/site\/sem-categoria\/irma-passa-a-furacao-5-e-ameaca-porto-rico-e-a-florida\/","og_site_name":"Travel3","article_publisher":"https:\/\/www.facebook.com\/travel3media\/","article_published_time":"2017-09-12T09:51:32+00:00","author":"admin","twitter_card":"summary_large_image","twitter_misc":{"Escrito por":"admin","Est. tempo de leitura":"3 minutos"},"schema":{"@context":"https:\/\/schema.org","@graph":[{"@type":"Article","@id":"https:\/\/www.travel3.com.br\/site\/sem-categoria\/irma-passa-a-furacao-5-e-ameaca-porto-rico-e-a-florida\/#article","isPartOf":{"@id":"https:\/\/www.travel3.com.br\/site\/sem-categoria\/irma-passa-a-furacao-5-e-ameaca-porto-rico-e-a-florida\/"},"author":{"name":"admin","@id":"https:\/\/www.travel3.com.br\/site\/#\/schema\/person\/a69d71e41a024999b6ab82369ac0bd1e"},"headline":"IRMA PASSA A FURAC\u00c3O 5 E AMEA\u00c7A PORTO RICO E A FLORIDA","datePublished":"2017-09-12T09:51:32+00:00","mainEntityOfPage":{"@id":"https:\/\/www.travel3.com.br\/site\/sem-categoria\/irma-passa-a-furacao-5-e-ameaca-porto-rico-e-a-florida\/"},"wordCount":632,"commentCount":0,"publisher":{"@id":"https:\/\/www.travel3.com.br\/site\/#organization"},"inLanguage":"pt-BR","potentialAction":[{"@type":"CommentAction","name":"Comment","target":["https:\/\/www.travel3.com.br\/site\/sem-categoria\/irma-passa-a-furacao-5-e-ameaca-porto-rico-e-a-florida\/#respond"]}]},{"@type":"WebPage","@id":"https:\/\/www.travel3.com.br\/site\/sem-categoria\/irma-passa-a-furacao-5-e-ameaca-porto-rico-e-a-florida\/","url":"https:\/\/www.travel3.com.br\/site\/sem-categoria\/irma-passa-a-furacao-5-e-ameaca-porto-rico-e-a-florida\/","name":"IRMA PASSA A FURAC\u00c3O 5 E AMEA\u00c7A PORTO RICO E A FLORIDA - Travel3","isPartOf":{"@id":"https:\/\/www.travel3.com.br\/site\/#website"},"datePublished":"2017-09-12T09:51:32+00:00","description":"A TRAVEL3 \u00e9 um portal de conte\u00fado voltado para o turismo, encontre destinos, viagens, hospedagem, passagens, guias, not\u00edcias sobre o mercado do turismo, dicas de viagem, v\u00eddeos e podcast.","breadcrumb":{"@id":"https:\/\/www.travel3.com.br\/site\/sem-categoria\/irma-passa-a-furacao-5-e-ameaca-porto-rico-e-a-florida\/#breadcrumb"},"inLanguage":"pt-BR","potentialAction":[{"@type":"ReadAction","target":["https:\/\/www.travel3.com.br\/site\/sem-categoria\/irma-passa-a-furacao-5-e-ameaca-porto-rico-e-a-florida\/"]}]},{"@type":"BreadcrumbList","@id":"https:\/\/www.travel3.com.br\/site\/sem-categoria\/irma-passa-a-furacao-5-e-ameaca-porto-rico-e-a-florida\/#breadcrumb","itemListElement":[{"@type":"ListItem","position":1,"name":"In\u00edcio","item":"https:\/\/www.travel3.com.br\/site\/"},{"@type":"ListItem","position":2,"name":"IRMA PASSA A FURAC\u00c3O 5 E AMEA\u00c7A PORTO RICO E A FLORIDA"}]},{"@type":"WebSite","@id":"https:\/\/www.travel3.com.br\/site\/#website","url":"https:\/\/www.travel3.com.br\/site\/","name":"Travel3","description":"Lazer + Neg&oacute;cios + Aventura","publisher":{"@id":"https:\/\/www.travel3.com.br\/site\/#organization"},"potentialAction":[{"@type":"SearchAction","target":{"@type":"EntryPoint","urlTemplate":"https:\/\/www.travel3.com.br\/site\/?s={search_term_string}"},"query-input":{"@type":"PropertyValueSpecification","valueRequired":true,"valueName":"search_term_string"}}],"inLanguage":"pt-BR"},{"@type":"Organization","@id":"https:\/\/www.travel3.com.br\/site\/#organization","name":"Travel3","url":"https:\/\/www.travel3.com.br\/site\/","logo":{"@type":"ImageObject","inLanguage":"pt-BR","@id":"https:\/\/www.travel3.com.br\/site\/#\/schema\/logo\/image\/","url":"https:\/\/www.travel3.com.br\/site\/wp-content\/uploads\/2020\/01\/logo-travel3-2020.png","contentUrl":"https:\/\/www.travel3.com.br\/site\/wp-content\/uploads\/2020\/01\/logo-travel3-2020.png","width":232,"height":79,"caption":"Travel3"},"image":{"@id":"https:\/\/www.travel3.com.br\/site\/#\/schema\/logo\/image\/"},"sameAs":["https:\/\/www.facebook.com\/travel3media\/","https:\/\/www.instagram.com\/revistatravel3\/","https:\/\/www.youtube.com\/channel\/UCno7J4paGBR3VbZQzvoJ9Eg"]},{"@type":"Person","@id":"https:\/\/www.travel3.com.br\/site\/#\/schema\/person\/a69d71e41a024999b6ab82369ac0bd1e","name":"admin","image":{"@type":"ImageObject","inLanguage":"pt-BR","@id":"https:\/\/www.travel3.com.br\/site\/#\/schema\/person\/image\/","url":"https:\/\/secure.gravatar.com\/avatar\/732a67adfd764da2a47ba10ce731c4c0?s=96&d=mm&r=g","contentUrl":"https:\/\/secure.gravatar.com\/avatar\/732a67adfd764da2a47ba10ce731c4c0?s=96&d=mm&r=g","caption":"admin"},"url":"https:\/\/www.travel3.com.br\/site\/author\/admin\/"}]}},"_links":{"self":[{"href":"https:\/\/www.travel3.com.br\/site\/wp-json\/wp\/v2\/posts\/893","targetHints":{"allow":["GET"]}}],"collection":[{"href":"https:\/\/www.travel3.com.br\/site\/wp-json\/wp\/v2\/posts"}],"about":[{"href":"https:\/\/www.travel3.com.br\/site\/wp-json\/wp\/v2\/types\/post"}],"author":[{"embeddable":true,"href":"https:\/\/www.travel3.com.br\/site\/wp-json\/wp\/v2\/users\/1"}],"replies":[{"embeddable":true,"href":"https:\/\/www.travel3.com.br\/site\/wp-json\/wp\/v2\/comments?post=893"}],"version-history":[{"count":0,"href":"https:\/\/www.travel3.com.br\/site\/wp-json\/wp\/v2\/posts\/893\/revisions"}],"wp:attachment":[{"href":"https:\/\/www.travel3.com.br\/site\/wp-json\/wp\/v2\/media?parent=893"}],"wp:term":[{"taxonomy":"category","embeddable":true,"href":"https:\/\/www.travel3.com.br\/site\/wp-json\/wp\/v2\/categories?post=893"},{"taxonomy":"post_tag","embeddable":true,"href":"https:\/\/www.travel3.com.br\/site\/wp-json\/wp\/v2\/tags?post=893"}],"curies":[{"name":"wp","href":"https:\/\/api.w.org\/{rel}","templated":true}]}}