{"id":882,"date":"2017-09-12T06:29:42","date_gmt":"2017-09-12T06:29:42","guid":{"rendered":"http:\/\/www.travel3.com.br\/site\/ir-e-vir\/ar\/em-novembro-fashion-days-deixara-san-miguel-de-allende-bonita\/"},"modified":"2017-10-11T20:35:36","modified_gmt":"2017-10-11T20:35:36","slug":"em-novembro-fashion-days-deixara-san-miguel-de-allende-bonita","status":"publish","type":"post","link":"https:\/\/www.travel3.com.br\/site\/dicas\/em-novembro-fashion-days-deixara-san-miguel-de-allende-bonita\/","title":{"rendered":"EM NOVEMBRO, FASHION DAYS DEIXAR\u00c1 SAN MIGUEL DE ALLENDE + BONITA"},"content":{"rendered":"<p>&nbsp;<\/p>\n<p style=\"text-align: justify;\"><strong>A Catedral de San Miguel de Allende, cidade que \u00e9 Patrim\u00f4nio Mundial da Unesco e foi eleita &#8220;A Melhor Cidade do Mundo&#8221;, pela revista norte-americana Travel + Leisure (Foto: CPTM\/Divulga\u00e7\u00e3o)<\/strong><\/p>\n<p style=\"text-align: justify;\">San Miguel de Allende \u00e9 uma das joias da coroa do Turismo Mexicano, que, pela quantidade e qualidade de destinos fant\u00e1sticos, j\u00e1 diz muito.<\/p>\n<p style=\"text-align: justify;\">Localizada no interior do pa\u00eds, no estado de Guanajuato recentemente conquistou o t\u00edtulo de \u201cA Melhor Cidade do Mundo\u201d pela b\u00edblia do turismo, a revista Travel + Leisure. E San Miguel de Allende faz jus ao t\u00edtulo. Poucos lugares do mundo &#8211; seja pela beleza urbana, pela preserva\u00e7\u00e3o de seu patrim\u00f4nio, pela gastronomia, hotelaria e hospitalidade &#8211; marcam tanto o viajante.<\/p>\n<p style=\"text-align: justify;\">Para completar, o M\u00e9xico \u00e9 hoje um destino perfeito para o bolso do brasileiro pois o nosso real vale, em m\u00e9dia, 5 vezes mais do que o peso mexicano.<\/p>\n<p style=\"text-align: justify;\">Por tudo isso, vale a pena conhecer San Miguel de Allende, que vai ficar ainda mais bonita e colorida no per\u00edodo de 8 a 10 de novembro, quando acontece na cidade o Fashion Days, um dos mais importantes eventos de moda do pa\u00eds.<\/p>\n<p style=\"text-align: justify;\">Durante este per\u00edodo, al\u00e9m de desfiles de estilistas consagrados, o turista ter\u00e1 acesso a uma programa\u00e7\u00e3o diferenciada, que inclui encontros culturais, eventos gastron\u00f4micos e outras experi\u00eancias \u00fanicas e inesquec\u00edveis.<\/p>\n<p style=\"text-align: justify;\">Uma mostra que eu adoraria ver \u00e9 a da estilista Mar\u00eda Luisa Ch\u00e1vez, que exibir\u00e1 os desenhos dos cen\u00e1rios que criou para diferentes \u00f3peras, como Carmen de Bizet, por exemplo.<\/p>\n<p style=\"text-align: justify;\">J\u00e1 Agatha Ruiz de la Prada, mestre do desenho conceitual, promete apresentar uma cole\u00e7\u00e3o de roupas confort\u00e1veis para o corpo e para a mente.<\/p>\n<p style=\"text-align: justify;\">Outra estilista presente, Isabelle Springmuhl, a primeira designer de moda com s\u00edndrome de Down, cujos desenhos foram exibidos na Semana de Moda de Londres de 2016, eleita recentemente pela BBC como uma das Top 100 mulheres do mundo, tamb\u00e9m participa do Fashion Days, em San Miguel de Allende, no M\u00e9xico.<\/p>\n<p style=\"text-align: justify;\">Finalmente \u00e9 importante destacar que Fashion Days \u00e9 uma plataforma de moda criada e dirigida pela Fashion- Lover Blanca de Santos, que apoia o novo talento nacional ao lado de estilistas j\u00e1 consagrados e apoia mais de 200 crian\u00e7as com defici\u00eancia e que por sua condi\u00e7\u00e3o econ\u00f4mica n\u00e3o podem ter acesso a servi\u00e7os de sa\u00fade e reabilita\u00e7\u00e3o.<\/p>\n<p style=\"text-align: justify;\"><strong>Saiba mais =\u00a0<a href=\"http:\/\/www.guanajuato.mx\">www.guanajuato.mx<\/a><\/strong><\/p>\n<p style=\"text-align: justify;\">\n","protected":false},"excerpt":{"rendered":"<p>Estilistas consagrados ao lado de novos talentos estar\u00e3o na cidade mexicana que receber\u00e1 ainda eventos culturais e gastron\u00f4micos<\/p>\n","protected":false},"author":1,"featured_media":6635,"comment_status":"open","ping_status":"open","sticky":false,"template":"","format":"standard","meta":{"footnotes":""},"categories":[7],"tags":[],"class_list":["post-882","post","type-post","status-publish","format-standard","has-post-thumbnail","hentry","category-dicas"],"yoast_head":"<!-- This site is optimized with the Yoast SEO plugin v26.2 - https:\/\/yoast.com\/wordpress\/plugins\/seo\/ -->\n<title>EM NOVEMBRO, FASHION DAYS DEIXAR\u00c1 SAN MIGUEL DE ALLENDE + BONITA - Travel3<\/title>\n<meta name=\"description\" content=\"A TRAVEL3 \u00e9 um portal de conte\u00fado voltado para o turismo, encontre destinos, viagens, hospedagem, passagens, guias, not\u00edcias sobre o mercado do turismo, dicas de viagem, v\u00eddeos e podcast.\" \/>\n<meta name=\"robots\" content=\"index, follow, max-snippet:-1, max-image-preview:large, max-video-preview:-1\" \/>\n<link rel=\"canonical\" href=\"https:\/\/www.travel3.com.br\/site\/dicas\/em-novembro-fashion-days-deixara-san-miguel-de-allende-bonita\/\" \/>\n<meta property=\"og:locale\" content=\"pt_BR\" \/>\n<meta property=\"og:type\" content=\"article\" \/>\n<meta property=\"og:title\" content=\"EM NOVEMBRO, FASHION DAYS DEIXAR\u00c1 SAN MIGUEL DE ALLENDE + BONITA - Travel3\" \/>\n<meta property=\"og:description\" content=\"A TRAVEL3 \u00e9 um portal de conte\u00fado voltado para o turismo, encontre destinos, viagens, hospedagem, passagens, guias, not\u00edcias sobre o mercado do turismo, dicas de viagem, v\u00eddeos e podcast.\" \/>\n<meta property=\"og:url\" content=\"https:\/\/www.travel3.com.br\/site\/dicas\/em-novembro-fashion-days-deixara-san-miguel-de-allende-bonita\/\" \/>\n<meta property=\"og:site_name\" content=\"Travel3\" \/>\n<meta property=\"article:publisher\" content=\"https:\/\/www.facebook.com\/travel3media\/\" \/>\n<meta property=\"article:published_time\" content=\"2017-09-12T06:29:42+00:00\" \/>\n<meta property=\"article:modified_time\" content=\"2017-10-11T20:35:36+00:00\" \/>\n<meta property=\"og:image\" content=\"https:\/\/www.travel3.com.br\/site\/wp-content\/uploads\/2017\/09\/gto-smallende-398-2.jpg\" \/>\n\t<meta property=\"og:image:width\" content=\"1920\" \/>\n\t<meta property=\"og:image:height\" content=\"900\" \/>\n\t<meta property=\"og:image:type\" content=\"image\/jpeg\" \/>\n<meta name=\"author\" content=\"admin\" \/>\n<meta name=\"twitter:card\" content=\"summary_large_image\" \/>\n<meta name=\"twitter:label1\" content=\"Escrito por\" \/>\n\t<meta name=\"twitter:data1\" content=\"admin\" \/>\n\t<meta name=\"twitter:label2\" content=\"Est. tempo de leitura\" \/>\n\t<meta name=\"twitter:data2\" content=\"2 minutos\" \/>\n<script type=\"application\/ld+json\" class=\"yoast-schema-graph\">{\"@context\":\"https:\/\/schema.org\",\"@graph\":[{\"@type\":\"Article\",\"@id\":\"https:\/\/www.travel3.com.br\/site\/dicas\/em-novembro-fashion-days-deixara-san-miguel-de-allende-bonita\/#article\",\"isPartOf\":{\"@id\":\"https:\/\/www.travel3.com.br\/site\/dicas\/em-novembro-fashion-days-deixara-san-miguel-de-allende-bonita\/\"},\"author\":{\"name\":\"admin\",\"@id\":\"https:\/\/www.travel3.com.br\/site\/#\/schema\/person\/a69d71e41a024999b6ab82369ac0bd1e\"},\"headline\":\"EM NOVEMBRO, FASHION DAYS DEIXAR\u00c1 SAN MIGUEL DE ALLENDE + BONITA\",\"datePublished\":\"2017-09-12T06:29:42+00:00\",\"dateModified\":\"2017-10-11T20:35:36+00:00\",\"mainEntityOfPage\":{\"@id\":\"https:\/\/www.travel3.com.br\/site\/dicas\/em-novembro-fashion-days-deixara-san-miguel-de-allende-bonita\/\"},\"wordCount\":415,\"commentCount\":0,\"publisher\":{\"@id\":\"https:\/\/www.travel3.com.br\/site\/#organization\"},\"image\":{\"@id\":\"https:\/\/www.travel3.com.br\/site\/dicas\/em-novembro-fashion-days-deixara-san-miguel-de-allende-bonita\/#primaryimage\"},\"thumbnailUrl\":\"https:\/\/www.travel3.com.br\/site\/wp-content\/uploads\/2017\/09\/gto-smallende-398-2.jpg\",\"articleSection\":[\"Dicas\"],\"inLanguage\":\"pt-BR\",\"potentialAction\":[{\"@type\":\"CommentAction\",\"name\":\"Comment\",\"target\":[\"https:\/\/www.travel3.com.br\/site\/dicas\/em-novembro-fashion-days-deixara-san-miguel-de-allende-bonita\/#respond\"]}]},{\"@type\":\"WebPage\",\"@id\":\"https:\/\/www.travel3.com.br\/site\/dicas\/em-novembro-fashion-days-deixara-san-miguel-de-allende-bonita\/\",\"url\":\"https:\/\/www.travel3.com.br\/site\/dicas\/em-novembro-fashion-days-deixara-san-miguel-de-allende-bonita\/\",\"name\":\"EM NOVEMBRO, FASHION DAYS DEIXAR\u00c1 SAN MIGUEL DE ALLENDE + BONITA - Travel3\",\"isPartOf\":{\"@id\":\"https:\/\/www.travel3.com.br\/site\/#website\"},\"primaryImageOfPage\":{\"@id\":\"https:\/\/www.travel3.com.br\/site\/dicas\/em-novembro-fashion-days-deixara-san-miguel-de-allende-bonita\/#primaryimage\"},\"image\":{\"@id\":\"https:\/\/www.travel3.com.br\/site\/dicas\/em-novembro-fashion-days-deixara-san-miguel-de-allende-bonita\/#primaryimage\"},\"thumbnailUrl\":\"https:\/\/www.travel3.com.br\/site\/wp-content\/uploads\/2017\/09\/gto-smallende-398-2.jpg\",\"datePublished\":\"2017-09-12T06:29:42+00:00\",\"dateModified\":\"2017-10-11T20:35:36+00:00\",\"description\":\"A TRAVEL3 \u00e9 um portal de conte\u00fado voltado para o turismo, encontre destinos, viagens, hospedagem, passagens, guias, not\u00edcias sobre o mercado do turismo, dicas de viagem, v\u00eddeos e podcast.\",\"breadcrumb\":{\"@id\":\"https:\/\/www.travel3.com.br\/site\/dicas\/em-novembro-fashion-days-deixara-san-miguel-de-allende-bonita\/#breadcrumb\"},\"inLanguage\":\"pt-BR\",\"potentialAction\":[{\"@type\":\"ReadAction\",\"target\":[\"https:\/\/www.travel3.com.br\/site\/dicas\/em-novembro-fashion-days-deixara-san-miguel-de-allende-bonita\/\"]}]},{\"@type\":\"ImageObject\",\"inLanguage\":\"pt-BR\",\"@id\":\"https:\/\/www.travel3.com.br\/site\/dicas\/em-novembro-fashion-days-deixara-san-miguel-de-allende-bonita\/#primaryimage\",\"url\":\"https:\/\/www.travel3.com.br\/site\/wp-content\/uploads\/2017\/09\/gto-smallende-398-2.jpg\",\"contentUrl\":\"https:\/\/www.travel3.com.br\/site\/wp-content\/uploads\/2017\/09\/gto-smallende-398-2.jpg\",\"width\":1920,\"height\":900},{\"@type\":\"BreadcrumbList\",\"@id\":\"https:\/\/www.travel3.com.br\/site\/dicas\/em-novembro-fashion-days-deixara-san-miguel-de-allende-bonita\/#breadcrumb\",\"itemListElement\":[{\"@type\":\"ListItem\",\"position\":1,\"name\":\"In\u00edcio\",\"item\":\"https:\/\/www.travel3.com.br\/site\/\"},{\"@type\":\"ListItem\",\"position\":2,\"name\":\"EM NOVEMBRO, FASHION DAYS DEIXAR\u00c1 SAN MIGUEL DE ALLENDE + BONITA\"}]},{\"@type\":\"WebSite\",\"@id\":\"https:\/\/www.travel3.com.br\/site\/#website\",\"url\":\"https:\/\/www.travel3.com.br\/site\/\",\"name\":\"Travel3\",\"description\":\"Lazer + Neg&oacute;cios + Aventura\",\"publisher\":{\"@id\":\"https:\/\/www.travel3.com.br\/site\/#organization\"},\"potentialAction\":[{\"@type\":\"SearchAction\",\"target\":{\"@type\":\"EntryPoint\",\"urlTemplate\":\"https:\/\/www.travel3.com.br\/site\/?s={search_term_string}\"},\"query-input\":{\"@type\":\"PropertyValueSpecification\",\"valueRequired\":true,\"valueName\":\"search_term_string\"}}],\"inLanguage\":\"pt-BR\"},{\"@type\":\"Organization\",\"@id\":\"https:\/\/www.travel3.com.br\/site\/#organization\",\"name\":\"Travel3\",\"url\":\"https:\/\/www.travel3.com.br\/site\/\",\"logo\":{\"@type\":\"ImageObject\",\"inLanguage\":\"pt-BR\",\"@id\":\"https:\/\/www.travel3.com.br\/site\/#\/schema\/logo\/image\/\",\"url\":\"https:\/\/www.travel3.com.br\/site\/wp-content\/uploads\/2020\/01\/logo-travel3-2020.png\",\"contentUrl\":\"https:\/\/www.travel3.com.br\/site\/wp-content\/uploads\/2020\/01\/logo-travel3-2020.png\",\"width\":232,\"height\":79,\"caption\":\"Travel3\"},\"image\":{\"@id\":\"https:\/\/www.travel3.com.br\/site\/#\/schema\/logo\/image\/\"},\"sameAs\":[\"https:\/\/www.facebook.com\/travel3media\/\",\"https:\/\/www.instagram.com\/revistatravel3\/\",\"https:\/\/www.youtube.com\/channel\/UCno7J4paGBR3VbZQzvoJ9Eg\"]},{\"@type\":\"Person\",\"@id\":\"https:\/\/www.travel3.com.br\/site\/#\/schema\/person\/a69d71e41a024999b6ab82369ac0bd1e\",\"name\":\"admin\",\"image\":{\"@type\":\"ImageObject\",\"inLanguage\":\"pt-BR\",\"@id\":\"https:\/\/www.travel3.com.br\/site\/#\/schema\/person\/image\/\",\"url\":\"https:\/\/secure.gravatar.com\/avatar\/732a67adfd764da2a47ba10ce731c4c0?s=96&d=mm&r=g\",\"contentUrl\":\"https:\/\/secure.gravatar.com\/avatar\/732a67adfd764da2a47ba10ce731c4c0?s=96&d=mm&r=g\",\"caption\":\"admin\"},\"url\":\"https:\/\/www.travel3.com.br\/site\/author\/admin\/\"}]}<\/script>\n<!-- \/ Yoast SEO plugin. -->","yoast_head_json":{"title":"EM NOVEMBRO, FASHION DAYS DEIXAR\u00c1 SAN MIGUEL DE ALLENDE + BONITA - Travel3","description":"A TRAVEL3 \u00e9 um portal de conte\u00fado voltado para o turismo, encontre destinos, viagens, hospedagem, passagens, guias, not\u00edcias sobre o mercado do turismo, dicas de viagem, v\u00eddeos e podcast.","robots":{"index":"index","follow":"follow","max-snippet":"max-snippet:-1","max-image-preview":"max-image-preview:large","max-video-preview":"max-video-preview:-1"},"canonical":"https:\/\/www.travel3.com.br\/site\/dicas\/em-novembro-fashion-days-deixara-san-miguel-de-allende-bonita\/","og_locale":"pt_BR","og_type":"article","og_title":"EM NOVEMBRO, FASHION DAYS DEIXAR\u00c1 SAN MIGUEL DE ALLENDE + BONITA - Travel3","og_description":"A TRAVEL3 \u00e9 um portal de conte\u00fado voltado para o turismo, encontre destinos, viagens, hospedagem, passagens, guias, not\u00edcias sobre o mercado do turismo, dicas de viagem, v\u00eddeos e podcast.","og_url":"https:\/\/www.travel3.com.br\/site\/dicas\/em-novembro-fashion-days-deixara-san-miguel-de-allende-bonita\/","og_site_name":"Travel3","article_publisher":"https:\/\/www.facebook.com\/travel3media\/","article_published_time":"2017-09-12T06:29:42+00:00","article_modified_time":"2017-10-11T20:35:36+00:00","og_image":[{"width":1920,"height":900,"url":"https:\/\/www.travel3.com.br\/site\/wp-content\/uploads\/2017\/09\/gto-smallende-398-2.jpg","type":"image\/jpeg"}],"author":"admin","twitter_card":"summary_large_image","twitter_misc":{"Escrito por":"admin","Est. tempo de leitura":"2 minutos"},"schema":{"@context":"https:\/\/schema.org","@graph":[{"@type":"Article","@id":"https:\/\/www.travel3.com.br\/site\/dicas\/em-novembro-fashion-days-deixara-san-miguel-de-allende-bonita\/#article","isPartOf":{"@id":"https:\/\/www.travel3.com.br\/site\/dicas\/em-novembro-fashion-days-deixara-san-miguel-de-allende-bonita\/"},"author":{"name":"admin","@id":"https:\/\/www.travel3.com.br\/site\/#\/schema\/person\/a69d71e41a024999b6ab82369ac0bd1e"},"headline":"EM NOVEMBRO, FASHION DAYS DEIXAR\u00c1 SAN MIGUEL DE ALLENDE + BONITA","datePublished":"2017-09-12T06:29:42+00:00","dateModified":"2017-10-11T20:35:36+00:00","mainEntityOfPage":{"@id":"https:\/\/www.travel3.com.br\/site\/dicas\/em-novembro-fashion-days-deixara-san-miguel-de-allende-bonita\/"},"wordCount":415,"commentCount":0,"publisher":{"@id":"https:\/\/www.travel3.com.br\/site\/#organization"},"image":{"@id":"https:\/\/www.travel3.com.br\/site\/dicas\/em-novembro-fashion-days-deixara-san-miguel-de-allende-bonita\/#primaryimage"},"thumbnailUrl":"https:\/\/www.travel3.com.br\/site\/wp-content\/uploads\/2017\/09\/gto-smallende-398-2.jpg","articleSection":["Dicas"],"inLanguage":"pt-BR","potentialAction":[{"@type":"CommentAction","name":"Comment","target":["https:\/\/www.travel3.com.br\/site\/dicas\/em-novembro-fashion-days-deixara-san-miguel-de-allende-bonita\/#respond"]}]},{"@type":"WebPage","@id":"https:\/\/www.travel3.com.br\/site\/dicas\/em-novembro-fashion-days-deixara-san-miguel-de-allende-bonita\/","url":"https:\/\/www.travel3.com.br\/site\/dicas\/em-novembro-fashion-days-deixara-san-miguel-de-allende-bonita\/","name":"EM NOVEMBRO, FASHION DAYS DEIXAR\u00c1 SAN MIGUEL DE ALLENDE + BONITA - Travel3","isPartOf":{"@id":"https:\/\/www.travel3.com.br\/site\/#website"},"primaryImageOfPage":{"@id":"https:\/\/www.travel3.com.br\/site\/dicas\/em-novembro-fashion-days-deixara-san-miguel-de-allende-bonita\/#primaryimage"},"image":{"@id":"https:\/\/www.travel3.com.br\/site\/dicas\/em-novembro-fashion-days-deixara-san-miguel-de-allende-bonita\/#primaryimage"},"thumbnailUrl":"https:\/\/www.travel3.com.br\/site\/wp-content\/uploads\/2017\/09\/gto-smallende-398-2.jpg","datePublished":"2017-09-12T06:29:42+00:00","dateModified":"2017-10-11T20:35:36+00:00","description":"A TRAVEL3 \u00e9 um portal de conte\u00fado voltado para o turismo, encontre destinos, viagens, hospedagem, passagens, guias, not\u00edcias sobre o mercado do turismo, dicas de viagem, v\u00eddeos e podcast.","breadcrumb":{"@id":"https:\/\/www.travel3.com.br\/site\/dicas\/em-novembro-fashion-days-deixara-san-miguel-de-allende-bonita\/#breadcrumb"},"inLanguage":"pt-BR","potentialAction":[{"@type":"ReadAction","target":["https:\/\/www.travel3.com.br\/site\/dicas\/em-novembro-fashion-days-deixara-san-miguel-de-allende-bonita\/"]}]},{"@type":"ImageObject","inLanguage":"pt-BR","@id":"https:\/\/www.travel3.com.br\/site\/dicas\/em-novembro-fashion-days-deixara-san-miguel-de-allende-bonita\/#primaryimage","url":"https:\/\/www.travel3.com.br\/site\/wp-content\/uploads\/2017\/09\/gto-smallende-398-2.jpg","contentUrl":"https:\/\/www.travel3.com.br\/site\/wp-content\/uploads\/2017\/09\/gto-smallende-398-2.jpg","width":1920,"height":900},{"@type":"BreadcrumbList","@id":"https:\/\/www.travel3.com.br\/site\/dicas\/em-novembro-fashion-days-deixara-san-miguel-de-allende-bonita\/#breadcrumb","itemListElement":[{"@type":"ListItem","position":1,"name":"In\u00edcio","item":"https:\/\/www.travel3.com.br\/site\/"},{"@type":"ListItem","position":2,"name":"EM NOVEMBRO, FASHION DAYS DEIXAR\u00c1 SAN MIGUEL DE ALLENDE + BONITA"}]},{"@type":"WebSite","@id":"https:\/\/www.travel3.com.br\/site\/#website","url":"https:\/\/www.travel3.com.br\/site\/","name":"Travel3","description":"Lazer + Neg&oacute;cios + Aventura","publisher":{"@id":"https:\/\/www.travel3.com.br\/site\/#organization"},"potentialAction":[{"@type":"SearchAction","target":{"@type":"EntryPoint","urlTemplate":"https:\/\/www.travel3.com.br\/site\/?s={search_term_string}"},"query-input":{"@type":"PropertyValueSpecification","valueRequired":true,"valueName":"search_term_string"}}],"inLanguage":"pt-BR"},{"@type":"Organization","@id":"https:\/\/www.travel3.com.br\/site\/#organization","name":"Travel3","url":"https:\/\/www.travel3.com.br\/site\/","logo":{"@type":"ImageObject","inLanguage":"pt-BR","@id":"https:\/\/www.travel3.com.br\/site\/#\/schema\/logo\/image\/","url":"https:\/\/www.travel3.com.br\/site\/wp-content\/uploads\/2020\/01\/logo-travel3-2020.png","contentUrl":"https:\/\/www.travel3.com.br\/site\/wp-content\/uploads\/2020\/01\/logo-travel3-2020.png","width":232,"height":79,"caption":"Travel3"},"image":{"@id":"https:\/\/www.travel3.com.br\/site\/#\/schema\/logo\/image\/"},"sameAs":["https:\/\/www.facebook.com\/travel3media\/","https:\/\/www.instagram.com\/revistatravel3\/","https:\/\/www.youtube.com\/channel\/UCno7J4paGBR3VbZQzvoJ9Eg"]},{"@type":"Person","@id":"https:\/\/www.travel3.com.br\/site\/#\/schema\/person\/a69d71e41a024999b6ab82369ac0bd1e","name":"admin","image":{"@type":"ImageObject","inLanguage":"pt-BR","@id":"https:\/\/www.travel3.com.br\/site\/#\/schema\/person\/image\/","url":"https:\/\/secure.gravatar.com\/avatar\/732a67adfd764da2a47ba10ce731c4c0?s=96&d=mm&r=g","contentUrl":"https:\/\/secure.gravatar.com\/avatar\/732a67adfd764da2a47ba10ce731c4c0?s=96&d=mm&r=g","caption":"admin"},"url":"https:\/\/www.travel3.com.br\/site\/author\/admin\/"}]}},"_links":{"self":[{"href":"https:\/\/www.travel3.com.br\/site\/wp-json\/wp\/v2\/posts\/882","targetHints":{"allow":["GET"]}}],"collection":[{"href":"https:\/\/www.travel3.com.br\/site\/wp-json\/wp\/v2\/posts"}],"about":[{"href":"https:\/\/www.travel3.com.br\/site\/wp-json\/wp\/v2\/types\/post"}],"author":[{"embeddable":true,"href":"https:\/\/www.travel3.com.br\/site\/wp-json\/wp\/v2\/users\/1"}],"replies":[{"embeddable":true,"href":"https:\/\/www.travel3.com.br\/site\/wp-json\/wp\/v2\/comments?post=882"}],"version-history":[{"count":2,"href":"https:\/\/www.travel3.com.br\/site\/wp-json\/wp\/v2\/posts\/882\/revisions"}],"predecessor-version":[{"id":6636,"href":"https:\/\/www.travel3.com.br\/site\/wp-json\/wp\/v2\/posts\/882\/revisions\/6636"}],"wp:featuredmedia":[{"embeddable":true,"href":"https:\/\/www.travel3.com.br\/site\/wp-json\/wp\/v2\/media\/6635"}],"wp:attachment":[{"href":"https:\/\/www.travel3.com.br\/site\/wp-json\/wp\/v2\/media?parent=882"}],"wp:term":[{"taxonomy":"category","embeddable":true,"href":"https:\/\/www.travel3.com.br\/site\/wp-json\/wp\/v2\/categories?post=882"},{"taxonomy":"post_tag","embeddable":true,"href":"https:\/\/www.travel3.com.br\/site\/wp-json\/wp\/v2\/tags?post=882"}],"curies":[{"name":"wp","href":"https:\/\/api.w.org\/{rel}","templated":true}]}}