{"id":869,"date":"2017-09-12T10:19:03","date_gmt":"2017-09-12T10:19:03","guid":{"rendered":"http:\/\/www.travel3.com.br\/site\/ir-e-vir\/ar\/passagem-do-irma-foi-menos-drastica-do-que-se-esperava\/"},"modified":"2017-09-12T10:19:03","modified_gmt":"2017-09-12T10:19:03","slug":"passagem-do-irma-foi-menos-drastica-do-que-se-esperava","status":"publish","type":"post","link":"https:\/\/www.travel3.com.br\/site\/sem-categoria\/passagem-do-irma-foi-menos-drastica-do-que-se-esperava\/","title":{"rendered":"PASSAGEM DO IRMA FOI MENOS DR\u00c1STICA DO QUE SE ESPERAVA"},"content":{"rendered":"<p><span style=\"color: #40acad; font-family: -apple-system, system-ui, 'Segoe UI', Roboto, Oxygen-Sans, Ubuntu, Cantarell, 'Helvetica Neue', sans-serif; font-size: 12px; font-weight: bold;\"><\/p>\n<p>Em meio \u00e0 ru\u00edna e destro\u00e7os, o furac\u00e3o Irma \u00a0passou e em todos os destinos do Caribe j\u00e1 existem\u00a0 sinais de recupera\u00e7\u00e3o e retomada das atividades tur\u00edsticas que s\u00e3o a for\u00e7a vital da regi\u00e3o.<\/p>\n<p>Algumas ilhas confrontaram um quadro de alivio \u00a0ap\u00f3s a passagem do Irma. Para elas os danos foram considerados de &#39;moderados a graves&#39;<\/p>\n<p>Anguilla est\u00e1 neste caso e passa pela recupera\u00e7\u00e3o de instala\u00e7\u00f5es hospitalares, no aeroporto, esta\u00e7\u00e3o de bombeiros, posto de pol\u00edcia e edif\u00edcios governamentais e servi\u00e7os p\u00fablicos. Est\u00e1 recebendo ajuda do governo brit\u00e2nico<\/p>\n<p>Um navio naval \u00a0ingles\u00a0 o HMS Ocean, com 40 engenheiros,\u00a0 desembarcou em Anguilla com equipamentos, incluindo ve\u00edculos, tendas e instala\u00e7\u00f5es para purifica\u00e7\u00e3o da \u00e1gua.<\/p>\n<p>Em Punta Cana, o resort Bavaro Beach \u00a0n\u00e3o afetou significativamente as opera\u00e7\u00f5es bem como todos os outros estabelecimentos da rede na Republica Dominicana seguem operando normalmente..<\/p>\n<p>Algumas outras regi\u00f5es, incluindo as Ilhas Cayman, Haiti, Jamaica, Santa L\u00facia e os pa\u00edses \u00a0caribenhos mais ao sul, \u00a0Aruba, Barbados, Grenada, Trinidad e Curacao, n\u00e3o foram afetados em larga escala pelo Irma.<\/p>\n<p>No entanto, outras ilhas apresentaram imagens de \u00a0extrema devasta\u00e7\u00e3o. Enquanto sua\u00a0 irm\u00e3 vizinha e maior de Ant\u00edgua saia \u00a0relativamente ilesa, Barbuda teve danos consider\u00e1veis. O governo \u00a0decretou s estado de emerg\u00eancia, juntamente com uma ordem de evacua\u00e7\u00e3o \u00a0pois 90% dos edif\u00edcios foram danificados.<\/p>\n<p>Barbuda recebe\u00a0 ajuda muito necess\u00e1ria ap\u00f3s o desastre. O Banco Mundial anunciou o estabelecimento de um Fundo de Al\u00edvio no Caribbean Union Bank para ajudar na reconstru\u00e7\u00e3o .<\/p>\n<p>Brian Stuart-Young, diretor executivo do Global Bank de Com\u00e9rcio.\u00a0 informou que \u00a0o organismo financeiro contribuiu com US $ 200.000 \u00a0para a reconstru\u00e7\u00e3o de Barbuda. que se prepara para enfrentar neste fim de semana o Jos\u00e9, outro furac\u00e3o com ares amea\u00e7adores.<\/p>\n<p style=\"text-align:justify\">Enquanto isso, as ilhas franco\/ holandesa de Sint Maarten e St. Barth&#39;s, as Ilhas Virgens dos EUA e as Ilhas Virgens Brit\u00e2nicas relataram danos significativos creditados ao Irma.<\/p>\n<p style=\"text-align:justify\">Os edif\u00edcios do governo de St. Barth, casas particulares e resorts, incluindo o The Eden Rock Hotel, foram destru\u00eddos.<\/p>\n<p style=\"text-align:justify\"><a class=\"fancybox-media\" href=\"..\/_uploads\/_noticia\/2017-09\/irmaemmarigotsaintmartin.jpg\" rel=\"portfolio\"><img decoding=\"async\" alt=\"\" src=\"..\/_uploads\/_noticia\/2017-09\/irmaemmarigotsaintmartin.jpg\" \/><\/a><\/p>\n<p style=\"text-align:justify\">\u201cHouve danos significativos nas \u00a0infra-estruturas em St. Thomas e St. John\u201d, informou \u00a0Beverly Nicholson-Doty, \u00a0comiss\u00e1rio de turismo das Ilhas Virgens. &#8220;O aeroporto Cyril E.King em St. Thomas n\u00e3o estar\u00e1 aberto para o tr\u00e1fego comercial antes do pr\u00f3ximo fim de semana&#8221;.<\/p>\n<p style=\"text-align:justify\">J\u00e1 em St. Croix que n\u00e3o recebeu o peso total da tempestade, \u00a0o aeroporto Henry E. Rohlsen est\u00e1 recebendo v\u00f4os. O Irma causou quatro v\u00edtimas em St. Thomas e as comunica\u00e7\u00f5es permanecem limitadas.<\/p>\n<p style=\"text-align:justify\">Os hot\u00e9is, escrit\u00f3rios governamentais, casas e edif\u00edcios menores foram gravemente danificados nos lados holandes e frances de Sint Maarten, onde o Aeroporto Internacional Princesa Juliana sofreu grandes danos .<\/p>\n<p style=\"text-align:justify\">O primeiro-ministro holand\u00eas, Mark Rutte, disse que o St. Maarten sofreu &#8220;destrui\u00e7\u00e3o em larga escala de infra-estruturas, casas e empresas ficando\u00a0 sem energia, gasolina ou \u00e1gua corrente&#8221;. \u00a0A rede Sonesta Hotels relatou danos maiores aos tr\u00eas resorts e a \u00a0Oyster Bay Beach Resort tamb\u00e9m apontou para \u00a0danos extensos. Reservas nos citados \u00a0hot\u00e9is ser\u00e3o canceladas at\u00e9 o final de 2017.<\/p>\n<p style=\"text-align:justify\">Quatro pessoas foram confirmadas como vitimas\u00a0 mais 50 feridas em St. Martin. Os governos \u00a0da Fran\u00e7a e Holanda est\u00e3o enviando pessoas, suprimentos e ajuda ao pa\u00eds.<\/p>\n<p style=\"text-align:justify\">&#8220;A destrui\u00e7\u00e3o causada pelo furac\u00e3o Irma nas Ilhas Virgens Brit\u00e2nicas foi devastadora. Com as torres de telefone celular e as quedas de energia, tem sido dif\u00edcil ter um informe completo dentro do territ\u00f3rio e avaliar completamente os danos &#8220;, relatou \u00a0Sharon Flax-Brutus, diretora de turismo da B.V.I.<\/p>\n<p style=\"text-align:justify\">Ela acrescenta \u00a0que o pa\u00eds &#8220;perdeu estruturas inteiras e muitas casas est\u00e3o sem telhados, ou foram reduzidas a meras funda\u00e7\u00f5es. E \u00a0ainda estamos no processo de avalia\u00e7\u00e3o&#8221;.<\/p>\n<p style=\"text-align:justify\">V\u00e1rias ilhas emergiram relativamente salvas \u00a0da tempestade e continuam hospedando os\u00a0 visitantes e turistas. Enquanto isso, outras \u00a0diretamente afetados est\u00e3o coordenando os esfor\u00e7os de socorro, trabalhando para retomar a atividade tur\u00edstica e tur\u00edstica ao mesmo tempo em que cuidam da reconstru\u00e7\u00e3o na \u00a0infra-estrutura p\u00fablica e tur\u00edstica.<\/p>\n<p style=\"text-align:justify\">Considerado entre as ilhas em risco extremo S\u00e3o Crist\u00f3v\u00e3o e Nevis informaram que\u00a0 ficaram virtualmente ilesas ap\u00f3s a passagem do Irma, com danos m\u00ednimos. \u00a0Tanto que os hot\u00e9is est\u00e3o retornando aos neg\u00f3cios, como de costume, e os h\u00f3spedes\u00a0 seguem desfrutando. Restaurantes, atra\u00e7\u00f5es e lojas est\u00e3o abertos &#8220;.<\/p>\n<p style=\"text-align:justify\">Os cruzeiros do pa\u00eds\u00a0tamb\u00e9m\u00a0est\u00e1\u00a0funcionando normalmente, assegura \u00a0Lindsay FP Grant, ministro do turismo, com\u00e9rcio internacional, ind\u00fastria e com\u00e9rcio do pa\u00eds.<\/p>\n<p style=\"text-align:justify\">Porto Rico tamb\u00e9m est\u00e1 retomando \u00a0a atividade relacionada ao turismo p\u00f3s-Irma.\u00a0A infra-estrutura e as atra\u00e7\u00f5es tur\u00edsticas do territ\u00f3rio est\u00e3o em opera\u00e7\u00e3o, embora haja falhas de energia. A maioria dos hot\u00e9is e servi\u00e7os essenciais, incluindo hospitais, est\u00e3o operacionais gra\u00e7as a geradores, \u00a0segundo as autoridades.\u00a0<\/p>\n<p style=\"text-align:justify\">Espera-se que o Aeroporto Internacional Luis Mu\u00f1oz Marin possa retomar opera\u00e7\u00f5es completas neste s\u00e1bado.\u00a0 E o porto de cruzeiros de San Juan \u2013 um dos mais ativos do Caribe &#8211; est\u00e1 sendo avaliado.<\/p>\n<p style=\"text-align:justify\">&#8220;Os viajantes que planejam visitar Porto Rico podem ter certeza de que seus planos n\u00e3o devem ser afetados&#8221;,\u00a0 afirmou Jose Izquierdo, diretor executivo do organismo de turismo.\u00a0&#8220;Nossa ind\u00fastria est\u00e1 pronta para continuar proporcionando a experi\u00eancia de qualidade que nos distingue&#8221;,\u00a0<\/p>\n<p style=\"text-align:justify\"><a class=\"fancybox-media\" href=\"..\/_uploads\/_noticia\/2017-09\/3irmafuracaocat5.jpg\" rel=\"portfolio\"><img decoding=\"async\" alt=\"\" src=\"..\/_uploads\/_noticia\/2017-09\/3irmafuracaocat5.jpg\" \/><\/a><\/p>\n<p style=\"text-align:justify\">Mas o Irma parece revigorar sua violencia antes de chegar \u00e0 Fl\u00f3rida, onde h\u00e1 um temor inusitado para este final de semana. Ontem, antes de passar por Cuba, o Irma voltou a ter a classifica\u00e7\u00e3o de 5 que havia perdido anteriormente.<\/p>\n<p>\u00a0<\/p>\n<p>\u00a0<\/p>\n<p>\u00a0<\/p>\n<p>\u00a0<\/p>\n<p>\u00a0<\/p>\n<p>\u00a0<\/p>\n<p><\/span><\/p>\n","protected":false},"excerpt":{"rendered":"<p>Parte do Caribe sofreu menos danos do que previsto; a preocupa\u00e7\u00e3o \u00e9 com a Fl\u00f3rida a partir deste fim de semana: confira 1o balan\u00e7o<\/p>\n","protected":false},"author":1,"featured_media":0,"comment_status":"open","ping_status":"open","sticky":false,"template":"","format":"standard","meta":{"footnotes":""},"categories":[],"tags":[],"class_list":["post-869","post","type-post","status-publish","format-standard","hentry"],"yoast_head":"<!-- This site is optimized with the Yoast SEO plugin v26.2 - https:\/\/yoast.com\/wordpress\/plugins\/seo\/ -->\n<title>PASSAGEM DO IRMA FOI MENOS DR\u00c1STICA DO QUE SE ESPERAVA - Travel3<\/title>\n<meta name=\"description\" content=\"A TRAVEL3 \u00e9 um portal de conte\u00fado voltado para o turismo, encontre destinos, viagens, hospedagem, passagens, guias, not\u00edcias sobre o mercado do turismo, dicas de viagem, v\u00eddeos e podcast.\" \/>\n<meta name=\"robots\" content=\"index, follow, max-snippet:-1, max-image-preview:large, max-video-preview:-1\" \/>\n<link rel=\"canonical\" href=\"https:\/\/www.travel3.com.br\/site\/sem-categoria\/passagem-do-irma-foi-menos-drastica-do-que-se-esperava\/\" \/>\n<meta property=\"og:locale\" content=\"pt_BR\" \/>\n<meta property=\"og:type\" content=\"article\" \/>\n<meta property=\"og:title\" content=\"PASSAGEM DO IRMA FOI MENOS DR\u00c1STICA DO QUE SE ESPERAVA - Travel3\" \/>\n<meta property=\"og:description\" content=\"A TRAVEL3 \u00e9 um portal de conte\u00fado voltado para o turismo, encontre destinos, viagens, hospedagem, passagens, guias, not\u00edcias sobre o mercado do turismo, dicas de viagem, v\u00eddeos e podcast.\" \/>\n<meta property=\"og:url\" content=\"https:\/\/www.travel3.com.br\/site\/sem-categoria\/passagem-do-irma-foi-menos-drastica-do-que-se-esperava\/\" \/>\n<meta property=\"og:site_name\" content=\"Travel3\" \/>\n<meta property=\"article:publisher\" content=\"https:\/\/www.facebook.com\/travel3media\/\" \/>\n<meta property=\"article:published_time\" content=\"2017-09-12T10:19:03+00:00\" \/>\n<meta name=\"author\" content=\"admin\" \/>\n<meta name=\"twitter:card\" content=\"summary_large_image\" \/>\n<meta name=\"twitter:label1\" content=\"Escrito por\" \/>\n\t<meta name=\"twitter:data1\" content=\"admin\" \/>\n\t<meta name=\"twitter:label2\" content=\"Est. tempo de leitura\" \/>\n\t<meta name=\"twitter:data2\" content=\"5 minutos\" \/>\n<script type=\"application\/ld+json\" class=\"yoast-schema-graph\">{\"@context\":\"https:\/\/schema.org\",\"@graph\":[{\"@type\":\"Article\",\"@id\":\"https:\/\/www.travel3.com.br\/site\/sem-categoria\/passagem-do-irma-foi-menos-drastica-do-que-se-esperava\/#article\",\"isPartOf\":{\"@id\":\"https:\/\/www.travel3.com.br\/site\/sem-categoria\/passagem-do-irma-foi-menos-drastica-do-que-se-esperava\/\"},\"author\":{\"name\":\"admin\",\"@id\":\"https:\/\/www.travel3.com.br\/site\/#\/schema\/person\/a69d71e41a024999b6ab82369ac0bd1e\"},\"headline\":\"PASSAGEM DO IRMA FOI MENOS DR\u00c1STICA DO QUE SE ESPERAVA\",\"datePublished\":\"2017-09-12T10:19:03+00:00\",\"mainEntityOfPage\":{\"@id\":\"https:\/\/www.travel3.com.br\/site\/sem-categoria\/passagem-do-irma-foi-menos-drastica-do-que-se-esperava\/\"},\"wordCount\":979,\"commentCount\":0,\"publisher\":{\"@id\":\"https:\/\/www.travel3.com.br\/site\/#organization\"},\"inLanguage\":\"pt-BR\",\"potentialAction\":[{\"@type\":\"CommentAction\",\"name\":\"Comment\",\"target\":[\"https:\/\/www.travel3.com.br\/site\/sem-categoria\/passagem-do-irma-foi-menos-drastica-do-que-se-esperava\/#respond\"]}]},{\"@type\":\"WebPage\",\"@id\":\"https:\/\/www.travel3.com.br\/site\/sem-categoria\/passagem-do-irma-foi-menos-drastica-do-que-se-esperava\/\",\"url\":\"https:\/\/www.travel3.com.br\/site\/sem-categoria\/passagem-do-irma-foi-menos-drastica-do-que-se-esperava\/\",\"name\":\"PASSAGEM DO IRMA FOI MENOS DR\u00c1STICA DO QUE SE ESPERAVA - Travel3\",\"isPartOf\":{\"@id\":\"https:\/\/www.travel3.com.br\/site\/#website\"},\"datePublished\":\"2017-09-12T10:19:03+00:00\",\"description\":\"A TRAVEL3 \u00e9 um portal de conte\u00fado voltado para o turismo, encontre destinos, viagens, hospedagem, passagens, guias, not\u00edcias sobre o mercado do turismo, dicas de viagem, v\u00eddeos e podcast.\",\"breadcrumb\":{\"@id\":\"https:\/\/www.travel3.com.br\/site\/sem-categoria\/passagem-do-irma-foi-menos-drastica-do-que-se-esperava\/#breadcrumb\"},\"inLanguage\":\"pt-BR\",\"potentialAction\":[{\"@type\":\"ReadAction\",\"target\":[\"https:\/\/www.travel3.com.br\/site\/sem-categoria\/passagem-do-irma-foi-menos-drastica-do-que-se-esperava\/\"]}]},{\"@type\":\"BreadcrumbList\",\"@id\":\"https:\/\/www.travel3.com.br\/site\/sem-categoria\/passagem-do-irma-foi-menos-drastica-do-que-se-esperava\/#breadcrumb\",\"itemListElement\":[{\"@type\":\"ListItem\",\"position\":1,\"name\":\"In\u00edcio\",\"item\":\"https:\/\/www.travel3.com.br\/site\/\"},{\"@type\":\"ListItem\",\"position\":2,\"name\":\"PASSAGEM DO IRMA FOI MENOS DR\u00c1STICA DO QUE SE ESPERAVA\"}]},{\"@type\":\"WebSite\",\"@id\":\"https:\/\/www.travel3.com.br\/site\/#website\",\"url\":\"https:\/\/www.travel3.com.br\/site\/\",\"name\":\"Travel3\",\"description\":\"Lazer + Neg&oacute;cios + Aventura\",\"publisher\":{\"@id\":\"https:\/\/www.travel3.com.br\/site\/#organization\"},\"potentialAction\":[{\"@type\":\"SearchAction\",\"target\":{\"@type\":\"EntryPoint\",\"urlTemplate\":\"https:\/\/www.travel3.com.br\/site\/?s={search_term_string}\"},\"query-input\":{\"@type\":\"PropertyValueSpecification\",\"valueRequired\":true,\"valueName\":\"search_term_string\"}}],\"inLanguage\":\"pt-BR\"},{\"@type\":\"Organization\",\"@id\":\"https:\/\/www.travel3.com.br\/site\/#organization\",\"name\":\"Travel3\",\"url\":\"https:\/\/www.travel3.com.br\/site\/\",\"logo\":{\"@type\":\"ImageObject\",\"inLanguage\":\"pt-BR\",\"@id\":\"https:\/\/www.travel3.com.br\/site\/#\/schema\/logo\/image\/\",\"url\":\"https:\/\/www.travel3.com.br\/site\/wp-content\/uploads\/2020\/01\/logo-travel3-2020.png\",\"contentUrl\":\"https:\/\/www.travel3.com.br\/site\/wp-content\/uploads\/2020\/01\/logo-travel3-2020.png\",\"width\":232,\"height\":79,\"caption\":\"Travel3\"},\"image\":{\"@id\":\"https:\/\/www.travel3.com.br\/site\/#\/schema\/logo\/image\/\"},\"sameAs\":[\"https:\/\/www.facebook.com\/travel3media\/\",\"https:\/\/www.instagram.com\/revistatravel3\/\",\"https:\/\/www.youtube.com\/channel\/UCno7J4paGBR3VbZQzvoJ9Eg\"]},{\"@type\":\"Person\",\"@id\":\"https:\/\/www.travel3.com.br\/site\/#\/schema\/person\/a69d71e41a024999b6ab82369ac0bd1e\",\"name\":\"admin\",\"image\":{\"@type\":\"ImageObject\",\"inLanguage\":\"pt-BR\",\"@id\":\"https:\/\/www.travel3.com.br\/site\/#\/schema\/person\/image\/\",\"url\":\"https:\/\/secure.gravatar.com\/avatar\/732a67adfd764da2a47ba10ce731c4c0?s=96&d=mm&r=g\",\"contentUrl\":\"https:\/\/secure.gravatar.com\/avatar\/732a67adfd764da2a47ba10ce731c4c0?s=96&d=mm&r=g\",\"caption\":\"admin\"},\"url\":\"https:\/\/www.travel3.com.br\/site\/author\/admin\/\"}]}<\/script>\n<!-- \/ Yoast SEO plugin. -->","yoast_head_json":{"title":"PASSAGEM DO IRMA FOI MENOS DR\u00c1STICA DO QUE SE ESPERAVA - Travel3","description":"A TRAVEL3 \u00e9 um portal de conte\u00fado voltado para o turismo, encontre destinos, viagens, hospedagem, passagens, guias, not\u00edcias sobre o mercado do turismo, dicas de viagem, v\u00eddeos e podcast.","robots":{"index":"index","follow":"follow","max-snippet":"max-snippet:-1","max-image-preview":"max-image-preview:large","max-video-preview":"max-video-preview:-1"},"canonical":"https:\/\/www.travel3.com.br\/site\/sem-categoria\/passagem-do-irma-foi-menos-drastica-do-que-se-esperava\/","og_locale":"pt_BR","og_type":"article","og_title":"PASSAGEM DO IRMA FOI MENOS DR\u00c1STICA DO QUE SE ESPERAVA - Travel3","og_description":"A TRAVEL3 \u00e9 um portal de conte\u00fado voltado para o turismo, encontre destinos, viagens, hospedagem, passagens, guias, not\u00edcias sobre o mercado do turismo, dicas de viagem, v\u00eddeos e podcast.","og_url":"https:\/\/www.travel3.com.br\/site\/sem-categoria\/passagem-do-irma-foi-menos-drastica-do-que-se-esperava\/","og_site_name":"Travel3","article_publisher":"https:\/\/www.facebook.com\/travel3media\/","article_published_time":"2017-09-12T10:19:03+00:00","author":"admin","twitter_card":"summary_large_image","twitter_misc":{"Escrito por":"admin","Est. tempo de leitura":"5 minutos"},"schema":{"@context":"https:\/\/schema.org","@graph":[{"@type":"Article","@id":"https:\/\/www.travel3.com.br\/site\/sem-categoria\/passagem-do-irma-foi-menos-drastica-do-que-se-esperava\/#article","isPartOf":{"@id":"https:\/\/www.travel3.com.br\/site\/sem-categoria\/passagem-do-irma-foi-menos-drastica-do-que-se-esperava\/"},"author":{"name":"admin","@id":"https:\/\/www.travel3.com.br\/site\/#\/schema\/person\/a69d71e41a024999b6ab82369ac0bd1e"},"headline":"PASSAGEM DO IRMA FOI MENOS DR\u00c1STICA DO QUE SE ESPERAVA","datePublished":"2017-09-12T10:19:03+00:00","mainEntityOfPage":{"@id":"https:\/\/www.travel3.com.br\/site\/sem-categoria\/passagem-do-irma-foi-menos-drastica-do-que-se-esperava\/"},"wordCount":979,"commentCount":0,"publisher":{"@id":"https:\/\/www.travel3.com.br\/site\/#organization"},"inLanguage":"pt-BR","potentialAction":[{"@type":"CommentAction","name":"Comment","target":["https:\/\/www.travel3.com.br\/site\/sem-categoria\/passagem-do-irma-foi-menos-drastica-do-que-se-esperava\/#respond"]}]},{"@type":"WebPage","@id":"https:\/\/www.travel3.com.br\/site\/sem-categoria\/passagem-do-irma-foi-menos-drastica-do-que-se-esperava\/","url":"https:\/\/www.travel3.com.br\/site\/sem-categoria\/passagem-do-irma-foi-menos-drastica-do-que-se-esperava\/","name":"PASSAGEM DO IRMA FOI MENOS DR\u00c1STICA DO QUE SE ESPERAVA - Travel3","isPartOf":{"@id":"https:\/\/www.travel3.com.br\/site\/#website"},"datePublished":"2017-09-12T10:19:03+00:00","description":"A TRAVEL3 \u00e9 um portal de conte\u00fado voltado para o turismo, encontre destinos, viagens, hospedagem, passagens, guias, not\u00edcias sobre o mercado do turismo, dicas de viagem, v\u00eddeos e podcast.","breadcrumb":{"@id":"https:\/\/www.travel3.com.br\/site\/sem-categoria\/passagem-do-irma-foi-menos-drastica-do-que-se-esperava\/#breadcrumb"},"inLanguage":"pt-BR","potentialAction":[{"@type":"ReadAction","target":["https:\/\/www.travel3.com.br\/site\/sem-categoria\/passagem-do-irma-foi-menos-drastica-do-que-se-esperava\/"]}]},{"@type":"BreadcrumbList","@id":"https:\/\/www.travel3.com.br\/site\/sem-categoria\/passagem-do-irma-foi-menos-drastica-do-que-se-esperava\/#breadcrumb","itemListElement":[{"@type":"ListItem","position":1,"name":"In\u00edcio","item":"https:\/\/www.travel3.com.br\/site\/"},{"@type":"ListItem","position":2,"name":"PASSAGEM DO IRMA FOI MENOS DR\u00c1STICA DO QUE SE ESPERAVA"}]},{"@type":"WebSite","@id":"https:\/\/www.travel3.com.br\/site\/#website","url":"https:\/\/www.travel3.com.br\/site\/","name":"Travel3","description":"Lazer + Neg&oacute;cios + Aventura","publisher":{"@id":"https:\/\/www.travel3.com.br\/site\/#organization"},"potentialAction":[{"@type":"SearchAction","target":{"@type":"EntryPoint","urlTemplate":"https:\/\/www.travel3.com.br\/site\/?s={search_term_string}"},"query-input":{"@type":"PropertyValueSpecification","valueRequired":true,"valueName":"search_term_string"}}],"inLanguage":"pt-BR"},{"@type":"Organization","@id":"https:\/\/www.travel3.com.br\/site\/#organization","name":"Travel3","url":"https:\/\/www.travel3.com.br\/site\/","logo":{"@type":"ImageObject","inLanguage":"pt-BR","@id":"https:\/\/www.travel3.com.br\/site\/#\/schema\/logo\/image\/","url":"https:\/\/www.travel3.com.br\/site\/wp-content\/uploads\/2020\/01\/logo-travel3-2020.png","contentUrl":"https:\/\/www.travel3.com.br\/site\/wp-content\/uploads\/2020\/01\/logo-travel3-2020.png","width":232,"height":79,"caption":"Travel3"},"image":{"@id":"https:\/\/www.travel3.com.br\/site\/#\/schema\/logo\/image\/"},"sameAs":["https:\/\/www.facebook.com\/travel3media\/","https:\/\/www.instagram.com\/revistatravel3\/","https:\/\/www.youtube.com\/channel\/UCno7J4paGBR3VbZQzvoJ9Eg"]},{"@type":"Person","@id":"https:\/\/www.travel3.com.br\/site\/#\/schema\/person\/a69d71e41a024999b6ab82369ac0bd1e","name":"admin","image":{"@type":"ImageObject","inLanguage":"pt-BR","@id":"https:\/\/www.travel3.com.br\/site\/#\/schema\/person\/image\/","url":"https:\/\/secure.gravatar.com\/avatar\/732a67adfd764da2a47ba10ce731c4c0?s=96&d=mm&r=g","contentUrl":"https:\/\/secure.gravatar.com\/avatar\/732a67adfd764da2a47ba10ce731c4c0?s=96&d=mm&r=g","caption":"admin"},"url":"https:\/\/www.travel3.com.br\/site\/author\/admin\/"}]}},"_links":{"self":[{"href":"https:\/\/www.travel3.com.br\/site\/wp-json\/wp\/v2\/posts\/869","targetHints":{"allow":["GET"]}}],"collection":[{"href":"https:\/\/www.travel3.com.br\/site\/wp-json\/wp\/v2\/posts"}],"about":[{"href":"https:\/\/www.travel3.com.br\/site\/wp-json\/wp\/v2\/types\/post"}],"author":[{"embeddable":true,"href":"https:\/\/www.travel3.com.br\/site\/wp-json\/wp\/v2\/users\/1"}],"replies":[{"embeddable":true,"href":"https:\/\/www.travel3.com.br\/site\/wp-json\/wp\/v2\/comments?post=869"}],"version-history":[{"count":0,"href":"https:\/\/www.travel3.com.br\/site\/wp-json\/wp\/v2\/posts\/869\/revisions"}],"wp:attachment":[{"href":"https:\/\/www.travel3.com.br\/site\/wp-json\/wp\/v2\/media?parent=869"}],"wp:term":[{"taxonomy":"category","embeddable":true,"href":"https:\/\/www.travel3.com.br\/site\/wp-json\/wp\/v2\/categories?post=869"},{"taxonomy":"post_tag","embeddable":true,"href":"https:\/\/www.travel3.com.br\/site\/wp-json\/wp\/v2\/tags?post=869"}],"curies":[{"name":"wp","href":"https:\/\/api.w.org\/{rel}","templated":true}]}}