{"id":858,"date":"2017-09-12T09:22:40","date_gmt":"2017-09-12T09:22:40","guid":{"rendered":"http:\/\/www.travel3.com.br\/site\/ir-e-vir\/ar\/gran-melia-nacional-rio-de-janeiro-voce-aqui-com-o-seu-amor\/"},"modified":"2017-09-12T09:22:40","modified_gmt":"2017-09-12T09:22:40","slug":"gran-melia-nacional-rio-de-janeiro-voce-aqui-com-o-seu-amor","status":"publish","type":"post","link":"https:\/\/www.travel3.com.br\/site\/sem-categoria\/gran-melia-nacional-rio-de-janeiro-voce-aqui-com-o-seu-amor\/","title":{"rendered":"GRAN MELIA NACIONAL RIO DE JANEIRO: VOC\u00ca, AQUI, COM O SEU AMOR"},"content":{"rendered":"<p><span style=\"color: #40acad; font-family: -apple-system, system-ui, 'Segoe UI', Roboto, Oxygen-Sans, Ubuntu, Cantarell, 'Helvetica Neue', sans-serif; font-size: 12px; font-weight: bold;\"><\/p>\n<p style=\"text-align:justify\"><strong>Su\u00edte supreme do Gran Meli\u00e1 Nacional Rio de Janeiro (Fotos: Meli\u00e1 Hotels &#038; Resorts\/Divulga\u00e7\u00e3o)<\/strong><\/p>\n<p style=\"text-align:justify\">Curtir uma escapada rom\u00e2ntica, viver uma lua de mel inesquec\u00edvel ou celebrar um casamento, bodas ou renova\u00e7\u00e3o de votos merece um hotel que esteja \u00e0 altura da ocasi\u00e3o. No Brasil, quando o assunto \u00e9 surpreender, receber e criar a atmosfera ideal para uma experi\u00eancia \u00fanica, poucos se equiparam ao Gran Meli\u00e1 Nacional Rio de Janeiro.<\/p>\n<p style=\"text-align:justify\">O Gran Meli\u00e1 Rio \u00e9 o que se pode chamar de um aut\u00eantico Grande Hotel, no sentido cl\u00e1ssico da express\u00e3o. Tombado pelo Patrim\u00f4nio Hist\u00f3rico e Art\u00edstico Nacional (IPHAN), sua constru\u00e7\u00e3o \u00e9 uma obra de arte assinada pelo arquiteto Oscar Niemeyer, com jardins criados pelo paisagista Roberto Burle Marx. A famosa escultura da Sereia, um dos s\u00edmbolos do hotel, \u00e9 de Alfredo Ceschiatti, outro grande artista nacional. Hist\u00f3rico, por suas depend\u00eancias j\u00e1 passaram nomes ilustres como a atriz Liza Minelli, o m\u00fasico B.B. King, pol\u00edticos internacionais, celebridades de todos os tipos e personagens relevantes do s\u00e9culo 20.<\/p>\n<p style=\"text-align:justify\">Em pleno s\u00e9culo 21, o sempre renomado Hotel Nacional renasce com uma nova roupagem e conceito, sem se esquecer das tradi\u00e7\u00f5es. Convertido em Gran Meli\u00e1 Nacional Rio de Janeiro, o conceito agora \u00e9 o exceptional service, que recebe os h\u00f3spedes com hospitalidade extrema e preza pela excel\u00eancia em servi\u00e7os.<\/p>\n<p style=\"text-align:justify\"><a class=\"fancybox-media\" href=\"..\/_uploads\/_noticia\/2017-09\/2-lobby.jpg\" rel=\"portfolio\"><img decoding=\"async\" alt=\"\" src=\"..\/_uploads\/_noticia\/2017-09\/2-lobby.jpg\" \/><\/a><strong>Um lobby que exibe arte por todos os lados<\/strong><\/p>\n<p style=\"text-align:justify\">Localizado no cen\u00e1rio id\u00edlico de S\u00e3o Conrado, no meio do caminho entre a Barra e o Leblon, \u00e9 um ref\u00fagio entre o mar e as montanhas cariocas. A vontade que se tem \u00e9 de fazer o check-in e, a contragosto, s\u00f3 sair na hora de voltar para casa. Do lobby \u2013 que remete a uma galeria de arte contempor\u00e2nea aos quartos e su\u00edtes, decorados com requinte \u2013, tudo contribui para o casal n\u00e3o querer deixar o Gran Meli\u00e1 Rio.<\/p>\n<p style=\"text-align:justify\">O hotel tem dois restaurantes: A Sereia, especializado na culin\u00e1ria mediterr\u00e2nea; e o Signature, que levar\u00e1 a assinatura de um renomado chef e ser\u00e1 inaugurado ainda em 2017. Bardot e Amaro s\u00e3o os bares, respectivamente, na piscina e no lobby do hotel. Em 2018 ser\u00e1 inaugurado um bar na cobertura, com uma das mais espetaculares vistas do Rio.<\/p>\n<p style=\"text-align:justify\">J\u00e1 o Spa by Clarins, \u00fanico no Brasil, \u00e9 para noivos ou casais em primeira ou d\u00e9cima lua de mel, que acreditam que uma viagem rom\u00e2ntica tem tudo a ver com qualidade de vida. Os tratamentos seguem a prescri\u00e7\u00e3o da famosa grife francesa e oferecem aos h\u00f3spedes um mergulho de corpo e alma nas mais deliciosas terapias manuais.<\/p>\n<p style=\"text-align:justify\"><a class=\"fancybox-media\" href=\"..\/_uploads\/_noticia\/2017-09\/3-melia-spa-04.jpg\" rel=\"portfolio\"><img decoding=\"async\" alt=\"\" src=\"..\/_uploads\/_noticia\/2017-09\/3-melia-spa-04.jpg\" \/><\/a><strong>Terapia a dois, no Spa by Clarins<\/strong><\/p>\n<p style=\"text-align:justify\">Com tantos mimos, sofistica\u00e7\u00e3o e servi\u00e7os impec\u00e1veis, viver intensamente uma estadia em um resort urbano \u00e9 o convite do Gran Meli\u00e1 Nacional Rio de Janeiro.<\/p>\n<p style=\"text-align:justify\"><strong>Raio-x Gran Meli\u00e1 Nacional Rio de Janeiro<\/strong><\/p>\n<p style=\"text-align:justify\"><strong>Endere\u00e7o =<\/strong> Avenida Niemeyer, 769 \u2013 Sa\u0303o Conrado.<\/p>\n<p style=\"text-align:justify\"><strong>Contato =<\/strong> <a href=\"http:\/\/www.melia.com\">www.melia.com<\/a><\/p>\n<p style=\"text-align:justify\"><strong>Categoria =<\/strong> 5 estrelas<\/p>\n<p style=\"text-align:justify\"><strong>Habita\u00e7\u00f5es =<\/strong> 413 habita\u00e7\u00f5es divididas nas categorias Classic + Deluxe + Supreme + JR. Suite RedLevel + Classic RedLevel + Deluxe RedLevel + Gran Supreme RedLevel + Gran Suite RedLevel + Master Suite RedLevel + Presidencial<\/p>\n<p style=\"text-align:justify\"><strong>Restaurantes =<\/strong> A Sereia (cozinha mediterr\u00e2nea com toque espanhol) + Signature (cozinha de vanguarda)<\/p>\n<p style=\"text-align:justify\"><strong>Bares =<\/strong> Bardot (piscina) + Amaro (lobby) + Roof Top (terra\u00e7o)<\/p>\n<p style=\"text-align:justify\"><strong>Infraestrutura =<\/strong> concierge + servi\u00e7o de quarto 24 horas + menu de travesseiros + Wi-Fi cortesia + TV interativa + piscina, entre outros.<\/p>\n<p style=\"text-align:justify\"><strong>RedLevel at Gran Meli\u00e1 Nacional Rio =<\/strong> \u00e9 a grife de um hotel-boutique dentro de um hotel 5 estrelas, oferecendo + servi\u00e7o e requinte + andares exclusivos + \u00e1rea de recep\u00e7\u00e3o privativa + lounge-biblioteca + \u00e1rea particular para caf\u00e9 da manh\u00e3 + open bar<\/p>\n<p style=\"text-align:justify\"><strong>Pacote Roma\u0302ntico inclui =<\/strong> m\u00ednimo de 2 noites de hospedagem com vista mar ou lateral mar + espumante no Bar Amaro + 1 jantar no restaurante A Sereia + caf\u00e9 da manh\u00e3 servido no apartamento + cortesia de estacionamento + late check-out at\u00e9 as 16h<\/p>\n<p style=\"text-align:justify\"><strong>Pacote de Lua de Mel inclui =<\/strong> m\u00ednimo de 3 noites de hospedagem com vista mar ou lateral mar + 1 espumante + chocolate gourmet + caf\u00e9 da manh\u00e3 servido no apartamento + 1 massagem para o casal no Spa by Clarins + cortesia de estacionamento + late check-out at\u00e9 as 16h<\/p>\n<p style=\"text-align:justify\"><strong>Dia da Noiva inclui =<\/strong> early check-in a partir das 10h + massagem no Spa by Clarins + desconto de 20% no spa para o noivo, pais, madrinhas e padrinhos + cesta de frutas + almo\u00e7o + cortesia no estacionamento<\/p>\n<p style=\"text-align:justify\"><strong>Pacote de N\u00fapcias inclui =<\/strong> decora\u00e7\u00e3o especial + espumante + chocolate gourmet + caf\u00e9 da manh\u00e3 servido na habita\u00e7\u00e3o + late check-out at\u00e9 as 16h<\/p>\n<p style=\"text-align:justify\"><strong>Saiba mais = <a href=\"http:\/\/www.melia.com\">www.melia.com<\/a> + (21) 3940-4900<\/strong><\/p>\n<p><\/span><\/p>\n","protected":false},"excerpt":{"rendered":"<p>Hospedar-se em um cl\u00e1ssico da hotelaria mundial para celebrar a paix\u00e3o \u00e9 o convite do Gran Meli\u00e1 Nacional Rio de Janeiro<\/p>\n","protected":false},"author":1,"featured_media":0,"comment_status":"open","ping_status":"open","sticky":false,"template":"","format":"standard","meta":{"footnotes":""},"categories":[],"tags":[],"class_list":["post-858","post","type-post","status-publish","format-standard","hentry"],"yoast_head":"<!-- This site is optimized with the Yoast SEO plugin v26.2 - https:\/\/yoast.com\/wordpress\/plugins\/seo\/ -->\n<title>GRAN MELIA NACIONAL RIO DE JANEIRO: VOC\u00ca, AQUI, COM O SEU AMOR - Travel3<\/title>\n<meta name=\"description\" content=\"A TRAVEL3 \u00e9 um portal de conte\u00fado voltado para o turismo, encontre destinos, viagens, hospedagem, passagens, guias, not\u00edcias sobre o mercado do turismo, dicas de viagem, v\u00eddeos e podcast.\" \/>\n<meta name=\"robots\" content=\"index, follow, max-snippet:-1, max-image-preview:large, max-video-preview:-1\" \/>\n<link rel=\"canonical\" href=\"https:\/\/www.travel3.com.br\/site\/sem-categoria\/gran-melia-nacional-rio-de-janeiro-voce-aqui-com-o-seu-amor\/\" \/>\n<meta property=\"og:locale\" content=\"pt_BR\" \/>\n<meta property=\"og:type\" content=\"article\" \/>\n<meta property=\"og:title\" content=\"GRAN MELIA NACIONAL RIO DE JANEIRO: VOC\u00ca, AQUI, COM O SEU AMOR - Travel3\" \/>\n<meta property=\"og:description\" content=\"A TRAVEL3 \u00e9 um portal de conte\u00fado voltado para o turismo, encontre destinos, viagens, hospedagem, passagens, guias, not\u00edcias sobre o mercado do turismo, dicas de viagem, v\u00eddeos e podcast.\" \/>\n<meta property=\"og:url\" content=\"https:\/\/www.travel3.com.br\/site\/sem-categoria\/gran-melia-nacional-rio-de-janeiro-voce-aqui-com-o-seu-amor\/\" \/>\n<meta property=\"og:site_name\" content=\"Travel3\" \/>\n<meta property=\"article:publisher\" content=\"https:\/\/www.facebook.com\/travel3media\/\" \/>\n<meta property=\"article:published_time\" content=\"2017-09-12T09:22:40+00:00\" \/>\n<meta name=\"author\" content=\"admin\" \/>\n<meta name=\"twitter:card\" content=\"summary_large_image\" \/>\n<meta name=\"twitter:label1\" content=\"Escrito por\" \/>\n\t<meta name=\"twitter:data1\" content=\"admin\" \/>\n\t<meta name=\"twitter:label2\" content=\"Est. tempo de leitura\" \/>\n\t<meta name=\"twitter:data2\" content=\"4 minutos\" \/>\n<script type=\"application\/ld+json\" class=\"yoast-schema-graph\">{\"@context\":\"https:\/\/schema.org\",\"@graph\":[{\"@type\":\"Article\",\"@id\":\"https:\/\/www.travel3.com.br\/site\/sem-categoria\/gran-melia-nacional-rio-de-janeiro-voce-aqui-com-o-seu-amor\/#article\",\"isPartOf\":{\"@id\":\"https:\/\/www.travel3.com.br\/site\/sem-categoria\/gran-melia-nacional-rio-de-janeiro-voce-aqui-com-o-seu-amor\/\"},\"author\":{\"name\":\"admin\",\"@id\":\"https:\/\/www.travel3.com.br\/site\/#\/schema\/person\/a69d71e41a024999b6ab82369ac0bd1e\"},\"headline\":\"GRAN MELIA NACIONAL RIO DE JANEIRO: VOC\u00ca, AQUI, COM O SEU AMOR\",\"datePublished\":\"2017-09-12T09:22:40+00:00\",\"mainEntityOfPage\":{\"@id\":\"https:\/\/www.travel3.com.br\/site\/sem-categoria\/gran-melia-nacional-rio-de-janeiro-voce-aqui-com-o-seu-amor\/\"},\"wordCount\":757,\"commentCount\":0,\"publisher\":{\"@id\":\"https:\/\/www.travel3.com.br\/site\/#organization\"},\"inLanguage\":\"pt-BR\",\"potentialAction\":[{\"@type\":\"CommentAction\",\"name\":\"Comment\",\"target\":[\"https:\/\/www.travel3.com.br\/site\/sem-categoria\/gran-melia-nacional-rio-de-janeiro-voce-aqui-com-o-seu-amor\/#respond\"]}]},{\"@type\":\"WebPage\",\"@id\":\"https:\/\/www.travel3.com.br\/site\/sem-categoria\/gran-melia-nacional-rio-de-janeiro-voce-aqui-com-o-seu-amor\/\",\"url\":\"https:\/\/www.travel3.com.br\/site\/sem-categoria\/gran-melia-nacional-rio-de-janeiro-voce-aqui-com-o-seu-amor\/\",\"name\":\"GRAN MELIA NACIONAL RIO DE JANEIRO: VOC\u00ca, AQUI, COM O SEU AMOR - Travel3\",\"isPartOf\":{\"@id\":\"https:\/\/www.travel3.com.br\/site\/#website\"},\"datePublished\":\"2017-09-12T09:22:40+00:00\",\"description\":\"A TRAVEL3 \u00e9 um portal de conte\u00fado voltado para o turismo, encontre destinos, viagens, hospedagem, passagens, guias, not\u00edcias sobre o mercado do turismo, dicas de viagem, v\u00eddeos e podcast.\",\"breadcrumb\":{\"@id\":\"https:\/\/www.travel3.com.br\/site\/sem-categoria\/gran-melia-nacional-rio-de-janeiro-voce-aqui-com-o-seu-amor\/#breadcrumb\"},\"inLanguage\":\"pt-BR\",\"potentialAction\":[{\"@type\":\"ReadAction\",\"target\":[\"https:\/\/www.travel3.com.br\/site\/sem-categoria\/gran-melia-nacional-rio-de-janeiro-voce-aqui-com-o-seu-amor\/\"]}]},{\"@type\":\"BreadcrumbList\",\"@id\":\"https:\/\/www.travel3.com.br\/site\/sem-categoria\/gran-melia-nacional-rio-de-janeiro-voce-aqui-com-o-seu-amor\/#breadcrumb\",\"itemListElement\":[{\"@type\":\"ListItem\",\"position\":1,\"name\":\"In\u00edcio\",\"item\":\"https:\/\/www.travel3.com.br\/site\/\"},{\"@type\":\"ListItem\",\"position\":2,\"name\":\"GRAN MELIA NACIONAL RIO DE JANEIRO: VOC\u00ca, AQUI, COM O SEU AMOR\"}]},{\"@type\":\"WebSite\",\"@id\":\"https:\/\/www.travel3.com.br\/site\/#website\",\"url\":\"https:\/\/www.travel3.com.br\/site\/\",\"name\":\"Travel3\",\"description\":\"Lazer + Neg&oacute;cios + Aventura\",\"publisher\":{\"@id\":\"https:\/\/www.travel3.com.br\/site\/#organization\"},\"potentialAction\":[{\"@type\":\"SearchAction\",\"target\":{\"@type\":\"EntryPoint\",\"urlTemplate\":\"https:\/\/www.travel3.com.br\/site\/?s={search_term_string}\"},\"query-input\":{\"@type\":\"PropertyValueSpecification\",\"valueRequired\":true,\"valueName\":\"search_term_string\"}}],\"inLanguage\":\"pt-BR\"},{\"@type\":\"Organization\",\"@id\":\"https:\/\/www.travel3.com.br\/site\/#organization\",\"name\":\"Travel3\",\"url\":\"https:\/\/www.travel3.com.br\/site\/\",\"logo\":{\"@type\":\"ImageObject\",\"inLanguage\":\"pt-BR\",\"@id\":\"https:\/\/www.travel3.com.br\/site\/#\/schema\/logo\/image\/\",\"url\":\"https:\/\/www.travel3.com.br\/site\/wp-content\/uploads\/2020\/01\/logo-travel3-2020.png\",\"contentUrl\":\"https:\/\/www.travel3.com.br\/site\/wp-content\/uploads\/2020\/01\/logo-travel3-2020.png\",\"width\":232,\"height\":79,\"caption\":\"Travel3\"},\"image\":{\"@id\":\"https:\/\/www.travel3.com.br\/site\/#\/schema\/logo\/image\/\"},\"sameAs\":[\"https:\/\/www.facebook.com\/travel3media\/\",\"https:\/\/www.instagram.com\/revistatravel3\/\",\"https:\/\/www.youtube.com\/channel\/UCno7J4paGBR3VbZQzvoJ9Eg\"]},{\"@type\":\"Person\",\"@id\":\"https:\/\/www.travel3.com.br\/site\/#\/schema\/person\/a69d71e41a024999b6ab82369ac0bd1e\",\"name\":\"admin\",\"image\":{\"@type\":\"ImageObject\",\"inLanguage\":\"pt-BR\",\"@id\":\"https:\/\/www.travel3.com.br\/site\/#\/schema\/person\/image\/\",\"url\":\"https:\/\/secure.gravatar.com\/avatar\/732a67adfd764da2a47ba10ce731c4c0?s=96&d=mm&r=g\",\"contentUrl\":\"https:\/\/secure.gravatar.com\/avatar\/732a67adfd764da2a47ba10ce731c4c0?s=96&d=mm&r=g\",\"caption\":\"admin\"},\"url\":\"https:\/\/www.travel3.com.br\/site\/author\/admin\/\"}]}<\/script>\n<!-- \/ Yoast SEO plugin. -->","yoast_head_json":{"title":"GRAN MELIA NACIONAL RIO DE JANEIRO: VOC\u00ca, AQUI, COM O SEU AMOR - Travel3","description":"A TRAVEL3 \u00e9 um portal de conte\u00fado voltado para o turismo, encontre destinos, viagens, hospedagem, passagens, guias, not\u00edcias sobre o mercado do turismo, dicas de viagem, v\u00eddeos e podcast.","robots":{"index":"index","follow":"follow","max-snippet":"max-snippet:-1","max-image-preview":"max-image-preview:large","max-video-preview":"max-video-preview:-1"},"canonical":"https:\/\/www.travel3.com.br\/site\/sem-categoria\/gran-melia-nacional-rio-de-janeiro-voce-aqui-com-o-seu-amor\/","og_locale":"pt_BR","og_type":"article","og_title":"GRAN MELIA NACIONAL RIO DE JANEIRO: VOC\u00ca, AQUI, COM O SEU AMOR - Travel3","og_description":"A TRAVEL3 \u00e9 um portal de conte\u00fado voltado para o turismo, encontre destinos, viagens, hospedagem, passagens, guias, not\u00edcias sobre o mercado do turismo, dicas de viagem, v\u00eddeos e podcast.","og_url":"https:\/\/www.travel3.com.br\/site\/sem-categoria\/gran-melia-nacional-rio-de-janeiro-voce-aqui-com-o-seu-amor\/","og_site_name":"Travel3","article_publisher":"https:\/\/www.facebook.com\/travel3media\/","article_published_time":"2017-09-12T09:22:40+00:00","author":"admin","twitter_card":"summary_large_image","twitter_misc":{"Escrito por":"admin","Est. tempo de leitura":"4 minutos"},"schema":{"@context":"https:\/\/schema.org","@graph":[{"@type":"Article","@id":"https:\/\/www.travel3.com.br\/site\/sem-categoria\/gran-melia-nacional-rio-de-janeiro-voce-aqui-com-o-seu-amor\/#article","isPartOf":{"@id":"https:\/\/www.travel3.com.br\/site\/sem-categoria\/gran-melia-nacional-rio-de-janeiro-voce-aqui-com-o-seu-amor\/"},"author":{"name":"admin","@id":"https:\/\/www.travel3.com.br\/site\/#\/schema\/person\/a69d71e41a024999b6ab82369ac0bd1e"},"headline":"GRAN MELIA NACIONAL RIO DE JANEIRO: VOC\u00ca, AQUI, COM O SEU AMOR","datePublished":"2017-09-12T09:22:40+00:00","mainEntityOfPage":{"@id":"https:\/\/www.travel3.com.br\/site\/sem-categoria\/gran-melia-nacional-rio-de-janeiro-voce-aqui-com-o-seu-amor\/"},"wordCount":757,"commentCount":0,"publisher":{"@id":"https:\/\/www.travel3.com.br\/site\/#organization"},"inLanguage":"pt-BR","potentialAction":[{"@type":"CommentAction","name":"Comment","target":["https:\/\/www.travel3.com.br\/site\/sem-categoria\/gran-melia-nacional-rio-de-janeiro-voce-aqui-com-o-seu-amor\/#respond"]}]},{"@type":"WebPage","@id":"https:\/\/www.travel3.com.br\/site\/sem-categoria\/gran-melia-nacional-rio-de-janeiro-voce-aqui-com-o-seu-amor\/","url":"https:\/\/www.travel3.com.br\/site\/sem-categoria\/gran-melia-nacional-rio-de-janeiro-voce-aqui-com-o-seu-amor\/","name":"GRAN MELIA NACIONAL RIO DE JANEIRO: VOC\u00ca, AQUI, COM O SEU AMOR - Travel3","isPartOf":{"@id":"https:\/\/www.travel3.com.br\/site\/#website"},"datePublished":"2017-09-12T09:22:40+00:00","description":"A TRAVEL3 \u00e9 um portal de conte\u00fado voltado para o turismo, encontre destinos, viagens, hospedagem, passagens, guias, not\u00edcias sobre o mercado do turismo, dicas de viagem, v\u00eddeos e podcast.","breadcrumb":{"@id":"https:\/\/www.travel3.com.br\/site\/sem-categoria\/gran-melia-nacional-rio-de-janeiro-voce-aqui-com-o-seu-amor\/#breadcrumb"},"inLanguage":"pt-BR","potentialAction":[{"@type":"ReadAction","target":["https:\/\/www.travel3.com.br\/site\/sem-categoria\/gran-melia-nacional-rio-de-janeiro-voce-aqui-com-o-seu-amor\/"]}]},{"@type":"BreadcrumbList","@id":"https:\/\/www.travel3.com.br\/site\/sem-categoria\/gran-melia-nacional-rio-de-janeiro-voce-aqui-com-o-seu-amor\/#breadcrumb","itemListElement":[{"@type":"ListItem","position":1,"name":"In\u00edcio","item":"https:\/\/www.travel3.com.br\/site\/"},{"@type":"ListItem","position":2,"name":"GRAN MELIA NACIONAL RIO DE JANEIRO: VOC\u00ca, AQUI, COM O SEU AMOR"}]},{"@type":"WebSite","@id":"https:\/\/www.travel3.com.br\/site\/#website","url":"https:\/\/www.travel3.com.br\/site\/","name":"Travel3","description":"Lazer + Neg&oacute;cios + Aventura","publisher":{"@id":"https:\/\/www.travel3.com.br\/site\/#organization"},"potentialAction":[{"@type":"SearchAction","target":{"@type":"EntryPoint","urlTemplate":"https:\/\/www.travel3.com.br\/site\/?s={search_term_string}"},"query-input":{"@type":"PropertyValueSpecification","valueRequired":true,"valueName":"search_term_string"}}],"inLanguage":"pt-BR"},{"@type":"Organization","@id":"https:\/\/www.travel3.com.br\/site\/#organization","name":"Travel3","url":"https:\/\/www.travel3.com.br\/site\/","logo":{"@type":"ImageObject","inLanguage":"pt-BR","@id":"https:\/\/www.travel3.com.br\/site\/#\/schema\/logo\/image\/","url":"https:\/\/www.travel3.com.br\/site\/wp-content\/uploads\/2020\/01\/logo-travel3-2020.png","contentUrl":"https:\/\/www.travel3.com.br\/site\/wp-content\/uploads\/2020\/01\/logo-travel3-2020.png","width":232,"height":79,"caption":"Travel3"},"image":{"@id":"https:\/\/www.travel3.com.br\/site\/#\/schema\/logo\/image\/"},"sameAs":["https:\/\/www.facebook.com\/travel3media\/","https:\/\/www.instagram.com\/revistatravel3\/","https:\/\/www.youtube.com\/channel\/UCno7J4paGBR3VbZQzvoJ9Eg"]},{"@type":"Person","@id":"https:\/\/www.travel3.com.br\/site\/#\/schema\/person\/a69d71e41a024999b6ab82369ac0bd1e","name":"admin","image":{"@type":"ImageObject","inLanguage":"pt-BR","@id":"https:\/\/www.travel3.com.br\/site\/#\/schema\/person\/image\/","url":"https:\/\/secure.gravatar.com\/avatar\/732a67adfd764da2a47ba10ce731c4c0?s=96&d=mm&r=g","contentUrl":"https:\/\/secure.gravatar.com\/avatar\/732a67adfd764da2a47ba10ce731c4c0?s=96&d=mm&r=g","caption":"admin"},"url":"https:\/\/www.travel3.com.br\/site\/author\/admin\/"}]}},"_links":{"self":[{"href":"https:\/\/www.travel3.com.br\/site\/wp-json\/wp\/v2\/posts\/858","targetHints":{"allow":["GET"]}}],"collection":[{"href":"https:\/\/www.travel3.com.br\/site\/wp-json\/wp\/v2\/posts"}],"about":[{"href":"https:\/\/www.travel3.com.br\/site\/wp-json\/wp\/v2\/types\/post"}],"author":[{"embeddable":true,"href":"https:\/\/www.travel3.com.br\/site\/wp-json\/wp\/v2\/users\/1"}],"replies":[{"embeddable":true,"href":"https:\/\/www.travel3.com.br\/site\/wp-json\/wp\/v2\/comments?post=858"}],"version-history":[{"count":0,"href":"https:\/\/www.travel3.com.br\/site\/wp-json\/wp\/v2\/posts\/858\/revisions"}],"wp:attachment":[{"href":"https:\/\/www.travel3.com.br\/site\/wp-json\/wp\/v2\/media?parent=858"}],"wp:term":[{"taxonomy":"category","embeddable":true,"href":"https:\/\/www.travel3.com.br\/site\/wp-json\/wp\/v2\/categories?post=858"},{"taxonomy":"post_tag","embeddable":true,"href":"https:\/\/www.travel3.com.br\/site\/wp-json\/wp\/v2\/tags?post=858"}],"curies":[{"name":"wp","href":"https:\/\/api.w.org\/{rel}","templated":true}]}}