{"id":856,"date":"2017-09-12T10:04:47","date_gmt":"2017-09-12T10:04:47","guid":{"rendered":"http:\/\/www.travel3.com.br\/site\/ir-e-vir\/ar\/os-danos-que-o-irma-deixou-na-passagem-por-cuba\/"},"modified":"2017-10-25T10:59:44","modified_gmt":"2017-10-25T12:59:44","slug":"os-danos-que-o-irma-deixou-na-passagem-por-cuba","status":"publish","type":"post","link":"https:\/\/www.travel3.com.br\/site\/sem-categoria\/os-danos-que-o-irma-deixou-na-passagem-por-cuba\/","title":{"rendered":"OS DANOS QUE O FURAC\u00c3O IRMA DEIXOU NA PASSAGEM POR CUBA"},"content":{"rendered":"<p>&nbsp;<\/p>\n<p style=\"text-align: justify;\">A ilha de Cuba tem no turismo internacional uma das principais fontes econ\u00f4micas e a passagem do furac\u00e3o Irma foi realmente danosa pelo que promoveu de preju\u00edzos entre os danos causados especialmente na hotelaria dos dois principais centros tur\u00edsticos que est\u00e3o com seus aeroportos paralisados at\u00e9 amanh\u00e3. O governo cubano informou na manh\u00e3 desta segunda que o numero de mortos chega a dez, consequ\u00eancias registradas em toda a ilha.<\/p>\n<p style=\"text-align: justify;\">Em Havana, as inunda\u00e7\u00f5es alcan\u00e7aram alguns dos principais hot\u00e9is costeiros, e v\u00e1rios tiveram que providenciar a evacua\u00e7\u00e3o dos h\u00f3spedes, como aconteceu com o Be Live Copacabana, do grupo Globalia.<\/p>\n<p style=\"text-align: justify;\">Os danos materiais foram maiores em Varadero, registrando queda de algumas estruturas met\u00e1licas, alagamentos e providencias, como informou Teresa Rojas Monz\u00f3n, lpresidenta da Defensa Civil de Matanzas, registrando ainda que milhares de turistas tiveram que ser transladados do centro do pais aos hot\u00e9is locais, j\u00e1 que alguns dos cayos\u00a0 como Coco e Guilhermo\u00a0 foram literalmente comprometidos.<\/p>\n<p style=\"text-align: justify;\">Varadero teve que alojar quase 20 mil pessoas, cinco mil deles turistas abrigados em hot\u00e9is como\u00a0 os Iberostar, H10, Blau, Be Live (Globalia), Roc,\u00a0 Barcel\u00f3 e Meli\u00e1, estas as duas redes mais afetadas pelo Irma, com estragos severos entre os dois cayos citados e mais os de Cayo Santa Maria e os Jardins del Rey que teve inunda\u00e7\u00f5es nos 16 complexos tur\u00edsticos que abriga.<\/p>\n<p style=\"text-align: justify;\">O furac\u00e3o tamb\u00e9m destruiu a ponte mar\u00edtima que une Cayo Coco \u00e0 ilha maior. Foram mais de 20 horas ininterruptas de chuvas intensas com ventos de mais de 100 kms por hora.<\/p>\n<p style=\"text-align: justify;\">As prov\u00edncias de Ciego de \u00c1vila e Camaguey, onde est\u00e3o os polos tur\u00edsticos de Cayo Coco e Cayo Guillermo, recebiam cerca de 30 mil turistas em f\u00e9rias, a maior parte deles de canadenses (60%), repatriados antecipadamente durante tr\u00eas dias. Somente as estruturas hoteleiras mais s\u00f3lidas conseguiram resistir \u00e0 f\u00faria do Irma.<\/p>\n<p style=\"text-align: justify;\">O hotel Sol \u00a0Cayo Coco,\u00a0 administrado pela cadeia Meli\u00e1 foi praticamente destru\u00eddo na noite de s\u00e1bado para domingo quando o furac\u00e3o redobrou sua for\u00e7a. A rede espanhola \u00e9 detentora do maior numero de hot\u00e9is na ilha, com dez deles na zona dos cayos e Jardins del Rey<\/p>\n<p style=\"text-align: justify;\">Na vizinha Republica Dominicana\u00a0 as redes Meli\u00e1, Riu, Bahia Principe e Barcel\u00f3 asseguram que continuam operando com normalidade, embora com protocolos especiais de seguran\u00e7a depois da passagem do Irma.<\/p>\n<p style=\"text-align: justify;\">Embora esta\u00a0\u00a0\u00a0 que \u00e9 a principal nos investimentos da hotelaria internacional\u00a0 n\u00e3o esteja na rela\u00e7\u00e3o das mais atingidas, ela tamb\u00e9m reflete os problemas deixados em conjunto.<\/p>\n<p style=\"text-align: justify;\">A sequencia dos furac\u00f5es\u00a0 Harvey, Irma, agora o Jos\u00e9 e talvez a Katia assusta a hotelaria da regi\u00e3o caribenha e ai tamb\u00e9m se inclui o M\u00e9xico. H\u00e1, desde j\u00e1, a previs\u00e3o de um trimestre complicado at\u00e9 o per\u00edodo do final de ano.<\/p>\n<p style=\"text-align: justify;\">O mercado mexicano que teria uma boa expans\u00e3o durante o feriado do dia 15 (Independ\u00eancia) parece j\u00e1 sofrer com uma s\u00e9rie de cancelamentos., em pelo menos 20% das reservas.\u00a0 No ano passado foram mais de 500 mil viajantes neste per\u00edodo.<\/p>\n<p>Photo via <a href=\"https:\/\/visualhunt.com\/re\/ee8989\">Visualhunt.com<\/a><\/p>\n","protected":false},"excerpt":{"rendered":"<p>Hot\u00e9is foram intensamente danificados, aeroportos tamb\u00e9m, os detalhes sobre o que houve em Havana, Varadero e nos cayos<\/p>\n","protected":false},"author":5,"featured_media":6740,"comment_status":"open","ping_status":"open","sticky":false,"template":"","format":"standard","meta":{"footnotes":""},"categories":[1],"tags":[],"class_list":["post-856","post","type-post","status-publish","format-standard","has-post-thumbnail","hentry","category-sem-categoria"],"yoast_head":"<!-- This site is optimized with the Yoast SEO plugin v26.2 - https:\/\/yoast.com\/wordpress\/plugins\/seo\/ -->\n<title>OS DANOS QUE O FURAC\u00c3O IRMA DEIXOU NA PASSAGEM POR CUBA - Travel3<\/title>\n<meta name=\"description\" content=\"A TRAVEL3 \u00e9 um portal de conte\u00fado voltado para o turismo, encontre destinos, viagens, hospedagem, passagens, guias, not\u00edcias sobre o mercado do turismo, dicas de viagem, v\u00eddeos e podcast.\" \/>\n<meta name=\"robots\" content=\"index, follow, max-snippet:-1, max-image-preview:large, max-video-preview:-1\" \/>\n<link rel=\"canonical\" href=\"https:\/\/www.travel3.com.br\/site\/sem-categoria\/os-danos-que-o-irma-deixou-na-passagem-por-cuba\/\" \/>\n<meta property=\"og:locale\" content=\"pt_BR\" \/>\n<meta property=\"og:type\" content=\"article\" \/>\n<meta property=\"og:title\" content=\"OS DANOS QUE O FURAC\u00c3O IRMA DEIXOU NA PASSAGEM POR CUBA - Travel3\" \/>\n<meta property=\"og:description\" content=\"A TRAVEL3 \u00e9 um portal de conte\u00fado voltado para o turismo, encontre destinos, viagens, hospedagem, passagens, guias, not\u00edcias sobre o mercado do turismo, dicas de viagem, v\u00eddeos e podcast.\" \/>\n<meta property=\"og:url\" content=\"https:\/\/www.travel3.com.br\/site\/sem-categoria\/os-danos-que-o-irma-deixou-na-passagem-por-cuba\/\" \/>\n<meta property=\"og:site_name\" content=\"Travel3\" \/>\n<meta property=\"article:publisher\" content=\"https:\/\/www.facebook.com\/travel3media\/\" \/>\n<meta property=\"article:published_time\" content=\"2017-09-12T10:04:47+00:00\" \/>\n<meta property=\"article:modified_time\" content=\"2017-10-25T12:59:44+00:00\" \/>\n<meta property=\"og:image\" content=\"https:\/\/www.travel3.com.br\/site\/wp-content\/uploads\/2017\/09\/furacao.jpg\" \/>\n\t<meta property=\"og:image:width\" content=\"1600\" \/>\n\t<meta property=\"og:image:height\" content=\"1059\" \/>\n\t<meta property=\"og:image:type\" content=\"image\/jpeg\" \/>\n<meta name=\"author\" content=\"Reda\u00e7\u00e3o Travel3\" \/>\n<meta name=\"twitter:card\" content=\"summary_large_image\" \/>\n<meta name=\"twitter:label1\" content=\"Escrito por\" \/>\n\t<meta name=\"twitter:data1\" content=\"Reda\u00e7\u00e3o Travel3\" \/>\n\t<meta name=\"twitter:label2\" content=\"Est. tempo de leitura\" \/>\n\t<meta name=\"twitter:data2\" content=\"3 minutos\" \/>\n<script type=\"application\/ld+json\" class=\"yoast-schema-graph\">{\"@context\":\"https:\/\/schema.org\",\"@graph\":[{\"@type\":\"Article\",\"@id\":\"https:\/\/www.travel3.com.br\/site\/sem-categoria\/os-danos-que-o-irma-deixou-na-passagem-por-cuba\/#article\",\"isPartOf\":{\"@id\":\"https:\/\/www.travel3.com.br\/site\/sem-categoria\/os-danos-que-o-irma-deixou-na-passagem-por-cuba\/\"},\"author\":{\"name\":\"Reda\u00e7\u00e3o Travel3\",\"@id\":\"https:\/\/www.travel3.com.br\/site\/#\/schema\/person\/89251b0320bc67697de92249f97f3fdb\"},\"headline\":\"OS DANOS QUE O FURAC\u00c3O IRMA DEIXOU NA PASSAGEM POR CUBA\",\"datePublished\":\"2017-09-12T10:04:47+00:00\",\"dateModified\":\"2017-10-25T12:59:44+00:00\",\"mainEntityOfPage\":{\"@id\":\"https:\/\/www.travel3.com.br\/site\/sem-categoria\/os-danos-que-o-irma-deixou-na-passagem-por-cuba\/\"},\"wordCount\":536,\"commentCount\":0,\"publisher\":{\"@id\":\"https:\/\/www.travel3.com.br\/site\/#organization\"},\"image\":{\"@id\":\"https:\/\/www.travel3.com.br\/site\/sem-categoria\/os-danos-que-o-irma-deixou-na-passagem-por-cuba\/#primaryimage\"},\"thumbnailUrl\":\"https:\/\/www.travel3.com.br\/site\/wp-content\/uploads\/2017\/09\/furacao.jpg\",\"articleSection\":[\"Sem Categoria\"],\"inLanguage\":\"pt-BR\",\"potentialAction\":[{\"@type\":\"CommentAction\",\"name\":\"Comment\",\"target\":[\"https:\/\/www.travel3.com.br\/site\/sem-categoria\/os-danos-que-o-irma-deixou-na-passagem-por-cuba\/#respond\"]}]},{\"@type\":\"WebPage\",\"@id\":\"https:\/\/www.travel3.com.br\/site\/sem-categoria\/os-danos-que-o-irma-deixou-na-passagem-por-cuba\/\",\"url\":\"https:\/\/www.travel3.com.br\/site\/sem-categoria\/os-danos-que-o-irma-deixou-na-passagem-por-cuba\/\",\"name\":\"OS DANOS QUE O FURAC\u00c3O IRMA DEIXOU NA PASSAGEM POR CUBA - Travel3\",\"isPartOf\":{\"@id\":\"https:\/\/www.travel3.com.br\/site\/#website\"},\"primaryImageOfPage\":{\"@id\":\"https:\/\/www.travel3.com.br\/site\/sem-categoria\/os-danos-que-o-irma-deixou-na-passagem-por-cuba\/#primaryimage\"},\"image\":{\"@id\":\"https:\/\/www.travel3.com.br\/site\/sem-categoria\/os-danos-que-o-irma-deixou-na-passagem-por-cuba\/#primaryimage\"},\"thumbnailUrl\":\"https:\/\/www.travel3.com.br\/site\/wp-content\/uploads\/2017\/09\/furacao.jpg\",\"datePublished\":\"2017-09-12T10:04:47+00:00\",\"dateModified\":\"2017-10-25T12:59:44+00:00\",\"description\":\"A TRAVEL3 \u00e9 um portal de conte\u00fado voltado para o turismo, encontre destinos, viagens, hospedagem, passagens, guias, not\u00edcias sobre o mercado do turismo, dicas de viagem, v\u00eddeos e podcast.\",\"breadcrumb\":{\"@id\":\"https:\/\/www.travel3.com.br\/site\/sem-categoria\/os-danos-que-o-irma-deixou-na-passagem-por-cuba\/#breadcrumb\"},\"inLanguage\":\"pt-BR\",\"potentialAction\":[{\"@type\":\"ReadAction\",\"target\":[\"https:\/\/www.travel3.com.br\/site\/sem-categoria\/os-danos-que-o-irma-deixou-na-passagem-por-cuba\/\"]}]},{\"@type\":\"ImageObject\",\"inLanguage\":\"pt-BR\",\"@id\":\"https:\/\/www.travel3.com.br\/site\/sem-categoria\/os-danos-que-o-irma-deixou-na-passagem-por-cuba\/#primaryimage\",\"url\":\"https:\/\/www.travel3.com.br\/site\/wp-content\/uploads\/2017\/09\/furacao.jpg\",\"contentUrl\":\"https:\/\/www.travel3.com.br\/site\/wp-content\/uploads\/2017\/09\/furacao.jpg\",\"width\":1600,\"height\":1059},{\"@type\":\"BreadcrumbList\",\"@id\":\"https:\/\/www.travel3.com.br\/site\/sem-categoria\/os-danos-que-o-irma-deixou-na-passagem-por-cuba\/#breadcrumb\",\"itemListElement\":[{\"@type\":\"ListItem\",\"position\":1,\"name\":\"In\u00edcio\",\"item\":\"https:\/\/www.travel3.com.br\/site\/\"},{\"@type\":\"ListItem\",\"position\":2,\"name\":\"OS DANOS QUE O FURAC\u00c3O IRMA DEIXOU NA PASSAGEM POR CUBA\"}]},{\"@type\":\"WebSite\",\"@id\":\"https:\/\/www.travel3.com.br\/site\/#website\",\"url\":\"https:\/\/www.travel3.com.br\/site\/\",\"name\":\"Travel3\",\"description\":\"Lazer + Neg&oacute;cios + Aventura\",\"publisher\":{\"@id\":\"https:\/\/www.travel3.com.br\/site\/#organization\"},\"potentialAction\":[{\"@type\":\"SearchAction\",\"target\":{\"@type\":\"EntryPoint\",\"urlTemplate\":\"https:\/\/www.travel3.com.br\/site\/?s={search_term_string}\"},\"query-input\":{\"@type\":\"PropertyValueSpecification\",\"valueRequired\":true,\"valueName\":\"search_term_string\"}}],\"inLanguage\":\"pt-BR\"},{\"@type\":\"Organization\",\"@id\":\"https:\/\/www.travel3.com.br\/site\/#organization\",\"name\":\"Travel3\",\"url\":\"https:\/\/www.travel3.com.br\/site\/\",\"logo\":{\"@type\":\"ImageObject\",\"inLanguage\":\"pt-BR\",\"@id\":\"https:\/\/www.travel3.com.br\/site\/#\/schema\/logo\/image\/\",\"url\":\"https:\/\/www.travel3.com.br\/site\/wp-content\/uploads\/2020\/01\/logo-travel3-2020.png\",\"contentUrl\":\"https:\/\/www.travel3.com.br\/site\/wp-content\/uploads\/2020\/01\/logo-travel3-2020.png\",\"width\":232,\"height\":79,\"caption\":\"Travel3\"},\"image\":{\"@id\":\"https:\/\/www.travel3.com.br\/site\/#\/schema\/logo\/image\/\"},\"sameAs\":[\"https:\/\/www.facebook.com\/travel3media\/\",\"https:\/\/www.instagram.com\/revistatravel3\/\",\"https:\/\/www.youtube.com\/channel\/UCno7J4paGBR3VbZQzvoJ9Eg\"]},{\"@type\":\"Person\",\"@id\":\"https:\/\/www.travel3.com.br\/site\/#\/schema\/person\/89251b0320bc67697de92249f97f3fdb\",\"name\":\"Reda\u00e7\u00e3o Travel3\",\"image\":{\"@type\":\"ImageObject\",\"inLanguage\":\"pt-BR\",\"@id\":\"https:\/\/www.travel3.com.br\/site\/#\/schema\/person\/image\/\",\"url\":\"https:\/\/secure.gravatar.com\/avatar\/85a5ec2ad99b1932f671ebf50c117db6?s=96&d=mm&r=g\",\"contentUrl\":\"https:\/\/secure.gravatar.com\/avatar\/85a5ec2ad99b1932f671ebf50c117db6?s=96&d=mm&r=g\",\"caption\":\"Reda\u00e7\u00e3o Travel3\"},\"sameAs\":[\"http:\/\/www.travel3.com.br\/\"],\"url\":\"https:\/\/www.travel3.com.br\/site\/author\/redacao\/\"}]}<\/script>\n<!-- \/ Yoast SEO plugin. -->","yoast_head_json":{"title":"OS DANOS QUE O FURAC\u00c3O IRMA DEIXOU NA PASSAGEM POR CUBA - Travel3","description":"A TRAVEL3 \u00e9 um portal de conte\u00fado voltado para o turismo, encontre destinos, viagens, hospedagem, passagens, guias, not\u00edcias sobre o mercado do turismo, dicas de viagem, v\u00eddeos e podcast.","robots":{"index":"index","follow":"follow","max-snippet":"max-snippet:-1","max-image-preview":"max-image-preview:large","max-video-preview":"max-video-preview:-1"},"canonical":"https:\/\/www.travel3.com.br\/site\/sem-categoria\/os-danos-que-o-irma-deixou-na-passagem-por-cuba\/","og_locale":"pt_BR","og_type":"article","og_title":"OS DANOS QUE O FURAC\u00c3O IRMA DEIXOU NA PASSAGEM POR CUBA - Travel3","og_description":"A TRAVEL3 \u00e9 um portal de conte\u00fado voltado para o turismo, encontre destinos, viagens, hospedagem, passagens, guias, not\u00edcias sobre o mercado do turismo, dicas de viagem, v\u00eddeos e podcast.","og_url":"https:\/\/www.travel3.com.br\/site\/sem-categoria\/os-danos-que-o-irma-deixou-na-passagem-por-cuba\/","og_site_name":"Travel3","article_publisher":"https:\/\/www.facebook.com\/travel3media\/","article_published_time":"2017-09-12T10:04:47+00:00","article_modified_time":"2017-10-25T12:59:44+00:00","og_image":[{"width":1600,"height":1059,"url":"https:\/\/www.travel3.com.br\/site\/wp-content\/uploads\/2017\/09\/furacao.jpg","type":"image\/jpeg"}],"author":"Reda\u00e7\u00e3o Travel3","twitter_card":"summary_large_image","twitter_misc":{"Escrito por":"Reda\u00e7\u00e3o Travel3","Est. tempo de leitura":"3 minutos"},"schema":{"@context":"https:\/\/schema.org","@graph":[{"@type":"Article","@id":"https:\/\/www.travel3.com.br\/site\/sem-categoria\/os-danos-que-o-irma-deixou-na-passagem-por-cuba\/#article","isPartOf":{"@id":"https:\/\/www.travel3.com.br\/site\/sem-categoria\/os-danos-que-o-irma-deixou-na-passagem-por-cuba\/"},"author":{"name":"Reda\u00e7\u00e3o Travel3","@id":"https:\/\/www.travel3.com.br\/site\/#\/schema\/person\/89251b0320bc67697de92249f97f3fdb"},"headline":"OS DANOS QUE O FURAC\u00c3O IRMA DEIXOU NA PASSAGEM POR CUBA","datePublished":"2017-09-12T10:04:47+00:00","dateModified":"2017-10-25T12:59:44+00:00","mainEntityOfPage":{"@id":"https:\/\/www.travel3.com.br\/site\/sem-categoria\/os-danos-que-o-irma-deixou-na-passagem-por-cuba\/"},"wordCount":536,"commentCount":0,"publisher":{"@id":"https:\/\/www.travel3.com.br\/site\/#organization"},"image":{"@id":"https:\/\/www.travel3.com.br\/site\/sem-categoria\/os-danos-que-o-irma-deixou-na-passagem-por-cuba\/#primaryimage"},"thumbnailUrl":"https:\/\/www.travel3.com.br\/site\/wp-content\/uploads\/2017\/09\/furacao.jpg","articleSection":["Sem Categoria"],"inLanguage":"pt-BR","potentialAction":[{"@type":"CommentAction","name":"Comment","target":["https:\/\/www.travel3.com.br\/site\/sem-categoria\/os-danos-que-o-irma-deixou-na-passagem-por-cuba\/#respond"]}]},{"@type":"WebPage","@id":"https:\/\/www.travel3.com.br\/site\/sem-categoria\/os-danos-que-o-irma-deixou-na-passagem-por-cuba\/","url":"https:\/\/www.travel3.com.br\/site\/sem-categoria\/os-danos-que-o-irma-deixou-na-passagem-por-cuba\/","name":"OS DANOS QUE O FURAC\u00c3O IRMA DEIXOU NA PASSAGEM POR CUBA - Travel3","isPartOf":{"@id":"https:\/\/www.travel3.com.br\/site\/#website"},"primaryImageOfPage":{"@id":"https:\/\/www.travel3.com.br\/site\/sem-categoria\/os-danos-que-o-irma-deixou-na-passagem-por-cuba\/#primaryimage"},"image":{"@id":"https:\/\/www.travel3.com.br\/site\/sem-categoria\/os-danos-que-o-irma-deixou-na-passagem-por-cuba\/#primaryimage"},"thumbnailUrl":"https:\/\/www.travel3.com.br\/site\/wp-content\/uploads\/2017\/09\/furacao.jpg","datePublished":"2017-09-12T10:04:47+00:00","dateModified":"2017-10-25T12:59:44+00:00","description":"A TRAVEL3 \u00e9 um portal de conte\u00fado voltado para o turismo, encontre destinos, viagens, hospedagem, passagens, guias, not\u00edcias sobre o mercado do turismo, dicas de viagem, v\u00eddeos e podcast.","breadcrumb":{"@id":"https:\/\/www.travel3.com.br\/site\/sem-categoria\/os-danos-que-o-irma-deixou-na-passagem-por-cuba\/#breadcrumb"},"inLanguage":"pt-BR","potentialAction":[{"@type":"ReadAction","target":["https:\/\/www.travel3.com.br\/site\/sem-categoria\/os-danos-que-o-irma-deixou-na-passagem-por-cuba\/"]}]},{"@type":"ImageObject","inLanguage":"pt-BR","@id":"https:\/\/www.travel3.com.br\/site\/sem-categoria\/os-danos-que-o-irma-deixou-na-passagem-por-cuba\/#primaryimage","url":"https:\/\/www.travel3.com.br\/site\/wp-content\/uploads\/2017\/09\/furacao.jpg","contentUrl":"https:\/\/www.travel3.com.br\/site\/wp-content\/uploads\/2017\/09\/furacao.jpg","width":1600,"height":1059},{"@type":"BreadcrumbList","@id":"https:\/\/www.travel3.com.br\/site\/sem-categoria\/os-danos-que-o-irma-deixou-na-passagem-por-cuba\/#breadcrumb","itemListElement":[{"@type":"ListItem","position":1,"name":"In\u00edcio","item":"https:\/\/www.travel3.com.br\/site\/"},{"@type":"ListItem","position":2,"name":"OS DANOS QUE O FURAC\u00c3O IRMA DEIXOU NA PASSAGEM POR CUBA"}]},{"@type":"WebSite","@id":"https:\/\/www.travel3.com.br\/site\/#website","url":"https:\/\/www.travel3.com.br\/site\/","name":"Travel3","description":"Lazer + Neg&oacute;cios + Aventura","publisher":{"@id":"https:\/\/www.travel3.com.br\/site\/#organization"},"potentialAction":[{"@type":"SearchAction","target":{"@type":"EntryPoint","urlTemplate":"https:\/\/www.travel3.com.br\/site\/?s={search_term_string}"},"query-input":{"@type":"PropertyValueSpecification","valueRequired":true,"valueName":"search_term_string"}}],"inLanguage":"pt-BR"},{"@type":"Organization","@id":"https:\/\/www.travel3.com.br\/site\/#organization","name":"Travel3","url":"https:\/\/www.travel3.com.br\/site\/","logo":{"@type":"ImageObject","inLanguage":"pt-BR","@id":"https:\/\/www.travel3.com.br\/site\/#\/schema\/logo\/image\/","url":"https:\/\/www.travel3.com.br\/site\/wp-content\/uploads\/2020\/01\/logo-travel3-2020.png","contentUrl":"https:\/\/www.travel3.com.br\/site\/wp-content\/uploads\/2020\/01\/logo-travel3-2020.png","width":232,"height":79,"caption":"Travel3"},"image":{"@id":"https:\/\/www.travel3.com.br\/site\/#\/schema\/logo\/image\/"},"sameAs":["https:\/\/www.facebook.com\/travel3media\/","https:\/\/www.instagram.com\/revistatravel3\/","https:\/\/www.youtube.com\/channel\/UCno7J4paGBR3VbZQzvoJ9Eg"]},{"@type":"Person","@id":"https:\/\/www.travel3.com.br\/site\/#\/schema\/person\/89251b0320bc67697de92249f97f3fdb","name":"Reda\u00e7\u00e3o Travel3","image":{"@type":"ImageObject","inLanguage":"pt-BR","@id":"https:\/\/www.travel3.com.br\/site\/#\/schema\/person\/image\/","url":"https:\/\/secure.gravatar.com\/avatar\/85a5ec2ad99b1932f671ebf50c117db6?s=96&d=mm&r=g","contentUrl":"https:\/\/secure.gravatar.com\/avatar\/85a5ec2ad99b1932f671ebf50c117db6?s=96&d=mm&r=g","caption":"Reda\u00e7\u00e3o Travel3"},"sameAs":["http:\/\/www.travel3.com.br\/"],"url":"https:\/\/www.travel3.com.br\/site\/author\/redacao\/"}]}},"_links":{"self":[{"href":"https:\/\/www.travel3.com.br\/site\/wp-json\/wp\/v2\/posts\/856","targetHints":{"allow":["GET"]}}],"collection":[{"href":"https:\/\/www.travel3.com.br\/site\/wp-json\/wp\/v2\/posts"}],"about":[{"href":"https:\/\/www.travel3.com.br\/site\/wp-json\/wp\/v2\/types\/post"}],"author":[{"embeddable":true,"href":"https:\/\/www.travel3.com.br\/site\/wp-json\/wp\/v2\/users\/5"}],"replies":[{"embeddable":true,"href":"https:\/\/www.travel3.com.br\/site\/wp-json\/wp\/v2\/comments?post=856"}],"version-history":[{"count":2,"href":"https:\/\/www.travel3.com.br\/site\/wp-json\/wp\/v2\/posts\/856\/revisions"}],"predecessor-version":[{"id":6864,"href":"https:\/\/www.travel3.com.br\/site\/wp-json\/wp\/v2\/posts\/856\/revisions\/6864"}],"wp:featuredmedia":[{"embeddable":true,"href":"https:\/\/www.travel3.com.br\/site\/wp-json\/wp\/v2\/media\/6740"}],"wp:attachment":[{"href":"https:\/\/www.travel3.com.br\/site\/wp-json\/wp\/v2\/media?parent=856"}],"wp:term":[{"taxonomy":"category","embeddable":true,"href":"https:\/\/www.travel3.com.br\/site\/wp-json\/wp\/v2\/categories?post=856"},{"taxonomy":"post_tag","embeddable":true,"href":"https:\/\/www.travel3.com.br\/site\/wp-json\/wp\/v2\/tags?post=856"}],"curies":[{"name":"wp","href":"https:\/\/api.w.org\/{rel}","templated":true}]}}