{"id":8443,"date":"2017-12-18T10:57:27","date_gmt":"2017-12-18T12:57:27","guid":{"rendered":"http:\/\/www.travel3.com.br\/?p=8443"},"modified":"2017-12-21T09:04:37","modified_gmt":"2017-12-21T11:04:37","slug":"tivoli-mofarrej-sp-tarifas-especiais-sao-silvestre","status":"publish","type":"post","link":"https:\/\/www.travel3.com.br\/site\/hotel\/nacional\/tivoli-mofarrej-sp-tarifas-especiais-sao-silvestre\/","title":{"rendered":"TIVOLI MOFARREJ S\u00c3O PAULO TEM TARIFAS ESPECIAIS PARA A S\u00c3O SILVESTRE"},"content":{"rendered":"<figure id=\"attachment_8446\" aria-describedby=\"caption-attachment-8446\" style=\"width: 1900px\" class=\"wp-caption aligncenter\"><a href=\"http:\/\/www.travel3.com.br\/site\/wp-content\/uploads\/2017\/12\/tivoli-mofarrej-deluxe_plus_-e1513601339440.jpg\"><img loading=\"lazy\" decoding=\"async\" class=\"size-full wp-image-8446\" src=\"http:\/\/www.travel3.com.br\/site\/wp-content\/uploads\/2017\/12\/tivoli-mofarrej-deluxe_plus_-e1513601339440.jpg\" alt=\"Apartamento categoria DeLuxe Plus, do Tivoli Mofarrej S\u00e3o Paulo\" width=\"1900\" height=\"1173\" \/><\/a><figcaption id=\"caption-attachment-8446\" class=\"wp-caption-text\"><strong>Apartamento categoria DeLuxe Plus, do Tivoli Mofarrej S\u00e3o Paulo (Fotos: Tivoli Mofarrej\/Divulga\u00e7\u00e3o)<\/strong><\/figcaption><\/figure>\n<h1 style=\"text-align: center;\">Pr\u00f3ximo \u00e0 Avenida Paulista, hotel tamb\u00e9m servir\u00e1 caf\u00e9 da manh\u00e3 sob medida e em hor\u00e1rio especial para os maratonistas<\/h1>\n<p>O Tivoli Mofarrej tem pacote especial para os atletas, corredores, seus acompanhantes e f\u00e3s da S\u00e3o Silvestre.<\/p>\n<p>Quem se hospedar no hotel 5 estrelas ter\u00e1 muitos privil\u00e9gios durante a\u00a093\u00aa Corrida Internacional de S\u00e3o Silvestre.<\/p>\n<figure id=\"attachment_8449\" aria-describedby=\"caption-attachment-8449\" style=\"width: 1900px\" class=\"wp-caption aligncenter\"><a href=\"http:\/\/www.travel3.com.br\/site\/wp-content\/uploads\/2017\/12\/tivoli-mofarrej-piscina-e1513601480557.jpg\"><img loading=\"lazy\" decoding=\"async\" class=\"size-full wp-image-8449\" src=\"http:\/\/www.travel3.com.br\/site\/wp-content\/uploads\/2017\/12\/tivoli-mofarrej-piscina-e1513601480557.jpg\" alt=\"Piscina do hotel\" width=\"1900\" height=\"1267\" \/><\/a><figcaption id=\"caption-attachment-8449\" class=\"wp-caption-text\"><strong>Piscina do hotel<\/strong><\/figcaption><\/figure>\n<p>Um dos diferenciais \u00e9 a localiza\u00e7\u00e3o do hotel, ao lado da Avenida Paulista. Os outros s\u00e3o as condi\u00e7\u00f5es especiais oferecidas pelo Tivoli Mofarrej.<\/p>\n<figure id=\"attachment_8447\" aria-describedby=\"caption-attachment-8447\" style=\"width: 1800px\" class=\"wp-caption aligncenter\"><a href=\"http:\/\/www.travel3.com.br\/site\/wp-content\/uploads\/2017\/12\/tivoli-mofarrej-executive_suite_garden.jpg\"><img loading=\"lazy\" decoding=\"async\" class=\"size-full wp-image-8447\" src=\"http:\/\/www.travel3.com.br\/site\/wp-content\/uploads\/2017\/12\/tivoli-mofarrej-executive_suite_garden.jpg\" alt=\"Su\u00edte Executiva oferece bela vista para a regi\u00e3o dos Jardins\" width=\"1800\" height=\"1200\" srcset=\"https:\/\/www.travel3.com.br\/site\/wp-content\/uploads\/2017\/12\/tivoli-mofarrej-executive_suite_garden.jpg 1800w, https:\/\/www.travel3.com.br\/site\/wp-content\/uploads\/2017\/12\/tivoli-mofarrej-executive_suite_garden-300x200.jpg 300w, https:\/\/www.travel3.com.br\/site\/wp-content\/uploads\/2017\/12\/tivoli-mofarrej-executive_suite_garden-768x512.jpg 768w, https:\/\/www.travel3.com.br\/site\/wp-content\/uploads\/2017\/12\/tivoli-mofarrej-executive_suite_garden-1024x683.jpg 1024w, https:\/\/www.travel3.com.br\/site\/wp-content\/uploads\/2017\/12\/tivoli-mofarrej-executive_suite_garden-60x40.jpg 60w, https:\/\/www.travel3.com.br\/site\/wp-content\/uploads\/2017\/12\/tivoli-mofarrej-executive_suite_garden-144x95.jpg 144w, https:\/\/www.travel3.com.br\/site\/wp-content\/uploads\/2017\/12\/tivoli-mofarrej-executive_suite_garden-210x139.jpg 210w\" sizes=\"auto, (max-width: 1800px) 100vw, 1800px\" \/><\/a><figcaption id=\"caption-attachment-8447\" class=\"wp-caption-text\"><strong>Su\u00edte Executiva oferece bela vista para a regi\u00e3o dos Jardins<\/strong><\/figcaption><\/figure>\n<h2>Diferenciais para h\u00f3spedes da S\u00e3o Silvestre<\/h2>\n<p>De 29 a 31 de dezembro a di\u00e1ria j\u00e1 com desconto para os participantes partir\u00e1 de R$ 600,00 + taxas para 2 pessoas com caf\u00e9 da manh\u00e3 servido no 23\u00ba andar.<\/p>\n<figure id=\"attachment_8448\" aria-describedby=\"caption-attachment-8448\" style=\"width: 640px\" class=\"wp-caption aligncenter\"><a href=\"http:\/\/www.travel3.com.br\/site\/wp-content\/uploads\/2017\/12\/tivoli-mofarrej-lobby.jpg\"><img loading=\"lazy\" decoding=\"async\" class=\"size-full wp-image-8448\" src=\"http:\/\/www.travel3.com.br\/site\/wp-content\/uploads\/2017\/12\/tivoli-mofarrej-lobby.jpg\" alt=\"Lobby do Tivoli Mofarrej, localizado na Alameda Santos, em S\u00e3o Paulo\" width=\"640\" height=\"427\" srcset=\"https:\/\/www.travel3.com.br\/site\/wp-content\/uploads\/2017\/12\/tivoli-mofarrej-lobby.jpg 640w, https:\/\/www.travel3.com.br\/site\/wp-content\/uploads\/2017\/12\/tivoli-mofarrej-lobby-300x200.jpg 300w, https:\/\/www.travel3.com.br\/site\/wp-content\/uploads\/2017\/12\/tivoli-mofarrej-lobby-60x40.jpg 60w, https:\/\/www.travel3.com.br\/site\/wp-content\/uploads\/2017\/12\/tivoli-mofarrej-lobby-144x95.jpg 144w, https:\/\/www.travel3.com.br\/site\/wp-content\/uploads\/2017\/12\/tivoli-mofarrej-lobby-210x139.jpg 210w\" sizes=\"auto, (max-width: 640px) 100vw, 640px\" \/><\/a><figcaption id=\"caption-attachment-8448\" class=\"wp-caption-text\"><strong>Lobby do Tivoli Mofarrej, localizado na Alameda Santos, em S\u00e3o Paulo<\/strong><\/figcaption><\/figure>\n<p>Os h\u00f3spedes poder\u00e3o ter upgrade de categoria mediante disponibilidade e contar\u00e3o com 30% de desconto nos tratamentos e massagens signature do Anantara Spa.<\/p>\n<p>No dia da prova, o caf\u00e9 da manh\u00e3 ser\u00e1 servido a partir das 6h e ter\u00e1 itens saud\u00e1veis para que os maratonistas se preparem melhor para a corrida.<\/p>\n<p><mark>Saiba mais =\u00a0<a href=\"http:\/\/www.tivolihotels.com\/tivolimofarrejsaopaulo\">http:\/\/www.tivolihotels.com\/tivolimofarrejsaopaulo<\/a><\/mark><\/p>\n<p><mark>Reservas = <a href=\"mailto:reservas.htsp@tivolihotels.com\">reservas.htsp@tivolihotels.com<\/a><\/mark><\/p>\n","protected":false},"excerpt":{"rendered":"<p>Pr\u00f3ximo \u00e0 Avenida Paulista, hotel tamb\u00e9m servir\u00e1 caf\u00e9 da manh\u00e3 sob medida e em hor\u00e1rio especial para os maratonistas O Tivoli Mofarrej tem pacote especial para os atletas, corredores, seus acompanhantes e f\u00e3s da S\u00e3o Silvestre. Quem se hospedar no hotel 5 estrelas ter\u00e1 muitos privil\u00e9gios durante a\u00a093\u00aa Corrida Internacional de S\u00e3o Silvestre. Um dos [&hellip;]<\/p>\n","protected":false},"author":4,"featured_media":8446,"comment_status":"open","ping_status":"open","sticky":false,"template":"","format":"standard","meta":{"footnotes":""},"categories":[884,226,7,5,167,168],"tags":[976,165,648,975,864,187],"class_list":["post-8443","post","type-post","status-publish","format-standard","has-post-thumbnail","hentry","category-comece-a-viajar","category-destaque","category-dicas","category-eventos-e-feiras","category-hotel","category-nacional","tag-corrida-sao-silvestre","tag-hotel","tag-sao-paulo","tag-sao-silvestre","tag-tivoli-mofarrej","tag-travel3"],"yoast_head":"<!-- This site is optimized with the Yoast SEO plugin v26.2 - https:\/\/yoast.com\/wordpress\/plugins\/seo\/ -->\n<title>TIVOLI MOFARREJ S\u00c3O PAULO TEM TARIFAS ESPECIAIS PARA A S\u00c3O SILVESTRE - Travel3<\/title>\n<meta name=\"description\" content=\"Tivoli Mofarrej S\u00e3o Paulo tem tarifas especiais para corredores, atletas e acompanhantes se hospedarem durante a Corrida de S\u00e3o Silvestre\" \/>\n<meta name=\"robots\" content=\"index, follow, max-snippet:-1, max-image-preview:large, max-video-preview:-1\" \/>\n<link rel=\"canonical\" href=\"https:\/\/www.travel3.com.br\/site\/hotel\/nacional\/tivoli-mofarrej-sp-tarifas-especiais-sao-silvestre\/\" \/>\n<meta property=\"og:locale\" content=\"pt_BR\" \/>\n<meta property=\"og:type\" content=\"article\" \/>\n<meta property=\"og:title\" content=\"TIVOLI MOFARREJ S\u00c3O PAULO TEM TARIFAS ESPECIAIS PARA A S\u00c3O SILVESTRE - Travel3\" \/>\n<meta property=\"og:description\" content=\"Tivoli Mofarrej S\u00e3o Paulo tem tarifas especiais para corredores, atletas e acompanhantes se hospedarem durante a Corrida de S\u00e3o Silvestre\" \/>\n<meta property=\"og:url\" content=\"https:\/\/www.travel3.com.br\/site\/hotel\/nacional\/tivoli-mofarrej-sp-tarifas-especiais-sao-silvestre\/\" \/>\n<meta property=\"og:site_name\" content=\"Travel3\" \/>\n<meta property=\"article:publisher\" content=\"https:\/\/www.facebook.com\/travel3media\/\" \/>\n<meta property=\"article:published_time\" content=\"2017-12-18T12:57:27+00:00\" \/>\n<meta property=\"article:modified_time\" content=\"2017-12-21T11:04:37+00:00\" \/>\n<meta property=\"og:image\" content=\"https:\/\/www.travel3.com.br\/site\/wp-content\/uploads\/2017\/12\/tivoli-mofarrej-deluxe_plus_-e1513601339440.jpg\" \/>\n\t<meta property=\"og:image:width\" content=\"1900\" \/>\n\t<meta property=\"og:image:height\" content=\"1173\" \/>\n\t<meta property=\"og:image:type\" content=\"image\/jpeg\" \/>\n<meta name=\"author\" content=\"Claudia Tonaco\" \/>\n<meta name=\"twitter:card\" content=\"summary_large_image\" \/>\n<meta name=\"twitter:label1\" content=\"Escrito por\" \/>\n\t<meta name=\"twitter:data1\" content=\"Claudia Tonaco\" \/>\n\t<meta name=\"twitter:label2\" content=\"Est. tempo de leitura\" \/>\n\t<meta name=\"twitter:data2\" content=\"1 minuto\" \/>\n<script type=\"application\/ld+json\" class=\"yoast-schema-graph\">{\"@context\":\"https:\/\/schema.org\",\"@graph\":[{\"@type\":\"Article\",\"@id\":\"https:\/\/www.travel3.com.br\/site\/hotel\/nacional\/tivoli-mofarrej-sp-tarifas-especiais-sao-silvestre\/#article\",\"isPartOf\":{\"@id\":\"https:\/\/www.travel3.com.br\/site\/hotel\/nacional\/tivoli-mofarrej-sp-tarifas-especiais-sao-silvestre\/\"},\"author\":{\"name\":\"Claudia Tonaco\",\"@id\":\"https:\/\/www.travel3.com.br\/site\/#\/schema\/person\/ad24a6ccba88dcd54877f3d2fb76c605\"},\"headline\":\"TIVOLI MOFARREJ S\u00c3O PAULO TEM TARIFAS ESPECIAIS PARA A S\u00c3O SILVESTRE\",\"datePublished\":\"2017-12-18T12:57:27+00:00\",\"dateModified\":\"2017-12-21T11:04:37+00:00\",\"mainEntityOfPage\":{\"@id\":\"https:\/\/www.travel3.com.br\/site\/hotel\/nacional\/tivoli-mofarrej-sp-tarifas-especiais-sao-silvestre\/\"},\"wordCount\":266,\"commentCount\":0,\"publisher\":{\"@id\":\"https:\/\/www.travel3.com.br\/site\/#organization\"},\"image\":{\"@id\":\"https:\/\/www.travel3.com.br\/site\/hotel\/nacional\/tivoli-mofarrej-sp-tarifas-especiais-sao-silvestre\/#primaryimage\"},\"thumbnailUrl\":\"https:\/\/www.travel3.com.br\/site\/wp-content\/uploads\/2017\/12\/tivoli-mofarrej-deluxe_plus_-e1513601339440.jpg\",\"keywords\":[\"Corrida S\u00e3o Silvestre\",\"hotel\",\"S\u00e3o Paulo\",\"S\u00e3o Silvestre\",\"Tivoli Mofarrej\",\"Travel3\"],\"articleSection\":[\"Comece a Viajar\",\"Destaque\",\"Dicas\",\"Eventos e Feiras\",\"Hotel\",\"Hotel Nacional\"],\"inLanguage\":\"pt-BR\",\"potentialAction\":[{\"@type\":\"CommentAction\",\"name\":\"Comment\",\"target\":[\"https:\/\/www.travel3.com.br\/site\/hotel\/nacional\/tivoli-mofarrej-sp-tarifas-especiais-sao-silvestre\/#respond\"]}]},{\"@type\":\"WebPage\",\"@id\":\"https:\/\/www.travel3.com.br\/site\/hotel\/nacional\/tivoli-mofarrej-sp-tarifas-especiais-sao-silvestre\/\",\"url\":\"https:\/\/www.travel3.com.br\/site\/hotel\/nacional\/tivoli-mofarrej-sp-tarifas-especiais-sao-silvestre\/\",\"name\":\"TIVOLI MOFARREJ S\u00c3O PAULO TEM TARIFAS ESPECIAIS PARA A S\u00c3O SILVESTRE - Travel3\",\"isPartOf\":{\"@id\":\"https:\/\/www.travel3.com.br\/site\/#website\"},\"primaryImageOfPage\":{\"@id\":\"https:\/\/www.travel3.com.br\/site\/hotel\/nacional\/tivoli-mofarrej-sp-tarifas-especiais-sao-silvestre\/#primaryimage\"},\"image\":{\"@id\":\"https:\/\/www.travel3.com.br\/site\/hotel\/nacional\/tivoli-mofarrej-sp-tarifas-especiais-sao-silvestre\/#primaryimage\"},\"thumbnailUrl\":\"https:\/\/www.travel3.com.br\/site\/wp-content\/uploads\/2017\/12\/tivoli-mofarrej-deluxe_plus_-e1513601339440.jpg\",\"datePublished\":\"2017-12-18T12:57:27+00:00\",\"dateModified\":\"2017-12-21T11:04:37+00:00\",\"description\":\"Tivoli Mofarrej S\u00e3o Paulo tem tarifas especiais para corredores, atletas e acompanhantes se hospedarem durante a Corrida de S\u00e3o Silvestre\",\"breadcrumb\":{\"@id\":\"https:\/\/www.travel3.com.br\/site\/hotel\/nacional\/tivoli-mofarrej-sp-tarifas-especiais-sao-silvestre\/#breadcrumb\"},\"inLanguage\":\"pt-BR\",\"potentialAction\":[{\"@type\":\"ReadAction\",\"target\":[\"https:\/\/www.travel3.com.br\/site\/hotel\/nacional\/tivoli-mofarrej-sp-tarifas-especiais-sao-silvestre\/\"]}]},{\"@type\":\"ImageObject\",\"inLanguage\":\"pt-BR\",\"@id\":\"https:\/\/www.travel3.com.br\/site\/hotel\/nacional\/tivoli-mofarrej-sp-tarifas-especiais-sao-silvestre\/#primaryimage\",\"url\":\"https:\/\/www.travel3.com.br\/site\/wp-content\/uploads\/2017\/12\/tivoli-mofarrej-deluxe_plus_-e1513601339440.jpg\",\"contentUrl\":\"https:\/\/www.travel3.com.br\/site\/wp-content\/uploads\/2017\/12\/tivoli-mofarrej-deluxe_plus_-e1513601339440.jpg\",\"width\":1900,\"height\":1173,\"caption\":\"Apartamento categoria DeLuxe Plus, do Tivoli Mofarrej S\u00e3o Paulo\"},{\"@type\":\"BreadcrumbList\",\"@id\":\"https:\/\/www.travel3.com.br\/site\/hotel\/nacional\/tivoli-mofarrej-sp-tarifas-especiais-sao-silvestre\/#breadcrumb\",\"itemListElement\":[{\"@type\":\"ListItem\",\"position\":1,\"name\":\"In\u00edcio\",\"item\":\"https:\/\/www.travel3.com.br\/site\/\"},{\"@type\":\"ListItem\",\"position\":2,\"name\":\"TIVOLI MOFARREJ S\u00c3O PAULO TEM TARIFAS ESPECIAIS PARA A S\u00c3O SILVESTRE\"}]},{\"@type\":\"WebSite\",\"@id\":\"https:\/\/www.travel3.com.br\/site\/#website\",\"url\":\"https:\/\/www.travel3.com.br\/site\/\",\"name\":\"Travel3\",\"description\":\"Lazer + Neg&oacute;cios + Aventura\",\"publisher\":{\"@id\":\"https:\/\/www.travel3.com.br\/site\/#organization\"},\"potentialAction\":[{\"@type\":\"SearchAction\",\"target\":{\"@type\":\"EntryPoint\",\"urlTemplate\":\"https:\/\/www.travel3.com.br\/site\/?s={search_term_string}\"},\"query-input\":{\"@type\":\"PropertyValueSpecification\",\"valueRequired\":true,\"valueName\":\"search_term_string\"}}],\"inLanguage\":\"pt-BR\"},{\"@type\":\"Organization\",\"@id\":\"https:\/\/www.travel3.com.br\/site\/#organization\",\"name\":\"Travel3\",\"url\":\"https:\/\/www.travel3.com.br\/site\/\",\"logo\":{\"@type\":\"ImageObject\",\"inLanguage\":\"pt-BR\",\"@id\":\"https:\/\/www.travel3.com.br\/site\/#\/schema\/logo\/image\/\",\"url\":\"https:\/\/www.travel3.com.br\/site\/wp-content\/uploads\/2020\/01\/logo-travel3-2020.png\",\"contentUrl\":\"https:\/\/www.travel3.com.br\/site\/wp-content\/uploads\/2020\/01\/logo-travel3-2020.png\",\"width\":232,\"height\":79,\"caption\":\"Travel3\"},\"image\":{\"@id\":\"https:\/\/www.travel3.com.br\/site\/#\/schema\/logo\/image\/\"},\"sameAs\":[\"https:\/\/www.facebook.com\/travel3media\/\",\"https:\/\/www.instagram.com\/revistatravel3\/\",\"https:\/\/www.youtube.com\/channel\/UCno7J4paGBR3VbZQzvoJ9Eg\"]},{\"@type\":\"Person\",\"@id\":\"https:\/\/www.travel3.com.br\/site\/#\/schema\/person\/ad24a6ccba88dcd54877f3d2fb76c605\",\"name\":\"Claudia Tonaco\",\"image\":{\"@type\":\"ImageObject\",\"inLanguage\":\"pt-BR\",\"@id\":\"https:\/\/www.travel3.com.br\/site\/#\/schema\/person\/image\/\",\"url\":\"https:\/\/secure.gravatar.com\/avatar\/7c64bb31135bb8c28f49658a042f8b8a?s=96&d=mm&r=g\",\"contentUrl\":\"https:\/\/secure.gravatar.com\/avatar\/7c64bb31135bb8c28f49658a042f8b8a?s=96&d=mm&r=g\",\"caption\":\"Claudia Tonaco\"},\"sameAs\":[\"http:\/\/www.travel3.com.br\"],\"url\":\"https:\/\/www.travel3.com.br\/site\/author\/tonaco\/\"}]}<\/script>\n<!-- \/ Yoast SEO plugin. -->","yoast_head_json":{"title":"TIVOLI MOFARREJ S\u00c3O PAULO TEM TARIFAS ESPECIAIS PARA A S\u00c3O SILVESTRE - Travel3","description":"Tivoli Mofarrej S\u00e3o Paulo tem tarifas especiais para corredores, atletas e acompanhantes se hospedarem durante a Corrida de S\u00e3o Silvestre","robots":{"index":"index","follow":"follow","max-snippet":"max-snippet:-1","max-image-preview":"max-image-preview:large","max-video-preview":"max-video-preview:-1"},"canonical":"https:\/\/www.travel3.com.br\/site\/hotel\/nacional\/tivoli-mofarrej-sp-tarifas-especiais-sao-silvestre\/","og_locale":"pt_BR","og_type":"article","og_title":"TIVOLI MOFARREJ S\u00c3O PAULO TEM TARIFAS ESPECIAIS PARA A S\u00c3O SILVESTRE - Travel3","og_description":"Tivoli Mofarrej S\u00e3o Paulo tem tarifas especiais para corredores, atletas e acompanhantes se hospedarem durante a Corrida de S\u00e3o Silvestre","og_url":"https:\/\/www.travel3.com.br\/site\/hotel\/nacional\/tivoli-mofarrej-sp-tarifas-especiais-sao-silvestre\/","og_site_name":"Travel3","article_publisher":"https:\/\/www.facebook.com\/travel3media\/","article_published_time":"2017-12-18T12:57:27+00:00","article_modified_time":"2017-12-21T11:04:37+00:00","og_image":[{"width":1900,"height":1173,"url":"https:\/\/www.travel3.com.br\/site\/wp-content\/uploads\/2017\/12\/tivoli-mofarrej-deluxe_plus_-e1513601339440.jpg","type":"image\/jpeg"}],"author":"Claudia Tonaco","twitter_card":"summary_large_image","twitter_misc":{"Escrito por":"Claudia Tonaco","Est. tempo de leitura":"1 minuto"},"schema":{"@context":"https:\/\/schema.org","@graph":[{"@type":"Article","@id":"https:\/\/www.travel3.com.br\/site\/hotel\/nacional\/tivoli-mofarrej-sp-tarifas-especiais-sao-silvestre\/#article","isPartOf":{"@id":"https:\/\/www.travel3.com.br\/site\/hotel\/nacional\/tivoli-mofarrej-sp-tarifas-especiais-sao-silvestre\/"},"author":{"name":"Claudia Tonaco","@id":"https:\/\/www.travel3.com.br\/site\/#\/schema\/person\/ad24a6ccba88dcd54877f3d2fb76c605"},"headline":"TIVOLI MOFARREJ S\u00c3O PAULO TEM TARIFAS ESPECIAIS PARA A S\u00c3O SILVESTRE","datePublished":"2017-12-18T12:57:27+00:00","dateModified":"2017-12-21T11:04:37+00:00","mainEntityOfPage":{"@id":"https:\/\/www.travel3.com.br\/site\/hotel\/nacional\/tivoli-mofarrej-sp-tarifas-especiais-sao-silvestre\/"},"wordCount":266,"commentCount":0,"publisher":{"@id":"https:\/\/www.travel3.com.br\/site\/#organization"},"image":{"@id":"https:\/\/www.travel3.com.br\/site\/hotel\/nacional\/tivoli-mofarrej-sp-tarifas-especiais-sao-silvestre\/#primaryimage"},"thumbnailUrl":"https:\/\/www.travel3.com.br\/site\/wp-content\/uploads\/2017\/12\/tivoli-mofarrej-deluxe_plus_-e1513601339440.jpg","keywords":["Corrida S\u00e3o Silvestre","hotel","S\u00e3o Paulo","S\u00e3o Silvestre","Tivoli Mofarrej","Travel3"],"articleSection":["Comece a Viajar","Destaque","Dicas","Eventos e Feiras","Hotel","Hotel Nacional"],"inLanguage":"pt-BR","potentialAction":[{"@type":"CommentAction","name":"Comment","target":["https:\/\/www.travel3.com.br\/site\/hotel\/nacional\/tivoli-mofarrej-sp-tarifas-especiais-sao-silvestre\/#respond"]}]},{"@type":"WebPage","@id":"https:\/\/www.travel3.com.br\/site\/hotel\/nacional\/tivoli-mofarrej-sp-tarifas-especiais-sao-silvestre\/","url":"https:\/\/www.travel3.com.br\/site\/hotel\/nacional\/tivoli-mofarrej-sp-tarifas-especiais-sao-silvestre\/","name":"TIVOLI MOFARREJ S\u00c3O PAULO TEM TARIFAS ESPECIAIS PARA A S\u00c3O SILVESTRE - Travel3","isPartOf":{"@id":"https:\/\/www.travel3.com.br\/site\/#website"},"primaryImageOfPage":{"@id":"https:\/\/www.travel3.com.br\/site\/hotel\/nacional\/tivoli-mofarrej-sp-tarifas-especiais-sao-silvestre\/#primaryimage"},"image":{"@id":"https:\/\/www.travel3.com.br\/site\/hotel\/nacional\/tivoli-mofarrej-sp-tarifas-especiais-sao-silvestre\/#primaryimage"},"thumbnailUrl":"https:\/\/www.travel3.com.br\/site\/wp-content\/uploads\/2017\/12\/tivoli-mofarrej-deluxe_plus_-e1513601339440.jpg","datePublished":"2017-12-18T12:57:27+00:00","dateModified":"2017-12-21T11:04:37+00:00","description":"Tivoli Mofarrej S\u00e3o Paulo tem tarifas especiais para corredores, atletas e acompanhantes se hospedarem durante a Corrida de S\u00e3o Silvestre","breadcrumb":{"@id":"https:\/\/www.travel3.com.br\/site\/hotel\/nacional\/tivoli-mofarrej-sp-tarifas-especiais-sao-silvestre\/#breadcrumb"},"inLanguage":"pt-BR","potentialAction":[{"@type":"ReadAction","target":["https:\/\/www.travel3.com.br\/site\/hotel\/nacional\/tivoli-mofarrej-sp-tarifas-especiais-sao-silvestre\/"]}]},{"@type":"ImageObject","inLanguage":"pt-BR","@id":"https:\/\/www.travel3.com.br\/site\/hotel\/nacional\/tivoli-mofarrej-sp-tarifas-especiais-sao-silvestre\/#primaryimage","url":"https:\/\/www.travel3.com.br\/site\/wp-content\/uploads\/2017\/12\/tivoli-mofarrej-deluxe_plus_-e1513601339440.jpg","contentUrl":"https:\/\/www.travel3.com.br\/site\/wp-content\/uploads\/2017\/12\/tivoli-mofarrej-deluxe_plus_-e1513601339440.jpg","width":1900,"height":1173,"caption":"Apartamento categoria DeLuxe Plus, do Tivoli Mofarrej S\u00e3o Paulo"},{"@type":"BreadcrumbList","@id":"https:\/\/www.travel3.com.br\/site\/hotel\/nacional\/tivoli-mofarrej-sp-tarifas-especiais-sao-silvestre\/#breadcrumb","itemListElement":[{"@type":"ListItem","position":1,"name":"In\u00edcio","item":"https:\/\/www.travel3.com.br\/site\/"},{"@type":"ListItem","position":2,"name":"TIVOLI MOFARREJ S\u00c3O PAULO TEM TARIFAS ESPECIAIS PARA A S\u00c3O SILVESTRE"}]},{"@type":"WebSite","@id":"https:\/\/www.travel3.com.br\/site\/#website","url":"https:\/\/www.travel3.com.br\/site\/","name":"Travel3","description":"Lazer + Neg&oacute;cios + Aventura","publisher":{"@id":"https:\/\/www.travel3.com.br\/site\/#organization"},"potentialAction":[{"@type":"SearchAction","target":{"@type":"EntryPoint","urlTemplate":"https:\/\/www.travel3.com.br\/site\/?s={search_term_string}"},"query-input":{"@type":"PropertyValueSpecification","valueRequired":true,"valueName":"search_term_string"}}],"inLanguage":"pt-BR"},{"@type":"Organization","@id":"https:\/\/www.travel3.com.br\/site\/#organization","name":"Travel3","url":"https:\/\/www.travel3.com.br\/site\/","logo":{"@type":"ImageObject","inLanguage":"pt-BR","@id":"https:\/\/www.travel3.com.br\/site\/#\/schema\/logo\/image\/","url":"https:\/\/www.travel3.com.br\/site\/wp-content\/uploads\/2020\/01\/logo-travel3-2020.png","contentUrl":"https:\/\/www.travel3.com.br\/site\/wp-content\/uploads\/2020\/01\/logo-travel3-2020.png","width":232,"height":79,"caption":"Travel3"},"image":{"@id":"https:\/\/www.travel3.com.br\/site\/#\/schema\/logo\/image\/"},"sameAs":["https:\/\/www.facebook.com\/travel3media\/","https:\/\/www.instagram.com\/revistatravel3\/","https:\/\/www.youtube.com\/channel\/UCno7J4paGBR3VbZQzvoJ9Eg"]},{"@type":"Person","@id":"https:\/\/www.travel3.com.br\/site\/#\/schema\/person\/ad24a6ccba88dcd54877f3d2fb76c605","name":"Claudia Tonaco","image":{"@type":"ImageObject","inLanguage":"pt-BR","@id":"https:\/\/www.travel3.com.br\/site\/#\/schema\/person\/image\/","url":"https:\/\/secure.gravatar.com\/avatar\/7c64bb31135bb8c28f49658a042f8b8a?s=96&d=mm&r=g","contentUrl":"https:\/\/secure.gravatar.com\/avatar\/7c64bb31135bb8c28f49658a042f8b8a?s=96&d=mm&r=g","caption":"Claudia Tonaco"},"sameAs":["http:\/\/www.travel3.com.br"],"url":"https:\/\/www.travel3.com.br\/site\/author\/tonaco\/"}]}},"_links":{"self":[{"href":"https:\/\/www.travel3.com.br\/site\/wp-json\/wp\/v2\/posts\/8443","targetHints":{"allow":["GET"]}}],"collection":[{"href":"https:\/\/www.travel3.com.br\/site\/wp-json\/wp\/v2\/posts"}],"about":[{"href":"https:\/\/www.travel3.com.br\/site\/wp-json\/wp\/v2\/types\/post"}],"author":[{"embeddable":true,"href":"https:\/\/www.travel3.com.br\/site\/wp-json\/wp\/v2\/users\/4"}],"replies":[{"embeddable":true,"href":"https:\/\/www.travel3.com.br\/site\/wp-json\/wp\/v2\/comments?post=8443"}],"version-history":[{"count":3,"href":"https:\/\/www.travel3.com.br\/site\/wp-json\/wp\/v2\/posts\/8443\/revisions"}],"predecessor-version":[{"id":8450,"href":"https:\/\/www.travel3.com.br\/site\/wp-json\/wp\/v2\/posts\/8443\/revisions\/8450"}],"wp:featuredmedia":[{"embeddable":true,"href":"https:\/\/www.travel3.com.br\/site\/wp-json\/wp\/v2\/media\/8446"}],"wp:attachment":[{"href":"https:\/\/www.travel3.com.br\/site\/wp-json\/wp\/v2\/media?parent=8443"}],"wp:term":[{"taxonomy":"category","embeddable":true,"href":"https:\/\/www.travel3.com.br\/site\/wp-json\/wp\/v2\/categories?post=8443"},{"taxonomy":"post_tag","embeddable":true,"href":"https:\/\/www.travel3.com.br\/site\/wp-json\/wp\/v2\/tags?post=8443"}],"curies":[{"name":"wp","href":"https:\/\/api.w.org\/{rel}","templated":true}]}}