{"id":84199,"date":"2026-09-04T14:29:00","date_gmt":"2026-09-04T17:29:00","guid":{"rendered":"https:\/\/www.travel3.com.br\/site\/?p=84199"},"modified":"2026-09-05T11:32:21","modified_gmt":"2026-09-05T14:32:21","slug":"pam-hotels-novidades-fam-fest-latam-2026","status":"publish","type":"post","link":"https:\/\/www.travel3.com.br\/site\/acontece-no-turismo\/pam-hotels-novidades-fam-fest-latam-2026\/","title":{"rendered":"PAM Hotels anuncia novidades no Fam Fest Latam"},"content":{"rendered":"\n<h2 class=\"wp-block-heading\">Grupo apresenta reformas nos Hard Rock Hotels, expans\u00e3o em Los Cabos e retomada comercial em Miami<\/h2>\n\n\n\n<p>Al\u00e9m do UNICO Montego Bay, que ser\u00e1 inaugurado em 2027 na Jamaica, a PAM Hotels apresentou outras novidades de seu portf\u00f3lio durante o <strong>Fam Fest Latam 2026<\/strong>, realizado no AVA Resort Cancun. Representantes das diferentes marcas da rede detalharam projetos de renova\u00e7\u00e3o, novas acomoda\u00e7\u00f5es e atualiza\u00e7\u00f5es de hot\u00e9is no M\u00e9xico, nos Estados Unidos e na Rep\u00fablica Dominicana.<\/p>\n\n\n\n<p>Entre os principais an\u00fancios est\u00e3o a nova torre do <strong>Hard Rock Hotel Los Cabos<\/strong>, prevista para 2027; as reformas dos Hard Rock Hotels Cancun e Vallarta; e a volta de hot\u00e9is em Miami ao portf\u00f3lio da empresa: o <strong>Eden Roc Miami Beach <\/strong>e o <strong>Nobu Hotel Miami Beach<\/strong>.<\/p>\n\n\n<div class=\"wp-block-image\">\n<figure class=\"aligncenter size-large is-resized\"><img loading=\"lazy\" decoding=\"async\" width=\"1024\" height=\"768\" src=\"https:\/\/www.travel3.com.br\/site\/wp-content\/uploads\/2025\/07\/Pool-Drone-1-1_Easy-Resize.com_-1024x768.jpg\" alt=\"Hard Rock Hotel Vallarta Nayarit M\u00e9xico\" class=\"wp-image-77331\" style=\"width:596px;height:auto\" srcset=\"https:\/\/www.travel3.com.br\/site\/wp-content\/uploads\/2025\/07\/Pool-Drone-1-1_Easy-Resize.com_-1024x768.jpg 1024w, https:\/\/www.travel3.com.br\/site\/wp-content\/uploads\/2025\/07\/Pool-Drone-1-1_Easy-Resize.com_-300x225.jpg 300w, https:\/\/www.travel3.com.br\/site\/wp-content\/uploads\/2025\/07\/Pool-Drone-1-1_Easy-Resize.com_-768x576.jpg 768w, https:\/\/www.travel3.com.br\/site\/wp-content\/uploads\/2025\/07\/Pool-Drone-1-1_Easy-Resize.com_-150x113.jpg 150w, https:\/\/www.travel3.com.br\/site\/wp-content\/uploads\/2025\/07\/Pool-Drone-1-1_Easy-Resize.com_-750x563.jpg 750w, https:\/\/www.travel3.com.br\/site\/wp-content\/uploads\/2025\/07\/Pool-Drone-1-1_Easy-Resize.com_-1140x855.jpg 1140w, https:\/\/www.travel3.com.br\/site\/wp-content\/uploads\/2025\/07\/Pool-Drone-1-1_Easy-Resize.com_.jpg 1280w\" sizes=\"auto, (max-width: 1024px) 100vw, 1024px\" \/><figcaption class=\"wp-element-caption\">Hard Rock Hotel Vallarta est\u00e1 fechado e reabre em breve, com acomoda\u00e7\u00f5es e estrutura reformuladas (Foto: Divulga\u00e7\u00e3o)<\/figcaption><\/figure><\/div>\n\n\n<h2 class=\"wp-block-heading\">Hard Rock Hotels passam por atualiza\u00e7\u00f5es<\/h2>\n\n\n\n<p>O <strong>Hard Rock Hotel Cancun <\/strong>passa por um processo de renova\u00e7\u00e3o que atualizar\u00e1 diferentes ambientes da propriedade. Segundo <strong>Delia Ferreiras<\/strong>, diretora de Vendas, e <strong>Daniela Martinez<\/strong>, gerente de Vendas do resort, o projeto adotar\u00e1 uma est\u00e9tica mais moderna, sem abandonar a m\u00fasica, o entretenimento e o sistema all-inclusive que identificam a marca.<\/p>\n\n\n\n<p>Localizado a cerca de 20 minutos do Aeroporto Internacional de Canc\u00fan, o hotel mant\u00e9m sua oferta voltada a fam\u00edlias, grupos e h\u00f3spedes que viajam para comemora\u00e7\u00f5es.<\/p>\n\n\n\n<p>O <strong>Hard Rock Hotel Vallarta<\/strong> tamb\u00e9m atualiza suas acomoda\u00e7\u00f5es, o lobby e \u00e1reas de conviv\u00eancia. <strong>Marilia Viquez<\/strong>, gerente de Vendas da propriedade, explicou que as mudan\u00e7as buscam criar ambientes mais leves e contempor\u00e2neos, al\u00e9m de tornar o atendimento mais personalizado. O resort tamb\u00e9m possui estrutura para grupos, conven\u00e7\u00f5es e eventos.<\/p>\n\n\n\n<p>No <strong>Hard Rock Hotel Riviera Maya<\/strong>, o foco permanece nas fam\u00edlias. A propriedade oferece \u00e1reas espec\u00edficas para crian\u00e7as e adolescentes, parque aqu\u00e1tico, trampolins, simuladores e outras atividades inclu\u00eddas na experi\u00eancia dos h\u00f3spedes.<\/p>\n\n\n\n<p><strong>Israel Otero<\/strong>, diretor de Vendas, e <strong>Karina Flores<\/strong>, subdiretora de Vendas do resort, anteciparam novas atra\u00e7\u00f5es e interven\u00e7\u00f5es nos espa\u00e7os gastron\u00f4micos previstas para 2027. O planejamento inclui a renova\u00e7\u00e3o de restaurantes e a atualiza\u00e7\u00e3o de diferentes ambientes.<\/p>\n\n\n<div class=\"wp-block-image\">\n<figure class=\"aligncenter size-large is-resized\"><img loading=\"lazy\" decoding=\"async\" width=\"1024\" height=\"682\" src=\"https:\/\/www.travel3.com.br\/site\/wp-content\/uploads\/2021\/03\/HRHLC-HRH-Los-Cabos-Aerial_Easy-Resize.com_-1024x682.jpg\" alt=\"Hard Rock Hotel Los Cabos\" class=\"wp-image-40285\" style=\"width:524px;height:auto\" srcset=\"https:\/\/www.travel3.com.br\/site\/wp-content\/uploads\/2021\/03\/HRHLC-HRH-Los-Cabos-Aerial_Easy-Resize.com_-1024x682.jpg 1024w, https:\/\/www.travel3.com.br\/site\/wp-content\/uploads\/2021\/03\/HRHLC-HRH-Los-Cabos-Aerial_Easy-Resize.com_-300x200.jpg 300w, https:\/\/www.travel3.com.br\/site\/wp-content\/uploads\/2021\/03\/HRHLC-HRH-Los-Cabos-Aerial_Easy-Resize.com_-768x512.jpg 768w, https:\/\/www.travel3.com.br\/site\/wp-content\/uploads\/2021\/03\/HRHLC-HRH-Los-Cabos-Aerial_Easy-Resize.com_-750x500.jpg 750w, https:\/\/www.travel3.com.br\/site\/wp-content\/uploads\/2021\/03\/HRHLC-HRH-Los-Cabos-Aerial_Easy-Resize.com_-1140x760.jpg 1140w, https:\/\/www.travel3.com.br\/site\/wp-content\/uploads\/2021\/03\/HRHLC-HRH-Los-Cabos-Aerial_Easy-Resize.com_.jpg 1280w\" sizes=\"auto, (max-width: 1024px) 100vw, 1024px\" \/><figcaption class=\"wp-element-caption\">Hard Rock Hotel Los Cabos (Foto: Divulga\u00e7\u00e3o)<\/figcaption><\/figure><\/div>\n\n\n<h2 class=\"wp-block-heading\">Los Cabos ter\u00e1 nova torre em 2027<\/h2>\n\n\n\n<p>Uma das principais novidades do portf\u00f3lio foi anunciada por Juan Martin Espinoza, gerente de Vendas do <strong>Hard Rock Hotel Los Cabos<\/strong>. O resort ganhar\u00e1 uma torre com 135 acomoda\u00e7\u00f5es em 2027, com conceito de design alinhado \u00e0 nova identidade da marca.<\/p>\n\n\n\n<p>O projeto tamb\u00e9m prev\u00ea sete vilas com tr\u00eas dormit\u00f3rios e novas op\u00e7\u00f5es de entretenimento, entre elas um simulador de surfe.<\/p>\n\n\n\n<p>Localizado no extremo sul da pen\u00ednsula da Baixa Calif\u00f3rnia, o resort combina a proposta all-inclusive do Hard Rock Hotels com as paisagens e o luxo descontra\u00eddo de Los Cabos. O destino mexicano re\u00fane praias, deserto e montanhas, al\u00e9m de atividades como passeios de barco, mergulho com snorkel, percursos em ve\u00edculos off-road e passeios de camelo.<\/p>\n\n\n<div class=\"wp-block-image\">\n<figure class=\"aligncenter size-large is-resized\"><img loading=\"lazy\" decoding=\"async\" width=\"1024\" height=\"768\" src=\"https:\/\/www.travel3.com.br\/site\/wp-content\/uploads\/2026\/09\/Novidades-Pam-Hotels-1024x768.jpg\" alt=\"Novidades Pam Hotels\" class=\"wp-image-84212\" style=\"width:588px;height:auto\" srcset=\"https:\/\/www.travel3.com.br\/site\/wp-content\/uploads\/2026\/09\/Novidades-Pam-Hotels-1024x768.jpg 1024w, https:\/\/www.travel3.com.br\/site\/wp-content\/uploads\/2026\/09\/Novidades-Pam-Hotels-300x225.jpg 300w, https:\/\/www.travel3.com.br\/site\/wp-content\/uploads\/2026\/09\/Novidades-Pam-Hotels-768x576.jpg 768w, https:\/\/www.travel3.com.br\/site\/wp-content\/uploads\/2026\/09\/Novidades-Pam-Hotels-150x113.jpg 150w, https:\/\/www.travel3.com.br\/site\/wp-content\/uploads\/2026\/09\/Novidades-Pam-Hotels-750x563.jpg 750w, https:\/\/www.travel3.com.br\/site\/wp-content\/uploads\/2026\/09\/Novidades-Pam-Hotels-1140x855.jpg 1140w, https:\/\/www.travel3.com.br\/site\/wp-content\/uploads\/2026\/09\/Novidades-Pam-Hotels.jpg 1280w\" sizes=\"auto, (max-width: 1024px) 100vw, 1024px\" \/><figcaption class=\"wp-element-caption\">Leonel Reyes apresentou n\u00fameros e informa\u00e7\u00f5es sobre as propriedades da PAM Hotels (Foto: Caroline Tonaco)<\/figcaption><\/figure><\/div>\n\n\n<h2 class=\"wp-block-heading\">Eden Roc e Nobu marcam a volta de Miami ao portf\u00f3lio da PAM<\/h2>\n\n\n\n<p>Miami est\u00e1 de volta ao portf\u00f3lio da PAM Hotels com duas propriedades: o <strong>Eden Roc Miami Beach<\/strong> e o<strong> Nobu Hotel Miami Beach<\/strong>. O an\u00fancio foi feito por Leonel Reyes, diretor corporativo para a Am\u00e9rica Latina, durante o Fam Fest Latam.<\/p>\n\n\n\n<blockquote class=\"wp-block-quote is-layout-flow wp-block-quote-is-layout-flow\">\n<p>\u201cMiami est\u00e1 de volta \u00e0 PAM Hotels com duas propriedades. \u00c9 um destino que, para a Am\u00e9rica Latina, n\u00e3o tem igual. Tem festas, compras e vida noturna\u201d, afirmou o executivo.<\/p>\n<\/blockquote>\n\n\n\n<p>O <strong>Eden Roc<\/strong>, definido por Leonel como um dos s\u00edmbolos da hotelaria de Miami Beach, apresentou suas acomoda\u00e7\u00f5es renovadas e a estrutura para conven\u00e7\u00f5es e eventos. O hotel tamb\u00e9m preserva a arquitetura e a identidade que fazem parte de sua hist\u00f3ria e o colocam entre os estabelecimentos tradicionais da cidade.<\/p>\n\n\n\n<p>Ele chega ao portf\u00f3lio acompanhado pelo <strong>Nobu Hotel Miami Beach<\/strong>, instalado no mesmo complexo. Apesar de dividirem o endere\u00e7o e parte da estrutura, as duas propriedades mant\u00eam marcas, conceitos e experi\u00eancias diferentes.<\/p>\n\n\n\n<p>Situado na Collins Avenue, a cerca de 30 minutos do Aeroporto Internacional de Miami, o Nobu Hotel Miami Beach possui 206 apartamentos, piscina exclusiva para seus h\u00f3spedes e acesso \u00e0 praia. Os clientes tamb\u00e9m t\u00eam prioridade nas reservas do restaurante Nobu e podem solicitar pratos do card\u00e1pio pelo servi\u00e7o de quarto. \u00c1reas internas e externas atendem grupos, reuni\u00f5es e celebra\u00e7\u00f5es.<\/p>\n\n\n\n<p>A programa\u00e7\u00e3o do Fam Fest Latam segue no AVA Resort Cancun com capacita\u00e7\u00f5es, encontros comerciais e atividades de integra\u00e7\u00e3o entre os participantes<\/p>\n","protected":false},"excerpt":{"rendered":"<p>Grupo apresenta reformas nos Hard Rock Hotels, expans\u00e3o em Los Cabos e retomada comercial em Miami<\/p>\n","protected":false},"author":14,"featured_media":84201,"comment_status":"open","ping_status":"open","sticky":false,"template":"","format":"standard","meta":{"footnotes":""},"categories":[969,3],"tags":[6293,4876,7789,7224],"class_list":["post-84199","post","type-post","status-publish","format-standard","has-post-thumbnail","hentry","category-acontece-no-turismo","category-negocios","tag-ava-resort-cancun-2","tag-fam-fest-latam","tag-fam-fest-latam-2026","tag-pam-hotels"],"yoast_head":"<!-- This site is optimized with the Yoast SEO plugin v26.2 - https:\/\/yoast.com\/wordpress\/plugins\/seo\/ -->\n<title>PAM Hotels anuncia novidades no Fam Fest Latam - Travel3<\/title>\n<meta name=\"description\" content=\"Fam Fest Latam re\u00fane novidades da PAM Hotels, como reformas nos Hard Rock, nova torre em Los Cabos e retomada comercial em Miami\" \/>\n<meta name=\"robots\" content=\"index, follow, max-snippet:-1, max-image-preview:large, max-video-preview:-1\" \/>\n<link rel=\"canonical\" href=\"https:\/\/www.travel3.com.br\/site\/acontece-no-turismo\/pam-hotels-novidades-fam-fest-latam-2026\/\" \/>\n<meta property=\"og:locale\" content=\"pt_BR\" \/>\n<meta property=\"og:type\" content=\"article\" \/>\n<meta property=\"og:title\" content=\"PAM Hotels anuncia novidades no Fam Fest Latam - Travel3\" \/>\n<meta property=\"og:description\" content=\"Fam Fest Latam re\u00fane novidades da PAM Hotels, como reformas nos Hard Rock, nova torre em Los Cabos e retomada comercial em Miami\" \/>\n<meta property=\"og:url\" content=\"https:\/\/www.travel3.com.br\/site\/acontece-no-turismo\/pam-hotels-novidades-fam-fest-latam-2026\/\" \/>\n<meta property=\"og:site_name\" content=\"Travel3\" \/>\n<meta property=\"article:publisher\" content=\"https:\/\/www.facebook.com\/travel3media\/\" \/>\n<meta property=\"article:published_time\" content=\"2026-09-04T17:29:00+00:00\" \/>\n<meta property=\"article:modified_time\" content=\"2026-09-05T14:32:21+00:00\" \/>\n<meta property=\"og:image\" content=\"https:\/\/www.travel3.com.br\/site\/wp-content\/uploads\/2026\/09\/EDEN-ROC2_Easy-Resize.com_.jpg\" \/>\n\t<meta property=\"og:image:width\" content=\"1280\" \/>\n\t<meta property=\"og:image:height\" content=\"901\" \/>\n\t<meta property=\"og:image:type\" content=\"image\/jpeg\" \/>\n<meta name=\"author\" content=\"Caroline Tonaco\" \/>\n<meta name=\"twitter:card\" content=\"summary_large_image\" \/>\n<meta name=\"twitter:label1\" content=\"Escrito por\" \/>\n\t<meta name=\"twitter:data1\" content=\"Caroline Tonaco\" \/>\n\t<meta name=\"twitter:label2\" content=\"Est. tempo de leitura\" \/>\n\t<meta name=\"twitter:data2\" content=\"5 minutos\" \/>\n<script type=\"application\/ld+json\" class=\"yoast-schema-graph\">{\"@context\":\"https:\/\/schema.org\",\"@graph\":[{\"@type\":\"Article\",\"@id\":\"https:\/\/www.travel3.com.br\/site\/acontece-no-turismo\/pam-hotels-novidades-fam-fest-latam-2026\/#article\",\"isPartOf\":{\"@id\":\"https:\/\/www.travel3.com.br\/site\/acontece-no-turismo\/pam-hotels-novidades-fam-fest-latam-2026\/\"},\"author\":{\"name\":\"Caroline Tonaco\",\"@id\":\"https:\/\/www.travel3.com.br\/site\/#\/schema\/person\/d837eaf73c4e8896e932e0acede946c0\"},\"headline\":\"PAM Hotels anuncia novidades no Fam Fest Latam\",\"datePublished\":\"2026-09-04T17:29:00+00:00\",\"dateModified\":\"2026-09-05T14:32:21+00:00\",\"mainEntityOfPage\":{\"@id\":\"https:\/\/www.travel3.com.br\/site\/acontece-no-turismo\/pam-hotels-novidades-fam-fest-latam-2026\/\"},\"wordCount\":813,\"commentCount\":0,\"publisher\":{\"@id\":\"https:\/\/www.travel3.com.br\/site\/#organization\"},\"image\":{\"@id\":\"https:\/\/www.travel3.com.br\/site\/acontece-no-turismo\/pam-hotels-novidades-fam-fest-latam-2026\/#primaryimage\"},\"thumbnailUrl\":\"https:\/\/www.travel3.com.br\/site\/wp-content\/uploads\/2026\/09\/EDEN-ROC2_Easy-Resize.com_.jpg\",\"keywords\":[\"AVA Resort Cancun\",\"Fam Fest Latam\",\"Fam Fest Latam 2026\",\"PAM Hotels\"],\"articleSection\":[\"Acontece no Turismo\",\"Neg\u00f3cios\"],\"inLanguage\":\"pt-BR\",\"potentialAction\":[{\"@type\":\"CommentAction\",\"name\":\"Comment\",\"target\":[\"https:\/\/www.travel3.com.br\/site\/acontece-no-turismo\/pam-hotels-novidades-fam-fest-latam-2026\/#respond\"]}]},{\"@type\":\"WebPage\",\"@id\":\"https:\/\/www.travel3.com.br\/site\/acontece-no-turismo\/pam-hotels-novidades-fam-fest-latam-2026\/\",\"url\":\"https:\/\/www.travel3.com.br\/site\/acontece-no-turismo\/pam-hotels-novidades-fam-fest-latam-2026\/\",\"name\":\"PAM Hotels anuncia novidades no Fam Fest Latam - Travel3\",\"isPartOf\":{\"@id\":\"https:\/\/www.travel3.com.br\/site\/#website\"},\"primaryImageOfPage\":{\"@id\":\"https:\/\/www.travel3.com.br\/site\/acontece-no-turismo\/pam-hotels-novidades-fam-fest-latam-2026\/#primaryimage\"},\"image\":{\"@id\":\"https:\/\/www.travel3.com.br\/site\/acontece-no-turismo\/pam-hotels-novidades-fam-fest-latam-2026\/#primaryimage\"},\"thumbnailUrl\":\"https:\/\/www.travel3.com.br\/site\/wp-content\/uploads\/2026\/09\/EDEN-ROC2_Easy-Resize.com_.jpg\",\"datePublished\":\"2026-09-04T17:29:00+00:00\",\"dateModified\":\"2026-09-05T14:32:21+00:00\",\"description\":\"Fam Fest Latam re\u00fane novidades da PAM Hotels, como reformas nos Hard Rock, nova torre em Los Cabos e retomada comercial em Miami\",\"breadcrumb\":{\"@id\":\"https:\/\/www.travel3.com.br\/site\/acontece-no-turismo\/pam-hotels-novidades-fam-fest-latam-2026\/#breadcrumb\"},\"inLanguage\":\"pt-BR\",\"potentialAction\":[{\"@type\":\"ReadAction\",\"target\":[\"https:\/\/www.travel3.com.br\/site\/acontece-no-turismo\/pam-hotels-novidades-fam-fest-latam-2026\/\"]}]},{\"@type\":\"ImageObject\",\"inLanguage\":\"pt-BR\",\"@id\":\"https:\/\/www.travel3.com.br\/site\/acontece-no-turismo\/pam-hotels-novidades-fam-fest-latam-2026\/#primaryimage\",\"url\":\"https:\/\/www.travel3.com.br\/site\/wp-content\/uploads\/2026\/09\/EDEN-ROC2_Easy-Resize.com_.jpg\",\"contentUrl\":\"https:\/\/www.travel3.com.br\/site\/wp-content\/uploads\/2026\/09\/EDEN-ROC2_Easy-Resize.com_.jpg\",\"width\":1280,\"height\":901,\"caption\":\"Eden Roc Miami Beach (Foto: Divulga\u00e7\u00e3o)\"},{\"@type\":\"BreadcrumbList\",\"@id\":\"https:\/\/www.travel3.com.br\/site\/acontece-no-turismo\/pam-hotels-novidades-fam-fest-latam-2026\/#breadcrumb\",\"itemListElement\":[{\"@type\":\"ListItem\",\"position\":1,\"name\":\"In\u00edcio\",\"item\":\"https:\/\/www.travel3.com.br\/site\/\"},{\"@type\":\"ListItem\",\"position\":2,\"name\":\"PAM Hotels anuncia novidades no Fam Fest Latam\"}]},{\"@type\":\"WebSite\",\"@id\":\"https:\/\/www.travel3.com.br\/site\/#website\",\"url\":\"https:\/\/www.travel3.com.br\/site\/\",\"name\":\"Travel3\",\"description\":\"Lazer + Neg&oacute;cios + Aventura\",\"publisher\":{\"@id\":\"https:\/\/www.travel3.com.br\/site\/#organization\"},\"potentialAction\":[{\"@type\":\"SearchAction\",\"target\":{\"@type\":\"EntryPoint\",\"urlTemplate\":\"https:\/\/www.travel3.com.br\/site\/?s={search_term_string}\"},\"query-input\":{\"@type\":\"PropertyValueSpecification\",\"valueRequired\":true,\"valueName\":\"search_term_string\"}}],\"inLanguage\":\"pt-BR\"},{\"@type\":\"Organization\",\"@id\":\"https:\/\/www.travel3.com.br\/site\/#organization\",\"name\":\"Travel3\",\"url\":\"https:\/\/www.travel3.com.br\/site\/\",\"logo\":{\"@type\":\"ImageObject\",\"inLanguage\":\"pt-BR\",\"@id\":\"https:\/\/www.travel3.com.br\/site\/#\/schema\/logo\/image\/\",\"url\":\"https:\/\/www.travel3.com.br\/site\/wp-content\/uploads\/2020\/01\/logo-travel3-2020.png\",\"contentUrl\":\"https:\/\/www.travel3.com.br\/site\/wp-content\/uploads\/2020\/01\/logo-travel3-2020.png\",\"width\":232,\"height\":79,\"caption\":\"Travel3\"},\"image\":{\"@id\":\"https:\/\/www.travel3.com.br\/site\/#\/schema\/logo\/image\/\"},\"sameAs\":[\"https:\/\/www.facebook.com\/travel3media\/\",\"https:\/\/www.instagram.com\/revistatravel3\/\",\"https:\/\/www.youtube.com\/channel\/UCno7J4paGBR3VbZQzvoJ9Eg\"]},{\"@type\":\"Person\",\"@id\":\"https:\/\/www.travel3.com.br\/site\/#\/schema\/person\/d837eaf73c4e8896e932e0acede946c0\",\"name\":\"Caroline Tonaco\",\"image\":{\"@type\":\"ImageObject\",\"inLanguage\":\"pt-BR\",\"@id\":\"https:\/\/www.travel3.com.br\/site\/#\/schema\/person\/image\/\",\"url\":\"https:\/\/www.travel3.com.br\/site\/wp-content\/uploads\/2019\/09\/caroline-150x150.jpeg\",\"contentUrl\":\"https:\/\/www.travel3.com.br\/site\/wp-content\/uploads\/2019\/09\/caroline-150x150.jpeg\",\"caption\":\"Caroline Tonaco\"},\"sameAs\":[\"https:\/\/www.travel3.com.br\/\",\"https:\/\/www.instagram.com\/carolinetonaco\/\"],\"url\":\"https:\/\/www.travel3.com.br\/site\/author\/caroline\/\"}]}<\/script>\n<!-- \/ Yoast SEO plugin. -->","yoast_head_json":{"title":"PAM Hotels anuncia novidades no Fam Fest Latam - Travel3","description":"Fam Fest Latam re\u00fane novidades da PAM Hotels, como reformas nos Hard Rock, nova torre em Los Cabos e retomada comercial em Miami","robots":{"index":"index","follow":"follow","max-snippet":"max-snippet:-1","max-image-preview":"max-image-preview:large","max-video-preview":"max-video-preview:-1"},"canonical":"https:\/\/www.travel3.com.br\/site\/acontece-no-turismo\/pam-hotels-novidades-fam-fest-latam-2026\/","og_locale":"pt_BR","og_type":"article","og_title":"PAM Hotels anuncia novidades no Fam Fest Latam - Travel3","og_description":"Fam Fest Latam re\u00fane novidades da PAM Hotels, como reformas nos Hard Rock, nova torre em Los Cabos e retomada comercial em Miami","og_url":"https:\/\/www.travel3.com.br\/site\/acontece-no-turismo\/pam-hotels-novidades-fam-fest-latam-2026\/","og_site_name":"Travel3","article_publisher":"https:\/\/www.facebook.com\/travel3media\/","article_published_time":"2026-09-04T17:29:00+00:00","article_modified_time":"2026-09-05T14:32:21+00:00","og_image":[{"width":1280,"height":901,"url":"https:\/\/www.travel3.com.br\/site\/wp-content\/uploads\/2026\/09\/EDEN-ROC2_Easy-Resize.com_.jpg","type":"image\/jpeg"}],"author":"Caroline Tonaco","twitter_card":"summary_large_image","twitter_misc":{"Escrito por":"Caroline Tonaco","Est. tempo de leitura":"5 minutos"},"schema":{"@context":"https:\/\/schema.org","@graph":[{"@type":"Article","@id":"https:\/\/www.travel3.com.br\/site\/acontece-no-turismo\/pam-hotels-novidades-fam-fest-latam-2026\/#article","isPartOf":{"@id":"https:\/\/www.travel3.com.br\/site\/acontece-no-turismo\/pam-hotels-novidades-fam-fest-latam-2026\/"},"author":{"name":"Caroline Tonaco","@id":"https:\/\/www.travel3.com.br\/site\/#\/schema\/person\/d837eaf73c4e8896e932e0acede946c0"},"headline":"PAM Hotels anuncia novidades no Fam Fest Latam","datePublished":"2026-09-04T17:29:00+00:00","dateModified":"2026-09-05T14:32:21+00:00","mainEntityOfPage":{"@id":"https:\/\/www.travel3.com.br\/site\/acontece-no-turismo\/pam-hotels-novidades-fam-fest-latam-2026\/"},"wordCount":813,"commentCount":0,"publisher":{"@id":"https:\/\/www.travel3.com.br\/site\/#organization"},"image":{"@id":"https:\/\/www.travel3.com.br\/site\/acontece-no-turismo\/pam-hotels-novidades-fam-fest-latam-2026\/#primaryimage"},"thumbnailUrl":"https:\/\/www.travel3.com.br\/site\/wp-content\/uploads\/2026\/09\/EDEN-ROC2_Easy-Resize.com_.jpg","keywords":["AVA Resort Cancun","Fam Fest Latam","Fam Fest Latam 2026","PAM Hotels"],"articleSection":["Acontece no Turismo","Neg\u00f3cios"],"inLanguage":"pt-BR","potentialAction":[{"@type":"CommentAction","name":"Comment","target":["https:\/\/www.travel3.com.br\/site\/acontece-no-turismo\/pam-hotels-novidades-fam-fest-latam-2026\/#respond"]}]},{"@type":"WebPage","@id":"https:\/\/www.travel3.com.br\/site\/acontece-no-turismo\/pam-hotels-novidades-fam-fest-latam-2026\/","url":"https:\/\/www.travel3.com.br\/site\/acontece-no-turismo\/pam-hotels-novidades-fam-fest-latam-2026\/","name":"PAM Hotels anuncia novidades no Fam Fest Latam - Travel3","isPartOf":{"@id":"https:\/\/www.travel3.com.br\/site\/#website"},"primaryImageOfPage":{"@id":"https:\/\/www.travel3.com.br\/site\/acontece-no-turismo\/pam-hotels-novidades-fam-fest-latam-2026\/#primaryimage"},"image":{"@id":"https:\/\/www.travel3.com.br\/site\/acontece-no-turismo\/pam-hotels-novidades-fam-fest-latam-2026\/#primaryimage"},"thumbnailUrl":"https:\/\/www.travel3.com.br\/site\/wp-content\/uploads\/2026\/09\/EDEN-ROC2_Easy-Resize.com_.jpg","datePublished":"2026-09-04T17:29:00+00:00","dateModified":"2026-09-05T14:32:21+00:00","description":"Fam Fest Latam re\u00fane novidades da PAM Hotels, como reformas nos Hard Rock, nova torre em Los Cabos e retomada comercial em Miami","breadcrumb":{"@id":"https:\/\/www.travel3.com.br\/site\/acontece-no-turismo\/pam-hotels-novidades-fam-fest-latam-2026\/#breadcrumb"},"inLanguage":"pt-BR","potentialAction":[{"@type":"ReadAction","target":["https:\/\/www.travel3.com.br\/site\/acontece-no-turismo\/pam-hotels-novidades-fam-fest-latam-2026\/"]}]},{"@type":"ImageObject","inLanguage":"pt-BR","@id":"https:\/\/www.travel3.com.br\/site\/acontece-no-turismo\/pam-hotels-novidades-fam-fest-latam-2026\/#primaryimage","url":"https:\/\/www.travel3.com.br\/site\/wp-content\/uploads\/2026\/09\/EDEN-ROC2_Easy-Resize.com_.jpg","contentUrl":"https:\/\/www.travel3.com.br\/site\/wp-content\/uploads\/2026\/09\/EDEN-ROC2_Easy-Resize.com_.jpg","width":1280,"height":901,"caption":"Eden Roc Miami Beach (Foto: Divulga\u00e7\u00e3o)"},{"@type":"BreadcrumbList","@id":"https:\/\/www.travel3.com.br\/site\/acontece-no-turismo\/pam-hotels-novidades-fam-fest-latam-2026\/#breadcrumb","itemListElement":[{"@type":"ListItem","position":1,"name":"In\u00edcio","item":"https:\/\/www.travel3.com.br\/site\/"},{"@type":"ListItem","position":2,"name":"PAM Hotels anuncia novidades no Fam Fest Latam"}]},{"@type":"WebSite","@id":"https:\/\/www.travel3.com.br\/site\/#website","url":"https:\/\/www.travel3.com.br\/site\/","name":"Travel3","description":"Lazer + Neg&oacute;cios + Aventura","publisher":{"@id":"https:\/\/www.travel3.com.br\/site\/#organization"},"potentialAction":[{"@type":"SearchAction","target":{"@type":"EntryPoint","urlTemplate":"https:\/\/www.travel3.com.br\/site\/?s={search_term_string}"},"query-input":{"@type":"PropertyValueSpecification","valueRequired":true,"valueName":"search_term_string"}}],"inLanguage":"pt-BR"},{"@type":"Organization","@id":"https:\/\/www.travel3.com.br\/site\/#organization","name":"Travel3","url":"https:\/\/www.travel3.com.br\/site\/","logo":{"@type":"ImageObject","inLanguage":"pt-BR","@id":"https:\/\/www.travel3.com.br\/site\/#\/schema\/logo\/image\/","url":"https:\/\/www.travel3.com.br\/site\/wp-content\/uploads\/2020\/01\/logo-travel3-2020.png","contentUrl":"https:\/\/www.travel3.com.br\/site\/wp-content\/uploads\/2020\/01\/logo-travel3-2020.png","width":232,"height":79,"caption":"Travel3"},"image":{"@id":"https:\/\/www.travel3.com.br\/site\/#\/schema\/logo\/image\/"},"sameAs":["https:\/\/www.facebook.com\/travel3media\/","https:\/\/www.instagram.com\/revistatravel3\/","https:\/\/www.youtube.com\/channel\/UCno7J4paGBR3VbZQzvoJ9Eg"]},{"@type":"Person","@id":"https:\/\/www.travel3.com.br\/site\/#\/schema\/person\/d837eaf73c4e8896e932e0acede946c0","name":"Caroline Tonaco","image":{"@type":"ImageObject","inLanguage":"pt-BR","@id":"https:\/\/www.travel3.com.br\/site\/#\/schema\/person\/image\/","url":"https:\/\/www.travel3.com.br\/site\/wp-content\/uploads\/2019\/09\/caroline-150x150.jpeg","contentUrl":"https:\/\/www.travel3.com.br\/site\/wp-content\/uploads\/2019\/09\/caroline-150x150.jpeg","caption":"Caroline Tonaco"},"sameAs":["https:\/\/www.travel3.com.br\/","https:\/\/www.instagram.com\/carolinetonaco\/"],"url":"https:\/\/www.travel3.com.br\/site\/author\/caroline\/"}]}},"_links":{"self":[{"href":"https:\/\/www.travel3.com.br\/site\/wp-json\/wp\/v2\/posts\/84199","targetHints":{"allow":["GET"]}}],"collection":[{"href":"https:\/\/www.travel3.com.br\/site\/wp-json\/wp\/v2\/posts"}],"about":[{"href":"https:\/\/www.travel3.com.br\/site\/wp-json\/wp\/v2\/types\/post"}],"author":[{"embeddable":true,"href":"https:\/\/www.travel3.com.br\/site\/wp-json\/wp\/v2\/users\/14"}],"replies":[{"embeddable":true,"href":"https:\/\/www.travel3.com.br\/site\/wp-json\/wp\/v2\/comments?post=84199"}],"version-history":[{"count":13,"href":"https:\/\/www.travel3.com.br\/site\/wp-json\/wp\/v2\/posts\/84199\/revisions"}],"predecessor-version":[{"id":84220,"href":"https:\/\/www.travel3.com.br\/site\/wp-json\/wp\/v2\/posts\/84199\/revisions\/84220"}],"wp:featuredmedia":[{"embeddable":true,"href":"https:\/\/www.travel3.com.br\/site\/wp-json\/wp\/v2\/media\/84201"}],"wp:attachment":[{"href":"https:\/\/www.travel3.com.br\/site\/wp-json\/wp\/v2\/media?parent=84199"}],"wp:term":[{"taxonomy":"category","embeddable":true,"href":"https:\/\/www.travel3.com.br\/site\/wp-json\/wp\/v2\/categories?post=84199"},{"taxonomy":"post_tag","embeddable":true,"href":"https:\/\/www.travel3.com.br\/site\/wp-json\/wp\/v2\/tags?post=84199"}],"curies":[{"name":"wp","href":"https:\/\/api.w.org\/{rel}","templated":true}]}}