{"id":84188,"date":"2026-09-04T14:51:00","date_gmt":"2026-09-04T17:51:00","guid":{"rendered":"https:\/\/www.travel3.com.br\/site\/?p=84188"},"modified":"2026-09-04T14:50:23","modified_gmt":"2026-09-04T17:50:23","slug":"bacalar-tranquilidade-caribe-mexicano","status":"publish","type":"post","link":"https:\/\/www.travel3.com.br\/site\/comece-a-viajar\/bacalar-tranquilidade-caribe-mexicano\/","title":{"rendered":"Bacalar convida \u00e0 tranquilidade no Caribe Mexicano"},"content":{"rendered":"\n<h2 class=\"wp-block-heading\">Paisagens naturais fazem do destino uma op\u00e7\u00e3o para quem busca descanso, aventura e conex\u00e3o com a natureza<\/h2>\n\n\n\n<p>H\u00e1 destinos que percorremos e outros que nos convidam a parar. Bacalar pertence a estes \u00faltimos. Com uma atmosfera serena, paisagens dominadas pela \u00e1gua e uma forma de viajar em que a natureza dita o ritmo, este destino do Caribe Mexicano oferece uma alternativa para quem busca se afastar da rotina e desfrutar de uma viagem de descanso, aventura consciente e conex\u00e3o com o entorno.<\/p>\n\n\n\n<h2 class=\"wp-block-heading\">Lagoa dos Sete Cores<\/h2>\n\n\n\n<p>A grande protagonista de Bacalar \u00e9 a <strong>Lagoa dos Sete Cores<\/strong>, uma extens\u00e3o de \u00e1gua doce com mais de 42 quil\u00f4metros. A combina\u00e7\u00e3o de diferentes profundidades e um fundo de pedra calc\u00e1ria branca permite apreciar uma variedade de tonalidades, que v\u00e3o dos azuis claros e turquesas aos tons mais profundos.<\/p>\n\n\n\n<p>O passeio pode come\u00e7ar antes mesmo do nascer do sol. Um caiaque ou uma prancha de stand-up paddle permite descobrir a lagoa nas primeiras horas do dia, quando a luz transforma as cores da \u00e1gua e a paisagem se torna parte da experi\u00eancia. Nadar, flutuar, navegar, praticar snorkel ou simplesmente contemplar o entorno s\u00e3o algumas das formas de desfrutar o destino.<\/p>\n\n\n<div class=\"wp-block-image\">\n<figure class=\"aligncenter size-large is-resized\"><img loading=\"lazy\" decoding=\"async\" width=\"768\" height=\"1024\" src=\"https:\/\/www.travel3.com.br\/site\/wp-content\/uploads\/2026\/09\/bacalar2-768x1024.jpeg\" alt=\"Bacalar - Caribe Mexicano\" class=\"wp-image-84191\" style=\"width:642px;height:auto\" srcset=\"https:\/\/www.travel3.com.br\/site\/wp-content\/uploads\/2026\/09\/bacalar2-768x1024.jpeg 768w, https:\/\/www.travel3.com.br\/site\/wp-content\/uploads\/2026\/09\/bacalar2-225x300.jpeg 225w, https:\/\/www.travel3.com.br\/site\/wp-content\/uploads\/2026\/09\/bacalar2-640x853.jpeg 640w, https:\/\/www.travel3.com.br\/site\/wp-content\/uploads\/2026\/09\/bacalar2-150x200.jpeg 150w, https:\/\/www.travel3.com.br\/site\/wp-content\/uploads\/2026\/09\/bacalar2-750x1000.jpeg 750w, https:\/\/www.travel3.com.br\/site\/wp-content\/uploads\/2026\/09\/bacalar2.jpeg 1080w\" sizes=\"auto, (max-width: 768px) 100vw, 768px\" \/><figcaption class=\"wp-element-caption\">Foto: Divulga\u00e7\u00e3o<\/figcaption><\/figure><\/div>\n\n\n<h2 class=\"wp-block-heading\">Cenotes revelam outra paisagem de Bacalar<\/h2>\n\n\n\n<p>Parte da singularidade de Bacalar est\u00e1 nos atrativos que se encontram sob a superf\u00edcie da lagoa e em seus arredores. Os cenotes apresentam caracter\u00edsticas distintas e ampliam as possibilidades de contato com a natureza.<\/p>\n\n\n\n<p>O <strong>Cenote Azul<\/strong>, cercado por vegeta\u00e7\u00e3o, destaca-se pelas \u00e1guas de azul intenso e alcan\u00e7a aproximadamente 90 metros de profundidade. O local permite nadar, praticar snorkel e, para quem possui a experi\u00eancia necess\u00e1ria, realizar atividades de mergulho.<\/p>\n\n\n\n<p>O <strong>Cenote Esmeralda<\/strong> oferece \u00e1guas em tons esverdeados e uma atmosfera mais tranquila. J\u00e1 o <strong>Cenote Negro<\/strong> chama a aten\u00e7\u00e3o pelo contraste entre suas \u00e1guas profundas e os azuis luminosos da lagoa.<\/p>\n\n\n\n<p>Outro ponto de interesse \u00e9 <strong>Cocalitos<\/strong>, onde se encontram estromat\u00f3litos, forma\u00e7\u00f5es naturais semelhantes a rochas, originadas pelo ac\u00famulo e crescimento de col\u00f4nias de cianobact\u00e9rias que realizam fotoss\u00edntese. Essas estruturas t\u00eam import\u00e2ncia ecol\u00f3gica para o ecossistema de Bacalar.<\/p>\n\n\n\n<p>Considerados f\u00f3sseis vivos e associados a alguns dos ecossistemas mais antigos da Terra, os estromat\u00f3litos refor\u00e7am a import\u00e2ncia de conhecer a regi\u00e3o de maneira consciente e respeitosa.<\/p>\n\n\n\n<h2 class=\"wp-block-heading\">Tr\u00eas experi\u00eancias para viver sem pressa<\/h2>\n\n\n\n<p><strong>Amanhecer sobre a \u00e1gua<\/strong><br>Hospedar-se pr\u00f3ximo \u00e0 lagoa permite come\u00e7ar o dia quando Bacalar ainda est\u00e1 despertando. Um passeio de caiaque ou stand-up paddle pela manh\u00e3 oferece outra perspectiva da paisagem, com \u00e1guas tranquilas e a luz do amanhecer refletindo sobre suas diferentes tonalidades.<\/p>\n\n\n\n<p><strong>Tarde entre correntes e natureza<\/strong><br>Os <strong>R\u00e1pidos de Bacalar<\/strong> permitem deixar-se levar pelo movimento natural da \u00e1gua que nasce em Xul-Ha e alimenta o sistema lagunar, em um percurso cercado por vegeta\u00e7\u00e3o. A experi\u00eancia pode ser complementada com uma visita ao <strong>Canal dos Piratas<\/strong>, um estreito canal que se tornou um dos locais procurados para nadar e flutuar, al\u00e9m de apresentar outra faceta da hist\u00f3ria e da paisagem da lagoa.<\/p>\n\n\n\n<p><strong>Noite para voltar ao essencial<\/strong><br>Depois de um dia na \u00e1gua, o programa pode ser simples: desfrutar de um jantar tranquilo, contemplar a paisagem e permitir que o ritmo sereno de Bacalar conduza o fim do dia.<\/p>\n\n\n\n<h2 class=\"wp-block-heading\">Turismo respons\u00e1vel ajuda a preservar o ecossistema<\/h2>\n\n\n\n<p>A beleza de Bacalar depende de um ecossistema fr\u00e1gil. Por isso, desfrutar da lagoa tamb\u00e9m implica adotar pr\u00e1ticas respons\u00e1veis, como respeitar a flora e a fauna, evitar tocar nos estromat\u00f3litos e reduzir a entrada na \u00e1gua de produtos que possam alterar seu equil\u00edbrio natural.<\/p>\n\n\n\n<p>Para a prote\u00e7\u00e3o solar, recomenda-se priorizar barreiras f\u00edsicas, como camisetas com prote\u00e7\u00e3o solar e chap\u00e9us, al\u00e9m de seguir as orienta\u00e7\u00f5es ambientais locais.<\/p>\n\n\n\n<p>Bacalar mostra que uma viagem memor\u00e1vel n\u00e3o precisa de um roteiro acelerado. Pode consistir em remar ao amanhecer, descobrir um cenote, flutuar sobre \u00e1guas cristalinas, conhecer paisagens naturais e terminar o dia diante da lagoa.<\/p>\n\n\n\n<p>Mais do que uma pausa, o destino prop\u00f5e uma maneira de viajar pelo Caribe Mexicano com mais tempo para observar, sentir e se conectar com a natureza. Para saber mais, acesse o site oficial do <strong><a href=\"https:\/\/mexicancaribbean.travel\/\" target=\"_blank\" rel=\"noreferrer noopener\">Caribe Mexicano<\/a><\/strong>.<\/p>\n","protected":false},"excerpt":{"rendered":"<p>Paisagens naturais fazem do destino uma op\u00e7\u00e3o para quem busca descanso, aventura e conex\u00e3o com a natureza<\/p>\n","protected":false},"author":6,"featured_media":84190,"comment_status":"open","ping_status":"open","sticky":false,"template":"","format":"standard","meta":{"footnotes":""},"categories":[173,884,10,7],"tags":[7376,3473],"class_list":["post-84188","post","type-post","status-publish","format-standard","has-post-thumbnail","hentry","category-america-do-norte","category-comece-a-viajar","category-destinos","category-dicas","tag-bacalar","tag-caribe-mexicano"],"yoast_head":"<!-- This site is optimized with the Yoast SEO plugin v26.2 - https:\/\/yoast.com\/wordpress\/plugins\/seo\/ -->\n<title>Bacalar convida \u00e0 tranquilidade no Caribe Mexicano - Travel3<\/title>\n<meta name=\"description\" content=\"Bacalar, no Caribe Mexicano, re\u00fane lagoas, cenotes e paisagens naturais para quem busca descanso, aventura e conex\u00e3o com a natureza\" \/>\n<meta name=\"robots\" content=\"index, follow, max-snippet:-1, max-image-preview:large, max-video-preview:-1\" \/>\n<link rel=\"canonical\" href=\"https:\/\/www.travel3.com.br\/site\/comece-a-viajar\/bacalar-tranquilidade-caribe-mexicano\/\" \/>\n<meta property=\"og:locale\" content=\"pt_BR\" \/>\n<meta property=\"og:type\" content=\"article\" \/>\n<meta property=\"og:title\" content=\"Bacalar convida \u00e0 tranquilidade no Caribe Mexicano - Travel3\" \/>\n<meta property=\"og:description\" content=\"Bacalar, no Caribe Mexicano, re\u00fane lagoas, cenotes e paisagens naturais para quem busca descanso, aventura e conex\u00e3o com a natureza\" \/>\n<meta property=\"og:url\" content=\"https:\/\/www.travel3.com.br\/site\/comece-a-viajar\/bacalar-tranquilidade-caribe-mexicano\/\" \/>\n<meta property=\"og:site_name\" content=\"Travel3\" \/>\n<meta property=\"article:publisher\" content=\"https:\/\/www.facebook.com\/travel3media\/\" \/>\n<meta property=\"article:published_time\" content=\"2026-09-04T17:51:00+00:00\" \/>\n<meta property=\"og:image\" content=\"https:\/\/www.travel3.com.br\/site\/wp-content\/uploads\/2026\/09\/Bacalar_Easy-Resize.com_.jpg\" \/>\n\t<meta property=\"og:image:width\" content=\"1280\" \/>\n\t<meta property=\"og:image:height\" content=\"853\" \/>\n\t<meta property=\"og:image:type\" content=\"image\/jpeg\" \/>\n<meta name=\"author\" content=\"Reda\u00e7\u00e3o Travel3\" \/>\n<meta name=\"twitter:card\" content=\"summary_large_image\" \/>\n<meta name=\"twitter:label1\" content=\"Escrito por\" \/>\n\t<meta name=\"twitter:data1\" content=\"Reda\u00e7\u00e3o Travel3\" \/>\n\t<meta name=\"twitter:label2\" content=\"Est. tempo de leitura\" \/>\n\t<meta name=\"twitter:data2\" content=\"5 minutos\" \/>\n<script type=\"application\/ld+json\" class=\"yoast-schema-graph\">{\"@context\":\"https:\/\/schema.org\",\"@graph\":[{\"@type\":\"Article\",\"@id\":\"https:\/\/www.travel3.com.br\/site\/comece-a-viajar\/bacalar-tranquilidade-caribe-mexicano\/#article\",\"isPartOf\":{\"@id\":\"https:\/\/www.travel3.com.br\/site\/comece-a-viajar\/bacalar-tranquilidade-caribe-mexicano\/\"},\"author\":{\"name\":\"Reda\u00e7\u00e3o Travel3\",\"@id\":\"https:\/\/www.travel3.com.br\/site\/#\/schema\/person\/9cff8daac0a2f1aa0799f827b8aa8308\"},\"headline\":\"Bacalar convida \u00e0 tranquilidade no Caribe Mexicano\",\"datePublished\":\"2026-09-04T17:51:00+00:00\",\"mainEntityOfPage\":{\"@id\":\"https:\/\/www.travel3.com.br\/site\/comece-a-viajar\/bacalar-tranquilidade-caribe-mexicano\/\"},\"wordCount\":732,\"commentCount\":0,\"publisher\":{\"@id\":\"https:\/\/www.travel3.com.br\/site\/#organization\"},\"image\":{\"@id\":\"https:\/\/www.travel3.com.br\/site\/comece-a-viajar\/bacalar-tranquilidade-caribe-mexicano\/#primaryimage\"},\"thumbnailUrl\":\"https:\/\/www.travel3.com.br\/site\/wp-content\/uploads\/2026\/09\/Bacalar_Easy-Resize.com_.jpg\",\"keywords\":[\"Bacalar\",\"Caribe Mexicano\"],\"articleSection\":[\"Am\u00e9rica do Norte\",\"Comece a Viajar\",\"Destinos\",\"Dicas\"],\"inLanguage\":\"pt-BR\",\"potentialAction\":[{\"@type\":\"CommentAction\",\"name\":\"Comment\",\"target\":[\"https:\/\/www.travel3.com.br\/site\/comece-a-viajar\/bacalar-tranquilidade-caribe-mexicano\/#respond\"]}]},{\"@type\":\"WebPage\",\"@id\":\"https:\/\/www.travel3.com.br\/site\/comece-a-viajar\/bacalar-tranquilidade-caribe-mexicano\/\",\"url\":\"https:\/\/www.travel3.com.br\/site\/comece-a-viajar\/bacalar-tranquilidade-caribe-mexicano\/\",\"name\":\"Bacalar convida \u00e0 tranquilidade no Caribe Mexicano - Travel3\",\"isPartOf\":{\"@id\":\"https:\/\/www.travel3.com.br\/site\/#website\"},\"primaryImageOfPage\":{\"@id\":\"https:\/\/www.travel3.com.br\/site\/comece-a-viajar\/bacalar-tranquilidade-caribe-mexicano\/#primaryimage\"},\"image\":{\"@id\":\"https:\/\/www.travel3.com.br\/site\/comece-a-viajar\/bacalar-tranquilidade-caribe-mexicano\/#primaryimage\"},\"thumbnailUrl\":\"https:\/\/www.travel3.com.br\/site\/wp-content\/uploads\/2026\/09\/Bacalar_Easy-Resize.com_.jpg\",\"datePublished\":\"2026-09-04T17:51:00+00:00\",\"description\":\"Bacalar, no Caribe Mexicano, re\u00fane lagoas, cenotes e paisagens naturais para quem busca descanso, aventura e conex\u00e3o com a natureza\",\"breadcrumb\":{\"@id\":\"https:\/\/www.travel3.com.br\/site\/comece-a-viajar\/bacalar-tranquilidade-caribe-mexicano\/#breadcrumb\"},\"inLanguage\":\"pt-BR\",\"potentialAction\":[{\"@type\":\"ReadAction\",\"target\":[\"https:\/\/www.travel3.com.br\/site\/comece-a-viajar\/bacalar-tranquilidade-caribe-mexicano\/\"]}]},{\"@type\":\"ImageObject\",\"inLanguage\":\"pt-BR\",\"@id\":\"https:\/\/www.travel3.com.br\/site\/comece-a-viajar\/bacalar-tranquilidade-caribe-mexicano\/#primaryimage\",\"url\":\"https:\/\/www.travel3.com.br\/site\/wp-content\/uploads\/2026\/09\/Bacalar_Easy-Resize.com_.jpg\",\"contentUrl\":\"https:\/\/www.travel3.com.br\/site\/wp-content\/uploads\/2026\/09\/Bacalar_Easy-Resize.com_.jpg\",\"width\":1280,\"height\":853,\"caption\":\"Bacalar, no Caribe Mexicano (Foto: Divulga\u00e7\u00e3o)\"},{\"@type\":\"BreadcrumbList\",\"@id\":\"https:\/\/www.travel3.com.br\/site\/comece-a-viajar\/bacalar-tranquilidade-caribe-mexicano\/#breadcrumb\",\"itemListElement\":[{\"@type\":\"ListItem\",\"position\":1,\"name\":\"In\u00edcio\",\"item\":\"https:\/\/www.travel3.com.br\/site\/\"},{\"@type\":\"ListItem\",\"position\":2,\"name\":\"Bacalar convida \u00e0 tranquilidade no Caribe Mexicano\"}]},{\"@type\":\"WebSite\",\"@id\":\"https:\/\/www.travel3.com.br\/site\/#website\",\"url\":\"https:\/\/www.travel3.com.br\/site\/\",\"name\":\"Travel3\",\"description\":\"Lazer + Neg&oacute;cios + Aventura\",\"publisher\":{\"@id\":\"https:\/\/www.travel3.com.br\/site\/#organization\"},\"potentialAction\":[{\"@type\":\"SearchAction\",\"target\":{\"@type\":\"EntryPoint\",\"urlTemplate\":\"https:\/\/www.travel3.com.br\/site\/?s={search_term_string}\"},\"query-input\":{\"@type\":\"PropertyValueSpecification\",\"valueRequired\":true,\"valueName\":\"search_term_string\"}}],\"inLanguage\":\"pt-BR\"},{\"@type\":\"Organization\",\"@id\":\"https:\/\/www.travel3.com.br\/site\/#organization\",\"name\":\"Travel3\",\"url\":\"https:\/\/www.travel3.com.br\/site\/\",\"logo\":{\"@type\":\"ImageObject\",\"inLanguage\":\"pt-BR\",\"@id\":\"https:\/\/www.travel3.com.br\/site\/#\/schema\/logo\/image\/\",\"url\":\"https:\/\/www.travel3.com.br\/site\/wp-content\/uploads\/2020\/01\/logo-travel3-2020.png\",\"contentUrl\":\"https:\/\/www.travel3.com.br\/site\/wp-content\/uploads\/2020\/01\/logo-travel3-2020.png\",\"width\":232,\"height\":79,\"caption\":\"Travel3\"},\"image\":{\"@id\":\"https:\/\/www.travel3.com.br\/site\/#\/schema\/logo\/image\/\"},\"sameAs\":[\"https:\/\/www.facebook.com\/travel3media\/\",\"https:\/\/www.instagram.com\/revistatravel3\/\",\"https:\/\/www.youtube.com\/channel\/UCno7J4paGBR3VbZQzvoJ9Eg\"]},{\"@type\":\"Person\",\"@id\":\"https:\/\/www.travel3.com.br\/site\/#\/schema\/person\/9cff8daac0a2f1aa0799f827b8aa8308\",\"name\":\"Reda\u00e7\u00e3o Travel3\",\"image\":{\"@type\":\"ImageObject\",\"inLanguage\":\"pt-BR\",\"@id\":\"https:\/\/www.travel3.com.br\/site\/#\/schema\/person\/image\/\",\"url\":\"https:\/\/secure.gravatar.com\/avatar\/6e6125525e1f04b7b8c607d71556e490?s=96&d=mm&r=g\",\"contentUrl\":\"https:\/\/secure.gravatar.com\/avatar\/6e6125525e1f04b7b8c607d71556e490?s=96&d=mm&r=g\",\"caption\":\"Reda\u00e7\u00e3o Travel3\"},\"sameAs\":[\"http:\/\/www.travel3.com.br\"],\"url\":\"https:\/\/www.travel3.com.br\/site\/author\/redacao2\/\"}]}<\/script>\n<!-- \/ Yoast SEO plugin. -->","yoast_head_json":{"title":"Bacalar convida \u00e0 tranquilidade no Caribe Mexicano - Travel3","description":"Bacalar, no Caribe Mexicano, re\u00fane lagoas, cenotes e paisagens naturais para quem busca descanso, aventura e conex\u00e3o com a natureza","robots":{"index":"index","follow":"follow","max-snippet":"max-snippet:-1","max-image-preview":"max-image-preview:large","max-video-preview":"max-video-preview:-1"},"canonical":"https:\/\/www.travel3.com.br\/site\/comece-a-viajar\/bacalar-tranquilidade-caribe-mexicano\/","og_locale":"pt_BR","og_type":"article","og_title":"Bacalar convida \u00e0 tranquilidade no Caribe Mexicano - Travel3","og_description":"Bacalar, no Caribe Mexicano, re\u00fane lagoas, cenotes e paisagens naturais para quem busca descanso, aventura e conex\u00e3o com a natureza","og_url":"https:\/\/www.travel3.com.br\/site\/comece-a-viajar\/bacalar-tranquilidade-caribe-mexicano\/","og_site_name":"Travel3","article_publisher":"https:\/\/www.facebook.com\/travel3media\/","article_published_time":"2026-09-04T17:51:00+00:00","og_image":[{"width":1280,"height":853,"url":"https:\/\/www.travel3.com.br\/site\/wp-content\/uploads\/2026\/09\/Bacalar_Easy-Resize.com_.jpg","type":"image\/jpeg"}],"author":"Reda\u00e7\u00e3o Travel3","twitter_card":"summary_large_image","twitter_misc":{"Escrito por":"Reda\u00e7\u00e3o Travel3","Est. tempo de leitura":"5 minutos"},"schema":{"@context":"https:\/\/schema.org","@graph":[{"@type":"Article","@id":"https:\/\/www.travel3.com.br\/site\/comece-a-viajar\/bacalar-tranquilidade-caribe-mexicano\/#article","isPartOf":{"@id":"https:\/\/www.travel3.com.br\/site\/comece-a-viajar\/bacalar-tranquilidade-caribe-mexicano\/"},"author":{"name":"Reda\u00e7\u00e3o Travel3","@id":"https:\/\/www.travel3.com.br\/site\/#\/schema\/person\/9cff8daac0a2f1aa0799f827b8aa8308"},"headline":"Bacalar convida \u00e0 tranquilidade no Caribe Mexicano","datePublished":"2026-09-04T17:51:00+00:00","mainEntityOfPage":{"@id":"https:\/\/www.travel3.com.br\/site\/comece-a-viajar\/bacalar-tranquilidade-caribe-mexicano\/"},"wordCount":732,"commentCount":0,"publisher":{"@id":"https:\/\/www.travel3.com.br\/site\/#organization"},"image":{"@id":"https:\/\/www.travel3.com.br\/site\/comece-a-viajar\/bacalar-tranquilidade-caribe-mexicano\/#primaryimage"},"thumbnailUrl":"https:\/\/www.travel3.com.br\/site\/wp-content\/uploads\/2026\/09\/Bacalar_Easy-Resize.com_.jpg","keywords":["Bacalar","Caribe Mexicano"],"articleSection":["Am\u00e9rica do Norte","Comece a Viajar","Destinos","Dicas"],"inLanguage":"pt-BR","potentialAction":[{"@type":"CommentAction","name":"Comment","target":["https:\/\/www.travel3.com.br\/site\/comece-a-viajar\/bacalar-tranquilidade-caribe-mexicano\/#respond"]}]},{"@type":"WebPage","@id":"https:\/\/www.travel3.com.br\/site\/comece-a-viajar\/bacalar-tranquilidade-caribe-mexicano\/","url":"https:\/\/www.travel3.com.br\/site\/comece-a-viajar\/bacalar-tranquilidade-caribe-mexicano\/","name":"Bacalar convida \u00e0 tranquilidade no Caribe Mexicano - Travel3","isPartOf":{"@id":"https:\/\/www.travel3.com.br\/site\/#website"},"primaryImageOfPage":{"@id":"https:\/\/www.travel3.com.br\/site\/comece-a-viajar\/bacalar-tranquilidade-caribe-mexicano\/#primaryimage"},"image":{"@id":"https:\/\/www.travel3.com.br\/site\/comece-a-viajar\/bacalar-tranquilidade-caribe-mexicano\/#primaryimage"},"thumbnailUrl":"https:\/\/www.travel3.com.br\/site\/wp-content\/uploads\/2026\/09\/Bacalar_Easy-Resize.com_.jpg","datePublished":"2026-09-04T17:51:00+00:00","description":"Bacalar, no Caribe Mexicano, re\u00fane lagoas, cenotes e paisagens naturais para quem busca descanso, aventura e conex\u00e3o com a natureza","breadcrumb":{"@id":"https:\/\/www.travel3.com.br\/site\/comece-a-viajar\/bacalar-tranquilidade-caribe-mexicano\/#breadcrumb"},"inLanguage":"pt-BR","potentialAction":[{"@type":"ReadAction","target":["https:\/\/www.travel3.com.br\/site\/comece-a-viajar\/bacalar-tranquilidade-caribe-mexicano\/"]}]},{"@type":"ImageObject","inLanguage":"pt-BR","@id":"https:\/\/www.travel3.com.br\/site\/comece-a-viajar\/bacalar-tranquilidade-caribe-mexicano\/#primaryimage","url":"https:\/\/www.travel3.com.br\/site\/wp-content\/uploads\/2026\/09\/Bacalar_Easy-Resize.com_.jpg","contentUrl":"https:\/\/www.travel3.com.br\/site\/wp-content\/uploads\/2026\/09\/Bacalar_Easy-Resize.com_.jpg","width":1280,"height":853,"caption":"Bacalar, no Caribe Mexicano (Foto: Divulga\u00e7\u00e3o)"},{"@type":"BreadcrumbList","@id":"https:\/\/www.travel3.com.br\/site\/comece-a-viajar\/bacalar-tranquilidade-caribe-mexicano\/#breadcrumb","itemListElement":[{"@type":"ListItem","position":1,"name":"In\u00edcio","item":"https:\/\/www.travel3.com.br\/site\/"},{"@type":"ListItem","position":2,"name":"Bacalar convida \u00e0 tranquilidade no Caribe Mexicano"}]},{"@type":"WebSite","@id":"https:\/\/www.travel3.com.br\/site\/#website","url":"https:\/\/www.travel3.com.br\/site\/","name":"Travel3","description":"Lazer + Neg&oacute;cios + Aventura","publisher":{"@id":"https:\/\/www.travel3.com.br\/site\/#organization"},"potentialAction":[{"@type":"SearchAction","target":{"@type":"EntryPoint","urlTemplate":"https:\/\/www.travel3.com.br\/site\/?s={search_term_string}"},"query-input":{"@type":"PropertyValueSpecification","valueRequired":true,"valueName":"search_term_string"}}],"inLanguage":"pt-BR"},{"@type":"Organization","@id":"https:\/\/www.travel3.com.br\/site\/#organization","name":"Travel3","url":"https:\/\/www.travel3.com.br\/site\/","logo":{"@type":"ImageObject","inLanguage":"pt-BR","@id":"https:\/\/www.travel3.com.br\/site\/#\/schema\/logo\/image\/","url":"https:\/\/www.travel3.com.br\/site\/wp-content\/uploads\/2020\/01\/logo-travel3-2020.png","contentUrl":"https:\/\/www.travel3.com.br\/site\/wp-content\/uploads\/2020\/01\/logo-travel3-2020.png","width":232,"height":79,"caption":"Travel3"},"image":{"@id":"https:\/\/www.travel3.com.br\/site\/#\/schema\/logo\/image\/"},"sameAs":["https:\/\/www.facebook.com\/travel3media\/","https:\/\/www.instagram.com\/revistatravel3\/","https:\/\/www.youtube.com\/channel\/UCno7J4paGBR3VbZQzvoJ9Eg"]},{"@type":"Person","@id":"https:\/\/www.travel3.com.br\/site\/#\/schema\/person\/9cff8daac0a2f1aa0799f827b8aa8308","name":"Reda\u00e7\u00e3o Travel3","image":{"@type":"ImageObject","inLanguage":"pt-BR","@id":"https:\/\/www.travel3.com.br\/site\/#\/schema\/person\/image\/","url":"https:\/\/secure.gravatar.com\/avatar\/6e6125525e1f04b7b8c607d71556e490?s=96&d=mm&r=g","contentUrl":"https:\/\/secure.gravatar.com\/avatar\/6e6125525e1f04b7b8c607d71556e490?s=96&d=mm&r=g","caption":"Reda\u00e7\u00e3o Travel3"},"sameAs":["http:\/\/www.travel3.com.br"],"url":"https:\/\/www.travel3.com.br\/site\/author\/redacao2\/"}]}},"_links":{"self":[{"href":"https:\/\/www.travel3.com.br\/site\/wp-json\/wp\/v2\/posts\/84188","targetHints":{"allow":["GET"]}}],"collection":[{"href":"https:\/\/www.travel3.com.br\/site\/wp-json\/wp\/v2\/posts"}],"about":[{"href":"https:\/\/www.travel3.com.br\/site\/wp-json\/wp\/v2\/types\/post"}],"author":[{"embeddable":true,"href":"https:\/\/www.travel3.com.br\/site\/wp-json\/wp\/v2\/users\/6"}],"replies":[{"embeddable":true,"href":"https:\/\/www.travel3.com.br\/site\/wp-json\/wp\/v2\/comments?post=84188"}],"version-history":[{"count":3,"href":"https:\/\/www.travel3.com.br\/site\/wp-json\/wp\/v2\/posts\/84188\/revisions"}],"predecessor-version":[{"id":84194,"href":"https:\/\/www.travel3.com.br\/site\/wp-json\/wp\/v2\/posts\/84188\/revisions\/84194"}],"wp:featuredmedia":[{"embeddable":true,"href":"https:\/\/www.travel3.com.br\/site\/wp-json\/wp\/v2\/media\/84190"}],"wp:attachment":[{"href":"https:\/\/www.travel3.com.br\/site\/wp-json\/wp\/v2\/media?parent=84188"}],"wp:term":[{"taxonomy":"category","embeddable":true,"href":"https:\/\/www.travel3.com.br\/site\/wp-json\/wp\/v2\/categories?post=84188"},{"taxonomy":"post_tag","embeddable":true,"href":"https:\/\/www.travel3.com.br\/site\/wp-json\/wp\/v2\/tags?post=84188"}],"curies":[{"name":"wp","href":"https:\/\/api.w.org\/{rel}","templated":true}]}}