{"id":84177,"date":"2026-09-03T23:03:00","date_gmt":"2026-09-04T02:03:00","guid":{"rendered":"https:\/\/www.travel3.com.br\/site\/?p=84177"},"modified":"2026-09-04T02:04:05","modified_gmt":"2026-09-04T05:04:05","slug":"semana-criativa-tiradentes-2026","status":"publish","type":"post","link":"https:\/\/www.travel3.com.br\/site\/acontece-no-turismo\/semana-criativa-tiradentes-2026\/","title":{"rendered":"Semana Criativa de Tiradentes celebra 10 anos em outubro"},"content":{"rendered":"\n<h2 class=\"wp-block-heading\">Festival apresenta programa\u00e7\u00e3o de design, arte, cultura, moda e gastronomia<\/h2>\n\n\n\n<p>A Semana Criativa de Tiradentes chega \u00e0 10\u00aa edi\u00e7\u00e3o entre 15 e 18 de outubro de 2026, em Tiradentes, Minas Gerais. O festival ocupar\u00e1 17 endere\u00e7os da cidade hist\u00f3rica com 22 espa\u00e7os dedicados ao design, artesanato, arquitetura, arte, moda, gastronomia, m\u00fasica e outras express\u00f5es da cultura brasileira.<\/p>\n\n\n\n<p>Criado inicialmente para aproximar design e artesanato, o evento ampliou seu alcance ao longo de uma d\u00e9cada. Em 2025, recebeu cerca de 22 mil visitantes, promoveu mais de 200 atividades e reuniu 36 designers e aproximadamente 300 artes\u00e3os, direta e indiretamente.<\/p>\n\n\n\n<p>Para a jornalista Simone Quintas, idealizadora do evento ao lado do produtor cultural J\u00fanior Guimar\u00e3es, a transforma\u00e7\u00e3o reflete a pr\u00f3pria diversidade da produ\u00e7\u00e3o brasileira.<\/p>\n\n\n\n<p>\u201c<strong><em>Hoje, entendemos a Semana Criativa de Tiradentes como um festival de criatividade e cultura. O design continua sendo uma linguagem fundamental, mas o evento tamb\u00e9m fala do Brasil por meio da m\u00fasica, arte, arquitetura, artesanato, moda, culin\u00e1ria e dos diferentes territ\u00f3rios<\/em><\/strong>\u201d, afirma.<\/p>\n\n\n\n<h3 class=\"wp-block-heading\">Novidades da Semana Criativa de Tiradentes 2026<\/h3>\n\n\n\n<p>Entre as estreias est\u00e3o A Casa D\u2019Preto e a Casa Rio, que ampliam a presen\u00e7a de diferentes territ\u00f3rios e manifesta\u00e7\u00f5es culturais no festival.<\/p>\n\n\n\n<p>A Casa D\u2019Preto ocupar\u00e1 o Casar\u00e3o Ramalho e ter\u00e1 programa\u00e7\u00e3o dedicada \u00e0 produ\u00e7\u00e3o de profissionais negros, com exposi\u00e7\u00e3o, encontros e lan\u00e7amento de uma plataforma voltada \u00e0 constru\u00e7\u00e3o civil.<\/p>\n\n\n\n<p>J\u00e1 a Casa Rio levar\u00e1 refer\u00eancias da cultura fluminense a Tiradentes por meio de design autoral, arte, artesanato e experi\u00eancias sensoriais.<\/p>\n\n\n\n<p>A programa\u00e7\u00e3o contar\u00e1 ainda com mais de 80 palestrantes e convidados, entre eles Thiago Rocha Pitta, Lucas Corazza, Andrea Bisker, L\u00edgia Agostini, Tainah Fagundes, Ester Carro e Dih Morais. O homenageado desta edi\u00e7\u00e3o ser\u00e1 o artista tiradentino Vinicius Rosa Rios.<\/p>\n\n\n\n<p>Outros espa\u00e7os j\u00e1 conhecidos pelo p\u00fablico retornam, como Casa Criativa, Casa Par\u00e1, Casa Mata Atl\u00e2ntica, Casa Arado e Casa do Design Cearense. O Mercado da Semana Criativa ganha novo endere\u00e7o na Villa da Matriz.<\/p>\n\n\n\n<h3 class=\"wp-block-heading\">Festival movimenta o turismo em Tiradentes<\/h3>\n\n\n\n<p>O crescimento tamb\u00e9m produz reflexos no turismo local. Dos cerca de 22 mil visitantes de 2025, 46% eram de Minas Gerais, 23% de S\u00e3o Paulo e 13% do Rio de Janeiro, movimentando hospedagem, gastronomia, transporte e com\u00e9rcio.<\/p>\n\n\n\n<p>A programa\u00e7\u00e3o descentralizada estimula ainda a circula\u00e7\u00e3o pelas ruas e pelo patrim\u00f4nio hist\u00f3rico de Tiradentes.<\/p>\n\n\n\n<p>\u201c<strong><em>Realizar um evento dessa dimens\u00e3o \u00e9 tamb\u00e9m um convite para que o p\u00fablico vivencie a programa\u00e7\u00e3o enquanto circula pela cidade e se relaciona com sua hist\u00f3ria e seus moradores<\/em><\/strong>\u201d, explica J\u00fanior Guimar\u00e3es.<\/p>\n\n\n\n<p>A programa\u00e7\u00e3o completa da 10\u00aa Semana Criativa de Tiradentes ser\u00e1 divulgada em 5 de outubro. As atividades s\u00e3o gratuitas, com reserva pr\u00e9via para as palestras.<\/p>\n","protected":false},"excerpt":{"rendered":"<p>Festival apresenta programa\u00e7\u00e3o de design, arte, cultura, moda e gastronomia<\/p>\n","protected":false},"author":5,"featured_media":69034,"comment_status":"open","ping_status":"open","sticky":false,"template":"","format":"standard","meta":{"footnotes":""},"categories":[969],"tags":[1755,355,7790,354],"class_list":["post-84177","post","type-post","status-publish","format-standard","has-post-thumbnail","hentry","category-acontece-no-turismo","tag-cidades-historicas","tag-minas-gerais","tag-semana-criativa-de-tiradentes","tag-tiradentes"],"yoast_head":"<!-- This site is optimized with the Yoast SEO plugin v26.2 - https:\/\/yoast.com\/wordpress\/plugins\/seo\/ -->\n<title>Semana Criativa de Tiradentes celebra 10 anos em outubro - Travel3<\/title>\n<meta name=\"description\" content=\"Semana Criativa de Tiradentes 2026 celebra 10 anos de 15 a 18 de outubro, com design, arte, gastronomia e mais de 80 palestrantes\" \/>\n<meta name=\"robots\" content=\"index, follow, max-snippet:-1, max-image-preview:large, max-video-preview:-1\" \/>\n<link rel=\"canonical\" href=\"https:\/\/www.travel3.com.br\/site\/acontece-no-turismo\/semana-criativa-tiradentes-2026\/\" \/>\n<meta property=\"og:locale\" content=\"pt_BR\" \/>\n<meta property=\"og:type\" content=\"article\" \/>\n<meta property=\"og:title\" content=\"Semana Criativa de Tiradentes celebra 10 anos em outubro - Travel3\" \/>\n<meta property=\"og:description\" content=\"Semana Criativa de Tiradentes 2026 celebra 10 anos de 15 a 18 de outubro, com design, arte, gastronomia e mais de 80 palestrantes\" \/>\n<meta property=\"og:url\" content=\"https:\/\/www.travel3.com.br\/site\/acontece-no-turismo\/semana-criativa-tiradentes-2026\/\" \/>\n<meta property=\"og:site_name\" content=\"Travel3\" \/>\n<meta property=\"article:publisher\" content=\"https:\/\/www.facebook.com\/travel3media\/\" \/>\n<meta property=\"article:published_time\" content=\"2026-09-04T02:03:00+00:00\" \/>\n<meta property=\"article:modified_time\" content=\"2026-09-04T05:04:05+00:00\" \/>\n<meta property=\"og:image\" content=\"https:\/\/www.travel3.com.br\/site\/wp-content\/uploads\/2024\/06\/Tiradentes.jpeg\" \/>\n\t<meta property=\"og:image:width\" content=\"612\" \/>\n\t<meta property=\"og:image:height\" content=\"408\" \/>\n\t<meta property=\"og:image:type\" content=\"image\/jpeg\" \/>\n<meta name=\"author\" content=\"Reda\u00e7\u00e3o Travel3\" \/>\n<meta name=\"twitter:card\" content=\"summary_large_image\" \/>\n<meta name=\"twitter:label1\" content=\"Escrito por\" \/>\n\t<meta name=\"twitter:data1\" content=\"Reda\u00e7\u00e3o Travel3\" \/>\n\t<meta name=\"twitter:label2\" content=\"Est. tempo de leitura\" \/>\n\t<meta name=\"twitter:data2\" content=\"3 minutos\" \/>\n<script type=\"application\/ld+json\" class=\"yoast-schema-graph\">{\"@context\":\"https:\/\/schema.org\",\"@graph\":[{\"@type\":\"Article\",\"@id\":\"https:\/\/www.travel3.com.br\/site\/acontece-no-turismo\/semana-criativa-tiradentes-2026\/#article\",\"isPartOf\":{\"@id\":\"https:\/\/www.travel3.com.br\/site\/acontece-no-turismo\/semana-criativa-tiradentes-2026\/\"},\"author\":{\"name\":\"Reda\u00e7\u00e3o Travel3\",\"@id\":\"https:\/\/www.travel3.com.br\/site\/#\/schema\/person\/89251b0320bc67697de92249f97f3fdb\"},\"headline\":\"Semana Criativa de Tiradentes celebra 10 anos em outubro\",\"datePublished\":\"2026-09-04T02:03:00+00:00\",\"dateModified\":\"2026-09-04T05:04:05+00:00\",\"mainEntityOfPage\":{\"@id\":\"https:\/\/www.travel3.com.br\/site\/acontece-no-turismo\/semana-criativa-tiradentes-2026\/\"},\"wordCount\":472,\"commentCount\":0,\"publisher\":{\"@id\":\"https:\/\/www.travel3.com.br\/site\/#organization\"},\"image\":{\"@id\":\"https:\/\/www.travel3.com.br\/site\/acontece-no-turismo\/semana-criativa-tiradentes-2026\/#primaryimage\"},\"thumbnailUrl\":\"https:\/\/www.travel3.com.br\/site\/wp-content\/uploads\/2024\/06\/Tiradentes.jpeg\",\"keywords\":[\"cidades hist\u00f3ricas\",\"Minas Gerais\",\"Semana Criativa de Tiradentes\",\"Tiradentes\"],\"articleSection\":[\"Acontece no Turismo\"],\"inLanguage\":\"pt-BR\",\"potentialAction\":[{\"@type\":\"CommentAction\",\"name\":\"Comment\",\"target\":[\"https:\/\/www.travel3.com.br\/site\/acontece-no-turismo\/semana-criativa-tiradentes-2026\/#respond\"]}]},{\"@type\":\"WebPage\",\"@id\":\"https:\/\/www.travel3.com.br\/site\/acontece-no-turismo\/semana-criativa-tiradentes-2026\/\",\"url\":\"https:\/\/www.travel3.com.br\/site\/acontece-no-turismo\/semana-criativa-tiradentes-2026\/\",\"name\":\"Semana Criativa de Tiradentes celebra 10 anos em outubro - Travel3\",\"isPartOf\":{\"@id\":\"https:\/\/www.travel3.com.br\/site\/#website\"},\"primaryImageOfPage\":{\"@id\":\"https:\/\/www.travel3.com.br\/site\/acontece-no-turismo\/semana-criativa-tiradentes-2026\/#primaryimage\"},\"image\":{\"@id\":\"https:\/\/www.travel3.com.br\/site\/acontece-no-turismo\/semana-criativa-tiradentes-2026\/#primaryimage\"},\"thumbnailUrl\":\"https:\/\/www.travel3.com.br\/site\/wp-content\/uploads\/2024\/06\/Tiradentes.jpeg\",\"datePublished\":\"2026-09-04T02:03:00+00:00\",\"dateModified\":\"2026-09-04T05:04:05+00:00\",\"description\":\"Semana Criativa de Tiradentes 2026 celebra 10 anos de 15 a 18 de outubro, com design, arte, gastronomia e mais de 80 palestrantes\",\"breadcrumb\":{\"@id\":\"https:\/\/www.travel3.com.br\/site\/acontece-no-turismo\/semana-criativa-tiradentes-2026\/#breadcrumb\"},\"inLanguage\":\"pt-BR\",\"potentialAction\":[{\"@type\":\"ReadAction\",\"target\":[\"https:\/\/www.travel3.com.br\/site\/acontece-no-turismo\/semana-criativa-tiradentes-2026\/\"]}]},{\"@type\":\"ImageObject\",\"inLanguage\":\"pt-BR\",\"@id\":\"https:\/\/www.travel3.com.br\/site\/acontece-no-turismo\/semana-criativa-tiradentes-2026\/#primaryimage\",\"url\":\"https:\/\/www.travel3.com.br\/site\/wp-content\/uploads\/2024\/06\/Tiradentes.jpeg\",\"contentUrl\":\"https:\/\/www.travel3.com.br\/site\/wp-content\/uploads\/2024\/06\/Tiradentes.jpeg\",\"width\":612,\"height\":408,\"caption\":\"Tiradentes, MG (Foto: Divulga\u00e7\u00e3o)\"},{\"@type\":\"BreadcrumbList\",\"@id\":\"https:\/\/www.travel3.com.br\/site\/acontece-no-turismo\/semana-criativa-tiradentes-2026\/#breadcrumb\",\"itemListElement\":[{\"@type\":\"ListItem\",\"position\":1,\"name\":\"In\u00edcio\",\"item\":\"https:\/\/www.travel3.com.br\/site\/\"},{\"@type\":\"ListItem\",\"position\":2,\"name\":\"Semana Criativa de Tiradentes celebra 10 anos em outubro\"}]},{\"@type\":\"WebSite\",\"@id\":\"https:\/\/www.travel3.com.br\/site\/#website\",\"url\":\"https:\/\/www.travel3.com.br\/site\/\",\"name\":\"Travel3\",\"description\":\"Lazer + Neg&oacute;cios + Aventura\",\"publisher\":{\"@id\":\"https:\/\/www.travel3.com.br\/site\/#organization\"},\"potentialAction\":[{\"@type\":\"SearchAction\",\"target\":{\"@type\":\"EntryPoint\",\"urlTemplate\":\"https:\/\/www.travel3.com.br\/site\/?s={search_term_string}\"},\"query-input\":{\"@type\":\"PropertyValueSpecification\",\"valueRequired\":true,\"valueName\":\"search_term_string\"}}],\"inLanguage\":\"pt-BR\"},{\"@type\":\"Organization\",\"@id\":\"https:\/\/www.travel3.com.br\/site\/#organization\",\"name\":\"Travel3\",\"url\":\"https:\/\/www.travel3.com.br\/site\/\",\"logo\":{\"@type\":\"ImageObject\",\"inLanguage\":\"pt-BR\",\"@id\":\"https:\/\/www.travel3.com.br\/site\/#\/schema\/logo\/image\/\",\"url\":\"https:\/\/www.travel3.com.br\/site\/wp-content\/uploads\/2020\/01\/logo-travel3-2020.png\",\"contentUrl\":\"https:\/\/www.travel3.com.br\/site\/wp-content\/uploads\/2020\/01\/logo-travel3-2020.png\",\"width\":232,\"height\":79,\"caption\":\"Travel3\"},\"image\":{\"@id\":\"https:\/\/www.travel3.com.br\/site\/#\/schema\/logo\/image\/\"},\"sameAs\":[\"https:\/\/www.facebook.com\/travel3media\/\",\"https:\/\/www.instagram.com\/revistatravel3\/\",\"https:\/\/www.youtube.com\/channel\/UCno7J4paGBR3VbZQzvoJ9Eg\"]},{\"@type\":\"Person\",\"@id\":\"https:\/\/www.travel3.com.br\/site\/#\/schema\/person\/89251b0320bc67697de92249f97f3fdb\",\"name\":\"Reda\u00e7\u00e3o Travel3\",\"image\":{\"@type\":\"ImageObject\",\"inLanguage\":\"pt-BR\",\"@id\":\"https:\/\/www.travel3.com.br\/site\/#\/schema\/person\/image\/\",\"url\":\"https:\/\/secure.gravatar.com\/avatar\/85a5ec2ad99b1932f671ebf50c117db6?s=96&d=mm&r=g\",\"contentUrl\":\"https:\/\/secure.gravatar.com\/avatar\/85a5ec2ad99b1932f671ebf50c117db6?s=96&d=mm&r=g\",\"caption\":\"Reda\u00e7\u00e3o Travel3\"},\"sameAs\":[\"http:\/\/www.travel3.com.br\/\"],\"url\":\"https:\/\/www.travel3.com.br\/site\/author\/redacao\/\"}]}<\/script>\n<!-- \/ Yoast SEO plugin. -->","yoast_head_json":{"title":"Semana Criativa de Tiradentes celebra 10 anos em outubro - Travel3","description":"Semana Criativa de Tiradentes 2026 celebra 10 anos de 15 a 18 de outubro, com design, arte, gastronomia e mais de 80 palestrantes","robots":{"index":"index","follow":"follow","max-snippet":"max-snippet:-1","max-image-preview":"max-image-preview:large","max-video-preview":"max-video-preview:-1"},"canonical":"https:\/\/www.travel3.com.br\/site\/acontece-no-turismo\/semana-criativa-tiradentes-2026\/","og_locale":"pt_BR","og_type":"article","og_title":"Semana Criativa de Tiradentes celebra 10 anos em outubro - Travel3","og_description":"Semana Criativa de Tiradentes 2026 celebra 10 anos de 15 a 18 de outubro, com design, arte, gastronomia e mais de 80 palestrantes","og_url":"https:\/\/www.travel3.com.br\/site\/acontece-no-turismo\/semana-criativa-tiradentes-2026\/","og_site_name":"Travel3","article_publisher":"https:\/\/www.facebook.com\/travel3media\/","article_published_time":"2026-09-04T02:03:00+00:00","article_modified_time":"2026-09-04T05:04:05+00:00","og_image":[{"width":612,"height":408,"url":"https:\/\/www.travel3.com.br\/site\/wp-content\/uploads\/2024\/06\/Tiradentes.jpeg","type":"image\/jpeg"}],"author":"Reda\u00e7\u00e3o Travel3","twitter_card":"summary_large_image","twitter_misc":{"Escrito por":"Reda\u00e7\u00e3o Travel3","Est. tempo de leitura":"3 minutos"},"schema":{"@context":"https:\/\/schema.org","@graph":[{"@type":"Article","@id":"https:\/\/www.travel3.com.br\/site\/acontece-no-turismo\/semana-criativa-tiradentes-2026\/#article","isPartOf":{"@id":"https:\/\/www.travel3.com.br\/site\/acontece-no-turismo\/semana-criativa-tiradentes-2026\/"},"author":{"name":"Reda\u00e7\u00e3o Travel3","@id":"https:\/\/www.travel3.com.br\/site\/#\/schema\/person\/89251b0320bc67697de92249f97f3fdb"},"headline":"Semana Criativa de Tiradentes celebra 10 anos em outubro","datePublished":"2026-09-04T02:03:00+00:00","dateModified":"2026-09-04T05:04:05+00:00","mainEntityOfPage":{"@id":"https:\/\/www.travel3.com.br\/site\/acontece-no-turismo\/semana-criativa-tiradentes-2026\/"},"wordCount":472,"commentCount":0,"publisher":{"@id":"https:\/\/www.travel3.com.br\/site\/#organization"},"image":{"@id":"https:\/\/www.travel3.com.br\/site\/acontece-no-turismo\/semana-criativa-tiradentes-2026\/#primaryimage"},"thumbnailUrl":"https:\/\/www.travel3.com.br\/site\/wp-content\/uploads\/2024\/06\/Tiradentes.jpeg","keywords":["cidades hist\u00f3ricas","Minas Gerais","Semana Criativa de Tiradentes","Tiradentes"],"articleSection":["Acontece no Turismo"],"inLanguage":"pt-BR","potentialAction":[{"@type":"CommentAction","name":"Comment","target":["https:\/\/www.travel3.com.br\/site\/acontece-no-turismo\/semana-criativa-tiradentes-2026\/#respond"]}]},{"@type":"WebPage","@id":"https:\/\/www.travel3.com.br\/site\/acontece-no-turismo\/semana-criativa-tiradentes-2026\/","url":"https:\/\/www.travel3.com.br\/site\/acontece-no-turismo\/semana-criativa-tiradentes-2026\/","name":"Semana Criativa de Tiradentes celebra 10 anos em outubro - Travel3","isPartOf":{"@id":"https:\/\/www.travel3.com.br\/site\/#website"},"primaryImageOfPage":{"@id":"https:\/\/www.travel3.com.br\/site\/acontece-no-turismo\/semana-criativa-tiradentes-2026\/#primaryimage"},"image":{"@id":"https:\/\/www.travel3.com.br\/site\/acontece-no-turismo\/semana-criativa-tiradentes-2026\/#primaryimage"},"thumbnailUrl":"https:\/\/www.travel3.com.br\/site\/wp-content\/uploads\/2024\/06\/Tiradentes.jpeg","datePublished":"2026-09-04T02:03:00+00:00","dateModified":"2026-09-04T05:04:05+00:00","description":"Semana Criativa de Tiradentes 2026 celebra 10 anos de 15 a 18 de outubro, com design, arte, gastronomia e mais de 80 palestrantes","breadcrumb":{"@id":"https:\/\/www.travel3.com.br\/site\/acontece-no-turismo\/semana-criativa-tiradentes-2026\/#breadcrumb"},"inLanguage":"pt-BR","potentialAction":[{"@type":"ReadAction","target":["https:\/\/www.travel3.com.br\/site\/acontece-no-turismo\/semana-criativa-tiradentes-2026\/"]}]},{"@type":"ImageObject","inLanguage":"pt-BR","@id":"https:\/\/www.travel3.com.br\/site\/acontece-no-turismo\/semana-criativa-tiradentes-2026\/#primaryimage","url":"https:\/\/www.travel3.com.br\/site\/wp-content\/uploads\/2024\/06\/Tiradentes.jpeg","contentUrl":"https:\/\/www.travel3.com.br\/site\/wp-content\/uploads\/2024\/06\/Tiradentes.jpeg","width":612,"height":408,"caption":"Tiradentes, MG (Foto: Divulga\u00e7\u00e3o)"},{"@type":"BreadcrumbList","@id":"https:\/\/www.travel3.com.br\/site\/acontece-no-turismo\/semana-criativa-tiradentes-2026\/#breadcrumb","itemListElement":[{"@type":"ListItem","position":1,"name":"In\u00edcio","item":"https:\/\/www.travel3.com.br\/site\/"},{"@type":"ListItem","position":2,"name":"Semana Criativa de Tiradentes celebra 10 anos em outubro"}]},{"@type":"WebSite","@id":"https:\/\/www.travel3.com.br\/site\/#website","url":"https:\/\/www.travel3.com.br\/site\/","name":"Travel3","description":"Lazer + Neg&oacute;cios + Aventura","publisher":{"@id":"https:\/\/www.travel3.com.br\/site\/#organization"},"potentialAction":[{"@type":"SearchAction","target":{"@type":"EntryPoint","urlTemplate":"https:\/\/www.travel3.com.br\/site\/?s={search_term_string}"},"query-input":{"@type":"PropertyValueSpecification","valueRequired":true,"valueName":"search_term_string"}}],"inLanguage":"pt-BR"},{"@type":"Organization","@id":"https:\/\/www.travel3.com.br\/site\/#organization","name":"Travel3","url":"https:\/\/www.travel3.com.br\/site\/","logo":{"@type":"ImageObject","inLanguage":"pt-BR","@id":"https:\/\/www.travel3.com.br\/site\/#\/schema\/logo\/image\/","url":"https:\/\/www.travel3.com.br\/site\/wp-content\/uploads\/2020\/01\/logo-travel3-2020.png","contentUrl":"https:\/\/www.travel3.com.br\/site\/wp-content\/uploads\/2020\/01\/logo-travel3-2020.png","width":232,"height":79,"caption":"Travel3"},"image":{"@id":"https:\/\/www.travel3.com.br\/site\/#\/schema\/logo\/image\/"},"sameAs":["https:\/\/www.facebook.com\/travel3media\/","https:\/\/www.instagram.com\/revistatravel3\/","https:\/\/www.youtube.com\/channel\/UCno7J4paGBR3VbZQzvoJ9Eg"]},{"@type":"Person","@id":"https:\/\/www.travel3.com.br\/site\/#\/schema\/person\/89251b0320bc67697de92249f97f3fdb","name":"Reda\u00e7\u00e3o Travel3","image":{"@type":"ImageObject","inLanguage":"pt-BR","@id":"https:\/\/www.travel3.com.br\/site\/#\/schema\/person\/image\/","url":"https:\/\/secure.gravatar.com\/avatar\/85a5ec2ad99b1932f671ebf50c117db6?s=96&d=mm&r=g","contentUrl":"https:\/\/secure.gravatar.com\/avatar\/85a5ec2ad99b1932f671ebf50c117db6?s=96&d=mm&r=g","caption":"Reda\u00e7\u00e3o Travel3"},"sameAs":["http:\/\/www.travel3.com.br\/"],"url":"https:\/\/www.travel3.com.br\/site\/author\/redacao\/"}]}},"_links":{"self":[{"href":"https:\/\/www.travel3.com.br\/site\/wp-json\/wp\/v2\/posts\/84177","targetHints":{"allow":["GET"]}}],"collection":[{"href":"https:\/\/www.travel3.com.br\/site\/wp-json\/wp\/v2\/posts"}],"about":[{"href":"https:\/\/www.travel3.com.br\/site\/wp-json\/wp\/v2\/types\/post"}],"author":[{"embeddable":true,"href":"https:\/\/www.travel3.com.br\/site\/wp-json\/wp\/v2\/users\/5"}],"replies":[{"embeddable":true,"href":"https:\/\/www.travel3.com.br\/site\/wp-json\/wp\/v2\/comments?post=84177"}],"version-history":[{"count":1,"href":"https:\/\/www.travel3.com.br\/site\/wp-json\/wp\/v2\/posts\/84177\/revisions"}],"predecessor-version":[{"id":84178,"href":"https:\/\/www.travel3.com.br\/site\/wp-json\/wp\/v2\/posts\/84177\/revisions\/84178"}],"wp:featuredmedia":[{"embeddable":true,"href":"https:\/\/www.travel3.com.br\/site\/wp-json\/wp\/v2\/media\/69034"}],"wp:attachment":[{"href":"https:\/\/www.travel3.com.br\/site\/wp-json\/wp\/v2\/media?parent=84177"}],"wp:term":[{"taxonomy":"category","embeddable":true,"href":"https:\/\/www.travel3.com.br\/site\/wp-json\/wp\/v2\/categories?post=84177"},{"taxonomy":"post_tag","embeddable":true,"href":"https:\/\/www.travel3.com.br\/site\/wp-json\/wp\/v2\/tags?post=84177"}],"curies":[{"name":"wp","href":"https:\/\/api.w.org\/{rel}","templated":true}]}}