{"id":8416,"date":"2019-11-14T10:30:03","date_gmt":"2019-11-14T12:30:03","guid":{"rendered":"http:\/\/www.travel3.com.br\/?p=8416"},"modified":"2021-12-14T14:52:28","modified_gmt":"2021-12-14T16:52:28","slug":"jalapao-tendo-o-conforto-como-diferencial","status":"publish","type":"post","link":"https:\/\/www.travel3.com.br\/site\/destinos\/jalapao-tendo-o-conforto-como-diferencial\/","title":{"rendered":"Jalap\u00e3o \u00e9 viagem incr\u00edvel e pode ter o conforto como diferencial"},"content":{"rendered":"\n<h2 class=\"wp-block-heading\" style=\"text-align:center\">O viajante entra em um mundo de cores, texturas, cultura, gastronomia e muitas aventuras numa paisagem de tirar o f\u00f4lego<\/h2>\n\n\n\n<p>O mais preservado santu\u00e1rio do Cerrado brasileiro, o Jalap\u00e3o, \u00e9 mais do que um deserto com suas dunas de areia. O destino tem ainda chapad\u00f5es e serras a perder de vista.<\/p>\n\n\n\n<p>Na cor alaranjada da paisagem, destacam-se rios e riachos de \u00e1guas cristalinas e pot\u00e1veis, cachoeiras deslumbrantes e animais \u00fanicos. Os causos do hospitaleiro povo Quilombola completam a aventura fant\u00e1stica, em meio \u00e0 intera\u00e7\u00e3o com a natureza e a sustentabilidade.<\/p>\n\n\n\n<p>Explorar a regi\u00e3o com conforto \u00e9 o conceito desta viagem. Isso significa hospedar em tendas montadas sob as \u00e1rvores, com comidas t\u00edpicas e bem elaboradas.<\/p>\n\n\n\n<p style=\"text-align:center\"><strong>Texto e Fotos: Julius Dadalti<\/strong><\/p>\n\n\n\n<div class=\"wp-block-image\"><figure class=\"aligncenter is-resized\"><img loading=\"lazy\" decoding=\"async\" src=\"https:\/\/www.travel3.com.br\/site\/wp-content\/uploads\/2021\/12\/paisagem-jalapao-cerrado-1024x682.jpg\" alt=\"Caminhantes em paisagem t\u00edpica de cerrado do Jalap\u00e3o, com ch\u00e3o terroso, \u00e1rvores espa\u00e7adas, um pequeno lago e montanhas ao fundo, com c\u00e9u de poucas n\u00favens\" class=\"wp-image-44769\" width=\"768\" height=\"512\" srcset=\"https:\/\/www.travel3.com.br\/site\/wp-content\/uploads\/2021\/12\/paisagem-jalapao-cerrado-1024x682.jpg 1024w, https:\/\/www.travel3.com.br\/site\/wp-content\/uploads\/2021\/12\/paisagem-jalapao-cerrado-300x200.jpg 300w, https:\/\/www.travel3.com.br\/site\/wp-content\/uploads\/2021\/12\/paisagem-jalapao-cerrado-768x512.jpg 768w, https:\/\/www.travel3.com.br\/site\/wp-content\/uploads\/2021\/12\/paisagem-jalapao-cerrado-750x500.jpg 750w, https:\/\/www.travel3.com.br\/site\/wp-content\/uploads\/2021\/12\/paisagem-jalapao-cerrado-1140x760.jpg 1140w, https:\/\/www.travel3.com.br\/site\/wp-content\/uploads\/2021\/12\/paisagem-jalapao-cerrado.jpg 1280w\" sizes=\"auto, (max-width: 768px) 100vw, 768px\" \/><figcaption>O laranja da paisagem, recortado pela vegeta\u00e7\u00e3o do cerrado e rios de \u00e1guas cristalinas \u2013 um encontro com Jalap\u00e3o<\/figcaption><\/figure><\/div>\n\n\n\n<h2 class=\"wp-block-heading\">A chegada<\/h2>\n\n\n\n<p>Ao chegar ao aeroporto de Palmas, a equipe que far\u00e1 o traslado j\u00e1 aguarda os turistas com ve\u00edculos 4&#215;4. Eles est\u00e3o adaptados para cruzar o Cerrado tocantinense. Ap\u00f3s um 1\u00ba dia de hospedagem no bom Hotel Girassol Plazais, parte-se com destino ao Jalap\u00e3o.<\/p>\n\n\n\n<p>O nome \u00e9 origin\u00e1rio de uma pequena planta, a jalapa-do-brasil. Esta flor lil\u00e1s tem raiz que d\u00e1 um sabor especial \u00e0 cacha\u00e7a servida nos bares locais.<\/p>\n\n\n\n<p>Com 2h30 de viagem + parada em Santa Teresa, para a degusta\u00e7\u00e3o de doces e sorvetes regionais \u2013 chega-se a Ponte Alta. A cidade, de 8 mil habitantes, \u00e9 o port\u00e3o de entrada para um sert\u00e3o cortado por belas veredas. O tempo aqui parece ir mais devagar. O turista ouve aqui e ali um e outro animal nativo, quase sempre sob um c\u00e9u muito azul.<\/p>\n\n\n\n<p style=\"text-align:center\">Leia mais = <strong><a href=\"https:\/\/www.travel3.com.br\/comece-a-viajar\/5-hoteis-tematicos-para-voltar-a-viajar-pelo-brasil\/\" target=\"_blank\" rel=\"noreferrer noopener\" aria-label=\"5 hot\u00e9is tem\u00e1ticos que voc\u00ea precisa conhecer no Brasil (opens in a new tab)\">5 hot\u00e9is tem\u00e1ticos que voc\u00ea precisa conhecer no Brasil<\/a><\/strong><\/p>\n\n\n\n<div class=\"wp-block-image\"><figure class=\"aligncenter is-resized\"><img loading=\"lazy\" decoding=\"async\" src=\"https:\/\/www.travel3.com.br\/site\/wp-content\/uploads\/2021\/12\/canion-sussuapara-jalapao-682x1024.jpg\" alt=\"\u00e1gua jorrando do C\u00e2nion do Sussuapara, no Jalap\u00e3o\" class=\"wp-image-44768\" width=\"512\" height=\"768\" srcset=\"https:\/\/www.travel3.com.br\/site\/wp-content\/uploads\/2021\/12\/canion-sussuapara-jalapao-682x1024.jpg 682w, https:\/\/www.travel3.com.br\/site\/wp-content\/uploads\/2021\/12\/canion-sussuapara-jalapao-200x300.jpg 200w, https:\/\/www.travel3.com.br\/site\/wp-content\/uploads\/2021\/12\/canion-sussuapara-jalapao-768x1152.jpg 768w, https:\/\/www.travel3.com.br\/site\/wp-content\/uploads\/2021\/12\/canion-sussuapara-jalapao-750x1125.jpg 750w, https:\/\/www.travel3.com.br\/site\/wp-content\/uploads\/2021\/12\/canion-sussuapara-jalapao.jpg 853w\" sizes=\"auto, (max-width: 512px) 100vw, 512px\" \/><figcaption>Mesmo na \u00e9poca da seca, no C\u00e2nion do Sussuapara a \u00e1gua n\u00e3o para de jorrar<\/figcaption><\/figure><\/div>\n\n\n\n<h2 class=\"wp-block-heading\">Entrando no sert\u00e3o<\/h2>\n\n\n\n<p>Olhares curiosos observam os aventureiros. Daqui para frente, poucos carros estar\u00e3o nas estradas secas margeadas por buritis e riachos, onde refrescar-se \u00e9 quase uma exig\u00eancia. Como \u00e9 curiosa a aus\u00eancia e, ao mesmo tempo, a abund\u00e2ncia de \u00e1gua no Cerrado!<\/p>\n\n\n\n<p>Ve\u00edculos com tra\u00e7\u00e3o nas quatro rodas s\u00e3o indispens\u00e1veis para vencer o areal e os buracos espalhados. Pode-se rodar mais de hora sem encontrar vivalma. Quem pretender fazer a viagem por conta pr\u00f3pria deve revisar o carro e munir-se de um plano de emerg\u00eancia. Celulares n\u00e3o pegam por essas bandas.<\/p>\n\n\n\n<div class=\"wp-block-image\"><figure class=\"aligncenter is-resized\"><img loading=\"lazy\" decoding=\"async\" src=\"https:\/\/www.travel3.com.br\/site\/wp-content\/uploads\/2021\/12\/barraca-cerrado-jalapao-1024x682.jpg\" alt=\"barraca verde em meio \u00e0s \u00e1rvores espa\u00e7adas do Cerrado\" class=\"wp-image-44767\" width=\"768\" height=\"512\" srcset=\"https:\/\/www.travel3.com.br\/site\/wp-content\/uploads\/2021\/12\/barraca-cerrado-jalapao-1024x682.jpg 1024w, https:\/\/www.travel3.com.br\/site\/wp-content\/uploads\/2021\/12\/barraca-cerrado-jalapao-300x200.jpg 300w, https:\/\/www.travel3.com.br\/site\/wp-content\/uploads\/2021\/12\/barraca-cerrado-jalapao-768x512.jpg 768w, https:\/\/www.travel3.com.br\/site\/wp-content\/uploads\/2021\/12\/barraca-cerrado-jalapao-750x500.jpg 750w, https:\/\/www.travel3.com.br\/site\/wp-content\/uploads\/2021\/12\/barraca-cerrado-jalapao-1140x760.jpg 1140w, https:\/\/www.travel3.com.br\/site\/wp-content\/uploads\/2021\/12\/barraca-cerrado-jalapao.jpg 1280w\" sizes=\"auto, (max-width: 768px) 100vw, 768px\" \/><figcaption>Barracas oferecem conforto e se tornam o lar dos turistas durante experi\u00eancia no Cerrado<\/figcaption><\/figure><\/div>\n\n\n\n<p>Ap\u00f3s cruzar a cidade de Ponte Alta almo\u00e7ar saborosa comida caseira numa das hospedagens locais, segue-se em frente. Apenas 30 minutos de carro depois, avista-se o C\u00e2nion do Sussuapara, em que a \u00e1gua escorre entre as fendas rochosas.<\/p>\n\n\n\n<p>S\u00e3o 10 minutos de caminhada na estrada, entre riachos de \u00e1gua pura que correm sob os p\u00e9s dos visitantes extasiados. \u00c9 imposs\u00edvel n\u00e3o parar para contemplar os raios solares colorindo as quedas d\u2019\u00e1gua. Mesmo na \u00e9poca da seca, a \u00e1gua n\u00e3o para de brotar das pedras. Belo in\u00edcio de expedi\u00e7\u00e3o!<\/p>\n\n\n\n<div class=\"wp-block-image\"><figure class=\"aligncenter is-resized\"><img loading=\"lazy\" decoding=\"async\" src=\"https:\/\/www.travel3.com.br\/site\/wp-content\/uploads\/2021\/12\/rio-novo-jalapao-1024x682.jpg\" alt=\"Turistas de caiaque no Rio Novo, Jalap\u00e3o\" class=\"wp-image-44766\" width=\"768\" height=\"512\" srcset=\"https:\/\/www.travel3.com.br\/site\/wp-content\/uploads\/2021\/12\/rio-novo-jalapao-1024x682.jpg 1024w, https:\/\/www.travel3.com.br\/site\/wp-content\/uploads\/2021\/12\/rio-novo-jalapao-300x200.jpg 300w, https:\/\/www.travel3.com.br\/site\/wp-content\/uploads\/2021\/12\/rio-novo-jalapao-768x512.jpg 768w, https:\/\/www.travel3.com.br\/site\/wp-content\/uploads\/2021\/12\/rio-novo-jalapao-750x500.jpg 750w, https:\/\/www.travel3.com.br\/site\/wp-content\/uploads\/2021\/12\/rio-novo-jalapao-1140x760.jpg 1140w, https:\/\/www.travel3.com.br\/site\/wp-content\/uploads\/2021\/12\/rio-novo-jalapao.jpg 1280w\" sizes=\"auto, (max-width: 768px) 100vw, 768px\" \/><figcaption>Aventura \u00e9 vencer, num caiaque, as corredeiras do Rio Novo<\/figcaption><\/figure><\/div>\n\n\n\n<h2 class=\"wp-block-heading\">Bem vindo ao Jalap\u00e3o<\/h2>\n\n\n\n<p>O Jalap\u00e3o \u00e9 uma regi\u00e3o \u00e1rida de 34.000 km\u00b2, cercada por verdadeiros o\u00e1sis. Ela est\u00e1 a leste do estado do Tocantins. Abrange os munic\u00edpios de Ponte Alta do Tocantins, Mateiros, S\u00e3o F\u00e9lix do Tocantins, Novo Acordo, Santa Tereza do Tocantins, Lagoa do Tocantins e Rio da Concei\u00e7\u00e3o. Em 2001, passou \u00e0 condi\u00e7\u00e3o de Parque Estadual, com \u00e1rea equivalente ao estado de Sergipe.<\/p>\n\n\n\n<p>Araras-azuis, tucanos, lobos-guar\u00e1s, antas, raposas e on\u00e7as habitam a regi\u00e3o. Entre junho e setembro, as atividades nos rios s\u00e3o restringidas pelo Naturatins (Instituto de Natureza do Tocantins). Este \u00e9 o per\u00edodo reprodutivo do pato-mergulh\u00e3o, ave em extin\u00e7\u00e3o.<\/p>\n\n\n\n<div class=\"wp-block-image\"><figure class=\"aligncenter is-resized\"><img loading=\"lazy\" decoding=\"async\" src=\"https:\/\/www.travel3.com.br\/site\/wp-content\/uploads\/2021\/12\/viajantes-paisagem-jalapao-1024x682.jpg\" alt=\"Viajantes apreciam paisagem alaranjada e montanhosa do Jalap\u00e3o\" class=\"wp-image-44765\" width=\"768\" height=\"512\" srcset=\"https:\/\/www.travel3.com.br\/site\/wp-content\/uploads\/2021\/12\/viajantes-paisagem-jalapao-1024x682.jpg 1024w, https:\/\/www.travel3.com.br\/site\/wp-content\/uploads\/2021\/12\/viajantes-paisagem-jalapao-300x200.jpg 300w, https:\/\/www.travel3.com.br\/site\/wp-content\/uploads\/2021\/12\/viajantes-paisagem-jalapao-768x512.jpg 768w, https:\/\/www.travel3.com.br\/site\/wp-content\/uploads\/2021\/12\/viajantes-paisagem-jalapao-750x500.jpg 750w, https:\/\/www.travel3.com.br\/site\/wp-content\/uploads\/2021\/12\/viajantes-paisagem-jalapao-1140x760.jpg 1140w, https:\/\/www.travel3.com.br\/site\/wp-content\/uploads\/2021\/12\/viajantes-paisagem-jalapao.jpg 1280w\" sizes=\"auto, (max-width: 768px) 100vw, 768px\" \/><figcaption>Viajantes se re\u00fanem para&#8230;<\/figcaption><\/figure><\/div>\n\n\n\n<h3 class=\"wp-block-heading\">Serra da Muri\u00e7oca ao som das siriemas<\/h3>\n\n\n\n<p>Faltando 2h30 para chegar, h\u00e1 uma pausa no topo da Serra da Muri\u00e7oca. Fazemos uma degusta\u00e7\u00e3o de sucos, pa\u00e7ocas e biscoitos artesanais, ouvindo as hist\u00f3rias do guia Adail. O canto das seriemas alegra a pequena refei\u00e7\u00e3o. A entrada no camping ocorre junto com o p\u00f4r do sol.<\/p>\n\n\n\n<p>A 1\u00aa impress\u00e3o do lugar traz de volta \u00e0 mente os antigos filmes sobre saf\u00e1ris na \u00c1frica. Barracas para 2 pessoas com banheiro qu\u00edmico + duchas de \u00e1gua quente + prainha particular + red\u00e1rios + restaurante. O Rio Novo tem \u00e1gua pot\u00e1vel e transparente.<\/p>\n\n\n\n<p>A imagina\u00e7\u00e3o do visitante ganha asas em meio \u00e0s cores intensas do fim de tarde.<\/p>\n\n\n\n<div class=\"wp-block-image\"><figure class=\"aligncenter is-resized\"><img loading=\"lazy\" decoding=\"async\" src=\"https:\/\/www.travel3.com.br\/site\/wp-content\/uploads\/2021\/12\/mergulho-fervedouro-jalapao-1024x682.jpg\" alt=\"Homem mergulha em fervedouro cercado por \u00e1rvores altas e esverdeadas, no Jalap\u00e3o\" class=\"wp-image-44773\" width=\"768\" height=\"512\" srcset=\"https:\/\/www.travel3.com.br\/site\/wp-content\/uploads\/2021\/12\/mergulho-fervedouro-jalapao-1024x682.jpg 1024w, https:\/\/www.travel3.com.br\/site\/wp-content\/uploads\/2021\/12\/mergulho-fervedouro-jalapao-300x200.jpg 300w, https:\/\/www.travel3.com.br\/site\/wp-content\/uploads\/2021\/12\/mergulho-fervedouro-jalapao-768x512.jpg 768w, https:\/\/www.travel3.com.br\/site\/wp-content\/uploads\/2021\/12\/mergulho-fervedouro-jalapao-750x500.jpg 750w, https:\/\/www.travel3.com.br\/site\/wp-content\/uploads\/2021\/12\/mergulho-fervedouro-jalapao-1140x760.jpg 1140w, https:\/\/www.travel3.com.br\/site\/wp-content\/uploads\/2021\/12\/mergulho-fervedouro-jalapao.jpg 1280w\" sizes=\"auto, (max-width: 768px) 100vw, 768px\" \/><figcaption>&#8230;um mergulho no fervedouro de \u00e1guas azuis, em que \u00e9 imposs\u00edvel se afundar<\/figcaption><\/figure><\/div>\n\n\n\n<p>No dia seguinte, Adail vai \u00e0 porta de cada barraca acordar gentilmente os visitantes. Despertador \u00e9 para as cidades, aqui voc\u00ea acorda com o simp\u00e1tico \u201cbom dia\u201d tocantinense ou com os p\u00e1ssaros do Cerrado. O caf\u00e9 da manh\u00e3 tem muitas frutas, bolos e sucos, servidos com um sorriso. A cozinha \u00e9 comandada pelos chefs Romaryo e Johny. Chega um cafezinho preto acompanhado de + causos.<br><\/p>\n\n\n\n<h2 class=\"wp-block-heading\">\u00c9 hora de aventura<\/h2>\n\n\n\n<p>O 1\u00ba passeio \u00e9 vencer, num caiaque, as corredeiras do Rio Novo. A atividade \u00e9 muito segura. O guia d\u00e1 uma aula de remada e todos treinam aten\u00e7\u00e3o.<\/p>\n\n\n\n<p>\u00c0 tarde, ap\u00f3s o almo\u00e7o, del\u00edcia \u00e9 tirar um cochilo nos red\u00e1rios para restaurar as energias. Depois segue-se para assistir ao sol se p\u00f4r nas dunas do Parque Estadual do Jalap\u00e3o.<\/p>\n\n\n\n<p>J\u00e1 na estrada, a paisagem antecipa o que ser\u00e1 vivenciado. S\u00e3o texturas, riachos, tucanos, a Serra do Esp\u00edrito Santo e muita gente no alto das dunas aguardando o espet\u00e1culo.<\/p>\n\n\n\n<div class=\"wp-block-image\"><figure class=\"aligncenter is-resized\"><img loading=\"lazy\" decoding=\"async\" src=\"https:\/\/www.travel3.com.br\/site\/wp-content\/uploads\/2021\/12\/artesanato-capim-dourado-jalapao-1024x682.jpg\" alt=\"Artes\u00e3 confecciona artesanato em capim dourado\" class=\"wp-image-44772\" width=\"768\" height=\"512\" srcset=\"https:\/\/www.travel3.com.br\/site\/wp-content\/uploads\/2021\/12\/artesanato-capim-dourado-jalapao-1024x682.jpg 1024w, https:\/\/www.travel3.com.br\/site\/wp-content\/uploads\/2021\/12\/artesanato-capim-dourado-jalapao-300x200.jpg 300w, https:\/\/www.travel3.com.br\/site\/wp-content\/uploads\/2021\/12\/artesanato-capim-dourado-jalapao-768x512.jpg 768w, https:\/\/www.travel3.com.br\/site\/wp-content\/uploads\/2021\/12\/artesanato-capim-dourado-jalapao-750x500.jpg 750w, https:\/\/www.travel3.com.br\/site\/wp-content\/uploads\/2021\/12\/artesanato-capim-dourado-jalapao-1140x760.jpg 1140w, https:\/\/www.travel3.com.br\/site\/wp-content\/uploads\/2021\/12\/artesanato-capim-dourado-jalapao.jpg 1280w\" sizes=\"auto, (max-width: 768px) 100vw, 768px\" \/><figcaption>A artes\u00e3 Adejane e os souvenirs e artefatos feitos com capim dourado<\/figcaption><\/figure><\/div>\n\n\n\n<p>D\u00e1 para sentir a energia do lugar. Atr\u00e1s da serra, o sol se esconde por entre as veredas, enquanto aplausos explodem no sil\u00eancio do Cerrado. Fica o pensamento sobre quanto se \u00e9 pequeno diante de tanta grandiosidade. O dia termina com uma caipirinha e um peixe assado.<\/p>\n\n\n\n<p style=\"text-align:center\">Leia mais = <strong><a rel=\"noreferrer noopener\" href=\"https:\/\/www.travel3.com.br\/destaque\/refugio-ecologico-caiman\/\" target=\"_blank\">Ref\u00fagio Ecol\u00f3gico Caiman cria exclusivas experi\u00eancias pantaneiras<\/a><\/strong><\/p>\n\n\n\n<h2 class=\"wp-block-heading\">Muitas surpresas pelo caminho<\/h2>\n\n\n\n<p>Um dia ap\u00f3s o outro, e as novidades n\u00e3o cessam. A temperatura \u00e9 quase agrad\u00e1vel, pois o sol forte \u00e9 amainado pela brisa constante.<\/p>\n\n\n\n<p>Nos chamados fervedouros, de \u00e1guas azuis (nas quais \u00e9 imposs\u00edvel se afundar, em meio \u00e0s tentativas frustradas de mergulho), o almo\u00e7o \u00e9 preparado pr\u00f3ximo ao banho. O card\u00e1pio inclui arroz jalapan\u00eas acompanhado de saladas e cerveja gelada. Doces s\u00e3o servidos como sobremesa. Ao fim, o visitante \u00e9 apresentado ao artesanato de Adejane, uma quilombola que trabalha com o capim dourado. Colhido em setembro, \u00e9 protegido pelas unidades de preserva\u00e7\u00e3o local.<\/p>\n\n\n\n<div class=\"wp-block-image\"><figure class=\"aligncenter is-resized\"><img loading=\"lazy\" decoding=\"async\" src=\"https:\/\/www.travel3.com.br\/site\/wp-content\/uploads\/2021\/12\/cachoeira-do-formiga-jalapao-1024x715.jpg\" alt=\"Cachoeira do Formiga, de \u00e1guas esverdeadas, cercada pelo verde da floresta nativa\" class=\"wp-image-44771\" width=\"768\" height=\"536\" srcset=\"https:\/\/www.travel3.com.br\/site\/wp-content\/uploads\/2021\/12\/cachoeira-do-formiga-jalapao-1024x715.jpg 1024w, https:\/\/www.travel3.com.br\/site\/wp-content\/uploads\/2021\/12\/cachoeira-do-formiga-jalapao-300x210.jpg 300w, https:\/\/www.travel3.com.br\/site\/wp-content\/uploads\/2021\/12\/cachoeira-do-formiga-jalapao-768x536.jpg 768w, https:\/\/www.travel3.com.br\/site\/wp-content\/uploads\/2021\/12\/cachoeira-do-formiga-jalapao-750x524.jpg 750w, https:\/\/www.travel3.com.br\/site\/wp-content\/uploads\/2021\/12\/cachoeira-do-formiga-jalapao-1140x796.jpg 1140w, https:\/\/www.travel3.com.br\/site\/wp-content\/uploads\/2021\/12\/cachoeira-do-formiga-jalapao.jpg 1280w\" sizes=\"auto, (max-width: 768px) 100vw, 768px\" \/><figcaption>As \u00e1guas verde-esmeralda da Cachoeira do Formiga<\/figcaption><\/figure><\/div>\n\n\n\n<p>O roteiro tamb\u00e9m inclui uma visita \u00e0 Casa do Artes\u00e3o e \u00e0 sorveteria. Assim espanta-se o calor com os sabores de caja-manga, cupua\u00e7u, buriti e outros t\u00edpicos.<\/p>\n\n\n\n<p>Diante da Cachoeira do Formiga (uma nascente de \u00e1gua verde-esmeralda), o dif\u00edcil \u00e9 escolher entre fotografar ou mergulhar.<\/p>\n\n\n\n<p>No retorno, pr\u00f3ximas \u00e0 Serra do Esp\u00edrito Santo, as nuvens assumem tonalidades rosas, misturadas ao vermelho e ao laranja da paisagem, acompanhando o astro-rei.<\/p>\n\n\n\n<h2 class=\"wp-block-heading\">As comunidades Quilombola<\/h2>\n\n\n\n<p>Na visita a comunidades remanescentes de quilombos, conhece-se o Seu Albelo, patriarca de 107 anos. Simp\u00e1tico, hospitaleiro, n\u00e3o abre m\u00e3o do cachimbo e da cacha\u00e7a di\u00e1ria. Tem tamb\u00e9m o Adelio, respons\u00e1vel pelo camping, neto de Seu Albelo. O Seu Wilson fortalece os quadros do camping, trazendo a tradi\u00e7\u00e3o e a cultura local ao dia a dia dos turistas.<\/p>\n\n\n\n<p>O casal de dentistas Lu\u00eds Belan e Vera Leite, que viajam o mundo todo atr\u00e1s de aventuras, contam que se sentiram surpreendidos com a beleza do Jalap\u00e3o:<\/p>\n\n\n\n<blockquote class=\"wp-block-quote is-layout-flow wp-block-quote-is-layout-flow\"><p>Isto aqui \u00e9 muito melhor do que pensei<\/p><p><\/p><cite> Lu\u00eds Bela, Turista<\/cite><\/blockquote>\n\n\n\n<p>J\u00e1 o casal curitibano Conrad e Marlayne comemorou mais um anivers\u00e1rio de casamento durante a viagem:<\/p>\n\n\n\n<blockquote class=\"wp-block-quote is-layout-flow wp-block-quote-is-layout-flow\"><p>Sempre planejamos excurs\u00f5es como esta, em que a natureza \u00e9 a protagonista<\/p><p><\/p><cite>Conrad e Marlayne, Turistas<\/cite><\/blockquote>\n\n\n\n<p>O engenheiro Raphael Piazzarollo conta ter planos de visitar todos os parques no Brasil, acrescentando que a energia do Tocantins \u00e9 indescrit\u00edvel.<\/p>\n\n\n\n<div class=\"wp-block-image\"><figure class=\"aligncenter is-resized\"><img loading=\"lazy\" decoding=\"async\" src=\"https:\/\/www.travel3.com.br\/site\/wp-content\/uploads\/2021\/12\/prainha-rio-novo-jalapao-1024x682.jpg\" alt=\"Turistas se banham na Prainha do Rio novo, em meio \u00e0s \u00e1rvores e sob c\u00e9u pouco nublado, no Jalap\u00e3o\" class=\"wp-image-44770\" width=\"768\" height=\"512\" srcset=\"https:\/\/www.travel3.com.br\/site\/wp-content\/uploads\/2021\/12\/prainha-rio-novo-jalapao-1024x682.jpg 1024w, https:\/\/www.travel3.com.br\/site\/wp-content\/uploads\/2021\/12\/prainha-rio-novo-jalapao-300x200.jpg 300w, https:\/\/www.travel3.com.br\/site\/wp-content\/uploads\/2021\/12\/prainha-rio-novo-jalapao-768x512.jpg 768w, https:\/\/www.travel3.com.br\/site\/wp-content\/uploads\/2021\/12\/prainha-rio-novo-jalapao-750x500.jpg 750w, https:\/\/www.travel3.com.br\/site\/wp-content\/uploads\/2021\/12\/prainha-rio-novo-jalapao-1140x760.jpg 1140w, https:\/\/www.travel3.com.br\/site\/wp-content\/uploads\/2021\/12\/prainha-rio-novo-jalapao.jpg 1280w\" sizes=\"auto, (max-width: 768px) 100vw, 768px\" \/><figcaption>Momento relax na Prainha do Rio Novo<\/figcaption><\/figure><\/div>\n\n\n\n<h2 class=\"wp-block-heading\">\u00daltimo dia de viagem no Jalap\u00e3o<\/h2>\n\n\n\n<p>No \u00faltimo dia, h\u00e1 empolga\u00e7\u00e3o de sobra para fazer a trilha na Serra do Esp\u00edrito Santo, ao amanhecer. Subida \u00edngreme de 800m e mais uma f\u00e1cil caminhada de 3km at\u00e9 o mirante. Muitas fotos e um dia fant\u00e1stico, com o c\u00e9u azul de sempre, refor\u00e7ando o colorido do Cerrado.<\/p>\n\n\n\n<p>Chega a tarde e \u00e9 hora de fazer uma flutua\u00e7\u00e3o rio abaixo. Ap\u00f3s o jantar, com direito \u00e0 carne de sol servida na moranga, h\u00e1 uma fogueira com viola completa a expedi\u00e7\u00e3o. Hist\u00f3rias e muita m\u00fasica sob um c\u00e9u estrelado fecham a viagem de maneira inesquec\u00edvel.<\/p>\n\n\n\n<p>Dia de partir. No caminho, uma passagem r\u00e1pida pela Cachoeira da Velha, na qual o banho \u00e9 proibido, mas onde se pode fotografar. Que cen\u00e1rio! A 1km dali, h\u00e1 uma parada na Prainha do Rio Novo para banho e lanches, em outro cen\u00e1rio de tirar o f\u00f4lego.<\/p>\n\n\n\n<p>O Jalap\u00e3o \u00e9 um lugar para visitar e voltar. O caminho \u00e9 duro, mas conhecer essa maravilha da natureza vale cada buraco do caminho.<\/p>\n\n\n\n<h2 class=\"wp-block-heading\">Pacote para o Jalap\u00e3o<\/h2>\n\n\n\n<p><strong>Pacote da Boreal Operadora para o Jalap\u00e3o inclui<\/strong> traslados + 2 noites na Pousada dos Girass\u00f3is (ou similar), com caf\u00e9 da manh\u00e3 em Palmas + 4 noites no Saf\u00e1ri Camp Korubo, com caf\u00e9 da manh\u00e3, almo\u00e7o, jantar e lanches de trilha com sucos + equipamentos de seguran\u00e7a para canoagem + passeios conforme o programa + kit de viagem Boreal.<\/p>\n\n\n\n<p><strong>Observa\u00e7\u00e3o =<\/strong> sa\u00eddas todas as sextas-feiras<\/p>\n\n\n\n<p>Contato Boreal = (31) 2555-8881 + <strong><a href=\"http:\/\/www.borealturismo.com.br\" target=\"_blank\" rel=\"noreferrer noopener\" aria-label=\"www.borealturismo.com.br (opens in a new tab)\">www.borealturismo.com.br<\/a><\/strong><br><\/p>\n","protected":false},"excerpt":{"rendered":"<p>O viajante entra em um mundo de cores, texturas, cultura, gastronomia e muitas aventuras numa paisagem de tirar o f\u00f4lego O mais preservado santu\u00e1rio do Cerrado brasileiro, o Jalap\u00e3o, \u00e9 mais do que um deserto com suas dunas de areia. O destino tem ainda chapad\u00f5es e serras a perder de vista. Na cor alaranjada da [&hellip;]<\/p>\n","protected":false},"author":6,"featured_media":8427,"comment_status":"open","ping_status":"open","sticky":false,"template":"","format":"standard","meta":{"footnotes":""},"categories":[178,884,226,10],"tags":[255,974,973,187],"class_list":["post-8416","post","type-post","status-publish","format-standard","has-post-thumbnail","hentry","category-brasil","category-comece-a-viajar","category-destaque","category-destinos","tag-brasil","tag-ecoturismo","tag-jalapao","tag-travel3"],"yoast_head":"<!-- This site is optimized with the Yoast SEO plugin v26.2 - https:\/\/yoast.com\/wordpress\/plugins\/seo\/ -->\n<title>Jalap\u00e3o \u00e9 viagem incr\u00edvel e pode ter o conforto como diferencial - Travel3<\/title>\n<meta name=\"description\" content=\"O Jalap\u00e3o \u00e9 um dos mais preservados santu\u00e1rios do Cerrado brasileiro; mais do que um deserto com suas dunas de areia, o destino tem ainda chapad\u00f5es\" \/>\n<meta name=\"robots\" content=\"index, follow, max-snippet:-1, max-image-preview:large, max-video-preview:-1\" \/>\n<link rel=\"canonical\" href=\"https:\/\/www.travel3.com.br\/site\/destinos\/jalapao-tendo-o-conforto-como-diferencial\/\" \/>\n<meta property=\"og:locale\" content=\"pt_BR\" \/>\n<meta property=\"og:type\" content=\"article\" \/>\n<meta property=\"og:title\" content=\"Jalap\u00e3o \u00e9 viagem incr\u00edvel e pode ter o conforto como diferencial - Travel3\" \/>\n<meta property=\"og:description\" content=\"O Jalap\u00e3o \u00e9 um dos mais preservados santu\u00e1rios do Cerrado brasileiro; mais do que um deserto com suas dunas de areia, o destino tem ainda chapad\u00f5es\" \/>\n<meta property=\"og:url\" content=\"https:\/\/www.travel3.com.br\/site\/destinos\/jalapao-tendo-o-conforto-como-diferencial\/\" \/>\n<meta property=\"og:site_name\" content=\"Travel3\" \/>\n<meta property=\"article:publisher\" content=\"https:\/\/www.facebook.com\/travel3media\/\" \/>\n<meta property=\"article:published_time\" content=\"2019-11-14T12:30:03+00:00\" \/>\n<meta property=\"article:modified_time\" content=\"2021-12-14T16:52:28+00:00\" \/>\n<meta property=\"og:image\" content=\"https:\/\/www.travel3.com.br\/site\/wp-content\/uploads\/2017\/12\/11-grandiosidade-2.jpg\" \/>\n\t<meta property=\"og:image:width\" content=\"1920\" \/>\n\t<meta property=\"og:image:height\" content=\"800\" \/>\n\t<meta property=\"og:image:type\" content=\"image\/jpeg\" \/>\n<meta name=\"author\" content=\"Reda\u00e7\u00e3o Travel3\" \/>\n<meta name=\"twitter:card\" content=\"summary_large_image\" \/>\n<meta name=\"twitter:label1\" content=\"Escrito por\" \/>\n\t<meta name=\"twitter:data1\" content=\"Reda\u00e7\u00e3o Travel3\" \/>\n\t<meta name=\"twitter:label2\" content=\"Est. tempo de leitura\" \/>\n\t<meta name=\"twitter:data2\" content=\"8 minutos\" \/>\n<script type=\"application\/ld+json\" class=\"yoast-schema-graph\">{\"@context\":\"https:\/\/schema.org\",\"@graph\":[{\"@type\":\"Article\",\"@id\":\"https:\/\/www.travel3.com.br\/site\/destinos\/jalapao-tendo-o-conforto-como-diferencial\/#article\",\"isPartOf\":{\"@id\":\"https:\/\/www.travel3.com.br\/site\/destinos\/jalapao-tendo-o-conforto-como-diferencial\/\"},\"author\":{\"name\":\"Reda\u00e7\u00e3o Travel3\",\"@id\":\"https:\/\/www.travel3.com.br\/site\/#\/schema\/person\/9cff8daac0a2f1aa0799f827b8aa8308\"},\"headline\":\"Jalap\u00e3o \u00e9 viagem incr\u00edvel e pode ter o conforto como diferencial\",\"datePublished\":\"2019-11-14T12:30:03+00:00\",\"dateModified\":\"2021-12-14T16:52:28+00:00\",\"mainEntityOfPage\":{\"@id\":\"https:\/\/www.travel3.com.br\/site\/destinos\/jalapao-tendo-o-conforto-como-diferencial\/\"},\"wordCount\":1645,\"commentCount\":0,\"publisher\":{\"@id\":\"https:\/\/www.travel3.com.br\/site\/#organization\"},\"image\":{\"@id\":\"https:\/\/www.travel3.com.br\/site\/destinos\/jalapao-tendo-o-conforto-como-diferencial\/#primaryimage\"},\"thumbnailUrl\":\"https:\/\/www.travel3.com.br\/site\/wp-content\/uploads\/2017\/12\/11-grandiosidade-2.jpg\",\"keywords\":[\"Brasil\",\"ecoturismo\",\"Jalap\u00e3o\",\"Travel3\"],\"articleSection\":[\"Brasil\",\"Comece a Viajar\",\"Destaque\",\"Destinos\"],\"inLanguage\":\"pt-BR\",\"potentialAction\":[{\"@type\":\"CommentAction\",\"name\":\"Comment\",\"target\":[\"https:\/\/www.travel3.com.br\/site\/destinos\/jalapao-tendo-o-conforto-como-diferencial\/#respond\"]}]},{\"@type\":\"WebPage\",\"@id\":\"https:\/\/www.travel3.com.br\/site\/destinos\/jalapao-tendo-o-conforto-como-diferencial\/\",\"url\":\"https:\/\/www.travel3.com.br\/site\/destinos\/jalapao-tendo-o-conforto-como-diferencial\/\",\"name\":\"Jalap\u00e3o \u00e9 viagem incr\u00edvel e pode ter o conforto como diferencial - Travel3\",\"isPartOf\":{\"@id\":\"https:\/\/www.travel3.com.br\/site\/#website\"},\"primaryImageOfPage\":{\"@id\":\"https:\/\/www.travel3.com.br\/site\/destinos\/jalapao-tendo-o-conforto-como-diferencial\/#primaryimage\"},\"image\":{\"@id\":\"https:\/\/www.travel3.com.br\/site\/destinos\/jalapao-tendo-o-conforto-como-diferencial\/#primaryimage\"},\"thumbnailUrl\":\"https:\/\/www.travel3.com.br\/site\/wp-content\/uploads\/2017\/12\/11-grandiosidade-2.jpg\",\"datePublished\":\"2019-11-14T12:30:03+00:00\",\"dateModified\":\"2021-12-14T16:52:28+00:00\",\"description\":\"O Jalap\u00e3o \u00e9 um dos mais preservados santu\u00e1rios do Cerrado brasileiro; mais do que um deserto com suas dunas de areia, o destino tem ainda chapad\u00f5es\",\"breadcrumb\":{\"@id\":\"https:\/\/www.travel3.com.br\/site\/destinos\/jalapao-tendo-o-conforto-como-diferencial\/#breadcrumb\"},\"inLanguage\":\"pt-BR\",\"potentialAction\":[{\"@type\":\"ReadAction\",\"target\":[\"https:\/\/www.travel3.com.br\/site\/destinos\/jalapao-tendo-o-conforto-como-diferencial\/\"]}]},{\"@type\":\"ImageObject\",\"inLanguage\":\"pt-BR\",\"@id\":\"https:\/\/www.travel3.com.br\/site\/destinos\/jalapao-tendo-o-conforto-como-diferencial\/#primaryimage\",\"url\":\"https:\/\/www.travel3.com.br\/site\/wp-content\/uploads\/2017\/12\/11-grandiosidade-2.jpg\",\"contentUrl\":\"https:\/\/www.travel3.com.br\/site\/wp-content\/uploads\/2017\/12\/11-grandiosidade-2.jpg\",\"width\":1920,\"height\":800,\"caption\":\"Diante da grandiosidade da paisagem, turista sente todo o poder o Jalap\u00e3o (Fotos: Julio Dadalti)\"},{\"@type\":\"BreadcrumbList\",\"@id\":\"https:\/\/www.travel3.com.br\/site\/destinos\/jalapao-tendo-o-conforto-como-diferencial\/#breadcrumb\",\"itemListElement\":[{\"@type\":\"ListItem\",\"position\":1,\"name\":\"In\u00edcio\",\"item\":\"https:\/\/www.travel3.com.br\/site\/\"},{\"@type\":\"ListItem\",\"position\":2,\"name\":\"Jalap\u00e3o \u00e9 viagem incr\u00edvel e pode ter o conforto como diferencial\"}]},{\"@type\":\"WebSite\",\"@id\":\"https:\/\/www.travel3.com.br\/site\/#website\",\"url\":\"https:\/\/www.travel3.com.br\/site\/\",\"name\":\"Travel3\",\"description\":\"Lazer + Neg&oacute;cios + Aventura\",\"publisher\":{\"@id\":\"https:\/\/www.travel3.com.br\/site\/#organization\"},\"potentialAction\":[{\"@type\":\"SearchAction\",\"target\":{\"@type\":\"EntryPoint\",\"urlTemplate\":\"https:\/\/www.travel3.com.br\/site\/?s={search_term_string}\"},\"query-input\":{\"@type\":\"PropertyValueSpecification\",\"valueRequired\":true,\"valueName\":\"search_term_string\"}}],\"inLanguage\":\"pt-BR\"},{\"@type\":\"Organization\",\"@id\":\"https:\/\/www.travel3.com.br\/site\/#organization\",\"name\":\"Travel3\",\"url\":\"https:\/\/www.travel3.com.br\/site\/\",\"logo\":{\"@type\":\"ImageObject\",\"inLanguage\":\"pt-BR\",\"@id\":\"https:\/\/www.travel3.com.br\/site\/#\/schema\/logo\/image\/\",\"url\":\"https:\/\/www.travel3.com.br\/site\/wp-content\/uploads\/2020\/01\/logo-travel3-2020.png\",\"contentUrl\":\"https:\/\/www.travel3.com.br\/site\/wp-content\/uploads\/2020\/01\/logo-travel3-2020.png\",\"width\":232,\"height\":79,\"caption\":\"Travel3\"},\"image\":{\"@id\":\"https:\/\/www.travel3.com.br\/site\/#\/schema\/logo\/image\/\"},\"sameAs\":[\"https:\/\/www.facebook.com\/travel3media\/\",\"https:\/\/www.instagram.com\/revistatravel3\/\",\"https:\/\/www.youtube.com\/channel\/UCno7J4paGBR3VbZQzvoJ9Eg\"]},{\"@type\":\"Person\",\"@id\":\"https:\/\/www.travel3.com.br\/site\/#\/schema\/person\/9cff8daac0a2f1aa0799f827b8aa8308\",\"name\":\"Reda\u00e7\u00e3o Travel3\",\"image\":{\"@type\":\"ImageObject\",\"inLanguage\":\"pt-BR\",\"@id\":\"https:\/\/www.travel3.com.br\/site\/#\/schema\/person\/image\/\",\"url\":\"https:\/\/secure.gravatar.com\/avatar\/6e6125525e1f04b7b8c607d71556e490?s=96&d=mm&r=g\",\"contentUrl\":\"https:\/\/secure.gravatar.com\/avatar\/6e6125525e1f04b7b8c607d71556e490?s=96&d=mm&r=g\",\"caption\":\"Reda\u00e7\u00e3o Travel3\"},\"sameAs\":[\"http:\/\/www.travel3.com.br\"],\"url\":\"https:\/\/www.travel3.com.br\/site\/author\/redacao2\/\"}]}<\/script>\n<!-- \/ Yoast SEO plugin. -->","yoast_head_json":{"title":"Jalap\u00e3o \u00e9 viagem incr\u00edvel e pode ter o conforto como diferencial - Travel3","description":"O Jalap\u00e3o \u00e9 um dos mais preservados santu\u00e1rios do Cerrado brasileiro; mais do que um deserto com suas dunas de areia, o destino tem ainda chapad\u00f5es","robots":{"index":"index","follow":"follow","max-snippet":"max-snippet:-1","max-image-preview":"max-image-preview:large","max-video-preview":"max-video-preview:-1"},"canonical":"https:\/\/www.travel3.com.br\/site\/destinos\/jalapao-tendo-o-conforto-como-diferencial\/","og_locale":"pt_BR","og_type":"article","og_title":"Jalap\u00e3o \u00e9 viagem incr\u00edvel e pode ter o conforto como diferencial - Travel3","og_description":"O Jalap\u00e3o \u00e9 um dos mais preservados santu\u00e1rios do Cerrado brasileiro; mais do que um deserto com suas dunas de areia, o destino tem ainda chapad\u00f5es","og_url":"https:\/\/www.travel3.com.br\/site\/destinos\/jalapao-tendo-o-conforto-como-diferencial\/","og_site_name":"Travel3","article_publisher":"https:\/\/www.facebook.com\/travel3media\/","article_published_time":"2019-11-14T12:30:03+00:00","article_modified_time":"2021-12-14T16:52:28+00:00","og_image":[{"width":1920,"height":800,"url":"https:\/\/www.travel3.com.br\/site\/wp-content\/uploads\/2017\/12\/11-grandiosidade-2.jpg","type":"image\/jpeg"}],"author":"Reda\u00e7\u00e3o Travel3","twitter_card":"summary_large_image","twitter_misc":{"Escrito por":"Reda\u00e7\u00e3o Travel3","Est. tempo de leitura":"8 minutos"},"schema":{"@context":"https:\/\/schema.org","@graph":[{"@type":"Article","@id":"https:\/\/www.travel3.com.br\/site\/destinos\/jalapao-tendo-o-conforto-como-diferencial\/#article","isPartOf":{"@id":"https:\/\/www.travel3.com.br\/site\/destinos\/jalapao-tendo-o-conforto-como-diferencial\/"},"author":{"name":"Reda\u00e7\u00e3o Travel3","@id":"https:\/\/www.travel3.com.br\/site\/#\/schema\/person\/9cff8daac0a2f1aa0799f827b8aa8308"},"headline":"Jalap\u00e3o \u00e9 viagem incr\u00edvel e pode ter o conforto como diferencial","datePublished":"2019-11-14T12:30:03+00:00","dateModified":"2021-12-14T16:52:28+00:00","mainEntityOfPage":{"@id":"https:\/\/www.travel3.com.br\/site\/destinos\/jalapao-tendo-o-conforto-como-diferencial\/"},"wordCount":1645,"commentCount":0,"publisher":{"@id":"https:\/\/www.travel3.com.br\/site\/#organization"},"image":{"@id":"https:\/\/www.travel3.com.br\/site\/destinos\/jalapao-tendo-o-conforto-como-diferencial\/#primaryimage"},"thumbnailUrl":"https:\/\/www.travel3.com.br\/site\/wp-content\/uploads\/2017\/12\/11-grandiosidade-2.jpg","keywords":["Brasil","ecoturismo","Jalap\u00e3o","Travel3"],"articleSection":["Brasil","Comece a Viajar","Destaque","Destinos"],"inLanguage":"pt-BR","potentialAction":[{"@type":"CommentAction","name":"Comment","target":["https:\/\/www.travel3.com.br\/site\/destinos\/jalapao-tendo-o-conforto-como-diferencial\/#respond"]}]},{"@type":"WebPage","@id":"https:\/\/www.travel3.com.br\/site\/destinos\/jalapao-tendo-o-conforto-como-diferencial\/","url":"https:\/\/www.travel3.com.br\/site\/destinos\/jalapao-tendo-o-conforto-como-diferencial\/","name":"Jalap\u00e3o \u00e9 viagem incr\u00edvel e pode ter o conforto como diferencial - Travel3","isPartOf":{"@id":"https:\/\/www.travel3.com.br\/site\/#website"},"primaryImageOfPage":{"@id":"https:\/\/www.travel3.com.br\/site\/destinos\/jalapao-tendo-o-conforto-como-diferencial\/#primaryimage"},"image":{"@id":"https:\/\/www.travel3.com.br\/site\/destinos\/jalapao-tendo-o-conforto-como-diferencial\/#primaryimage"},"thumbnailUrl":"https:\/\/www.travel3.com.br\/site\/wp-content\/uploads\/2017\/12\/11-grandiosidade-2.jpg","datePublished":"2019-11-14T12:30:03+00:00","dateModified":"2021-12-14T16:52:28+00:00","description":"O Jalap\u00e3o \u00e9 um dos mais preservados santu\u00e1rios do Cerrado brasileiro; mais do que um deserto com suas dunas de areia, o destino tem ainda chapad\u00f5es","breadcrumb":{"@id":"https:\/\/www.travel3.com.br\/site\/destinos\/jalapao-tendo-o-conforto-como-diferencial\/#breadcrumb"},"inLanguage":"pt-BR","potentialAction":[{"@type":"ReadAction","target":["https:\/\/www.travel3.com.br\/site\/destinos\/jalapao-tendo-o-conforto-como-diferencial\/"]}]},{"@type":"ImageObject","inLanguage":"pt-BR","@id":"https:\/\/www.travel3.com.br\/site\/destinos\/jalapao-tendo-o-conforto-como-diferencial\/#primaryimage","url":"https:\/\/www.travel3.com.br\/site\/wp-content\/uploads\/2017\/12\/11-grandiosidade-2.jpg","contentUrl":"https:\/\/www.travel3.com.br\/site\/wp-content\/uploads\/2017\/12\/11-grandiosidade-2.jpg","width":1920,"height":800,"caption":"Diante da grandiosidade da paisagem, turista sente todo o poder o Jalap\u00e3o (Fotos: Julio Dadalti)"},{"@type":"BreadcrumbList","@id":"https:\/\/www.travel3.com.br\/site\/destinos\/jalapao-tendo-o-conforto-como-diferencial\/#breadcrumb","itemListElement":[{"@type":"ListItem","position":1,"name":"In\u00edcio","item":"https:\/\/www.travel3.com.br\/site\/"},{"@type":"ListItem","position":2,"name":"Jalap\u00e3o \u00e9 viagem incr\u00edvel e pode ter o conforto como diferencial"}]},{"@type":"WebSite","@id":"https:\/\/www.travel3.com.br\/site\/#website","url":"https:\/\/www.travel3.com.br\/site\/","name":"Travel3","description":"Lazer + Neg&oacute;cios + Aventura","publisher":{"@id":"https:\/\/www.travel3.com.br\/site\/#organization"},"potentialAction":[{"@type":"SearchAction","target":{"@type":"EntryPoint","urlTemplate":"https:\/\/www.travel3.com.br\/site\/?s={search_term_string}"},"query-input":{"@type":"PropertyValueSpecification","valueRequired":true,"valueName":"search_term_string"}}],"inLanguage":"pt-BR"},{"@type":"Organization","@id":"https:\/\/www.travel3.com.br\/site\/#organization","name":"Travel3","url":"https:\/\/www.travel3.com.br\/site\/","logo":{"@type":"ImageObject","inLanguage":"pt-BR","@id":"https:\/\/www.travel3.com.br\/site\/#\/schema\/logo\/image\/","url":"https:\/\/www.travel3.com.br\/site\/wp-content\/uploads\/2020\/01\/logo-travel3-2020.png","contentUrl":"https:\/\/www.travel3.com.br\/site\/wp-content\/uploads\/2020\/01\/logo-travel3-2020.png","width":232,"height":79,"caption":"Travel3"},"image":{"@id":"https:\/\/www.travel3.com.br\/site\/#\/schema\/logo\/image\/"},"sameAs":["https:\/\/www.facebook.com\/travel3media\/","https:\/\/www.instagram.com\/revistatravel3\/","https:\/\/www.youtube.com\/channel\/UCno7J4paGBR3VbZQzvoJ9Eg"]},{"@type":"Person","@id":"https:\/\/www.travel3.com.br\/site\/#\/schema\/person\/9cff8daac0a2f1aa0799f827b8aa8308","name":"Reda\u00e7\u00e3o Travel3","image":{"@type":"ImageObject","inLanguage":"pt-BR","@id":"https:\/\/www.travel3.com.br\/site\/#\/schema\/person\/image\/","url":"https:\/\/secure.gravatar.com\/avatar\/6e6125525e1f04b7b8c607d71556e490?s=96&d=mm&r=g","contentUrl":"https:\/\/secure.gravatar.com\/avatar\/6e6125525e1f04b7b8c607d71556e490?s=96&d=mm&r=g","caption":"Reda\u00e7\u00e3o Travel3"},"sameAs":["http:\/\/www.travel3.com.br"],"url":"https:\/\/www.travel3.com.br\/site\/author\/redacao2\/"}]}},"_links":{"self":[{"href":"https:\/\/www.travel3.com.br\/site\/wp-json\/wp\/v2\/posts\/8416","targetHints":{"allow":["GET"]}}],"collection":[{"href":"https:\/\/www.travel3.com.br\/site\/wp-json\/wp\/v2\/posts"}],"about":[{"href":"https:\/\/www.travel3.com.br\/site\/wp-json\/wp\/v2\/types\/post"}],"author":[{"embeddable":true,"href":"https:\/\/www.travel3.com.br\/site\/wp-json\/wp\/v2\/users\/6"}],"replies":[{"embeddable":true,"href":"https:\/\/www.travel3.com.br\/site\/wp-json\/wp\/v2\/comments?post=8416"}],"version-history":[{"count":20,"href":"https:\/\/www.travel3.com.br\/site\/wp-json\/wp\/v2\/posts\/8416\/revisions"}],"predecessor-version":[{"id":44776,"href":"https:\/\/www.travel3.com.br\/site\/wp-json\/wp\/v2\/posts\/8416\/revisions\/44776"}],"wp:featuredmedia":[{"embeddable":true,"href":"https:\/\/www.travel3.com.br\/site\/wp-json\/wp\/v2\/media\/8427"}],"wp:attachment":[{"href":"https:\/\/www.travel3.com.br\/site\/wp-json\/wp\/v2\/media?parent=8416"}],"wp:term":[{"taxonomy":"category","embeddable":true,"href":"https:\/\/www.travel3.com.br\/site\/wp-json\/wp\/v2\/categories?post=8416"},{"taxonomy":"post_tag","embeddable":true,"href":"https:\/\/www.travel3.com.br\/site\/wp-json\/wp\/v2\/tags?post=8416"}],"curies":[{"name":"wp","href":"https:\/\/api.w.org\/{rel}","templated":true}]}}