{"id":84150,"date":"2026-09-03T21:09:54","date_gmt":"2026-09-04T00:09:54","guid":{"rendered":"https:\/\/www.travel3.com.br\/site\/?p=84150"},"modified":"2026-09-03T21:09:55","modified_gmt":"2026-09-04T00:09:55","slug":"fam-fest-latam-2026-ava-resort-cancun","status":"publish","type":"post","link":"https:\/\/www.travel3.com.br\/site\/destaque\/fam-fest-latam-2026-ava-resort-cancun\/","title":{"rendered":"Fam Fest Latam 2026 tem in\u00edcio no AVA Resort Cancun"},"content":{"rendered":"\n<h2 class=\"wp-block-heading\">Evento re\u00fane profissionais de 11 pa\u00edses e apresenta a expans\u00e3o da UNICO Collection, com novo hotel na Jamaica<\/h2>\n\n\n\n<p>A 12\u00aa edi\u00e7\u00e3o do Fam Fest Latam come\u00e7ou nesta quarta-feira (2), no AVA Resort Cancun, no Caribe mexicano, reunindo agentes de viagens e outros representantes do setor em uma programa\u00e7\u00e3o que re\u00fane capacita\u00e7\u00e3o, relacionamento e entretenimento.<\/p>\n\n\n\n<p>Cerca de 80 profissionais do turismo de 11 pa\u00edses desembarcaram no Aeroporto Internacional de Canc\u00fan, de onde seguiram em transporte do receptivo <strong>On-Tour<\/strong> at\u00e9 o resort. Na chegada, foram recebidos pela equipe da PAM Hotels.<\/p>\n\n\n<div class=\"wp-block-image\">\n<figure class=\"aligncenter size-large is-resized\"><img loading=\"lazy\" decoding=\"async\" width=\"1024\" height=\"800\" src=\"https:\/\/www.travel3.com.br\/site\/wp-content\/uploads\/2026\/09\/PAM-Brasil-1024x800.jpg\" alt=\"PAM Brasil\" class=\"wp-image-84164\" style=\"width:746px;height:auto\" srcset=\"https:\/\/www.travel3.com.br\/site\/wp-content\/uploads\/2026\/09\/PAM-Brasil-1024x800.jpg 1024w, https:\/\/www.travel3.com.br\/site\/wp-content\/uploads\/2026\/09\/PAM-Brasil-300x234.jpg 300w, https:\/\/www.travel3.com.br\/site\/wp-content\/uploads\/2026\/09\/PAM-Brasil-768x600.jpg 768w, https:\/\/www.travel3.com.br\/site\/wp-content\/uploads\/2026\/09\/PAM-Brasil-150x117.jpg 150w, https:\/\/www.travel3.com.br\/site\/wp-content\/uploads\/2026\/09\/PAM-Brasil-750x586.jpg 750w, https:\/\/www.travel3.com.br\/site\/wp-content\/uploads\/2026\/09\/PAM-Brasil-1140x891.jpg 1140w, https:\/\/www.travel3.com.br\/site\/wp-content\/uploads\/2026\/09\/PAM-Brasil.jpg 1280w\" sizes=\"auto, (max-width: 1024px) 100vw, 1024px\" \/><figcaption class=\"wp-element-caption\">Jessica Bueno, Luciana Nasser, Carla Cecchele e Glaucia Barbosa: o time Brasil da PAM (Foto: Caroline Tonaco)<\/figcaption><\/figure><\/div>\n\n\n<p>O Brasil participa com a maior delega\u00e7\u00e3o, formada por 31 convidados. Tamb\u00e9m est\u00e3o representados Col\u00f4mbia, Argentina, Peru, Equador, Chile, Paraguai, Porto Rico, Bol\u00edvia, Costa Rica e Guatemala.<\/p>\n\n\n<div class=\"wp-block-image\">\n<figure class=\"aligncenter size-large is-resized\"><img loading=\"lazy\" decoding=\"async\" width=\"1024\" height=\"768\" src=\"https:\/\/www.travel3.com.br\/site\/wp-content\/uploads\/2024\/09\/AVA-Exterior-Shots-18_Easy-Resize.com_-1024x768.jpg\" alt=\"Vista do AVA Resort Cancun\" class=\"wp-image-71692\" style=\"width:743px;height:auto\" srcset=\"https:\/\/www.travel3.com.br\/site\/wp-content\/uploads\/2024\/09\/AVA-Exterior-Shots-18_Easy-Resize.com_-1024x768.jpg 1024w, https:\/\/www.travel3.com.br\/site\/wp-content\/uploads\/2024\/09\/AVA-Exterior-Shots-18_Easy-Resize.com_-300x225.jpg 300w, https:\/\/www.travel3.com.br\/site\/wp-content\/uploads\/2024\/09\/AVA-Exterior-Shots-18_Easy-Resize.com_-768x576.jpg 768w, https:\/\/www.travel3.com.br\/site\/wp-content\/uploads\/2024\/09\/AVA-Exterior-Shots-18_Easy-Resize.com_-150x113.jpg 150w, https:\/\/www.travel3.com.br\/site\/wp-content\/uploads\/2024\/09\/AVA-Exterior-Shots-18_Easy-Resize.com_-750x563.jpg 750w, https:\/\/www.travel3.com.br\/site\/wp-content\/uploads\/2024\/09\/AVA-Exterior-Shots-18_Easy-Resize.com_-1140x855.jpg 1140w, https:\/\/www.travel3.com.br\/site\/wp-content\/uploads\/2024\/09\/AVA-Exterior-Shots-18_Easy-Resize.com_.jpg 1280w\" sizes=\"auto, (max-width: 1024px) 100vw, 1024px\" \/><figcaption class=\"wp-element-caption\">AVA Resort Cancun (Foto: Divulga\u00e7\u00e3o)<\/figcaption><\/figure><\/div>\n\n\n<p>A abertura ocorreu com um coquetel ao ar livre, diante do mar e de uma das piscinas do resort. Ao som de saxofone ao vivo, os participantes vestiram rosa, cor associada \u00e0 identidade do AVA Resort Cancun.<\/p>\n\n\n\n<p>Ap\u00f3s a recep\u00e7\u00e3o, os convidados foram divididos em grupos para jantar em diferentes restaurantes. A din\u00e2mica permitiu conhecer parte da diversidade gastron\u00f4mica do resort, que recebe pela segunda vez uma edi\u00e7\u00e3o do Fam Fest Latam.<\/p>\n\n\n<div class=\"wp-block-image\">\n<figure class=\"aligncenter size-large is-resized\"><img loading=\"lazy\" decoding=\"async\" width=\"1024\" height=\"768\" src=\"https:\/\/www.travel3.com.br\/site\/wp-content\/uploads\/2026\/09\/IMG_4819_Easy-Resize.com_-1024x768.jpg\" alt=\"Manuel Rubio e Leonel Reyes\" class=\"wp-image-84163\" style=\"width:633px;height:auto\" srcset=\"https:\/\/www.travel3.com.br\/site\/wp-content\/uploads\/2026\/09\/IMG_4819_Easy-Resize.com_-1024x768.jpg 1024w, https:\/\/www.travel3.com.br\/site\/wp-content\/uploads\/2026\/09\/IMG_4819_Easy-Resize.com_-300x225.jpg 300w, https:\/\/www.travel3.com.br\/site\/wp-content\/uploads\/2026\/09\/IMG_4819_Easy-Resize.com_-768x576.jpg 768w, https:\/\/www.travel3.com.br\/site\/wp-content\/uploads\/2026\/09\/IMG_4819_Easy-Resize.com_-150x113.jpg 150w, https:\/\/www.travel3.com.br\/site\/wp-content\/uploads\/2026\/09\/IMG_4819_Easy-Resize.com_-750x563.jpg 750w, https:\/\/www.travel3.com.br\/site\/wp-content\/uploads\/2026\/09\/IMG_4819_Easy-Resize.com_-1140x855.jpg 1140w, https:\/\/www.travel3.com.br\/site\/wp-content\/uploads\/2026\/09\/IMG_4819_Easy-Resize.com_.jpg 1280w\" sizes=\"auto, (max-width: 1024px) 100vw, 1024px\" \/><figcaption class=\"wp-element-caption\">Manuel Rubio, gerente de vendas do AVA Resort Canc\u00fan e Leonel Reyes (Foto: Caroline Tonaco)<\/figcaption><\/figure><\/div>\n\n\n<h2 class=\"wp-block-heading\"><strong>Leonel Reyes apresenta n\u00fameros e novidades<\/strong><\/h2>\n\n\n\n<p>A programa\u00e7\u00e3o desta quinta-feira (3) come\u00e7ou no teatro do AVA Resort Cancun, com uma apresenta\u00e7\u00e3o de Leonel Reyes, diretor corporativo para a Am\u00e9rica Latina. O executivo apresentou resultados da empresa, comentou tend\u00eancias do mercado e antecipou novidades do portf\u00f3lio.<\/p>\n\n\n\n<p>Reyes definiu os profissionais presentes como \u201carquitetos de momentos\u201d e destacou o papel dos agentes de viagens na constru\u00e7\u00e3o da jornada do cliente. Segundo ele, a rela\u00e7\u00e3o com o viajante come\u00e7a antes mesmo da chegada ao hotel.<\/p>\n\n\n<div class=\"wp-block-image\">\n<figure class=\"aligncenter size-large is-resized\"><img loading=\"lazy\" decoding=\"async\" width=\"1024\" height=\"642\" src=\"https:\/\/www.travel3.com.br\/site\/wp-content\/uploads\/2026\/09\/Time-PAM-Hotels-1024x642.jpg\" alt=\"Time PAM - Fam Fest Latam 2026\" class=\"wp-image-84158\" style=\"width:742px;height:auto\" srcset=\"https:\/\/www.travel3.com.br\/site\/wp-content\/uploads\/2026\/09\/Time-PAM-Hotels-1024x642.jpg 1024w, https:\/\/www.travel3.com.br\/site\/wp-content\/uploads\/2026\/09\/Time-PAM-Hotels-300x188.jpg 300w, https:\/\/www.travel3.com.br\/site\/wp-content\/uploads\/2026\/09\/Time-PAM-Hotels-768x482.jpg 768w, https:\/\/www.travel3.com.br\/site\/wp-content\/uploads\/2026\/09\/Time-PAM-Hotels-150x94.jpg 150w, https:\/\/www.travel3.com.br\/site\/wp-content\/uploads\/2026\/09\/Time-PAM-Hotels-750x471.jpg 750w, https:\/\/www.travel3.com.br\/site\/wp-content\/uploads\/2026\/09\/Time-PAM-Hotels-1140x715.jpg 1140w, https:\/\/www.travel3.com.br\/site\/wp-content\/uploads\/2026\/09\/Time-PAM-Hotels.jpg 1280w\" sizes=\"auto, (max-width: 1024px) 100vw, 1024px\" \/><figcaption class=\"wp-element-caption\">Leonel Reyes entre o time da PAM Hotels (Foto: Caroline Tonaco)<\/figcaption><\/figure><\/div>\n\n\n<blockquote class=\"wp-block-quote is-layout-flow wp-block-quote-is-layout-flow\">\n<p>\u201cA experi\u00eancia n\u00e3o come\u00e7a quando o cliente chega ao hotel. Ela come\u00e7a com uma recomenda\u00e7\u00e3o, durante uma conversa, um caf\u00e9 ou uma confer\u00eancia\u201d, afirmou.<\/p>\n<\/blockquote>\n\n\n\n<p>Para o executivo, cada venda tamb\u00e9m pode gerar novas oportunidades de viagem. Um cliente que participa de uma conven\u00e7\u00e3o, por exemplo, pode retornar \u00e0 propriedade com a fam\u00edlia ou os amigos. Por isso, segmentos como lazer, grupos, conven\u00e7\u00f5es e romance podem se complementar dentro da estrat\u00e9gia de vendas.<\/p>\n\n\n\n<p>Leonel Reyes tamb\u00e9m apresentou resultados da opera\u00e7\u00e3o na Am\u00e9rica Latina e destacou o crescimento dos segmentos de lazer, grupos, conven\u00e7\u00f5es e romance, impulsionado pelo trabalho dos agentes de viagens e parceiros comerciais.<\/p>\n\n\n\n<blockquote class=\"wp-block-quote is-layout-flow wp-block-quote-is-layout-flow\">\n<p> \u201cEles representam a soma de cada venda, de cada recomenda\u00e7\u00e3o e de toda a confian\u00e7a que voc\u00eas depositam em n\u00f3s\u201d, disse.<\/p>\n<\/blockquote>\n\n\n\n<p>Atualmente, o portf\u00f3lio re\u00fane oito marcas, distribu\u00eddas por quatro pa\u00edses e 11 destinos. A oferta inclui propriedades nos Estados Unidos, no Caribe mexicano, no Pac\u00edfico mexicano e na Rep\u00fablica Dominicana, al\u00e9m da nova expans\u00e3o para a Jamaica.<\/p>\n\n\n<div class=\"wp-block-image\">\n<figure class=\"aligncenter size-large is-resized\"><img loading=\"lazy\" decoding=\"async\" width=\"1024\" height=\"768\" src=\"https:\/\/www.travel3.com.br\/site\/wp-content\/uploads\/2025\/11\/URN-Roof_Easy-Resize.com_-1024x768.jpg\" alt=\"Rooftop UNICO 20 105\" class=\"wp-image-79523\" style=\"width:761px;height:auto\" srcset=\"https:\/\/www.travel3.com.br\/site\/wp-content\/uploads\/2025\/11\/URN-Roof_Easy-Resize.com_-1024x768.jpg 1024w, https:\/\/www.travel3.com.br\/site\/wp-content\/uploads\/2025\/11\/URN-Roof_Easy-Resize.com_-300x225.jpg 300w, https:\/\/www.travel3.com.br\/site\/wp-content\/uploads\/2025\/11\/URN-Roof_Easy-Resize.com_-768x576.jpg 768w, https:\/\/www.travel3.com.br\/site\/wp-content\/uploads\/2025\/11\/URN-Roof_Easy-Resize.com_-150x113.jpg 150w, https:\/\/www.travel3.com.br\/site\/wp-content\/uploads\/2025\/11\/URN-Roof_Easy-Resize.com_-750x563.jpg 750w, https:\/\/www.travel3.com.br\/site\/wp-content\/uploads\/2025\/11\/URN-Roof_Easy-Resize.com_-1140x855.jpg 1140w, https:\/\/www.travel3.com.br\/site\/wp-content\/uploads\/2025\/11\/URN-Roof_Easy-Resize.com_.jpg 1280w\" sizes=\"auto, (max-width: 1024px) 100vw, 1024px\" \/><figcaption class=\"wp-element-caption\">Rooftop do UNICO Riviera Nayarit com piscina de borda infinita, bar, e cabanas privativas (Foto: Caroline Tonaco)<\/figcaption><\/figure><\/div>\n\n\n<h2 class=\"wp-block-heading\"><strong>UNICO Collection destaca um ano do Riviera Nayarit<\/strong><\/h2>\n\n\n\n<p>A expans\u00e3o da UNICO Collection esteve entre os principais assuntos da programa\u00e7\u00e3o desta quinta-feira (3). Criada a partir do <strong>UNICO 20\u00b087\u00b0 Hotel Riviera Maya<\/strong>, a cole\u00e7\u00e3o re\u00fane hot\u00e9is exclusivos para adultos que combinam a proposta da marca com elementos da cultura, da gastronomia e da identidade de cada destino.<\/p>\n\n\n\n<p>Inaugurado em 2025, o <strong><a href=\"https:\/\/www.travel3.com.br\/site\/destaque\/unico-20105-riviera-nayarit\/\" target=\"_blank\" rel=\"noreferrer noopener\">UNICO 20\u00b0105\u00b0 Hotel Riviera Nayarit<\/a><\/strong>, segundo empreendimento da marca, completa seu primeiro ano de opera\u00e7\u00e3o e marcou a chegada da bandeira ao Pac\u00edfico mexicano.<\/p>\n\n\n<div class=\"wp-block-image\">\n<figure class=\"aligncenter size-large is-resized\"><img loading=\"lazy\" decoding=\"async\" width=\"768\" height=\"1024\" src=\"https:\/\/www.travel3.com.br\/site\/wp-content\/uploads\/2025\/11\/unico-piscina-mar_Easy-Resize.com_-768x1024.jpg\" alt=\"unico piscina mar\" class=\"wp-image-79513\" style=\"width:692px;height:auto\" srcset=\"https:\/\/www.travel3.com.br\/site\/wp-content\/uploads\/2025\/11\/unico-piscina-mar_Easy-Resize.com_-768x1024.jpg 768w, https:\/\/www.travel3.com.br\/site\/wp-content\/uploads\/2025\/11\/unico-piscina-mar_Easy-Resize.com_-225x300.jpg 225w, https:\/\/www.travel3.com.br\/site\/wp-content\/uploads\/2025\/11\/unico-piscina-mar_Easy-Resize.com_-640x853.jpg 640w, https:\/\/www.travel3.com.br\/site\/wp-content\/uploads\/2025\/11\/unico-piscina-mar_Easy-Resize.com_-150x200.jpg 150w, https:\/\/www.travel3.com.br\/site\/wp-content\/uploads\/2025\/11\/unico-piscina-mar_Easy-Resize.com_-750x1000.jpg 750w, https:\/\/www.travel3.com.br\/site\/wp-content\/uploads\/2025\/11\/unico-piscina-mar_Easy-Resize.com_.jpg 960w\" sizes=\"auto, (max-width: 768px) 100vw, 768px\" \/><figcaption class=\"wp-element-caption\">No UNICO Riviera Nayarit as piscinas se encontram com a praia e o mar do Pac\u00edfico Mexicano (Foto: Caroline Tonaco)<\/figcaption><\/figure><\/div>\n\n\n<p><strong>Denisse Orozco<\/strong>, gerente de Vendas do hotel, apresentou seus diferenciais, que valorizam a conex\u00e3o com o destino e as tradi\u00e7\u00f5es locais, aliada a uma proposta elegante e refinada. Na sequ\u00eancia, conversou com a <strong>Travel3<\/strong> sobre o primeiro ano de opera\u00e7\u00e3o da propriedade.<\/p>\n\n\n\n<p>Segundo ela, mesmo em um per\u00edodo considerado de baixa temporada na Riviera Nayarit, o hotel registra n\u00fameros acima do esperado. A ocupa\u00e7\u00e3o m\u00e9dia em setembro varia entre 91% e 100%, justamente no per\u00edodo de menor movimento, que vai de maio a setembro. \u201c<strong><em>Nossa expectativa era de uma ocupa\u00e7\u00e3o mais baixa, mas isso n\u00e3o aconteceu. Pelo contr\u00e1rio: tudo indica que este ser\u00e1 um dos melhores meses que tivemos at\u00e9 agora<\/em><\/strong>\u201d, afirmou.<\/p>\n\n\n\n<p>A gerente explica que o resultado surpreendeu a equipe justamente porque o hotel acaba de completar seu primeiro ano. Para ela, o desempenho refor\u00e7a a receptividade do mercado \u00e0 nova propriedade, que vem recebendo h\u00f3spedes brasileiros e busca ampliar sua presen\u00e7a nesse mercado.<\/p>\n\n\n<div class=\"wp-block-image\">\n<figure class=\"aligncenter size-large is-resized\"><img loading=\"lazy\" decoding=\"async\" width=\"791\" height=\"1024\" src=\"https:\/\/www.travel3.com.br\/site\/wp-content\/uploads\/2026\/08\/UNICO1877_MONTEGOBAY-lobby-791x1024.jpg\" alt=\"UNICO Montego Bay\" class=\"wp-image-83850\" style=\"width:640px;height:auto\" srcset=\"https:\/\/www.travel3.com.br\/site\/wp-content\/uploads\/2026\/08\/UNICO1877_MONTEGOBAY-lobby-791x1024.jpg 791w, https:\/\/www.travel3.com.br\/site\/wp-content\/uploads\/2026\/08\/UNICO1877_MONTEGOBAY-lobby-232x300.jpg 232w, https:\/\/www.travel3.com.br\/site\/wp-content\/uploads\/2026\/08\/UNICO1877_MONTEGOBAY-lobby-768x994.jpg 768w, https:\/\/www.travel3.com.br\/site\/wp-content\/uploads\/2026\/08\/UNICO1877_MONTEGOBAY-lobby-1187x1536.jpg 1187w, https:\/\/www.travel3.com.br\/site\/wp-content\/uploads\/2026\/08\/UNICO1877_MONTEGOBAY-lobby-150x194.jpg 150w, https:\/\/www.travel3.com.br\/site\/wp-content\/uploads\/2026\/08\/UNICO1877_MONTEGOBAY-lobby-750x971.jpg 750w, https:\/\/www.travel3.com.br\/site\/wp-content\/uploads\/2026\/08\/UNICO1877_MONTEGOBAY-lobby-1140x1476.jpg 1140w, https:\/\/www.travel3.com.br\/site\/wp-content\/uploads\/2026\/08\/UNICO1877_MONTEGOBAY-lobby.jpg 1236w\" sizes=\"auto, (max-width: 791px) 100vw, 791px\" \/><figcaption class=\"wp-element-caption\">UNICO 18\u00b077\u00b0 Hotel Montego Bay chega ainda em 2026 para integrar a UNICO Collection (Foto: Divulga\u00e7\u00e3o)<\/figcaption><\/figure><\/div>\n\n\n<h2 class=\"wp-block-heading\"><strong>UNICO Jamaica amplia a cole\u00e7\u00e3o<\/strong><\/h2>\n\n\n\n<p>O pr\u00f3ximo passo da expans\u00e3o ser\u00e1 o <strong><a href=\"https:\/\/www.travel3.com.br\/site\/dicas\/unico-18-77-montego-bay-abre-reservas-2027\/\" target=\"_blank\" rel=\"noreferrer noopener\">UNICO 18\u00b077\u00b0 Hotel Montego Bay<\/a><\/strong>, com abertura prevista para o in\u00edcio de 2027, na Jamaica.<\/p>\n\n\n\n<p><strong>Arely Perez<\/strong>, gerente de Vendas da futura propriedade, explicou que o projeto levar\u00e1 ao pa\u00eds a experi\u00eancia j\u00e1 desenvolvida pela UNICO Collection no M\u00e9xico, agora adaptada \u00e0 personalidade do novo destino.<\/p>\n\n\n\n<p>A cultura, os sabores e as tradi\u00e7\u00f5es jamaicanas estar\u00e3o presentes nos ambientes e nas experi\u00eancias oferecidas aos h\u00f3spedes. Com sistema all-inclusive, o hotel ter\u00e1 servi\u00e7o 24 horas, atendimento de Local Host, piscinas, restaurantes, spa e espa\u00e7os para casamentos, grupos sociais e eventos.<\/p>\n\n\n\n<p>Com a chegada \u00e0 Jamaica, a UNICO Collection passar\u00e1 a reunir tr\u00eas propriedades em diferentes regi\u00f5es do Caribe e do M\u00e9xico, preservando o conceito da marca e valorizando as caracter\u00edsticas de cada destino.<\/p>\n\n\n\n<p>A agenda do Fam Fest Latam 2026 <strong>prossegue at\u00e9 6 de setembro<\/strong>, com capacita\u00e7\u00f5es, entretenimento e outras atividades no AVA Resort Cancun.<\/p>\n\n\n<div class=\"wp-block-image\">\n<figure class=\"aligncenter size-full is-resized\"><img loading=\"lazy\" decoding=\"async\" width=\"768\" height=\"760\" src=\"https:\/\/www.travel3.com.br\/site\/wp-content\/uploads\/2023\/09\/Copa-Panama-768x1024-1.jpg\" alt=\"Copa Airlines - Panam\u00e1\" class=\"wp-image-63049\" style=\"width:566px;height:auto\" srcset=\"https:\/\/www.travel3.com.br\/site\/wp-content\/uploads\/2023\/09\/Copa-Panama-768x1024-1.jpg 768w, https:\/\/www.travel3.com.br\/site\/wp-content\/uploads\/2023\/09\/Copa-Panama-768x1024-1-300x297.jpg 300w, https:\/\/www.travel3.com.br\/site\/wp-content\/uploads\/2023\/09\/Copa-Panama-768x1024-1-96x96.jpg 96w, https:\/\/www.travel3.com.br\/site\/wp-content\/uploads\/2023\/09\/Copa-Panama-768x1024-1-150x148.jpg 150w, https:\/\/www.travel3.com.br\/site\/wp-content\/uploads\/2023\/09\/Copa-Panama-768x1024-1-75x75.jpg 75w, https:\/\/www.travel3.com.br\/site\/wp-content\/uploads\/2023\/09\/Copa-Panama-768x1024-1-750x742.jpg 750w\" sizes=\"auto, (max-width: 768px) 100vw, 768px\" \/><figcaption class=\"wp-element-caption\">Com a Copa Airlines, prestes a aterrissar no Aeroporto de Tocumen, no Panam\u00e1 (Foto: Caroline Tonaco)<\/figcaption><\/figure><\/div>\n\n\n<h3 class=\"wp-block-heading has-text-align-left\">Voe para Canc\u00fan com a Copa Airlines<\/h3>\n\n\n\n<p>A <strong>Copa Airlines<\/strong> oferece conex\u00f5es entre o Brasil e Canc\u00fan, no Caribe mexicano, por meio do Hub das Am\u00e9ricas\u00ae, localizado no Aeroporto Internacional de Tocumen, na Cidade do Panam\u00e1. A companhia mant\u00e9m voos di\u00e1rios entre a capital panamenha e o destino mexicano.<\/p>\n\n\n\n<p>Durante a conex\u00e3o no Panam\u00e1, os passageiros em tr\u00e2nsito internacional seguem diretamente para o port\u00e3o de embarque do pr\u00f3ximo voo, sem necessidade de passar pelos controles de imigra\u00e7\u00e3o e alf\u00e2ndega. As bagagens tamb\u00e9m s\u00e3o encaminhadas diretamente ao destino final, o que facilita o deslocamento dos viajantes.<\/p>\n\n\n<div class=\"wp-block-image\">\n<figure class=\"aligncenter is-resized\"><img loading=\"lazy\" decoding=\"async\" width=\"1024\" height=\"768\" src=\"https:\/\/www.travel3.com.br\/site\/wp-content\/uploads\/2023\/12\/Aeroporto-Tocumen-Panama-Hub-Copa-Airlines_Easy-Resize.com_-1024x768.jpg\" alt=\"Aeroporto Tocumen - Panam\u00e1 - Hub Copa Airlines\" class=\"wp-image-64738\" style=\"width:553px;height:auto\" srcset=\"https:\/\/www.travel3.com.br\/site\/wp-content\/uploads\/2023\/12\/Aeroporto-Tocumen-Panama-Hub-Copa-Airlines_Easy-Resize.com_-1024x768.jpg 1024w, https:\/\/www.travel3.com.br\/site\/wp-content\/uploads\/2023\/12\/Aeroporto-Tocumen-Panama-Hub-Copa-Airlines_Easy-Resize.com_-300x225.jpg 300w, https:\/\/www.travel3.com.br\/site\/wp-content\/uploads\/2023\/12\/Aeroporto-Tocumen-Panama-Hub-Copa-Airlines_Easy-Resize.com_-768x576.jpg 768w, https:\/\/www.travel3.com.br\/site\/wp-content\/uploads\/2023\/12\/Aeroporto-Tocumen-Panama-Hub-Copa-Airlines_Easy-Resize.com_-150x113.jpg 150w, https:\/\/www.travel3.com.br\/site\/wp-content\/uploads\/2023\/12\/Aeroporto-Tocumen-Panama-Hub-Copa-Airlines_Easy-Resize.com_-750x563.jpg 750w, https:\/\/www.travel3.com.br\/site\/wp-content\/uploads\/2023\/12\/Aeroporto-Tocumen-Panama-Hub-Copa-Airlines_Easy-Resize.com_-1140x855.jpg 1140w, https:\/\/www.travel3.com.br\/site\/wp-content\/uploads\/2023\/12\/Aeroporto-Tocumen-Panama-Hub-Copa-Airlines_Easy-Resize.com_.jpg 1280w\" sizes=\"auto, (max-width: 1024px) 100vw, 1024px\" \/><figcaption class=\"wp-element-caption\">Aeroporto de Tocumen, no Panam\u00e1 (Foto: Caroline Tonaco)<\/figcaption><\/figure><\/div>\n\n\n<p>No Aeroporto Internacional de Tocumen, os passageiros em tr\u00e2nsito tamb\u00e9m encontram uma \u00e1rea comercial com lojas duty free, al\u00e9m de restaurantes e outros servi\u00e7os.<\/p>\n\n\n\n<p>Outra possibilidade \u00e9 aproveitar a conex\u00e3o para conhecer a Cidade do Panam\u00e1. O <strong><a href=\"https:\/\/urldefense.com\/v3\/__https:\/panama-stopover.com\/pt\/__;!!ABLY1Knf!-oea6BhBxIrgpNpyxM-RS6LNtKZVGLFudlTcaVuMutodlb90DvcPnpWBmkjUKS4lu7ZMW8wT3VwfVjIoMmhy8DrCwfW1_beWevib$\" target=\"_blank\" rel=\"noreferrer noopener\">Programa Stopover da Copa Airlines<\/a><\/strong> permite incluir uma estadia de 24 horas a at\u00e9 15 dias na capital panamenha, sem custo adicional na tarifa a\u00e9rea, desde que a op\u00e7\u00e3o seja solicitada no momento da reserva. Dessa forma, o viajante pode combinar dois destinos na mesma viagem.<\/p>\n\n\n\n<p>Nas aeronaves, a companhia oferece o <strong>Copa Showpass<\/strong>, sistema de entretenimento digital que pode ser acessado pelos passageiros por meio de seus pr\u00f3prios dispositivos m\u00f3veis.<\/p>\n\n\n\n<p>Para quem viaja a Canc\u00fan, o Stopover permite transformar a passagem pelo Panam\u00e1 em uma extens\u00e3o do roteiro, antes de seguir para o Caribe mexicano.<\/p>\n","protected":false},"excerpt":{"rendered":"<p>Evento re\u00fane profissionais de 11 pa\u00edses e apresenta a expans\u00e3o da UNICO Collection, com novo hotel na Jamaica<\/p>\n","protected":false},"author":14,"featured_media":84156,"comment_status":"open","ping_status":"open","sticky":false,"template":"","format":"standard","meta":{"footnotes":""},"categories":[969,226,5,4882],"tags":[6293,4876,7789,2442,7224,7726,6821,7092,6822],"class_list":["post-84150","post","type-post","status-publish","format-standard","has-post-thumbnail","hentry","category-acontece-no-turismo","category-destaque","category-eventos-e-feiras","category-home","tag-ava-resort-cancun-2","tag-fam-fest-latam","tag-fam-fest-latam-2026","tag-leonel-reyes","tag-pam-hotels","tag-unico-1877-montego-bay","tag-unico-20105-hotel-riviera-nayarit","tag-unico-2087-hotel-riviera-maya","tag-unico-collection"],"yoast_head":"<!-- This site is optimized with the Yoast SEO plugin v26.2 - https:\/\/yoast.com\/wordpress\/plugins\/seo\/ -->\n<title>Fam Fest Latam 2026 tem in\u00edcio no AVA Resort Cancun - Travel3<\/title>\n<meta name=\"description\" content=\"Fam Fest Latam 2026 re\u00fane profissionais de 11 pa\u00edses no AVA Resort Cancun e apresenta a expans\u00e3o da UNICO Collection para a Jamaica.\" \/>\n<meta name=\"robots\" content=\"index, follow, max-snippet:-1, max-image-preview:large, max-video-preview:-1\" \/>\n<link rel=\"canonical\" href=\"https:\/\/www.travel3.com.br\/site\/destaque\/fam-fest-latam-2026-ava-resort-cancun\/\" \/>\n<meta property=\"og:locale\" content=\"pt_BR\" \/>\n<meta property=\"og:type\" content=\"article\" \/>\n<meta property=\"og:title\" content=\"Fam Fest Latam 2026 tem in\u00edcio no AVA Resort Cancun - Travel3\" \/>\n<meta property=\"og:description\" content=\"Fam Fest Latam 2026 re\u00fane profissionais de 11 pa\u00edses no AVA Resort Cancun e apresenta a expans\u00e3o da UNICO Collection para a Jamaica.\" \/>\n<meta property=\"og:url\" content=\"https:\/\/www.travel3.com.br\/site\/destaque\/fam-fest-latam-2026-ava-resort-cancun\/\" \/>\n<meta property=\"og:site_name\" content=\"Travel3\" \/>\n<meta property=\"article:publisher\" content=\"https:\/\/www.facebook.com\/travel3media\/\" \/>\n<meta property=\"article:published_time\" content=\"2026-09-04T00:09:54+00:00\" \/>\n<meta property=\"article:modified_time\" content=\"2026-09-04T00:09:55+00:00\" \/>\n<meta property=\"og:image\" content=\"https:\/\/www.travel3.com.br\/site\/wp-content\/uploads\/2026\/09\/Fam-Fest-Latam-2026.jpg\" \/>\n\t<meta property=\"og:image:width\" content=\"1280\" \/>\n\t<meta property=\"og:image:height\" content=\"1048\" \/>\n\t<meta property=\"og:image:type\" content=\"image\/jpeg\" \/>\n<meta name=\"author\" content=\"Caroline Tonaco\" \/>\n<meta name=\"twitter:card\" content=\"summary_large_image\" \/>\n<meta name=\"twitter:label1\" content=\"Escrito por\" \/>\n\t<meta name=\"twitter:data1\" content=\"Caroline Tonaco\" \/>\n\t<meta name=\"twitter:label2\" content=\"Est. tempo de leitura\" \/>\n\t<meta name=\"twitter:data2\" content=\"9 minutos\" \/>\n<script type=\"application\/ld+json\" class=\"yoast-schema-graph\">{\"@context\":\"https:\/\/schema.org\",\"@graph\":[{\"@type\":\"Article\",\"@id\":\"https:\/\/www.travel3.com.br\/site\/destaque\/fam-fest-latam-2026-ava-resort-cancun\/#article\",\"isPartOf\":{\"@id\":\"https:\/\/www.travel3.com.br\/site\/destaque\/fam-fest-latam-2026-ava-resort-cancun\/\"},\"author\":{\"name\":\"Caroline Tonaco\",\"@id\":\"https:\/\/www.travel3.com.br\/site\/#\/schema\/person\/d837eaf73c4e8896e932e0acede946c0\"},\"headline\":\"Fam Fest Latam 2026 tem in\u00edcio no AVA Resort Cancun\",\"datePublished\":\"2026-09-04T00:09:54+00:00\",\"dateModified\":\"2026-09-04T00:09:55+00:00\",\"mainEntityOfPage\":{\"@id\":\"https:\/\/www.travel3.com.br\/site\/destaque\/fam-fest-latam-2026-ava-resort-cancun\/\"},\"wordCount\":1287,\"commentCount\":0,\"publisher\":{\"@id\":\"https:\/\/www.travel3.com.br\/site\/#organization\"},\"image\":{\"@id\":\"https:\/\/www.travel3.com.br\/site\/destaque\/fam-fest-latam-2026-ava-resort-cancun\/#primaryimage\"},\"thumbnailUrl\":\"https:\/\/www.travel3.com.br\/site\/wp-content\/uploads\/2026\/09\/Fam-Fest-Latam-2026.jpg\",\"keywords\":[\"AVA Resort Cancun\",\"Fam Fest Latam\",\"Fam Fest Latam 2026\",\"Leonel Reyes\",\"PAM Hotels\",\"UNICO 18\u00b077\u00b0 Montego Bay\",\"UNICO 20\u00b0105\u00b0 Hotel Riviera Nayarit\",\"UNICO 20\u00b087\u00b0 Hotel Riviera Maya\",\"UNICo Collection\"],\"articleSection\":[\"Acontece no Turismo\",\"Destaque\",\"Eventos e Feiras\",\"Home\"],\"inLanguage\":\"pt-BR\",\"potentialAction\":[{\"@type\":\"CommentAction\",\"name\":\"Comment\",\"target\":[\"https:\/\/www.travel3.com.br\/site\/destaque\/fam-fest-latam-2026-ava-resort-cancun\/#respond\"]}]},{\"@type\":\"WebPage\",\"@id\":\"https:\/\/www.travel3.com.br\/site\/destaque\/fam-fest-latam-2026-ava-resort-cancun\/\",\"url\":\"https:\/\/www.travel3.com.br\/site\/destaque\/fam-fest-latam-2026-ava-resort-cancun\/\",\"name\":\"Fam Fest Latam 2026 tem in\u00edcio no AVA Resort Cancun - Travel3\",\"isPartOf\":{\"@id\":\"https:\/\/www.travel3.com.br\/site\/#website\"},\"primaryImageOfPage\":{\"@id\":\"https:\/\/www.travel3.com.br\/site\/destaque\/fam-fest-latam-2026-ava-resort-cancun\/#primaryimage\"},\"image\":{\"@id\":\"https:\/\/www.travel3.com.br\/site\/destaque\/fam-fest-latam-2026-ava-resort-cancun\/#primaryimage\"},\"thumbnailUrl\":\"https:\/\/www.travel3.com.br\/site\/wp-content\/uploads\/2026\/09\/Fam-Fest-Latam-2026.jpg\",\"datePublished\":\"2026-09-04T00:09:54+00:00\",\"dateModified\":\"2026-09-04T00:09:55+00:00\",\"description\":\"Fam Fest Latam 2026 re\u00fane profissionais de 11 pa\u00edses no AVA Resort Cancun e apresenta a expans\u00e3o da UNICO Collection para a Jamaica.\",\"breadcrumb\":{\"@id\":\"https:\/\/www.travel3.com.br\/site\/destaque\/fam-fest-latam-2026-ava-resort-cancun\/#breadcrumb\"},\"inLanguage\":\"pt-BR\",\"potentialAction\":[{\"@type\":\"ReadAction\",\"target\":[\"https:\/\/www.travel3.com.br\/site\/destaque\/fam-fest-latam-2026-ava-resort-cancun\/\"]}]},{\"@type\":\"ImageObject\",\"inLanguage\":\"pt-BR\",\"@id\":\"https:\/\/www.travel3.com.br\/site\/destaque\/fam-fest-latam-2026-ava-resort-cancun\/#primaryimage\",\"url\":\"https:\/\/www.travel3.com.br\/site\/wp-content\/uploads\/2026\/09\/Fam-Fest-Latam-2026.jpg\",\"contentUrl\":\"https:\/\/www.travel3.com.br\/site\/wp-content\/uploads\/2026\/09\/Fam-Fest-Latam-2026.jpg\",\"width\":1280,\"height\":1048,\"caption\":\"Leonel Reyes, diretor da PAM Hotels para a Am\u00e9rica Latina entre os representantes brasileiros no evento (Foto: Caroline Tonaco)\"},{\"@type\":\"BreadcrumbList\",\"@id\":\"https:\/\/www.travel3.com.br\/site\/destaque\/fam-fest-latam-2026-ava-resort-cancun\/#breadcrumb\",\"itemListElement\":[{\"@type\":\"ListItem\",\"position\":1,\"name\":\"In\u00edcio\",\"item\":\"https:\/\/www.travel3.com.br\/site\/\"},{\"@type\":\"ListItem\",\"position\":2,\"name\":\"Fam Fest Latam 2026 tem in\u00edcio no AVA Resort Cancun\"}]},{\"@type\":\"WebSite\",\"@id\":\"https:\/\/www.travel3.com.br\/site\/#website\",\"url\":\"https:\/\/www.travel3.com.br\/site\/\",\"name\":\"Travel3\",\"description\":\"Lazer + Neg&oacute;cios + Aventura\",\"publisher\":{\"@id\":\"https:\/\/www.travel3.com.br\/site\/#organization\"},\"potentialAction\":[{\"@type\":\"SearchAction\",\"target\":{\"@type\":\"EntryPoint\",\"urlTemplate\":\"https:\/\/www.travel3.com.br\/site\/?s={search_term_string}\"},\"query-input\":{\"@type\":\"PropertyValueSpecification\",\"valueRequired\":true,\"valueName\":\"search_term_string\"}}],\"inLanguage\":\"pt-BR\"},{\"@type\":\"Organization\",\"@id\":\"https:\/\/www.travel3.com.br\/site\/#organization\",\"name\":\"Travel3\",\"url\":\"https:\/\/www.travel3.com.br\/site\/\",\"logo\":{\"@type\":\"ImageObject\",\"inLanguage\":\"pt-BR\",\"@id\":\"https:\/\/www.travel3.com.br\/site\/#\/schema\/logo\/image\/\",\"url\":\"https:\/\/www.travel3.com.br\/site\/wp-content\/uploads\/2020\/01\/logo-travel3-2020.png\",\"contentUrl\":\"https:\/\/www.travel3.com.br\/site\/wp-content\/uploads\/2020\/01\/logo-travel3-2020.png\",\"width\":232,\"height\":79,\"caption\":\"Travel3\"},\"image\":{\"@id\":\"https:\/\/www.travel3.com.br\/site\/#\/schema\/logo\/image\/\"},\"sameAs\":[\"https:\/\/www.facebook.com\/travel3media\/\",\"https:\/\/www.instagram.com\/revistatravel3\/\",\"https:\/\/www.youtube.com\/channel\/UCno7J4paGBR3VbZQzvoJ9Eg\"]},{\"@type\":\"Person\",\"@id\":\"https:\/\/www.travel3.com.br\/site\/#\/schema\/person\/d837eaf73c4e8896e932e0acede946c0\",\"name\":\"Caroline Tonaco\",\"image\":{\"@type\":\"ImageObject\",\"inLanguage\":\"pt-BR\",\"@id\":\"https:\/\/www.travel3.com.br\/site\/#\/schema\/person\/image\/\",\"url\":\"https:\/\/www.travel3.com.br\/site\/wp-content\/uploads\/2019\/09\/caroline-150x150.jpeg\",\"contentUrl\":\"https:\/\/www.travel3.com.br\/site\/wp-content\/uploads\/2019\/09\/caroline-150x150.jpeg\",\"caption\":\"Caroline Tonaco\"},\"sameAs\":[\"https:\/\/www.travel3.com.br\/\",\"https:\/\/www.instagram.com\/carolinetonaco\/\"],\"url\":\"https:\/\/www.travel3.com.br\/site\/author\/caroline\/\"}]}<\/script>\n<!-- \/ Yoast SEO plugin. -->","yoast_head_json":{"title":"Fam Fest Latam 2026 tem in\u00edcio no AVA Resort Cancun - Travel3","description":"Fam Fest Latam 2026 re\u00fane profissionais de 11 pa\u00edses no AVA Resort Cancun e apresenta a expans\u00e3o da UNICO Collection para a Jamaica.","robots":{"index":"index","follow":"follow","max-snippet":"max-snippet:-1","max-image-preview":"max-image-preview:large","max-video-preview":"max-video-preview:-1"},"canonical":"https:\/\/www.travel3.com.br\/site\/destaque\/fam-fest-latam-2026-ava-resort-cancun\/","og_locale":"pt_BR","og_type":"article","og_title":"Fam Fest Latam 2026 tem in\u00edcio no AVA Resort Cancun - Travel3","og_description":"Fam Fest Latam 2026 re\u00fane profissionais de 11 pa\u00edses no AVA Resort Cancun e apresenta a expans\u00e3o da UNICO Collection para a Jamaica.","og_url":"https:\/\/www.travel3.com.br\/site\/destaque\/fam-fest-latam-2026-ava-resort-cancun\/","og_site_name":"Travel3","article_publisher":"https:\/\/www.facebook.com\/travel3media\/","article_published_time":"2026-09-04T00:09:54+00:00","article_modified_time":"2026-09-04T00:09:55+00:00","og_image":[{"width":1280,"height":1048,"url":"https:\/\/www.travel3.com.br\/site\/wp-content\/uploads\/2026\/09\/Fam-Fest-Latam-2026.jpg","type":"image\/jpeg"}],"author":"Caroline Tonaco","twitter_card":"summary_large_image","twitter_misc":{"Escrito por":"Caroline Tonaco","Est. tempo de leitura":"9 minutos"},"schema":{"@context":"https:\/\/schema.org","@graph":[{"@type":"Article","@id":"https:\/\/www.travel3.com.br\/site\/destaque\/fam-fest-latam-2026-ava-resort-cancun\/#article","isPartOf":{"@id":"https:\/\/www.travel3.com.br\/site\/destaque\/fam-fest-latam-2026-ava-resort-cancun\/"},"author":{"name":"Caroline Tonaco","@id":"https:\/\/www.travel3.com.br\/site\/#\/schema\/person\/d837eaf73c4e8896e932e0acede946c0"},"headline":"Fam Fest Latam 2026 tem in\u00edcio no AVA Resort Cancun","datePublished":"2026-09-04T00:09:54+00:00","dateModified":"2026-09-04T00:09:55+00:00","mainEntityOfPage":{"@id":"https:\/\/www.travel3.com.br\/site\/destaque\/fam-fest-latam-2026-ava-resort-cancun\/"},"wordCount":1287,"commentCount":0,"publisher":{"@id":"https:\/\/www.travel3.com.br\/site\/#organization"},"image":{"@id":"https:\/\/www.travel3.com.br\/site\/destaque\/fam-fest-latam-2026-ava-resort-cancun\/#primaryimage"},"thumbnailUrl":"https:\/\/www.travel3.com.br\/site\/wp-content\/uploads\/2026\/09\/Fam-Fest-Latam-2026.jpg","keywords":["AVA Resort Cancun","Fam Fest Latam","Fam Fest Latam 2026","Leonel Reyes","PAM Hotels","UNICO 18\u00b077\u00b0 Montego Bay","UNICO 20\u00b0105\u00b0 Hotel Riviera Nayarit","UNICO 20\u00b087\u00b0 Hotel Riviera Maya","UNICo Collection"],"articleSection":["Acontece no Turismo","Destaque","Eventos e Feiras","Home"],"inLanguage":"pt-BR","potentialAction":[{"@type":"CommentAction","name":"Comment","target":["https:\/\/www.travel3.com.br\/site\/destaque\/fam-fest-latam-2026-ava-resort-cancun\/#respond"]}]},{"@type":"WebPage","@id":"https:\/\/www.travel3.com.br\/site\/destaque\/fam-fest-latam-2026-ava-resort-cancun\/","url":"https:\/\/www.travel3.com.br\/site\/destaque\/fam-fest-latam-2026-ava-resort-cancun\/","name":"Fam Fest Latam 2026 tem in\u00edcio no AVA Resort Cancun - Travel3","isPartOf":{"@id":"https:\/\/www.travel3.com.br\/site\/#website"},"primaryImageOfPage":{"@id":"https:\/\/www.travel3.com.br\/site\/destaque\/fam-fest-latam-2026-ava-resort-cancun\/#primaryimage"},"image":{"@id":"https:\/\/www.travel3.com.br\/site\/destaque\/fam-fest-latam-2026-ava-resort-cancun\/#primaryimage"},"thumbnailUrl":"https:\/\/www.travel3.com.br\/site\/wp-content\/uploads\/2026\/09\/Fam-Fest-Latam-2026.jpg","datePublished":"2026-09-04T00:09:54+00:00","dateModified":"2026-09-04T00:09:55+00:00","description":"Fam Fest Latam 2026 re\u00fane profissionais de 11 pa\u00edses no AVA Resort Cancun e apresenta a expans\u00e3o da UNICO Collection para a Jamaica.","breadcrumb":{"@id":"https:\/\/www.travel3.com.br\/site\/destaque\/fam-fest-latam-2026-ava-resort-cancun\/#breadcrumb"},"inLanguage":"pt-BR","potentialAction":[{"@type":"ReadAction","target":["https:\/\/www.travel3.com.br\/site\/destaque\/fam-fest-latam-2026-ava-resort-cancun\/"]}]},{"@type":"ImageObject","inLanguage":"pt-BR","@id":"https:\/\/www.travel3.com.br\/site\/destaque\/fam-fest-latam-2026-ava-resort-cancun\/#primaryimage","url":"https:\/\/www.travel3.com.br\/site\/wp-content\/uploads\/2026\/09\/Fam-Fest-Latam-2026.jpg","contentUrl":"https:\/\/www.travel3.com.br\/site\/wp-content\/uploads\/2026\/09\/Fam-Fest-Latam-2026.jpg","width":1280,"height":1048,"caption":"Leonel Reyes, diretor da PAM Hotels para a Am\u00e9rica Latina entre os representantes brasileiros no evento (Foto: Caroline Tonaco)"},{"@type":"BreadcrumbList","@id":"https:\/\/www.travel3.com.br\/site\/destaque\/fam-fest-latam-2026-ava-resort-cancun\/#breadcrumb","itemListElement":[{"@type":"ListItem","position":1,"name":"In\u00edcio","item":"https:\/\/www.travel3.com.br\/site\/"},{"@type":"ListItem","position":2,"name":"Fam Fest Latam 2026 tem in\u00edcio no AVA Resort Cancun"}]},{"@type":"WebSite","@id":"https:\/\/www.travel3.com.br\/site\/#website","url":"https:\/\/www.travel3.com.br\/site\/","name":"Travel3","description":"Lazer + Neg&oacute;cios + Aventura","publisher":{"@id":"https:\/\/www.travel3.com.br\/site\/#organization"},"potentialAction":[{"@type":"SearchAction","target":{"@type":"EntryPoint","urlTemplate":"https:\/\/www.travel3.com.br\/site\/?s={search_term_string}"},"query-input":{"@type":"PropertyValueSpecification","valueRequired":true,"valueName":"search_term_string"}}],"inLanguage":"pt-BR"},{"@type":"Organization","@id":"https:\/\/www.travel3.com.br\/site\/#organization","name":"Travel3","url":"https:\/\/www.travel3.com.br\/site\/","logo":{"@type":"ImageObject","inLanguage":"pt-BR","@id":"https:\/\/www.travel3.com.br\/site\/#\/schema\/logo\/image\/","url":"https:\/\/www.travel3.com.br\/site\/wp-content\/uploads\/2020\/01\/logo-travel3-2020.png","contentUrl":"https:\/\/www.travel3.com.br\/site\/wp-content\/uploads\/2020\/01\/logo-travel3-2020.png","width":232,"height":79,"caption":"Travel3"},"image":{"@id":"https:\/\/www.travel3.com.br\/site\/#\/schema\/logo\/image\/"},"sameAs":["https:\/\/www.facebook.com\/travel3media\/","https:\/\/www.instagram.com\/revistatravel3\/","https:\/\/www.youtube.com\/channel\/UCno7J4paGBR3VbZQzvoJ9Eg"]},{"@type":"Person","@id":"https:\/\/www.travel3.com.br\/site\/#\/schema\/person\/d837eaf73c4e8896e932e0acede946c0","name":"Caroline Tonaco","image":{"@type":"ImageObject","inLanguage":"pt-BR","@id":"https:\/\/www.travel3.com.br\/site\/#\/schema\/person\/image\/","url":"https:\/\/www.travel3.com.br\/site\/wp-content\/uploads\/2019\/09\/caroline-150x150.jpeg","contentUrl":"https:\/\/www.travel3.com.br\/site\/wp-content\/uploads\/2019\/09\/caroline-150x150.jpeg","caption":"Caroline Tonaco"},"sameAs":["https:\/\/www.travel3.com.br\/","https:\/\/www.instagram.com\/carolinetonaco\/"],"url":"https:\/\/www.travel3.com.br\/site\/author\/caroline\/"}]}},"_links":{"self":[{"href":"https:\/\/www.travel3.com.br\/site\/wp-json\/wp\/v2\/posts\/84150","targetHints":{"allow":["GET"]}}],"collection":[{"href":"https:\/\/www.travel3.com.br\/site\/wp-json\/wp\/v2\/posts"}],"about":[{"href":"https:\/\/www.travel3.com.br\/site\/wp-json\/wp\/v2\/types\/post"}],"author":[{"embeddable":true,"href":"https:\/\/www.travel3.com.br\/site\/wp-json\/wp\/v2\/users\/14"}],"replies":[{"embeddable":true,"href":"https:\/\/www.travel3.com.br\/site\/wp-json\/wp\/v2\/comments?post=84150"}],"version-history":[{"count":17,"href":"https:\/\/www.travel3.com.br\/site\/wp-json\/wp\/v2\/posts\/84150\/revisions"}],"predecessor-version":[{"id":84171,"href":"https:\/\/www.travel3.com.br\/site\/wp-json\/wp\/v2\/posts\/84150\/revisions\/84171"}],"wp:featuredmedia":[{"embeddable":true,"href":"https:\/\/www.travel3.com.br\/site\/wp-json\/wp\/v2\/media\/84156"}],"wp:attachment":[{"href":"https:\/\/www.travel3.com.br\/site\/wp-json\/wp\/v2\/media?parent=84150"}],"wp:term":[{"taxonomy":"category","embeddable":true,"href":"https:\/\/www.travel3.com.br\/site\/wp-json\/wp\/v2\/categories?post=84150"},{"taxonomy":"post_tag","embeddable":true,"href":"https:\/\/www.travel3.com.br\/site\/wp-json\/wp\/v2\/tags?post=84150"}],"curies":[{"name":"wp","href":"https:\/\/api.w.org\/{rel}","templated":true}]}}