{"id":84145,"date":"2026-09-02T08:20:00","date_gmt":"2026-09-02T11:20:00","guid":{"rendered":"https:\/\/www.travel3.com.br\/site\/?p=84145"},"modified":"2026-09-01T19:16:18","modified_gmt":"2026-09-01T22:16:18","slug":"setembro-cunha-festival-queijo-primavera","status":"publish","type":"post","link":"https:\/\/www.travel3.com.br\/site\/comece-a-viajar\/setembro-cunha-festival-queijo-primavera\/","title":{"rendered":"Setembro traz Festival do Queijo e primavera a Cunha"},"content":{"rendered":"\n<h2 class=\"wp-block-heading\">Feriado prolongado, gastronomia, lavandas, natureza e experi\u00eancias ao ar livre movimentam o destino durante o m\u00eas<\/h2>\n\n\n\n<p>A cerca de 230 quil\u00f4metros de S\u00e3o Paulo, Cunha ganha novos motivos para receber visitantes em setembro. O m\u00eas come\u00e7a com o feriado de 7 de Setembro e o 6\u00ba Festival do Queijo de Cunha, um dos principais eventos gastron\u00f4micos do destino. Na segunda quinzena, a chegada da primavera transforma as paisagens da serra, com lavandas e outras esp\u00e9cies floridas que acrescentam novas cores aos cen\u00e1rios naturais.<\/p>\n\n\n\n<h2 class=\"wp-block-heading\">Festival do Queijo re\u00fane produtores em Cunha<\/h2>\n\n\n\n<p>Realizado de 5 a 7 de setembro, o Festival do Queijo de Cunha re\u00fane produtores e apreciadores da produ\u00e7\u00e3o artesanal. A edi\u00e7\u00e3o de 2026 contar\u00e1 com mais de 40 produtores de Cunha e de outras regi\u00f5es, incluindo queijarias reconhecidas e premiadas no Brasil e no exterior.<\/p>\n\n\n\n<p>Al\u00e9m dos queijos, o evento re\u00fane vinhos, mel, azeites, cervejas artesanais, charcutaria e outros produtos gastron\u00f4micos. A programa\u00e7\u00e3o inclui harmoniza\u00e7\u00f5es de queijos com vinhos, azeites e cervejas artesanais, cozinha-show com chefs e especialistas e apresenta\u00e7\u00f5es musicais.<\/p>\n\n\n\n<p>A tradi\u00e7\u00e3o queijeira faz parte da hist\u00f3ria rural de Cunha. A produ\u00e7\u00e3o local se desenvolveu a partir da atividade leiteira e hoje inclui queijos feitos com leite de vaca, cabra, ovelha e b\u00fafala, com t\u00e9cnicas tradicionais e diferentes processos de produ\u00e7\u00e3o artesanal.<\/p>\n\n\n\n<p>\u201c<em>O per\u00edodo mostra como diferentes experi\u00eancias podem fazer parte de uma mesma viagem. O m\u00eas re\u00fane muito do que queremos mostrar sobre Cunha: gastronomia, natureza, cultura e produ\u00e7\u00e3o local. O trabalho do Descubra Cunha \u00e9 justamente conectar essas experi\u00eancias e ampliar a visibilidade da cidade, mostrando ao visitante que h\u00e1 sempre novos motivos para vir, voltar e permanecer mais tempo no destino<\/em>\u201d, afirma <strong>Tarso Drescher<\/strong>, presidente do Descubra Cunha, iniciativa da ACECunha para promo\u00e7\u00e3o do turismo.<\/p>\n\n\n\n<h2 class=\"wp-block-heading\">Primavera muda as paisagens de Cunha<\/h2>\n\n\n\n<p>Depois do festival, Cunha em setembro segue com atra\u00e7\u00f5es ligadas \u00e0 natureza. A chegada da primavera transforma aos poucos a paisagem da serra e traz novas cores para jardins, campos e propriedades rurais.<\/p>\n\n\n\n<p>As lavandas, que j\u00e1 fazem parte da identidade tur\u00edstica de Cunha, ganham destaque durante a esta\u00e7\u00e3o e dividem espa\u00e7o com outras flores e plantas. O per\u00edodo favorece passeios ao ar livre, contempla\u00e7\u00e3o e fotografia.<\/p>\n\n\n\n<p>A primavera tamb\u00e9m se combina com outros atrativos que fazem parte da experi\u00eancia no destino, como as paisagens de serra, a gastronomia, a produ\u00e7\u00e3o rural e a cer\u00e2mica. Os visitantes podem combinar os passeios ao ar livre com visitas a ateli\u00eas, restaurantes, caf\u00e9s e produtores espalhados pelo munic\u00edpio.<\/p>\n\n\n\n<h2 class=\"wp-block-heading\">O que fazer em Cunha em setembro<\/h2>\n\n\n\n<p>O feriado de 7 de Setembro \u00e9 uma oportunidade para conhecer o Festival do Queijo de Cunha e aproveitar outros atrativos da cidade. Quem permanecer mais tempo pode incluir no roteiro experi\u00eancias gastron\u00f4micas, visitas a produtores e ateli\u00eas de cer\u00e2mica e passeios em meio \u00e0 natureza.<\/p>\n\n\n\n<p>Nas semanas seguintes, a chegada da primavera acrescenta novas paisagens ao roteiro. Assim, setembro re\u00fane diferentes motivos para visitar Cunha, seja durante o feriado prolongado, seja nas semanas que marcam a mudan\u00e7a de esta\u00e7\u00e3o. Para saber mais, acesse o <strong><a href=\"https:\/\/www.festivaldoqueijodecunha.com.br\/\" target=\"_blank\" rel=\"noreferrer noopener\">site oficial do festival<\/a><\/strong>. <\/p>\n","protected":false},"excerpt":{"rendered":"<p>Feriado prolongado, gastronomia, lavandas, natureza e experi\u00eancias ao ar livre movimentam o destino durante o m\u00eas<\/p>\n","protected":false},"author":5,"featured_media":84147,"comment_status":"open","ping_status":"open","sticky":false,"template":"","format":"standard","meta":{"footnotes":""},"categories":[884],"tags":[4350,4704,7788],"class_list":["post-84145","post","type-post","status-publish","format-standard","has-post-thumbnail","hentry","category-comece-a-viajar","tag-cunha","tag-estancia-climatica-de-cunha","tag-serra-do-mar"],"yoast_head":"<!-- This site is optimized with the Yoast SEO plugin v26.2 - https:\/\/yoast.com\/wordpress\/plugins\/seo\/ -->\n<title>Setembro traz Festival do Queijo e primavera a Cunha - Travel3<\/title>\n<meta name=\"description\" content=\"Cunha em setembro tem Festival do Queijo, feriado de 7 de Setembro e chegada da primavera, com gastronomia, natureza e atra\u00e7\u00f5es ao ar livre\" \/>\n<meta name=\"robots\" content=\"index, follow, max-snippet:-1, max-image-preview:large, max-video-preview:-1\" \/>\n<link rel=\"canonical\" href=\"https:\/\/www.travel3.com.br\/site\/comece-a-viajar\/setembro-cunha-festival-queijo-primavera\/\" \/>\n<meta property=\"og:locale\" content=\"pt_BR\" \/>\n<meta property=\"og:type\" content=\"article\" \/>\n<meta property=\"og:title\" content=\"Setembro traz Festival do Queijo e primavera a Cunha - Travel3\" \/>\n<meta property=\"og:description\" content=\"Cunha em setembro tem Festival do Queijo, feriado de 7 de Setembro e chegada da primavera, com gastronomia, natureza e atra\u00e7\u00f5es ao ar livre\" \/>\n<meta property=\"og:url\" content=\"https:\/\/www.travel3.com.br\/site\/comece-a-viajar\/setembro-cunha-festival-queijo-primavera\/\" \/>\n<meta property=\"og:site_name\" content=\"Travel3\" \/>\n<meta property=\"article:publisher\" content=\"https:\/\/www.facebook.com\/travel3media\/\" \/>\n<meta property=\"article:published_time\" content=\"2026-09-02T11:20:00+00:00\" \/>\n<meta property=\"og:image\" content=\"https:\/\/www.travel3.com.br\/site\/wp-content\/uploads\/2026\/09\/undefined-Imgur-2_Easy-Resize.com_.jpg\" \/>\n\t<meta property=\"og:image:width\" content=\"720\" \/>\n\t<meta property=\"og:image:height\" content=\"668\" \/>\n\t<meta property=\"og:image:type\" content=\"image\/jpeg\" \/>\n<meta name=\"author\" content=\"Reda\u00e7\u00e3o Travel3\" \/>\n<meta name=\"twitter:card\" content=\"summary_large_image\" \/>\n<meta name=\"twitter:label1\" content=\"Escrito por\" \/>\n\t<meta name=\"twitter:data1\" content=\"Reda\u00e7\u00e3o Travel3\" \/>\n\t<meta name=\"twitter:label2\" content=\"Est. tempo de leitura\" \/>\n\t<meta name=\"twitter:data2\" content=\"4 minutos\" \/>\n<script type=\"application\/ld+json\" class=\"yoast-schema-graph\">{\"@context\":\"https:\/\/schema.org\",\"@graph\":[{\"@type\":\"Article\",\"@id\":\"https:\/\/www.travel3.com.br\/site\/comece-a-viajar\/setembro-cunha-festival-queijo-primavera\/#article\",\"isPartOf\":{\"@id\":\"https:\/\/www.travel3.com.br\/site\/comece-a-viajar\/setembro-cunha-festival-queijo-primavera\/\"},\"author\":{\"name\":\"Reda\u00e7\u00e3o Travel3\",\"@id\":\"https:\/\/www.travel3.com.br\/site\/#\/schema\/person\/89251b0320bc67697de92249f97f3fdb\"},\"headline\":\"Setembro traz Festival do Queijo e primavera a Cunha\",\"datePublished\":\"2026-09-02T11:20:00+00:00\",\"mainEntityOfPage\":{\"@id\":\"https:\/\/www.travel3.com.br\/site\/comece-a-viajar\/setembro-cunha-festival-queijo-primavera\/\"},\"wordCount\":557,\"commentCount\":0,\"publisher\":{\"@id\":\"https:\/\/www.travel3.com.br\/site\/#organization\"},\"image\":{\"@id\":\"https:\/\/www.travel3.com.br\/site\/comece-a-viajar\/setembro-cunha-festival-queijo-primavera\/#primaryimage\"},\"thumbnailUrl\":\"https:\/\/www.travel3.com.br\/site\/wp-content\/uploads\/2026\/09\/undefined-Imgur-2_Easy-Resize.com_.jpg\",\"keywords\":[\"Cunha\",\"Estancia Climatica de Cunha\",\"serra do mar\"],\"articleSection\":[\"Comece a Viajar\"],\"inLanguage\":\"pt-BR\",\"potentialAction\":[{\"@type\":\"CommentAction\",\"name\":\"Comment\",\"target\":[\"https:\/\/www.travel3.com.br\/site\/comece-a-viajar\/setembro-cunha-festival-queijo-primavera\/#respond\"]}]},{\"@type\":\"WebPage\",\"@id\":\"https:\/\/www.travel3.com.br\/site\/comece-a-viajar\/setembro-cunha-festival-queijo-primavera\/\",\"url\":\"https:\/\/www.travel3.com.br\/site\/comece-a-viajar\/setembro-cunha-festival-queijo-primavera\/\",\"name\":\"Setembro traz Festival do Queijo e primavera a Cunha - Travel3\",\"isPartOf\":{\"@id\":\"https:\/\/www.travel3.com.br\/site\/#website\"},\"primaryImageOfPage\":{\"@id\":\"https:\/\/www.travel3.com.br\/site\/comece-a-viajar\/setembro-cunha-festival-queijo-primavera\/#primaryimage\"},\"image\":{\"@id\":\"https:\/\/www.travel3.com.br\/site\/comece-a-viajar\/setembro-cunha-festival-queijo-primavera\/#primaryimage\"},\"thumbnailUrl\":\"https:\/\/www.travel3.com.br\/site\/wp-content\/uploads\/2026\/09\/undefined-Imgur-2_Easy-Resize.com_.jpg\",\"datePublished\":\"2026-09-02T11:20:00+00:00\",\"description\":\"Cunha em setembro tem Festival do Queijo, feriado de 7 de Setembro e chegada da primavera, com gastronomia, natureza e atra\u00e7\u00f5es ao ar livre\",\"breadcrumb\":{\"@id\":\"https:\/\/www.travel3.com.br\/site\/comece-a-viajar\/setembro-cunha-festival-queijo-primavera\/#breadcrumb\"},\"inLanguage\":\"pt-BR\",\"potentialAction\":[{\"@type\":\"ReadAction\",\"target\":[\"https:\/\/www.travel3.com.br\/site\/comece-a-viajar\/setembro-cunha-festival-queijo-primavera\/\"]}]},{\"@type\":\"ImageObject\",\"inLanguage\":\"pt-BR\",\"@id\":\"https:\/\/www.travel3.com.br\/site\/comece-a-viajar\/setembro-cunha-festival-queijo-primavera\/#primaryimage\",\"url\":\"https:\/\/www.travel3.com.br\/site\/wp-content\/uploads\/2026\/09\/undefined-Imgur-2_Easy-Resize.com_.jpg\",\"contentUrl\":\"https:\/\/www.travel3.com.br\/site\/wp-content\/uploads\/2026\/09\/undefined-Imgur-2_Easy-Resize.com_.jpg\",\"width\":720,\"height\":668,\"caption\":\"Cunha em setembro tem Festival do Queijo e paisagens de primavera (Foto: divulga\u00e7\u00e3o)\"},{\"@type\":\"BreadcrumbList\",\"@id\":\"https:\/\/www.travel3.com.br\/site\/comece-a-viajar\/setembro-cunha-festival-queijo-primavera\/#breadcrumb\",\"itemListElement\":[{\"@type\":\"ListItem\",\"position\":1,\"name\":\"In\u00edcio\",\"item\":\"https:\/\/www.travel3.com.br\/site\/\"},{\"@type\":\"ListItem\",\"position\":2,\"name\":\"Setembro traz Festival do Queijo e primavera a Cunha\"}]},{\"@type\":\"WebSite\",\"@id\":\"https:\/\/www.travel3.com.br\/site\/#website\",\"url\":\"https:\/\/www.travel3.com.br\/site\/\",\"name\":\"Travel3\",\"description\":\"Lazer + Neg&oacute;cios + Aventura\",\"publisher\":{\"@id\":\"https:\/\/www.travel3.com.br\/site\/#organization\"},\"potentialAction\":[{\"@type\":\"SearchAction\",\"target\":{\"@type\":\"EntryPoint\",\"urlTemplate\":\"https:\/\/www.travel3.com.br\/site\/?s={search_term_string}\"},\"query-input\":{\"@type\":\"PropertyValueSpecification\",\"valueRequired\":true,\"valueName\":\"search_term_string\"}}],\"inLanguage\":\"pt-BR\"},{\"@type\":\"Organization\",\"@id\":\"https:\/\/www.travel3.com.br\/site\/#organization\",\"name\":\"Travel3\",\"url\":\"https:\/\/www.travel3.com.br\/site\/\",\"logo\":{\"@type\":\"ImageObject\",\"inLanguage\":\"pt-BR\",\"@id\":\"https:\/\/www.travel3.com.br\/site\/#\/schema\/logo\/image\/\",\"url\":\"https:\/\/www.travel3.com.br\/site\/wp-content\/uploads\/2020\/01\/logo-travel3-2020.png\",\"contentUrl\":\"https:\/\/www.travel3.com.br\/site\/wp-content\/uploads\/2020\/01\/logo-travel3-2020.png\",\"width\":232,\"height\":79,\"caption\":\"Travel3\"},\"image\":{\"@id\":\"https:\/\/www.travel3.com.br\/site\/#\/schema\/logo\/image\/\"},\"sameAs\":[\"https:\/\/www.facebook.com\/travel3media\/\",\"https:\/\/www.instagram.com\/revistatravel3\/\",\"https:\/\/www.youtube.com\/channel\/UCno7J4paGBR3VbZQzvoJ9Eg\"]},{\"@type\":\"Person\",\"@id\":\"https:\/\/www.travel3.com.br\/site\/#\/schema\/person\/89251b0320bc67697de92249f97f3fdb\",\"name\":\"Reda\u00e7\u00e3o Travel3\",\"image\":{\"@type\":\"ImageObject\",\"inLanguage\":\"pt-BR\",\"@id\":\"https:\/\/www.travel3.com.br\/site\/#\/schema\/person\/image\/\",\"url\":\"https:\/\/secure.gravatar.com\/avatar\/85a5ec2ad99b1932f671ebf50c117db6?s=96&d=mm&r=g\",\"contentUrl\":\"https:\/\/secure.gravatar.com\/avatar\/85a5ec2ad99b1932f671ebf50c117db6?s=96&d=mm&r=g\",\"caption\":\"Reda\u00e7\u00e3o Travel3\"},\"sameAs\":[\"http:\/\/www.travel3.com.br\/\"],\"url\":\"https:\/\/www.travel3.com.br\/site\/author\/redacao\/\"}]}<\/script>\n<!-- \/ Yoast SEO plugin. -->","yoast_head_json":{"title":"Setembro traz Festival do Queijo e primavera a Cunha - Travel3","description":"Cunha em setembro tem Festival do Queijo, feriado de 7 de Setembro e chegada da primavera, com gastronomia, natureza e atra\u00e7\u00f5es ao ar livre","robots":{"index":"index","follow":"follow","max-snippet":"max-snippet:-1","max-image-preview":"max-image-preview:large","max-video-preview":"max-video-preview:-1"},"canonical":"https:\/\/www.travel3.com.br\/site\/comece-a-viajar\/setembro-cunha-festival-queijo-primavera\/","og_locale":"pt_BR","og_type":"article","og_title":"Setembro traz Festival do Queijo e primavera a Cunha - Travel3","og_description":"Cunha em setembro tem Festival do Queijo, feriado de 7 de Setembro e chegada da primavera, com gastronomia, natureza e atra\u00e7\u00f5es ao ar livre","og_url":"https:\/\/www.travel3.com.br\/site\/comece-a-viajar\/setembro-cunha-festival-queijo-primavera\/","og_site_name":"Travel3","article_publisher":"https:\/\/www.facebook.com\/travel3media\/","article_published_time":"2026-09-02T11:20:00+00:00","og_image":[{"width":720,"height":668,"url":"https:\/\/www.travel3.com.br\/site\/wp-content\/uploads\/2026\/09\/undefined-Imgur-2_Easy-Resize.com_.jpg","type":"image\/jpeg"}],"author":"Reda\u00e7\u00e3o Travel3","twitter_card":"summary_large_image","twitter_misc":{"Escrito por":"Reda\u00e7\u00e3o Travel3","Est. tempo de leitura":"4 minutos"},"schema":{"@context":"https:\/\/schema.org","@graph":[{"@type":"Article","@id":"https:\/\/www.travel3.com.br\/site\/comece-a-viajar\/setembro-cunha-festival-queijo-primavera\/#article","isPartOf":{"@id":"https:\/\/www.travel3.com.br\/site\/comece-a-viajar\/setembro-cunha-festival-queijo-primavera\/"},"author":{"name":"Reda\u00e7\u00e3o Travel3","@id":"https:\/\/www.travel3.com.br\/site\/#\/schema\/person\/89251b0320bc67697de92249f97f3fdb"},"headline":"Setembro traz Festival do Queijo e primavera a Cunha","datePublished":"2026-09-02T11:20:00+00:00","mainEntityOfPage":{"@id":"https:\/\/www.travel3.com.br\/site\/comece-a-viajar\/setembro-cunha-festival-queijo-primavera\/"},"wordCount":557,"commentCount":0,"publisher":{"@id":"https:\/\/www.travel3.com.br\/site\/#organization"},"image":{"@id":"https:\/\/www.travel3.com.br\/site\/comece-a-viajar\/setembro-cunha-festival-queijo-primavera\/#primaryimage"},"thumbnailUrl":"https:\/\/www.travel3.com.br\/site\/wp-content\/uploads\/2026\/09\/undefined-Imgur-2_Easy-Resize.com_.jpg","keywords":["Cunha","Estancia Climatica de Cunha","serra do mar"],"articleSection":["Comece a Viajar"],"inLanguage":"pt-BR","potentialAction":[{"@type":"CommentAction","name":"Comment","target":["https:\/\/www.travel3.com.br\/site\/comece-a-viajar\/setembro-cunha-festival-queijo-primavera\/#respond"]}]},{"@type":"WebPage","@id":"https:\/\/www.travel3.com.br\/site\/comece-a-viajar\/setembro-cunha-festival-queijo-primavera\/","url":"https:\/\/www.travel3.com.br\/site\/comece-a-viajar\/setembro-cunha-festival-queijo-primavera\/","name":"Setembro traz Festival do Queijo e primavera a Cunha - Travel3","isPartOf":{"@id":"https:\/\/www.travel3.com.br\/site\/#website"},"primaryImageOfPage":{"@id":"https:\/\/www.travel3.com.br\/site\/comece-a-viajar\/setembro-cunha-festival-queijo-primavera\/#primaryimage"},"image":{"@id":"https:\/\/www.travel3.com.br\/site\/comece-a-viajar\/setembro-cunha-festival-queijo-primavera\/#primaryimage"},"thumbnailUrl":"https:\/\/www.travel3.com.br\/site\/wp-content\/uploads\/2026\/09\/undefined-Imgur-2_Easy-Resize.com_.jpg","datePublished":"2026-09-02T11:20:00+00:00","description":"Cunha em setembro tem Festival do Queijo, feriado de 7 de Setembro e chegada da primavera, com gastronomia, natureza e atra\u00e7\u00f5es ao ar livre","breadcrumb":{"@id":"https:\/\/www.travel3.com.br\/site\/comece-a-viajar\/setembro-cunha-festival-queijo-primavera\/#breadcrumb"},"inLanguage":"pt-BR","potentialAction":[{"@type":"ReadAction","target":["https:\/\/www.travel3.com.br\/site\/comece-a-viajar\/setembro-cunha-festival-queijo-primavera\/"]}]},{"@type":"ImageObject","inLanguage":"pt-BR","@id":"https:\/\/www.travel3.com.br\/site\/comece-a-viajar\/setembro-cunha-festival-queijo-primavera\/#primaryimage","url":"https:\/\/www.travel3.com.br\/site\/wp-content\/uploads\/2026\/09\/undefined-Imgur-2_Easy-Resize.com_.jpg","contentUrl":"https:\/\/www.travel3.com.br\/site\/wp-content\/uploads\/2026\/09\/undefined-Imgur-2_Easy-Resize.com_.jpg","width":720,"height":668,"caption":"Cunha em setembro tem Festival do Queijo e paisagens de primavera (Foto: divulga\u00e7\u00e3o)"},{"@type":"BreadcrumbList","@id":"https:\/\/www.travel3.com.br\/site\/comece-a-viajar\/setembro-cunha-festival-queijo-primavera\/#breadcrumb","itemListElement":[{"@type":"ListItem","position":1,"name":"In\u00edcio","item":"https:\/\/www.travel3.com.br\/site\/"},{"@type":"ListItem","position":2,"name":"Setembro traz Festival do Queijo e primavera a Cunha"}]},{"@type":"WebSite","@id":"https:\/\/www.travel3.com.br\/site\/#website","url":"https:\/\/www.travel3.com.br\/site\/","name":"Travel3","description":"Lazer + Neg&oacute;cios + Aventura","publisher":{"@id":"https:\/\/www.travel3.com.br\/site\/#organization"},"potentialAction":[{"@type":"SearchAction","target":{"@type":"EntryPoint","urlTemplate":"https:\/\/www.travel3.com.br\/site\/?s={search_term_string}"},"query-input":{"@type":"PropertyValueSpecification","valueRequired":true,"valueName":"search_term_string"}}],"inLanguage":"pt-BR"},{"@type":"Organization","@id":"https:\/\/www.travel3.com.br\/site\/#organization","name":"Travel3","url":"https:\/\/www.travel3.com.br\/site\/","logo":{"@type":"ImageObject","inLanguage":"pt-BR","@id":"https:\/\/www.travel3.com.br\/site\/#\/schema\/logo\/image\/","url":"https:\/\/www.travel3.com.br\/site\/wp-content\/uploads\/2020\/01\/logo-travel3-2020.png","contentUrl":"https:\/\/www.travel3.com.br\/site\/wp-content\/uploads\/2020\/01\/logo-travel3-2020.png","width":232,"height":79,"caption":"Travel3"},"image":{"@id":"https:\/\/www.travel3.com.br\/site\/#\/schema\/logo\/image\/"},"sameAs":["https:\/\/www.facebook.com\/travel3media\/","https:\/\/www.instagram.com\/revistatravel3\/","https:\/\/www.youtube.com\/channel\/UCno7J4paGBR3VbZQzvoJ9Eg"]},{"@type":"Person","@id":"https:\/\/www.travel3.com.br\/site\/#\/schema\/person\/89251b0320bc67697de92249f97f3fdb","name":"Reda\u00e7\u00e3o Travel3","image":{"@type":"ImageObject","inLanguage":"pt-BR","@id":"https:\/\/www.travel3.com.br\/site\/#\/schema\/person\/image\/","url":"https:\/\/secure.gravatar.com\/avatar\/85a5ec2ad99b1932f671ebf50c117db6?s=96&d=mm&r=g","contentUrl":"https:\/\/secure.gravatar.com\/avatar\/85a5ec2ad99b1932f671ebf50c117db6?s=96&d=mm&r=g","caption":"Reda\u00e7\u00e3o Travel3"},"sameAs":["http:\/\/www.travel3.com.br\/"],"url":"https:\/\/www.travel3.com.br\/site\/author\/redacao\/"}]}},"_links":{"self":[{"href":"https:\/\/www.travel3.com.br\/site\/wp-json\/wp\/v2\/posts\/84145","targetHints":{"allow":["GET"]}}],"collection":[{"href":"https:\/\/www.travel3.com.br\/site\/wp-json\/wp\/v2\/posts"}],"about":[{"href":"https:\/\/www.travel3.com.br\/site\/wp-json\/wp\/v2\/types\/post"}],"author":[{"embeddable":true,"href":"https:\/\/www.travel3.com.br\/site\/wp-json\/wp\/v2\/users\/5"}],"replies":[{"embeddable":true,"href":"https:\/\/www.travel3.com.br\/site\/wp-json\/wp\/v2\/comments?post=84145"}],"version-history":[{"count":3,"href":"https:\/\/www.travel3.com.br\/site\/wp-json\/wp\/v2\/posts\/84145\/revisions"}],"predecessor-version":[{"id":84149,"href":"https:\/\/www.travel3.com.br\/site\/wp-json\/wp\/v2\/posts\/84145\/revisions\/84149"}],"wp:featuredmedia":[{"embeddable":true,"href":"https:\/\/www.travel3.com.br\/site\/wp-json\/wp\/v2\/media\/84147"}],"wp:attachment":[{"href":"https:\/\/www.travel3.com.br\/site\/wp-json\/wp\/v2\/media?parent=84145"}],"wp:term":[{"taxonomy":"category","embeddable":true,"href":"https:\/\/www.travel3.com.br\/site\/wp-json\/wp\/v2\/categories?post=84145"},{"taxonomy":"post_tag","embeddable":true,"href":"https:\/\/www.travel3.com.br\/site\/wp-json\/wp\/v2\/tags?post=84145"}],"curies":[{"name":"wp","href":"https:\/\/api.w.org\/{rel}","templated":true}]}}