{"id":84122,"date":"2026-09-01T09:50:13","date_gmt":"2026-09-01T12:50:13","guid":{"rendered":"https:\/\/www.travel3.com.br\/site\/?p=84122"},"modified":"2026-09-01T09:50:15","modified_gmt":"2026-09-01T12:50:15","slug":"copa-airlines-belo-horizonte-panama","status":"publish","type":"post","link":"https:\/\/www.travel3.com.br\/site\/ir-e-vir\/copa-airlines-belo-horizonte-panama\/","title":{"rendered":"Copa Airlines amplia voos de Belo Horizonte para o Panam\u00e1"},"content":{"rendered":"\n<h2 class=\"wp-block-heading\">Companhia ter\u00e1 at\u00e9 12 frequ\u00eancias semanais a partir de Confins no in\u00edcio de 2027, com conex\u00f5es para mais de 80 destinos nas Am\u00e9ricas<\/h2>\n\n\n\n<p>A Copa Airlines vai ampliar a oferta de voos entre Belo Horizonte e a Cidade do Panam\u00e1 a partir de janeiro de 2027. O an\u00fancio foi feito nesta segunda-feira (31), quando a companhia celebra 18 anos de opera\u00e7\u00f5es na capital mineira.<\/p>\n\n\n\n<p>Atualmente, s\u00e3o 10 frequ\u00eancias semanais partindo do BH Airport, em Confins. Em janeiro e fevereiro de 2027, durante a alta temporada de ver\u00e3o, a oferta aumentar\u00e1 para 12 voos semanais. A partir de mar\u00e7o, ser\u00e3o mantidas 11 frequ\u00eancias fixas por semana, crescimento permanente de 10% em rela\u00e7\u00e3o \u00e0 opera\u00e7\u00e3o atual.<\/p>\n\n\n\n<p>Com a amplia\u00e7\u00e3o, os passageiros mineiros ter\u00e3o mais op\u00e7\u00f5es para chegar \u00e0 Cidade do Panam\u00e1 e realizar conex\u00f5es para mais de 80 destinos nas Am\u00e9ricas por meio do Hub das Am\u00e9ricas.<\/p>\n\n\n\n<h2 class=\"wp-block-heading\">18 anos de Copa Airlines em Belo Horizonte<\/h2>\n\n\n\n<p>A Copa Airlines iniciou suas opera\u00e7\u00f5es em Belo Horizonte em 2008 e, desde ent\u00e3o, mais que dobrou o n\u00famero de frequ\u00eancias semanais na rota.<\/p>\n\n\n\n<p>Para Monica Afonso, Country Manager da Copa Airlines no Brasil, o crescimento reflete a import\u00e2ncia do mercado mineiro para a companhia.<\/p>\n\n\n\n<blockquote class=\"wp-block-quote is-layout-flow wp-block-quote-is-layout-flow\">\n<p>\u201cCelebrar 18 anos em Belo Horizonte com a amplia\u00e7\u00e3o da oferta mostra a import\u00e2ncia de Minas Gerais para a Copa Airlines. Desde 2008, mais que dobramos nossas frequ\u00eancias e, agora, damos mais um passo ao oferecer novas op\u00e7\u00f5es de viagem e conex\u00f5es para mais de 80 destinos nas Am\u00e9ricas, atendendo tanto ao turismo quanto \u00e0s viagens de neg\u00f3cios.\u201d<\/p>\n<\/blockquote>\n\n\n\n<p>Nas conex\u00f5es realizadas na Cidade do Panam\u00e1, a bagagem \u00e9 despachada at\u00e9 o destino final e o passageiro n\u00e3o precisa passar pelos procedimentos de imigra\u00e7\u00e3o e alf\u00e2ndega panamenhos quando permanece em tr\u00e2nsito.<\/p>\n\n\n\n<h2 class=\"wp-block-heading\">Stopover permite conhecer o Panam\u00e1<\/h2>\n\n\n\n<p>Outra possibilidade para quem embarca em Belo Horizonte \u00e9 aproveitar o Panam\u00e1 Stopover. Em 2026, a companhia ampliou de sete para at\u00e9 15 dias o per\u00edodo permitido para permanecer no pa\u00eds, na ida ou na volta da viagem, sem custo adicional na tarifa a\u00e9rea.<\/p>\n\n\n\n<p>A op\u00e7\u00e3o permite combinar uma viagem para outro destino das Am\u00e9ricas com alguns dias na Cidade do Panam\u00e1 e arredores.<\/p>\n\n\n\n<p>A companhia tamb\u00e9m prev\u00ea concluir at\u00e9 o primeiro trimestre de 2027 a implementa\u00e7\u00e3o da internet via Starlink em toda a frota.<\/p>\n\n\n\n<p>As passagens e os hor\u00e1rios das novas frequ\u00eancias, que come\u00e7am a operar em janeiro de 2027, j\u00e1 est\u00e3o dispon\u00edveis <strong><a href=\"https:\/\/www.copaair.com\/pt-br\/\" target=\"_blank\" rel=\"noreferrer noopener\">nos canais de venda da Copa Airlines<\/a><\/strong> e nas ag\u00eancias de viagens.<\/p>\n","protected":false},"excerpt":{"rendered":"<p>Companhia ter\u00e1 at\u00e9 12 frequ\u00eancias semanais a partir de Confins, com conex\u00f5es para mais de 80 destinos nas Am\u00e9ricas<\/p>\n","protected":false},"author":6,"featured_media":76537,"comment_status":"open","ping_status":"open","sticky":false,"template":"","format":"standard","meta":{"footnotes":""},"categories":[309,8],"tags":[985,394,266,419,6724,5833],"class_list":["post-84122","post","type-post","status-publish","format-standard","has-post-thumbnail","hentry","category-ar","category-ir-e-vir","tag-aeroporto-confins","tag-belo-horizonte","tag-copa-airlines","tag-panama","tag-panama-stopover","tag-stopover-copa-airlines"],"yoast_head":"<!-- This site is optimized with the Yoast SEO plugin v26.2 - https:\/\/yoast.com\/wordpress\/plugins\/seo\/ -->\n<title>Copa Airlines amplia voos de Belo Horizonte para o Panam\u00e1 - Travel3<\/title>\n<meta name=\"description\" content=\"Copa Airlines amplia os voos entre Belo Horizonte e Panam\u00e1 em 2027, com at\u00e9 12 frequ\u00eancias semanais e conex\u00f5es para mais de 80 destinos\" \/>\n<meta name=\"robots\" content=\"index, follow, max-snippet:-1, max-image-preview:large, max-video-preview:-1\" \/>\n<link rel=\"canonical\" href=\"https:\/\/www.travel3.com.br\/site\/ir-e-vir\/copa-airlines-belo-horizonte-panama\/\" \/>\n<meta property=\"og:locale\" content=\"pt_BR\" \/>\n<meta property=\"og:type\" content=\"article\" \/>\n<meta property=\"og:title\" content=\"Copa Airlines amplia voos de Belo Horizonte para o Panam\u00e1 - Travel3\" \/>\n<meta property=\"og:description\" content=\"Copa Airlines amplia os voos entre Belo Horizonte e Panam\u00e1 em 2027, com at\u00e9 12 frequ\u00eancias semanais e conex\u00f5es para mais de 80 destinos\" \/>\n<meta property=\"og:url\" content=\"https:\/\/www.travel3.com.br\/site\/ir-e-vir\/copa-airlines-belo-horizonte-panama\/\" \/>\n<meta property=\"og:site_name\" content=\"Travel3\" \/>\n<meta property=\"article:publisher\" content=\"https:\/\/www.facebook.com\/travel3media\/\" \/>\n<meta property=\"article:published_time\" content=\"2026-09-01T12:50:13+00:00\" \/>\n<meta property=\"article:modified_time\" content=\"2026-09-01T12:50:15+00:00\" \/>\n<meta property=\"og:image\" content=\"https:\/\/www.travel3.com.br\/site\/wp-content\/uploads\/2025\/05\/copa-airlines-voos-diretos_Easy-Resize.com_.jpg\" \/>\n\t<meta property=\"og:image:width\" content=\"1255\" \/>\n\t<meta property=\"og:image:height\" content=\"1280\" \/>\n\t<meta property=\"og:image:type\" content=\"image\/jpeg\" \/>\n<meta name=\"author\" content=\"Reda\u00e7\u00e3o Travel3\" \/>\n<meta name=\"twitter:card\" content=\"summary_large_image\" \/>\n<meta name=\"twitter:label1\" content=\"Escrito por\" \/>\n\t<meta name=\"twitter:data1\" content=\"Reda\u00e7\u00e3o Travel3\" \/>\n\t<meta name=\"twitter:label2\" content=\"Est. tempo de leitura\" \/>\n\t<meta name=\"twitter:data2\" content=\"3 minutos\" \/>\n<script type=\"application\/ld+json\" class=\"yoast-schema-graph\">{\"@context\":\"https:\/\/schema.org\",\"@graph\":[{\"@type\":\"Article\",\"@id\":\"https:\/\/www.travel3.com.br\/site\/ir-e-vir\/copa-airlines-belo-horizonte-panama\/#article\",\"isPartOf\":{\"@id\":\"https:\/\/www.travel3.com.br\/site\/ir-e-vir\/copa-airlines-belo-horizonte-panama\/\"},\"author\":{\"name\":\"Reda\u00e7\u00e3o Travel3\",\"@id\":\"https:\/\/www.travel3.com.br\/site\/#\/schema\/person\/9cff8daac0a2f1aa0799f827b8aa8308\"},\"headline\":\"Copa Airlines amplia voos de Belo Horizonte para o Panam\u00e1\",\"datePublished\":\"2026-09-01T12:50:13+00:00\",\"dateModified\":\"2026-09-01T12:50:15+00:00\",\"mainEntityOfPage\":{\"@id\":\"https:\/\/www.travel3.com.br\/site\/ir-e-vir\/copa-airlines-belo-horizonte-panama\/\"},\"wordCount\":444,\"commentCount\":0,\"publisher\":{\"@id\":\"https:\/\/www.travel3.com.br\/site\/#organization\"},\"image\":{\"@id\":\"https:\/\/www.travel3.com.br\/site\/ir-e-vir\/copa-airlines-belo-horizonte-panama\/#primaryimage\"},\"thumbnailUrl\":\"https:\/\/www.travel3.com.br\/site\/wp-content\/uploads\/2025\/05\/copa-airlines-voos-diretos_Easy-Resize.com_.jpg\",\"keywords\":[\"Aeroporto Confins\",\"Belo Horizonte\",\"Copa Airlines\",\"Panam\u00e1\",\"Panam\u00e1 Stopover\",\"Stopover Copa Airlines\"],\"articleSection\":[\"Ar\",\"Ir e Vir\"],\"inLanguage\":\"pt-BR\",\"potentialAction\":[{\"@type\":\"CommentAction\",\"name\":\"Comment\",\"target\":[\"https:\/\/www.travel3.com.br\/site\/ir-e-vir\/copa-airlines-belo-horizonte-panama\/#respond\"]}]},{\"@type\":\"WebPage\",\"@id\":\"https:\/\/www.travel3.com.br\/site\/ir-e-vir\/copa-airlines-belo-horizonte-panama\/\",\"url\":\"https:\/\/www.travel3.com.br\/site\/ir-e-vir\/copa-airlines-belo-horizonte-panama\/\",\"name\":\"Copa Airlines amplia voos de Belo Horizonte para o Panam\u00e1 - Travel3\",\"isPartOf\":{\"@id\":\"https:\/\/www.travel3.com.br\/site\/#website\"},\"primaryImageOfPage\":{\"@id\":\"https:\/\/www.travel3.com.br\/site\/ir-e-vir\/copa-airlines-belo-horizonte-panama\/#primaryimage\"},\"image\":{\"@id\":\"https:\/\/www.travel3.com.br\/site\/ir-e-vir\/copa-airlines-belo-horizonte-panama\/#primaryimage\"},\"thumbnailUrl\":\"https:\/\/www.travel3.com.br\/site\/wp-content\/uploads\/2025\/05\/copa-airlines-voos-diretos_Easy-Resize.com_.jpg\",\"datePublished\":\"2026-09-01T12:50:13+00:00\",\"dateModified\":\"2026-09-01T12:50:15+00:00\",\"description\":\"Copa Airlines amplia os voos entre Belo Horizonte e Panam\u00e1 em 2027, com at\u00e9 12 frequ\u00eancias semanais e conex\u00f5es para mais de 80 destinos\",\"breadcrumb\":{\"@id\":\"https:\/\/www.travel3.com.br\/site\/ir-e-vir\/copa-airlines-belo-horizonte-panama\/#breadcrumb\"},\"inLanguage\":\"pt-BR\",\"potentialAction\":[{\"@type\":\"ReadAction\",\"target\":[\"https:\/\/www.travel3.com.br\/site\/ir-e-vir\/copa-airlines-belo-horizonte-panama\/\"]}]},{\"@type\":\"ImageObject\",\"inLanguage\":\"pt-BR\",\"@id\":\"https:\/\/www.travel3.com.br\/site\/ir-e-vir\/copa-airlines-belo-horizonte-panama\/#primaryimage\",\"url\":\"https:\/\/www.travel3.com.br\/site\/wp-content\/uploads\/2025\/05\/copa-airlines-voos-diretos_Easy-Resize.com_.jpg\",\"contentUrl\":\"https:\/\/www.travel3.com.br\/site\/wp-content\/uploads\/2025\/05\/copa-airlines-voos-diretos_Easy-Resize.com_.jpg\",\"width\":1255,\"height\":1280,\"caption\":\"Foto: Divulga\u00e7\u00e3o\"},{\"@type\":\"BreadcrumbList\",\"@id\":\"https:\/\/www.travel3.com.br\/site\/ir-e-vir\/copa-airlines-belo-horizonte-panama\/#breadcrumb\",\"itemListElement\":[{\"@type\":\"ListItem\",\"position\":1,\"name\":\"In\u00edcio\",\"item\":\"https:\/\/www.travel3.com.br\/site\/\"},{\"@type\":\"ListItem\",\"position\":2,\"name\":\"Copa Airlines amplia voos de Belo Horizonte para o Panam\u00e1\"}]},{\"@type\":\"WebSite\",\"@id\":\"https:\/\/www.travel3.com.br\/site\/#website\",\"url\":\"https:\/\/www.travel3.com.br\/site\/\",\"name\":\"Travel3\",\"description\":\"Lazer + Neg&oacute;cios + Aventura\",\"publisher\":{\"@id\":\"https:\/\/www.travel3.com.br\/site\/#organization\"},\"potentialAction\":[{\"@type\":\"SearchAction\",\"target\":{\"@type\":\"EntryPoint\",\"urlTemplate\":\"https:\/\/www.travel3.com.br\/site\/?s={search_term_string}\"},\"query-input\":{\"@type\":\"PropertyValueSpecification\",\"valueRequired\":true,\"valueName\":\"search_term_string\"}}],\"inLanguage\":\"pt-BR\"},{\"@type\":\"Organization\",\"@id\":\"https:\/\/www.travel3.com.br\/site\/#organization\",\"name\":\"Travel3\",\"url\":\"https:\/\/www.travel3.com.br\/site\/\",\"logo\":{\"@type\":\"ImageObject\",\"inLanguage\":\"pt-BR\",\"@id\":\"https:\/\/www.travel3.com.br\/site\/#\/schema\/logo\/image\/\",\"url\":\"https:\/\/www.travel3.com.br\/site\/wp-content\/uploads\/2020\/01\/logo-travel3-2020.png\",\"contentUrl\":\"https:\/\/www.travel3.com.br\/site\/wp-content\/uploads\/2020\/01\/logo-travel3-2020.png\",\"width\":232,\"height\":79,\"caption\":\"Travel3\"},\"image\":{\"@id\":\"https:\/\/www.travel3.com.br\/site\/#\/schema\/logo\/image\/\"},\"sameAs\":[\"https:\/\/www.facebook.com\/travel3media\/\",\"https:\/\/www.instagram.com\/revistatravel3\/\",\"https:\/\/www.youtube.com\/channel\/UCno7J4paGBR3VbZQzvoJ9Eg\"]},{\"@type\":\"Person\",\"@id\":\"https:\/\/www.travel3.com.br\/site\/#\/schema\/person\/9cff8daac0a2f1aa0799f827b8aa8308\",\"name\":\"Reda\u00e7\u00e3o Travel3\",\"image\":{\"@type\":\"ImageObject\",\"inLanguage\":\"pt-BR\",\"@id\":\"https:\/\/www.travel3.com.br\/site\/#\/schema\/person\/image\/\",\"url\":\"https:\/\/secure.gravatar.com\/avatar\/6e6125525e1f04b7b8c607d71556e490?s=96&d=mm&r=g\",\"contentUrl\":\"https:\/\/secure.gravatar.com\/avatar\/6e6125525e1f04b7b8c607d71556e490?s=96&d=mm&r=g\",\"caption\":\"Reda\u00e7\u00e3o Travel3\"},\"sameAs\":[\"http:\/\/www.travel3.com.br\"],\"url\":\"https:\/\/www.travel3.com.br\/site\/author\/redacao2\/\"}]}<\/script>\n<!-- \/ Yoast SEO plugin. -->","yoast_head_json":{"title":"Copa Airlines amplia voos de Belo Horizonte para o Panam\u00e1 - Travel3","description":"Copa Airlines amplia os voos entre Belo Horizonte e Panam\u00e1 em 2027, com at\u00e9 12 frequ\u00eancias semanais e conex\u00f5es para mais de 80 destinos","robots":{"index":"index","follow":"follow","max-snippet":"max-snippet:-1","max-image-preview":"max-image-preview:large","max-video-preview":"max-video-preview:-1"},"canonical":"https:\/\/www.travel3.com.br\/site\/ir-e-vir\/copa-airlines-belo-horizonte-panama\/","og_locale":"pt_BR","og_type":"article","og_title":"Copa Airlines amplia voos de Belo Horizonte para o Panam\u00e1 - Travel3","og_description":"Copa Airlines amplia os voos entre Belo Horizonte e Panam\u00e1 em 2027, com at\u00e9 12 frequ\u00eancias semanais e conex\u00f5es para mais de 80 destinos","og_url":"https:\/\/www.travel3.com.br\/site\/ir-e-vir\/copa-airlines-belo-horizonte-panama\/","og_site_name":"Travel3","article_publisher":"https:\/\/www.facebook.com\/travel3media\/","article_published_time":"2026-09-01T12:50:13+00:00","article_modified_time":"2026-09-01T12:50:15+00:00","og_image":[{"width":1255,"height":1280,"url":"https:\/\/www.travel3.com.br\/site\/wp-content\/uploads\/2025\/05\/copa-airlines-voos-diretos_Easy-Resize.com_.jpg","type":"image\/jpeg"}],"author":"Reda\u00e7\u00e3o Travel3","twitter_card":"summary_large_image","twitter_misc":{"Escrito por":"Reda\u00e7\u00e3o Travel3","Est. tempo de leitura":"3 minutos"},"schema":{"@context":"https:\/\/schema.org","@graph":[{"@type":"Article","@id":"https:\/\/www.travel3.com.br\/site\/ir-e-vir\/copa-airlines-belo-horizonte-panama\/#article","isPartOf":{"@id":"https:\/\/www.travel3.com.br\/site\/ir-e-vir\/copa-airlines-belo-horizonte-panama\/"},"author":{"name":"Reda\u00e7\u00e3o Travel3","@id":"https:\/\/www.travel3.com.br\/site\/#\/schema\/person\/9cff8daac0a2f1aa0799f827b8aa8308"},"headline":"Copa Airlines amplia voos de Belo Horizonte para o Panam\u00e1","datePublished":"2026-09-01T12:50:13+00:00","dateModified":"2026-09-01T12:50:15+00:00","mainEntityOfPage":{"@id":"https:\/\/www.travel3.com.br\/site\/ir-e-vir\/copa-airlines-belo-horizonte-panama\/"},"wordCount":444,"commentCount":0,"publisher":{"@id":"https:\/\/www.travel3.com.br\/site\/#organization"},"image":{"@id":"https:\/\/www.travel3.com.br\/site\/ir-e-vir\/copa-airlines-belo-horizonte-panama\/#primaryimage"},"thumbnailUrl":"https:\/\/www.travel3.com.br\/site\/wp-content\/uploads\/2025\/05\/copa-airlines-voos-diretos_Easy-Resize.com_.jpg","keywords":["Aeroporto Confins","Belo Horizonte","Copa Airlines","Panam\u00e1","Panam\u00e1 Stopover","Stopover Copa Airlines"],"articleSection":["Ar","Ir e Vir"],"inLanguage":"pt-BR","potentialAction":[{"@type":"CommentAction","name":"Comment","target":["https:\/\/www.travel3.com.br\/site\/ir-e-vir\/copa-airlines-belo-horizonte-panama\/#respond"]}]},{"@type":"WebPage","@id":"https:\/\/www.travel3.com.br\/site\/ir-e-vir\/copa-airlines-belo-horizonte-panama\/","url":"https:\/\/www.travel3.com.br\/site\/ir-e-vir\/copa-airlines-belo-horizonte-panama\/","name":"Copa Airlines amplia voos de Belo Horizonte para o Panam\u00e1 - Travel3","isPartOf":{"@id":"https:\/\/www.travel3.com.br\/site\/#website"},"primaryImageOfPage":{"@id":"https:\/\/www.travel3.com.br\/site\/ir-e-vir\/copa-airlines-belo-horizonte-panama\/#primaryimage"},"image":{"@id":"https:\/\/www.travel3.com.br\/site\/ir-e-vir\/copa-airlines-belo-horizonte-panama\/#primaryimage"},"thumbnailUrl":"https:\/\/www.travel3.com.br\/site\/wp-content\/uploads\/2025\/05\/copa-airlines-voos-diretos_Easy-Resize.com_.jpg","datePublished":"2026-09-01T12:50:13+00:00","dateModified":"2026-09-01T12:50:15+00:00","description":"Copa Airlines amplia os voos entre Belo Horizonte e Panam\u00e1 em 2027, com at\u00e9 12 frequ\u00eancias semanais e conex\u00f5es para mais de 80 destinos","breadcrumb":{"@id":"https:\/\/www.travel3.com.br\/site\/ir-e-vir\/copa-airlines-belo-horizonte-panama\/#breadcrumb"},"inLanguage":"pt-BR","potentialAction":[{"@type":"ReadAction","target":["https:\/\/www.travel3.com.br\/site\/ir-e-vir\/copa-airlines-belo-horizonte-panama\/"]}]},{"@type":"ImageObject","inLanguage":"pt-BR","@id":"https:\/\/www.travel3.com.br\/site\/ir-e-vir\/copa-airlines-belo-horizonte-panama\/#primaryimage","url":"https:\/\/www.travel3.com.br\/site\/wp-content\/uploads\/2025\/05\/copa-airlines-voos-diretos_Easy-Resize.com_.jpg","contentUrl":"https:\/\/www.travel3.com.br\/site\/wp-content\/uploads\/2025\/05\/copa-airlines-voos-diretos_Easy-Resize.com_.jpg","width":1255,"height":1280,"caption":"Foto: Divulga\u00e7\u00e3o"},{"@type":"BreadcrumbList","@id":"https:\/\/www.travel3.com.br\/site\/ir-e-vir\/copa-airlines-belo-horizonte-panama\/#breadcrumb","itemListElement":[{"@type":"ListItem","position":1,"name":"In\u00edcio","item":"https:\/\/www.travel3.com.br\/site\/"},{"@type":"ListItem","position":2,"name":"Copa Airlines amplia voos de Belo Horizonte para o Panam\u00e1"}]},{"@type":"WebSite","@id":"https:\/\/www.travel3.com.br\/site\/#website","url":"https:\/\/www.travel3.com.br\/site\/","name":"Travel3","description":"Lazer + Neg&oacute;cios + Aventura","publisher":{"@id":"https:\/\/www.travel3.com.br\/site\/#organization"},"potentialAction":[{"@type":"SearchAction","target":{"@type":"EntryPoint","urlTemplate":"https:\/\/www.travel3.com.br\/site\/?s={search_term_string}"},"query-input":{"@type":"PropertyValueSpecification","valueRequired":true,"valueName":"search_term_string"}}],"inLanguage":"pt-BR"},{"@type":"Organization","@id":"https:\/\/www.travel3.com.br\/site\/#organization","name":"Travel3","url":"https:\/\/www.travel3.com.br\/site\/","logo":{"@type":"ImageObject","inLanguage":"pt-BR","@id":"https:\/\/www.travel3.com.br\/site\/#\/schema\/logo\/image\/","url":"https:\/\/www.travel3.com.br\/site\/wp-content\/uploads\/2020\/01\/logo-travel3-2020.png","contentUrl":"https:\/\/www.travel3.com.br\/site\/wp-content\/uploads\/2020\/01\/logo-travel3-2020.png","width":232,"height":79,"caption":"Travel3"},"image":{"@id":"https:\/\/www.travel3.com.br\/site\/#\/schema\/logo\/image\/"},"sameAs":["https:\/\/www.facebook.com\/travel3media\/","https:\/\/www.instagram.com\/revistatravel3\/","https:\/\/www.youtube.com\/channel\/UCno7J4paGBR3VbZQzvoJ9Eg"]},{"@type":"Person","@id":"https:\/\/www.travel3.com.br\/site\/#\/schema\/person\/9cff8daac0a2f1aa0799f827b8aa8308","name":"Reda\u00e7\u00e3o Travel3","image":{"@type":"ImageObject","inLanguage":"pt-BR","@id":"https:\/\/www.travel3.com.br\/site\/#\/schema\/person\/image\/","url":"https:\/\/secure.gravatar.com\/avatar\/6e6125525e1f04b7b8c607d71556e490?s=96&d=mm&r=g","contentUrl":"https:\/\/secure.gravatar.com\/avatar\/6e6125525e1f04b7b8c607d71556e490?s=96&d=mm&r=g","caption":"Reda\u00e7\u00e3o Travel3"},"sameAs":["http:\/\/www.travel3.com.br"],"url":"https:\/\/www.travel3.com.br\/site\/author\/redacao2\/"}]}},"_links":{"self":[{"href":"https:\/\/www.travel3.com.br\/site\/wp-json\/wp\/v2\/posts\/84122","targetHints":{"allow":["GET"]}}],"collection":[{"href":"https:\/\/www.travel3.com.br\/site\/wp-json\/wp\/v2\/posts"}],"about":[{"href":"https:\/\/www.travel3.com.br\/site\/wp-json\/wp\/v2\/types\/post"}],"author":[{"embeddable":true,"href":"https:\/\/www.travel3.com.br\/site\/wp-json\/wp\/v2\/users\/6"}],"replies":[{"embeddable":true,"href":"https:\/\/www.travel3.com.br\/site\/wp-json\/wp\/v2\/comments?post=84122"}],"version-history":[{"count":5,"href":"https:\/\/www.travel3.com.br\/site\/wp-json\/wp\/v2\/posts\/84122\/revisions"}],"predecessor-version":[{"id":84130,"href":"https:\/\/www.travel3.com.br\/site\/wp-json\/wp\/v2\/posts\/84122\/revisions\/84130"}],"wp:featuredmedia":[{"embeddable":true,"href":"https:\/\/www.travel3.com.br\/site\/wp-json\/wp\/v2\/media\/76537"}],"wp:attachment":[{"href":"https:\/\/www.travel3.com.br\/site\/wp-json\/wp\/v2\/media?parent=84122"}],"wp:term":[{"taxonomy":"category","embeddable":true,"href":"https:\/\/www.travel3.com.br\/site\/wp-json\/wp\/v2\/categories?post=84122"},{"taxonomy":"post_tag","embeddable":true,"href":"https:\/\/www.travel3.com.br\/site\/wp-json\/wp\/v2\/tags?post=84122"}],"curies":[{"name":"wp","href":"https:\/\/api.w.org\/{rel}","templated":true}]}}