{"id":84075,"date":"2026-08-31T08:56:35","date_gmt":"2026-08-31T11:56:35","guid":{"rendered":"https:\/\/www.travel3.com.br\/site\/?p=84075"},"modified":"2026-08-31T08:56:36","modified_gmt":"2026-08-31T11:56:36","slug":"latam-rock-in-rio-2026-voo-especial","status":"publish","type":"post","link":"https:\/\/www.travel3.com.br\/site\/acontece-no-turismo\/latam-rock-in-rio-2026-voo-especial\/","title":{"rendered":"LATAM prepara voo especial e ativa\u00e7\u00f5es para o Rock in Rio 2026"},"content":{"rendered":"\n<h2 class=\"wp-block-heading\">Companhia A\u00e9rea Oficial do festival ter\u00e1 espa\u00e7o com experi\u00eancias pr\u00f3ximo ao Palco Mundo<\/h2>\n\n\n\n<p>A <strong><a href=\"https:\/\/www.latam.com\/\" target=\"_blank\" rel=\"noreferrer noopener\">LATAM Airlines Brasil<\/a><\/strong> preparou uma s\u00e9rie de experi\u00eancias para o Rock in Rio 2026, conectando a viagem dos passageiros \u00e0 programa\u00e7\u00e3o do festival. Como Companhia A\u00e9rea Oficial do evento, a marca apresenta o conceito <strong>\u201cIr mais alto \u00e9 viajar com o ritmo da m\u00fasica\u201d<\/strong>, que estar\u00e1 presente em a\u00e7\u00f5es realizadas antes e durante os dias de shows.<\/p>\n\n\n\n<p>Um dos destaques ser\u00e1 um voo especial entre S\u00e3o Paulo\/Congonhas e Rio de Janeiro\/Santos Dumont, em 1\u00ba de setembro, com pocket show da dupla brasileira de DJs <strong>Cat Dealers<\/strong>, que integra o line-up do Rock in Rio 2026. A apresenta\u00e7\u00e3o acontecer\u00e1 em uma aeronave adesivada especialmente para o festival, e os passageiros receber\u00e3o brindes da LATAM e da Nestl\u00e9, por meio da marca KitKat.<\/p>\n\n\n\n<p>No Rio de Janeiro, a campanha tamb\u00e9m ter\u00e1 uma parceria com a Uber Advertising. Durante 20 dias, usu\u00e1rios selecionados poder\u00e3o visualizar um avi\u00e3o da LATAM no lugar do tradicional \u00edcone de autom\u00f3vel no aplicativo. Al\u00e9m disso, 40 carros circular\u00e3o pela cidade adesivados com a campanha e equipados com tablets para registros fotogr\u00e1ficos personalizados.<\/p>\n\n\n\n<p>A LATAM tamb\u00e9m instalar\u00e1 um totem interativo no Shopping Bossa Nova, anexo ao aeroporto Santos Dumont. O p\u00fablico poder\u00e1 tirar fotos inspiradas no universo do festival, editadas com recursos de intelig\u00eancia artificial e, mediante autoriza\u00e7\u00e3o, exibidas em pontos da rede Eletromidia.<\/p>\n\n\n\n<h3 class=\"wp-block-heading\">Experi\u00eancias da LATAM no Rock in Rio<\/h3>\n\n\n\n<p>Durante todos os dias do festival, a companhia ter\u00e1 um espa\u00e7o pr\u00f3ximo ao Palco Mundo, inspirado em uma cabine de aeronave. Entre as atra\u00e7\u00f5es est\u00e3o sorteio de passagens para Amsterd\u00e3, game sobre o LATAM Pass, r\u00e9plicas de assentos Premium Business para fotos e distribui\u00e7\u00e3o de brindes e milhas.<\/p>\n\n\n\n<p>Clientes <strong>LATAM Pass Black Signature<\/strong> ter\u00e3o acesso a uma \u00e1rea VIP exclusiva e entrada por Fast Pass.<\/p>\n\n\n\n<p>As a\u00e7\u00f5es fazem parte da estrat\u00e9gia da companhia de acompanhar o p\u00fablico desde o in\u00edcio da viagem at\u00e9 a experi\u00eancia dentro do Rock in Rio 2026, integrando avia\u00e7\u00e3o, m\u00fasica, mobilidade e entretenimento.<\/p>\n","protected":false},"excerpt":{"rendered":"<p>Companhia A\u00e9rea Oficial do festival ter\u00e1 espa\u00e7o com experi\u00eancias pr\u00f3ximo ao Palco Mundo<\/p>\n","protected":false},"author":5,"featured_media":84077,"comment_status":"open","ping_status":"open","sticky":false,"template":"","format":"standard","meta":{"footnotes":""},"categories":[969],"tags":[1724,7784,7717],"class_list":["post-84075","post","type-post","status-publish","format-standard","has-post-thumbnail","hentry","category-acontece-no-turismo","tag-latam","tag-latam-no-rock-in-rio","tag-rock-in-rio-2026"],"yoast_head":"<!-- This site is optimized with the Yoast SEO plugin v26.2 - https:\/\/yoast.com\/wordpress\/plugins\/seo\/ -->\n<title>LATAM prepara voo especial e ativa\u00e7\u00f5es para o Rock in Rio 2026 - Travel3<\/title>\n<meta name=\"description\" content=\"LATAM prepara voo especial com Cat Dealers, ativa\u00e7\u00f5es no Rio de Janeiro e experi\u00eancias exclusivas para o p\u00fablico do Rock in Rio 2026\" \/>\n<meta name=\"robots\" content=\"index, follow, max-snippet:-1, max-image-preview:large, max-video-preview:-1\" \/>\n<link rel=\"canonical\" href=\"https:\/\/www.travel3.com.br\/site\/acontece-no-turismo\/latam-rock-in-rio-2026-voo-especial\/\" \/>\n<meta property=\"og:locale\" content=\"pt_BR\" \/>\n<meta property=\"og:type\" content=\"article\" \/>\n<meta property=\"og:title\" content=\"LATAM prepara voo especial e ativa\u00e7\u00f5es para o Rock in Rio 2026 - Travel3\" \/>\n<meta property=\"og:description\" content=\"LATAM prepara voo especial com Cat Dealers, ativa\u00e7\u00f5es no Rio de Janeiro e experi\u00eancias exclusivas para o p\u00fablico do Rock in Rio 2026\" \/>\n<meta property=\"og:url\" content=\"https:\/\/www.travel3.com.br\/site\/acontece-no-turismo\/latam-rock-in-rio-2026-voo-especial\/\" \/>\n<meta property=\"og:site_name\" content=\"Travel3\" \/>\n<meta property=\"article:publisher\" content=\"https:\/\/www.facebook.com\/travel3media\/\" \/>\n<meta property=\"article:published_time\" content=\"2026-08-31T11:56:35+00:00\" \/>\n<meta property=\"article:modified_time\" content=\"2026-08-31T11:56:36+00:00\" \/>\n<meta property=\"og:image\" content=\"https:\/\/www.travel3.com.br\/site\/wp-content\/uploads\/2026\/08\/LATAM-Rock-in-Rio-2026_Easy-Resize.com_.jpg\" \/>\n\t<meta property=\"og:image:width\" content=\"1280\" \/>\n\t<meta property=\"og:image:height\" content=\"712\" \/>\n\t<meta property=\"og:image:type\" content=\"image\/jpeg\" \/>\n<meta name=\"author\" content=\"Reda\u00e7\u00e3o Travel3\" \/>\n<meta name=\"twitter:card\" content=\"summary_large_image\" \/>\n<meta name=\"twitter:label1\" content=\"Escrito por\" \/>\n\t<meta name=\"twitter:data1\" content=\"Reda\u00e7\u00e3o Travel3\" \/>\n\t<meta name=\"twitter:label2\" content=\"Est. tempo de leitura\" \/>\n\t<meta name=\"twitter:data2\" content=\"3 minutos\" \/>\n<script type=\"application\/ld+json\" class=\"yoast-schema-graph\">{\"@context\":\"https:\/\/schema.org\",\"@graph\":[{\"@type\":\"Article\",\"@id\":\"https:\/\/www.travel3.com.br\/site\/acontece-no-turismo\/latam-rock-in-rio-2026-voo-especial\/#article\",\"isPartOf\":{\"@id\":\"https:\/\/www.travel3.com.br\/site\/acontece-no-turismo\/latam-rock-in-rio-2026-voo-especial\/\"},\"author\":{\"name\":\"Reda\u00e7\u00e3o Travel3\",\"@id\":\"https:\/\/www.travel3.com.br\/site\/#\/schema\/person\/89251b0320bc67697de92249f97f3fdb\"},\"headline\":\"LATAM prepara voo especial e ativa\u00e7\u00f5es para o Rock in Rio 2026\",\"datePublished\":\"2026-08-31T11:56:35+00:00\",\"dateModified\":\"2026-08-31T11:56:36+00:00\",\"mainEntityOfPage\":{\"@id\":\"https:\/\/www.travel3.com.br\/site\/acontece-no-turismo\/latam-rock-in-rio-2026-voo-especial\/\"},\"wordCount\":379,\"commentCount\":0,\"publisher\":{\"@id\":\"https:\/\/www.travel3.com.br\/site\/#organization\"},\"image\":{\"@id\":\"https:\/\/www.travel3.com.br\/site\/acontece-no-turismo\/latam-rock-in-rio-2026-voo-especial\/#primaryimage\"},\"thumbnailUrl\":\"https:\/\/www.travel3.com.br\/site\/wp-content\/uploads\/2026\/08\/LATAM-Rock-in-Rio-2026_Easy-Resize.com_.jpg\",\"keywords\":[\"LATAM\",\"LATAM no Rock in Rio\",\"rock in rio 2026\"],\"articleSection\":[\"Acontece no Turismo\"],\"inLanguage\":\"pt-BR\",\"potentialAction\":[{\"@type\":\"CommentAction\",\"name\":\"Comment\",\"target\":[\"https:\/\/www.travel3.com.br\/site\/acontece-no-turismo\/latam-rock-in-rio-2026-voo-especial\/#respond\"]}]},{\"@type\":\"WebPage\",\"@id\":\"https:\/\/www.travel3.com.br\/site\/acontece-no-turismo\/latam-rock-in-rio-2026-voo-especial\/\",\"url\":\"https:\/\/www.travel3.com.br\/site\/acontece-no-turismo\/latam-rock-in-rio-2026-voo-especial\/\",\"name\":\"LATAM prepara voo especial e ativa\u00e7\u00f5es para o Rock in Rio 2026 - Travel3\",\"isPartOf\":{\"@id\":\"https:\/\/www.travel3.com.br\/site\/#website\"},\"primaryImageOfPage\":{\"@id\":\"https:\/\/www.travel3.com.br\/site\/acontece-no-turismo\/latam-rock-in-rio-2026-voo-especial\/#primaryimage\"},\"image\":{\"@id\":\"https:\/\/www.travel3.com.br\/site\/acontece-no-turismo\/latam-rock-in-rio-2026-voo-especial\/#primaryimage\"},\"thumbnailUrl\":\"https:\/\/www.travel3.com.br\/site\/wp-content\/uploads\/2026\/08\/LATAM-Rock-in-Rio-2026_Easy-Resize.com_.jpg\",\"datePublished\":\"2026-08-31T11:56:35+00:00\",\"dateModified\":\"2026-08-31T11:56:36+00:00\",\"description\":\"LATAM prepara voo especial com Cat Dealers, ativa\u00e7\u00f5es no Rio de Janeiro e experi\u00eancias exclusivas para o p\u00fablico do Rock in Rio 2026\",\"breadcrumb\":{\"@id\":\"https:\/\/www.travel3.com.br\/site\/acontece-no-turismo\/latam-rock-in-rio-2026-voo-especial\/#breadcrumb\"},\"inLanguage\":\"pt-BR\",\"potentialAction\":[{\"@type\":\"ReadAction\",\"target\":[\"https:\/\/www.travel3.com.br\/site\/acontece-no-turismo\/latam-rock-in-rio-2026-voo-especial\/\"]}]},{\"@type\":\"ImageObject\",\"inLanguage\":\"pt-BR\",\"@id\":\"https:\/\/www.travel3.com.br\/site\/acontece-no-turismo\/latam-rock-in-rio-2026-voo-especial\/#primaryimage\",\"url\":\"https:\/\/www.travel3.com.br\/site\/wp-content\/uploads\/2026\/08\/LATAM-Rock-in-Rio-2026_Easy-Resize.com_.jpg\",\"contentUrl\":\"https:\/\/www.travel3.com.br\/site\/wp-content\/uploads\/2026\/08\/LATAM-Rock-in-Rio-2026_Easy-Resize.com_.jpg\",\"width\":1280,\"height\":712,\"caption\":\"Espa\u00e7o da LATAM pr\u00f3ximo ao Palco Mundo ser\u00e1 inspirado em uma cabine de aeronave (Foto: Divulga\u00e7\u00e3o LATAM)\"},{\"@type\":\"BreadcrumbList\",\"@id\":\"https:\/\/www.travel3.com.br\/site\/acontece-no-turismo\/latam-rock-in-rio-2026-voo-especial\/#breadcrumb\",\"itemListElement\":[{\"@type\":\"ListItem\",\"position\":1,\"name\":\"In\u00edcio\",\"item\":\"https:\/\/www.travel3.com.br\/site\/\"},{\"@type\":\"ListItem\",\"position\":2,\"name\":\"LATAM prepara voo especial e ativa\u00e7\u00f5es para o Rock in Rio 2026\"}]},{\"@type\":\"WebSite\",\"@id\":\"https:\/\/www.travel3.com.br\/site\/#website\",\"url\":\"https:\/\/www.travel3.com.br\/site\/\",\"name\":\"Travel3\",\"description\":\"Lazer + Neg&oacute;cios + Aventura\",\"publisher\":{\"@id\":\"https:\/\/www.travel3.com.br\/site\/#organization\"},\"potentialAction\":[{\"@type\":\"SearchAction\",\"target\":{\"@type\":\"EntryPoint\",\"urlTemplate\":\"https:\/\/www.travel3.com.br\/site\/?s={search_term_string}\"},\"query-input\":{\"@type\":\"PropertyValueSpecification\",\"valueRequired\":true,\"valueName\":\"search_term_string\"}}],\"inLanguage\":\"pt-BR\"},{\"@type\":\"Organization\",\"@id\":\"https:\/\/www.travel3.com.br\/site\/#organization\",\"name\":\"Travel3\",\"url\":\"https:\/\/www.travel3.com.br\/site\/\",\"logo\":{\"@type\":\"ImageObject\",\"inLanguage\":\"pt-BR\",\"@id\":\"https:\/\/www.travel3.com.br\/site\/#\/schema\/logo\/image\/\",\"url\":\"https:\/\/www.travel3.com.br\/site\/wp-content\/uploads\/2020\/01\/logo-travel3-2020.png\",\"contentUrl\":\"https:\/\/www.travel3.com.br\/site\/wp-content\/uploads\/2020\/01\/logo-travel3-2020.png\",\"width\":232,\"height\":79,\"caption\":\"Travel3\"},\"image\":{\"@id\":\"https:\/\/www.travel3.com.br\/site\/#\/schema\/logo\/image\/\"},\"sameAs\":[\"https:\/\/www.facebook.com\/travel3media\/\",\"https:\/\/www.instagram.com\/revistatravel3\/\",\"https:\/\/www.youtube.com\/channel\/UCno7J4paGBR3VbZQzvoJ9Eg\"]},{\"@type\":\"Person\",\"@id\":\"https:\/\/www.travel3.com.br\/site\/#\/schema\/person\/89251b0320bc67697de92249f97f3fdb\",\"name\":\"Reda\u00e7\u00e3o Travel3\",\"image\":{\"@type\":\"ImageObject\",\"inLanguage\":\"pt-BR\",\"@id\":\"https:\/\/www.travel3.com.br\/site\/#\/schema\/person\/image\/\",\"url\":\"https:\/\/secure.gravatar.com\/avatar\/85a5ec2ad99b1932f671ebf50c117db6?s=96&d=mm&r=g\",\"contentUrl\":\"https:\/\/secure.gravatar.com\/avatar\/85a5ec2ad99b1932f671ebf50c117db6?s=96&d=mm&r=g\",\"caption\":\"Reda\u00e7\u00e3o Travel3\"},\"sameAs\":[\"http:\/\/www.travel3.com.br\/\"],\"url\":\"https:\/\/www.travel3.com.br\/site\/author\/redacao\/\"}]}<\/script>\n<!-- \/ Yoast SEO plugin. -->","yoast_head_json":{"title":"LATAM prepara voo especial e ativa\u00e7\u00f5es para o Rock in Rio 2026 - Travel3","description":"LATAM prepara voo especial com Cat Dealers, ativa\u00e7\u00f5es no Rio de Janeiro e experi\u00eancias exclusivas para o p\u00fablico do Rock in Rio 2026","robots":{"index":"index","follow":"follow","max-snippet":"max-snippet:-1","max-image-preview":"max-image-preview:large","max-video-preview":"max-video-preview:-1"},"canonical":"https:\/\/www.travel3.com.br\/site\/acontece-no-turismo\/latam-rock-in-rio-2026-voo-especial\/","og_locale":"pt_BR","og_type":"article","og_title":"LATAM prepara voo especial e ativa\u00e7\u00f5es para o Rock in Rio 2026 - Travel3","og_description":"LATAM prepara voo especial com Cat Dealers, ativa\u00e7\u00f5es no Rio de Janeiro e experi\u00eancias exclusivas para o p\u00fablico do Rock in Rio 2026","og_url":"https:\/\/www.travel3.com.br\/site\/acontece-no-turismo\/latam-rock-in-rio-2026-voo-especial\/","og_site_name":"Travel3","article_publisher":"https:\/\/www.facebook.com\/travel3media\/","article_published_time":"2026-08-31T11:56:35+00:00","article_modified_time":"2026-08-31T11:56:36+00:00","og_image":[{"width":1280,"height":712,"url":"https:\/\/www.travel3.com.br\/site\/wp-content\/uploads\/2026\/08\/LATAM-Rock-in-Rio-2026_Easy-Resize.com_.jpg","type":"image\/jpeg"}],"author":"Reda\u00e7\u00e3o Travel3","twitter_card":"summary_large_image","twitter_misc":{"Escrito por":"Reda\u00e7\u00e3o Travel3","Est. tempo de leitura":"3 minutos"},"schema":{"@context":"https:\/\/schema.org","@graph":[{"@type":"Article","@id":"https:\/\/www.travel3.com.br\/site\/acontece-no-turismo\/latam-rock-in-rio-2026-voo-especial\/#article","isPartOf":{"@id":"https:\/\/www.travel3.com.br\/site\/acontece-no-turismo\/latam-rock-in-rio-2026-voo-especial\/"},"author":{"name":"Reda\u00e7\u00e3o Travel3","@id":"https:\/\/www.travel3.com.br\/site\/#\/schema\/person\/89251b0320bc67697de92249f97f3fdb"},"headline":"LATAM prepara voo especial e ativa\u00e7\u00f5es para o Rock in Rio 2026","datePublished":"2026-08-31T11:56:35+00:00","dateModified":"2026-08-31T11:56:36+00:00","mainEntityOfPage":{"@id":"https:\/\/www.travel3.com.br\/site\/acontece-no-turismo\/latam-rock-in-rio-2026-voo-especial\/"},"wordCount":379,"commentCount":0,"publisher":{"@id":"https:\/\/www.travel3.com.br\/site\/#organization"},"image":{"@id":"https:\/\/www.travel3.com.br\/site\/acontece-no-turismo\/latam-rock-in-rio-2026-voo-especial\/#primaryimage"},"thumbnailUrl":"https:\/\/www.travel3.com.br\/site\/wp-content\/uploads\/2026\/08\/LATAM-Rock-in-Rio-2026_Easy-Resize.com_.jpg","keywords":["LATAM","LATAM no Rock in Rio","rock in rio 2026"],"articleSection":["Acontece no Turismo"],"inLanguage":"pt-BR","potentialAction":[{"@type":"CommentAction","name":"Comment","target":["https:\/\/www.travel3.com.br\/site\/acontece-no-turismo\/latam-rock-in-rio-2026-voo-especial\/#respond"]}]},{"@type":"WebPage","@id":"https:\/\/www.travel3.com.br\/site\/acontece-no-turismo\/latam-rock-in-rio-2026-voo-especial\/","url":"https:\/\/www.travel3.com.br\/site\/acontece-no-turismo\/latam-rock-in-rio-2026-voo-especial\/","name":"LATAM prepara voo especial e ativa\u00e7\u00f5es para o Rock in Rio 2026 - Travel3","isPartOf":{"@id":"https:\/\/www.travel3.com.br\/site\/#website"},"primaryImageOfPage":{"@id":"https:\/\/www.travel3.com.br\/site\/acontece-no-turismo\/latam-rock-in-rio-2026-voo-especial\/#primaryimage"},"image":{"@id":"https:\/\/www.travel3.com.br\/site\/acontece-no-turismo\/latam-rock-in-rio-2026-voo-especial\/#primaryimage"},"thumbnailUrl":"https:\/\/www.travel3.com.br\/site\/wp-content\/uploads\/2026\/08\/LATAM-Rock-in-Rio-2026_Easy-Resize.com_.jpg","datePublished":"2026-08-31T11:56:35+00:00","dateModified":"2026-08-31T11:56:36+00:00","description":"LATAM prepara voo especial com Cat Dealers, ativa\u00e7\u00f5es no Rio de Janeiro e experi\u00eancias exclusivas para o p\u00fablico do Rock in Rio 2026","breadcrumb":{"@id":"https:\/\/www.travel3.com.br\/site\/acontece-no-turismo\/latam-rock-in-rio-2026-voo-especial\/#breadcrumb"},"inLanguage":"pt-BR","potentialAction":[{"@type":"ReadAction","target":["https:\/\/www.travel3.com.br\/site\/acontece-no-turismo\/latam-rock-in-rio-2026-voo-especial\/"]}]},{"@type":"ImageObject","inLanguage":"pt-BR","@id":"https:\/\/www.travel3.com.br\/site\/acontece-no-turismo\/latam-rock-in-rio-2026-voo-especial\/#primaryimage","url":"https:\/\/www.travel3.com.br\/site\/wp-content\/uploads\/2026\/08\/LATAM-Rock-in-Rio-2026_Easy-Resize.com_.jpg","contentUrl":"https:\/\/www.travel3.com.br\/site\/wp-content\/uploads\/2026\/08\/LATAM-Rock-in-Rio-2026_Easy-Resize.com_.jpg","width":1280,"height":712,"caption":"Espa\u00e7o da LATAM pr\u00f3ximo ao Palco Mundo ser\u00e1 inspirado em uma cabine de aeronave (Foto: Divulga\u00e7\u00e3o LATAM)"},{"@type":"BreadcrumbList","@id":"https:\/\/www.travel3.com.br\/site\/acontece-no-turismo\/latam-rock-in-rio-2026-voo-especial\/#breadcrumb","itemListElement":[{"@type":"ListItem","position":1,"name":"In\u00edcio","item":"https:\/\/www.travel3.com.br\/site\/"},{"@type":"ListItem","position":2,"name":"LATAM prepara voo especial e ativa\u00e7\u00f5es para o Rock in Rio 2026"}]},{"@type":"WebSite","@id":"https:\/\/www.travel3.com.br\/site\/#website","url":"https:\/\/www.travel3.com.br\/site\/","name":"Travel3","description":"Lazer + Neg&oacute;cios + Aventura","publisher":{"@id":"https:\/\/www.travel3.com.br\/site\/#organization"},"potentialAction":[{"@type":"SearchAction","target":{"@type":"EntryPoint","urlTemplate":"https:\/\/www.travel3.com.br\/site\/?s={search_term_string}"},"query-input":{"@type":"PropertyValueSpecification","valueRequired":true,"valueName":"search_term_string"}}],"inLanguage":"pt-BR"},{"@type":"Organization","@id":"https:\/\/www.travel3.com.br\/site\/#organization","name":"Travel3","url":"https:\/\/www.travel3.com.br\/site\/","logo":{"@type":"ImageObject","inLanguage":"pt-BR","@id":"https:\/\/www.travel3.com.br\/site\/#\/schema\/logo\/image\/","url":"https:\/\/www.travel3.com.br\/site\/wp-content\/uploads\/2020\/01\/logo-travel3-2020.png","contentUrl":"https:\/\/www.travel3.com.br\/site\/wp-content\/uploads\/2020\/01\/logo-travel3-2020.png","width":232,"height":79,"caption":"Travel3"},"image":{"@id":"https:\/\/www.travel3.com.br\/site\/#\/schema\/logo\/image\/"},"sameAs":["https:\/\/www.facebook.com\/travel3media\/","https:\/\/www.instagram.com\/revistatravel3\/","https:\/\/www.youtube.com\/channel\/UCno7J4paGBR3VbZQzvoJ9Eg"]},{"@type":"Person","@id":"https:\/\/www.travel3.com.br\/site\/#\/schema\/person\/89251b0320bc67697de92249f97f3fdb","name":"Reda\u00e7\u00e3o Travel3","image":{"@type":"ImageObject","inLanguage":"pt-BR","@id":"https:\/\/www.travel3.com.br\/site\/#\/schema\/person\/image\/","url":"https:\/\/secure.gravatar.com\/avatar\/85a5ec2ad99b1932f671ebf50c117db6?s=96&d=mm&r=g","contentUrl":"https:\/\/secure.gravatar.com\/avatar\/85a5ec2ad99b1932f671ebf50c117db6?s=96&d=mm&r=g","caption":"Reda\u00e7\u00e3o Travel3"},"sameAs":["http:\/\/www.travel3.com.br\/"],"url":"https:\/\/www.travel3.com.br\/site\/author\/redacao\/"}]}},"_links":{"self":[{"href":"https:\/\/www.travel3.com.br\/site\/wp-json\/wp\/v2\/posts\/84075","targetHints":{"allow":["GET"]}}],"collection":[{"href":"https:\/\/www.travel3.com.br\/site\/wp-json\/wp\/v2\/posts"}],"about":[{"href":"https:\/\/www.travel3.com.br\/site\/wp-json\/wp\/v2\/types\/post"}],"author":[{"embeddable":true,"href":"https:\/\/www.travel3.com.br\/site\/wp-json\/wp\/v2\/users\/5"}],"replies":[{"embeddable":true,"href":"https:\/\/www.travel3.com.br\/site\/wp-json\/wp\/v2\/comments?post=84075"}],"version-history":[{"count":2,"href":"https:\/\/www.travel3.com.br\/site\/wp-json\/wp\/v2\/posts\/84075\/revisions"}],"predecessor-version":[{"id":84078,"href":"https:\/\/www.travel3.com.br\/site\/wp-json\/wp\/v2\/posts\/84075\/revisions\/84078"}],"wp:featuredmedia":[{"embeddable":true,"href":"https:\/\/www.travel3.com.br\/site\/wp-json\/wp\/v2\/media\/84077"}],"wp:attachment":[{"href":"https:\/\/www.travel3.com.br\/site\/wp-json\/wp\/v2\/media?parent=84075"}],"wp:term":[{"taxonomy":"category","embeddable":true,"href":"https:\/\/www.travel3.com.br\/site\/wp-json\/wp\/v2\/categories?post=84075"},{"taxonomy":"post_tag","embeddable":true,"href":"https:\/\/www.travel3.com.br\/site\/wp-json\/wp\/v2\/tags?post=84075"}],"curies":[{"name":"wp","href":"https:\/\/api.w.org\/{rel}","templated":true}]}}