{"id":84026,"date":"2026-09-01T08:41:00","date_gmt":"2026-09-01T11:41:00","guid":{"rendered":"https:\/\/www.travel3.com.br\/site\/?p=84026"},"modified":"2026-09-01T10:16:43","modified_gmt":"2026-09-01T13:16:43","slug":"viagem-costa-rica-pacifico-montanhas-dota","status":"publish","type":"post","link":"https:\/\/www.travel3.com.br\/site\/destaque\/viagem-costa-rica-pacifico-montanhas-dota\/","title":{"rendered":"Costa Rica: do Pac\u00edfico \u00e0s terras altas de Dota"},"content":{"rendered":"<div class=\"wp-block-image\">\n<figure class=\"aligncenter size-full\"><a href=\"https:\/\/www.b2bseguroviagem.com.br\/\" target=\"_blank\" rel=\" noreferrer noopener\"><img loading=\"lazy\" decoding=\"async\" width=\"1024\" height=\"95\" src=\"https:\/\/www.travel3.com.br\/site\/wp-content\/uploads\/2022\/04\/B2B_banner1-Travel3-1024x95-1.jpg\" alt=\"\" class=\"wp-image-47056\" srcset=\"https:\/\/www.travel3.com.br\/site\/wp-content\/uploads\/2022\/04\/B2B_banner1-Travel3-1024x95-1.jpg 1024w, https:\/\/www.travel3.com.br\/site\/wp-content\/uploads\/2022\/04\/B2B_banner1-Travel3-1024x95-1-300x28.jpg 300w, https:\/\/www.travel3.com.br\/site\/wp-content\/uploads\/2022\/04\/B2B_banner1-Travel3-1024x95-1-768x71.jpg 768w, https:\/\/www.travel3.com.br\/site\/wp-content\/uploads\/2022\/04\/B2B_banner1-Travel3-1024x95-1-150x14.jpg 150w, https:\/\/www.travel3.com.br\/site\/wp-content\/uploads\/2022\/04\/B2B_banner1-Travel3-1024x95-1-750x70.jpg 750w\" sizes=\"auto, (max-width: 1024px) 100vw, 1024px\" \/><\/a><\/figure><\/div>\n\n\n<h3 class=\"wp-block-heading has-text-align-center\"><strong>Baleias-jubarte, crocodilos, praias, cachoeiras e florestas comp\u00f5em um roteiro que revela diferentes vers\u00f5es do pa\u00eds e ajuda a entender o verdadeiro sentido da <em>Pura Vida<\/em><\/strong><\/h3>\n\n\n\n<p>O barco se afasta da costa e, aos poucos, a paisagem ganha uma dimens\u00e3o que a gente n\u00e3o consegue perceber quando est\u00e1 em terra firme. De um lado, est\u00e1 o Pac\u00edfico. Do outro, uma faixa de floresta se estende em diferentes tons de verde. De repente, o piloto desliga o motor e o som das \u00e1guas cobre o sil\u00eancio que toma conta do barco, enquanto todos os olhares se voltam para o mar.<\/p>\n\n\n\n<p>\u00c9 quando um movimento diferente rompe a linha da \u00e1gua. E ela aparece.<\/p>\n\n\n<div class=\"wp-block-image\">\n<figure class=\"aligncenter size-large is-resized\"><img loading=\"lazy\" decoding=\"async\" width=\"1024\" height=\"852\" src=\"https:\/\/www.travel3.com.br\/site\/wp-content\/uploads\/2026\/08\/Baleia-Costa-Rica2_Easy-Resize.com_-e1788268042896-1024x852.jpg\" alt=\"Baleia Costa Rica\" class=\"wp-image-84069\" style=\"width:767px;height:auto\" srcset=\"https:\/\/www.travel3.com.br\/site\/wp-content\/uploads\/2026\/08\/Baleia-Costa-Rica2_Easy-Resize.com_-e1788268042896-1024x852.jpg 1024w, https:\/\/www.travel3.com.br\/site\/wp-content\/uploads\/2026\/08\/Baleia-Costa-Rica2_Easy-Resize.com_-e1788268042896-300x250.jpg 300w, https:\/\/www.travel3.com.br\/site\/wp-content\/uploads\/2026\/08\/Baleia-Costa-Rica2_Easy-Resize.com_-e1788268042896-768x639.jpg 768w, https:\/\/www.travel3.com.br\/site\/wp-content\/uploads\/2026\/08\/Baleia-Costa-Rica2_Easy-Resize.com_-e1788268042896-150x125.jpg 150w, https:\/\/www.travel3.com.br\/site\/wp-content\/uploads\/2026\/08\/Baleia-Costa-Rica2_Easy-Resize.com_-e1788268042896-750x624.jpg 750w, https:\/\/www.travel3.com.br\/site\/wp-content\/uploads\/2026\/08\/Baleia-Costa-Rica2_Easy-Resize.com_-e1788268042896-1140x949.jpg 1140w, https:\/\/www.travel3.com.br\/site\/wp-content\/uploads\/2026\/08\/Baleia-Costa-Rica2_Easy-Resize.com_-e1788268042896.jpg 1280w\" sizes=\"auto, (max-width: 1024px) 100vw, 1024px\" \/><figcaption class=\"wp-element-caption\">Baleia-jubarte salta diante dos barcos (Foto: Caroline Tonaco)<\/figcaption><\/figure><\/div>\n\n\n<p>A t\u00e3o esperada baleia-jubarte rompe a superf\u00edcie diante do barco. Ela est\u00e1 acompanhada pelo filhote, mais discreto e dif\u00edcil de registrar. O tempo em que estivemos no barco foi suficiente para se tornar um dos momentos mais marcantes da viagem. Afinal, estamos na Costa Rica.<\/p>\n\n\n\n<p>A Costa Rica, pa\u00eds que transformou a express\u00e3o <strong>Pura Vida<\/strong> em s\u00edmbolo de sua identidade, se revela ao longo da viagem pela fauna, pela flora e por paisagens que mudam completamente de uma regi\u00e3o para outra.<\/p>\n\n\n\n<p>Aqui a natureza deixa de ser mero pano de fundo e se torna a condutora da nossa experi\u00eancia pelo pa\u00eds.<\/p>\n\n\n<div class=\"wp-block-image\">\n<figure class=\"aligncenter size-large is-resized\"><img loading=\"lazy\" decoding=\"async\" width=\"1024\" height=\"768\" src=\"https:\/\/www.travel3.com.br\/site\/wp-content\/uploads\/2026\/08\/Teatro-Nacional-San-Jose-Costa-Rica_Easy-Resize.com_-1024x768.jpg\" alt=\"Teatro Nacional - San Jos\u00e9 - Costa Rica\" class=\"wp-image-84048\" style=\"width:732px;height:auto\" srcset=\"https:\/\/www.travel3.com.br\/site\/wp-content\/uploads\/2026\/08\/Teatro-Nacional-San-Jose-Costa-Rica_Easy-Resize.com_-1024x768.jpg 1024w, https:\/\/www.travel3.com.br\/site\/wp-content\/uploads\/2026\/08\/Teatro-Nacional-San-Jose-Costa-Rica_Easy-Resize.com_-300x225.jpg 300w, https:\/\/www.travel3.com.br\/site\/wp-content\/uploads\/2026\/08\/Teatro-Nacional-San-Jose-Costa-Rica_Easy-Resize.com_-768x576.jpg 768w, https:\/\/www.travel3.com.br\/site\/wp-content\/uploads\/2026\/08\/Teatro-Nacional-San-Jose-Costa-Rica_Easy-Resize.com_-150x113.jpg 150w, https:\/\/www.travel3.com.br\/site\/wp-content\/uploads\/2026\/08\/Teatro-Nacional-San-Jose-Costa-Rica_Easy-Resize.com_-750x563.jpg 750w, https:\/\/www.travel3.com.br\/site\/wp-content\/uploads\/2026\/08\/Teatro-Nacional-San-Jose-Costa-Rica_Easy-Resize.com_-1140x855.jpg 1140w, https:\/\/www.travel3.com.br\/site\/wp-content\/uploads\/2026\/08\/Teatro-Nacional-San-Jose-Costa-Rica_Easy-Resize.com_.jpg 1280w\" sizes=\"auto, (max-width: 1024px) 100vw, 1024px\" \/><figcaption class=\"wp-element-caption\">Teatro Nacional da Costa Rica, em San Jos\u00e9, ponto de partida do roteiro (Foto: Caroline Tonaco)<\/figcaption><\/figure><\/div>\n\n\n<h2 class=\"wp-block-heading\"><strong>San Jos\u00e9 \u00e9 o ponto de partida<\/strong><\/h2>\n\n\n\n<p>Minha viagem come\u00e7ou em San Jos\u00e9.  Para muitos viajantes, a capital e seus arredores funcionam como ponto de partida para explorar o pa\u00eds. Voc\u00ea pode ficar um, dois ou tr\u00eas dias, ou apenas uma noite na cidade, se estiver ansioso para mergulhar na aventura.<\/p>\n\n\n\n<p>Minha primeira noite no pa\u00eds foi no <strong><a href=\"https:\/\/www.costaricastudiohotel.com\/en\/\" target=\"_blank\" rel=\"noreferrer noopener\">Studio Hotel<\/a><\/strong>, em Santa Ana, nos arredores de San Jos\u00e9. O hotel boutique chama a aten\u00e7\u00e3o pela cole\u00e7\u00e3o de obras de arte espalhadas pelos espa\u00e7os comuns, entre esculturas, gravuras e pinturas. Os quartos amplos, com esta\u00e7\u00e3o de trabalho e sala de estar, oferecem uma boa pausa antes de seguir viagem.<\/p>\n\n\n<div class=\"wp-block-image\">\n<figure class=\"aligncenter size-large is-resized\"><img loading=\"lazy\" decoding=\"async\" width=\"1024\" height=\"1024\" src=\"https:\/\/www.travel3.com.br\/site\/wp-content\/uploads\/2026\/08\/hotel-studio_Easy-Resize.com_-1024x1024.jpg\" alt=\"Studio Hotel Boutique\" class=\"wp-image-84067\" style=\"width:689px;height:auto\" srcset=\"https:\/\/www.travel3.com.br\/site\/wp-content\/uploads\/2026\/08\/hotel-studio_Easy-Resize.com_-1024x1024.jpg 1024w, https:\/\/www.travel3.com.br\/site\/wp-content\/uploads\/2026\/08\/hotel-studio_Easy-Resize.com_-300x300.jpg 300w, https:\/\/www.travel3.com.br\/site\/wp-content\/uploads\/2026\/08\/hotel-studio_Easy-Resize.com_-150x150.jpg 150w, https:\/\/www.travel3.com.br\/site\/wp-content\/uploads\/2026\/08\/hotel-studio_Easy-Resize.com_-768x768.jpg 768w, https:\/\/www.travel3.com.br\/site\/wp-content\/uploads\/2026\/08\/hotel-studio_Easy-Resize.com_-96x96.jpg 96w, https:\/\/www.travel3.com.br\/site\/wp-content\/uploads\/2026\/08\/hotel-studio_Easy-Resize.com_-75x75.jpg 75w, https:\/\/www.travel3.com.br\/site\/wp-content\/uploads\/2026\/08\/hotel-studio_Easy-Resize.com_-350x350.jpg 350w, https:\/\/www.travel3.com.br\/site\/wp-content\/uploads\/2026\/08\/hotel-studio_Easy-Resize.com_-750x750.jpg 750w, https:\/\/www.travel3.com.br\/site\/wp-content\/uploads\/2026\/08\/hotel-studio_Easy-Resize.com_-1140x1140.jpg 1140w, https:\/\/www.travel3.com.br\/site\/wp-content\/uploads\/2026\/08\/hotel-studio_Easy-Resize.com_.jpg 1280w\" sizes=\"auto, (max-width: 1024px) 100vw, 1024px\" \/><figcaption class=\"wp-element-caption\">Obras de arte integram os ambientes do Studio Hotel Boutique (Fotos: Caroline Tonaco)<\/figcaption><\/figure><\/div>\n\n\n<p>Vale entender, antes de pegar a estrada, parte da hist\u00f3ria que ajuda a explicar a paisagem que veremos dali em diante. Em 1948, depois de uma guerra civil curta e violenta, a Costa Rica aboliu o Ex\u00e9rcito. A decis\u00e3o se tornaria um dos marcos da hist\u00f3ria do pa\u00eds, que nas d\u00e9cadas seguintes ampliaria investimentos sociais e construiria tamb\u00e9m uma pol\u00edtica de conserva\u00e7\u00e3o ambiental reconhecida internacionalmente.<\/p>\n\n\n\n<p>Quart\u00e9is ganharam novos usos. O Museu Nacional da Costa Rica, em San Jos\u00e9, ocupa o antigo Cuartel Bellavista, que ainda preserva marcas de tiros na fachada. D\u00e9cadas mais tarde, a cria\u00e7\u00e3o de parques nacionais e \u00e1reas protegidas ajudaria a consolidar um modelo no qual a conserva\u00e7\u00e3o da natureza se tornou parte importante da identidade e do turismo do pa\u00eds.<\/p>\n\n\n\n<p>\u00c9 essa combina\u00e7\u00e3o entre riqueza natural e pol\u00edticas de conserva\u00e7\u00e3o que ajuda a diferenciar a Costa Rica de um pa\u00eds simplesmente bonito por natureza.<\/p>\n\n\n<div class=\"wp-block-image\">\n<figure class=\"aligncenter size-large is-resized\"><img loading=\"lazy\" decoding=\"async\" width=\"1024\" height=\"914\" src=\"https:\/\/www.travel3.com.br\/site\/wp-content\/uploads\/2026\/08\/Croc-Skywalker_Easy-Resize.com_Easy-Resize.com_-1024x914.jpg\" alt=\"The Croc Skywalk\" class=\"wp-image-84050\" style=\"width:772px;height:auto\" srcset=\"https:\/\/www.travel3.com.br\/site\/wp-content\/uploads\/2026\/08\/Croc-Skywalker_Easy-Resize.com_Easy-Resize.com_-1024x914.jpg 1024w, https:\/\/www.travel3.com.br\/site\/wp-content\/uploads\/2026\/08\/Croc-Skywalker_Easy-Resize.com_Easy-Resize.com_-300x268.jpg 300w, https:\/\/www.travel3.com.br\/site\/wp-content\/uploads\/2026\/08\/Croc-Skywalker_Easy-Resize.com_Easy-Resize.com_-768x686.jpg 768w, https:\/\/www.travel3.com.br\/site\/wp-content\/uploads\/2026\/08\/Croc-Skywalker_Easy-Resize.com_Easy-Resize.com_-150x134.jpg 150w, https:\/\/www.travel3.com.br\/site\/wp-content\/uploads\/2026\/08\/Croc-Skywalker_Easy-Resize.com_Easy-Resize.com_-750x670.jpg 750w, https:\/\/www.travel3.com.br\/site\/wp-content\/uploads\/2026\/08\/Croc-Skywalker_Easy-Resize.com_Easy-Resize.com_-1140x1018.jpg 1140w, https:\/\/www.travel3.com.br\/site\/wp-content\/uploads\/2026\/08\/Croc-Skywalker_Easy-Resize.com_Easy-Resize.com_.jpg 1280w\" sizes=\"auto, (max-width: 1024px) 100vw, 1024px\" \/><figcaption class=\"wp-element-caption\">The Croc Skywalk (Foto: Caroline Tonaco)<\/figcaption><\/figure><\/div>\n\n\n<h2 class=\"wp-block-heading\"><strong>Rumo ao Pac\u00edfico da Costa Rica<\/strong><\/h2>\n\n\n\n<p>Na manh\u00e3 seguinte, sigo rumo ao Sul do pa\u00eds. A rota desce do planalto at\u00e9 o litoral e segue pela <em>Costanera Sur<\/em>, rodovia que corre pela costa do Pac\u00edfico. A primeira parada acontece antes de chegarmos ao oceano. Atravessamos a ponte sobre o Rio T\u00e1rcoles para chegar a uma passarela suspensa. \u00c9 o <strong><a href=\"https:\/\/www.instagram.com\/thecrocskywalk\/\" target=\"_blank\" rel=\"noreferrer noopener\">The Croc Skywalk<\/a><\/strong>, de onde observo os gigantescos crocodilos-americanos tomando sol \u00e0s margens do rio ou permanecendo parcialmente submersos, quase im\u00f3veis na \u00e1gua.<\/p>\n\n\n<div class=\"wp-block-image\">\n<figure class=\"aligncenter size-large is-resized\"><img loading=\"lazy\" decoding=\"async\" width=\"626\" height=\"1024\" src=\"https:\/\/www.travel3.com.br\/site\/wp-content\/uploads\/2026\/08\/crocodilo_Easy-Resize.com-1-626x1024.jpg\" alt=\"Crocodilo - Rio T\u00e1rcoles\" class=\"wp-image-84052\" style=\"width:487px;height:auto\" srcset=\"https:\/\/www.travel3.com.br\/site\/wp-content\/uploads\/2026\/08\/crocodilo_Easy-Resize.com-1-626x1024.jpg 626w, https:\/\/www.travel3.com.br\/site\/wp-content\/uploads\/2026\/08\/crocodilo_Easy-Resize.com-1-184x300.jpg 184w, https:\/\/www.travel3.com.br\/site\/wp-content\/uploads\/2026\/08\/crocodilo_Easy-Resize.com-1-768x1255.jpg 768w, https:\/\/www.travel3.com.br\/site\/wp-content\/uploads\/2026\/08\/crocodilo_Easy-Resize.com-1-150x245.jpg 150w, https:\/\/www.travel3.com.br\/site\/wp-content\/uploads\/2026\/08\/crocodilo_Easy-Resize.com-1-750x1226.jpg 750w, https:\/\/www.travel3.com.br\/site\/wp-content\/uploads\/2026\/08\/crocodilo_Easy-Resize.com-1.jpg 783w\" sizes=\"auto, (max-width: 626px) 100vw, 626px\" \/><figcaption class=\"wp-element-caption\">Foto: Caroline Tonaco<\/figcaption><\/figure><\/div>\n\n\n<p>Os maiores crocodilos s\u00e3o as estrelas do rio e por isso, segundo os guias locais, ganharam apelidos como <em>Mike Tyson<\/em>, <em>Osama Bin Laden<\/em>, <em>Angelina Jolie<\/em> e <em>Lady Gaga<\/em>. Foi meu primeiro contato com a vida selvagem costa-riquenha e com uma surpresa recorrente que me acompanhou durante toda a viagem. Na Costa Rica, os animais aparecem quando menos se espera \u2014 e quase nunca no hor\u00e1rio que a gente escolheu.<\/p>\n\n\n<div class=\"wp-block-image\">\n<figure class=\"aligncenter size-large is-resized\"><img loading=\"lazy\" decoding=\"async\" width=\"1024\" height=\"768\" src=\"https:\/\/www.travel3.com.br\/site\/wp-content\/uploads\/2026\/08\/jaco-costa-rica_Easy-Resize.com_-1024x768.jpg\" alt=\"jac\u00f3 - costa rica\" class=\"wp-image-84084\" style=\"width:705px;height:auto\" srcset=\"https:\/\/www.travel3.com.br\/site\/wp-content\/uploads\/2026\/08\/jaco-costa-rica_Easy-Resize.com_-1024x768.jpg 1024w, https:\/\/www.travel3.com.br\/site\/wp-content\/uploads\/2026\/08\/jaco-costa-rica_Easy-Resize.com_-300x225.jpg 300w, https:\/\/www.travel3.com.br\/site\/wp-content\/uploads\/2026\/08\/jaco-costa-rica_Easy-Resize.com_-768x576.jpg 768w, https:\/\/www.travel3.com.br\/site\/wp-content\/uploads\/2026\/08\/jaco-costa-rica_Easy-Resize.com_-150x113.jpg 150w, https:\/\/www.travel3.com.br\/site\/wp-content\/uploads\/2026\/08\/jaco-costa-rica_Easy-Resize.com_-750x563.jpg 750w, https:\/\/www.travel3.com.br\/site\/wp-content\/uploads\/2026\/08\/jaco-costa-rica_Easy-Resize.com_-1140x855.jpg 1140w, https:\/\/www.travel3.com.br\/site\/wp-content\/uploads\/2026\/08\/jaco-costa-rica_Easy-Resize.com_.jpg 1280w\" sizes=\"auto, (max-width: 1024px) 100vw, 1024px\" \/><figcaption class=\"wp-element-caption\">Foto: Caroline Tonaco\/Arquivo pessoal<\/figcaption><\/figure><\/div>\n\n\n<p>De volta \u00e0 estrada, seguimos rumo ao Pac\u00edfico. A paisagem come\u00e7a a mudar at\u00e9 a chegada a Jac\u00f3, cidade costeira da prov\u00edncia de Puntarenas, onde o surfe, as praias e o movimento tur\u00edstico marcam o ritmo local. \u00c9 tamb\u00e9m um dos \u00faltimos pontos desse trecho do percurso com grande estrutura tur\u00edstica antes de a ocupa\u00e7\u00e3o urbana diminuir e a vegeta\u00e7\u00e3o ganhar cada vez mais espa\u00e7o.<\/p>\n\n\n<div class=\"wp-block-image\">\n<figure class=\"aligncenter size-large is-resized\"><img loading=\"lazy\" decoding=\"async\" width=\"1024\" height=\"1024\" src=\"https:\/\/www.travel3.com.br\/site\/wp-content\/uploads\/2026\/08\/Hotel-Lapazul_Easy-Resize.com_-1024x1024.jpg\" alt=\"Lapazul Retreat Center\" class=\"wp-image-84066\" style=\"width:723px;height:auto\" srcset=\"https:\/\/www.travel3.com.br\/site\/wp-content\/uploads\/2026\/08\/Hotel-Lapazul_Easy-Resize.com_-1024x1024.jpg 1024w, https:\/\/www.travel3.com.br\/site\/wp-content\/uploads\/2026\/08\/Hotel-Lapazul_Easy-Resize.com_-300x300.jpg 300w, https:\/\/www.travel3.com.br\/site\/wp-content\/uploads\/2026\/08\/Hotel-Lapazul_Easy-Resize.com_-150x150.jpg 150w, https:\/\/www.travel3.com.br\/site\/wp-content\/uploads\/2026\/08\/Hotel-Lapazul_Easy-Resize.com_-768x768.jpg 768w, https:\/\/www.travel3.com.br\/site\/wp-content\/uploads\/2026\/08\/Hotel-Lapazul_Easy-Resize.com_-96x96.jpg 96w, https:\/\/www.travel3.com.br\/site\/wp-content\/uploads\/2026\/08\/Hotel-Lapazul_Easy-Resize.com_-75x75.jpg 75w, https:\/\/www.travel3.com.br\/site\/wp-content\/uploads\/2026\/08\/Hotel-Lapazul_Easy-Resize.com_-350x350.jpg 350w, https:\/\/www.travel3.com.br\/site\/wp-content\/uploads\/2026\/08\/Hotel-Lapazul_Easy-Resize.com_-750x750.jpg 750w, https:\/\/www.travel3.com.br\/site\/wp-content\/uploads\/2026\/08\/Hotel-Lapazul_Easy-Resize.com_-1140x1140.jpg 1140w, https:\/\/www.travel3.com.br\/site\/wp-content\/uploads\/2026\/08\/Hotel-Lapazul_Easy-Resize.com_.jpg 1280w\" sizes=\"auto, (max-width: 1024px) 100vw, 1024px\" \/><figcaption class=\"wp-element-caption\">Lapazul Retreat Center, nas montanhas de Hatillo de Quepos, tem vista para o Pac\u00edfico em meio \u00e0 vegeta\u00e7\u00e3o (Fotos: Caroline Tonaco)<\/figcaption><\/figure><\/div>\n\n\n<p>Nas montanhas de Hatillo de Quepos, o <strong><a href=\"https:\/\/lapazul.com\/\" target=\"_blank\" rel=\"noreferrer noopener\">Lapazul Retreat Center <\/a><\/strong>marca a primeira grande mudan\u00e7a de cen\u00e1rio da viagem. Cercado pela mata e instalado em uma \u00e1rea elevada, o pequeno hotel boutique tem apenas nove acomoda\u00e7\u00f5es e permite avistar, l\u00e1 embaixo, o Pac\u00edfico.<\/p>\n\n\n\n<p>A vista ajuda a entender a geografia dessa regi\u00e3o da Costa Rica, onde floresta, montanha e mar aparecem quase sem transi\u00e7\u00e3o. O hotel tamb\u00e9m mant\u00e9m uma rela\u00e7\u00e3o pr\u00f3xima com produtores locais, valorizando ingredientes da regi\u00e3o em seu restaurante.<\/p>\n\n\n\n<p>A viagem continua pela costa em dire\u00e7\u00e3o ao sul, onde o Pac\u00edfico ganha novos cen\u00e1rios e a vida marinha passa a comandar a experi\u00eancia.<\/p>\n\n\n<div class=\"wp-block-image\">\n<figure class=\"aligncenter size-large is-resized\"><img loading=\"lazy\" decoding=\"async\" width=\"1024\" height=\"687\" src=\"https:\/\/www.travel3.com.br\/site\/wp-content\/uploads\/2026\/09\/Baleia-Costa-Rica-ed_Easy-Resize.com_-1024x687.jpg\" alt=\"Baleia Costa Rica\" class=\"wp-image-84107\" style=\"width:788px;height:auto\" srcset=\"https:\/\/www.travel3.com.br\/site\/wp-content\/uploads\/2026\/09\/Baleia-Costa-Rica-ed_Easy-Resize.com_-1024x687.jpg 1024w, https:\/\/www.travel3.com.br\/site\/wp-content\/uploads\/2026\/09\/Baleia-Costa-Rica-ed_Easy-Resize.com_-300x201.jpg 300w, https:\/\/www.travel3.com.br\/site\/wp-content\/uploads\/2026\/09\/Baleia-Costa-Rica-ed_Easy-Resize.com_-768x515.jpg 768w, https:\/\/www.travel3.com.br\/site\/wp-content\/uploads\/2026\/09\/Baleia-Costa-Rica-ed_Easy-Resize.com_-150x101.jpg 150w, https:\/\/www.travel3.com.br\/site\/wp-content\/uploads\/2026\/09\/Baleia-Costa-Rica-ed_Easy-Resize.com_-750x503.jpg 750w, https:\/\/www.travel3.com.br\/site\/wp-content\/uploads\/2026\/09\/Baleia-Costa-Rica-ed_Easy-Resize.com_-1140x765.jpg 1140w, https:\/\/www.travel3.com.br\/site\/wp-content\/uploads\/2026\/09\/Baleia-Costa-Rica-ed_Easy-Resize.com_.jpg 1280w\" sizes=\"auto, (max-width: 1024px) 100vw, 1024px\" \/><figcaption class=\"wp-element-caption\">Momento em que a baleia d\u00e1 seus primeiros sinais diante do barco (Foto: Caroline Tonaco)<\/figcaption><\/figure><\/div>\n\n\n<h2 class=\"wp-block-heading\"><strong>Costa Rica recebe baleias dos dois hemisf\u00e9rios<\/strong><\/h2>\n\n\n\n<p>Mais ao sul est\u00e1 Uvita, uma das entradas para o <strong><a href=\"https:\/\/pt.visitcostarica.com\/where-to-go\/protected-areas\/ballena-national-marine-park\" target=\"_blank\" rel=\"noreferrer noopener\">Parque Nacional Marino Ballena<\/a><\/strong>. Criado em 1989, \u00e9 uma das principais \u00e1reas de prote\u00e7\u00e3o marinha do pa\u00eds. E o nome do parque n\u00e3o \u00e9 apenas um enfeite: a regi\u00e3o \u00e9 um dos principais destinos da Costa Rica para a observa\u00e7\u00e3o de baleias-jubarte, por um motivo raro.<\/p>\n\n\n\n<p>Entre julho e outubro chegam as jubartes vindas do Hemisf\u00e9rio Sul, para acasalar, dar \u00e0 luz e permanecer com os filhotes durante os primeiros meses de vida. E aproximadamente entre dezembro e abril chegam as que migram do Pac\u00edfico Norte, com o mesmo objetivo. Assim, a Costa Rica recebe as baleias vindas dos dois hemisf\u00e9rios em \u00e9pocas diferentes, o que amplia consideravelmente as oportunidades de avistamento.<\/p>\n\n\n\n<p>A experi\u00eancia come\u00e7a ainda em terra. Na entrada do parque, uma estrutura com bilheteria e caf\u00e9 recebe os visitantes, que passam por orienta\u00e7\u00f5es de seguran\u00e7a e conhecem um pouco da vida marinha da regi\u00e3o antes de seguir para a praia. Pelo caminho, o guia compartilha detalhes sobre o comportamento das baleias e as migra\u00e7\u00f5es que as trazem at\u00e9 o litoral da Costa Rica.<\/p>\n\n\n<div class=\"wp-block-image\">\n<figure class=\"aligncenter size-large is-resized\"><img loading=\"lazy\" decoding=\"async\" width=\"1024\" height=\"678\" src=\"https:\/\/www.travel3.com.br\/site\/wp-content\/uploads\/2026\/08\/Marino-Balena_Easy-Resize.com_-1024x678.jpg\" alt=\"Punta Uvita, Cola de Ballena\" class=\"wp-image-84059\" style=\"width:678px;height:auto\" srcset=\"https:\/\/www.travel3.com.br\/site\/wp-content\/uploads\/2026\/08\/Marino-Balena_Easy-Resize.com_-1024x678.jpg 1024w, https:\/\/www.travel3.com.br\/site\/wp-content\/uploads\/2026\/08\/Marino-Balena_Easy-Resize.com_-300x199.jpg 300w, https:\/\/www.travel3.com.br\/site\/wp-content\/uploads\/2026\/08\/Marino-Balena_Easy-Resize.com_-768x508.jpg 768w, https:\/\/www.travel3.com.br\/site\/wp-content\/uploads\/2026\/08\/Marino-Balena_Easy-Resize.com_-150x99.jpg 150w, https:\/\/www.travel3.com.br\/site\/wp-content\/uploads\/2026\/08\/Marino-Balena_Easy-Resize.com_-750x496.jpg 750w, https:\/\/www.travel3.com.br\/site\/wp-content\/uploads\/2026\/08\/Marino-Balena_Easy-Resize.com_-1140x754.jpg 1140w, https:\/\/www.travel3.com.br\/site\/wp-content\/uploads\/2026\/08\/Marino-Balena_Easy-Resize.com_.jpg 1280w\" sizes=\"auto, (max-width: 1024px) 100vw, 1024px\" \/><figcaption class=\"wp-element-caption\">Punta Uvita, no Parque Nacional Marino Ballena: na mar\u00e9 baixa, a forma\u00e7\u00e3o conhecida como Cola de Ballena desenha uma cauda de baleia no Pac\u00edfico (Foto: Divulga\u00e7\u00e3o)<\/figcaption><\/figure><\/div>\n\n\n<p>Em <strong>Punta Uvita<\/strong>, a geografia entra na brincadeira. Na mar\u00e9 baixa, um banco de areia se estende mar adentro e desenha uma cauda de baleia \u2014 a <em>Cola de Ballena<\/em>, que pode ser percorrida a p\u00e9 e d\u00e1 ao parque seu \u00e2ngulo mais reconhec\u00edvel.<\/p>\n\n\n\n<p>O barco vai deixando a praia e, quanto mais nos afastamos, mais impressionante fica a faixa de floresta que acompanha o litoral. O verde intenso da vegeta\u00e7\u00e3o encontra o azul do Pac\u00edfico, e a navega\u00e7\u00e3o revela recantos selvagens, forma\u00e7\u00f5es rochosas e cavernas moldadas pela a\u00e7\u00e3o do mar.<\/p>\n\n\n<div class=\"wp-block-image\">\n<figure class=\"aligncenter size-large is-resized\"><img loading=\"lazy\" decoding=\"async\" width=\"1024\" height=\"768\" src=\"https:\/\/www.travel3.com.br\/site\/wp-content\/uploads\/2026\/08\/Barco-Parque-Nacional-Marino-Ballena-1024x768.jpg\" alt=\"Barco Parque Nacional Marino Ballena\" class=\"wp-image-84091\" style=\"width:607px;height:auto\" srcset=\"https:\/\/www.travel3.com.br\/site\/wp-content\/uploads\/2026\/08\/Barco-Parque-Nacional-Marino-Ballena-1024x768.jpg 1024w, https:\/\/www.travel3.com.br\/site\/wp-content\/uploads\/2026\/08\/Barco-Parque-Nacional-Marino-Ballena-300x225.jpg 300w, https:\/\/www.travel3.com.br\/site\/wp-content\/uploads\/2026\/08\/Barco-Parque-Nacional-Marino-Ballena-768x576.jpg 768w, https:\/\/www.travel3.com.br\/site\/wp-content\/uploads\/2026\/08\/Barco-Parque-Nacional-Marino-Ballena-150x113.jpg 150w, https:\/\/www.travel3.com.br\/site\/wp-content\/uploads\/2026\/08\/Barco-Parque-Nacional-Marino-Ballena-750x563.jpg 750w, https:\/\/www.travel3.com.br\/site\/wp-content\/uploads\/2026\/08\/Barco-Parque-Nacional-Marino-Ballena-1140x855.jpg 1140w, https:\/\/www.travel3.com.br\/site\/wp-content\/uploads\/2026\/08\/Barco-Parque-Nacional-Marino-Ballena.jpg 1280w\" sizes=\"auto, (max-width: 1024px) 100vw, 1024px\" \/><figcaption class=\"wp-element-caption\">Barco Parque Nacional Marino Ballena (Foto: Caroline Tonaco)<\/figcaption><\/figure><\/div>\n\n\n<p>Avistar as baleias, por\u00e9m, depende apenas delas. N\u00e3o h\u00e1 garantia de quando ou onde surgir\u00e3o, quanto tempo permanecer\u00e3o na superf\u00edcie ou se voltar\u00e3o a aparecer. Talvez esteja a\u00ed parte do fasc\u00ednio: na observa\u00e7\u00e3o da vida selvagem, quem est\u00e1 no comando \u00e9 a natureza. Naquela manh\u00e3, tivemos a sorte de encontrar uma delas acompanhada pelo filhote. Depois do encontro, o barco ainda seguiu pela costa, permitindo ver com calma esse trecho preservado do Pac\u00edfico Sul a partir do mar.<\/p>\n\n\n\n<p>O encontro com as baleias era, sem d\u00favida, o momento mais aguardado, mas o Parque Nacional Marino Ballena mostra que a experi\u00eancia vai muito al\u00e9m do avistamento.<\/p>\n\n\n<div class=\"wp-block-image\">\n<figure class=\"aligncenter size-large is-resized\"><img loading=\"lazy\" decoding=\"async\" width=\"1024\" height=\"768\" src=\"https:\/\/www.travel3.com.br\/site\/wp-content\/uploads\/2026\/08\/dominicalito-1024x768.jpg\" alt=\"P\u00f4r do sol em Dominicalito\" class=\"wp-image-84089\" style=\"width:737px;height:auto\" srcset=\"https:\/\/www.travel3.com.br\/site\/wp-content\/uploads\/2026\/08\/dominicalito-1024x768.jpg 1024w, https:\/\/www.travel3.com.br\/site\/wp-content\/uploads\/2026\/08\/dominicalito-300x225.jpg 300w, https:\/\/www.travel3.com.br\/site\/wp-content\/uploads\/2026\/08\/dominicalito-768x576.jpg 768w, https:\/\/www.travel3.com.br\/site\/wp-content\/uploads\/2026\/08\/dominicalito-150x113.jpg 150w, https:\/\/www.travel3.com.br\/site\/wp-content\/uploads\/2026\/08\/dominicalito-750x563.jpg 750w, https:\/\/www.travel3.com.br\/site\/wp-content\/uploads\/2026\/08\/dominicalito-1140x855.jpg 1140w, https:\/\/www.travel3.com.br\/site\/wp-content\/uploads\/2026\/08\/dominicalito.jpg 1280w\" sizes=\"auto, (max-width: 1024px) 100vw, 1024px\" \/><figcaption class=\"wp-element-caption\">P\u00f4r do sol em Dominicalito (Foto: Caroline Tonaco)<\/figcaption><\/figure><\/div>\n\n\n<h2 class=\"wp-block-heading\"><strong>Praias e diferentes ritmos no Pac\u00edfico<\/strong><\/h2>\n\n\n\n<p>Esse trecho do litoral mostra como pequenas dist\u00e2ncias podem revelar praias e experi\u00eancias bastante diferentes no Pac\u00edfico costa-riquenho.<\/p>\n\n\n\n<p>Dominical tem no surfe uma das marcas de sua identidade, com bares, restaurantes, pequenos hot\u00e9is e escolas de surfe que acompanham o ritmo da praia. A poucos minutos dali, Dominicalito troca o movimento por uma atmosfera mais tranquila. J\u00e1 Jac\u00f3, conhecida no in\u00edcio da viagem, mostra outra face desse mesmo litoral, com maior estrutura tur\u00edstica e bastante movimento \u00e0 beira-mar.<\/p>\n\n\n<div class=\"wp-block-image\">\n<figure class=\"aligncenter size-large is-resized\"><img loading=\"lazy\" decoding=\"async\" width=\"1024\" height=\"741\" src=\"https:\/\/www.travel3.com.br\/site\/wp-content\/uploads\/2026\/09\/Gastronomia-Costa-Rica-1024x741.jpg\" alt=\"Gastronomia Costa Rica\" class=\"wp-image-84117\" style=\"width:576px;height:auto\" srcset=\"https:\/\/www.travel3.com.br\/site\/wp-content\/uploads\/2026\/09\/Gastronomia-Costa-Rica-1024x741.jpg 1024w, https:\/\/www.travel3.com.br\/site\/wp-content\/uploads\/2026\/09\/Gastronomia-Costa-Rica-300x217.jpg 300w, https:\/\/www.travel3.com.br\/site\/wp-content\/uploads\/2026\/09\/Gastronomia-Costa-Rica-768x556.jpg 768w, https:\/\/www.travel3.com.br\/site\/wp-content\/uploads\/2026\/09\/Gastronomia-Costa-Rica-150x109.jpg 150w, https:\/\/www.travel3.com.br\/site\/wp-content\/uploads\/2026\/09\/Gastronomia-Costa-Rica-120x86.jpg 120w, https:\/\/www.travel3.com.br\/site\/wp-content\/uploads\/2026\/09\/Gastronomia-Costa-Rica-750x543.jpg 750w, https:\/\/www.travel3.com.br\/site\/wp-content\/uploads\/2026\/09\/Gastronomia-Costa-Rica-1140x825.jpg 1140w, https:\/\/www.travel3.com.br\/site\/wp-content\/uploads\/2026\/09\/Gastronomia-Costa-Rica.jpg 1280w\" sizes=\"auto, (max-width: 1024px) 100vw, 1024px\" \/><figcaption class=\"wp-element-caption\">Do mar para a mesa: peixes e frutos do mar frescos no La Parcela, em Dominicalito. A gastronomia foi uma das boas surpresas da viagem (Foto: Caroline Tonaco)<\/figcaption><\/figure><\/div>\n\n\n<p>E entre uma praia e outra, a gastronomia tamb\u00e9m ganha espa\u00e7o. Os restaurantes do litoral aproveitam a proximidade com o mar para servir peixes e frutos do mar frescos, mas tamb\u00e9m h\u00e1 espa\u00e7o para ingredientes tropicais, pratos \u00e0 base de arroz, feij\u00e3o e banana-da-terra e sabores que refletem a diversidade da cozinha costa-riquenha. <strong>Um assunto que, ali\u00e1s, merece uma pr\u00f3xima parada \u2014 e ter\u00e1 uma mat\u00e9ria s\u00f3 para ela, que vem por a\u00ed <\/strong><\/p>\n\n\n<div class=\"wp-block-image\">\n<figure class=\"aligncenter size-large is-resized\"><img loading=\"lazy\" decoding=\"async\" width=\"1024\" height=\"770\" src=\"https:\/\/www.travel3.com.br\/site\/wp-content\/uploads\/2026\/08\/Nauyaca-1024x770.jpg\" alt=\"Nauyaca - Costa Rica\" class=\"wp-image-84056\" style=\"width:782px;height:auto\" srcset=\"https:\/\/www.travel3.com.br\/site\/wp-content\/uploads\/2026\/08\/Nauyaca-1024x770.jpg 1024w, https:\/\/www.travel3.com.br\/site\/wp-content\/uploads\/2026\/08\/Nauyaca-300x226.jpg 300w, https:\/\/www.travel3.com.br\/site\/wp-content\/uploads\/2026\/08\/Nauyaca-768x578.jpg 768w, https:\/\/www.travel3.com.br\/site\/wp-content\/uploads\/2026\/08\/Nauyaca-150x113.jpg 150w, https:\/\/www.travel3.com.br\/site\/wp-content\/uploads\/2026\/08\/Nauyaca-750x564.jpg 750w, https:\/\/www.travel3.com.br\/site\/wp-content\/uploads\/2026\/08\/Nauyaca-1140x858.jpg 1140w, https:\/\/www.travel3.com.br\/site\/wp-content\/uploads\/2026\/08\/Nauyaca.jpg 1280w\" sizes=\"auto, (max-width: 1024px) 100vw, 1024px\" \/><figcaption class=\"wp-element-caption\">Catarata de Nauyaca, cercada pela natureza do Pac\u00edfico Sul da Costa Rica (Foto: Caroline Tonaco)<\/figcaption><\/figure><\/div>\n\n\n<h2 class=\"wp-block-heading\"><strong>A floresta leva at\u00e9 Nauyaca<\/strong><\/h2>\n\n\n\n<p>Ainda estou na regi\u00e3o do Pac\u00edfico Sul, mas \u00e9 hora de trocar o mar pela floresta. Sigo para conhecer o Nauyaca Waterfall Nature Park, nas proximidades de Dominical. Logo na chegada, j\u00e1 em meio \u00e0 mata, a recep\u00e7\u00e3o do parque re\u00fane espa\u00e7os para descanso e informa\u00e7\u00f5es sobre a fauna e a flora da regi\u00e3o. E o primeiro morador da floresta n\u00e3o demora a aparecer: no alto de uma \u00e1rvore, uma pregui\u00e7a observa discretamente meus primeiros passos.<\/p>\n\n\n\n<p>Quase im\u00f3vel e indiferente aos visitantes que apontam celulares e c\u00e2meras em sua dire\u00e7\u00e3o, ela tem sua maneira bem particular de medir o tempo e a vida. Confesso que fiquei com inveja.<\/p>\n\n\n<div class=\"wp-block-image\">\n<figure class=\"aligncenter size-large is-resized\"><img loading=\"lazy\" decoding=\"async\" width=\"768\" height=\"1024\" src=\"https:\/\/www.travel3.com.br\/site\/wp-content\/uploads\/2026\/08\/Preguica_Easy-Resize.com_-768x1024.jpg\" alt=\"Bicho pregui\u00e7a\" class=\"wp-image-84049\" style=\"width:408px;height:auto\" srcset=\"https:\/\/www.travel3.com.br\/site\/wp-content\/uploads\/2026\/08\/Preguica_Easy-Resize.com_-768x1024.jpg 768w, https:\/\/www.travel3.com.br\/site\/wp-content\/uploads\/2026\/08\/Preguica_Easy-Resize.com_-225x300.jpg 225w, https:\/\/www.travel3.com.br\/site\/wp-content\/uploads\/2026\/08\/Preguica_Easy-Resize.com_-640x853.jpg 640w, https:\/\/www.travel3.com.br\/site\/wp-content\/uploads\/2026\/08\/Preguica_Easy-Resize.com_-150x200.jpg 150w, https:\/\/www.travel3.com.br\/site\/wp-content\/uploads\/2026\/08\/Preguica_Easy-Resize.com_-750x1000.jpg 750w, https:\/\/www.travel3.com.br\/site\/wp-content\/uploads\/2026\/08\/Preguica_Easy-Resize.com_.jpg 960w\" sizes=\"auto, (max-width: 768px) 100vw, 768px\" \/><figcaption class=\"wp-element-caption\">Uma pregui\u00e7a observa o movimento do alto de uma \u00e1rvore no Nauyaca Waterfall Nature Park (Foto: Caroline Tonaco)<\/figcaption><\/figure><\/div>\n\n\n<p>Para conhecer a magn\u00edfica Cachoeira de Nauyaca, come\u00e7o o percurso num 4&#215;4, mas depois a descida \u00e9 a p\u00e9. O caminho \u00e9 bem-sinalizado e placas identificam as esp\u00e9cies de \u00e1rvores e plantas que v\u00e3o surgindo. Pontos estrat\u00e9gicos de \u00e1gua permitem lavar o rosto, beber e reabastecer as garrafas \u2014 um detalhe simples, mas particularmente bem-vindo no calor \u00famido da floresta.<\/p>\n\n\n\n<p>No fim do caminho, a floresta se abre para revelar Nauyaca. A grande queda d\u2019\u00e1gua forma piscinas naturais de \u00e1guas cristalinas cercadas pela vegeta\u00e7\u00e3o, onde \u00e9 poss\u00edvel mergulhar e se refrescar.<\/p>\n\n\n\n<p>A volta exige mais disposi\u00e7\u00e3o. A subida \u00e9 longa e faz os pontos de \u00e1gua espalhados pela trilha parecerem ainda mais convidativos. Quando finalmente chegamos de volta \u00e0 recep\u00e7\u00e3o do parque, poucas coisas combinavam tanto com o fim do percurso quanto um suco de maracuj\u00e1 natural, doce e bem gelado que foi servido.<\/p>\n\n\n<div class=\"wp-block-image\">\n<figure class=\"aligncenter size-large is-resized\"><img loading=\"lazy\" decoding=\"async\" width=\"1024\" height=\"768\" src=\"https:\/\/www.travel3.com.br\/site\/wp-content\/uploads\/2026\/08\/Chuva-Costa-Rica_Easy-Resize.com_-1024x768.jpg\" alt=\"Chuva Costa Rica\" class=\"wp-image-84064\" style=\"width:820px;height:auto\" srcset=\"https:\/\/www.travel3.com.br\/site\/wp-content\/uploads\/2026\/08\/Chuva-Costa-Rica_Easy-Resize.com_-1024x768.jpg 1024w, https:\/\/www.travel3.com.br\/site\/wp-content\/uploads\/2026\/08\/Chuva-Costa-Rica_Easy-Resize.com_-300x225.jpg 300w, https:\/\/www.travel3.com.br\/site\/wp-content\/uploads\/2026\/08\/Chuva-Costa-Rica_Easy-Resize.com_-768x576.jpg 768w, https:\/\/www.travel3.com.br\/site\/wp-content\/uploads\/2026\/08\/Chuva-Costa-Rica_Easy-Resize.com_-150x113.jpg 150w, https:\/\/www.travel3.com.br\/site\/wp-content\/uploads\/2026\/08\/Chuva-Costa-Rica_Easy-Resize.com_-750x563.jpg 750w, https:\/\/www.travel3.com.br\/site\/wp-content\/uploads\/2026\/08\/Chuva-Costa-Rica_Easy-Resize.com_-1140x855.jpg 1140w, https:\/\/www.travel3.com.br\/site\/wp-content\/uploads\/2026\/08\/Chuva-Costa-Rica_Easy-Resize.com_.jpg 1280w\" sizes=\"auto, (max-width: 1024px) 100vw, 1024px\" \/><figcaption class=\"wp-element-caption\">A chuva fina intensifica o verde dos jardins durante uma parada no Vale do Chirrip\u00f3 (Foto: Caroline Tonaco)<\/figcaption><\/figure><\/div>\n\n\n<h2 class=\"wp-block-heading\"><strong>A chuva n\u00e3o interrompe a Costa Rica<\/strong><\/h2>\n\n\n\n<p>Meu roteiro agora vai ganhar altitude. Sigo em dire\u00e7\u00e3o ao Vale do Chirrip\u00f3 e Cana\u00e1n, e uma parada em uma pequena queijaria familiar j\u00e1 revela um cen\u00e1rio bastante diferente daquele encontrado no litoral. A experi\u00eancia gastron\u00f4mica fica para a pr\u00f3xima mat\u00e9ria, mas a mudan\u00e7a ao redor \u00e9 evidente.<\/p>\n\n\n\n<p>Almo\u00e7ava no Caf\u00e9 e Restaurante Jardines Secretos, cercado por jardins, flores, bananeiras e lagos, quando a chuva chegou de mansinho. O cheiro de terra molhada, a mudan\u00e7a da luz e o verde ainda mais intenso deram outra atmosfera \u00e0 paisagem. Em vez de atrapalhar, a chuva deixou o cen\u00e1rio mais bonito.<\/p>\n\n\n\n<p>Viajar pelo pa\u00eds durante a esta\u00e7\u00e3o verde significa entender que nem sempre \u00e9 preciso esperar o c\u00e9u abrir para continuar o passeio. Capa de chuva e roupas adequadas para atividades ao ar livre tornam-se companheiras frequentes, e a chuva n\u00e3o impede que a viagem continue.<\/p>\n\n\n\n<p>Na Costa Rica, a chuva tamb\u00e9m faz parte da paisagem.<\/p>\n\n\n<div class=\"wp-block-image\">\n<figure class=\"aligncenter size-large is-resized\"><img loading=\"lazy\" decoding=\"async\" width=\"1024\" height=\"768\" src=\"https:\/\/www.travel3.com.br\/site\/wp-content\/uploads\/2026\/08\/Gemas-del-Bosque-Lodge_Easy-Resize.com_-1024x768.jpg\" alt=\"Gemas del Bosque Lodge\" class=\"wp-image-84062\" style=\"width:807px;height:auto\" srcset=\"https:\/\/www.travel3.com.br\/site\/wp-content\/uploads\/2026\/08\/Gemas-del-Bosque-Lodge_Easy-Resize.com_-1024x768.jpg 1024w, https:\/\/www.travel3.com.br\/site\/wp-content\/uploads\/2026\/08\/Gemas-del-Bosque-Lodge_Easy-Resize.com_-300x225.jpg 300w, https:\/\/www.travel3.com.br\/site\/wp-content\/uploads\/2026\/08\/Gemas-del-Bosque-Lodge_Easy-Resize.com_-768x576.jpg 768w, https:\/\/www.travel3.com.br\/site\/wp-content\/uploads\/2026\/08\/Gemas-del-Bosque-Lodge_Easy-Resize.com_-150x113.jpg 150w, https:\/\/www.travel3.com.br\/site\/wp-content\/uploads\/2026\/08\/Gemas-del-Bosque-Lodge_Easy-Resize.com_-750x563.jpg 750w, https:\/\/www.travel3.com.br\/site\/wp-content\/uploads\/2026\/08\/Gemas-del-Bosque-Lodge_Easy-Resize.com_-1140x855.jpg 1140w, https:\/\/www.travel3.com.br\/site\/wp-content\/uploads\/2026\/08\/Gemas-del-Bosque-Lodge_Easy-Resize.com_.jpg 1280w\" sizes=\"auto, (max-width: 1024px) 100vw, 1024px\" \/><figcaption class=\"wp-element-caption\">Gemas del Bosque Lodge (Foto: Caroline Tonaco)<\/figcaption><\/figure><\/div>\n\n\n<h2 class=\"wp-block-heading\"><strong>Os 10\u00b0C de Dota e a sensa\u00e7\u00e3o de ter trocado de pa\u00eds<\/strong><\/h2>\n\n\n\n<p>Estou indo para Dota e, de novo, o caminho me surpreende. O calor \u00famido da regi\u00e3o do Pac\u00edfico ficou para tr\u00e1s e, conforme ganhamos altitude, a temperatura vai caindo. Neste momento, ela se aproxima dos 10\u00b0C, e a paisagem costeira d\u00e1 lugar \u00e0s montanhas e \u00e0s florestas nubladas das terras altas. Confirmo com o guia: estamos a aproximadamente 2.000 metros de altitude.<\/p>\n\n\n\n<p>Copey de Dota marca essa nova etapa da viagem. Estou hospedada no <strong><a href=\"https:\/\/www.gemadelbosque.com\/\" target=\"_blank\" rel=\"noreferrer noopener\">Gemas del Bosque Lodge<\/a><\/strong>, cercado por floresta e com vista para o vale. Nos quartos, ou melhor, nas cabanas privativas, grandes janelas e as varandas voltadas para a vegeta\u00e7\u00e3o transformam a pr\u00f3pria hospedagem em uma oportunidade para observar a vida ao redor.<\/p>\n\n\n<div class=\"wp-block-image\">\n<figure class=\"aligncenter size-large is-resized\"><img loading=\"lazy\" decoding=\"async\" width=\"1024\" height=\"681\" src=\"https:\/\/www.travel3.com.br\/site\/wp-content\/uploads\/2026\/08\/Gemas-del-Bosque_Easy-Resize.com_-1024x681.jpg\" alt=\"Gemas del Bosque\" class=\"wp-image-84060\" style=\"width:565px;height:auto\" srcset=\"https:\/\/www.travel3.com.br\/site\/wp-content\/uploads\/2026\/08\/Gemas-del-Bosque_Easy-Resize.com_-1024x681.jpg 1024w, https:\/\/www.travel3.com.br\/site\/wp-content\/uploads\/2026\/08\/Gemas-del-Bosque_Easy-Resize.com_-300x199.jpg 300w, https:\/\/www.travel3.com.br\/site\/wp-content\/uploads\/2026\/08\/Gemas-del-Bosque_Easy-Resize.com_-768x511.jpg 768w, https:\/\/www.travel3.com.br\/site\/wp-content\/uploads\/2026\/08\/Gemas-del-Bosque_Easy-Resize.com_-150x100.jpg 150w, https:\/\/www.travel3.com.br\/site\/wp-content\/uploads\/2026\/08\/Gemas-del-Bosque_Easy-Resize.com_-750x499.jpg 750w, https:\/\/www.travel3.com.br\/site\/wp-content\/uploads\/2026\/08\/Gemas-del-Bosque_Easy-Resize.com_-1140x758.jpg 1140w, https:\/\/www.travel3.com.br\/site\/wp-content\/uploads\/2026\/08\/Gemas-del-Bosque_Easy-Resize.com_.jpg 1280w\" sizes=\"auto, (max-width: 1024px) 100vw, 1024px\" \/><figcaption class=\"wp-element-caption\">Meu quarto no Gemas del Bosque Lodge: parede envidra\u00e7ada com vista para a mata transforma a hospedagem em ponto de observa\u00e7\u00e3o da natureza (Foto: Caroline Tonaco)<\/figcaption><\/figure><\/div>\n\n\n<p>Beija-flores e tantas outras aves coloridas aparecem entre os jardins, enquanto esquilos atravessam a paisagem. Cercado pela floresta e pelo sil\u00eancio das montanhas, o hotel refor\u00e7a a sensa\u00e7\u00e3o de estar em uma Costa Rica completamente diferente daquela que encontrei poucos dias antes, no litoral do Pac\u00edfico.<\/p>\n\n\n\n<p>Em poucas horas de estrada, trocamos de clima, de vegeta\u00e7\u00e3o e de fauna sem trocar de pa\u00eds. \u00c9 uma s\u00edntese da diversidade geogr\u00e1fica da Costa Rica, capaz de reunir paisagens completamente diferentes em um territ\u00f3rio relativamente pequeno.<\/p>\n\n\n\n<p>E \u00e9 justamente nesse novo cen\u00e1rio, entre montanhas e florestas nubladas, que come\u00e7a a busca por uma das aves mais emblem\u00e1ticas do pa\u00eds.<\/p>\n\n\n<div class=\"wp-block-image\">\n<figure class=\"aligncenter size-large is-resized\"><img loading=\"lazy\" decoding=\"async\" width=\"1024\" height=\"765\" src=\"https:\/\/www.travel3.com.br\/site\/wp-content\/uploads\/2026\/08\/gabrupawpixels-quetzal-10267073_1920_Easy-Resize.com_-1024x765.jpg\" alt=\"quetzal\" class=\"wp-image-84055\" style=\"width:640px;height:auto\" srcset=\"https:\/\/www.travel3.com.br\/site\/wp-content\/uploads\/2026\/08\/gabrupawpixels-quetzal-10267073_1920_Easy-Resize.com_-1024x765.jpg 1024w, https:\/\/www.travel3.com.br\/site\/wp-content\/uploads\/2026\/08\/gabrupawpixels-quetzal-10267073_1920_Easy-Resize.com_-300x224.jpg 300w, https:\/\/www.travel3.com.br\/site\/wp-content\/uploads\/2026\/08\/gabrupawpixels-quetzal-10267073_1920_Easy-Resize.com_-768x574.jpg 768w, https:\/\/www.travel3.com.br\/site\/wp-content\/uploads\/2026\/08\/gabrupawpixels-quetzal-10267073_1920_Easy-Resize.com_-150x112.jpg 150w, https:\/\/www.travel3.com.br\/site\/wp-content\/uploads\/2026\/08\/gabrupawpixels-quetzal-10267073_1920_Easy-Resize.com_-750x560.jpg 750w, https:\/\/www.travel3.com.br\/site\/wp-content\/uploads\/2026\/08\/gabrupawpixels-quetzal-10267073_1920_Easy-Resize.com_-1140x851.jpg 1140w, https:\/\/www.travel3.com.br\/site\/wp-content\/uploads\/2026\/08\/gabrupawpixels-quetzal-10267073_1920_Easy-Resize.com_.jpg 1280w\" sizes=\"auto, (max-width: 1024px) 100vw, 1024px\" \/><figcaption class=\"wp-element-caption\">Foto: Gabrupawpixels\/Divulga\u00e7\u00e3o<\/figcaption><\/figure><\/div>\n\n\n<h2 class=\"wp-block-heading\"><strong>O quetzal que eu n\u00e3o vi<\/strong><\/h2>\n\n\n\n<p>O quetzal-resplandecente \u00e9 uma das aves mais emblem\u00e1ticas da Am\u00e9rica Central e uma das grandes estrelas das florestas costa-riquenhas. A presen\u00e7a da ave est\u00e1 diretamente ligada \u00e0s florestas de altitude e \u00e0 disponibilidade de alimentos como o aguacatillo, um parente silvestre do abacate ali encontrado. \u00c9 por isso que as montanhas de Dota est\u00e3o entre os melhores lugares do mundo para observ\u00e1-lo.<\/p>\n\n\n\n<p>A Costa Rica tamb\u00e9m \u00e9 um dos destinos mais importantes da Am\u00e9rica Latina para a observa\u00e7\u00e3o de aves. Mesmo em um territ\u00f3rio relativamente pequeno, o pa\u00eds abriga mais de 900 esp\u00e9cies e re\u00fane ambientes muito diferentes, das florestas tropicais do Pac\u00edfico e do Caribe \u00e0s regi\u00f5es montanhosas. N\u00e3o por acaso, desenvolveu uma rota nacional dedicada ao birdwatching, que conecta alguns dos principais pontos de observa\u00e7\u00e3o do pa\u00eds.<\/p>\n\n\n\n<p>Mas o quetzal dessa vez n\u00e3o apareceu. Faz parte. Observar animais em seu habitat natural pressup\u00f5e aceitar justamente o que torna a experi\u00eancia verdadeira: n\u00e3o h\u00e1 hor\u00e1rio marcado nem garantia de espet\u00e1culo. \u00c9 preciso olhar, escutar e, mais do que ter paci\u00eancia, tempo de sobra para esperar por ele. <\/p>\n\n\n<div class=\"wp-block-image\">\n<figure class=\"aligncenter size-large is-resized\"><img loading=\"lazy\" decoding=\"async\" width=\"879\" height=\"1024\" src=\"https:\/\/www.travel3.com.br\/site\/wp-content\/uploads\/2026\/08\/Cateto-Tocino-879x1024.jpg\" alt=\"Cateto Tocino\" class=\"wp-image-84057\" style=\"width:496px;height:auto\" srcset=\"https:\/\/www.travel3.com.br\/site\/wp-content\/uploads\/2026\/08\/Cateto-Tocino-879x1024.jpg 879w, https:\/\/www.travel3.com.br\/site\/wp-content\/uploads\/2026\/08\/Cateto-Tocino-258x300.jpg 258w, https:\/\/www.travel3.com.br\/site\/wp-content\/uploads\/2026\/08\/Cateto-Tocino-768x894.jpg 768w, https:\/\/www.travel3.com.br\/site\/wp-content\/uploads\/2026\/08\/Cateto-Tocino-150x175.jpg 150w, https:\/\/www.travel3.com.br\/site\/wp-content\/uploads\/2026\/08\/Cateto-Tocino-750x874.jpg 750w, https:\/\/www.travel3.com.br\/site\/wp-content\/uploads\/2026\/08\/Cateto-Tocino.jpg 1099w\" sizes=\"auto, (max-width: 879px) 100vw, 879px\" \/><figcaption class=\"wp-element-caption\">Eu e Tocino, o simp\u00e1tico cateto que vive na \u00e1rea do hotel (Foto: Arquivo pessoal\/Caroline Tonaco)<\/figcaption><\/figure><\/div>\n\n\n<p>Quem acabou roubando a cena foi um cateto \u2014 o pecari-de-colar, carinhosamente apelidado de Tocino, que vive na \u00e1rea do hotel e circula por ali com surpreendente desenvoltura. Curioso e habituado ao movimento, virou um dos personagens mais simp\u00e1ticos da passagem pelas montanhas.<\/p>\n\n\n\n<p>E o que fica dessa etapa \u00e9 a mudan\u00e7a de escala. Depois de procurar no oceano o movimento das grandes baleias, aqui \u00e9 preciso olhar para cima. O horizonte aberto do mar d\u00e1 lugar aos galhos. O barco \u00e9 substitu\u00eddo pelas trilhas em terra firme ou por uma varanda. E o sil\u00eancio, antes necess\u00e1rio para esperar uma baleia, serve agora para perceber o canto de uma ave escondida entre as folhas. Duas experi\u00eancias muito diferentes, separadas por poucos dias e algumas horas de estrada.<\/p>\n\n\n<div class=\"wp-block-image\">\n<figure class=\"aligncenter size-large is-resized\"><img loading=\"lazy\" decoding=\"async\" width=\"1024\" height=\"768\" src=\"https:\/\/www.travel3.com.br\/site\/wp-content\/uploads\/2026\/09\/pura-vida_Easy-Resize.com_-1024x768.jpg\" alt=\"Pura Vida\" class=\"wp-image-84106\" style=\"width:721px;height:auto\" srcset=\"https:\/\/www.travel3.com.br\/site\/wp-content\/uploads\/2026\/09\/pura-vida_Easy-Resize.com_-1024x768.jpg 1024w, https:\/\/www.travel3.com.br\/site\/wp-content\/uploads\/2026\/09\/pura-vida_Easy-Resize.com_-300x225.jpg 300w, https:\/\/www.travel3.com.br\/site\/wp-content\/uploads\/2026\/09\/pura-vida_Easy-Resize.com_-768x576.jpg 768w, https:\/\/www.travel3.com.br\/site\/wp-content\/uploads\/2026\/09\/pura-vida_Easy-Resize.com_-150x113.jpg 150w, https:\/\/www.travel3.com.br\/site\/wp-content\/uploads\/2026\/09\/pura-vida_Easy-Resize.com_-750x563.jpg 750w, https:\/\/www.travel3.com.br\/site\/wp-content\/uploads\/2026\/09\/pura-vida_Easy-Resize.com_-1140x855.jpg 1140w, https:\/\/www.travel3.com.br\/site\/wp-content\/uploads\/2026\/09\/pura-vida_Easy-Resize.com_.jpg 1280w\" sizes=\"auto, (max-width: 1024px) 100vw, 1024px\" \/><figcaption class=\"wp-element-caption\">Pura Vida est\u00e1 por toda a Costa Rica (Foto: Caroline Tonaco)<\/figcaption><\/figure><\/div>\n\n\n<h2 class=\"wp-block-heading\"><strong>Afinal, o que \u00e9<\/strong> <strong>Pura Vida?<\/strong><\/h2>\n\n\n\n<p>Depois do Pac\u00edfico, dos crocodilos, das florestas, das baleias, da cachoeira, das praias e das montanhas, uma express\u00e3o ouvida muito antes da minha chegada a este pa\u00eds lind\u00edssimo faz agora todo sentido.<\/p>\n\n\n\n<p><em><strong>Pura Vida<\/strong><\/em> est\u00e1 em toda parte na Costa Rica. Serve como cumprimento, despedida, agradecimento e at\u00e9 como resposta para dizer que est\u00e1 tudo bem. A express\u00e3o se popularizou no pa\u00eds a partir dos anos 1950 e virou linguagem corrente nas d\u00e9cadas seguintes.<\/p>\n\n\n\n<p>O que esta viagem fez foi dar conte\u00fado \u00e0 frase. Ao longo de d\u00e9cadas, a Costa Rica ampliou sua rede de \u00e1reas protegidas, recuperou parte importante da cobertura florestal e consolidou um modelo de conserva\u00e7\u00e3o que hoje \u00e9 parte fundamental da identidade do pa\u00eds. Num territ\u00f3rio do tamanho do Rio Grande do Norte, estima-se viver 6,5% da biodiversidade do planeta.<\/p>\n\n\n<div class=\"wp-block-image\">\n<figure class=\"aligncenter size-large is-resized\"><img loading=\"lazy\" decoding=\"async\" width=\"1024\" height=\"768\" src=\"https:\/\/www.travel3.com.br\/site\/wp-content\/uploads\/2026\/08\/Aeroporto-Costa-Rica-1024x768.jpg\" alt=\"Aeroporto Juan Santamar\u00eda\" class=\"wp-image-84097\" style=\"width:732px;height:auto\" srcset=\"https:\/\/www.travel3.com.br\/site\/wp-content\/uploads\/2026\/08\/Aeroporto-Costa-Rica-1024x768.jpg 1024w, https:\/\/www.travel3.com.br\/site\/wp-content\/uploads\/2026\/08\/Aeroporto-Costa-Rica-300x225.jpg 300w, https:\/\/www.travel3.com.br\/site\/wp-content\/uploads\/2026\/08\/Aeroporto-Costa-Rica-768x576.jpg 768w, https:\/\/www.travel3.com.br\/site\/wp-content\/uploads\/2026\/08\/Aeroporto-Costa-Rica-150x113.jpg 150w, https:\/\/www.travel3.com.br\/site\/wp-content\/uploads\/2026\/08\/Aeroporto-Costa-Rica-750x563.jpg 750w, https:\/\/www.travel3.com.br\/site\/wp-content\/uploads\/2026\/08\/Aeroporto-Costa-Rica-1140x855.jpg 1140w, https:\/\/www.travel3.com.br\/site\/wp-content\/uploads\/2026\/08\/Aeroporto-Costa-Rica.jpg 1280w\" sizes=\"auto, (max-width: 1024px) 100vw, 1024px\" \/><figcaption class=\"wp-element-caption\">At\u00e9 no Aeroporto Juan Santamar\u00eda, a Costa Rica se despede com seus s\u00edmbolos: a Pregui\u00e7a e o Pura Vida (Foto: Caroline Tonaco)<\/figcaption><\/figure><\/div>\n\n\n<p>E essa pol\u00edtica de conserva\u00e7\u00e3o aparece ao longo da viagem de forma quase impercept\u00edvel.<\/p>\n\n\n\n<p>A orienta\u00e7\u00e3o e os procedimentos de seguran\u00e7a antes de embarcar no Marino Ballena. A trilha de Nauyaca sinalizada e com pontos de \u00e1gua pot\u00e1vel ao longo da descida. O guia que sabe o apelido de cada crocodilo do T\u00e1rcoles e a \u00e9poca em que o quetzal faz os seus ninhos. A regra, repetida em todo lugar, de n\u00e3o oferecer comida a animal nenhum, nem mesmo para conseguir uma foto. As jubartes que chegam dos dois hemisf\u00e9rios, a pregui\u00e7a na \u00e1rvore da recep\u00e7\u00e3o e o cateto mascote do hotel encontram hoje a natureza protegida porque, ao longo de d\u00e9cadas, a Costa Rica transformou a conserva\u00e7\u00e3o da natureza em pol\u00edtica de Estado.<\/p>\n\n\n\n<p>Pura Vida, \u00e9 ou n\u00e3o \u00e9?<\/p>\n\n\n\n<p>Na Costa Rica, descobri que esse termo n\u00e3o precisa de muita explica\u00e7\u00e3o. Basta olhar ao redor.<\/p>\n\n\n<div class=\"wp-block-image\">\n<figure class=\"aligncenter size-large is-resized\"><img loading=\"lazy\" decoding=\"async\" width=\"1024\" height=\"683\" src=\"https:\/\/www.travel3.com.br\/site\/wp-content\/uploads\/2026\/08\/Mapa-Travel3-na-Costa-Rica_Easy-Resize.com-2-1024x683.jpg\" alt=\"Mapa Travel3 na Costa Rica\" class=\"wp-image-84063\" style=\"width:633px;height:auto\" srcset=\"https:\/\/www.travel3.com.br\/site\/wp-content\/uploads\/2026\/08\/Mapa-Travel3-na-Costa-Rica_Easy-Resize.com-2-1024x683.jpg 1024w, https:\/\/www.travel3.com.br\/site\/wp-content\/uploads\/2026\/08\/Mapa-Travel3-na-Costa-Rica_Easy-Resize.com-2-300x200.jpg 300w, https:\/\/www.travel3.com.br\/site\/wp-content\/uploads\/2026\/08\/Mapa-Travel3-na-Costa-Rica_Easy-Resize.com-2-768x512.jpg 768w, https:\/\/www.travel3.com.br\/site\/wp-content\/uploads\/2026\/08\/Mapa-Travel3-na-Costa-Rica_Easy-Resize.com-2-150x100.jpg 150w, https:\/\/www.travel3.com.br\/site\/wp-content\/uploads\/2026\/08\/Mapa-Travel3-na-Costa-Rica_Easy-Resize.com-2-750x500.jpg 750w, https:\/\/www.travel3.com.br\/site\/wp-content\/uploads\/2026\/08\/Mapa-Travel3-na-Costa-Rica_Easy-Resize.com-2-1140x761.jpg 1140w, https:\/\/www.travel3.com.br\/site\/wp-content\/uploads\/2026\/08\/Mapa-Travel3-na-Costa-Rica_Easy-Resize.com-2.jpg 1280w\" sizes=\"auto, (max-width: 1024px) 100vw, 1024px\" \/><figcaption class=\"wp-element-caption\">Meu roteiro pela Costa Rica, de San Jos\u00e9 ao Pac\u00edfico e \u00e0s terras altas de Dota (Ilustra\u00e7\u00e3o: Travel3)<\/figcaption><\/figure><\/div>\n\n\n<h2 class=\"wp-block-heading\"><strong>Quando ir<\/strong><\/h2>\n\n\n\n<p>Na Costa Rica, a regi\u00e3o do Pac\u00edfico tem duas esta\u00e7\u00f5es, e elas n\u00e3o se dividem em boa e ruim. S\u00e3o diferentes. A seca vai de dezembro a abril, com sol firme e temperatura entre 26\u00b0C e 28\u00b0C no litoral. A esta\u00e7\u00e3o chuvosa, chamada localmente de esta\u00e7\u00e3o verde, vai de maio a novembro. As chuvas s\u00e3o mais frequentes, a vegeta\u00e7\u00e3o ganha ainda mais intensidade e, em determinados per\u00edodos, tarifas de hospedagem podem ser mais baixas.<\/p>\n\n\n\n<p>Num pa\u00eds onde o programa \u00e9 a fauna, por\u00e9m, quem manda no calend\u00e1rio s\u00e3o os bichos. As jubartes do Hemisf\u00e9rio Sul est\u00e3o no Pac\u00edfico entre julho e outubro; as do Pac\u00edfico Norte, aproximadamente entre dezembro e abril. Na regi\u00e3o de Dota, o per\u00edodo de fevereiro a junho \u00e9 apontado pelo material tur\u00edstico oficial como especialmente interessante para a observa\u00e7\u00e3o do quetzal; abril e maio coincidem com a \u00e9poca de nidifica\u00e7\u00e3o.<\/p>\n\n\n\n<p>Esta viagem foi feita em agosto, durante a esta\u00e7\u00e3o verde, quando as jubartes vindas do Hemisf\u00e9rio Sul est\u00e3o no Pac\u00edfico e a chuva faz parte do roteiro. No fim das contas, o que mudou foi apenas a roupa na mala.<\/p>\n\n\n\n<ul class=\"wp-block-list\">\n<li>Caroline Tonaco viajou para a Costa Rica a convite do ICT (Instituto Costarricense de Turismo), com apoio da B2B Seguro Viagem.<\/li>\n<\/ul>\n","protected":false},"excerpt":{"rendered":"<p>Baleias, crocodilos, praias, cachoeiras e florestas revelam a ess\u00eancia da Pura Vida na Costa Rica<\/p>\n","protected":false},"author":14,"featured_media":84065,"comment_status":"open","ping_status":"open","sticky":false,"template":"","format":"standard","meta":{"footnotes":""},"categories":[171,226,10,4882],"tags":[3445,4902,180,1545,7786,7785,1297,3296,7419,5962],"class_list":["post-84026","post","type-post","status-publish","format-standard","has-post-thumbnail","hentry","category-america-central-e-caribe","category-destaque","category-destinos","category-home","tag-b2b-seguro-viagem","tag-caroline-tonaco","tag-costa-rica","tag-dicas-de-viagem","tag-ict","tag-instituto-costarricense-de-turismo","tag-pura-vida","tag-san-jose-na-costa-rica","tag-turismo-costa-rica","tag-viagens-com-caroline-tonaco"],"yoast_head":"<!-- This site is optimized with the Yoast SEO plugin v26.2 - https:\/\/yoast.com\/wordpress\/plugins\/seo\/ -->\n<title>Costa Rica: do Pac\u00edfico \u00e0s terras altas de Dota - Travel3<\/title>\n<meta name=\"description\" content=\"Do Pac\u00edfico \u00e0s montanhas de Dota, uma viagem pela Costa Rica re\u00fane baleias, crocodilos, praias, cachoeiras, florestas e muita biodiversidade\" \/>\n<meta name=\"robots\" content=\"index, follow, max-snippet:-1, max-image-preview:large, max-video-preview:-1\" \/>\n<link rel=\"canonical\" href=\"https:\/\/www.travel3.com.br\/site\/destaque\/viagem-costa-rica-pacifico-montanhas-dota\/\" \/>\n<meta property=\"og:locale\" content=\"pt_BR\" \/>\n<meta property=\"og:type\" content=\"article\" \/>\n<meta property=\"og:title\" content=\"Costa Rica: do Pac\u00edfico \u00e0s terras altas de Dota - Travel3\" \/>\n<meta property=\"og:description\" content=\"Do Pac\u00edfico \u00e0s montanhas de Dota, uma viagem pela Costa Rica re\u00fane baleias, crocodilos, praias, cachoeiras, florestas e muita biodiversidade\" \/>\n<meta property=\"og:url\" content=\"https:\/\/www.travel3.com.br\/site\/destaque\/viagem-costa-rica-pacifico-montanhas-dota\/\" \/>\n<meta property=\"og:site_name\" content=\"Travel3\" \/>\n<meta property=\"article:publisher\" content=\"https:\/\/www.facebook.com\/travel3media\/\" \/>\n<meta property=\"article:published_time\" content=\"2026-09-01T11:41:00+00:00\" \/>\n<meta property=\"article:modified_time\" content=\"2026-09-01T13:16:43+00:00\" \/>\n<meta property=\"og:image\" content=\"https:\/\/www.travel3.com.br\/site\/wp-content\/uploads\/2026\/08\/Costa-Rica-capa_Easy-Resize.com_-e1788134063342.jpg\" \/>\n\t<meta property=\"og:image:width\" content=\"1280\" \/>\n\t<meta property=\"og:image:height\" content=\"858\" \/>\n\t<meta property=\"og:image:type\" content=\"image\/jpeg\" \/>\n<meta name=\"author\" content=\"Caroline Tonaco\" \/>\n<meta name=\"twitter:card\" content=\"summary_large_image\" \/>\n<meta name=\"twitter:label1\" content=\"Escrito por\" \/>\n\t<meta name=\"twitter:data1\" content=\"Caroline Tonaco\" \/>\n\t<meta name=\"twitter:label2\" content=\"Est. tempo de leitura\" \/>\n\t<meta name=\"twitter:data2\" content=\"22 minutos\" \/>\n<script type=\"application\/ld+json\" class=\"yoast-schema-graph\">{\"@context\":\"https:\/\/schema.org\",\"@graph\":[{\"@type\":\"Article\",\"@id\":\"https:\/\/www.travel3.com.br\/site\/destaque\/viagem-costa-rica-pacifico-montanhas-dota\/#article\",\"isPartOf\":{\"@id\":\"https:\/\/www.travel3.com.br\/site\/destaque\/viagem-costa-rica-pacifico-montanhas-dota\/\"},\"author\":{\"name\":\"Caroline Tonaco\",\"@id\":\"https:\/\/www.travel3.com.br\/site\/#\/schema\/person\/d837eaf73c4e8896e932e0acede946c0\"},\"headline\":\"Costa Rica: do Pac\u00edfico \u00e0s terras altas de Dota\",\"datePublished\":\"2026-09-01T11:41:00+00:00\",\"dateModified\":\"2026-09-01T13:16:43+00:00\",\"mainEntityOfPage\":{\"@id\":\"https:\/\/www.travel3.com.br\/site\/destaque\/viagem-costa-rica-pacifico-montanhas-dota\/\"},\"wordCount\":3345,\"commentCount\":0,\"publisher\":{\"@id\":\"https:\/\/www.travel3.com.br\/site\/#organization\"},\"image\":{\"@id\":\"https:\/\/www.travel3.com.br\/site\/destaque\/viagem-costa-rica-pacifico-montanhas-dota\/#primaryimage\"},\"thumbnailUrl\":\"https:\/\/www.travel3.com.br\/site\/wp-content\/uploads\/2026\/08\/Costa-Rica-capa_Easy-Resize.com_-e1788134063342.jpg\",\"keywords\":[\"B2B Seguro Viagem\",\"Caroline Tonaco\",\"Costa Rica\",\"dicas de viagem\",\"ICT\",\"Instituto Costarricense de Turismo\",\"Pura Vida\",\"San Jose na Costa Rica\",\"turismo costa rica\",\"Viagens com Caroline Tonaco\"],\"articleSection\":[\"Am\u00e9rica Central e Caribe\",\"Destaque\",\"Destinos\",\"Home\"],\"inLanguage\":\"pt-BR\",\"potentialAction\":[{\"@type\":\"CommentAction\",\"name\":\"Comment\",\"target\":[\"https:\/\/www.travel3.com.br\/site\/destaque\/viagem-costa-rica-pacifico-montanhas-dota\/#respond\"]}]},{\"@type\":\"WebPage\",\"@id\":\"https:\/\/www.travel3.com.br\/site\/destaque\/viagem-costa-rica-pacifico-montanhas-dota\/\",\"url\":\"https:\/\/www.travel3.com.br\/site\/destaque\/viagem-costa-rica-pacifico-montanhas-dota\/\",\"name\":\"Costa Rica: do Pac\u00edfico \u00e0s terras altas de Dota - Travel3\",\"isPartOf\":{\"@id\":\"https:\/\/www.travel3.com.br\/site\/#website\"},\"primaryImageOfPage\":{\"@id\":\"https:\/\/www.travel3.com.br\/site\/destaque\/viagem-costa-rica-pacifico-montanhas-dota\/#primaryimage\"},\"image\":{\"@id\":\"https:\/\/www.travel3.com.br\/site\/destaque\/viagem-costa-rica-pacifico-montanhas-dota\/#primaryimage\"},\"thumbnailUrl\":\"https:\/\/www.travel3.com.br\/site\/wp-content\/uploads\/2026\/08\/Costa-Rica-capa_Easy-Resize.com_-e1788134063342.jpg\",\"datePublished\":\"2026-09-01T11:41:00+00:00\",\"dateModified\":\"2026-09-01T13:16:43+00:00\",\"description\":\"Do Pac\u00edfico \u00e0s montanhas de Dota, uma viagem pela Costa Rica re\u00fane baleias, crocodilos, praias, cachoeiras, florestas e muita biodiversidade\",\"breadcrumb\":{\"@id\":\"https:\/\/www.travel3.com.br\/site\/destaque\/viagem-costa-rica-pacifico-montanhas-dota\/#breadcrumb\"},\"inLanguage\":\"pt-BR\",\"potentialAction\":[{\"@type\":\"ReadAction\",\"target\":[\"https:\/\/www.travel3.com.br\/site\/destaque\/viagem-costa-rica-pacifico-montanhas-dota\/\"]}]},{\"@type\":\"ImageObject\",\"inLanguage\":\"pt-BR\",\"@id\":\"https:\/\/www.travel3.com.br\/site\/destaque\/viagem-costa-rica-pacifico-montanhas-dota\/#primaryimage\",\"url\":\"https:\/\/www.travel3.com.br\/site\/wp-content\/uploads\/2026\/08\/Costa-Rica-capa_Easy-Resize.com_-e1788134063342.jpg\",\"contentUrl\":\"https:\/\/www.travel3.com.br\/site\/wp-content\/uploads\/2026\/08\/Costa-Rica-capa_Easy-Resize.com_-e1788134063342.jpg\",\"width\":1280,\"height\":858,\"caption\":\"No Pac\u00edfico Sul da Costa Rica, a floresta avan\u00e7a at\u00e9 o mar (Foto: Caroline Tonaco)\"},{\"@type\":\"BreadcrumbList\",\"@id\":\"https:\/\/www.travel3.com.br\/site\/destaque\/viagem-costa-rica-pacifico-montanhas-dota\/#breadcrumb\",\"itemListElement\":[{\"@type\":\"ListItem\",\"position\":1,\"name\":\"In\u00edcio\",\"item\":\"https:\/\/www.travel3.com.br\/site\/\"},{\"@type\":\"ListItem\",\"position\":2,\"name\":\"Costa Rica: do Pac\u00edfico \u00e0s terras altas de Dota\"}]},{\"@type\":\"WebSite\",\"@id\":\"https:\/\/www.travel3.com.br\/site\/#website\",\"url\":\"https:\/\/www.travel3.com.br\/site\/\",\"name\":\"Travel3\",\"description\":\"Lazer + Neg&oacute;cios + Aventura\",\"publisher\":{\"@id\":\"https:\/\/www.travel3.com.br\/site\/#organization\"},\"potentialAction\":[{\"@type\":\"SearchAction\",\"target\":{\"@type\":\"EntryPoint\",\"urlTemplate\":\"https:\/\/www.travel3.com.br\/site\/?s={search_term_string}\"},\"query-input\":{\"@type\":\"PropertyValueSpecification\",\"valueRequired\":true,\"valueName\":\"search_term_string\"}}],\"inLanguage\":\"pt-BR\"},{\"@type\":\"Organization\",\"@id\":\"https:\/\/www.travel3.com.br\/site\/#organization\",\"name\":\"Travel3\",\"url\":\"https:\/\/www.travel3.com.br\/site\/\",\"logo\":{\"@type\":\"ImageObject\",\"inLanguage\":\"pt-BR\",\"@id\":\"https:\/\/www.travel3.com.br\/site\/#\/schema\/logo\/image\/\",\"url\":\"https:\/\/www.travel3.com.br\/site\/wp-content\/uploads\/2020\/01\/logo-travel3-2020.png\",\"contentUrl\":\"https:\/\/www.travel3.com.br\/site\/wp-content\/uploads\/2020\/01\/logo-travel3-2020.png\",\"width\":232,\"height\":79,\"caption\":\"Travel3\"},\"image\":{\"@id\":\"https:\/\/www.travel3.com.br\/site\/#\/schema\/logo\/image\/\"},\"sameAs\":[\"https:\/\/www.facebook.com\/travel3media\/\",\"https:\/\/www.instagram.com\/revistatravel3\/\",\"https:\/\/www.youtube.com\/channel\/UCno7J4paGBR3VbZQzvoJ9Eg\"]},{\"@type\":\"Person\",\"@id\":\"https:\/\/www.travel3.com.br\/site\/#\/schema\/person\/d837eaf73c4e8896e932e0acede946c0\",\"name\":\"Caroline Tonaco\",\"image\":{\"@type\":\"ImageObject\",\"inLanguage\":\"pt-BR\",\"@id\":\"https:\/\/www.travel3.com.br\/site\/#\/schema\/person\/image\/\",\"url\":\"https:\/\/www.travel3.com.br\/site\/wp-content\/uploads\/2019\/09\/caroline-150x150.jpeg\",\"contentUrl\":\"https:\/\/www.travel3.com.br\/site\/wp-content\/uploads\/2019\/09\/caroline-150x150.jpeg\",\"caption\":\"Caroline Tonaco\"},\"sameAs\":[\"https:\/\/www.travel3.com.br\/\",\"https:\/\/www.instagram.com\/carolinetonaco\/\"],\"url\":\"https:\/\/www.travel3.com.br\/site\/author\/caroline\/\"}]}<\/script>\n<!-- \/ Yoast SEO plugin. -->","yoast_head_json":{"title":"Costa Rica: do Pac\u00edfico \u00e0s terras altas de Dota - Travel3","description":"Do Pac\u00edfico \u00e0s montanhas de Dota, uma viagem pela Costa Rica re\u00fane baleias, crocodilos, praias, cachoeiras, florestas e muita biodiversidade","robots":{"index":"index","follow":"follow","max-snippet":"max-snippet:-1","max-image-preview":"max-image-preview:large","max-video-preview":"max-video-preview:-1"},"canonical":"https:\/\/www.travel3.com.br\/site\/destaque\/viagem-costa-rica-pacifico-montanhas-dota\/","og_locale":"pt_BR","og_type":"article","og_title":"Costa Rica: do Pac\u00edfico \u00e0s terras altas de Dota - Travel3","og_description":"Do Pac\u00edfico \u00e0s montanhas de Dota, uma viagem pela Costa Rica re\u00fane baleias, crocodilos, praias, cachoeiras, florestas e muita biodiversidade","og_url":"https:\/\/www.travel3.com.br\/site\/destaque\/viagem-costa-rica-pacifico-montanhas-dota\/","og_site_name":"Travel3","article_publisher":"https:\/\/www.facebook.com\/travel3media\/","article_published_time":"2026-09-01T11:41:00+00:00","article_modified_time":"2026-09-01T13:16:43+00:00","og_image":[{"width":1280,"height":858,"url":"https:\/\/www.travel3.com.br\/site\/wp-content\/uploads\/2026\/08\/Costa-Rica-capa_Easy-Resize.com_-e1788134063342.jpg","type":"image\/jpeg"}],"author":"Caroline Tonaco","twitter_card":"summary_large_image","twitter_misc":{"Escrito por":"Caroline Tonaco","Est. tempo de leitura":"22 minutos"},"schema":{"@context":"https:\/\/schema.org","@graph":[{"@type":"Article","@id":"https:\/\/www.travel3.com.br\/site\/destaque\/viagem-costa-rica-pacifico-montanhas-dota\/#article","isPartOf":{"@id":"https:\/\/www.travel3.com.br\/site\/destaque\/viagem-costa-rica-pacifico-montanhas-dota\/"},"author":{"name":"Caroline Tonaco","@id":"https:\/\/www.travel3.com.br\/site\/#\/schema\/person\/d837eaf73c4e8896e932e0acede946c0"},"headline":"Costa Rica: do Pac\u00edfico \u00e0s terras altas de Dota","datePublished":"2026-09-01T11:41:00+00:00","dateModified":"2026-09-01T13:16:43+00:00","mainEntityOfPage":{"@id":"https:\/\/www.travel3.com.br\/site\/destaque\/viagem-costa-rica-pacifico-montanhas-dota\/"},"wordCount":3345,"commentCount":0,"publisher":{"@id":"https:\/\/www.travel3.com.br\/site\/#organization"},"image":{"@id":"https:\/\/www.travel3.com.br\/site\/destaque\/viagem-costa-rica-pacifico-montanhas-dota\/#primaryimage"},"thumbnailUrl":"https:\/\/www.travel3.com.br\/site\/wp-content\/uploads\/2026\/08\/Costa-Rica-capa_Easy-Resize.com_-e1788134063342.jpg","keywords":["B2B Seguro Viagem","Caroline Tonaco","Costa Rica","dicas de viagem","ICT","Instituto Costarricense de Turismo","Pura Vida","San Jose na Costa Rica","turismo costa rica","Viagens com Caroline Tonaco"],"articleSection":["Am\u00e9rica Central e Caribe","Destaque","Destinos","Home"],"inLanguage":"pt-BR","potentialAction":[{"@type":"CommentAction","name":"Comment","target":["https:\/\/www.travel3.com.br\/site\/destaque\/viagem-costa-rica-pacifico-montanhas-dota\/#respond"]}]},{"@type":"WebPage","@id":"https:\/\/www.travel3.com.br\/site\/destaque\/viagem-costa-rica-pacifico-montanhas-dota\/","url":"https:\/\/www.travel3.com.br\/site\/destaque\/viagem-costa-rica-pacifico-montanhas-dota\/","name":"Costa Rica: do Pac\u00edfico \u00e0s terras altas de Dota - Travel3","isPartOf":{"@id":"https:\/\/www.travel3.com.br\/site\/#website"},"primaryImageOfPage":{"@id":"https:\/\/www.travel3.com.br\/site\/destaque\/viagem-costa-rica-pacifico-montanhas-dota\/#primaryimage"},"image":{"@id":"https:\/\/www.travel3.com.br\/site\/destaque\/viagem-costa-rica-pacifico-montanhas-dota\/#primaryimage"},"thumbnailUrl":"https:\/\/www.travel3.com.br\/site\/wp-content\/uploads\/2026\/08\/Costa-Rica-capa_Easy-Resize.com_-e1788134063342.jpg","datePublished":"2026-09-01T11:41:00+00:00","dateModified":"2026-09-01T13:16:43+00:00","description":"Do Pac\u00edfico \u00e0s montanhas de Dota, uma viagem pela Costa Rica re\u00fane baleias, crocodilos, praias, cachoeiras, florestas e muita biodiversidade","breadcrumb":{"@id":"https:\/\/www.travel3.com.br\/site\/destaque\/viagem-costa-rica-pacifico-montanhas-dota\/#breadcrumb"},"inLanguage":"pt-BR","potentialAction":[{"@type":"ReadAction","target":["https:\/\/www.travel3.com.br\/site\/destaque\/viagem-costa-rica-pacifico-montanhas-dota\/"]}]},{"@type":"ImageObject","inLanguage":"pt-BR","@id":"https:\/\/www.travel3.com.br\/site\/destaque\/viagem-costa-rica-pacifico-montanhas-dota\/#primaryimage","url":"https:\/\/www.travel3.com.br\/site\/wp-content\/uploads\/2026\/08\/Costa-Rica-capa_Easy-Resize.com_-e1788134063342.jpg","contentUrl":"https:\/\/www.travel3.com.br\/site\/wp-content\/uploads\/2026\/08\/Costa-Rica-capa_Easy-Resize.com_-e1788134063342.jpg","width":1280,"height":858,"caption":"No Pac\u00edfico Sul da Costa Rica, a floresta avan\u00e7a at\u00e9 o mar (Foto: Caroline Tonaco)"},{"@type":"BreadcrumbList","@id":"https:\/\/www.travel3.com.br\/site\/destaque\/viagem-costa-rica-pacifico-montanhas-dota\/#breadcrumb","itemListElement":[{"@type":"ListItem","position":1,"name":"In\u00edcio","item":"https:\/\/www.travel3.com.br\/site\/"},{"@type":"ListItem","position":2,"name":"Costa Rica: do Pac\u00edfico \u00e0s terras altas de Dota"}]},{"@type":"WebSite","@id":"https:\/\/www.travel3.com.br\/site\/#website","url":"https:\/\/www.travel3.com.br\/site\/","name":"Travel3","description":"Lazer + Neg&oacute;cios + Aventura","publisher":{"@id":"https:\/\/www.travel3.com.br\/site\/#organization"},"potentialAction":[{"@type":"SearchAction","target":{"@type":"EntryPoint","urlTemplate":"https:\/\/www.travel3.com.br\/site\/?s={search_term_string}"},"query-input":{"@type":"PropertyValueSpecification","valueRequired":true,"valueName":"search_term_string"}}],"inLanguage":"pt-BR"},{"@type":"Organization","@id":"https:\/\/www.travel3.com.br\/site\/#organization","name":"Travel3","url":"https:\/\/www.travel3.com.br\/site\/","logo":{"@type":"ImageObject","inLanguage":"pt-BR","@id":"https:\/\/www.travel3.com.br\/site\/#\/schema\/logo\/image\/","url":"https:\/\/www.travel3.com.br\/site\/wp-content\/uploads\/2020\/01\/logo-travel3-2020.png","contentUrl":"https:\/\/www.travel3.com.br\/site\/wp-content\/uploads\/2020\/01\/logo-travel3-2020.png","width":232,"height":79,"caption":"Travel3"},"image":{"@id":"https:\/\/www.travel3.com.br\/site\/#\/schema\/logo\/image\/"},"sameAs":["https:\/\/www.facebook.com\/travel3media\/","https:\/\/www.instagram.com\/revistatravel3\/","https:\/\/www.youtube.com\/channel\/UCno7J4paGBR3VbZQzvoJ9Eg"]},{"@type":"Person","@id":"https:\/\/www.travel3.com.br\/site\/#\/schema\/person\/d837eaf73c4e8896e932e0acede946c0","name":"Caroline Tonaco","image":{"@type":"ImageObject","inLanguage":"pt-BR","@id":"https:\/\/www.travel3.com.br\/site\/#\/schema\/person\/image\/","url":"https:\/\/www.travel3.com.br\/site\/wp-content\/uploads\/2019\/09\/caroline-150x150.jpeg","contentUrl":"https:\/\/www.travel3.com.br\/site\/wp-content\/uploads\/2019\/09\/caroline-150x150.jpeg","caption":"Caroline Tonaco"},"sameAs":["https:\/\/www.travel3.com.br\/","https:\/\/www.instagram.com\/carolinetonaco\/"],"url":"https:\/\/www.travel3.com.br\/site\/author\/caroline\/"}]}},"_links":{"self":[{"href":"https:\/\/www.travel3.com.br\/site\/wp-json\/wp\/v2\/posts\/84026","targetHints":{"allow":["GET"]}}],"collection":[{"href":"https:\/\/www.travel3.com.br\/site\/wp-json\/wp\/v2\/posts"}],"about":[{"href":"https:\/\/www.travel3.com.br\/site\/wp-json\/wp\/v2\/types\/post"}],"author":[{"embeddable":true,"href":"https:\/\/www.travel3.com.br\/site\/wp-json\/wp\/v2\/users\/14"}],"replies":[{"embeddable":true,"href":"https:\/\/www.travel3.com.br\/site\/wp-json\/wp\/v2\/comments?post=84026"}],"version-history":[{"count":40,"href":"https:\/\/www.travel3.com.br\/site\/wp-json\/wp\/v2\/posts\/84026\/revisions"}],"predecessor-version":[{"id":84138,"href":"https:\/\/www.travel3.com.br\/site\/wp-json\/wp\/v2\/posts\/84026\/revisions\/84138"}],"wp:featuredmedia":[{"embeddable":true,"href":"https:\/\/www.travel3.com.br\/site\/wp-json\/wp\/v2\/media\/84065"}],"wp:attachment":[{"href":"https:\/\/www.travel3.com.br\/site\/wp-json\/wp\/v2\/media?parent=84026"}],"wp:term":[{"taxonomy":"category","embeddable":true,"href":"https:\/\/www.travel3.com.br\/site\/wp-json\/wp\/v2\/categories?post=84026"},{"taxonomy":"post_tag","embeddable":true,"href":"https:\/\/www.travel3.com.br\/site\/wp-json\/wp\/v2\/tags?post=84026"}],"curies":[{"name":"wp","href":"https:\/\/api.w.org\/{rel}","templated":true}]}}