{"id":81973,"date":"2026-04-30T11:13:15","date_gmt":"2026-04-30T14:13:15","guid":{"rendered":"https:\/\/www.travel3.com.br\/site\/?p=81973"},"modified":"2026-04-30T11:13:54","modified_gmt":"2026-04-30T14:13:54","slug":"vital-card-seguro-viagem-beneficios","status":"publish","type":"post","link":"https:\/\/www.travel3.com.br\/site\/acontece-no-turismo\/vital-card-seguro-viagem-beneficios\/","title":{"rendered":"Vital Card amplia benef\u00edcios e aposta em tecnologia no seguro viagem"},"content":{"rendered":"\n<h2 class=\"wp-block-heading\">Empresa do Grupo Schultz refor\u00e7a coberturas e investe em servi\u00e7os digitais para viajantes<\/h2>\n\n\n\n<p>O seguro viagem, que passa a ocupar papel cada vez mais relevante no planejamento de uma viagem, acompanha uma mudan\u00e7a de comportamento e se consolida como item essencial nos roteiros internacionais e tamb\u00e9m nacionais. Sempre atenta \u00e0 demanda, a <strong>Vital Card<\/strong>, empresa do<strong> <a href=\"https:\/\/www.travel3.com.br\/site\/acontece-no-turismo\/negocios\/schultz-40-anos-grupo-economico\/\" target=\"_blank\" rel=\"noreferrer noopener\">grupo Schultz<\/a><\/strong>, amplia sua atua\u00e7\u00e3o no mercado ao investir em tecnologia, novos benef\u00edcios e maior integra\u00e7\u00e3o com o viajante.<\/p>\n\n\n\n<p>Durante a<strong> <a href=\"https:\/\/www.travel3.com.br\/site\/acontece-no-turismo\/wtm-latin-america-2026-recordes-2027\/\" target=\"_blank\" rel=\"noreferrer noopener\">WTM Latin America<\/a><\/strong>, conversei com <strong>Rafael Turra<\/strong>, diretor da empresa, e<strong> Luciano Bonfim<\/strong>, executivo da Schultz, sobre as atualiza\u00e7\u00f5es nos produtos e as mudan\u00e7as no comportamento do viajante. Segundo eles, o foco est\u00e1 em ampliar benef\u00edcios e tornar o seguro mais presente em toda a jornada.<\/p>\n\n\n\n<p>Entre as novidades, a Vital Card passou a incluir eSIM gratuito em planos internacionais, permitindo que o viajante j\u00e1 chegue conectado a destinos como Estados Unidos e Europa. O pacote inicial oferece 1GB, com possibilidade de amplia\u00e7\u00e3o conforme a necessidade durante a viagem.<\/p>\n\n\n\n<p>\u201c<strong><em>O seguro deixou de ser um item opcional e passou a fazer parte do planejamento, junto com passagem e hotel<\/em><\/strong>\u201d, afirma Bonfim.<\/p>\n\n\n<div class=\"wp-block-image\">\n<figure class=\"aligncenter size-large is-resized\"><img loading=\"lazy\" decoding=\"async\" width=\"1024\" height=\"768\" src=\"https:\/\/www.travel3.com.br\/site\/wp-content\/uploads\/2026\/04\/Vital-Card-seguros_Easy-Resize.com_-1024x768.jpg\" alt=\"Vital Card seguros\" class=\"wp-image-81975\" style=\"width:813px;height:auto\" srcset=\"https:\/\/www.travel3.com.br\/site\/wp-content\/uploads\/2026\/04\/Vital-Card-seguros_Easy-Resize.com_-1024x768.jpg 1024w, https:\/\/www.travel3.com.br\/site\/wp-content\/uploads\/2026\/04\/Vital-Card-seguros_Easy-Resize.com_-300x225.jpg 300w, https:\/\/www.travel3.com.br\/site\/wp-content\/uploads\/2026\/04\/Vital-Card-seguros_Easy-Resize.com_-768x576.jpg 768w, https:\/\/www.travel3.com.br\/site\/wp-content\/uploads\/2026\/04\/Vital-Card-seguros_Easy-Resize.com_-150x113.jpg 150w, https:\/\/www.travel3.com.br\/site\/wp-content\/uploads\/2026\/04\/Vital-Card-seguros_Easy-Resize.com_-750x563.jpg 750w, https:\/\/www.travel3.com.br\/site\/wp-content\/uploads\/2026\/04\/Vital-Card-seguros_Easy-Resize.com_-1140x855.jpg 1140w, https:\/\/www.travel3.com.br\/site\/wp-content\/uploads\/2026\/04\/Vital-Card-seguros_Easy-Resize.com_.jpg 1280w\" sizes=\"auto, (max-width: 1024px) 100vw, 1024px\" \/><figcaption class=\"wp-element-caption\">Luciano Bonfim e Rafael Turra (Foto: Caroline Tonaco)<\/figcaption><\/figure><\/div>\n\n\n<p>Outro destaque est\u00e1 na amplia\u00e7\u00e3o das coberturas. A empresa j\u00e1 inclui benef\u00edcios como indeniza\u00e7\u00e3o em casos de atraso de voo com perda de conex\u00e3o em localizadores diferentes, al\u00e9m de aumento nos valores de cobertura para planos na Europa.<\/p>\n\n\n\n<p>A digitaliza\u00e7\u00e3o tamb\u00e9m avan\u00e7a no atendimento. O acionamento pode ser feito via WhatsApp, com suporte que inclui telemedicina e envio de receitas m\u00e9dicas diretamente para farm\u00e1cias no exterior, dependendo do destino. Um diferencial \u00e9 que o contato dos executivos consta em cada voucher disponibilizado aos clientes.<\/p>\n\n\n\n<p>\u201c<strong><em>A gente quer falar com o cliente da mesma forma que ele fala com a fam\u00edlia durante a viagem<\/em><\/strong>\u201d, diz Turra.<\/p>\n\n\n\n<p>Al\u00e9m da tecnologia, a empresa refor\u00e7a a proximidade com o agente de viagens como parte da estrat\u00e9gia. Segundo os executivos, h\u00e1 uma pol\u00edtica de valoriza\u00e7\u00e3o desse canal, com condi\u00e7\u00f5es mais competitivas em rela\u00e7\u00e3o \u00e0 venda direta.<\/p>\n\n\n\n<p>Outro ponto relevante \u00e9 a cobertura para cancelamento de viagem, v\u00e1lida desde a contrata\u00e7\u00e3o do seguro. Em grandes eventos, como torneios esportivos e  a Copa do Mundo, por exemplo, o benef\u00edcio permite reembolso de despesas como passagens, hospedagem e tamb\u00e9m dos ingressos, desde que atendam aos crit\u00e9rios da ap\u00f3lice. <\/p>\n\n\n\n<p>\u201c<strong><em>Se o cliente n\u00e3o puder viajar por um motivo coberto, ele tem respaldo desde a compra, inclusive para ingressos de eventos<\/em><\/strong>\u201d, explica Turra.<\/p>\n\n\n\n<p>E.com a proximidade da Copa, a abrang\u00eancia dos planos tamb\u00e9m conta com um diferencial. A contrata\u00e7\u00e3o do seguro por quem ir\u00e1 acompanhar os jogos, compreende a cobertura nos Estados Unidos, Canad\u00e1 e M\u00e9xico, os tr\u00eas pa\u00edses-sede do torneio, sem a necessidade de contratar seguros espec\u00edficos para cada um dos destinos.<\/p>\n\n\n\n<p>Como os custos m\u00e9dicos s\u00e3o extremamente elevados no exterior, o seguro viagem se consolida como item indispens\u00e1vel. E a tend\u00eancia \u00e9 de crescimento, acompanhando um viajante mais atento \u00e0 conectividade, praticidade, e, claro, mais zeloso com sua sa\u00fade e seguran\u00e7a. Para mais informa\u00e7\u00f5es, acesse o site oficial da <strong><a href=\"https:\/\/www.vitalcard.com.br\/\" target=\"_blank\" rel=\"noreferrer noopener\">Vital Card<\/a><\/strong>.<\/p>\n\n\n\n<p class=\"has-small-font-size\">* Caroline Tonaco viajou para S\u00e3o Paulo a convite da WTM Latin America, com cobertura de seguro sa\u00fade da\u00a0<strong><a href=\"https:\/\/www.vitalcard.com.br\/\" target=\"_blank\" rel=\"noreferrer noopener\">Vital Card<\/a><\/strong>.<\/p>\n\n\n\n<p><\/p>\n","protected":false},"excerpt":{"rendered":"<p>Empresa do Grupo Schultz refor\u00e7a coberturas e investe em servi\u00e7os digitais para viajantes<\/p>\n","protected":false},"author":14,"featured_media":76222,"comment_status":"open","ping_status":"open","sticky":false,"template":"","format":"standard","meta":{"footnotes":""},"categories":[969],"tags":[7439,565,7440],"class_list":["post-81973","post","type-post","status-publish","format-standard","has-post-thumbnail","hentry","category-acontece-no-turismo","tag-grupo-schultz","tag-seguro-viagem","tag-vital-card"],"yoast_head":"<!-- This site is optimized with the Yoast SEO plugin v26.2 - https:\/\/yoast.com\/wordpress\/plugins\/seo\/ -->\n<title>Vital Card amplia benef\u00edcios e aposta em tecnologia no seguro viagem - Travel3<\/title>\n<meta name=\"description\" content=\"Vital Card amplia benef\u00edcios no seguro viagem com eSIM, telemedicina e novas coberturas, refor\u00e7ando tecnologia e experi\u00eancia do viajante\" \/>\n<meta name=\"robots\" content=\"index, follow, max-snippet:-1, max-image-preview:large, max-video-preview:-1\" \/>\n<link rel=\"canonical\" href=\"https:\/\/www.travel3.com.br\/site\/acontece-no-turismo\/vital-card-seguro-viagem-beneficios\/\" \/>\n<meta property=\"og:locale\" content=\"pt_BR\" \/>\n<meta property=\"og:type\" content=\"article\" \/>\n<meta property=\"og:title\" content=\"Vital Card amplia benef\u00edcios e aposta em tecnologia no seguro viagem - Travel3\" \/>\n<meta property=\"og:description\" content=\"Vital Card amplia benef\u00edcios no seguro viagem com eSIM, telemedicina e novas coberturas, refor\u00e7ando tecnologia e experi\u00eancia do viajante\" \/>\n<meta property=\"og:url\" content=\"https:\/\/www.travel3.com.br\/site\/acontece-no-turismo\/vital-card-seguro-viagem-beneficios\/\" \/>\n<meta property=\"og:site_name\" content=\"Travel3\" \/>\n<meta property=\"article:publisher\" content=\"https:\/\/www.facebook.com\/travel3media\/\" \/>\n<meta property=\"article:published_time\" content=\"2026-04-30T14:13:15+00:00\" \/>\n<meta property=\"article:modified_time\" content=\"2026-04-30T14:13:54+00:00\" \/>\n<meta property=\"og:image\" content=\"https:\/\/www.travel3.com.br\/site\/wp-content\/uploads\/2025\/04\/Seguro-viagem.jpg\" \/>\n\t<meta property=\"og:image:width\" content=\"800\" \/>\n\t<meta property=\"og:image:height\" content=\"532\" \/>\n\t<meta property=\"og:image:type\" content=\"image\/jpeg\" \/>\n<meta name=\"author\" content=\"Caroline Tonaco\" \/>\n<meta name=\"twitter:card\" content=\"summary_large_image\" \/>\n<meta name=\"twitter:label1\" content=\"Escrito por\" \/>\n\t<meta name=\"twitter:data1\" content=\"Caroline Tonaco\" \/>\n\t<meta name=\"twitter:label2\" content=\"Est. tempo de leitura\" \/>\n\t<meta name=\"twitter:data2\" content=\"4 minutos\" \/>\n<script type=\"application\/ld+json\" class=\"yoast-schema-graph\">{\"@context\":\"https:\/\/schema.org\",\"@graph\":[{\"@type\":\"Article\",\"@id\":\"https:\/\/www.travel3.com.br\/site\/acontece-no-turismo\/vital-card-seguro-viagem-beneficios\/#article\",\"isPartOf\":{\"@id\":\"https:\/\/www.travel3.com.br\/site\/acontece-no-turismo\/vital-card-seguro-viagem-beneficios\/\"},\"author\":{\"name\":\"Caroline Tonaco\",\"@id\":\"https:\/\/www.travel3.com.br\/site\/#\/schema\/person\/d837eaf73c4e8896e932e0acede946c0\"},\"headline\":\"Vital Card amplia benef\u00edcios e aposta em tecnologia no seguro viagem\",\"datePublished\":\"2026-04-30T14:13:15+00:00\",\"dateModified\":\"2026-04-30T14:13:54+00:00\",\"mainEntityOfPage\":{\"@id\":\"https:\/\/www.travel3.com.br\/site\/acontece-no-turismo\/vital-card-seguro-viagem-beneficios\/\"},\"wordCount\":588,\"commentCount\":0,\"publisher\":{\"@id\":\"https:\/\/www.travel3.com.br\/site\/#organization\"},\"image\":{\"@id\":\"https:\/\/www.travel3.com.br\/site\/acontece-no-turismo\/vital-card-seguro-viagem-beneficios\/#primaryimage\"},\"thumbnailUrl\":\"https:\/\/www.travel3.com.br\/site\/wp-content\/uploads\/2025\/04\/Seguro-viagem.jpg\",\"keywords\":[\"grupo schultz\",\"Seguro Viagem\",\"vital card\"],\"articleSection\":[\"Acontece no Turismo\"],\"inLanguage\":\"pt-BR\",\"potentialAction\":[{\"@type\":\"CommentAction\",\"name\":\"Comment\",\"target\":[\"https:\/\/www.travel3.com.br\/site\/acontece-no-turismo\/vital-card-seguro-viagem-beneficios\/#respond\"]}]},{\"@type\":\"WebPage\",\"@id\":\"https:\/\/www.travel3.com.br\/site\/acontece-no-turismo\/vital-card-seguro-viagem-beneficios\/\",\"url\":\"https:\/\/www.travel3.com.br\/site\/acontece-no-turismo\/vital-card-seguro-viagem-beneficios\/\",\"name\":\"Vital Card amplia benef\u00edcios e aposta em tecnologia no seguro viagem - Travel3\",\"isPartOf\":{\"@id\":\"https:\/\/www.travel3.com.br\/site\/#website\"},\"primaryImageOfPage\":{\"@id\":\"https:\/\/www.travel3.com.br\/site\/acontece-no-turismo\/vital-card-seguro-viagem-beneficios\/#primaryimage\"},\"image\":{\"@id\":\"https:\/\/www.travel3.com.br\/site\/acontece-no-turismo\/vital-card-seguro-viagem-beneficios\/#primaryimage\"},\"thumbnailUrl\":\"https:\/\/www.travel3.com.br\/site\/wp-content\/uploads\/2025\/04\/Seguro-viagem.jpg\",\"datePublished\":\"2026-04-30T14:13:15+00:00\",\"dateModified\":\"2026-04-30T14:13:54+00:00\",\"description\":\"Vital Card amplia benef\u00edcios no seguro viagem com eSIM, telemedicina e novas coberturas, refor\u00e7ando tecnologia e experi\u00eancia do viajante\",\"breadcrumb\":{\"@id\":\"https:\/\/www.travel3.com.br\/site\/acontece-no-turismo\/vital-card-seguro-viagem-beneficios\/#breadcrumb\"},\"inLanguage\":\"pt-BR\",\"potentialAction\":[{\"@type\":\"ReadAction\",\"target\":[\"https:\/\/www.travel3.com.br\/site\/acontece-no-turismo\/vital-card-seguro-viagem-beneficios\/\"]}]},{\"@type\":\"ImageObject\",\"inLanguage\":\"pt-BR\",\"@id\":\"https:\/\/www.travel3.com.br\/site\/acontece-no-turismo\/vital-card-seguro-viagem-beneficios\/#primaryimage\",\"url\":\"https:\/\/www.travel3.com.br\/site\/wp-content\/uploads\/2025\/04\/Seguro-viagem.jpg\",\"contentUrl\":\"https:\/\/www.travel3.com.br\/site\/wp-content\/uploads\/2025\/04\/Seguro-viagem.jpg\",\"width\":800,\"height\":532,\"caption\":\"Foto: Divulga\u00e7\u00e3o\"},{\"@type\":\"BreadcrumbList\",\"@id\":\"https:\/\/www.travel3.com.br\/site\/acontece-no-turismo\/vital-card-seguro-viagem-beneficios\/#breadcrumb\",\"itemListElement\":[{\"@type\":\"ListItem\",\"position\":1,\"name\":\"In\u00edcio\",\"item\":\"https:\/\/www.travel3.com.br\/site\/\"},{\"@type\":\"ListItem\",\"position\":2,\"name\":\"Vital Card amplia benef\u00edcios e aposta em tecnologia no seguro viagem\"}]},{\"@type\":\"WebSite\",\"@id\":\"https:\/\/www.travel3.com.br\/site\/#website\",\"url\":\"https:\/\/www.travel3.com.br\/site\/\",\"name\":\"Travel3\",\"description\":\"Lazer + Neg&oacute;cios + Aventura\",\"publisher\":{\"@id\":\"https:\/\/www.travel3.com.br\/site\/#organization\"},\"potentialAction\":[{\"@type\":\"SearchAction\",\"target\":{\"@type\":\"EntryPoint\",\"urlTemplate\":\"https:\/\/www.travel3.com.br\/site\/?s={search_term_string}\"},\"query-input\":{\"@type\":\"PropertyValueSpecification\",\"valueRequired\":true,\"valueName\":\"search_term_string\"}}],\"inLanguage\":\"pt-BR\"},{\"@type\":\"Organization\",\"@id\":\"https:\/\/www.travel3.com.br\/site\/#organization\",\"name\":\"Travel3\",\"url\":\"https:\/\/www.travel3.com.br\/site\/\",\"logo\":{\"@type\":\"ImageObject\",\"inLanguage\":\"pt-BR\",\"@id\":\"https:\/\/www.travel3.com.br\/site\/#\/schema\/logo\/image\/\",\"url\":\"https:\/\/www.travel3.com.br\/site\/wp-content\/uploads\/2020\/01\/logo-travel3-2020.png\",\"contentUrl\":\"https:\/\/www.travel3.com.br\/site\/wp-content\/uploads\/2020\/01\/logo-travel3-2020.png\",\"width\":232,\"height\":79,\"caption\":\"Travel3\"},\"image\":{\"@id\":\"https:\/\/www.travel3.com.br\/site\/#\/schema\/logo\/image\/\"},\"sameAs\":[\"https:\/\/www.facebook.com\/travel3media\/\",\"https:\/\/www.instagram.com\/revistatravel3\/\",\"https:\/\/www.youtube.com\/channel\/UCno7J4paGBR3VbZQzvoJ9Eg\"]},{\"@type\":\"Person\",\"@id\":\"https:\/\/www.travel3.com.br\/site\/#\/schema\/person\/d837eaf73c4e8896e932e0acede946c0\",\"name\":\"Caroline Tonaco\",\"image\":{\"@type\":\"ImageObject\",\"inLanguage\":\"pt-BR\",\"@id\":\"https:\/\/www.travel3.com.br\/site\/#\/schema\/person\/image\/\",\"url\":\"https:\/\/www.travel3.com.br\/site\/wp-content\/uploads\/2019\/09\/caroline-150x150.jpeg\",\"contentUrl\":\"https:\/\/www.travel3.com.br\/site\/wp-content\/uploads\/2019\/09\/caroline-150x150.jpeg\",\"caption\":\"Caroline Tonaco\"},\"sameAs\":[\"https:\/\/www.travel3.com.br\/\",\"https:\/\/www.instagram.com\/carolinetonaco\/\"],\"url\":\"https:\/\/www.travel3.com.br\/site\/author\/caroline\/\"}]}<\/script>\n<!-- \/ Yoast SEO plugin. -->","yoast_head_json":{"title":"Vital Card amplia benef\u00edcios e aposta em tecnologia no seguro viagem - Travel3","description":"Vital Card amplia benef\u00edcios no seguro viagem com eSIM, telemedicina e novas coberturas, refor\u00e7ando tecnologia e experi\u00eancia do viajante","robots":{"index":"index","follow":"follow","max-snippet":"max-snippet:-1","max-image-preview":"max-image-preview:large","max-video-preview":"max-video-preview:-1"},"canonical":"https:\/\/www.travel3.com.br\/site\/acontece-no-turismo\/vital-card-seguro-viagem-beneficios\/","og_locale":"pt_BR","og_type":"article","og_title":"Vital Card amplia benef\u00edcios e aposta em tecnologia no seguro viagem - Travel3","og_description":"Vital Card amplia benef\u00edcios no seguro viagem com eSIM, telemedicina e novas coberturas, refor\u00e7ando tecnologia e experi\u00eancia do viajante","og_url":"https:\/\/www.travel3.com.br\/site\/acontece-no-turismo\/vital-card-seguro-viagem-beneficios\/","og_site_name":"Travel3","article_publisher":"https:\/\/www.facebook.com\/travel3media\/","article_published_time":"2026-04-30T14:13:15+00:00","article_modified_time":"2026-04-30T14:13:54+00:00","og_image":[{"width":800,"height":532,"url":"https:\/\/www.travel3.com.br\/site\/wp-content\/uploads\/2025\/04\/Seguro-viagem.jpg","type":"image\/jpeg"}],"author":"Caroline Tonaco","twitter_card":"summary_large_image","twitter_misc":{"Escrito por":"Caroline Tonaco","Est. tempo de leitura":"4 minutos"},"schema":{"@context":"https:\/\/schema.org","@graph":[{"@type":"Article","@id":"https:\/\/www.travel3.com.br\/site\/acontece-no-turismo\/vital-card-seguro-viagem-beneficios\/#article","isPartOf":{"@id":"https:\/\/www.travel3.com.br\/site\/acontece-no-turismo\/vital-card-seguro-viagem-beneficios\/"},"author":{"name":"Caroline Tonaco","@id":"https:\/\/www.travel3.com.br\/site\/#\/schema\/person\/d837eaf73c4e8896e932e0acede946c0"},"headline":"Vital Card amplia benef\u00edcios e aposta em tecnologia no seguro viagem","datePublished":"2026-04-30T14:13:15+00:00","dateModified":"2026-04-30T14:13:54+00:00","mainEntityOfPage":{"@id":"https:\/\/www.travel3.com.br\/site\/acontece-no-turismo\/vital-card-seguro-viagem-beneficios\/"},"wordCount":588,"commentCount":0,"publisher":{"@id":"https:\/\/www.travel3.com.br\/site\/#organization"},"image":{"@id":"https:\/\/www.travel3.com.br\/site\/acontece-no-turismo\/vital-card-seguro-viagem-beneficios\/#primaryimage"},"thumbnailUrl":"https:\/\/www.travel3.com.br\/site\/wp-content\/uploads\/2025\/04\/Seguro-viagem.jpg","keywords":["grupo schultz","Seguro Viagem","vital card"],"articleSection":["Acontece no Turismo"],"inLanguage":"pt-BR","potentialAction":[{"@type":"CommentAction","name":"Comment","target":["https:\/\/www.travel3.com.br\/site\/acontece-no-turismo\/vital-card-seguro-viagem-beneficios\/#respond"]}]},{"@type":"WebPage","@id":"https:\/\/www.travel3.com.br\/site\/acontece-no-turismo\/vital-card-seguro-viagem-beneficios\/","url":"https:\/\/www.travel3.com.br\/site\/acontece-no-turismo\/vital-card-seguro-viagem-beneficios\/","name":"Vital Card amplia benef\u00edcios e aposta em tecnologia no seguro viagem - Travel3","isPartOf":{"@id":"https:\/\/www.travel3.com.br\/site\/#website"},"primaryImageOfPage":{"@id":"https:\/\/www.travel3.com.br\/site\/acontece-no-turismo\/vital-card-seguro-viagem-beneficios\/#primaryimage"},"image":{"@id":"https:\/\/www.travel3.com.br\/site\/acontece-no-turismo\/vital-card-seguro-viagem-beneficios\/#primaryimage"},"thumbnailUrl":"https:\/\/www.travel3.com.br\/site\/wp-content\/uploads\/2025\/04\/Seguro-viagem.jpg","datePublished":"2026-04-30T14:13:15+00:00","dateModified":"2026-04-30T14:13:54+00:00","description":"Vital Card amplia benef\u00edcios no seguro viagem com eSIM, telemedicina e novas coberturas, refor\u00e7ando tecnologia e experi\u00eancia do viajante","breadcrumb":{"@id":"https:\/\/www.travel3.com.br\/site\/acontece-no-turismo\/vital-card-seguro-viagem-beneficios\/#breadcrumb"},"inLanguage":"pt-BR","potentialAction":[{"@type":"ReadAction","target":["https:\/\/www.travel3.com.br\/site\/acontece-no-turismo\/vital-card-seguro-viagem-beneficios\/"]}]},{"@type":"ImageObject","inLanguage":"pt-BR","@id":"https:\/\/www.travel3.com.br\/site\/acontece-no-turismo\/vital-card-seguro-viagem-beneficios\/#primaryimage","url":"https:\/\/www.travel3.com.br\/site\/wp-content\/uploads\/2025\/04\/Seguro-viagem.jpg","contentUrl":"https:\/\/www.travel3.com.br\/site\/wp-content\/uploads\/2025\/04\/Seguro-viagem.jpg","width":800,"height":532,"caption":"Foto: Divulga\u00e7\u00e3o"},{"@type":"BreadcrumbList","@id":"https:\/\/www.travel3.com.br\/site\/acontece-no-turismo\/vital-card-seguro-viagem-beneficios\/#breadcrumb","itemListElement":[{"@type":"ListItem","position":1,"name":"In\u00edcio","item":"https:\/\/www.travel3.com.br\/site\/"},{"@type":"ListItem","position":2,"name":"Vital Card amplia benef\u00edcios e aposta em tecnologia no seguro viagem"}]},{"@type":"WebSite","@id":"https:\/\/www.travel3.com.br\/site\/#website","url":"https:\/\/www.travel3.com.br\/site\/","name":"Travel3","description":"Lazer + Neg&oacute;cios + Aventura","publisher":{"@id":"https:\/\/www.travel3.com.br\/site\/#organization"},"potentialAction":[{"@type":"SearchAction","target":{"@type":"EntryPoint","urlTemplate":"https:\/\/www.travel3.com.br\/site\/?s={search_term_string}"},"query-input":{"@type":"PropertyValueSpecification","valueRequired":true,"valueName":"search_term_string"}}],"inLanguage":"pt-BR"},{"@type":"Organization","@id":"https:\/\/www.travel3.com.br\/site\/#organization","name":"Travel3","url":"https:\/\/www.travel3.com.br\/site\/","logo":{"@type":"ImageObject","inLanguage":"pt-BR","@id":"https:\/\/www.travel3.com.br\/site\/#\/schema\/logo\/image\/","url":"https:\/\/www.travel3.com.br\/site\/wp-content\/uploads\/2020\/01\/logo-travel3-2020.png","contentUrl":"https:\/\/www.travel3.com.br\/site\/wp-content\/uploads\/2020\/01\/logo-travel3-2020.png","width":232,"height":79,"caption":"Travel3"},"image":{"@id":"https:\/\/www.travel3.com.br\/site\/#\/schema\/logo\/image\/"},"sameAs":["https:\/\/www.facebook.com\/travel3media\/","https:\/\/www.instagram.com\/revistatravel3\/","https:\/\/www.youtube.com\/channel\/UCno7J4paGBR3VbZQzvoJ9Eg"]},{"@type":"Person","@id":"https:\/\/www.travel3.com.br\/site\/#\/schema\/person\/d837eaf73c4e8896e932e0acede946c0","name":"Caroline Tonaco","image":{"@type":"ImageObject","inLanguage":"pt-BR","@id":"https:\/\/www.travel3.com.br\/site\/#\/schema\/person\/image\/","url":"https:\/\/www.travel3.com.br\/site\/wp-content\/uploads\/2019\/09\/caroline-150x150.jpeg","contentUrl":"https:\/\/www.travel3.com.br\/site\/wp-content\/uploads\/2019\/09\/caroline-150x150.jpeg","caption":"Caroline Tonaco"},"sameAs":["https:\/\/www.travel3.com.br\/","https:\/\/www.instagram.com\/carolinetonaco\/"],"url":"https:\/\/www.travel3.com.br\/site\/author\/caroline\/"}]}},"_links":{"self":[{"href":"https:\/\/www.travel3.com.br\/site\/wp-json\/wp\/v2\/posts\/81973","targetHints":{"allow":["GET"]}}],"collection":[{"href":"https:\/\/www.travel3.com.br\/site\/wp-json\/wp\/v2\/posts"}],"about":[{"href":"https:\/\/www.travel3.com.br\/site\/wp-json\/wp\/v2\/types\/post"}],"author":[{"embeddable":true,"href":"https:\/\/www.travel3.com.br\/site\/wp-json\/wp\/v2\/users\/14"}],"replies":[{"embeddable":true,"href":"https:\/\/www.travel3.com.br\/site\/wp-json\/wp\/v2\/comments?post=81973"}],"version-history":[{"count":7,"href":"https:\/\/www.travel3.com.br\/site\/wp-json\/wp\/v2\/posts\/81973\/revisions"}],"predecessor-version":[{"id":81981,"href":"https:\/\/www.travel3.com.br\/site\/wp-json\/wp\/v2\/posts\/81973\/revisions\/81981"}],"wp:featuredmedia":[{"embeddable":true,"href":"https:\/\/www.travel3.com.br\/site\/wp-json\/wp\/v2\/media\/76222"}],"wp:attachment":[{"href":"https:\/\/www.travel3.com.br\/site\/wp-json\/wp\/v2\/media?parent=81973"}],"wp:term":[{"taxonomy":"category","embeddable":true,"href":"https:\/\/www.travel3.com.br\/site\/wp-json\/wp\/v2\/categories?post=81973"},{"taxonomy":"post_tag","embeddable":true,"href":"https:\/\/www.travel3.com.br\/site\/wp-json\/wp\/v2\/tags?post=81973"}],"curies":[{"name":"wp","href":"https:\/\/api.w.org\/{rel}","templated":true}]}}