{"id":81921,"date":"2026-04-28T09:00:00","date_gmt":"2026-04-28T12:00:00","guid":{"rendered":"https:\/\/www.travel3.com.br\/site\/?p=81921"},"modified":"2026-04-28T09:38:55","modified_gmt":"2026-04-28T12:38:55","slug":"turismo-diamantina-agro-experiencias","status":"publish","type":"post","link":"https:\/\/www.travel3.com.br\/site\/destaque\/turismo-diamantina-agro-experiencias\/","title":{"rendered":"Diamantina integra agro e turismo com roteiros de experi\u00eancia"},"content":{"rendered":"\n<h2 class=\"wp-block-heading\">Roteiros de queijos e vinhos conectam produ\u00e7\u00e3o rural, gastronomia e turismo no destino mineiro<\/h2>\n\n\n\n<p>Diamantina fortalece um modelo que conecta produ\u00e7\u00e3o rural, tradi\u00e7\u00e3o e turismo de experi\u00eancia. No destino, cadeias como a do leite e da uva ganham destaque ao integrar saberes locais, inova\u00e7\u00e3o e novas formas de consumo.<\/p>\n\n\n\n<p>O roteiro de queijos e vinhos traduz esse movimento ao unir produ\u00e7\u00e3o artesanal e experi\u00eancias voltadas ao visitante. Pequenos produtores mant\u00eam t\u00e9cnicas transmitidas entre gera\u00e7\u00f5es, preservando a identidade dos queijos frescal, meia cura e maturados, enquanto fortalecem a presen\u00e7a da agricultura familiar na economia local.<\/p>\n\n\n\n<p>No setor vitivin\u00edcola, o avan\u00e7o ocorre com investimentos em manejo e adapta\u00e7\u00e3o de cultivares. Uvas como Syrah, Tempranillo e Sauvignon Blanc apresentam bom desempenho, ampliando a produ\u00e7\u00e3o e posicionando Minas Gerais como uma nova fronteira para vinhos de qualidade.<\/p>\n\n\n<div class=\"wp-block-image\">\n<figure class=\"aligncenter size-large is-resized\"><img loading=\"lazy\" decoding=\"async\" width=\"576\" height=\"1024\" src=\"https:\/\/www.travel3.com.br\/site\/wp-content\/uploads\/2026\/04\/Diamantina-Estilo_Easy-Resize.com_-576x1024.jpg\" alt=\"Hotel estilo de minas - diamantina\" class=\"wp-image-81923\" style=\"width:392px;height:auto\" srcset=\"https:\/\/www.travel3.com.br\/site\/wp-content\/uploads\/2026\/04\/Diamantina-Estilo_Easy-Resize.com_-576x1024.jpg 576w, https:\/\/www.travel3.com.br\/site\/wp-content\/uploads\/2026\/04\/Diamantina-Estilo_Easy-Resize.com_-169x300.jpg 169w, https:\/\/www.travel3.com.br\/site\/wp-content\/uploads\/2026\/04\/Diamantina-Estilo_Easy-Resize.com_-150x267.jpg 150w, https:\/\/www.travel3.com.br\/site\/wp-content\/uploads\/2026\/04\/Diamantina-Estilo_Easy-Resize.com_.jpg 720w\" sizes=\"auto, (max-width: 576px) 100vw, 576px\" \/><figcaption class=\"wp-element-caption\">Hotel Estilo de Minas proporciona aos h\u00f3spedes experi\u00eancias que unem natureza e gastronomia (Foto: Divulga\u00e7\u00e3o)<\/figcaption><\/figure><\/div>\n\n\n<h3 class=\"wp-block-heading\">Do campo \u00e0 experi\u00eancia<\/h3>\n\n\n\n<p>A integra\u00e7\u00e3o dessas cadeias impulsiona o turismo rural e o enoturismo na regi\u00e3o. Propriedades recebem visitantes para experi\u00eancias guiadas que permitem acompanhar o processo produtivo, do cultivo \u00e0 degusta\u00e7\u00e3o.<\/p>\n\n\n\n<p>Esse contato direto com o produtor valoriza a origem, refor\u00e7a a qualidade dos produtos e amplia a conex\u00e3o do visitante com o territ\u00f3rio.<\/p>\n\n\n\n<h3 class=\"wp-block-heading\">Impacto no desenvolvimento local<\/h3>\n\n\n\n<p>O modelo tamb\u00e9m contribui para a diversifica\u00e7\u00e3o de renda no campo e incentiva a perman\u00eancia das fam\u00edlias na atividade rural. Ao mesmo tempo, o turismo gastron\u00f4mico amplia mercados para produtos artesanais e movimenta o com\u00e9rcio local.<\/p>\n\n\n\n<p>A experi\u00eancia vai al\u00e9m das propriedades. O <strong><a href=\"https:\/\/www.travel3.com.br\/site\/hotel\/hotel-estilo-de-minas-diamantina\/\" target=\"_blank\" rel=\"noreferrer noopener\">Hotel Estilo de Minas<\/a><\/strong> incorpora a cultura regional ao promover noites de jazz associadas \u00e0 gastronomia, conectando campo, mesa e express\u00e3o art\u00edstica.<\/p>\n\n\n\n<p>\u201c<strong><em>As harmoniza\u00e7\u00f5es entre queijos e vinhos refor\u00e7am o potencial dessa produ\u00e7\u00e3o integrada e fortalecem o destino<\/em><\/strong>\u201d, afirma <strong>Ricardo Luiz<\/strong>, produtor cultural do munic\u00edpio.<\/p>\n","protected":false},"excerpt":{"rendered":"<p>Roteiros de queijos e vinhos conectam produ\u00e7\u00e3o rural, gastronomia e turismo no destino mineiro<\/p>\n","protected":false},"author":5,"featured_media":81922,"comment_status":"open","ping_status":"open","sticky":false,"template":"","format":"standard","meta":{"footnotes":""},"categories":[226,7,6,4882],"tags":[2838,2315,468,272,4597,6028,7436],"class_list":["post-81921","post","type-post","status-publish","format-standard","has-post-thumbnail","hentry","category-destaque","category-dicas","category-gastronomia","category-home","tag-diamantina","tag-diamantina-mg","tag-enoturismo","tag-gastronomia","tag-queijos-mineiros","tag-turismo-no-brasil","tag-turismo-rural"],"yoast_head":"<!-- This site is optimized with the Yoast SEO plugin v26.2 - https:\/\/yoast.com\/wordpress\/plugins\/seo\/ -->\n<title>Diamantina integra agro e turismo com roteiros de experi\u00eancia - Travel3<\/title>\n<meta name=\"description\" content=\"Diamantina integra agro e turismo com roteiros de queijos, vinhos e experi\u00eancias que valorizam a produ\u00e7\u00e3o local e o turismo rural.\" \/>\n<meta name=\"robots\" content=\"index, follow, max-snippet:-1, max-image-preview:large, max-video-preview:-1\" \/>\n<link rel=\"canonical\" href=\"https:\/\/www.travel3.com.br\/site\/destaque\/turismo-diamantina-agro-experiencias\/\" \/>\n<meta property=\"og:locale\" content=\"pt_BR\" \/>\n<meta property=\"og:type\" content=\"article\" \/>\n<meta property=\"og:title\" content=\"Diamantina integra agro e turismo com roteiros de experi\u00eancia - Travel3\" \/>\n<meta property=\"og:description\" content=\"Diamantina integra agro e turismo com roteiros de queijos, vinhos e experi\u00eancias que valorizam a produ\u00e7\u00e3o local e o turismo rural.\" \/>\n<meta property=\"og:url\" content=\"https:\/\/www.travel3.com.br\/site\/destaque\/turismo-diamantina-agro-experiencias\/\" \/>\n<meta property=\"og:site_name\" content=\"Travel3\" \/>\n<meta property=\"article:publisher\" content=\"https:\/\/www.facebook.com\/travel3media\/\" \/>\n<meta property=\"article:published_time\" content=\"2026-04-28T12:00:00+00:00\" \/>\n<meta property=\"article:modified_time\" content=\"2026-04-28T12:38:55+00:00\" \/>\n<meta property=\"og:image\" content=\"https:\/\/www.travel3.com.br\/site\/wp-content\/uploads\/2026\/04\/Queijo-Diamantina_Easy-Resize.com_.jpg\" \/>\n\t<meta property=\"og:image:width\" content=\"1280\" \/>\n\t<meta property=\"og:image:height\" content=\"960\" \/>\n\t<meta property=\"og:image:type\" content=\"image\/jpeg\" \/>\n<meta name=\"author\" content=\"Reda\u00e7\u00e3o Travel3\" \/>\n<meta name=\"twitter:card\" content=\"summary_large_image\" \/>\n<meta name=\"twitter:label1\" content=\"Escrito por\" \/>\n\t<meta name=\"twitter:data1\" content=\"Reda\u00e7\u00e3o Travel3\" \/>\n\t<meta name=\"twitter:label2\" content=\"Est. tempo de leitura\" \/>\n\t<meta name=\"twitter:data2\" content=\"3 minutos\" \/>\n<script type=\"application\/ld+json\" class=\"yoast-schema-graph\">{\"@context\":\"https:\/\/schema.org\",\"@graph\":[{\"@type\":\"Article\",\"@id\":\"https:\/\/www.travel3.com.br\/site\/destaque\/turismo-diamantina-agro-experiencias\/#article\",\"isPartOf\":{\"@id\":\"https:\/\/www.travel3.com.br\/site\/destaque\/turismo-diamantina-agro-experiencias\/\"},\"author\":{\"name\":\"Reda\u00e7\u00e3o Travel3\",\"@id\":\"https:\/\/www.travel3.com.br\/site\/#\/schema\/person\/89251b0320bc67697de92249f97f3fdb\"},\"headline\":\"Diamantina integra agro e turismo com roteiros de experi\u00eancia\",\"datePublished\":\"2026-04-28T12:00:00+00:00\",\"dateModified\":\"2026-04-28T12:38:55+00:00\",\"mainEntityOfPage\":{\"@id\":\"https:\/\/www.travel3.com.br\/site\/destaque\/turismo-diamantina-agro-experiencias\/\"},\"wordCount\":343,\"commentCount\":0,\"publisher\":{\"@id\":\"https:\/\/www.travel3.com.br\/site\/#organization\"},\"image\":{\"@id\":\"https:\/\/www.travel3.com.br\/site\/destaque\/turismo-diamantina-agro-experiencias\/#primaryimage\"},\"thumbnailUrl\":\"https:\/\/www.travel3.com.br\/site\/wp-content\/uploads\/2026\/04\/Queijo-Diamantina_Easy-Resize.com_.jpg\",\"keywords\":[\"Diamantina\",\"Diamantina - MG\",\"Enoturismo\",\"gastronomia\",\"queijos mineiros\",\"turismo no Brasil\",\"Turismo Rural\"],\"articleSection\":[\"Destaque\",\"Dicas\",\"Gastronomia\",\"Home\"],\"inLanguage\":\"pt-BR\",\"potentialAction\":[{\"@type\":\"CommentAction\",\"name\":\"Comment\",\"target\":[\"https:\/\/www.travel3.com.br\/site\/destaque\/turismo-diamantina-agro-experiencias\/#respond\"]}]},{\"@type\":\"WebPage\",\"@id\":\"https:\/\/www.travel3.com.br\/site\/destaque\/turismo-diamantina-agro-experiencias\/\",\"url\":\"https:\/\/www.travel3.com.br\/site\/destaque\/turismo-diamantina-agro-experiencias\/\",\"name\":\"Diamantina integra agro e turismo com roteiros de experi\u00eancia - Travel3\",\"isPartOf\":{\"@id\":\"https:\/\/www.travel3.com.br\/site\/#website\"},\"primaryImageOfPage\":{\"@id\":\"https:\/\/www.travel3.com.br\/site\/destaque\/turismo-diamantina-agro-experiencias\/#primaryimage\"},\"image\":{\"@id\":\"https:\/\/www.travel3.com.br\/site\/destaque\/turismo-diamantina-agro-experiencias\/#primaryimage\"},\"thumbnailUrl\":\"https:\/\/www.travel3.com.br\/site\/wp-content\/uploads\/2026\/04\/Queijo-Diamantina_Easy-Resize.com_.jpg\",\"datePublished\":\"2026-04-28T12:00:00+00:00\",\"dateModified\":\"2026-04-28T12:38:55+00:00\",\"description\":\"Diamantina integra agro e turismo com roteiros de queijos, vinhos e experi\u00eancias que valorizam a produ\u00e7\u00e3o local e o turismo rural.\",\"breadcrumb\":{\"@id\":\"https:\/\/www.travel3.com.br\/site\/destaque\/turismo-diamantina-agro-experiencias\/#breadcrumb\"},\"inLanguage\":\"pt-BR\",\"potentialAction\":[{\"@type\":\"ReadAction\",\"target\":[\"https:\/\/www.travel3.com.br\/site\/destaque\/turismo-diamantina-agro-experiencias\/\"]}]},{\"@type\":\"ImageObject\",\"inLanguage\":\"pt-BR\",\"@id\":\"https:\/\/www.travel3.com.br\/site\/destaque\/turismo-diamantina-agro-experiencias\/#primaryimage\",\"url\":\"https:\/\/www.travel3.com.br\/site\/wp-content\/uploads\/2026\/04\/Queijo-Diamantina_Easy-Resize.com_.jpg\",\"contentUrl\":\"https:\/\/www.travel3.com.br\/site\/wp-content\/uploads\/2026\/04\/Queijo-Diamantina_Easy-Resize.com_.jpg\",\"width\":1280,\"height\":960,\"caption\":\"Do campo \u00e0 mesa, os queijos de Diamantina revelam uma experi\u00eancia que vai al\u00e9m do paladar (Foto: Divulga\u00e7\u00e3o)\"},{\"@type\":\"BreadcrumbList\",\"@id\":\"https:\/\/www.travel3.com.br\/site\/destaque\/turismo-diamantina-agro-experiencias\/#breadcrumb\",\"itemListElement\":[{\"@type\":\"ListItem\",\"position\":1,\"name\":\"In\u00edcio\",\"item\":\"https:\/\/www.travel3.com.br\/site\/\"},{\"@type\":\"ListItem\",\"position\":2,\"name\":\"Diamantina integra agro e turismo com roteiros de experi\u00eancia\"}]},{\"@type\":\"WebSite\",\"@id\":\"https:\/\/www.travel3.com.br\/site\/#website\",\"url\":\"https:\/\/www.travel3.com.br\/site\/\",\"name\":\"Travel3\",\"description\":\"Lazer + Neg&oacute;cios + Aventura\",\"publisher\":{\"@id\":\"https:\/\/www.travel3.com.br\/site\/#organization\"},\"potentialAction\":[{\"@type\":\"SearchAction\",\"target\":{\"@type\":\"EntryPoint\",\"urlTemplate\":\"https:\/\/www.travel3.com.br\/site\/?s={search_term_string}\"},\"query-input\":{\"@type\":\"PropertyValueSpecification\",\"valueRequired\":true,\"valueName\":\"search_term_string\"}}],\"inLanguage\":\"pt-BR\"},{\"@type\":\"Organization\",\"@id\":\"https:\/\/www.travel3.com.br\/site\/#organization\",\"name\":\"Travel3\",\"url\":\"https:\/\/www.travel3.com.br\/site\/\",\"logo\":{\"@type\":\"ImageObject\",\"inLanguage\":\"pt-BR\",\"@id\":\"https:\/\/www.travel3.com.br\/site\/#\/schema\/logo\/image\/\",\"url\":\"https:\/\/www.travel3.com.br\/site\/wp-content\/uploads\/2020\/01\/logo-travel3-2020.png\",\"contentUrl\":\"https:\/\/www.travel3.com.br\/site\/wp-content\/uploads\/2020\/01\/logo-travel3-2020.png\",\"width\":232,\"height\":79,\"caption\":\"Travel3\"},\"image\":{\"@id\":\"https:\/\/www.travel3.com.br\/site\/#\/schema\/logo\/image\/\"},\"sameAs\":[\"https:\/\/www.facebook.com\/travel3media\/\",\"https:\/\/www.instagram.com\/revistatravel3\/\",\"https:\/\/www.youtube.com\/channel\/UCno7J4paGBR3VbZQzvoJ9Eg\"]},{\"@type\":\"Person\",\"@id\":\"https:\/\/www.travel3.com.br\/site\/#\/schema\/person\/89251b0320bc67697de92249f97f3fdb\",\"name\":\"Reda\u00e7\u00e3o Travel3\",\"image\":{\"@type\":\"ImageObject\",\"inLanguage\":\"pt-BR\",\"@id\":\"https:\/\/www.travel3.com.br\/site\/#\/schema\/person\/image\/\",\"url\":\"https:\/\/secure.gravatar.com\/avatar\/85a5ec2ad99b1932f671ebf50c117db6?s=96&d=mm&r=g\",\"contentUrl\":\"https:\/\/secure.gravatar.com\/avatar\/85a5ec2ad99b1932f671ebf50c117db6?s=96&d=mm&r=g\",\"caption\":\"Reda\u00e7\u00e3o Travel3\"},\"sameAs\":[\"http:\/\/www.travel3.com.br\/\"],\"url\":\"https:\/\/www.travel3.com.br\/site\/author\/redacao\/\"}]}<\/script>\n<!-- \/ Yoast SEO plugin. -->","yoast_head_json":{"title":"Diamantina integra agro e turismo com roteiros de experi\u00eancia - Travel3","description":"Diamantina integra agro e turismo com roteiros de queijos, vinhos e experi\u00eancias que valorizam a produ\u00e7\u00e3o local e o turismo rural.","robots":{"index":"index","follow":"follow","max-snippet":"max-snippet:-1","max-image-preview":"max-image-preview:large","max-video-preview":"max-video-preview:-1"},"canonical":"https:\/\/www.travel3.com.br\/site\/destaque\/turismo-diamantina-agro-experiencias\/","og_locale":"pt_BR","og_type":"article","og_title":"Diamantina integra agro e turismo com roteiros de experi\u00eancia - Travel3","og_description":"Diamantina integra agro e turismo com roteiros de queijos, vinhos e experi\u00eancias que valorizam a produ\u00e7\u00e3o local e o turismo rural.","og_url":"https:\/\/www.travel3.com.br\/site\/destaque\/turismo-diamantina-agro-experiencias\/","og_site_name":"Travel3","article_publisher":"https:\/\/www.facebook.com\/travel3media\/","article_published_time":"2026-04-28T12:00:00+00:00","article_modified_time":"2026-04-28T12:38:55+00:00","og_image":[{"width":1280,"height":960,"url":"https:\/\/www.travel3.com.br\/site\/wp-content\/uploads\/2026\/04\/Queijo-Diamantina_Easy-Resize.com_.jpg","type":"image\/jpeg"}],"author":"Reda\u00e7\u00e3o Travel3","twitter_card":"summary_large_image","twitter_misc":{"Escrito por":"Reda\u00e7\u00e3o Travel3","Est. tempo de leitura":"3 minutos"},"schema":{"@context":"https:\/\/schema.org","@graph":[{"@type":"Article","@id":"https:\/\/www.travel3.com.br\/site\/destaque\/turismo-diamantina-agro-experiencias\/#article","isPartOf":{"@id":"https:\/\/www.travel3.com.br\/site\/destaque\/turismo-diamantina-agro-experiencias\/"},"author":{"name":"Reda\u00e7\u00e3o Travel3","@id":"https:\/\/www.travel3.com.br\/site\/#\/schema\/person\/89251b0320bc67697de92249f97f3fdb"},"headline":"Diamantina integra agro e turismo com roteiros de experi\u00eancia","datePublished":"2026-04-28T12:00:00+00:00","dateModified":"2026-04-28T12:38:55+00:00","mainEntityOfPage":{"@id":"https:\/\/www.travel3.com.br\/site\/destaque\/turismo-diamantina-agro-experiencias\/"},"wordCount":343,"commentCount":0,"publisher":{"@id":"https:\/\/www.travel3.com.br\/site\/#organization"},"image":{"@id":"https:\/\/www.travel3.com.br\/site\/destaque\/turismo-diamantina-agro-experiencias\/#primaryimage"},"thumbnailUrl":"https:\/\/www.travel3.com.br\/site\/wp-content\/uploads\/2026\/04\/Queijo-Diamantina_Easy-Resize.com_.jpg","keywords":["Diamantina","Diamantina - MG","Enoturismo","gastronomia","queijos mineiros","turismo no Brasil","Turismo Rural"],"articleSection":["Destaque","Dicas","Gastronomia","Home"],"inLanguage":"pt-BR","potentialAction":[{"@type":"CommentAction","name":"Comment","target":["https:\/\/www.travel3.com.br\/site\/destaque\/turismo-diamantina-agro-experiencias\/#respond"]}]},{"@type":"WebPage","@id":"https:\/\/www.travel3.com.br\/site\/destaque\/turismo-diamantina-agro-experiencias\/","url":"https:\/\/www.travel3.com.br\/site\/destaque\/turismo-diamantina-agro-experiencias\/","name":"Diamantina integra agro e turismo com roteiros de experi\u00eancia - Travel3","isPartOf":{"@id":"https:\/\/www.travel3.com.br\/site\/#website"},"primaryImageOfPage":{"@id":"https:\/\/www.travel3.com.br\/site\/destaque\/turismo-diamantina-agro-experiencias\/#primaryimage"},"image":{"@id":"https:\/\/www.travel3.com.br\/site\/destaque\/turismo-diamantina-agro-experiencias\/#primaryimage"},"thumbnailUrl":"https:\/\/www.travel3.com.br\/site\/wp-content\/uploads\/2026\/04\/Queijo-Diamantina_Easy-Resize.com_.jpg","datePublished":"2026-04-28T12:00:00+00:00","dateModified":"2026-04-28T12:38:55+00:00","description":"Diamantina integra agro e turismo com roteiros de queijos, vinhos e experi\u00eancias que valorizam a produ\u00e7\u00e3o local e o turismo rural.","breadcrumb":{"@id":"https:\/\/www.travel3.com.br\/site\/destaque\/turismo-diamantina-agro-experiencias\/#breadcrumb"},"inLanguage":"pt-BR","potentialAction":[{"@type":"ReadAction","target":["https:\/\/www.travel3.com.br\/site\/destaque\/turismo-diamantina-agro-experiencias\/"]}]},{"@type":"ImageObject","inLanguage":"pt-BR","@id":"https:\/\/www.travel3.com.br\/site\/destaque\/turismo-diamantina-agro-experiencias\/#primaryimage","url":"https:\/\/www.travel3.com.br\/site\/wp-content\/uploads\/2026\/04\/Queijo-Diamantina_Easy-Resize.com_.jpg","contentUrl":"https:\/\/www.travel3.com.br\/site\/wp-content\/uploads\/2026\/04\/Queijo-Diamantina_Easy-Resize.com_.jpg","width":1280,"height":960,"caption":"Do campo \u00e0 mesa, os queijos de Diamantina revelam uma experi\u00eancia que vai al\u00e9m do paladar (Foto: Divulga\u00e7\u00e3o)"},{"@type":"BreadcrumbList","@id":"https:\/\/www.travel3.com.br\/site\/destaque\/turismo-diamantina-agro-experiencias\/#breadcrumb","itemListElement":[{"@type":"ListItem","position":1,"name":"In\u00edcio","item":"https:\/\/www.travel3.com.br\/site\/"},{"@type":"ListItem","position":2,"name":"Diamantina integra agro e turismo com roteiros de experi\u00eancia"}]},{"@type":"WebSite","@id":"https:\/\/www.travel3.com.br\/site\/#website","url":"https:\/\/www.travel3.com.br\/site\/","name":"Travel3","description":"Lazer + Neg&oacute;cios + Aventura","publisher":{"@id":"https:\/\/www.travel3.com.br\/site\/#organization"},"potentialAction":[{"@type":"SearchAction","target":{"@type":"EntryPoint","urlTemplate":"https:\/\/www.travel3.com.br\/site\/?s={search_term_string}"},"query-input":{"@type":"PropertyValueSpecification","valueRequired":true,"valueName":"search_term_string"}}],"inLanguage":"pt-BR"},{"@type":"Organization","@id":"https:\/\/www.travel3.com.br\/site\/#organization","name":"Travel3","url":"https:\/\/www.travel3.com.br\/site\/","logo":{"@type":"ImageObject","inLanguage":"pt-BR","@id":"https:\/\/www.travel3.com.br\/site\/#\/schema\/logo\/image\/","url":"https:\/\/www.travel3.com.br\/site\/wp-content\/uploads\/2020\/01\/logo-travel3-2020.png","contentUrl":"https:\/\/www.travel3.com.br\/site\/wp-content\/uploads\/2020\/01\/logo-travel3-2020.png","width":232,"height":79,"caption":"Travel3"},"image":{"@id":"https:\/\/www.travel3.com.br\/site\/#\/schema\/logo\/image\/"},"sameAs":["https:\/\/www.facebook.com\/travel3media\/","https:\/\/www.instagram.com\/revistatravel3\/","https:\/\/www.youtube.com\/channel\/UCno7J4paGBR3VbZQzvoJ9Eg"]},{"@type":"Person","@id":"https:\/\/www.travel3.com.br\/site\/#\/schema\/person\/89251b0320bc67697de92249f97f3fdb","name":"Reda\u00e7\u00e3o Travel3","image":{"@type":"ImageObject","inLanguage":"pt-BR","@id":"https:\/\/www.travel3.com.br\/site\/#\/schema\/person\/image\/","url":"https:\/\/secure.gravatar.com\/avatar\/85a5ec2ad99b1932f671ebf50c117db6?s=96&d=mm&r=g","contentUrl":"https:\/\/secure.gravatar.com\/avatar\/85a5ec2ad99b1932f671ebf50c117db6?s=96&d=mm&r=g","caption":"Reda\u00e7\u00e3o Travel3"},"sameAs":["http:\/\/www.travel3.com.br\/"],"url":"https:\/\/www.travel3.com.br\/site\/author\/redacao\/"}]}},"_links":{"self":[{"href":"https:\/\/www.travel3.com.br\/site\/wp-json\/wp\/v2\/posts\/81921","targetHints":{"allow":["GET"]}}],"collection":[{"href":"https:\/\/www.travel3.com.br\/site\/wp-json\/wp\/v2\/posts"}],"about":[{"href":"https:\/\/www.travel3.com.br\/site\/wp-json\/wp\/v2\/types\/post"}],"author":[{"embeddable":true,"href":"https:\/\/www.travel3.com.br\/site\/wp-json\/wp\/v2\/users\/5"}],"replies":[{"embeddable":true,"href":"https:\/\/www.travel3.com.br\/site\/wp-json\/wp\/v2\/comments?post=81921"}],"version-history":[{"count":2,"href":"https:\/\/www.travel3.com.br\/site\/wp-json\/wp\/v2\/posts\/81921\/revisions"}],"predecessor-version":[{"id":81925,"href":"https:\/\/www.travel3.com.br\/site\/wp-json\/wp\/v2\/posts\/81921\/revisions\/81925"}],"wp:featuredmedia":[{"embeddable":true,"href":"https:\/\/www.travel3.com.br\/site\/wp-json\/wp\/v2\/media\/81922"}],"wp:attachment":[{"href":"https:\/\/www.travel3.com.br\/site\/wp-json\/wp\/v2\/media?parent=81921"}],"wp:term":[{"taxonomy":"category","embeddable":true,"href":"https:\/\/www.travel3.com.br\/site\/wp-json\/wp\/v2\/categories?post=81921"},{"taxonomy":"post_tag","embeddable":true,"href":"https:\/\/www.travel3.com.br\/site\/wp-json\/wp\/v2\/tags?post=81921"}],"curies":[{"name":"wp","href":"https:\/\/api.w.org\/{rel}","templated":true}]}}