{"id":81900,"date":"2026-04-28T09:22:21","date_gmt":"2026-04-28T12:22:21","guid":{"rendered":"https:\/\/www.travel3.com.br\/site\/?p=81900"},"modified":"2026-04-28T09:22:23","modified_gmt":"2026-04-28T12:22:23","slug":"esim-airalo-conectividade-viagem-internacional","status":"publish","type":"post","link":"https:\/\/www.travel3.com.br\/site\/acontece-no-turismo\/esim-airalo-conectividade-viagem-internacional\/","title":{"rendered":"Conectividade entra no planejamento de viagem e impulsiona uso de eSIM"},"content":{"rendered":"\n<h2 class=\"wp-block-heading\">Airalo amplia presen\u00e7a na Am\u00e9rica Latina e aposta em solu\u00e7\u00f5es digitais para viajantes internacionais<\/h2>\n\n\n\n<p>A conectividade internacional se tornou parte essencial do planejamento de viagem. O que antes era resolvido com Wi-Fi de hotel ou chips locais agora evolui para solu\u00e7\u00f5es digitais que permitem ao viajante chegar ao destino j\u00e1 conectado \u2014 sem depender de operadoras tradicionais ou altos custos de roaming.<\/p>\n\n\n\n<p>Esse movimento reflete a r\u00e1pida ado\u00e7\u00e3o do eSIM, tecnologia que vem transformando a forma como turistas acessam internet no exterior. Durante a WTM Latin America, a <strong>Airalo <\/strong>refor\u00e7ou seu posicionamento nesse cen\u00e1rio, acompanhando o crescimento da demanda por conectividade pr\u00e1tica e acess\u00edvel.<\/p>\n\n\n<div class=\"wp-block-image\">\n<figure class=\"aligncenter size-large is-resized\"><img loading=\"lazy\" decoding=\"async\" width=\"918\" height=\"1024\" src=\"https:\/\/www.travel3.com.br\/site\/wp-content\/uploads\/2026\/04\/IMG_0965_Easy-Resize.com-1-918x1024.jpg\" alt=\"conectividade - Airalo\" class=\"wp-image-81904\" style=\"width:565px;height:auto\" srcset=\"https:\/\/www.travel3.com.br\/site\/wp-content\/uploads\/2026\/04\/IMG_0965_Easy-Resize.com-1-918x1024.jpg 918w, https:\/\/www.travel3.com.br\/site\/wp-content\/uploads\/2026\/04\/IMG_0965_Easy-Resize.com-1-269x300.jpg 269w, https:\/\/www.travel3.com.br\/site\/wp-content\/uploads\/2026\/04\/IMG_0965_Easy-Resize.com-1-768x856.jpg 768w, https:\/\/www.travel3.com.br\/site\/wp-content\/uploads\/2026\/04\/IMG_0965_Easy-Resize.com-1-150x167.jpg 150w, https:\/\/www.travel3.com.br\/site\/wp-content\/uploads\/2026\/04\/IMG_0965_Easy-Resize.com-1-750x836.jpg 750w, https:\/\/www.travel3.com.br\/site\/wp-content\/uploads\/2026\/04\/IMG_0965_Easy-Resize.com-1.jpg 938w\" sizes=\"auto, (max-width: 918px) 100vw, 918px\" \/><figcaption class=\"wp-element-caption\">Christian Marranghello, diretor de parcerias para a Am\u00e9rica Latina da Airalo (Foto: Caroline Tonaco)<\/figcaption><\/figure><\/div>\n\n\n<p>Criada em 2019, a empresa se apresenta como a primeira e maior plataforma de eSIM do mundo, com cobertura em mais de 200 pa\u00edses e regi\u00f5es. Segundo <strong>Christian Marranghello<\/strong>, diretor de Parcerias para a Am\u00e9rica Latina, a proposta \u00e9 simplificar a experi\u00eancia do viajante desde o momento da chegada ao destino.<\/p>\n\n\n\n<blockquote class=\"wp-block-quote is-layout-flow wp-block-quote-is-layout-flow\">\n<p>\u201c<strong><em>A ideia \u00e9 que o cliente saia do seu pa\u00eds e, ao desembarcar, tenha a mesma experi\u00eancia de conex\u00e3o que j\u00e1 tem em casa<\/em><\/strong>\u201d, afirma Marranghello.<\/p>\n<\/blockquote>\n\n\n\n<p>A solu\u00e7\u00e3o elimina a necessidade de chips f\u00edsicos e permite que o usu\u00e1rio compre e ative o servi\u00e7o ainda no pa\u00eds de origem. Com isso, o viajante chega conectado, sem depender de redes p\u00fablicas ou processos de compra no destino.<\/p>\n\n\n\n<p>A <strong>Airalo <\/strong>oferece tr\u00eas tipos de planos: locais, v\u00e1lidos para um \u00fanico pa\u00eds; regionais, que cobrem blocos como Europa ou Am\u00e9rica do Norte; e globais, voltados para roteiros com m\u00faltiplos destinos. A variedade acompanha o comportamento do turista atual, especialmente em viagens que envolvem mais de um pa\u00eds.<\/p>\n\n\n\n<p>Eventos internacionais tamb\u00e9m impulsionam essa demanda. Em competi\u00e7\u00f5es como a <strong>Copa do Mundo 2026<\/strong>, por exemplo, quando jogos acontecer\u00e3o em tr\u00eas diferentes pa\u00edses, o uso de planos regionais ou globais permite que o viajante se mantenha conectado ao longo de todo o roteiro, sem necessidade de trocar de chip.<\/p>\n\n\n\n<p>O crescimento da empresa acompanha tamb\u00e9m a evolu\u00e7\u00e3o do mercado. A expans\u00e3o de dispositivos compat\u00edveis com eSIM tem impulsionado a ado\u00e7\u00e3o da tecnologia, tend\u00eancia que deve se intensificar nos pr\u00f3ximos anos.<\/p>\n\n\n\n<blockquote class=\"wp-block-quote is-layout-flow wp-block-quote-is-layout-flow\">\n<p>\u201c<strong><em>Hoje temos um produto simples de usar, acess\u00edvel e dispon\u00edvel em diferentes canais, como aplicativo, site, ag\u00eancias de viagens, programas de fidelidade e at\u00e9 bancos. \u00c9 uma solu\u00e7\u00e3o que entrega melhor qualidade e que atende qualquer tipo de viagem internacional<\/em><\/strong>. \u201d, destaca Marranghello.<\/p>\n<\/blockquote>\n\n\n\n<p>No Brasil, a empresa investe na adapta\u00e7\u00e3o da comunica\u00e7\u00e3o e na amplia\u00e7\u00e3o de parcerias com empresas do setor de turismo e do mercado financeiro. A estrat\u00e9gia busca integrar a conectividade \u00e0 jornada completa do viajante.<\/p>\n\n\n\n<p>Mais do que uma conveni\u00eancia, estar conectado passou a ser uma expectativa b\u00e1sica. Nesse cen\u00e1rio, o eSIM deixa de ser tend\u00eancia e passa a fazer parte da experi\u00eancia de viagem.<\/p>\n","protected":false},"excerpt":{"rendered":"<p>Airalo amplia presen\u00e7a na Am\u00e9rica Latina e aposta em solu\u00e7\u00f5es digitais para viajantes internacionais<\/p>\n","protected":false},"author":14,"featured_media":81902,"comment_status":"open","ping_status":"open","sticky":false,"template":"","format":"standard","meta":{"footnotes":""},"categories":[969],"tags":[7377,763,7378,7434],"class_list":["post-81900","post","type-post","status-publish","format-standard","has-post-thumbnail","hentry","category-acontece-no-turismo","tag-airalo","tag-conectividade","tag-esims","tag-viajar-conectado"],"yoast_head":"<!-- This site is optimized with the Yoast SEO plugin v26.2 - https:\/\/yoast.com\/wordpress\/plugins\/seo\/ -->\n<title>Conectividade entra no planejamento de viagem e impulsiona uso de eSIM - Travel3<\/title>\n<meta name=\"description\" content=\"Airalo destaca crescimento do eSIM e refor\u00e7a conectividade como parte essencial do planejamento de viagens internacionais\" \/>\n<meta name=\"robots\" content=\"index, follow, max-snippet:-1, max-image-preview:large, max-video-preview:-1\" \/>\n<link rel=\"canonical\" href=\"https:\/\/www.travel3.com.br\/site\/acontece-no-turismo\/esim-airalo-conectividade-viagem-internacional\/\" \/>\n<meta property=\"og:locale\" content=\"pt_BR\" \/>\n<meta property=\"og:type\" content=\"article\" \/>\n<meta property=\"og:title\" content=\"Conectividade entra no planejamento de viagem e impulsiona uso de eSIM - Travel3\" \/>\n<meta property=\"og:description\" content=\"Airalo destaca crescimento do eSIM e refor\u00e7a conectividade como parte essencial do planejamento de viagens internacionais\" \/>\n<meta property=\"og:url\" content=\"https:\/\/www.travel3.com.br\/site\/acontece-no-turismo\/esim-airalo-conectividade-viagem-internacional\/\" \/>\n<meta property=\"og:site_name\" content=\"Travel3\" \/>\n<meta property=\"article:publisher\" content=\"https:\/\/www.facebook.com\/travel3media\/\" \/>\n<meta property=\"article:published_time\" content=\"2026-04-28T12:22:21+00:00\" \/>\n<meta property=\"article:modified_time\" content=\"2026-04-28T12:22:23+00:00\" \/>\n<meta property=\"og:image\" content=\"https:\/\/www.travel3.com.br\/site\/wp-content\/uploads\/2026\/04\/Airalo-Viajar-Conectado.jpg\" \/>\n\t<meta property=\"og:image:width\" content=\"1280\" \/>\n\t<meta property=\"og:image:height\" content=\"853\" \/>\n\t<meta property=\"og:image:type\" content=\"image\/jpeg\" \/>\n<meta name=\"author\" content=\"Caroline Tonaco\" \/>\n<meta name=\"twitter:card\" content=\"summary_large_image\" \/>\n<meta name=\"twitter:label1\" content=\"Escrito por\" \/>\n\t<meta name=\"twitter:data1\" content=\"Caroline Tonaco\" \/>\n\t<meta name=\"twitter:label2\" content=\"Est. tempo de leitura\" \/>\n\t<meta name=\"twitter:data2\" content=\"3 minutos\" \/>\n<script type=\"application\/ld+json\" class=\"yoast-schema-graph\">{\"@context\":\"https:\/\/schema.org\",\"@graph\":[{\"@type\":\"Article\",\"@id\":\"https:\/\/www.travel3.com.br\/site\/acontece-no-turismo\/esim-airalo-conectividade-viagem-internacional\/#article\",\"isPartOf\":{\"@id\":\"https:\/\/www.travel3.com.br\/site\/acontece-no-turismo\/esim-airalo-conectividade-viagem-internacional\/\"},\"author\":{\"name\":\"Caroline Tonaco\",\"@id\":\"https:\/\/www.travel3.com.br\/site\/#\/schema\/person\/d837eaf73c4e8896e932e0acede946c0\"},\"headline\":\"Conectividade entra no planejamento de viagem e impulsiona uso de eSIM\",\"datePublished\":\"2026-04-28T12:22:21+00:00\",\"dateModified\":\"2026-04-28T12:22:23+00:00\",\"mainEntityOfPage\":{\"@id\":\"https:\/\/www.travel3.com.br\/site\/acontece-no-turismo\/esim-airalo-conectividade-viagem-internacional\/\"},\"wordCount\":528,\"commentCount\":0,\"publisher\":{\"@id\":\"https:\/\/www.travel3.com.br\/site\/#organization\"},\"image\":{\"@id\":\"https:\/\/www.travel3.com.br\/site\/acontece-no-turismo\/esim-airalo-conectividade-viagem-internacional\/#primaryimage\"},\"thumbnailUrl\":\"https:\/\/www.travel3.com.br\/site\/wp-content\/uploads\/2026\/04\/Airalo-Viajar-Conectado.jpg\",\"keywords\":[\"Airalo\",\"conectividade\",\"eSIMs\",\"viajar conectado\"],\"articleSection\":[\"Acontece no Turismo\"],\"inLanguage\":\"pt-BR\",\"potentialAction\":[{\"@type\":\"CommentAction\",\"name\":\"Comment\",\"target\":[\"https:\/\/www.travel3.com.br\/site\/acontece-no-turismo\/esim-airalo-conectividade-viagem-internacional\/#respond\"]}]},{\"@type\":\"WebPage\",\"@id\":\"https:\/\/www.travel3.com.br\/site\/acontece-no-turismo\/esim-airalo-conectividade-viagem-internacional\/\",\"url\":\"https:\/\/www.travel3.com.br\/site\/acontece-no-turismo\/esim-airalo-conectividade-viagem-internacional\/\",\"name\":\"Conectividade entra no planejamento de viagem e impulsiona uso de eSIM - Travel3\",\"isPartOf\":{\"@id\":\"https:\/\/www.travel3.com.br\/site\/#website\"},\"primaryImageOfPage\":{\"@id\":\"https:\/\/www.travel3.com.br\/site\/acontece-no-turismo\/esim-airalo-conectividade-viagem-internacional\/#primaryimage\"},\"image\":{\"@id\":\"https:\/\/www.travel3.com.br\/site\/acontece-no-turismo\/esim-airalo-conectividade-viagem-internacional\/#primaryimage\"},\"thumbnailUrl\":\"https:\/\/www.travel3.com.br\/site\/wp-content\/uploads\/2026\/04\/Airalo-Viajar-Conectado.jpg\",\"datePublished\":\"2026-04-28T12:22:21+00:00\",\"dateModified\":\"2026-04-28T12:22:23+00:00\",\"description\":\"Airalo destaca crescimento do eSIM e refor\u00e7a conectividade como parte essencial do planejamento de viagens internacionais\",\"breadcrumb\":{\"@id\":\"https:\/\/www.travel3.com.br\/site\/acontece-no-turismo\/esim-airalo-conectividade-viagem-internacional\/#breadcrumb\"},\"inLanguage\":\"pt-BR\",\"potentialAction\":[{\"@type\":\"ReadAction\",\"target\":[\"https:\/\/www.travel3.com.br\/site\/acontece-no-turismo\/esim-airalo-conectividade-viagem-internacional\/\"]}]},{\"@type\":\"ImageObject\",\"inLanguage\":\"pt-BR\",\"@id\":\"https:\/\/www.travel3.com.br\/site\/acontece-no-turismo\/esim-airalo-conectividade-viagem-internacional\/#primaryimage\",\"url\":\"https:\/\/www.travel3.com.br\/site\/wp-content\/uploads\/2026\/04\/Airalo-Viajar-Conectado.jpg\",\"contentUrl\":\"https:\/\/www.travel3.com.br\/site\/wp-content\/uploads\/2026\/04\/Airalo-Viajar-Conectado.jpg\",\"width\":1280,\"height\":853,\"caption\":\"Cresce a procura por eSIM entre viajantes que buscam conex\u00e3o mais pr\u00e1tica no exterior (Foto: Divulga\u00e7\u00e3o)\"},{\"@type\":\"BreadcrumbList\",\"@id\":\"https:\/\/www.travel3.com.br\/site\/acontece-no-turismo\/esim-airalo-conectividade-viagem-internacional\/#breadcrumb\",\"itemListElement\":[{\"@type\":\"ListItem\",\"position\":1,\"name\":\"In\u00edcio\",\"item\":\"https:\/\/www.travel3.com.br\/site\/\"},{\"@type\":\"ListItem\",\"position\":2,\"name\":\"Conectividade entra no planejamento de viagem e impulsiona uso de eSIM\"}]},{\"@type\":\"WebSite\",\"@id\":\"https:\/\/www.travel3.com.br\/site\/#website\",\"url\":\"https:\/\/www.travel3.com.br\/site\/\",\"name\":\"Travel3\",\"description\":\"Lazer + Neg&oacute;cios + Aventura\",\"publisher\":{\"@id\":\"https:\/\/www.travel3.com.br\/site\/#organization\"},\"potentialAction\":[{\"@type\":\"SearchAction\",\"target\":{\"@type\":\"EntryPoint\",\"urlTemplate\":\"https:\/\/www.travel3.com.br\/site\/?s={search_term_string}\"},\"query-input\":{\"@type\":\"PropertyValueSpecification\",\"valueRequired\":true,\"valueName\":\"search_term_string\"}}],\"inLanguage\":\"pt-BR\"},{\"@type\":\"Organization\",\"@id\":\"https:\/\/www.travel3.com.br\/site\/#organization\",\"name\":\"Travel3\",\"url\":\"https:\/\/www.travel3.com.br\/site\/\",\"logo\":{\"@type\":\"ImageObject\",\"inLanguage\":\"pt-BR\",\"@id\":\"https:\/\/www.travel3.com.br\/site\/#\/schema\/logo\/image\/\",\"url\":\"https:\/\/www.travel3.com.br\/site\/wp-content\/uploads\/2020\/01\/logo-travel3-2020.png\",\"contentUrl\":\"https:\/\/www.travel3.com.br\/site\/wp-content\/uploads\/2020\/01\/logo-travel3-2020.png\",\"width\":232,\"height\":79,\"caption\":\"Travel3\"},\"image\":{\"@id\":\"https:\/\/www.travel3.com.br\/site\/#\/schema\/logo\/image\/\"},\"sameAs\":[\"https:\/\/www.facebook.com\/travel3media\/\",\"https:\/\/www.instagram.com\/revistatravel3\/\",\"https:\/\/www.youtube.com\/channel\/UCno7J4paGBR3VbZQzvoJ9Eg\"]},{\"@type\":\"Person\",\"@id\":\"https:\/\/www.travel3.com.br\/site\/#\/schema\/person\/d837eaf73c4e8896e932e0acede946c0\",\"name\":\"Caroline Tonaco\",\"image\":{\"@type\":\"ImageObject\",\"inLanguage\":\"pt-BR\",\"@id\":\"https:\/\/www.travel3.com.br\/site\/#\/schema\/person\/image\/\",\"url\":\"https:\/\/www.travel3.com.br\/site\/wp-content\/uploads\/2019\/09\/caroline-150x150.jpeg\",\"contentUrl\":\"https:\/\/www.travel3.com.br\/site\/wp-content\/uploads\/2019\/09\/caroline-150x150.jpeg\",\"caption\":\"Caroline Tonaco\"},\"sameAs\":[\"https:\/\/www.travel3.com.br\/\",\"https:\/\/www.instagram.com\/carolinetonaco\/\"],\"url\":\"https:\/\/www.travel3.com.br\/site\/author\/caroline\/\"}]}<\/script>\n<!-- \/ Yoast SEO plugin. -->","yoast_head_json":{"title":"Conectividade entra no planejamento de viagem e impulsiona uso de eSIM - Travel3","description":"Airalo destaca crescimento do eSIM e refor\u00e7a conectividade como parte essencial do planejamento de viagens internacionais","robots":{"index":"index","follow":"follow","max-snippet":"max-snippet:-1","max-image-preview":"max-image-preview:large","max-video-preview":"max-video-preview:-1"},"canonical":"https:\/\/www.travel3.com.br\/site\/acontece-no-turismo\/esim-airalo-conectividade-viagem-internacional\/","og_locale":"pt_BR","og_type":"article","og_title":"Conectividade entra no planejamento de viagem e impulsiona uso de eSIM - Travel3","og_description":"Airalo destaca crescimento do eSIM e refor\u00e7a conectividade como parte essencial do planejamento de viagens internacionais","og_url":"https:\/\/www.travel3.com.br\/site\/acontece-no-turismo\/esim-airalo-conectividade-viagem-internacional\/","og_site_name":"Travel3","article_publisher":"https:\/\/www.facebook.com\/travel3media\/","article_published_time":"2026-04-28T12:22:21+00:00","article_modified_time":"2026-04-28T12:22:23+00:00","og_image":[{"width":1280,"height":853,"url":"https:\/\/www.travel3.com.br\/site\/wp-content\/uploads\/2026\/04\/Airalo-Viajar-Conectado.jpg","type":"image\/jpeg"}],"author":"Caroline Tonaco","twitter_card":"summary_large_image","twitter_misc":{"Escrito por":"Caroline Tonaco","Est. tempo de leitura":"3 minutos"},"schema":{"@context":"https:\/\/schema.org","@graph":[{"@type":"Article","@id":"https:\/\/www.travel3.com.br\/site\/acontece-no-turismo\/esim-airalo-conectividade-viagem-internacional\/#article","isPartOf":{"@id":"https:\/\/www.travel3.com.br\/site\/acontece-no-turismo\/esim-airalo-conectividade-viagem-internacional\/"},"author":{"name":"Caroline Tonaco","@id":"https:\/\/www.travel3.com.br\/site\/#\/schema\/person\/d837eaf73c4e8896e932e0acede946c0"},"headline":"Conectividade entra no planejamento de viagem e impulsiona uso de eSIM","datePublished":"2026-04-28T12:22:21+00:00","dateModified":"2026-04-28T12:22:23+00:00","mainEntityOfPage":{"@id":"https:\/\/www.travel3.com.br\/site\/acontece-no-turismo\/esim-airalo-conectividade-viagem-internacional\/"},"wordCount":528,"commentCount":0,"publisher":{"@id":"https:\/\/www.travel3.com.br\/site\/#organization"},"image":{"@id":"https:\/\/www.travel3.com.br\/site\/acontece-no-turismo\/esim-airalo-conectividade-viagem-internacional\/#primaryimage"},"thumbnailUrl":"https:\/\/www.travel3.com.br\/site\/wp-content\/uploads\/2026\/04\/Airalo-Viajar-Conectado.jpg","keywords":["Airalo","conectividade","eSIMs","viajar conectado"],"articleSection":["Acontece no Turismo"],"inLanguage":"pt-BR","potentialAction":[{"@type":"CommentAction","name":"Comment","target":["https:\/\/www.travel3.com.br\/site\/acontece-no-turismo\/esim-airalo-conectividade-viagem-internacional\/#respond"]}]},{"@type":"WebPage","@id":"https:\/\/www.travel3.com.br\/site\/acontece-no-turismo\/esim-airalo-conectividade-viagem-internacional\/","url":"https:\/\/www.travel3.com.br\/site\/acontece-no-turismo\/esim-airalo-conectividade-viagem-internacional\/","name":"Conectividade entra no planejamento de viagem e impulsiona uso de eSIM - Travel3","isPartOf":{"@id":"https:\/\/www.travel3.com.br\/site\/#website"},"primaryImageOfPage":{"@id":"https:\/\/www.travel3.com.br\/site\/acontece-no-turismo\/esim-airalo-conectividade-viagem-internacional\/#primaryimage"},"image":{"@id":"https:\/\/www.travel3.com.br\/site\/acontece-no-turismo\/esim-airalo-conectividade-viagem-internacional\/#primaryimage"},"thumbnailUrl":"https:\/\/www.travel3.com.br\/site\/wp-content\/uploads\/2026\/04\/Airalo-Viajar-Conectado.jpg","datePublished":"2026-04-28T12:22:21+00:00","dateModified":"2026-04-28T12:22:23+00:00","description":"Airalo destaca crescimento do eSIM e refor\u00e7a conectividade como parte essencial do planejamento de viagens internacionais","breadcrumb":{"@id":"https:\/\/www.travel3.com.br\/site\/acontece-no-turismo\/esim-airalo-conectividade-viagem-internacional\/#breadcrumb"},"inLanguage":"pt-BR","potentialAction":[{"@type":"ReadAction","target":["https:\/\/www.travel3.com.br\/site\/acontece-no-turismo\/esim-airalo-conectividade-viagem-internacional\/"]}]},{"@type":"ImageObject","inLanguage":"pt-BR","@id":"https:\/\/www.travel3.com.br\/site\/acontece-no-turismo\/esim-airalo-conectividade-viagem-internacional\/#primaryimage","url":"https:\/\/www.travel3.com.br\/site\/wp-content\/uploads\/2026\/04\/Airalo-Viajar-Conectado.jpg","contentUrl":"https:\/\/www.travel3.com.br\/site\/wp-content\/uploads\/2026\/04\/Airalo-Viajar-Conectado.jpg","width":1280,"height":853,"caption":"Cresce a procura por eSIM entre viajantes que buscam conex\u00e3o mais pr\u00e1tica no exterior (Foto: Divulga\u00e7\u00e3o)"},{"@type":"BreadcrumbList","@id":"https:\/\/www.travel3.com.br\/site\/acontece-no-turismo\/esim-airalo-conectividade-viagem-internacional\/#breadcrumb","itemListElement":[{"@type":"ListItem","position":1,"name":"In\u00edcio","item":"https:\/\/www.travel3.com.br\/site\/"},{"@type":"ListItem","position":2,"name":"Conectividade entra no planejamento de viagem e impulsiona uso de eSIM"}]},{"@type":"WebSite","@id":"https:\/\/www.travel3.com.br\/site\/#website","url":"https:\/\/www.travel3.com.br\/site\/","name":"Travel3","description":"Lazer + Neg&oacute;cios + Aventura","publisher":{"@id":"https:\/\/www.travel3.com.br\/site\/#organization"},"potentialAction":[{"@type":"SearchAction","target":{"@type":"EntryPoint","urlTemplate":"https:\/\/www.travel3.com.br\/site\/?s={search_term_string}"},"query-input":{"@type":"PropertyValueSpecification","valueRequired":true,"valueName":"search_term_string"}}],"inLanguage":"pt-BR"},{"@type":"Organization","@id":"https:\/\/www.travel3.com.br\/site\/#organization","name":"Travel3","url":"https:\/\/www.travel3.com.br\/site\/","logo":{"@type":"ImageObject","inLanguage":"pt-BR","@id":"https:\/\/www.travel3.com.br\/site\/#\/schema\/logo\/image\/","url":"https:\/\/www.travel3.com.br\/site\/wp-content\/uploads\/2020\/01\/logo-travel3-2020.png","contentUrl":"https:\/\/www.travel3.com.br\/site\/wp-content\/uploads\/2020\/01\/logo-travel3-2020.png","width":232,"height":79,"caption":"Travel3"},"image":{"@id":"https:\/\/www.travel3.com.br\/site\/#\/schema\/logo\/image\/"},"sameAs":["https:\/\/www.facebook.com\/travel3media\/","https:\/\/www.instagram.com\/revistatravel3\/","https:\/\/www.youtube.com\/channel\/UCno7J4paGBR3VbZQzvoJ9Eg"]},{"@type":"Person","@id":"https:\/\/www.travel3.com.br\/site\/#\/schema\/person\/d837eaf73c4e8896e932e0acede946c0","name":"Caroline Tonaco","image":{"@type":"ImageObject","inLanguage":"pt-BR","@id":"https:\/\/www.travel3.com.br\/site\/#\/schema\/person\/image\/","url":"https:\/\/www.travel3.com.br\/site\/wp-content\/uploads\/2019\/09\/caroline-150x150.jpeg","contentUrl":"https:\/\/www.travel3.com.br\/site\/wp-content\/uploads\/2019\/09\/caroline-150x150.jpeg","caption":"Caroline Tonaco"},"sameAs":["https:\/\/www.travel3.com.br\/","https:\/\/www.instagram.com\/carolinetonaco\/"],"url":"https:\/\/www.travel3.com.br\/site\/author\/caroline\/"}]}},"_links":{"self":[{"href":"https:\/\/www.travel3.com.br\/site\/wp-json\/wp\/v2\/posts\/81900","targetHints":{"allow":["GET"]}}],"collection":[{"href":"https:\/\/www.travel3.com.br\/site\/wp-json\/wp\/v2\/posts"}],"about":[{"href":"https:\/\/www.travel3.com.br\/site\/wp-json\/wp\/v2\/types\/post"}],"author":[{"embeddable":true,"href":"https:\/\/www.travel3.com.br\/site\/wp-json\/wp\/v2\/users\/14"}],"replies":[{"embeddable":true,"href":"https:\/\/www.travel3.com.br\/site\/wp-json\/wp\/v2\/comments?post=81900"}],"version-history":[{"count":6,"href":"https:\/\/www.travel3.com.br\/site\/wp-json\/wp\/v2\/posts\/81900\/revisions"}],"predecessor-version":[{"id":81908,"href":"https:\/\/www.travel3.com.br\/site\/wp-json\/wp\/v2\/posts\/81900\/revisions\/81908"}],"wp:featuredmedia":[{"embeddable":true,"href":"https:\/\/www.travel3.com.br\/site\/wp-json\/wp\/v2\/media\/81902"}],"wp:attachment":[{"href":"https:\/\/www.travel3.com.br\/site\/wp-json\/wp\/v2\/media?parent=81900"}],"wp:term":[{"taxonomy":"category","embeddable":true,"href":"https:\/\/www.travel3.com.br\/site\/wp-json\/wp\/v2\/categories?post=81900"},{"taxonomy":"post_tag","embeddable":true,"href":"https:\/\/www.travel3.com.br\/site\/wp-json\/wp\/v2\/tags?post=81900"}],"curies":[{"name":"wp","href":"https:\/\/api.w.org\/{rel}","templated":true}]}}