{"id":81870,"date":"2026-04-27T11:34:25","date_gmt":"2026-04-27T14:34:25","guid":{"rendered":"https:\/\/www.travel3.com.br\/site\/?p=81870"},"modified":"2026-04-27T12:04:34","modified_gmt":"2026-04-27T15:04:34","slug":"diversa-turismo-8-anos-minas","status":"publish","type":"post","link":"https:\/\/www.travel3.com.br\/site\/acontece-no-turismo\/diversa-turismo-8-anos-minas\/","title":{"rendered":"Diversa celebra 8 anos com ag\u00eancias de destaque em Minas"},"content":{"rendered":"\n<h2 class=\"wp-block-heading\">Operadora re\u00fane parceiros em Belo Horizonte e destaca crescimento e expans\u00e3o em grupos<\/h2>\n\n\n\n<p>A <strong><a href=\"https:\/\/diversaturismo.com.br\/\" target=\"_blank\" rel=\"noreferrer noopener\">Diversa Turismo <\/a><\/strong>reuniu na \u00faltima sexta-feira, 24\/4, em Belo Horizonte, oito ag\u00eancias de viagens que se destacaram em vendas no mercado mineiro para um almo\u00e7o exclusivo no <strong>Pobre Juan<\/strong>, em comemora\u00e7\u00e3o aos oito anos da operadora. <\/p>\n\n\n\n<p>O encontro contou com a presen\u00e7a da diretora comercial e de vendas, <strong>Adriana Fredericce<\/strong>, que veio de S\u00e3o Paulo para a ocasi\u00e3o, e do gerente em Minas Gerais, <strong>Filipe Lorandes<\/strong>.<\/p>\n\n\n<div class=\"wp-block-image\">\n<figure class=\"aligncenter size-large is-resized\"><img loading=\"lazy\" decoding=\"async\" width=\"805\" height=\"1024\" src=\"https:\/\/www.travel3.com.br\/site\/wp-content\/uploads\/2026\/04\/IMG_1064-1_Easy-Resize.com_-805x1024.jpg\" alt=\"8 anos diversa Pobre Juan BH\" class=\"wp-image-81876\" style=\"width:512px;height:auto\" srcset=\"https:\/\/www.travel3.com.br\/site\/wp-content\/uploads\/2026\/04\/IMG_1064-1_Easy-Resize.com_-805x1024.jpg 805w, https:\/\/www.travel3.com.br\/site\/wp-content\/uploads\/2026\/04\/IMG_1064-1_Easy-Resize.com_-236x300.jpg 236w, https:\/\/www.travel3.com.br\/site\/wp-content\/uploads\/2026\/04\/IMG_1064-1_Easy-Resize.com_-768x977.jpg 768w, https:\/\/www.travel3.com.br\/site\/wp-content\/uploads\/2026\/04\/IMG_1064-1_Easy-Resize.com_-150x191.jpg 150w, https:\/\/www.travel3.com.br\/site\/wp-content\/uploads\/2026\/04\/IMG_1064-1_Easy-Resize.com_-750x954.jpg 750w, https:\/\/www.travel3.com.br\/site\/wp-content\/uploads\/2026\/04\/IMG_1064-1_Easy-Resize.com_.jpg 1006w\" sizes=\"auto, (max-width: 805px) 100vw, 805px\" \/><figcaption class=\"wp-element-caption\">Foto: Caroline Tonaco<\/figcaption><\/figure><\/div>\n\n\n<p>A iniciativa teve como objetivo reconhecer parceiros estrat\u00e9gicos e fortalecer o relacionamento com o trade local. \u201c<strong><em>O convite n\u00e3o foi para ag\u00eancias de maior faturamento, mas para quem construiu essa hist\u00f3ria com a gente, especialmente aqui em Minas<\/em><\/strong>\u201d, afirmou Adriana.<\/p>\n\n\n\n<p>Participaram do encontro <strong>Gustavo Lafet\u00e1<\/strong> (WTT Viagens), <strong>Fred Pimenta<\/strong> (Pronto Pra Voc\u00ea), <strong>Tainah Coimbra<\/strong> (Alta Esta\u00e7\u00e3o Viagens),<strong> Philip Carvalho<\/strong> (AP Viagens), <strong>Manuella Natividade <\/strong>(Belvitur), <strong>Duda Cordeiro<\/strong> (Oito Turismo), <strong>Cristiana Gouthier<\/strong> (Mappa Turismo) e <strong>Felipe Petrucelli <\/strong>(Viagens Petrucelli).<\/p>\n\n\n<div class=\"wp-block-image\">\n<figure class=\"aligncenter size-large is-resized\"><img loading=\"lazy\" decoding=\"async\" width=\"1024\" height=\"768\" src=\"https:\/\/www.travel3.com.br\/site\/wp-content\/uploads\/2026\/04\/IMG_1066_Easy-Resize.com_-1024x768.jpg\" alt=\"Diversa 8 anos Minas - Gustavo Lafet\u00e1, Adriana Fredericce e Fred Pimenta\" class=\"wp-image-81877\" style=\"width:616px;height:auto\" srcset=\"https:\/\/www.travel3.com.br\/site\/wp-content\/uploads\/2026\/04\/IMG_1066_Easy-Resize.com_-1024x768.jpg 1024w, https:\/\/www.travel3.com.br\/site\/wp-content\/uploads\/2026\/04\/IMG_1066_Easy-Resize.com_-300x225.jpg 300w, https:\/\/www.travel3.com.br\/site\/wp-content\/uploads\/2026\/04\/IMG_1066_Easy-Resize.com_-768x576.jpg 768w, https:\/\/www.travel3.com.br\/site\/wp-content\/uploads\/2026\/04\/IMG_1066_Easy-Resize.com_-150x113.jpg 150w, https:\/\/www.travel3.com.br\/site\/wp-content\/uploads\/2026\/04\/IMG_1066_Easy-Resize.com_-750x563.jpg 750w, https:\/\/www.travel3.com.br\/site\/wp-content\/uploads\/2026\/04\/IMG_1066_Easy-Resize.com_-1140x855.jpg 1140w, https:\/\/www.travel3.com.br\/site\/wp-content\/uploads\/2026\/04\/IMG_1066_Easy-Resize.com_.jpg 1280w\" sizes=\"auto, (max-width: 1024px) 100vw, 1024px\" \/><figcaption class=\"wp-element-caption\">Gustavo Lafet\u00e1, Adriana Fredericce e Fred Pimenta (Foto: Caroline Tonaco)<\/figcaption><\/figure><\/div>\n\n\n<h3 class=\"wp-block-heading\">Crescimento mesmo em cen\u00e1rio desafiador<\/h3>\n\n\n\n<p>Durante o encontro, a executiva destacou o desempenho recente da empresa. A Diversa registrou crescimento superior a 30% na compara\u00e7\u00e3o entre 2024 e 2025 e mant\u00e9m avan\u00e7o em 2026, mesmo diante de um cen\u00e1rio desafiador para o turismo.<\/p>\n\n\n\n<p>\u201c<strong><em>N\u00e3o \u00e9 um ano f\u00e1cil, com fatores como crise do petr\u00f3leo, conflitos internacionais, instabilidade econ\u00f4mica, Copa do Mundo e elei\u00e7\u00f5es. Ainda assim, apresentamos crescimento de 10% no primeiro trimestre<\/em><\/strong>\u201d, disse.<\/p>\n\n\n\n<p>Minas Gerais ocupa posi\u00e7\u00e3o estrat\u00e9gica nesse resultado. \u201c<strong><em>\u00c9 o segundo mercado mais importante para a Diversa, depois de S\u00e3o Paulo<\/em><\/strong>\u201d, ressaltou Adriana.<\/p>\n\n\n<div class=\"wp-block-image\">\n<figure class=\"aligncenter size-large is-resized\"><img loading=\"lazy\" decoding=\"async\" width=\"1024\" height=\"768\" src=\"https:\/\/www.travel3.com.br\/site\/wp-content\/uploads\/2026\/04\/IMG_1069_Easy-Resize.com_-1024x768.jpg\" alt=\"Diversa 8 anos MG\" class=\"wp-image-81878\" style=\"width:632px;height:auto\" srcset=\"https:\/\/www.travel3.com.br\/site\/wp-content\/uploads\/2026\/04\/IMG_1069_Easy-Resize.com_-1024x768.jpg 1024w, https:\/\/www.travel3.com.br\/site\/wp-content\/uploads\/2026\/04\/IMG_1069_Easy-Resize.com_-300x225.jpg 300w, https:\/\/www.travel3.com.br\/site\/wp-content\/uploads\/2026\/04\/IMG_1069_Easy-Resize.com_-768x576.jpg 768w, https:\/\/www.travel3.com.br\/site\/wp-content\/uploads\/2026\/04\/IMG_1069_Easy-Resize.com_-150x113.jpg 150w, https:\/\/www.travel3.com.br\/site\/wp-content\/uploads\/2026\/04\/IMG_1069_Easy-Resize.com_-750x563.jpg 750w, https:\/\/www.travel3.com.br\/site\/wp-content\/uploads\/2026\/04\/IMG_1069_Easy-Resize.com_-1140x855.jpg 1140w, https:\/\/www.travel3.com.br\/site\/wp-content\/uploads\/2026\/04\/IMG_1069_Easy-Resize.com_.jpg 1280w\" sizes=\"auto, (max-width: 1024px) 100vw, 1024px\" \/><figcaption class=\"wp-element-caption\">Philip Carvalho, Tainah Coimbra, Filipe Lorandes e Manuella Natividade (Foto: Caroline Tonaco)<\/figcaption><\/figure><\/div>\n\n\n<h3 class=\"wp-block-heading\">Refor\u00e7o regional e proximidade com ag\u00eancias<\/h3>\n\n\n\n<p>A operadora tamb\u00e9m passou por uma reestrutura\u00e7\u00e3o comercial e refor\u00e7ou sua atua\u00e7\u00e3o regional. Desde fevereiro desse ano, Filipe Lorandes assumiu a ger\u00eancia comercial em Minas Gerais, ampliando a proximidade com as ag\u00eancias locais.<\/p>\n\n\n\n<p>Para ele, o encontro refor\u00e7a a import\u00e2ncia do relacionamento com o trade. \u201c<strong><em>Voc\u00eas que est\u00e3o aqui t\u00eam vontade de vender, correm atr\u00e1s e fazem acontecer. Isso \u00e9 fundamental para a gente<\/em><\/strong>\u201d, afirmou.<\/p>\n\n\n\n<p>Ele tamb\u00e9m destacou a evolu\u00e7\u00e3o da empresa ao longo dos anos. \u201c<strong><em>Come\u00e7amos com uma equipe pequena e hoje somos cerca de 140 colaboradores na Diversa, dentro de um grupo que re\u00fane mais de 400 pessoas. \u00c9 uma constru\u00e7\u00e3o conjunta<\/em><\/strong>\u201d, afirmou.<\/p>\n\n\n<div class=\"wp-block-image\">\n<figure class=\"aligncenter size-large is-resized\"><img loading=\"lazy\" decoding=\"async\" width=\"1024\" height=\"768\" src=\"https:\/\/www.travel3.com.br\/site\/wp-content\/uploads\/2026\/04\/IMG_1072_Easy-Resize.com_-1024x768.jpg\" alt=\"DiversaTurismo MG\" class=\"wp-image-81879\" style=\"width:643px;height:auto\" srcset=\"https:\/\/www.travel3.com.br\/site\/wp-content\/uploads\/2026\/04\/IMG_1072_Easy-Resize.com_-1024x768.jpg 1024w, https:\/\/www.travel3.com.br\/site\/wp-content\/uploads\/2026\/04\/IMG_1072_Easy-Resize.com_-300x225.jpg 300w, https:\/\/www.travel3.com.br\/site\/wp-content\/uploads\/2026\/04\/IMG_1072_Easy-Resize.com_-768x576.jpg 768w, https:\/\/www.travel3.com.br\/site\/wp-content\/uploads\/2026\/04\/IMG_1072_Easy-Resize.com_-150x113.jpg 150w, https:\/\/www.travel3.com.br\/site\/wp-content\/uploads\/2026\/04\/IMG_1072_Easy-Resize.com_-750x563.jpg 750w, https:\/\/www.travel3.com.br\/site\/wp-content\/uploads\/2026\/04\/IMG_1072_Easy-Resize.com_-1140x855.jpg 1140w, https:\/\/www.travel3.com.br\/site\/wp-content\/uploads\/2026\/04\/IMG_1072_Easy-Resize.com_.jpg 1280w\" sizes=\"auto, (max-width: 1024px) 100vw, 1024px\" \/><figcaption class=\"wp-element-caption\">Cristiana Gouthier, Adriana Fredericce e Duda Cordeiro (Foto: Caroline Tonaco)<\/figcaption><\/figure><\/div>\n\n\n<h3 class=\"wp-block-heading\">Grupos ganham protagonismo na estrat\u00e9gia<\/h3>\n\n\n\n<p>Outro ponto de destaque \u00e9 o avan\u00e7o no segmento de grupos. Segundo Adriana, o faturamento nessa \u00e1rea cresceu 18% no in\u00edcio do ano, com novas negocia\u00e7\u00f5es em andamento para os pr\u00f3ximos meses. <\/p>\n\n\n\n<p>\u201c<strong><em>\u00c9 um oceano de oportunidades, com maior valor agregado para o agente de viagens<\/em><\/strong>\u201d, afirmou.<\/p>\n\n\n\n<p>A empresa tamb\u00e9m investe em nichos espec\u00edficos, como o <strong><a href=\"https:\/\/www.travel3.com.br\/site\/acontece-no-turismo\/diversa-amplia-presenca-em-destinos-exoticos-e-celebra-crescimento-recorde-na-africa\/\" target=\"_blank\" rel=\"noreferrer noopener\">segmento de destinos ex\u00f3ticos<\/a><\/strong>, incluindo <strong>\u00c1frica<\/strong>, com produtos de maior valor agregado dentro de sua divis\u00e3o especializada.<\/p>\n\n\n<div class=\"wp-block-image\">\n<figure class=\"aligncenter size-large is-resized\"><img loading=\"lazy\" decoding=\"async\" width=\"1024\" height=\"768\" src=\"https:\/\/www.travel3.com.br\/site\/wp-content\/uploads\/2026\/04\/IMG_1079_Easy-Resize.com_-1024x768.jpg\" alt=\"Felipe Petrucelli\" class=\"wp-image-81881\" style=\"width:669px;height:auto\" srcset=\"https:\/\/www.travel3.com.br\/site\/wp-content\/uploads\/2026\/04\/IMG_1079_Easy-Resize.com_-1024x768.jpg 1024w, https:\/\/www.travel3.com.br\/site\/wp-content\/uploads\/2026\/04\/IMG_1079_Easy-Resize.com_-300x225.jpg 300w, https:\/\/www.travel3.com.br\/site\/wp-content\/uploads\/2026\/04\/IMG_1079_Easy-Resize.com_-768x576.jpg 768w, https:\/\/www.travel3.com.br\/site\/wp-content\/uploads\/2026\/04\/IMG_1079_Easy-Resize.com_-150x113.jpg 150w, https:\/\/www.travel3.com.br\/site\/wp-content\/uploads\/2026\/04\/IMG_1079_Easy-Resize.com_-750x563.jpg 750w, https:\/\/www.travel3.com.br\/site\/wp-content\/uploads\/2026\/04\/IMG_1079_Easy-Resize.com_-1140x855.jpg 1140w, https:\/\/www.travel3.com.br\/site\/wp-content\/uploads\/2026\/04\/IMG_1079_Easy-Resize.com_.jpg 1280w\" sizes=\"auto, (max-width: 1024px) 100vw, 1024px\" \/><figcaption class=\"wp-element-caption\">Adriana Fredericce, Felipe Petrucelli e Filipe Lorandes (Foto: Caroline Tonaco)<\/figcaption><\/figure><\/div>\n\n\n<h3 class=\"wp-block-heading\">Campanha de incentivo e a\u00e7\u00f5es comerciais<\/h3>\n\n\n\n<p>Entre as a\u00e7\u00f5es comerciais, a <strong><a href=\"https:\/\/www.travel3.com.br\/site\/acontece-no-turismo\/diversa-divpremios-campanha-agentes\/\" target=\"_blank\" rel=\"noreferrer noopener\">campanha de anivers\u00e1rio<\/a><\/strong> inclui a plataforma Divi Pr\u00eamios, que incentiva as vendas por meio de pontua\u00e7\u00e3o e bonifica\u00e7\u00f5es.<\/p>\n\n\n\n<p>\u201c<strong><em>Quando o agente conhece a din\u00e2mica, ele passa a direcionar a as vendas. \u00c9 uma campanha que estimula o resultado<\/em><\/strong>\u201d, disse Adriana.<\/p>\n\n\n\n<p>A Diversa tamb\u00e9m segue com agenda de eventos pelo pa\u00eds no formato <strong>Diversa On Tour<\/strong>, al\u00e9m do <strong><a href=\"https:\/\/www.travel3.com.br\/site\/acontece-no-turismo\/workshop-diversa-2026\/\" target=\"_blank\" rel=\"noreferrer noopener\">Workshop Diversa<\/a><\/strong>, que neste ano ser\u00e1 realizado em Campos do Jord\u00e3o, com foco exclusivo em destinos brasileiros e contar\u00e1 com a presen\u00e7a de 250 agentes de viagens.<\/p>\n\n\n\n<p>\u201c<strong><em>Ainda n\u00e3o posso dar <em>spoilers<\/em>, mas adianto que ser\u00e1 um dos eventos mais sofisticados que j\u00e1 realizamos<\/em><\/strong>\u201d, afirmou.<\/p>\n","protected":false},"excerpt":{"rendered":"<p>Operadora re\u00fane parceiros em Belo Horizonte e destaca crescimento e expans\u00e3o em grupos<\/p>\n","protected":false},"author":14,"featured_media":81880,"comment_status":"open","ping_status":"open","sticky":false,"template":"","format":"standard","meta":{"footnotes":""},"categories":[969,4],"tags":[6048,4935,4010,6336,2076,7433,4089],"class_list":["post-81870","post","type-post","status-publish","format-standard","has-post-thumbnail","hentry","category-acontece-no-turismo","category-operadoras","tag-abril-premiado-diversa-turismo","tag-aniversario-diversa","tag-diversa","tag-diversa-by-sense-of-africa","tag-diversa-turismo","tag-diversa-turismo-8-anos","tag-grupo-arbo"],"yoast_head":"<!-- This site is optimized with the Yoast SEO plugin v26.2 - https:\/\/yoast.com\/wordpress\/plugins\/seo\/ -->\n<title>Diversa celebra 8 anos com ag\u00eancias de destaque em Minas - Travel3<\/title>\n<meta name=\"description\" content=\"Diversa celebra 8 anos com almo\u00e7o em Belo Horizonte, re\u00fane ag\u00eancias de destaque e refor\u00e7a estrat\u00e9gia de crescimento\" \/>\n<meta name=\"robots\" content=\"index, follow, max-snippet:-1, max-image-preview:large, max-video-preview:-1\" \/>\n<link rel=\"canonical\" href=\"https:\/\/www.travel3.com.br\/site\/acontece-no-turismo\/diversa-turismo-8-anos-minas\/\" \/>\n<meta property=\"og:locale\" content=\"pt_BR\" \/>\n<meta property=\"og:type\" content=\"article\" \/>\n<meta property=\"og:title\" content=\"Diversa celebra 8 anos com ag\u00eancias de destaque em Minas - Travel3\" \/>\n<meta property=\"og:description\" content=\"Diversa celebra 8 anos com almo\u00e7o em Belo Horizonte, re\u00fane ag\u00eancias de destaque e refor\u00e7a estrat\u00e9gia de crescimento\" \/>\n<meta property=\"og:url\" content=\"https:\/\/www.travel3.com.br\/site\/acontece-no-turismo\/diversa-turismo-8-anos-minas\/\" \/>\n<meta property=\"og:site_name\" content=\"Travel3\" \/>\n<meta property=\"article:publisher\" content=\"https:\/\/www.facebook.com\/travel3media\/\" \/>\n<meta property=\"article:published_time\" content=\"2026-04-27T14:34:25+00:00\" \/>\n<meta property=\"article:modified_time\" content=\"2026-04-27T15:04:34+00:00\" \/>\n<meta property=\"og:image\" content=\"https:\/\/www.travel3.com.br\/site\/wp-content\/uploads\/2026\/04\/IMG_1074_Easy-Resize.com_-e1777300017965.jpg\" \/>\n\t<meta property=\"og:image:width\" content=\"1184\" \/>\n\t<meta property=\"og:image:height\" content=\"960\" \/>\n\t<meta property=\"og:image:type\" content=\"image\/jpeg\" \/>\n<meta name=\"author\" content=\"Caroline Tonaco\" \/>\n<meta name=\"twitter:card\" content=\"summary_large_image\" \/>\n<meta name=\"twitter:label1\" content=\"Escrito por\" \/>\n\t<meta name=\"twitter:data1\" content=\"Caroline Tonaco\" \/>\n\t<meta name=\"twitter:label2\" content=\"Est. tempo de leitura\" \/>\n\t<meta name=\"twitter:data2\" content=\"5 minutos\" \/>\n<script type=\"application\/ld+json\" class=\"yoast-schema-graph\">{\"@context\":\"https:\/\/schema.org\",\"@graph\":[{\"@type\":\"Article\",\"@id\":\"https:\/\/www.travel3.com.br\/site\/acontece-no-turismo\/diversa-turismo-8-anos-minas\/#article\",\"isPartOf\":{\"@id\":\"https:\/\/www.travel3.com.br\/site\/acontece-no-turismo\/diversa-turismo-8-anos-minas\/\"},\"author\":{\"name\":\"Caroline Tonaco\",\"@id\":\"https:\/\/www.travel3.com.br\/site\/#\/schema\/person\/d837eaf73c4e8896e932e0acede946c0\"},\"headline\":\"Diversa celebra 8 anos com ag\u00eancias de destaque em Minas\",\"datePublished\":\"2026-04-27T14:34:25+00:00\",\"dateModified\":\"2026-04-27T15:04:34+00:00\",\"mainEntityOfPage\":{\"@id\":\"https:\/\/www.travel3.com.br\/site\/acontece-no-turismo\/diversa-turismo-8-anos-minas\/\"},\"wordCount\":659,\"commentCount\":0,\"publisher\":{\"@id\":\"https:\/\/www.travel3.com.br\/site\/#organization\"},\"image\":{\"@id\":\"https:\/\/www.travel3.com.br\/site\/acontece-no-turismo\/diversa-turismo-8-anos-minas\/#primaryimage\"},\"thumbnailUrl\":\"https:\/\/www.travel3.com.br\/site\/wp-content\/uploads\/2026\/04\/IMG_1074_Easy-Resize.com_-e1777300017965.jpg\",\"keywords\":[\"abril premiado diversa turismo\",\"Anivers\u00e1rio Diversa\",\"Diversa\",\"Diversa by Sense of Africa\",\"Diversa Turismo\",\"Diversa Turismo 8 anos\",\"Grupo Arbo\"],\"articleSection\":[\"Acontece no Turismo\",\"Operadoras\"],\"inLanguage\":\"pt-BR\",\"potentialAction\":[{\"@type\":\"CommentAction\",\"name\":\"Comment\",\"target\":[\"https:\/\/www.travel3.com.br\/site\/acontece-no-turismo\/diversa-turismo-8-anos-minas\/#respond\"]}]},{\"@type\":\"WebPage\",\"@id\":\"https:\/\/www.travel3.com.br\/site\/acontece-no-turismo\/diversa-turismo-8-anos-minas\/\",\"url\":\"https:\/\/www.travel3.com.br\/site\/acontece-no-turismo\/diversa-turismo-8-anos-minas\/\",\"name\":\"Diversa celebra 8 anos com ag\u00eancias de destaque em Minas - Travel3\",\"isPartOf\":{\"@id\":\"https:\/\/www.travel3.com.br\/site\/#website\"},\"primaryImageOfPage\":{\"@id\":\"https:\/\/www.travel3.com.br\/site\/acontece-no-turismo\/diversa-turismo-8-anos-minas\/#primaryimage\"},\"image\":{\"@id\":\"https:\/\/www.travel3.com.br\/site\/acontece-no-turismo\/diversa-turismo-8-anos-minas\/#primaryimage\"},\"thumbnailUrl\":\"https:\/\/www.travel3.com.br\/site\/wp-content\/uploads\/2026\/04\/IMG_1074_Easy-Resize.com_-e1777300017965.jpg\",\"datePublished\":\"2026-04-27T14:34:25+00:00\",\"dateModified\":\"2026-04-27T15:04:34+00:00\",\"description\":\"Diversa celebra 8 anos com almo\u00e7o em Belo Horizonte, re\u00fane ag\u00eancias de destaque e refor\u00e7a estrat\u00e9gia de crescimento\",\"breadcrumb\":{\"@id\":\"https:\/\/www.travel3.com.br\/site\/acontece-no-turismo\/diversa-turismo-8-anos-minas\/#breadcrumb\"},\"inLanguage\":\"pt-BR\",\"potentialAction\":[{\"@type\":\"ReadAction\",\"target\":[\"https:\/\/www.travel3.com.br\/site\/acontece-no-turismo\/diversa-turismo-8-anos-minas\/\"]}]},{\"@type\":\"ImageObject\",\"inLanguage\":\"pt-BR\",\"@id\":\"https:\/\/www.travel3.com.br\/site\/acontece-no-turismo\/diversa-turismo-8-anos-minas\/#primaryimage\",\"url\":\"https:\/\/www.travel3.com.br\/site\/wp-content\/uploads\/2026\/04\/IMG_1074_Easy-Resize.com_-e1777300017965.jpg\",\"contentUrl\":\"https:\/\/www.travel3.com.br\/site\/wp-content\/uploads\/2026\/04\/IMG_1074_Easy-Resize.com_-e1777300017965.jpg\",\"width\":1184,\"height\":960,\"caption\":\"Diversa Turismo comemorou seus 8 anos com ag\u00eancias parceiras em almo\u00e7o no Pobre Juan, em Belo Horizonte (Foto: Caroline Tonaco)\"},{\"@type\":\"BreadcrumbList\",\"@id\":\"https:\/\/www.travel3.com.br\/site\/acontece-no-turismo\/diversa-turismo-8-anos-minas\/#breadcrumb\",\"itemListElement\":[{\"@type\":\"ListItem\",\"position\":1,\"name\":\"In\u00edcio\",\"item\":\"https:\/\/www.travel3.com.br\/site\/\"},{\"@type\":\"ListItem\",\"position\":2,\"name\":\"Diversa celebra 8 anos com ag\u00eancias de destaque em Minas\"}]},{\"@type\":\"WebSite\",\"@id\":\"https:\/\/www.travel3.com.br\/site\/#website\",\"url\":\"https:\/\/www.travel3.com.br\/site\/\",\"name\":\"Travel3\",\"description\":\"Lazer + Neg&oacute;cios + Aventura\",\"publisher\":{\"@id\":\"https:\/\/www.travel3.com.br\/site\/#organization\"},\"potentialAction\":[{\"@type\":\"SearchAction\",\"target\":{\"@type\":\"EntryPoint\",\"urlTemplate\":\"https:\/\/www.travel3.com.br\/site\/?s={search_term_string}\"},\"query-input\":{\"@type\":\"PropertyValueSpecification\",\"valueRequired\":true,\"valueName\":\"search_term_string\"}}],\"inLanguage\":\"pt-BR\"},{\"@type\":\"Organization\",\"@id\":\"https:\/\/www.travel3.com.br\/site\/#organization\",\"name\":\"Travel3\",\"url\":\"https:\/\/www.travel3.com.br\/site\/\",\"logo\":{\"@type\":\"ImageObject\",\"inLanguage\":\"pt-BR\",\"@id\":\"https:\/\/www.travel3.com.br\/site\/#\/schema\/logo\/image\/\",\"url\":\"https:\/\/www.travel3.com.br\/site\/wp-content\/uploads\/2020\/01\/logo-travel3-2020.png\",\"contentUrl\":\"https:\/\/www.travel3.com.br\/site\/wp-content\/uploads\/2020\/01\/logo-travel3-2020.png\",\"width\":232,\"height\":79,\"caption\":\"Travel3\"},\"image\":{\"@id\":\"https:\/\/www.travel3.com.br\/site\/#\/schema\/logo\/image\/\"},\"sameAs\":[\"https:\/\/www.facebook.com\/travel3media\/\",\"https:\/\/www.instagram.com\/revistatravel3\/\",\"https:\/\/www.youtube.com\/channel\/UCno7J4paGBR3VbZQzvoJ9Eg\"]},{\"@type\":\"Person\",\"@id\":\"https:\/\/www.travel3.com.br\/site\/#\/schema\/person\/d837eaf73c4e8896e932e0acede946c0\",\"name\":\"Caroline Tonaco\",\"image\":{\"@type\":\"ImageObject\",\"inLanguage\":\"pt-BR\",\"@id\":\"https:\/\/www.travel3.com.br\/site\/#\/schema\/person\/image\/\",\"url\":\"https:\/\/www.travel3.com.br\/site\/wp-content\/uploads\/2019\/09\/caroline-150x150.jpeg\",\"contentUrl\":\"https:\/\/www.travel3.com.br\/site\/wp-content\/uploads\/2019\/09\/caroline-150x150.jpeg\",\"caption\":\"Caroline Tonaco\"},\"sameAs\":[\"https:\/\/www.travel3.com.br\/\",\"https:\/\/www.instagram.com\/carolinetonaco\/\"],\"url\":\"https:\/\/www.travel3.com.br\/site\/author\/caroline\/\"}]}<\/script>\n<!-- \/ Yoast SEO plugin. -->","yoast_head_json":{"title":"Diversa celebra 8 anos com ag\u00eancias de destaque em Minas - Travel3","description":"Diversa celebra 8 anos com almo\u00e7o em Belo Horizonte, re\u00fane ag\u00eancias de destaque e refor\u00e7a estrat\u00e9gia de crescimento","robots":{"index":"index","follow":"follow","max-snippet":"max-snippet:-1","max-image-preview":"max-image-preview:large","max-video-preview":"max-video-preview:-1"},"canonical":"https:\/\/www.travel3.com.br\/site\/acontece-no-turismo\/diversa-turismo-8-anos-minas\/","og_locale":"pt_BR","og_type":"article","og_title":"Diversa celebra 8 anos com ag\u00eancias de destaque em Minas - Travel3","og_description":"Diversa celebra 8 anos com almo\u00e7o em Belo Horizonte, re\u00fane ag\u00eancias de destaque e refor\u00e7a estrat\u00e9gia de crescimento","og_url":"https:\/\/www.travel3.com.br\/site\/acontece-no-turismo\/diversa-turismo-8-anos-minas\/","og_site_name":"Travel3","article_publisher":"https:\/\/www.facebook.com\/travel3media\/","article_published_time":"2026-04-27T14:34:25+00:00","article_modified_time":"2026-04-27T15:04:34+00:00","og_image":[{"width":1184,"height":960,"url":"https:\/\/www.travel3.com.br\/site\/wp-content\/uploads\/2026\/04\/IMG_1074_Easy-Resize.com_-e1777300017965.jpg","type":"image\/jpeg"}],"author":"Caroline Tonaco","twitter_card":"summary_large_image","twitter_misc":{"Escrito por":"Caroline Tonaco","Est. tempo de leitura":"5 minutos"},"schema":{"@context":"https:\/\/schema.org","@graph":[{"@type":"Article","@id":"https:\/\/www.travel3.com.br\/site\/acontece-no-turismo\/diversa-turismo-8-anos-minas\/#article","isPartOf":{"@id":"https:\/\/www.travel3.com.br\/site\/acontece-no-turismo\/diversa-turismo-8-anos-minas\/"},"author":{"name":"Caroline Tonaco","@id":"https:\/\/www.travel3.com.br\/site\/#\/schema\/person\/d837eaf73c4e8896e932e0acede946c0"},"headline":"Diversa celebra 8 anos com ag\u00eancias de destaque em Minas","datePublished":"2026-04-27T14:34:25+00:00","dateModified":"2026-04-27T15:04:34+00:00","mainEntityOfPage":{"@id":"https:\/\/www.travel3.com.br\/site\/acontece-no-turismo\/diversa-turismo-8-anos-minas\/"},"wordCount":659,"commentCount":0,"publisher":{"@id":"https:\/\/www.travel3.com.br\/site\/#organization"},"image":{"@id":"https:\/\/www.travel3.com.br\/site\/acontece-no-turismo\/diversa-turismo-8-anos-minas\/#primaryimage"},"thumbnailUrl":"https:\/\/www.travel3.com.br\/site\/wp-content\/uploads\/2026\/04\/IMG_1074_Easy-Resize.com_-e1777300017965.jpg","keywords":["abril premiado diversa turismo","Anivers\u00e1rio Diversa","Diversa","Diversa by Sense of Africa","Diversa Turismo","Diversa Turismo 8 anos","Grupo Arbo"],"articleSection":["Acontece no Turismo","Operadoras"],"inLanguage":"pt-BR","potentialAction":[{"@type":"CommentAction","name":"Comment","target":["https:\/\/www.travel3.com.br\/site\/acontece-no-turismo\/diversa-turismo-8-anos-minas\/#respond"]}]},{"@type":"WebPage","@id":"https:\/\/www.travel3.com.br\/site\/acontece-no-turismo\/diversa-turismo-8-anos-minas\/","url":"https:\/\/www.travel3.com.br\/site\/acontece-no-turismo\/diversa-turismo-8-anos-minas\/","name":"Diversa celebra 8 anos com ag\u00eancias de destaque em Minas - Travel3","isPartOf":{"@id":"https:\/\/www.travel3.com.br\/site\/#website"},"primaryImageOfPage":{"@id":"https:\/\/www.travel3.com.br\/site\/acontece-no-turismo\/diversa-turismo-8-anos-minas\/#primaryimage"},"image":{"@id":"https:\/\/www.travel3.com.br\/site\/acontece-no-turismo\/diversa-turismo-8-anos-minas\/#primaryimage"},"thumbnailUrl":"https:\/\/www.travel3.com.br\/site\/wp-content\/uploads\/2026\/04\/IMG_1074_Easy-Resize.com_-e1777300017965.jpg","datePublished":"2026-04-27T14:34:25+00:00","dateModified":"2026-04-27T15:04:34+00:00","description":"Diversa celebra 8 anos com almo\u00e7o em Belo Horizonte, re\u00fane ag\u00eancias de destaque e refor\u00e7a estrat\u00e9gia de crescimento","breadcrumb":{"@id":"https:\/\/www.travel3.com.br\/site\/acontece-no-turismo\/diversa-turismo-8-anos-minas\/#breadcrumb"},"inLanguage":"pt-BR","potentialAction":[{"@type":"ReadAction","target":["https:\/\/www.travel3.com.br\/site\/acontece-no-turismo\/diversa-turismo-8-anos-minas\/"]}]},{"@type":"ImageObject","inLanguage":"pt-BR","@id":"https:\/\/www.travel3.com.br\/site\/acontece-no-turismo\/diversa-turismo-8-anos-minas\/#primaryimage","url":"https:\/\/www.travel3.com.br\/site\/wp-content\/uploads\/2026\/04\/IMG_1074_Easy-Resize.com_-e1777300017965.jpg","contentUrl":"https:\/\/www.travel3.com.br\/site\/wp-content\/uploads\/2026\/04\/IMG_1074_Easy-Resize.com_-e1777300017965.jpg","width":1184,"height":960,"caption":"Diversa Turismo comemorou seus 8 anos com ag\u00eancias parceiras em almo\u00e7o no Pobre Juan, em Belo Horizonte (Foto: Caroline Tonaco)"},{"@type":"BreadcrumbList","@id":"https:\/\/www.travel3.com.br\/site\/acontece-no-turismo\/diversa-turismo-8-anos-minas\/#breadcrumb","itemListElement":[{"@type":"ListItem","position":1,"name":"In\u00edcio","item":"https:\/\/www.travel3.com.br\/site\/"},{"@type":"ListItem","position":2,"name":"Diversa celebra 8 anos com ag\u00eancias de destaque em Minas"}]},{"@type":"WebSite","@id":"https:\/\/www.travel3.com.br\/site\/#website","url":"https:\/\/www.travel3.com.br\/site\/","name":"Travel3","description":"Lazer + Neg&oacute;cios + Aventura","publisher":{"@id":"https:\/\/www.travel3.com.br\/site\/#organization"},"potentialAction":[{"@type":"SearchAction","target":{"@type":"EntryPoint","urlTemplate":"https:\/\/www.travel3.com.br\/site\/?s={search_term_string}"},"query-input":{"@type":"PropertyValueSpecification","valueRequired":true,"valueName":"search_term_string"}}],"inLanguage":"pt-BR"},{"@type":"Organization","@id":"https:\/\/www.travel3.com.br\/site\/#organization","name":"Travel3","url":"https:\/\/www.travel3.com.br\/site\/","logo":{"@type":"ImageObject","inLanguage":"pt-BR","@id":"https:\/\/www.travel3.com.br\/site\/#\/schema\/logo\/image\/","url":"https:\/\/www.travel3.com.br\/site\/wp-content\/uploads\/2020\/01\/logo-travel3-2020.png","contentUrl":"https:\/\/www.travel3.com.br\/site\/wp-content\/uploads\/2020\/01\/logo-travel3-2020.png","width":232,"height":79,"caption":"Travel3"},"image":{"@id":"https:\/\/www.travel3.com.br\/site\/#\/schema\/logo\/image\/"},"sameAs":["https:\/\/www.facebook.com\/travel3media\/","https:\/\/www.instagram.com\/revistatravel3\/","https:\/\/www.youtube.com\/channel\/UCno7J4paGBR3VbZQzvoJ9Eg"]},{"@type":"Person","@id":"https:\/\/www.travel3.com.br\/site\/#\/schema\/person\/d837eaf73c4e8896e932e0acede946c0","name":"Caroline Tonaco","image":{"@type":"ImageObject","inLanguage":"pt-BR","@id":"https:\/\/www.travel3.com.br\/site\/#\/schema\/person\/image\/","url":"https:\/\/www.travel3.com.br\/site\/wp-content\/uploads\/2019\/09\/caroline-150x150.jpeg","contentUrl":"https:\/\/www.travel3.com.br\/site\/wp-content\/uploads\/2019\/09\/caroline-150x150.jpeg","caption":"Caroline Tonaco"},"sameAs":["https:\/\/www.travel3.com.br\/","https:\/\/www.instagram.com\/carolinetonaco\/"],"url":"https:\/\/www.travel3.com.br\/site\/author\/caroline\/"}]}},"_links":{"self":[{"href":"https:\/\/www.travel3.com.br\/site\/wp-json\/wp\/v2\/posts\/81870","targetHints":{"allow":["GET"]}}],"collection":[{"href":"https:\/\/www.travel3.com.br\/site\/wp-json\/wp\/v2\/posts"}],"about":[{"href":"https:\/\/www.travel3.com.br\/site\/wp-json\/wp\/v2\/types\/post"}],"author":[{"embeddable":true,"href":"https:\/\/www.travel3.com.br\/site\/wp-json\/wp\/v2\/users\/14"}],"replies":[{"embeddable":true,"href":"https:\/\/www.travel3.com.br\/site\/wp-json\/wp\/v2\/comments?post=81870"}],"version-history":[{"count":13,"href":"https:\/\/www.travel3.com.br\/site\/wp-json\/wp\/v2\/posts\/81870\/revisions"}],"predecessor-version":[{"id":81896,"href":"https:\/\/www.travel3.com.br\/site\/wp-json\/wp\/v2\/posts\/81870\/revisions\/81896"}],"wp:featuredmedia":[{"embeddable":true,"href":"https:\/\/www.travel3.com.br\/site\/wp-json\/wp\/v2\/media\/81880"}],"wp:attachment":[{"href":"https:\/\/www.travel3.com.br\/site\/wp-json\/wp\/v2\/media?parent=81870"}],"wp:term":[{"taxonomy":"category","embeddable":true,"href":"https:\/\/www.travel3.com.br\/site\/wp-json\/wp\/v2\/categories?post=81870"},{"taxonomy":"post_tag","embeddable":true,"href":"https:\/\/www.travel3.com.br\/site\/wp-json\/wp\/v2\/tags?post=81870"}],"curies":[{"name":"wp","href":"https:\/\/api.w.org\/{rel}","templated":true}]}}