{"id":81867,"date":"2026-04-29T16:15:30","date_gmt":"2026-04-29T19:15:30","guid":{"rendered":"https:\/\/www.travel3.com.br\/site\/?p=81867"},"modified":"2026-04-29T16:15:32","modified_gmt":"2026-04-29T19:15:32","slug":"evora-portugal-o-que-fazer-alentejo","status":"publish","type":"post","link":"https:\/\/www.travel3.com.br\/site\/destinos\/evora-portugal-o-que-fazer-alentejo\/","title":{"rendered":"\u00c9vora, Portugal: onde a hist\u00f3ria do Alentejo se revela"},"content":{"rendered":"\n<h2 class=\"wp-block-heading\">Camadas do passado surgem enquanto os roteiros seguem al\u00e9m das muralhas<\/h2>\n\n\n\n<p><strong>\u00c9vora<\/strong>, em Portugal, \u00e9 uma das bases mais estrat\u00e9gicas para explorar o <strong>Alentejo<\/strong>. A cidade concentra alguns dos principais pontos hist\u00f3ricos do pa\u00eds e, ao mesmo tempo, funciona como ponto de partida para vin\u00edcolas, herdades e paisagens que definem essa regi\u00e3o.<\/p>\n\n\n\n<p>O percurso come\u00e7a dentro das muralhas \u2014 mas n\u00e3o termina ali.<\/p>\n\n\n\n<p>Reconhecida como <strong>Patrim\u00f4nio Mundial da UNESCO em 1986<\/strong>, \u00c9vora \u00e9 uma das cidades mais antigas de Portugal e concentra diferentes camadas de ocupa\u00e7\u00e3o ao longo dos s\u00e9culos.<\/p>\n\n\n\n<h2 class=\"wp-block-heading\">Seu passeio come\u00e7a dentro das muralhas de \u00c9vora<\/h2>\n\n\n\n<p>Os primeiros assentamentos humanos no entorno s\u00e3o do per\u00edodo pr\u00e9-hist\u00f3rico, mas foi durante o dom\u00ednio romano que a cidade se consolidou como ponto estrat\u00e9gico para mercadores. Com o tempo, tornou-se tamb\u00e9m um centro cultural relevante.<\/p>\n\n\n\n<p>Seus bairros mais antigos continuam escondidos atr\u00e1s das altas muralhas do s\u00e9culo XIV. No centro hist\u00f3rico de \u00c9vora, h\u00e1 vest\u00edgios de estruturas mais antigas pelas quais passaram v\u00e1rias civiliza\u00e7\u00f5es.<\/p>\n\n\n\n<p>Essa sobreposi\u00e7\u00e3o de tempos se revela no caminhar. Em poucos metros, o visitante encontra um templo romano, um castelo medieval, elementos de influ\u00eancia \u00e1rabe e constru\u00e7\u00f5es renascentistas. \u00c9 essa conviv\u00eancia de \u00e9pocas que sustenta a defini\u00e7\u00e3o recorrente de \u00c9vora como um \u201cmuseu a c\u00e9u aberto\u201d.<\/p>\n\n\n\n<p>Mais do que uma descri\u00e7\u00e3o, diante dessas camadas de hist\u00f3ria, o visitante percebe que, em \u00c9vora, o passado permanece no presente.<\/p>\n\n\n<div class=\"wp-block-image\">\n<figure class=\"aligncenter size-large is-resized\"><img loading=\"lazy\" decoding=\"async\" width=\"1024\" height=\"768\" src=\"https:\/\/www.travel3.com.br\/site\/wp-content\/uploads\/2026\/04\/evora-CT-pexels-garrett-37167851_Easy-Resize.com_-1024x768.jpg\" alt=\"Templo Romano de \u00c9vora\" class=\"wp-image-81957\" style=\"width:931px;height:auto\" srcset=\"https:\/\/www.travel3.com.br\/site\/wp-content\/uploads\/2026\/04\/evora-CT-pexels-garrett-37167851_Easy-Resize.com_-1024x768.jpg 1024w, https:\/\/www.travel3.com.br\/site\/wp-content\/uploads\/2026\/04\/evora-CT-pexels-garrett-37167851_Easy-Resize.com_-300x225.jpg 300w, https:\/\/www.travel3.com.br\/site\/wp-content\/uploads\/2026\/04\/evora-CT-pexels-garrett-37167851_Easy-Resize.com_-768x576.jpg 768w, https:\/\/www.travel3.com.br\/site\/wp-content\/uploads\/2026\/04\/evora-CT-pexels-garrett-37167851_Easy-Resize.com_-150x113.jpg 150w, https:\/\/www.travel3.com.br\/site\/wp-content\/uploads\/2026\/04\/evora-CT-pexels-garrett-37167851_Easy-Resize.com_-750x563.jpg 750w, https:\/\/www.travel3.com.br\/site\/wp-content\/uploads\/2026\/04\/evora-CT-pexels-garrett-37167851_Easy-Resize.com_-1140x855.jpg 1140w, https:\/\/www.travel3.com.br\/site\/wp-content\/uploads\/2026\/04\/evora-CT-pexels-garrett-37167851_Easy-Resize.com_.jpg 1280w\" sizes=\"auto, (max-width: 1024px) 100vw, 1024px\" \/><figcaption class=\"wp-element-caption\">O Templo Romano de \u00c9vora \u00e9 um dos mais grandiosos e mais bem preservados templos romanos de toda a Pen\u00ednsula Ib\u00e9rica (Foto: Divulga\u00e7\u00e3o)<\/figcaption><\/figure><\/div>\n\n\n<h2 class=\"wp-block-heading\">O Templo Romano<\/h2>\n\n\n\n<p>Constru\u00eddo no s\u00e9culo I para homenagear o imperador Augusto, o Templo Romano de \u00c9vora permanece como uma das refer\u00eancias mais claras desse passado. Ao chegar \u00e0 Pra\u00e7a Conde Vila Flor, o visitante se depara com a estrutura quase sem transi\u00e7\u00e3o. As colunas preservadas sustentam uma constru\u00e7\u00e3o que atravessou s\u00e9culos de ocupa\u00e7\u00e3o.<\/p>\n\n\n\n<p>A estrutura n\u00e3o resistiu por acaso. Durante a Idade M\u00e9dia, suas colunas foram incorporadas \u00e0s paredes de uma fortaleza. Mais tarde, o espa\u00e7o assumiu outras fun\u00e7\u00f5es, como casa-forte e matadouro municipal, o que contribuiu para que n\u00e3o fosse demolido.<\/p>\n\n\n\n<h2 class=\"wp-block-heading\">A Catedral e a Capela dos Ossos<\/h2>\n\n\n\n<p>Tamb\u00e9m no centro hist\u00f3rico, a Catedral de \u00c9vora permite acessar seu terra\u00e7o para observar a cidade de cima. J\u00e1 na Igreja de S\u00e3o Francisco est\u00e1 a Capela dos Ossos. Os frades ergueram a capela usando ossadas de mais de cinco mil pessoas. T\u00edbias formam pilastras, cr\u00e2nios d\u00e3o forma aos p\u00f3rticos e a inscri\u00e7\u00e3o na entrada conduz a uma reflex\u00e3o direta: \u201c<em><strong>N\u00f3s, ossos que aqui estamos, pelos vossos esperamos<\/strong><\/em>\u201d.<\/p>\n\n\n\n<p>O Aqueduto da \u00c1gua de Prata atravessa diferentes \u00e1reas e permanece integrado ao conjunto urbano. Ao final da caminhada, a Pra\u00e7a do Giraldo oferece uma pausa. A poucos minutos, o Jardim P\u00fablico, ao lado do Pal\u00e1cio de D. Manuel, amplia a transi\u00e7\u00e3o entre espa\u00e7os constru\u00eddos e \u00e1reas abertas.<\/p>\n\n\n<div class=\"wp-block-image\">\n<figure class=\"aligncenter size-large is-resized\"><img loading=\"lazy\" decoding=\"async\" width=\"682\" height=\"1024\" src=\"https:\/\/www.travel3.com.br\/site\/wp-content\/uploads\/2026\/04\/evora-portugal3_Easy-Resize.com_-682x1024.jpg\" alt=\"\u00c9vora-Portugal\" class=\"wp-image-81956\" style=\"width:583px;height:auto\" srcset=\"https:\/\/www.travel3.com.br\/site\/wp-content\/uploads\/2026\/04\/evora-portugal3_Easy-Resize.com_-682x1024.jpg 682w, https:\/\/www.travel3.com.br\/site\/wp-content\/uploads\/2026\/04\/evora-portugal3_Easy-Resize.com_-200x300.jpg 200w, https:\/\/www.travel3.com.br\/site\/wp-content\/uploads\/2026\/04\/evora-portugal3_Easy-Resize.com_-768x1152.jpg 768w, https:\/\/www.travel3.com.br\/site\/wp-content\/uploads\/2026\/04\/evora-portugal3_Easy-Resize.com_-150x225.jpg 150w, https:\/\/www.travel3.com.br\/site\/wp-content\/uploads\/2026\/04\/evora-portugal3_Easy-Resize.com_-750x1125.jpg 750w, https:\/\/www.travel3.com.br\/site\/wp-content\/uploads\/2026\/04\/evora-portugal3_Easy-Resize.com_.jpg 853w\" sizes=\"auto, (max-width: 682px) 100vw, 682px\" \/><figcaption class=\"wp-element-caption\">Rua em \u00c9vora com a c\u00fapula da Catedral ao fundo (Foto: Divulga\u00e7\u00e3o)<\/figcaption><\/figure><\/div>\n\n\n<h2 class=\"wp-block-heading\">O Alentejo se expande depois das muralhas de \u00c9vora<\/h2>\n\n\n\n<p>O Alentejo n\u00e3o se limita ao que acontece dentro das muralhas de \u00c9vora. A cidade funciona como eixo e, a partir dela, o territ\u00f3rio se revela em plan\u00edcies de olivais e terras de tons mais secos. Surgem tamb\u00e9m colinas e um c\u00e9u aberto, constante.<\/p>\n\n\n\n<p>No Alentejo, fazendas s\u00e3o chamadas de herdades, a\u00e7orda \u00e9 uma sopa \u00e0 base de p\u00e3o, borrego \u00e9 cordeiro e ainda hoje se ca\u00e7a perdizes, cervos e javalis. Tempera-se a comida com coentro e poejo. Os cavalos s\u00e3o lusitanos; as vin\u00edcolas fazem parte da paisagem. Cada cidade tem o seu pal\u00e1cio e a hist\u00f3ria das religi\u00f5es tamb\u00e9m passou por aqui.<\/p>\n\n\n\n<h2 class=\"wp-block-heading\">Vinho e territ\u00f3rio<\/h2>\n\n\n\n<p>As vin\u00edcolas ao redor de \u00c9vora oferecem mais do que degusta\u00e7\u00f5es. Elas permitem entender como geografia, clima e decis\u00f5es de plantio influenciam diretamente o resultado dos vinhos.<\/p>\n\n\n\n<p>A regi\u00e3o do Alentejo \u00e9 conhecida pelos vinhos tintos, estruturados e baseados em castas como Aragonez, Trincadeira e Alicante Bouschet. Nos \u00faltimos anos, os brancos tamb\u00e9m ganharam espa\u00e7o, com destaque para a Ant\u00e3o Vaz.<\/p>\n\n\n\n<p>Mais do que identificar variedades, o que se percebe nas visitas \u00e9 a rela\u00e7\u00e3o direta entre o vinho e o lugar. O que chega \u00e0 ta\u00e7a reflete o territ\u00f3rio.<\/p>\n\n\n\n<h2 class=\"wp-block-heading\">A Culin\u00e1ria Alentejana<\/h2>\n\n\n\n<p>A gastronomia segue o mesmo princ\u00edpio. Pratos como a\u00e7orda e migas mant\u00eam a base tradicional. O uso de p\u00e3o, ervas e carne de porco revela caracter\u00edsticas da cozinha local, organizada pelo que est\u00e1 dispon\u00edvel em cada esta\u00e7\u00e3o.<\/p>\n\n\n\n<h2 class=\"wp-block-heading\">\u00c9vora e o Alentejo no centro da cultura europeia em 2027<\/h2>\n\n\n\n<p>Em 2027, ao lado de Liep\u0101ja, na Let\u00f4nia, \u00c9vora ser\u00e1 Capital Europeia da Cultura. O t\u00edtulo \u00e9 concedido a destinos que colocam a cultura no centro de seu desenvolvimento.<\/p>\n\n\n\n<p>Em \u00c9vora, os eventos previstos ter\u00e3o como ideia central o conceito de \u201cvagar\u201d. A proposta orienta uma leitura do territ\u00f3rio baseada no tempo, na pausa e na rela\u00e7\u00e3o entre pessoas e cultura.<\/p>\n\n\n\n<p>A programa\u00e7\u00e3o prev\u00ea a ocupa\u00e7\u00e3o de teatros, edif\u00edcios hist\u00f3ricos, ruas, pra\u00e7as e \u00e1reas naturais, com participa\u00e7\u00e3o de artistas locais e internacionais.<\/p>\n\n\n\n<p>Mais do que ampliar o fluxo de visitantes, a iniciativa refor\u00e7a uma caracter\u00edstica j\u00e1 presente. Em 2027, \u00c9vora assume o papel de destino cultural europeu.<\/p>\n\n\n\n<h2 class=\"wp-block-heading\">Guia \u00c9vora Travel3<\/h2>\n\n\n\n<h3 class=\"wp-block-heading\">Como chegar<\/h3>\n\n\n\n<p>A forma mais eficiente de chegar a \u00c9vora \u00e9 a partir de Lisboa. O trajeto de carro leva cerca de 1h30 e permite flexibilidade para explorar a regi\u00e3o. Tamb\u00e9m \u00e9 poss\u00edvel utilizar o trem, com sa\u00eddas regulares da capital portuguesa.<\/p>\n\n\n<div class=\"wp-block-image\">\n<figure class=\"aligncenter size-large is-resized\"><img loading=\"lazy\" decoding=\"async\" width=\"1024\" height=\"683\" src=\"https:\/\/www.travel3.com.br\/site\/wp-content\/uploads\/2026\/04\/Quarto-do-Convento-do-Espinheiro-1024x683.jpg\" alt=\"Quarto do Convento do Espinheiro - \u00c9vora\" class=\"wp-image-81936\" style=\"width:871px;height:auto\" srcset=\"https:\/\/www.travel3.com.br\/site\/wp-content\/uploads\/2026\/04\/Quarto-do-Convento-do-Espinheiro-1024x683.jpg 1024w, https:\/\/www.travel3.com.br\/site\/wp-content\/uploads\/2026\/04\/Quarto-do-Convento-do-Espinheiro-300x200.jpg 300w, https:\/\/www.travel3.com.br\/site\/wp-content\/uploads\/2026\/04\/Quarto-do-Convento-do-Espinheiro-768x512.jpg 768w, https:\/\/www.travel3.com.br\/site\/wp-content\/uploads\/2026\/04\/Quarto-do-Convento-do-Espinheiro-150x100.jpg 150w, https:\/\/www.travel3.com.br\/site\/wp-content\/uploads\/2026\/04\/Quarto-do-Convento-do-Espinheiro-750x500.jpg 750w, https:\/\/www.travel3.com.br\/site\/wp-content\/uploads\/2026\/04\/Quarto-do-Convento-do-Espinheiro.jpg 1140w\" sizes=\"auto, (max-width: 1024px) 100vw, 1024px\" \/><figcaption class=\"wp-element-caption\">Quarto do Convento do Espinheiro (Foto: Divulga\u00e7\u00e3o)<\/figcaption><\/figure><\/div>\n\n\n<h3 class=\"wp-block-heading\">Onde ficar<\/h3>\n\n\n\n<p>Dentro da cidade, o <strong><a href=\"https:\/\/www.conventodoespinheiro.com\" target=\"_blank\" rel=\"noreferrer noopener\">Convento do Espinheiro Hotel &amp; Spa<\/a><\/strong> ocupa um antigo edif\u00edcio religioso e prop\u00f5e uma experi\u00eancia que combina patrim\u00f4nio e conforto contempor\u00e2neo.<\/p>\n\n\n\n<p>Para uma imers\u00e3o no territ\u00f3rio, o <strong><a href=\"https:\/\/barrocal.pt\" target=\"_blank\" rel=\"noreferrer noopener\">S\u00e3o Louren\u00e7o do Barrocal<\/a><\/strong>, pr\u00f3ximo a Monsaraz, amplia a experi\u00eancia para o ambiente rural do Alentejo.<\/p>\n\n\n<div class=\"wp-block-image\">\n<figure class=\"aligncenter size-large is-resized\"><img loading=\"lazy\" decoding=\"async\" width=\"1024\" height=\"630\" src=\"https:\/\/www.travel3.com.br\/site\/wp-content\/uploads\/2026\/04\/restaurante-fialho-evora_Easy-Resize.com_-1024x630.jpg\" alt=\"restaurante fialho - \u00e9vora\" class=\"wp-image-81937\" style=\"width:891px;height:auto\" srcset=\"https:\/\/www.travel3.com.br\/site\/wp-content\/uploads\/2026\/04\/restaurante-fialho-evora_Easy-Resize.com_-1024x630.jpg 1024w, https:\/\/www.travel3.com.br\/site\/wp-content\/uploads\/2026\/04\/restaurante-fialho-evora_Easy-Resize.com_-300x184.jpg 300w, https:\/\/www.travel3.com.br\/site\/wp-content\/uploads\/2026\/04\/restaurante-fialho-evora_Easy-Resize.com_-768x472.jpg 768w, https:\/\/www.travel3.com.br\/site\/wp-content\/uploads\/2026\/04\/restaurante-fialho-evora_Easy-Resize.com_-150x92.jpg 150w, https:\/\/www.travel3.com.br\/site\/wp-content\/uploads\/2026\/04\/restaurante-fialho-evora_Easy-Resize.com_-750x461.jpg 750w, https:\/\/www.travel3.com.br\/site\/wp-content\/uploads\/2026\/04\/restaurante-fialho-evora_Easy-Resize.com_-1140x701.jpg 1140w, https:\/\/www.travel3.com.br\/site\/wp-content\/uploads\/2026\/04\/restaurante-fialho-evora_Easy-Resize.com_.jpg 1280w\" sizes=\"auto, (max-width: 1024px) 100vw, 1024px\" \/><figcaption class=\"wp-element-caption\">Restaurante Fialho, uma das refer\u00eancias em \u00c9vora (Foto: Reprodu\u00e7\u00e3o Instagram)<\/figcaption><\/figure><\/div>\n\n\n<h3 class=\"wp-block-heading\">Onde comer<\/h3>\n\n\n\n<p>O <strong><a href=\"https:\/\/onebooking.pt\/pt\/travel-spot-guide\/restaurante-fialho\/\" target=\"_blank\" rel=\"noreferrer noopener\">Restaurante Fialho<\/a><\/strong> \u00e9 uma refer\u00eancia da cozinha alentejana, com leitura direta da tradi\u00e7\u00e3o regional.<\/p>\n\n\n\n<p>A <strong><a href=\"https:\/\/www.instagram.com\/taberna_tipica_quarta_feira\/\" target=\"_blank\" rel=\"noreferrer noopener\">Taberna T\u00edpica Quarta-feira<\/a><\/strong> trabalha com poucas mesas e servi\u00e7o pr\u00f3ximo, refor\u00e7ando o car\u00e1ter local da experi\u00eancia.<\/p>\n\n\n\n<h3 class=\"wp-block-heading\">Hora das compras<\/h3>\n\n\n\n<p>No centro hist\u00f3rico, lojas dedicadas \u00e0 cer\u00e2mica e \u00e0 corti\u00e7a concentram parte importante da produ\u00e7\u00e3o regional. Mais do que lembran\u00e7as, esses objetos refletem pr\u00e1ticas e saberes ligados ao territ\u00f3rio.<\/p>\n\n\n\n<h2 class=\"wp-block-heading\">Continue explorando o Alentejo<\/h2>\n\n\n\n<p>Se \u00c9vora \u00e9 o ponto de partida, o Alentejo se revela na estrada. A partir da cidade, \u00e9 poss\u00edvel construir um roteiro de 3 a 5 dias passando por vin\u00edcolas, vilas hist\u00f3ricas e paisagens que definem essa regi\u00e3o de Portugal.<\/p>\n\n\n<div class=\"wp-block-image\">\n<figure class=\"aligncenter size-large is-resized\"><img loading=\"lazy\" decoding=\"async\" width=\"768\" height=\"1024\" src=\"https:\/\/www.travel3.com.br\/site\/wp-content\/uploads\/2026\/04\/Evora-melhores-fotos_Easy-Resize.com_-768x1024.jpg\" alt=\"\u00c9vora - melhores fotos\" class=\"wp-image-81935\" style=\"width:666px;height:auto\" srcset=\"https:\/\/www.travel3.com.br\/site\/wp-content\/uploads\/2026\/04\/Evora-melhores-fotos_Easy-Resize.com_-768x1024.jpg 768w, https:\/\/www.travel3.com.br\/site\/wp-content\/uploads\/2026\/04\/Evora-melhores-fotos_Easy-Resize.com_-225x300.jpg 225w, https:\/\/www.travel3.com.br\/site\/wp-content\/uploads\/2026\/04\/Evora-melhores-fotos_Easy-Resize.com_-640x853.jpg 640w, https:\/\/www.travel3.com.br\/site\/wp-content\/uploads\/2026\/04\/Evora-melhores-fotos_Easy-Resize.com_-150x200.jpg 150w, https:\/\/www.travel3.com.br\/site\/wp-content\/uploads\/2026\/04\/Evora-melhores-fotos_Easy-Resize.com_-750x1000.jpg 750w, https:\/\/www.travel3.com.br\/site\/wp-content\/uploads\/2026\/04\/Evora-melhores-fotos_Easy-Resize.com_.jpg 960w\" sizes=\"auto, (max-width: 768px) 100vw, 768px\" \/><figcaption class=\"wp-element-caption\">O claustro da Catedral de \u00c9vora cria enquadramentos com arcos e pedra, permitindo fotografias mais controladas.<br>(Foto &#8211; Jose Cruz)<\/figcaption><\/figure><\/div>\n\n\n<h2 class=\"wp-block-heading\">Melhores lugares para as fotos<\/h2>\n\n\n\n<p>Para capturar as melhores imagens de \u00c9vora, combine vistas amplas com caminhadas pelas ruas do centro hist\u00f3rico.<\/p>\n\n\n\n<p>O terra\u00e7o da Catedral de \u00c9vora oferece a leitura completa da cidade. J\u00e1 no interior, o claustro cria enquadramentos com arcos e pedra, permitindo fotografias mais controladas.<\/p>\n\n\n\n<p>Na Pra\u00e7a Conde Vila Flor, o Templo Romano funciona melhor pela manh\u00e3, quando a luz lateral define as colunas.<\/p>\n\n\n\n<p>Dentro das muralhas, ruas estreitas pr\u00f3ximas \u00e0 Rua 5 de Outubro concentram portas, sombras e varia\u00e7\u00f5es de cor \u2014 no fim da tarde, a luz \u00e9 mais baixa e favorece os detalhes.<\/p>\n\n\n\n<p>A Pra\u00e7a do Giraldo marca a transi\u00e7\u00e3o entre o ritmo local e o fluxo de visitantes, com enquadramentos abertos e movimento.<\/p>\n\n\n\n<h2 class=\"wp-block-heading\">Nosso lugar secreto em \u00c9vora<\/h2>\n\n\n\n<p>\u00c9 o <strong><a href=\"https:\/\/www.instagram.com\/botequimdamouraria\/\" target=\"_blank\" rel=\"noreferrer noopener\">Botequim da Mouraria<\/a><\/strong>, um pequeno espa\u00e7o com atendimento no balc\u00e3o e poucos lugares. Ele abre apenas no hor\u00e1rio do almo\u00e7o, e s\u00f3 durante a semana. N\u00e3o h\u00e1 reservas. Quem chega cedo experimenta comida caseira do Alentejo. Os pratos mudam conforme o dia e s\u00e3o feitos com ingredientes locais.<\/p>\n\n\n\n<p><strong>Endere\u00e7o:<\/strong>&nbsp;Rua da Mouraria 16A, \u00c9vora, Portugal.<\/p>\n","protected":false},"excerpt":{"rendered":"<p>Camadas do passado surgem enquanto os roteiros seguem al\u00e9m das muralhas<\/p>\n","protected":false},"author":4,"featured_media":81955,"comment_status":"open","ping_status":"open","sticky":false,"template":"","format":"standard","meta":{"footnotes":""},"categories":[226,10,170,4882],"tags":[3277,3278,272,481,7429,710],"class_list":["post-81867","post","type-post","status-publish","format-standard","has-post-thumbnail","hentry","category-destaque","category-destinos","category-europa","category-home","tag-alentejo","tag-evora","tag-gastronomia","tag-portugal","tag-viagem-cultural","tag-vinhos"],"yoast_head":"<!-- This site is optimized with the Yoast SEO plugin v26.2 - https:\/\/yoast.com\/wordpress\/plugins\/seo\/ -->\n<title>\u00c9vora, Portugal: o que fazer + guia completo no Alentejo<\/title>\n<meta name=\"description\" content=\"Descubra o que fazer em \u00c9vora, no Alentejo. Hist\u00f3ria, vinhos, gastronomia e como usar a cidade como base para explorar a regi\u00e3o.\" \/>\n<meta name=\"robots\" content=\"index, follow, max-snippet:-1, max-image-preview:large, max-video-preview:-1\" \/>\n<link rel=\"canonical\" href=\"https:\/\/www.travel3.com.br\/site\/destinos\/evora-portugal-o-que-fazer-alentejo\/\" \/>\n<meta property=\"og:locale\" content=\"pt_BR\" \/>\n<meta property=\"og:type\" content=\"article\" \/>\n<meta property=\"og:title\" content=\"\u00c9vora, Portugal: o que fazer + guia completo no Alentejo\" \/>\n<meta property=\"og:description\" content=\"Descubra o que fazer em \u00c9vora, no Alentejo. Hist\u00f3ria, vinhos, gastronomia e como usar a cidade como base para explorar a regi\u00e3o.\" \/>\n<meta property=\"og:url\" content=\"https:\/\/www.travel3.com.br\/site\/destinos\/evora-portugal-o-que-fazer-alentejo\/\" \/>\n<meta property=\"og:site_name\" content=\"Travel3\" \/>\n<meta property=\"article:publisher\" content=\"https:\/\/www.facebook.com\/travel3media\/\" \/>\n<meta property=\"article:published_time\" content=\"2026-04-29T19:15:30+00:00\" \/>\n<meta property=\"article:modified_time\" content=\"2026-04-29T19:15:32+00:00\" \/>\n<meta property=\"og:image\" content=\"https:\/\/www.travel3.com.br\/site\/wp-content\/uploads\/2026\/04\/evora-portugal_Easy-Resize.com_.jpg\" \/>\n\t<meta property=\"og:image:width\" content=\"1280\" \/>\n\t<meta property=\"og:image:height\" content=\"853\" \/>\n\t<meta property=\"og:image:type\" content=\"image\/jpeg\" \/>\n<meta name=\"author\" content=\"Claudia Tonaco\" \/>\n<meta name=\"twitter:card\" content=\"summary_large_image\" \/>\n<meta name=\"twitter:label1\" content=\"Escrito por\" \/>\n\t<meta name=\"twitter:data1\" content=\"Claudia Tonaco\" \/>\n\t<meta name=\"twitter:label2\" content=\"Est. tempo de leitura\" \/>\n\t<meta name=\"twitter:data2\" content=\"9 minutos\" \/>\n<script type=\"application\/ld+json\" class=\"yoast-schema-graph\">{\"@context\":\"https:\/\/schema.org\",\"@graph\":[{\"@type\":\"Article\",\"@id\":\"https:\/\/www.travel3.com.br\/site\/destinos\/evora-portugal-o-que-fazer-alentejo\/#article\",\"isPartOf\":{\"@id\":\"https:\/\/www.travel3.com.br\/site\/destinos\/evora-portugal-o-que-fazer-alentejo\/\"},\"author\":{\"name\":\"Claudia Tonaco\",\"@id\":\"https:\/\/www.travel3.com.br\/site\/#\/schema\/person\/ad24a6ccba88dcd54877f3d2fb76c605\"},\"headline\":\"\u00c9vora, Portugal: onde a hist\u00f3ria do Alentejo se revela\",\"datePublished\":\"2026-04-29T19:15:30+00:00\",\"dateModified\":\"2026-04-29T19:15:32+00:00\",\"mainEntityOfPage\":{\"@id\":\"https:\/\/www.travel3.com.br\/site\/destinos\/evora-portugal-o-que-fazer-alentejo\/\"},\"wordCount\":1413,\"commentCount\":0,\"publisher\":{\"@id\":\"https:\/\/www.travel3.com.br\/site\/#organization\"},\"image\":{\"@id\":\"https:\/\/www.travel3.com.br\/site\/destinos\/evora-portugal-o-que-fazer-alentejo\/#primaryimage\"},\"thumbnailUrl\":\"https:\/\/www.travel3.com.br\/site\/wp-content\/uploads\/2026\/04\/evora-portugal_Easy-Resize.com_.jpg\",\"keywords\":[\"Alentejo\",\"\u00c9vora\",\"gastronomia\",\"Portugal\",\"viagem cultural\",\"vinhos\"],\"articleSection\":[\"Destaque\",\"Destinos\",\"Europa\",\"Home\"],\"inLanguage\":\"pt-BR\",\"potentialAction\":[{\"@type\":\"CommentAction\",\"name\":\"Comment\",\"target\":[\"https:\/\/www.travel3.com.br\/site\/destinos\/evora-portugal-o-que-fazer-alentejo\/#respond\"]}]},{\"@type\":\"WebPage\",\"@id\":\"https:\/\/www.travel3.com.br\/site\/destinos\/evora-portugal-o-que-fazer-alentejo\/\",\"url\":\"https:\/\/www.travel3.com.br\/site\/destinos\/evora-portugal-o-que-fazer-alentejo\/\",\"name\":\"\u00c9vora, Portugal: o que fazer + guia completo no Alentejo\",\"isPartOf\":{\"@id\":\"https:\/\/www.travel3.com.br\/site\/#website\"},\"primaryImageOfPage\":{\"@id\":\"https:\/\/www.travel3.com.br\/site\/destinos\/evora-portugal-o-que-fazer-alentejo\/#primaryimage\"},\"image\":{\"@id\":\"https:\/\/www.travel3.com.br\/site\/destinos\/evora-portugal-o-que-fazer-alentejo\/#primaryimage\"},\"thumbnailUrl\":\"https:\/\/www.travel3.com.br\/site\/wp-content\/uploads\/2026\/04\/evora-portugal_Easy-Resize.com_.jpg\",\"datePublished\":\"2026-04-29T19:15:30+00:00\",\"dateModified\":\"2026-04-29T19:15:32+00:00\",\"description\":\"Descubra o que fazer em \u00c9vora, no Alentejo. Hist\u00f3ria, vinhos, gastronomia e como usar a cidade como base para explorar a regi\u00e3o.\",\"breadcrumb\":{\"@id\":\"https:\/\/www.travel3.com.br\/site\/destinos\/evora-portugal-o-que-fazer-alentejo\/#breadcrumb\"},\"inLanguage\":\"pt-BR\",\"potentialAction\":[{\"@type\":\"ReadAction\",\"target\":[\"https:\/\/www.travel3.com.br\/site\/destinos\/evora-portugal-o-que-fazer-alentejo\/\"]}]},{\"@type\":\"ImageObject\",\"inLanguage\":\"pt-BR\",\"@id\":\"https:\/\/www.travel3.com.br\/site\/destinos\/evora-portugal-o-que-fazer-alentejo\/#primaryimage\",\"url\":\"https:\/\/www.travel3.com.br\/site\/wp-content\/uploads\/2026\/04\/evora-portugal_Easy-Resize.com_.jpg\",\"contentUrl\":\"https:\/\/www.travel3.com.br\/site\/wp-content\/uploads\/2026\/04\/evora-portugal_Easy-Resize.com_.jpg\",\"width\":1280,\"height\":853,\"caption\":\"Pra\u00e7a do Giraldo, o ponto de encontro de todas as ruas de \u00c9vora (Foto: Divulga\u00e7\u00e3o)\"},{\"@type\":\"BreadcrumbList\",\"@id\":\"https:\/\/www.travel3.com.br\/site\/destinos\/evora-portugal-o-que-fazer-alentejo\/#breadcrumb\",\"itemListElement\":[{\"@type\":\"ListItem\",\"position\":1,\"name\":\"In\u00edcio\",\"item\":\"https:\/\/www.travel3.com.br\/site\/\"},{\"@type\":\"ListItem\",\"position\":2,\"name\":\"\u00c9vora, Portugal: onde a hist\u00f3ria do Alentejo se revela\"}]},{\"@type\":\"WebSite\",\"@id\":\"https:\/\/www.travel3.com.br\/site\/#website\",\"url\":\"https:\/\/www.travel3.com.br\/site\/\",\"name\":\"Travel3\",\"description\":\"Lazer + Neg&oacute;cios + Aventura\",\"publisher\":{\"@id\":\"https:\/\/www.travel3.com.br\/site\/#organization\"},\"potentialAction\":[{\"@type\":\"SearchAction\",\"target\":{\"@type\":\"EntryPoint\",\"urlTemplate\":\"https:\/\/www.travel3.com.br\/site\/?s={search_term_string}\"},\"query-input\":{\"@type\":\"PropertyValueSpecification\",\"valueRequired\":true,\"valueName\":\"search_term_string\"}}],\"inLanguage\":\"pt-BR\"},{\"@type\":\"Organization\",\"@id\":\"https:\/\/www.travel3.com.br\/site\/#organization\",\"name\":\"Travel3\",\"url\":\"https:\/\/www.travel3.com.br\/site\/\",\"logo\":{\"@type\":\"ImageObject\",\"inLanguage\":\"pt-BR\",\"@id\":\"https:\/\/www.travel3.com.br\/site\/#\/schema\/logo\/image\/\",\"url\":\"https:\/\/www.travel3.com.br\/site\/wp-content\/uploads\/2020\/01\/logo-travel3-2020.png\",\"contentUrl\":\"https:\/\/www.travel3.com.br\/site\/wp-content\/uploads\/2020\/01\/logo-travel3-2020.png\",\"width\":232,\"height\":79,\"caption\":\"Travel3\"},\"image\":{\"@id\":\"https:\/\/www.travel3.com.br\/site\/#\/schema\/logo\/image\/\"},\"sameAs\":[\"https:\/\/www.facebook.com\/travel3media\/\",\"https:\/\/www.instagram.com\/revistatravel3\/\",\"https:\/\/www.youtube.com\/channel\/UCno7J4paGBR3VbZQzvoJ9Eg\"]},{\"@type\":\"Person\",\"@id\":\"https:\/\/www.travel3.com.br\/site\/#\/schema\/person\/ad24a6ccba88dcd54877f3d2fb76c605\",\"name\":\"Claudia Tonaco\",\"image\":{\"@type\":\"ImageObject\",\"inLanguage\":\"pt-BR\",\"@id\":\"https:\/\/www.travel3.com.br\/site\/#\/schema\/person\/image\/\",\"url\":\"https:\/\/secure.gravatar.com\/avatar\/7c64bb31135bb8c28f49658a042f8b8a?s=96&d=mm&r=g\",\"contentUrl\":\"https:\/\/secure.gravatar.com\/avatar\/7c64bb31135bb8c28f49658a042f8b8a?s=96&d=mm&r=g\",\"caption\":\"Claudia Tonaco\"},\"sameAs\":[\"http:\/\/www.travel3.com.br\"],\"url\":\"https:\/\/www.travel3.com.br\/site\/author\/tonaco\/\"}]}<\/script>\n<!-- \/ Yoast SEO plugin. -->","yoast_head_json":{"title":"\u00c9vora, Portugal: o que fazer + guia completo no Alentejo","description":"Descubra o que fazer em \u00c9vora, no Alentejo. Hist\u00f3ria, vinhos, gastronomia e como usar a cidade como base para explorar a regi\u00e3o.","robots":{"index":"index","follow":"follow","max-snippet":"max-snippet:-1","max-image-preview":"max-image-preview:large","max-video-preview":"max-video-preview:-1"},"canonical":"https:\/\/www.travel3.com.br\/site\/destinos\/evora-portugal-o-que-fazer-alentejo\/","og_locale":"pt_BR","og_type":"article","og_title":"\u00c9vora, Portugal: o que fazer + guia completo no Alentejo","og_description":"Descubra o que fazer em \u00c9vora, no Alentejo. Hist\u00f3ria, vinhos, gastronomia e como usar a cidade como base para explorar a regi\u00e3o.","og_url":"https:\/\/www.travel3.com.br\/site\/destinos\/evora-portugal-o-que-fazer-alentejo\/","og_site_name":"Travel3","article_publisher":"https:\/\/www.facebook.com\/travel3media\/","article_published_time":"2026-04-29T19:15:30+00:00","article_modified_time":"2026-04-29T19:15:32+00:00","og_image":[{"width":1280,"height":853,"url":"https:\/\/www.travel3.com.br\/site\/wp-content\/uploads\/2026\/04\/evora-portugal_Easy-Resize.com_.jpg","type":"image\/jpeg"}],"author":"Claudia Tonaco","twitter_card":"summary_large_image","twitter_misc":{"Escrito por":"Claudia Tonaco","Est. tempo de leitura":"9 minutos"},"schema":{"@context":"https:\/\/schema.org","@graph":[{"@type":"Article","@id":"https:\/\/www.travel3.com.br\/site\/destinos\/evora-portugal-o-que-fazer-alentejo\/#article","isPartOf":{"@id":"https:\/\/www.travel3.com.br\/site\/destinos\/evora-portugal-o-que-fazer-alentejo\/"},"author":{"name":"Claudia Tonaco","@id":"https:\/\/www.travel3.com.br\/site\/#\/schema\/person\/ad24a6ccba88dcd54877f3d2fb76c605"},"headline":"\u00c9vora, Portugal: onde a hist\u00f3ria do Alentejo se revela","datePublished":"2026-04-29T19:15:30+00:00","dateModified":"2026-04-29T19:15:32+00:00","mainEntityOfPage":{"@id":"https:\/\/www.travel3.com.br\/site\/destinos\/evora-portugal-o-que-fazer-alentejo\/"},"wordCount":1413,"commentCount":0,"publisher":{"@id":"https:\/\/www.travel3.com.br\/site\/#organization"},"image":{"@id":"https:\/\/www.travel3.com.br\/site\/destinos\/evora-portugal-o-que-fazer-alentejo\/#primaryimage"},"thumbnailUrl":"https:\/\/www.travel3.com.br\/site\/wp-content\/uploads\/2026\/04\/evora-portugal_Easy-Resize.com_.jpg","keywords":["Alentejo","\u00c9vora","gastronomia","Portugal","viagem cultural","vinhos"],"articleSection":["Destaque","Destinos","Europa","Home"],"inLanguage":"pt-BR","potentialAction":[{"@type":"CommentAction","name":"Comment","target":["https:\/\/www.travel3.com.br\/site\/destinos\/evora-portugal-o-que-fazer-alentejo\/#respond"]}]},{"@type":"WebPage","@id":"https:\/\/www.travel3.com.br\/site\/destinos\/evora-portugal-o-que-fazer-alentejo\/","url":"https:\/\/www.travel3.com.br\/site\/destinos\/evora-portugal-o-que-fazer-alentejo\/","name":"\u00c9vora, Portugal: o que fazer + guia completo no Alentejo","isPartOf":{"@id":"https:\/\/www.travel3.com.br\/site\/#website"},"primaryImageOfPage":{"@id":"https:\/\/www.travel3.com.br\/site\/destinos\/evora-portugal-o-que-fazer-alentejo\/#primaryimage"},"image":{"@id":"https:\/\/www.travel3.com.br\/site\/destinos\/evora-portugal-o-que-fazer-alentejo\/#primaryimage"},"thumbnailUrl":"https:\/\/www.travel3.com.br\/site\/wp-content\/uploads\/2026\/04\/evora-portugal_Easy-Resize.com_.jpg","datePublished":"2026-04-29T19:15:30+00:00","dateModified":"2026-04-29T19:15:32+00:00","description":"Descubra o que fazer em \u00c9vora, no Alentejo. Hist\u00f3ria, vinhos, gastronomia e como usar a cidade como base para explorar a regi\u00e3o.","breadcrumb":{"@id":"https:\/\/www.travel3.com.br\/site\/destinos\/evora-portugal-o-que-fazer-alentejo\/#breadcrumb"},"inLanguage":"pt-BR","potentialAction":[{"@type":"ReadAction","target":["https:\/\/www.travel3.com.br\/site\/destinos\/evora-portugal-o-que-fazer-alentejo\/"]}]},{"@type":"ImageObject","inLanguage":"pt-BR","@id":"https:\/\/www.travel3.com.br\/site\/destinos\/evora-portugal-o-que-fazer-alentejo\/#primaryimage","url":"https:\/\/www.travel3.com.br\/site\/wp-content\/uploads\/2026\/04\/evora-portugal_Easy-Resize.com_.jpg","contentUrl":"https:\/\/www.travel3.com.br\/site\/wp-content\/uploads\/2026\/04\/evora-portugal_Easy-Resize.com_.jpg","width":1280,"height":853,"caption":"Pra\u00e7a do Giraldo, o ponto de encontro de todas as ruas de \u00c9vora (Foto: Divulga\u00e7\u00e3o)"},{"@type":"BreadcrumbList","@id":"https:\/\/www.travel3.com.br\/site\/destinos\/evora-portugal-o-que-fazer-alentejo\/#breadcrumb","itemListElement":[{"@type":"ListItem","position":1,"name":"In\u00edcio","item":"https:\/\/www.travel3.com.br\/site\/"},{"@type":"ListItem","position":2,"name":"\u00c9vora, Portugal: onde a hist\u00f3ria do Alentejo se revela"}]},{"@type":"WebSite","@id":"https:\/\/www.travel3.com.br\/site\/#website","url":"https:\/\/www.travel3.com.br\/site\/","name":"Travel3","description":"Lazer + Neg&oacute;cios + Aventura","publisher":{"@id":"https:\/\/www.travel3.com.br\/site\/#organization"},"potentialAction":[{"@type":"SearchAction","target":{"@type":"EntryPoint","urlTemplate":"https:\/\/www.travel3.com.br\/site\/?s={search_term_string}"},"query-input":{"@type":"PropertyValueSpecification","valueRequired":true,"valueName":"search_term_string"}}],"inLanguage":"pt-BR"},{"@type":"Organization","@id":"https:\/\/www.travel3.com.br\/site\/#organization","name":"Travel3","url":"https:\/\/www.travel3.com.br\/site\/","logo":{"@type":"ImageObject","inLanguage":"pt-BR","@id":"https:\/\/www.travel3.com.br\/site\/#\/schema\/logo\/image\/","url":"https:\/\/www.travel3.com.br\/site\/wp-content\/uploads\/2020\/01\/logo-travel3-2020.png","contentUrl":"https:\/\/www.travel3.com.br\/site\/wp-content\/uploads\/2020\/01\/logo-travel3-2020.png","width":232,"height":79,"caption":"Travel3"},"image":{"@id":"https:\/\/www.travel3.com.br\/site\/#\/schema\/logo\/image\/"},"sameAs":["https:\/\/www.facebook.com\/travel3media\/","https:\/\/www.instagram.com\/revistatravel3\/","https:\/\/www.youtube.com\/channel\/UCno7J4paGBR3VbZQzvoJ9Eg"]},{"@type":"Person","@id":"https:\/\/www.travel3.com.br\/site\/#\/schema\/person\/ad24a6ccba88dcd54877f3d2fb76c605","name":"Claudia Tonaco","image":{"@type":"ImageObject","inLanguage":"pt-BR","@id":"https:\/\/www.travel3.com.br\/site\/#\/schema\/person\/image\/","url":"https:\/\/secure.gravatar.com\/avatar\/7c64bb31135bb8c28f49658a042f8b8a?s=96&d=mm&r=g","contentUrl":"https:\/\/secure.gravatar.com\/avatar\/7c64bb31135bb8c28f49658a042f8b8a?s=96&d=mm&r=g","caption":"Claudia Tonaco"},"sameAs":["http:\/\/www.travel3.com.br"],"url":"https:\/\/www.travel3.com.br\/site\/author\/tonaco\/"}]}},"_links":{"self":[{"href":"https:\/\/www.travel3.com.br\/site\/wp-json\/wp\/v2\/posts\/81867","targetHints":{"allow":["GET"]}}],"collection":[{"href":"https:\/\/www.travel3.com.br\/site\/wp-json\/wp\/v2\/posts"}],"about":[{"href":"https:\/\/www.travel3.com.br\/site\/wp-json\/wp\/v2\/types\/post"}],"author":[{"embeddable":true,"href":"https:\/\/www.travel3.com.br\/site\/wp-json\/wp\/v2\/users\/4"}],"replies":[{"embeddable":true,"href":"https:\/\/www.travel3.com.br\/site\/wp-json\/wp\/v2\/comments?post=81867"}],"version-history":[{"count":9,"href":"https:\/\/www.travel3.com.br\/site\/wp-json\/wp\/v2\/posts\/81867\/revisions"}],"predecessor-version":[{"id":81964,"href":"https:\/\/www.travel3.com.br\/site\/wp-json\/wp\/v2\/posts\/81867\/revisions\/81964"}],"wp:featuredmedia":[{"embeddable":true,"href":"https:\/\/www.travel3.com.br\/site\/wp-json\/wp\/v2\/media\/81955"}],"wp:attachment":[{"href":"https:\/\/www.travel3.com.br\/site\/wp-json\/wp\/v2\/media?parent=81867"}],"wp:term":[{"taxonomy":"category","embeddable":true,"href":"https:\/\/www.travel3.com.br\/site\/wp-json\/wp\/v2\/categories?post=81867"},{"taxonomy":"post_tag","embeddable":true,"href":"https:\/\/www.travel3.com.br\/site\/wp-json\/wp\/v2\/tags?post=81867"}],"curies":[{"name":"wp","href":"https:\/\/api.w.org\/{rel}","templated":true}]}}