{"id":81279,"date":"2026-03-16T07:50:34","date_gmt":"2026-03-16T10:50:34","guid":{"rendered":"https:\/\/www.travel3.com.br\/site\/?p=81279"},"modified":"2026-03-16T07:50:36","modified_gmt":"2026-03-16T10:50:36","slug":"pascoa-em-paraty-pousada-porto-imperial","status":"publish","type":"post","link":"https:\/\/www.travel3.com.br\/site\/ferias-e-feriados\/pascoa-em-paraty-pousada-porto-imperial\/","title":{"rendered":"Pousada Porto Imperial lan\u00e7a pacote de P\u00e1scoa em Paraty"},"content":{"rendered":"\n<h2 class=\"wp-block-heading\">Hospedagem no centro hist\u00f3rico inclui programa\u00e7\u00e3o cultural e celebra\u00e7\u00f5es da Semana Santa<\/h2>\n\n\n\n<p>A Pousada Porto Imperial preparou um pacote especial de hospedagem para o feriado de P\u00e1scoa, entre os dias 2 e 5 de abril. A proposta combina conforto, gastronomia e a participa\u00e7\u00e3o nas tradicionais celebra\u00e7\u00f5es da Semana Santa em Paraty.<\/p>\n\n\n\n<p>Localizada no centro hist\u00f3rico da cidade, a pousada funciona em um casar\u00e3o do s\u00e9culo XVIII preservado, reunindo caracter\u00edsticas da arquitetura colonial e infraestrutura contempor\u00e2nea. O empreendimento disp\u00f5e de 41 apartamentos equipados com ar-condicionado, TV a cabo, frigobar e amenities da Granado, al\u00e9m de piscina, sauna a vapor e \u00e1rea fitness.<\/p>\n\n\n\n<p>O pacote inclui caf\u00e9 da manh\u00e3, estacionamento privativo, internet Wi-Fi e drink de boas-vindas para reservas realizadas diretamente com a pousada. Durante o per\u00edodo, crian\u00e7as hospedadas recebem chocolates nos quartos, em refer\u00eancia \u00e0s tradi\u00e7\u00f5es do feriado.<\/p>\n\n\n\n<h2 class=\"wp-block-heading\">Tradi\u00e7\u00e3o religiosa e programa\u00e7\u00e3o cultural<\/h2>\n\n\n\n<p>Conhecida pelo patrim\u00f4nio hist\u00f3rico e pelas manifesta\u00e7\u00f5es culturais, Paraty mant\u00e9m celebra\u00e7\u00f5es religiosas que remontam aos s\u00e9culos XVII e XVIII. Entre os destaques est\u00e1 a Prociss\u00e3o do Fogar\u00e9u, realizada na madrugada da Quinta-Feira Santa, quando fi\u00e9is percorrem as ruas de pedra iluminados por tochas, em encena\u00e7\u00e3o simb\u00f3lica da pris\u00e3o de Cristo.<\/p>\n\n\n\n<p>No mesmo per\u00edodo, a cidade recebe o Encontro de Ceramistas de Paraty, que re\u00fane artistas e artes\u00e3os em atividades ligadas \u00e0 produ\u00e7\u00e3o cer\u00e2mica e \u00e0 valoriza\u00e7\u00e3o da cultura local.<\/p>\n\n\n\n<p>Com programa\u00e7\u00e3o religiosa, eventos culturais e atmosfera hist\u00f3rica, o destino se consolida como op\u00e7\u00e3o para quem busca viajar durante o feriado prolongado. A hospedagem no centro hist\u00f3rico facilita o acesso \u00e0s principais atra\u00e7\u00f5es e permite vivenciar a cidade a p\u00e9.<\/p>\n\n\n\n<h3 class=\"wp-block-heading\">P\u00e1scoa em Paraty na Pousada Porto Imperial <\/h3>\n\n\n\n<p>Per\u00edodo do pacote: 2 a 5 de abril<br>Valores a partir de R$ 4.500 para tr\u00eas di\u00e1rias<\/p>\n","protected":false},"excerpt":{"rendered":"<p>Hospedagem no centro hist\u00f3rico une cultura e tradi\u00e7\u00f5es da Semana Santa<\/p>\n","protected":false},"author":5,"featured_media":81280,"comment_status":"open","ping_status":"open","sticky":false,"template":"","format":"standard","meta":{"footnotes":""},"categories":[162],"tags":[4082,7319,6230,7329],"class_list":["post-81279","post","type-post","status-publish","format-standard","has-post-thumbnail","hentry","category-ferias-e-feriados","tag-paraty","tag-pascoa-2026","tag-pousada-porto-imperial","tag-semana-santa-em-paraty"],"yoast_head":"<!-- This site is optimized with the Yoast SEO plugin v26.2 - https:\/\/yoast.com\/wordpress\/plugins\/seo\/ -->\n<title>Pousada Porto Imperial lan\u00e7a pacote de P\u00e1scoa em Paraty - Travel3<\/title>\n<meta name=\"description\" content=\"Pousada Porto Imperial oferece pacote de P\u00e1scoa com hospedagem no centro hist\u00f3rico e programa\u00e7\u00e3o da Semana Santa em Paraty\" \/>\n<meta name=\"robots\" content=\"index, follow, max-snippet:-1, max-image-preview:large, max-video-preview:-1\" \/>\n<link rel=\"canonical\" href=\"https:\/\/www.travel3.com.br\/site\/ferias-e-feriados\/pascoa-em-paraty-pousada-porto-imperial\/\" \/>\n<meta property=\"og:locale\" content=\"pt_BR\" \/>\n<meta property=\"og:type\" content=\"article\" \/>\n<meta property=\"og:title\" content=\"Pousada Porto Imperial lan\u00e7a pacote de P\u00e1scoa em Paraty - Travel3\" \/>\n<meta property=\"og:description\" content=\"Pousada Porto Imperial oferece pacote de P\u00e1scoa com hospedagem no centro hist\u00f3rico e programa\u00e7\u00e3o da Semana Santa em Paraty\" \/>\n<meta property=\"og:url\" content=\"https:\/\/www.travel3.com.br\/site\/ferias-e-feriados\/pascoa-em-paraty-pousada-porto-imperial\/\" \/>\n<meta property=\"og:site_name\" content=\"Travel3\" \/>\n<meta property=\"article:publisher\" content=\"https:\/\/www.facebook.com\/travel3media\/\" \/>\n<meta property=\"article:published_time\" content=\"2026-03-16T10:50:34+00:00\" \/>\n<meta property=\"article:modified_time\" content=\"2026-03-16T10:50:36+00:00\" \/>\n<meta property=\"og:image\" content=\"https:\/\/www.travel3.com.br\/site\/wp-content\/uploads\/2026\/03\/Pousada-Porto-Imperial-em-Paraty_Easy-Resize.com_.jpg\" \/>\n\t<meta property=\"og:image:width\" content=\"1280\" \/>\n\t<meta property=\"og:image:height\" content=\"853\" \/>\n\t<meta property=\"og:image:type\" content=\"image\/jpeg\" \/>\n<meta name=\"author\" content=\"Reda\u00e7\u00e3o Travel3\" \/>\n<meta name=\"twitter:card\" content=\"summary_large_image\" \/>\n<meta name=\"twitter:label1\" content=\"Escrito por\" \/>\n\t<meta name=\"twitter:data1\" content=\"Reda\u00e7\u00e3o Travel3\" \/>\n\t<meta name=\"twitter:label2\" content=\"Est. tempo de leitura\" \/>\n\t<meta name=\"twitter:data2\" content=\"2 minutos\" \/>\n<script type=\"application\/ld+json\" class=\"yoast-schema-graph\">{\"@context\":\"https:\/\/schema.org\",\"@graph\":[{\"@type\":\"Article\",\"@id\":\"https:\/\/www.travel3.com.br\/site\/ferias-e-feriados\/pascoa-em-paraty-pousada-porto-imperial\/#article\",\"isPartOf\":{\"@id\":\"https:\/\/www.travel3.com.br\/site\/ferias-e-feriados\/pascoa-em-paraty-pousada-porto-imperial\/\"},\"author\":{\"name\":\"Reda\u00e7\u00e3o Travel3\",\"@id\":\"https:\/\/www.travel3.com.br\/site\/#\/schema\/person\/89251b0320bc67697de92249f97f3fdb\"},\"headline\":\"Pousada Porto Imperial lan\u00e7a pacote de P\u00e1scoa em Paraty\",\"datePublished\":\"2026-03-16T10:50:34+00:00\",\"dateModified\":\"2026-03-16T10:50:36+00:00\",\"mainEntityOfPage\":{\"@id\":\"https:\/\/www.travel3.com.br\/site\/ferias-e-feriados\/pascoa-em-paraty-pousada-porto-imperial\/\"},\"wordCount\":333,\"commentCount\":0,\"publisher\":{\"@id\":\"https:\/\/www.travel3.com.br\/site\/#organization\"},\"image\":{\"@id\":\"https:\/\/www.travel3.com.br\/site\/ferias-e-feriados\/pascoa-em-paraty-pousada-porto-imperial\/#primaryimage\"},\"thumbnailUrl\":\"https:\/\/www.travel3.com.br\/site\/wp-content\/uploads\/2026\/03\/Pousada-Porto-Imperial-em-Paraty_Easy-Resize.com_.jpg\",\"keywords\":[\"Paraty\",\"p\u00e1scoa 2026\",\"Pousada Porto Imperial\",\"Semana Santa em Paraty\"],\"articleSection\":[\"F\u00e9rias e Feriados\"],\"inLanguage\":\"pt-BR\",\"potentialAction\":[{\"@type\":\"CommentAction\",\"name\":\"Comment\",\"target\":[\"https:\/\/www.travel3.com.br\/site\/ferias-e-feriados\/pascoa-em-paraty-pousada-porto-imperial\/#respond\"]}]},{\"@type\":\"WebPage\",\"@id\":\"https:\/\/www.travel3.com.br\/site\/ferias-e-feriados\/pascoa-em-paraty-pousada-porto-imperial\/\",\"url\":\"https:\/\/www.travel3.com.br\/site\/ferias-e-feriados\/pascoa-em-paraty-pousada-porto-imperial\/\",\"name\":\"Pousada Porto Imperial lan\u00e7a pacote de P\u00e1scoa em Paraty - Travel3\",\"isPartOf\":{\"@id\":\"https:\/\/www.travel3.com.br\/site\/#website\"},\"primaryImageOfPage\":{\"@id\":\"https:\/\/www.travel3.com.br\/site\/ferias-e-feriados\/pascoa-em-paraty-pousada-porto-imperial\/#primaryimage\"},\"image\":{\"@id\":\"https:\/\/www.travel3.com.br\/site\/ferias-e-feriados\/pascoa-em-paraty-pousada-porto-imperial\/#primaryimage\"},\"thumbnailUrl\":\"https:\/\/www.travel3.com.br\/site\/wp-content\/uploads\/2026\/03\/Pousada-Porto-Imperial-em-Paraty_Easy-Resize.com_.jpg\",\"datePublished\":\"2026-03-16T10:50:34+00:00\",\"dateModified\":\"2026-03-16T10:50:36+00:00\",\"description\":\"Pousada Porto Imperial oferece pacote de P\u00e1scoa com hospedagem no centro hist\u00f3rico e programa\u00e7\u00e3o da Semana Santa em Paraty\",\"breadcrumb\":{\"@id\":\"https:\/\/www.travel3.com.br\/site\/ferias-e-feriados\/pascoa-em-paraty-pousada-porto-imperial\/#breadcrumb\"},\"inLanguage\":\"pt-BR\",\"potentialAction\":[{\"@type\":\"ReadAction\",\"target\":[\"https:\/\/www.travel3.com.br\/site\/ferias-e-feriados\/pascoa-em-paraty-pousada-porto-imperial\/\"]}]},{\"@type\":\"ImageObject\",\"inLanguage\":\"pt-BR\",\"@id\":\"https:\/\/www.travel3.com.br\/site\/ferias-e-feriados\/pascoa-em-paraty-pousada-porto-imperial\/#primaryimage\",\"url\":\"https:\/\/www.travel3.com.br\/site\/wp-content\/uploads\/2026\/03\/Pousada-Porto-Imperial-em-Paraty_Easy-Resize.com_.jpg\",\"contentUrl\":\"https:\/\/www.travel3.com.br\/site\/wp-content\/uploads\/2026\/03\/Pousada-Porto-Imperial-em-Paraty_Easy-Resize.com_.jpg\",\"width\":1280,\"height\":853,\"caption\":\"Foto: Divulga\u00e7\u00e3o\"},{\"@type\":\"BreadcrumbList\",\"@id\":\"https:\/\/www.travel3.com.br\/site\/ferias-e-feriados\/pascoa-em-paraty-pousada-porto-imperial\/#breadcrumb\",\"itemListElement\":[{\"@type\":\"ListItem\",\"position\":1,\"name\":\"In\u00edcio\",\"item\":\"https:\/\/www.travel3.com.br\/site\/\"},{\"@type\":\"ListItem\",\"position\":2,\"name\":\"Pousada Porto Imperial lan\u00e7a pacote de P\u00e1scoa em Paraty\"}]},{\"@type\":\"WebSite\",\"@id\":\"https:\/\/www.travel3.com.br\/site\/#website\",\"url\":\"https:\/\/www.travel3.com.br\/site\/\",\"name\":\"Travel3\",\"description\":\"Lazer + Neg&oacute;cios + Aventura\",\"publisher\":{\"@id\":\"https:\/\/www.travel3.com.br\/site\/#organization\"},\"potentialAction\":[{\"@type\":\"SearchAction\",\"target\":{\"@type\":\"EntryPoint\",\"urlTemplate\":\"https:\/\/www.travel3.com.br\/site\/?s={search_term_string}\"},\"query-input\":{\"@type\":\"PropertyValueSpecification\",\"valueRequired\":true,\"valueName\":\"search_term_string\"}}],\"inLanguage\":\"pt-BR\"},{\"@type\":\"Organization\",\"@id\":\"https:\/\/www.travel3.com.br\/site\/#organization\",\"name\":\"Travel3\",\"url\":\"https:\/\/www.travel3.com.br\/site\/\",\"logo\":{\"@type\":\"ImageObject\",\"inLanguage\":\"pt-BR\",\"@id\":\"https:\/\/www.travel3.com.br\/site\/#\/schema\/logo\/image\/\",\"url\":\"https:\/\/www.travel3.com.br\/site\/wp-content\/uploads\/2020\/01\/logo-travel3-2020.png\",\"contentUrl\":\"https:\/\/www.travel3.com.br\/site\/wp-content\/uploads\/2020\/01\/logo-travel3-2020.png\",\"width\":232,\"height\":79,\"caption\":\"Travel3\"},\"image\":{\"@id\":\"https:\/\/www.travel3.com.br\/site\/#\/schema\/logo\/image\/\"},\"sameAs\":[\"https:\/\/www.facebook.com\/travel3media\/\",\"https:\/\/www.instagram.com\/revistatravel3\/\",\"https:\/\/www.youtube.com\/channel\/UCno7J4paGBR3VbZQzvoJ9Eg\"]},{\"@type\":\"Person\",\"@id\":\"https:\/\/www.travel3.com.br\/site\/#\/schema\/person\/89251b0320bc67697de92249f97f3fdb\",\"name\":\"Reda\u00e7\u00e3o Travel3\",\"image\":{\"@type\":\"ImageObject\",\"inLanguage\":\"pt-BR\",\"@id\":\"https:\/\/www.travel3.com.br\/site\/#\/schema\/person\/image\/\",\"url\":\"https:\/\/secure.gravatar.com\/avatar\/85a5ec2ad99b1932f671ebf50c117db6?s=96&d=mm&r=g\",\"contentUrl\":\"https:\/\/secure.gravatar.com\/avatar\/85a5ec2ad99b1932f671ebf50c117db6?s=96&d=mm&r=g\",\"caption\":\"Reda\u00e7\u00e3o Travel3\"},\"sameAs\":[\"http:\/\/www.travel3.com.br\/\"],\"url\":\"https:\/\/www.travel3.com.br\/site\/author\/redacao\/\"}]}<\/script>\n<!-- \/ Yoast SEO plugin. -->","yoast_head_json":{"title":"Pousada Porto Imperial lan\u00e7a pacote de P\u00e1scoa em Paraty - Travel3","description":"Pousada Porto Imperial oferece pacote de P\u00e1scoa com hospedagem no centro hist\u00f3rico e programa\u00e7\u00e3o da Semana Santa em Paraty","robots":{"index":"index","follow":"follow","max-snippet":"max-snippet:-1","max-image-preview":"max-image-preview:large","max-video-preview":"max-video-preview:-1"},"canonical":"https:\/\/www.travel3.com.br\/site\/ferias-e-feriados\/pascoa-em-paraty-pousada-porto-imperial\/","og_locale":"pt_BR","og_type":"article","og_title":"Pousada Porto Imperial lan\u00e7a pacote de P\u00e1scoa em Paraty - Travel3","og_description":"Pousada Porto Imperial oferece pacote de P\u00e1scoa com hospedagem no centro hist\u00f3rico e programa\u00e7\u00e3o da Semana Santa em Paraty","og_url":"https:\/\/www.travel3.com.br\/site\/ferias-e-feriados\/pascoa-em-paraty-pousada-porto-imperial\/","og_site_name":"Travel3","article_publisher":"https:\/\/www.facebook.com\/travel3media\/","article_published_time":"2026-03-16T10:50:34+00:00","article_modified_time":"2026-03-16T10:50:36+00:00","og_image":[{"width":1280,"height":853,"url":"https:\/\/www.travel3.com.br\/site\/wp-content\/uploads\/2026\/03\/Pousada-Porto-Imperial-em-Paraty_Easy-Resize.com_.jpg","type":"image\/jpeg"}],"author":"Reda\u00e7\u00e3o Travel3","twitter_card":"summary_large_image","twitter_misc":{"Escrito por":"Reda\u00e7\u00e3o Travel3","Est. tempo de leitura":"2 minutos"},"schema":{"@context":"https:\/\/schema.org","@graph":[{"@type":"Article","@id":"https:\/\/www.travel3.com.br\/site\/ferias-e-feriados\/pascoa-em-paraty-pousada-porto-imperial\/#article","isPartOf":{"@id":"https:\/\/www.travel3.com.br\/site\/ferias-e-feriados\/pascoa-em-paraty-pousada-porto-imperial\/"},"author":{"name":"Reda\u00e7\u00e3o Travel3","@id":"https:\/\/www.travel3.com.br\/site\/#\/schema\/person\/89251b0320bc67697de92249f97f3fdb"},"headline":"Pousada Porto Imperial lan\u00e7a pacote de P\u00e1scoa em Paraty","datePublished":"2026-03-16T10:50:34+00:00","dateModified":"2026-03-16T10:50:36+00:00","mainEntityOfPage":{"@id":"https:\/\/www.travel3.com.br\/site\/ferias-e-feriados\/pascoa-em-paraty-pousada-porto-imperial\/"},"wordCount":333,"commentCount":0,"publisher":{"@id":"https:\/\/www.travel3.com.br\/site\/#organization"},"image":{"@id":"https:\/\/www.travel3.com.br\/site\/ferias-e-feriados\/pascoa-em-paraty-pousada-porto-imperial\/#primaryimage"},"thumbnailUrl":"https:\/\/www.travel3.com.br\/site\/wp-content\/uploads\/2026\/03\/Pousada-Porto-Imperial-em-Paraty_Easy-Resize.com_.jpg","keywords":["Paraty","p\u00e1scoa 2026","Pousada Porto Imperial","Semana Santa em Paraty"],"articleSection":["F\u00e9rias e Feriados"],"inLanguage":"pt-BR","potentialAction":[{"@type":"CommentAction","name":"Comment","target":["https:\/\/www.travel3.com.br\/site\/ferias-e-feriados\/pascoa-em-paraty-pousada-porto-imperial\/#respond"]}]},{"@type":"WebPage","@id":"https:\/\/www.travel3.com.br\/site\/ferias-e-feriados\/pascoa-em-paraty-pousada-porto-imperial\/","url":"https:\/\/www.travel3.com.br\/site\/ferias-e-feriados\/pascoa-em-paraty-pousada-porto-imperial\/","name":"Pousada Porto Imperial lan\u00e7a pacote de P\u00e1scoa em Paraty - Travel3","isPartOf":{"@id":"https:\/\/www.travel3.com.br\/site\/#website"},"primaryImageOfPage":{"@id":"https:\/\/www.travel3.com.br\/site\/ferias-e-feriados\/pascoa-em-paraty-pousada-porto-imperial\/#primaryimage"},"image":{"@id":"https:\/\/www.travel3.com.br\/site\/ferias-e-feriados\/pascoa-em-paraty-pousada-porto-imperial\/#primaryimage"},"thumbnailUrl":"https:\/\/www.travel3.com.br\/site\/wp-content\/uploads\/2026\/03\/Pousada-Porto-Imperial-em-Paraty_Easy-Resize.com_.jpg","datePublished":"2026-03-16T10:50:34+00:00","dateModified":"2026-03-16T10:50:36+00:00","description":"Pousada Porto Imperial oferece pacote de P\u00e1scoa com hospedagem no centro hist\u00f3rico e programa\u00e7\u00e3o da Semana Santa em Paraty","breadcrumb":{"@id":"https:\/\/www.travel3.com.br\/site\/ferias-e-feriados\/pascoa-em-paraty-pousada-porto-imperial\/#breadcrumb"},"inLanguage":"pt-BR","potentialAction":[{"@type":"ReadAction","target":["https:\/\/www.travel3.com.br\/site\/ferias-e-feriados\/pascoa-em-paraty-pousada-porto-imperial\/"]}]},{"@type":"ImageObject","inLanguage":"pt-BR","@id":"https:\/\/www.travel3.com.br\/site\/ferias-e-feriados\/pascoa-em-paraty-pousada-porto-imperial\/#primaryimage","url":"https:\/\/www.travel3.com.br\/site\/wp-content\/uploads\/2026\/03\/Pousada-Porto-Imperial-em-Paraty_Easy-Resize.com_.jpg","contentUrl":"https:\/\/www.travel3.com.br\/site\/wp-content\/uploads\/2026\/03\/Pousada-Porto-Imperial-em-Paraty_Easy-Resize.com_.jpg","width":1280,"height":853,"caption":"Foto: Divulga\u00e7\u00e3o"},{"@type":"BreadcrumbList","@id":"https:\/\/www.travel3.com.br\/site\/ferias-e-feriados\/pascoa-em-paraty-pousada-porto-imperial\/#breadcrumb","itemListElement":[{"@type":"ListItem","position":1,"name":"In\u00edcio","item":"https:\/\/www.travel3.com.br\/site\/"},{"@type":"ListItem","position":2,"name":"Pousada Porto Imperial lan\u00e7a pacote de P\u00e1scoa em Paraty"}]},{"@type":"WebSite","@id":"https:\/\/www.travel3.com.br\/site\/#website","url":"https:\/\/www.travel3.com.br\/site\/","name":"Travel3","description":"Lazer + Neg&oacute;cios + Aventura","publisher":{"@id":"https:\/\/www.travel3.com.br\/site\/#organization"},"potentialAction":[{"@type":"SearchAction","target":{"@type":"EntryPoint","urlTemplate":"https:\/\/www.travel3.com.br\/site\/?s={search_term_string}"},"query-input":{"@type":"PropertyValueSpecification","valueRequired":true,"valueName":"search_term_string"}}],"inLanguage":"pt-BR"},{"@type":"Organization","@id":"https:\/\/www.travel3.com.br\/site\/#organization","name":"Travel3","url":"https:\/\/www.travel3.com.br\/site\/","logo":{"@type":"ImageObject","inLanguage":"pt-BR","@id":"https:\/\/www.travel3.com.br\/site\/#\/schema\/logo\/image\/","url":"https:\/\/www.travel3.com.br\/site\/wp-content\/uploads\/2020\/01\/logo-travel3-2020.png","contentUrl":"https:\/\/www.travel3.com.br\/site\/wp-content\/uploads\/2020\/01\/logo-travel3-2020.png","width":232,"height":79,"caption":"Travel3"},"image":{"@id":"https:\/\/www.travel3.com.br\/site\/#\/schema\/logo\/image\/"},"sameAs":["https:\/\/www.facebook.com\/travel3media\/","https:\/\/www.instagram.com\/revistatravel3\/","https:\/\/www.youtube.com\/channel\/UCno7J4paGBR3VbZQzvoJ9Eg"]},{"@type":"Person","@id":"https:\/\/www.travel3.com.br\/site\/#\/schema\/person\/89251b0320bc67697de92249f97f3fdb","name":"Reda\u00e7\u00e3o Travel3","image":{"@type":"ImageObject","inLanguage":"pt-BR","@id":"https:\/\/www.travel3.com.br\/site\/#\/schema\/person\/image\/","url":"https:\/\/secure.gravatar.com\/avatar\/85a5ec2ad99b1932f671ebf50c117db6?s=96&d=mm&r=g","contentUrl":"https:\/\/secure.gravatar.com\/avatar\/85a5ec2ad99b1932f671ebf50c117db6?s=96&d=mm&r=g","caption":"Reda\u00e7\u00e3o Travel3"},"sameAs":["http:\/\/www.travel3.com.br\/"],"url":"https:\/\/www.travel3.com.br\/site\/author\/redacao\/"}]}},"_links":{"self":[{"href":"https:\/\/www.travel3.com.br\/site\/wp-json\/wp\/v2\/posts\/81279","targetHints":{"allow":["GET"]}}],"collection":[{"href":"https:\/\/www.travel3.com.br\/site\/wp-json\/wp\/v2\/posts"}],"about":[{"href":"https:\/\/www.travel3.com.br\/site\/wp-json\/wp\/v2\/types\/post"}],"author":[{"embeddable":true,"href":"https:\/\/www.travel3.com.br\/site\/wp-json\/wp\/v2\/users\/5"}],"replies":[{"embeddable":true,"href":"https:\/\/www.travel3.com.br\/site\/wp-json\/wp\/v2\/comments?post=81279"}],"version-history":[{"count":2,"href":"https:\/\/www.travel3.com.br\/site\/wp-json\/wp\/v2\/posts\/81279\/revisions"}],"predecessor-version":[{"id":81282,"href":"https:\/\/www.travel3.com.br\/site\/wp-json\/wp\/v2\/posts\/81279\/revisions\/81282"}],"wp:featuredmedia":[{"embeddable":true,"href":"https:\/\/www.travel3.com.br\/site\/wp-json\/wp\/v2\/media\/81280"}],"wp:attachment":[{"href":"https:\/\/www.travel3.com.br\/site\/wp-json\/wp\/v2\/media?parent=81279"}],"wp:term":[{"taxonomy":"category","embeddable":true,"href":"https:\/\/www.travel3.com.br\/site\/wp-json\/wp\/v2\/categories?post=81279"},{"taxonomy":"post_tag","embeddable":true,"href":"https:\/\/www.travel3.com.br\/site\/wp-json\/wp\/v2\/tags?post=81279"}],"curies":[{"name":"wp","href":"https:\/\/api.w.org\/{rel}","templated":true}]}}