{"id":81276,"date":"2026-03-16T07:53:42","date_gmt":"2026-03-16T10:53:42","guid":{"rendered":"https:\/\/www.travel3.com.br\/site\/?p=81276"},"modified":"2026-03-16T07:53:44","modified_gmt":"2026-03-16T10:53:44","slug":"hora-do-planeta-hotel-das-cataratas","status":"publish","type":"post","link":"https:\/\/www.travel3.com.br\/site\/acontece-no-turismo\/hora-do-planeta-hotel-das-cataratas\/","title":{"rendered":"Hotel das Cataratas celebra a Hora do Planeta"},"content":{"rendered":"\n<h2 class=\"wp-block-heading\">Programa\u00e7\u00e3o especial em 28 de mar\u00e7o inclui rituais ind\u00edgenas, trilhas e a\u00e7\u00f5es de conserva\u00e7\u00e3o ambiental na Mata Atl\u00e2ntica<\/h2>\n\n\n\n<p>O Hotel das Cataratas, A Belmond Hotel, realiza uma programa\u00e7\u00e3o especial no dia 28 de mar\u00e7o em celebra\u00e7\u00e3o \u00e0 Hora do Planeta. A iniciativa integra o movimento mundial promovido pela <strong>World Wide Fund for Nature<\/strong>, que mobiliza participantes em mais de 190 pa\u00edses em torno da conscientiza\u00e7\u00e3o sobre mudan\u00e7as clim\u00e1ticas e preserva\u00e7\u00e3o ambiental.<\/p>\n\n\n\n<p>Localizado dentro do Parque Nacional do Igua\u00e7u, com vista para as Cataratas do Igua\u00e7u, o hotel prop\u00f5e uma agenda de atividades que valoriza a biodiversidade da Mata Atl\u00e2ntica e a cultura das comunidades locais.<\/p>\n\n\n\n<p>A programa\u00e7\u00e3o come\u00e7a ao amanhecer com o Ritual de Prote\u00e7\u00e3o e Permiss\u00e3o Guarani, conduzido por representantes da comunidade Jasy Por\u00e3. Em seguida, h\u00f3spedes participam de trilha interpretativa at\u00e9 as quedas, com informa\u00e7\u00f5es sobre conserva\u00e7\u00e3o da fauna e flora do parque.<\/p>\n\n\n\n<p>Ao longo do dia, o hotel promove oficina de artesanato ind\u00edgena, experi\u00eancias gastron\u00f4micas com ingredientes locais e degusta\u00e7\u00e3o de sorvetes elaborados com frutas nativas, em parceria com a Oficina do Sorvete. Tamb\u00e9m est\u00e3o previstas atividades educativas sobre a preserva\u00e7\u00e3o da on\u00e7a-pintada, com participa\u00e7\u00e3o do Projeto On\u00e7as do Igua\u00e7u.<\/p>\n\n\n\n<p>Entre as a\u00e7\u00f5es ambientais, os h\u00f3spedes poder\u00e3o participar do plantio de esp\u00e9cies nativas com orienta\u00e7\u00e3o de especialistas ligados ao ICMBio. O encerramento acontece no per\u00edodo noturno, quando o hotel convida os participantes a apagarem as luzes e se reunirem em um momento coletivo iluminado por velas, com m\u00fasica ao vivo e drinks tem\u00e1ticos.<\/p>\n\n\n\n<p>Segundo o gerente geral Pedro Perestrelo, a proposta \u00e9 fortalecer a conex\u00e3o dos visitantes com a natureza e ampliar a reflex\u00e3o sobre pr\u00e1ticas sustent\u00e1veis em destinos tur\u00edsticos.<\/p>\n","protected":false},"excerpt":{"rendered":"<p>Programa\u00e7\u00e3o especial em 28 de mar\u00e7o inclui uma s\u00e9rie de experi\u00eancias na Mata Atl\u00e2ntica<\/p>\n","protected":false},"author":5,"featured_media":81277,"comment_status":"open","ping_status":"open","sticky":false,"template":"","format":"standard","meta":{"footnotes":""},"categories":[969],"tags":[7233,4324,1394,7328,7327,230],"class_list":["post-81276","post","type-post","status-publish","format-standard","has-post-thumbnail","hentry","category-acontece-no-turismo","tag-atracoes-em-foz-do-iguacu","tag-belmond-hotel-das-cataratas","tag-foz-do-iguacu","tag-hora-do-planeta","tag-hotel-das-cataratas","tag-sustentabilidade"],"yoast_head":"<!-- This site is optimized with the Yoast SEO plugin v26.2 - https:\/\/yoast.com\/wordpress\/plugins\/seo\/ -->\n<title>Hotel das Cataratas celebra a Hora do Planeta - Travel3<\/title>\n<meta name=\"description\" content=\"Hotel das Cataratas promove experi\u00eancias na Mata Atl\u00e2ntica durante as celebra\u00e7\u00f5es da Hora do Planeta em Foz do Igua\u00e7u\" \/>\n<meta name=\"robots\" content=\"index, follow, max-snippet:-1, max-image-preview:large, max-video-preview:-1\" \/>\n<link rel=\"canonical\" href=\"https:\/\/www.travel3.com.br\/site\/acontece-no-turismo\/hora-do-planeta-hotel-das-cataratas\/\" \/>\n<meta property=\"og:locale\" content=\"pt_BR\" \/>\n<meta property=\"og:type\" content=\"article\" \/>\n<meta property=\"og:title\" content=\"Hotel das Cataratas celebra a Hora do Planeta - Travel3\" \/>\n<meta property=\"og:description\" content=\"Hotel das Cataratas promove experi\u00eancias na Mata Atl\u00e2ntica durante as celebra\u00e7\u00f5es da Hora do Planeta em Foz do Igua\u00e7u\" \/>\n<meta property=\"og:url\" content=\"https:\/\/www.travel3.com.br\/site\/acontece-no-turismo\/hora-do-planeta-hotel-das-cataratas\/\" \/>\n<meta property=\"og:site_name\" content=\"Travel3\" \/>\n<meta property=\"article:publisher\" content=\"https:\/\/www.facebook.com\/travel3media\/\" \/>\n<meta property=\"article:published_time\" content=\"2026-03-16T10:53:42+00:00\" \/>\n<meta property=\"article:modified_time\" content=\"2026-03-16T10:53:44+00:00\" \/>\n<meta property=\"og:image\" content=\"https:\/\/www.travel3.com.br\/site\/wp-content\/uploads\/2026\/03\/hotel-das-cataratas_Easy-Resize.com_Easy-Resize.com_.jpg\" \/>\n\t<meta property=\"og:image:width\" content=\"1280\" \/>\n\t<meta property=\"og:image:height\" content=\"1233\" \/>\n\t<meta property=\"og:image:type\" content=\"image\/jpeg\" \/>\n<meta name=\"author\" content=\"Reda\u00e7\u00e3o Travel3\" \/>\n<meta name=\"twitter:card\" content=\"summary_large_image\" \/>\n<meta name=\"twitter:label1\" content=\"Escrito por\" \/>\n\t<meta name=\"twitter:data1\" content=\"Reda\u00e7\u00e3o Travel3\" \/>\n\t<meta name=\"twitter:label2\" content=\"Est. tempo de leitura\" \/>\n\t<meta name=\"twitter:data2\" content=\"2 minutos\" \/>\n<script type=\"application\/ld+json\" class=\"yoast-schema-graph\">{\"@context\":\"https:\/\/schema.org\",\"@graph\":[{\"@type\":\"Article\",\"@id\":\"https:\/\/www.travel3.com.br\/site\/acontece-no-turismo\/hora-do-planeta-hotel-das-cataratas\/#article\",\"isPartOf\":{\"@id\":\"https:\/\/www.travel3.com.br\/site\/acontece-no-turismo\/hora-do-planeta-hotel-das-cataratas\/\"},\"author\":{\"name\":\"Reda\u00e7\u00e3o Travel3\",\"@id\":\"https:\/\/www.travel3.com.br\/site\/#\/schema\/person\/89251b0320bc67697de92249f97f3fdb\"},\"headline\":\"Hotel das Cataratas celebra a Hora do Planeta\",\"datePublished\":\"2026-03-16T10:53:42+00:00\",\"dateModified\":\"2026-03-16T10:53:44+00:00\",\"mainEntityOfPage\":{\"@id\":\"https:\/\/www.travel3.com.br\/site\/acontece-no-turismo\/hora-do-planeta-hotel-das-cataratas\/\"},\"wordCount\":325,\"commentCount\":0,\"publisher\":{\"@id\":\"https:\/\/www.travel3.com.br\/site\/#organization\"},\"image\":{\"@id\":\"https:\/\/www.travel3.com.br\/site\/acontece-no-turismo\/hora-do-planeta-hotel-das-cataratas\/#primaryimage\"},\"thumbnailUrl\":\"https:\/\/www.travel3.com.br\/site\/wp-content\/uploads\/2026\/03\/hotel-das-cataratas_Easy-Resize.com_Easy-Resize.com_.jpg\",\"keywords\":[\"atra\u00e7\u00f5es em Foz do Igua\u00e7u\",\"Belmond Hotel das Cataratas\",\"Foz do Igua\u00e7u\",\"Hora do Planeta\",\"hotel das Cataratas\",\"sustentabilidade\"],\"articleSection\":[\"Acontece no Turismo\"],\"inLanguage\":\"pt-BR\",\"potentialAction\":[{\"@type\":\"CommentAction\",\"name\":\"Comment\",\"target\":[\"https:\/\/www.travel3.com.br\/site\/acontece-no-turismo\/hora-do-planeta-hotel-das-cataratas\/#respond\"]}]},{\"@type\":\"WebPage\",\"@id\":\"https:\/\/www.travel3.com.br\/site\/acontece-no-turismo\/hora-do-planeta-hotel-das-cataratas\/\",\"url\":\"https:\/\/www.travel3.com.br\/site\/acontece-no-turismo\/hora-do-planeta-hotel-das-cataratas\/\",\"name\":\"Hotel das Cataratas celebra a Hora do Planeta - Travel3\",\"isPartOf\":{\"@id\":\"https:\/\/www.travel3.com.br\/site\/#website\"},\"primaryImageOfPage\":{\"@id\":\"https:\/\/www.travel3.com.br\/site\/acontece-no-turismo\/hora-do-planeta-hotel-das-cataratas\/#primaryimage\"},\"image\":{\"@id\":\"https:\/\/www.travel3.com.br\/site\/acontece-no-turismo\/hora-do-planeta-hotel-das-cataratas\/#primaryimage\"},\"thumbnailUrl\":\"https:\/\/www.travel3.com.br\/site\/wp-content\/uploads\/2026\/03\/hotel-das-cataratas_Easy-Resize.com_Easy-Resize.com_.jpg\",\"datePublished\":\"2026-03-16T10:53:42+00:00\",\"dateModified\":\"2026-03-16T10:53:44+00:00\",\"description\":\"Hotel das Cataratas promove experi\u00eancias na Mata Atl\u00e2ntica durante as celebra\u00e7\u00f5es da Hora do Planeta em Foz do Igua\u00e7u\",\"breadcrumb\":{\"@id\":\"https:\/\/www.travel3.com.br\/site\/acontece-no-turismo\/hora-do-planeta-hotel-das-cataratas\/#breadcrumb\"},\"inLanguage\":\"pt-BR\",\"potentialAction\":[{\"@type\":\"ReadAction\",\"target\":[\"https:\/\/www.travel3.com.br\/site\/acontece-no-turismo\/hora-do-planeta-hotel-das-cataratas\/\"]}]},{\"@type\":\"ImageObject\",\"inLanguage\":\"pt-BR\",\"@id\":\"https:\/\/www.travel3.com.br\/site\/acontece-no-turismo\/hora-do-planeta-hotel-das-cataratas\/#primaryimage\",\"url\":\"https:\/\/www.travel3.com.br\/site\/wp-content\/uploads\/2026\/03\/hotel-das-cataratas_Easy-Resize.com_Easy-Resize.com_.jpg\",\"contentUrl\":\"https:\/\/www.travel3.com.br\/site\/wp-content\/uploads\/2026\/03\/hotel-das-cataratas_Easy-Resize.com_Easy-Resize.com_.jpg\",\"width\":1280,\"height\":1233,\"caption\":\"Foto: Divulga\u00e7\u00e3o\"},{\"@type\":\"BreadcrumbList\",\"@id\":\"https:\/\/www.travel3.com.br\/site\/acontece-no-turismo\/hora-do-planeta-hotel-das-cataratas\/#breadcrumb\",\"itemListElement\":[{\"@type\":\"ListItem\",\"position\":1,\"name\":\"In\u00edcio\",\"item\":\"https:\/\/www.travel3.com.br\/site\/\"},{\"@type\":\"ListItem\",\"position\":2,\"name\":\"Hotel das Cataratas celebra a Hora do Planeta\"}]},{\"@type\":\"WebSite\",\"@id\":\"https:\/\/www.travel3.com.br\/site\/#website\",\"url\":\"https:\/\/www.travel3.com.br\/site\/\",\"name\":\"Travel3\",\"description\":\"Lazer + Neg&oacute;cios + Aventura\",\"publisher\":{\"@id\":\"https:\/\/www.travel3.com.br\/site\/#organization\"},\"potentialAction\":[{\"@type\":\"SearchAction\",\"target\":{\"@type\":\"EntryPoint\",\"urlTemplate\":\"https:\/\/www.travel3.com.br\/site\/?s={search_term_string}\"},\"query-input\":{\"@type\":\"PropertyValueSpecification\",\"valueRequired\":true,\"valueName\":\"search_term_string\"}}],\"inLanguage\":\"pt-BR\"},{\"@type\":\"Organization\",\"@id\":\"https:\/\/www.travel3.com.br\/site\/#organization\",\"name\":\"Travel3\",\"url\":\"https:\/\/www.travel3.com.br\/site\/\",\"logo\":{\"@type\":\"ImageObject\",\"inLanguage\":\"pt-BR\",\"@id\":\"https:\/\/www.travel3.com.br\/site\/#\/schema\/logo\/image\/\",\"url\":\"https:\/\/www.travel3.com.br\/site\/wp-content\/uploads\/2020\/01\/logo-travel3-2020.png\",\"contentUrl\":\"https:\/\/www.travel3.com.br\/site\/wp-content\/uploads\/2020\/01\/logo-travel3-2020.png\",\"width\":232,\"height\":79,\"caption\":\"Travel3\"},\"image\":{\"@id\":\"https:\/\/www.travel3.com.br\/site\/#\/schema\/logo\/image\/\"},\"sameAs\":[\"https:\/\/www.facebook.com\/travel3media\/\",\"https:\/\/www.instagram.com\/revistatravel3\/\",\"https:\/\/www.youtube.com\/channel\/UCno7J4paGBR3VbZQzvoJ9Eg\"]},{\"@type\":\"Person\",\"@id\":\"https:\/\/www.travel3.com.br\/site\/#\/schema\/person\/89251b0320bc67697de92249f97f3fdb\",\"name\":\"Reda\u00e7\u00e3o Travel3\",\"image\":{\"@type\":\"ImageObject\",\"inLanguage\":\"pt-BR\",\"@id\":\"https:\/\/www.travel3.com.br\/site\/#\/schema\/person\/image\/\",\"url\":\"https:\/\/secure.gravatar.com\/avatar\/85a5ec2ad99b1932f671ebf50c117db6?s=96&d=mm&r=g\",\"contentUrl\":\"https:\/\/secure.gravatar.com\/avatar\/85a5ec2ad99b1932f671ebf50c117db6?s=96&d=mm&r=g\",\"caption\":\"Reda\u00e7\u00e3o Travel3\"},\"sameAs\":[\"http:\/\/www.travel3.com.br\/\"],\"url\":\"https:\/\/www.travel3.com.br\/site\/author\/redacao\/\"}]}<\/script>\n<!-- \/ Yoast SEO plugin. -->","yoast_head_json":{"title":"Hotel das Cataratas celebra a Hora do Planeta - Travel3","description":"Hotel das Cataratas promove experi\u00eancias na Mata Atl\u00e2ntica durante as celebra\u00e7\u00f5es da Hora do Planeta em Foz do Igua\u00e7u","robots":{"index":"index","follow":"follow","max-snippet":"max-snippet:-1","max-image-preview":"max-image-preview:large","max-video-preview":"max-video-preview:-1"},"canonical":"https:\/\/www.travel3.com.br\/site\/acontece-no-turismo\/hora-do-planeta-hotel-das-cataratas\/","og_locale":"pt_BR","og_type":"article","og_title":"Hotel das Cataratas celebra a Hora do Planeta - Travel3","og_description":"Hotel das Cataratas promove experi\u00eancias na Mata Atl\u00e2ntica durante as celebra\u00e7\u00f5es da Hora do Planeta em Foz do Igua\u00e7u","og_url":"https:\/\/www.travel3.com.br\/site\/acontece-no-turismo\/hora-do-planeta-hotel-das-cataratas\/","og_site_name":"Travel3","article_publisher":"https:\/\/www.facebook.com\/travel3media\/","article_published_time":"2026-03-16T10:53:42+00:00","article_modified_time":"2026-03-16T10:53:44+00:00","og_image":[{"width":1280,"height":1233,"url":"https:\/\/www.travel3.com.br\/site\/wp-content\/uploads\/2026\/03\/hotel-das-cataratas_Easy-Resize.com_Easy-Resize.com_.jpg","type":"image\/jpeg"}],"author":"Reda\u00e7\u00e3o Travel3","twitter_card":"summary_large_image","twitter_misc":{"Escrito por":"Reda\u00e7\u00e3o Travel3","Est. tempo de leitura":"2 minutos"},"schema":{"@context":"https:\/\/schema.org","@graph":[{"@type":"Article","@id":"https:\/\/www.travel3.com.br\/site\/acontece-no-turismo\/hora-do-planeta-hotel-das-cataratas\/#article","isPartOf":{"@id":"https:\/\/www.travel3.com.br\/site\/acontece-no-turismo\/hora-do-planeta-hotel-das-cataratas\/"},"author":{"name":"Reda\u00e7\u00e3o Travel3","@id":"https:\/\/www.travel3.com.br\/site\/#\/schema\/person\/89251b0320bc67697de92249f97f3fdb"},"headline":"Hotel das Cataratas celebra a Hora do Planeta","datePublished":"2026-03-16T10:53:42+00:00","dateModified":"2026-03-16T10:53:44+00:00","mainEntityOfPage":{"@id":"https:\/\/www.travel3.com.br\/site\/acontece-no-turismo\/hora-do-planeta-hotel-das-cataratas\/"},"wordCount":325,"commentCount":0,"publisher":{"@id":"https:\/\/www.travel3.com.br\/site\/#organization"},"image":{"@id":"https:\/\/www.travel3.com.br\/site\/acontece-no-turismo\/hora-do-planeta-hotel-das-cataratas\/#primaryimage"},"thumbnailUrl":"https:\/\/www.travel3.com.br\/site\/wp-content\/uploads\/2026\/03\/hotel-das-cataratas_Easy-Resize.com_Easy-Resize.com_.jpg","keywords":["atra\u00e7\u00f5es em Foz do Igua\u00e7u","Belmond Hotel das Cataratas","Foz do Igua\u00e7u","Hora do Planeta","hotel das Cataratas","sustentabilidade"],"articleSection":["Acontece no Turismo"],"inLanguage":"pt-BR","potentialAction":[{"@type":"CommentAction","name":"Comment","target":["https:\/\/www.travel3.com.br\/site\/acontece-no-turismo\/hora-do-planeta-hotel-das-cataratas\/#respond"]}]},{"@type":"WebPage","@id":"https:\/\/www.travel3.com.br\/site\/acontece-no-turismo\/hora-do-planeta-hotel-das-cataratas\/","url":"https:\/\/www.travel3.com.br\/site\/acontece-no-turismo\/hora-do-planeta-hotel-das-cataratas\/","name":"Hotel das Cataratas celebra a Hora do Planeta - Travel3","isPartOf":{"@id":"https:\/\/www.travel3.com.br\/site\/#website"},"primaryImageOfPage":{"@id":"https:\/\/www.travel3.com.br\/site\/acontece-no-turismo\/hora-do-planeta-hotel-das-cataratas\/#primaryimage"},"image":{"@id":"https:\/\/www.travel3.com.br\/site\/acontece-no-turismo\/hora-do-planeta-hotel-das-cataratas\/#primaryimage"},"thumbnailUrl":"https:\/\/www.travel3.com.br\/site\/wp-content\/uploads\/2026\/03\/hotel-das-cataratas_Easy-Resize.com_Easy-Resize.com_.jpg","datePublished":"2026-03-16T10:53:42+00:00","dateModified":"2026-03-16T10:53:44+00:00","description":"Hotel das Cataratas promove experi\u00eancias na Mata Atl\u00e2ntica durante as celebra\u00e7\u00f5es da Hora do Planeta em Foz do Igua\u00e7u","breadcrumb":{"@id":"https:\/\/www.travel3.com.br\/site\/acontece-no-turismo\/hora-do-planeta-hotel-das-cataratas\/#breadcrumb"},"inLanguage":"pt-BR","potentialAction":[{"@type":"ReadAction","target":["https:\/\/www.travel3.com.br\/site\/acontece-no-turismo\/hora-do-planeta-hotel-das-cataratas\/"]}]},{"@type":"ImageObject","inLanguage":"pt-BR","@id":"https:\/\/www.travel3.com.br\/site\/acontece-no-turismo\/hora-do-planeta-hotel-das-cataratas\/#primaryimage","url":"https:\/\/www.travel3.com.br\/site\/wp-content\/uploads\/2026\/03\/hotel-das-cataratas_Easy-Resize.com_Easy-Resize.com_.jpg","contentUrl":"https:\/\/www.travel3.com.br\/site\/wp-content\/uploads\/2026\/03\/hotel-das-cataratas_Easy-Resize.com_Easy-Resize.com_.jpg","width":1280,"height":1233,"caption":"Foto: Divulga\u00e7\u00e3o"},{"@type":"BreadcrumbList","@id":"https:\/\/www.travel3.com.br\/site\/acontece-no-turismo\/hora-do-planeta-hotel-das-cataratas\/#breadcrumb","itemListElement":[{"@type":"ListItem","position":1,"name":"In\u00edcio","item":"https:\/\/www.travel3.com.br\/site\/"},{"@type":"ListItem","position":2,"name":"Hotel das Cataratas celebra a Hora do Planeta"}]},{"@type":"WebSite","@id":"https:\/\/www.travel3.com.br\/site\/#website","url":"https:\/\/www.travel3.com.br\/site\/","name":"Travel3","description":"Lazer + Neg&oacute;cios + Aventura","publisher":{"@id":"https:\/\/www.travel3.com.br\/site\/#organization"},"potentialAction":[{"@type":"SearchAction","target":{"@type":"EntryPoint","urlTemplate":"https:\/\/www.travel3.com.br\/site\/?s={search_term_string}"},"query-input":{"@type":"PropertyValueSpecification","valueRequired":true,"valueName":"search_term_string"}}],"inLanguage":"pt-BR"},{"@type":"Organization","@id":"https:\/\/www.travel3.com.br\/site\/#organization","name":"Travel3","url":"https:\/\/www.travel3.com.br\/site\/","logo":{"@type":"ImageObject","inLanguage":"pt-BR","@id":"https:\/\/www.travel3.com.br\/site\/#\/schema\/logo\/image\/","url":"https:\/\/www.travel3.com.br\/site\/wp-content\/uploads\/2020\/01\/logo-travel3-2020.png","contentUrl":"https:\/\/www.travel3.com.br\/site\/wp-content\/uploads\/2020\/01\/logo-travel3-2020.png","width":232,"height":79,"caption":"Travel3"},"image":{"@id":"https:\/\/www.travel3.com.br\/site\/#\/schema\/logo\/image\/"},"sameAs":["https:\/\/www.facebook.com\/travel3media\/","https:\/\/www.instagram.com\/revistatravel3\/","https:\/\/www.youtube.com\/channel\/UCno7J4paGBR3VbZQzvoJ9Eg"]},{"@type":"Person","@id":"https:\/\/www.travel3.com.br\/site\/#\/schema\/person\/89251b0320bc67697de92249f97f3fdb","name":"Reda\u00e7\u00e3o Travel3","image":{"@type":"ImageObject","inLanguage":"pt-BR","@id":"https:\/\/www.travel3.com.br\/site\/#\/schema\/person\/image\/","url":"https:\/\/secure.gravatar.com\/avatar\/85a5ec2ad99b1932f671ebf50c117db6?s=96&d=mm&r=g","contentUrl":"https:\/\/secure.gravatar.com\/avatar\/85a5ec2ad99b1932f671ebf50c117db6?s=96&d=mm&r=g","caption":"Reda\u00e7\u00e3o Travel3"},"sameAs":["http:\/\/www.travel3.com.br\/"],"url":"https:\/\/www.travel3.com.br\/site\/author\/redacao\/"}]}},"_links":{"self":[{"href":"https:\/\/www.travel3.com.br\/site\/wp-json\/wp\/v2\/posts\/81276","targetHints":{"allow":["GET"]}}],"collection":[{"href":"https:\/\/www.travel3.com.br\/site\/wp-json\/wp\/v2\/posts"}],"about":[{"href":"https:\/\/www.travel3.com.br\/site\/wp-json\/wp\/v2\/types\/post"}],"author":[{"embeddable":true,"href":"https:\/\/www.travel3.com.br\/site\/wp-json\/wp\/v2\/users\/5"}],"replies":[{"embeddable":true,"href":"https:\/\/www.travel3.com.br\/site\/wp-json\/wp\/v2\/comments?post=81276"}],"version-history":[{"count":2,"href":"https:\/\/www.travel3.com.br\/site\/wp-json\/wp\/v2\/posts\/81276\/revisions"}],"predecessor-version":[{"id":81292,"href":"https:\/\/www.travel3.com.br\/site\/wp-json\/wp\/v2\/posts\/81276\/revisions\/81292"}],"wp:featuredmedia":[{"embeddable":true,"href":"https:\/\/www.travel3.com.br\/site\/wp-json\/wp\/v2\/media\/81277"}],"wp:attachment":[{"href":"https:\/\/www.travel3.com.br\/site\/wp-json\/wp\/v2\/media?parent=81276"}],"wp:term":[{"taxonomy":"category","embeddable":true,"href":"https:\/\/www.travel3.com.br\/site\/wp-json\/wp\/v2\/categories?post=81276"},{"taxonomy":"post_tag","embeddable":true,"href":"https:\/\/www.travel3.com.br\/site\/wp-json\/wp\/v2\/tags?post=81276"}],"curies":[{"name":"wp","href":"https:\/\/api.w.org\/{rel}","templated":true}]}}