{"id":81233,"date":"2026-03-13T08:09:00","date_gmt":"2026-03-13T11:09:00","guid":{"rendered":"https:\/\/www.travel3.com.br\/site\/?p=81233"},"modified":"2026-03-13T18:10:26","modified_gmt":"2026-03-13T21:10:26","slug":"caribe-mexicano-promocao-brasil","status":"publish","type":"post","link":"https:\/\/www.travel3.com.br\/site\/destaque\/caribe-mexicano-promocao-brasil\/","title":{"rendered":"Caribe Mexicano retoma promo\u00e7\u00e3o no Brasil com evento em S\u00e3o Paulo"},"content":{"rendered":"\n<h2 class=\"wp-block-heading\">Encontro com o trade marca nova fase de atua\u00e7\u00e3o do destino e destaca facilidades como o visto eletr\u00f4nico<\/h2>\n\n\n\n<p>O <strong>Conselho de Turismo de Quintana Roo <\/strong>retomou oficialmente as a\u00e7\u00f5es de promo\u00e7\u00e3o do <strong>Caribe Mexicano<\/strong> no Brasil com a realiza\u00e7\u00e3o de um evento para profissionais do setor em S\u00e3o Paulo. O encontro aconteceu na quarta-feira (12), no <strong><a href=\"https:\/\/www.tivolihotels.com\/pt\/tivoli-mofarrej-sao-paulo\" target=\"_blank\" rel=\"noreferrer noopener\">Tivoli Mofarrej S\u00e3o Paulo<\/a><\/strong>, reunindo cerca de 250 representantes do trade tur\u00edstico.<\/p>\n\n\n\n<p>Participaram agentes de viagens, operadoras, companhias a\u00e9reas e empreendimentos de destinos como Canc\u00fan, Riviera Maya, Cozumel, Isla Mujeres e Costa Mujeres. A iniciativa marcou o in\u00edcio de um novo ciclo de relacionamento com o mercado brasileiro, que \u00e9 considerado priorit\u00e1rio para o destino Caribe Mexicano.<\/p>\n\n\n<div class=\"wp-block-image\">\n<figure class=\"aligncenter size-large is-resized\"><img loading=\"lazy\" decoding=\"async\" width=\"824\" height=\"1024\" src=\"https:\/\/www.travel3.com.br\/site\/wp-content\/uploads\/2026\/03\/Caribe-Mexicano_Easy-Resize.com_-e1773434668754-824x1024.jpg\" alt=\"Evento Caribe Mexicano\" class=\"wp-image-81238\" style=\"width:378px;height:auto\" srcset=\"https:\/\/www.travel3.com.br\/site\/wp-content\/uploads\/2026\/03\/Caribe-Mexicano_Easy-Resize.com_-e1773434668754-824x1024.jpg 824w, https:\/\/www.travel3.com.br\/site\/wp-content\/uploads\/2026\/03\/Caribe-Mexicano_Easy-Resize.com_-e1773434668754-241x300.jpg 241w, https:\/\/www.travel3.com.br\/site\/wp-content\/uploads\/2026\/03\/Caribe-Mexicano_Easy-Resize.com_-e1773434668754-768x954.jpg 768w, https:\/\/www.travel3.com.br\/site\/wp-content\/uploads\/2026\/03\/Caribe-Mexicano_Easy-Resize.com_-e1773434668754-150x186.jpg 150w, https:\/\/www.travel3.com.br\/site\/wp-content\/uploads\/2026\/03\/Caribe-Mexicano_Easy-Resize.com_-e1773434668754-750x932.jpg 750w, https:\/\/www.travel3.com.br\/site\/wp-content\/uploads\/2026\/03\/Caribe-Mexicano_Easy-Resize.com_-e1773434668754.jpg 853w\" sizes=\"auto, (max-width: 824px) 100vw, 824px\" \/><figcaption class=\"wp-element-caption\">Arturo Cruz Lopez, Jorge T\u00e9llez, Ricardo Jad\u00e3o e Mauricio Vianna, o novo representante do Caribe Mexicano no Brasil (Foto: Divulga\u00e7\u00e3o)<\/figcaption><\/figure><\/div>\n\n\n<p>Durante a programa\u00e7\u00e3o, foram homenageadas companhias que contribuem para a conectividade a\u00e9rea entre os dois pa\u00edses, al\u00e9m de operadoras brasileiras reconhecidas pelo desempenho nas vendas para o Caribe Mexicano.<\/p>\n\n\n\n<p>O secret\u00e1rio de Turismo de Quintana Roo, <strong>Bernardo Cueto<\/strong>, deu as boas-vindas aos convidados e ressaltou a import\u00e2ncia estrat\u00e9gica do Brasil para o fortalecimento do fluxo tur\u00edstico internacional.<\/p>\n\n\n<div class=\"wp-block-image\">\n<figure class=\"aligncenter size-large is-resized\"><img loading=\"lazy\" decoding=\"async\" width=\"1024\" height=\"682\" src=\"https:\/\/www.travel3.com.br\/site\/wp-content\/uploads\/2026\/03\/Caribe-Mexicano2-1024x682.jpeg\" alt=\"Caribe Mexicano Brasil\" class=\"wp-image-81239\" style=\"width:661px;height:auto\" srcset=\"https:\/\/www.travel3.com.br\/site\/wp-content\/uploads\/2026\/03\/Caribe-Mexicano2-1024x682.jpeg 1024w, https:\/\/www.travel3.com.br\/site\/wp-content\/uploads\/2026\/03\/Caribe-Mexicano2-300x200.jpeg 300w, https:\/\/www.travel3.com.br\/site\/wp-content\/uploads\/2026\/03\/Caribe-Mexicano2-768x512.jpeg 768w, https:\/\/www.travel3.com.br\/site\/wp-content\/uploads\/2026\/03\/Caribe-Mexicano2-150x100.jpeg 150w, https:\/\/www.travel3.com.br\/site\/wp-content\/uploads\/2026\/03\/Caribe-Mexicano2-750x500.jpeg 750w, https:\/\/www.travel3.com.br\/site\/wp-content\/uploads\/2026\/03\/Caribe-Mexicano2-1140x760.jpeg 1140w, https:\/\/www.travel3.com.br\/site\/wp-content\/uploads\/2026\/03\/Caribe-Mexicano2.jpeg 1280w\" sizes=\"auto, (max-width: 1024px) 100vw, 1024px\" \/><figcaption class=\"wp-element-caption\"> Arturo Cruz Lopez,  do Conselho de Promocao Turistica de Quintana Roo; Barbara Picolo, Fernanda Almeida e Jorge T\u00e9llez (Foto: Divulga\u00e7\u00e3o)<\/figcaption><\/figure><\/div>\n\n\n<p>Segundo Cueto, <strong><em>&#8220;A implementa\u00e7\u00e3o do visto eletr\u00f4nico para turistas brasileiros representa um passo decisivo para impulsionar novamente este mercado, que historicamente tem grande relev\u00e2ncia para Canc\u00fan e para todo o Caribe Mexicano. A medida amplia a conectividade a\u00e9rea, facilita o processo de viagem e traz mais confian\u00e7a ao viajante no planejamento das f\u00e9rias<\/em><\/strong>\u201d.<\/p>\n\n\n<div class=\"wp-block-image\">\n<figure class=\"aligncenter size-large is-resized\"><img loading=\"lazy\" decoding=\"async\" width=\"1024\" height=\"768\" src=\"https:\/\/www.travel3.com.br\/site\/wp-content\/uploads\/2026\/03\/Caribe-Mexicano4-1024x768.jpeg\" alt=\"CaribeMexicano evento SP\" class=\"wp-image-81242\" style=\"width:675px;height:auto\" srcset=\"https:\/\/www.travel3.com.br\/site\/wp-content\/uploads\/2026\/03\/Caribe-Mexicano4-1024x768.jpeg 1024w, https:\/\/www.travel3.com.br\/site\/wp-content\/uploads\/2026\/03\/Caribe-Mexicano4-300x225.jpeg 300w, https:\/\/www.travel3.com.br\/site\/wp-content\/uploads\/2026\/03\/Caribe-Mexicano4-768x576.jpeg 768w, https:\/\/www.travel3.com.br\/site\/wp-content\/uploads\/2026\/03\/Caribe-Mexicano4-150x113.jpeg 150w, https:\/\/www.travel3.com.br\/site\/wp-content\/uploads\/2026\/03\/Caribe-Mexicano4-750x563.jpeg 750w, https:\/\/www.travel3.com.br\/site\/wp-content\/uploads\/2026\/03\/Caribe-Mexicano4-1140x855.jpeg 1140w, https:\/\/www.travel3.com.br\/site\/wp-content\/uploads\/2026\/03\/Caribe-Mexicano4.jpeg 1280w\" sizes=\"auto, (max-width: 1024px) 100vw, 1024px\" \/><figcaption class=\"wp-element-caption\">Mauricio Vianna e parceiros estrat\u00e9gicos do trade tur\u00edstico no evento de promo\u00e7\u00e3o do Caribe Mexicano em SP (Foto: Divulga\u00e7\u00e3o)<\/figcaption><\/figure><\/div>\n\n\n<p>O diretor de Promo\u00e7\u00e3o do Caribe Mexicano, <strong>Jorge T\u00e9llez<\/strong>, destacou o retorno das a\u00e7\u00f5es presenciais no pa\u00eds. <\/p>\n\n\n\n<p>\u201c<strong><em>Estamos muito felizes em retomar o contato direto com o trade brasileiro. Queremos continuar fortalecendo a presen\u00e7a do destino e inspirando os viajantes a escolherem o Caribe Mexicano<\/em><\/strong>\u201d, afirmou T\u00e9llez.<\/p>\n\n\n\n<p>Na ocasi\u00e3o, tamb\u00e9m foi anunciado oficialmente <strong>Mauricio Vianna<\/strong> como o novo representante do destino no Brasil, pela empresa de representa\u00e7\u00e3o internacional North &amp; Warren.<\/p>\n\n\n\n<p>A retomada das atividades promocionais inclui treinamentos, campanhas cooperadas e a\u00e7\u00f5es cont\u00ednuas de relacionamento com o mercado. Com infraestrutura tur\u00edstica consolidada e ampla conectividade a\u00e9rea, o Caribe Mexicano refor\u00e7a sua estrat\u00e9gia de crescimento junto ao p\u00fablico brasileiro.<\/p>\n","protected":false},"excerpt":{"rendered":"<p>Encontro com o trade marca nova fase de atua\u00e7\u00e3o do destino e destaca facilidades como o visto eletr\u00f4nico<\/p>\n","protected":false},"author":5,"featured_media":81241,"comment_status":"open","ping_status":"open","sticky":false,"template":"","format":"standard","meta":{"footnotes":""},"categories":[884,226,4882],"tags":[3473,2771,3800],"class_list":["post-81233","post","type-post","status-publish","format-standard","has-post-thumbnail","hentry","category-comece-a-viajar","category-destaque","category-home","tag-caribe-mexicano","tag-encontro-caribe-mexico","tag-quintana-roo"],"yoast_head":"<!-- This site is optimized with the Yoast SEO plugin v26.2 - https:\/\/yoast.com\/wordpress\/plugins\/seo\/ -->\n<title>Caribe Mexicano retoma promo\u00e7\u00e3o no Brasil com evento em S\u00e3o Paulo - Travel3<\/title>\n<meta name=\"description\" content=\"Caribe Mexicano retoma promo\u00e7\u00e3o no Brasil com evento em S\u00e3o Paulo e refor\u00e7a estrat\u00e9gia no mercado tur\u00edstico\" \/>\n<meta name=\"robots\" content=\"index, follow, max-snippet:-1, max-image-preview:large, max-video-preview:-1\" \/>\n<link rel=\"canonical\" href=\"https:\/\/www.travel3.com.br\/site\/destaque\/caribe-mexicano-promocao-brasil\/\" \/>\n<meta property=\"og:locale\" content=\"pt_BR\" \/>\n<meta property=\"og:type\" content=\"article\" \/>\n<meta property=\"og:title\" content=\"Caribe Mexicano retoma promo\u00e7\u00e3o no Brasil com evento em S\u00e3o Paulo - Travel3\" \/>\n<meta property=\"og:description\" content=\"Caribe Mexicano retoma promo\u00e7\u00e3o no Brasil com evento em S\u00e3o Paulo e refor\u00e7a estrat\u00e9gia no mercado tur\u00edstico\" \/>\n<meta property=\"og:url\" content=\"https:\/\/www.travel3.com.br\/site\/destaque\/caribe-mexicano-promocao-brasil\/\" \/>\n<meta property=\"og:site_name\" content=\"Travel3\" \/>\n<meta property=\"article:publisher\" content=\"https:\/\/www.facebook.com\/travel3media\/\" \/>\n<meta property=\"article:published_time\" content=\"2026-03-13T11:09:00+00:00\" \/>\n<meta property=\"article:modified_time\" content=\"2026-03-13T21:10:26+00:00\" \/>\n<meta property=\"og:image\" content=\"https:\/\/www.travel3.com.br\/site\/wp-content\/uploads\/2026\/03\/Caribe-Mexicano5.jpeg\" \/>\n\t<meta property=\"og:image:width\" content=\"1280\" \/>\n\t<meta property=\"og:image:height\" content=\"853\" \/>\n\t<meta property=\"og:image:type\" content=\"image\/jpeg\" \/>\n<meta name=\"author\" content=\"Reda\u00e7\u00e3o Travel3\" \/>\n<meta name=\"twitter:card\" content=\"summary_large_image\" \/>\n<meta name=\"twitter:label1\" content=\"Escrito por\" \/>\n\t<meta name=\"twitter:data1\" content=\"Reda\u00e7\u00e3o Travel3\" \/>\n\t<meta name=\"twitter:label2\" content=\"Est. tempo de leitura\" \/>\n\t<meta name=\"twitter:data2\" content=\"3 minutos\" \/>\n<script type=\"application\/ld+json\" class=\"yoast-schema-graph\">{\"@context\":\"https:\/\/schema.org\",\"@graph\":[{\"@type\":\"Article\",\"@id\":\"https:\/\/www.travel3.com.br\/site\/destaque\/caribe-mexicano-promocao-brasil\/#article\",\"isPartOf\":{\"@id\":\"https:\/\/www.travel3.com.br\/site\/destaque\/caribe-mexicano-promocao-brasil\/\"},\"author\":{\"name\":\"Reda\u00e7\u00e3o Travel3\",\"@id\":\"https:\/\/www.travel3.com.br\/site\/#\/schema\/person\/89251b0320bc67697de92249f97f3fdb\"},\"headline\":\"Caribe Mexicano retoma promo\u00e7\u00e3o no Brasil com evento em S\u00e3o Paulo\",\"datePublished\":\"2026-03-13T11:09:00+00:00\",\"dateModified\":\"2026-03-13T21:10:26+00:00\",\"mainEntityOfPage\":{\"@id\":\"https:\/\/www.travel3.com.br\/site\/destaque\/caribe-mexicano-promocao-brasil\/\"},\"wordCount\":452,\"commentCount\":0,\"publisher\":{\"@id\":\"https:\/\/www.travel3.com.br\/site\/#organization\"},\"image\":{\"@id\":\"https:\/\/www.travel3.com.br\/site\/destaque\/caribe-mexicano-promocao-brasil\/#primaryimage\"},\"thumbnailUrl\":\"https:\/\/www.travel3.com.br\/site\/wp-content\/uploads\/2026\/03\/Caribe-Mexicano5.jpeg\",\"keywords\":[\"Caribe Mexicano\",\"Encontro Caribe Mexico\",\"Quintana Roo\"],\"articleSection\":[\"Comece a Viajar\",\"Destaque\",\"Home\"],\"inLanguage\":\"pt-BR\",\"potentialAction\":[{\"@type\":\"CommentAction\",\"name\":\"Comment\",\"target\":[\"https:\/\/www.travel3.com.br\/site\/destaque\/caribe-mexicano-promocao-brasil\/#respond\"]}]},{\"@type\":\"WebPage\",\"@id\":\"https:\/\/www.travel3.com.br\/site\/destaque\/caribe-mexicano-promocao-brasil\/\",\"url\":\"https:\/\/www.travel3.com.br\/site\/destaque\/caribe-mexicano-promocao-brasil\/\",\"name\":\"Caribe Mexicano retoma promo\u00e7\u00e3o no Brasil com evento em S\u00e3o Paulo - Travel3\",\"isPartOf\":{\"@id\":\"https:\/\/www.travel3.com.br\/site\/#website\"},\"primaryImageOfPage\":{\"@id\":\"https:\/\/www.travel3.com.br\/site\/destaque\/caribe-mexicano-promocao-brasil\/#primaryimage\"},\"image\":{\"@id\":\"https:\/\/www.travel3.com.br\/site\/destaque\/caribe-mexicano-promocao-brasil\/#primaryimage\"},\"thumbnailUrl\":\"https:\/\/www.travel3.com.br\/site\/wp-content\/uploads\/2026\/03\/Caribe-Mexicano5.jpeg\",\"datePublished\":\"2026-03-13T11:09:00+00:00\",\"dateModified\":\"2026-03-13T21:10:26+00:00\",\"description\":\"Caribe Mexicano retoma promo\u00e7\u00e3o no Brasil com evento em S\u00e3o Paulo e refor\u00e7a estrat\u00e9gia no mercado tur\u00edstico\",\"breadcrumb\":{\"@id\":\"https:\/\/www.travel3.com.br\/site\/destaque\/caribe-mexicano-promocao-brasil\/#breadcrumb\"},\"inLanguage\":\"pt-BR\",\"potentialAction\":[{\"@type\":\"ReadAction\",\"target\":[\"https:\/\/www.travel3.com.br\/site\/destaque\/caribe-mexicano-promocao-brasil\/\"]}]},{\"@type\":\"ImageObject\",\"inLanguage\":\"pt-BR\",\"@id\":\"https:\/\/www.travel3.com.br\/site\/destaque\/caribe-mexicano-promocao-brasil\/#primaryimage\",\"url\":\"https:\/\/www.travel3.com.br\/site\/wp-content\/uploads\/2026\/03\/Caribe-Mexicano5.jpeg\",\"contentUrl\":\"https:\/\/www.travel3.com.br\/site\/wp-content\/uploads\/2026\/03\/Caribe-Mexicano5.jpeg\",\"width\":1280,\"height\":853,\"caption\":\"Jorge T\u00e9llez, diretor de Promo\u00e7\u00e3o do Caribe Mexicano; K\u00e1tia Bruna Freitas, da Aeromexico e o secret\u00e1rio de Turismo de Quintana Roo, Bernardo Cueto (Foto: Divulga\u00e7\u00e3o)\"},{\"@type\":\"BreadcrumbList\",\"@id\":\"https:\/\/www.travel3.com.br\/site\/destaque\/caribe-mexicano-promocao-brasil\/#breadcrumb\",\"itemListElement\":[{\"@type\":\"ListItem\",\"position\":1,\"name\":\"In\u00edcio\",\"item\":\"https:\/\/www.travel3.com.br\/site\/\"},{\"@type\":\"ListItem\",\"position\":2,\"name\":\"Caribe Mexicano retoma promo\u00e7\u00e3o no Brasil com evento em S\u00e3o Paulo\"}]},{\"@type\":\"WebSite\",\"@id\":\"https:\/\/www.travel3.com.br\/site\/#website\",\"url\":\"https:\/\/www.travel3.com.br\/site\/\",\"name\":\"Travel3\",\"description\":\"Lazer + Neg&oacute;cios + Aventura\",\"publisher\":{\"@id\":\"https:\/\/www.travel3.com.br\/site\/#organization\"},\"potentialAction\":[{\"@type\":\"SearchAction\",\"target\":{\"@type\":\"EntryPoint\",\"urlTemplate\":\"https:\/\/www.travel3.com.br\/site\/?s={search_term_string}\"},\"query-input\":{\"@type\":\"PropertyValueSpecification\",\"valueRequired\":true,\"valueName\":\"search_term_string\"}}],\"inLanguage\":\"pt-BR\"},{\"@type\":\"Organization\",\"@id\":\"https:\/\/www.travel3.com.br\/site\/#organization\",\"name\":\"Travel3\",\"url\":\"https:\/\/www.travel3.com.br\/site\/\",\"logo\":{\"@type\":\"ImageObject\",\"inLanguage\":\"pt-BR\",\"@id\":\"https:\/\/www.travel3.com.br\/site\/#\/schema\/logo\/image\/\",\"url\":\"https:\/\/www.travel3.com.br\/site\/wp-content\/uploads\/2020\/01\/logo-travel3-2020.png\",\"contentUrl\":\"https:\/\/www.travel3.com.br\/site\/wp-content\/uploads\/2020\/01\/logo-travel3-2020.png\",\"width\":232,\"height\":79,\"caption\":\"Travel3\"},\"image\":{\"@id\":\"https:\/\/www.travel3.com.br\/site\/#\/schema\/logo\/image\/\"},\"sameAs\":[\"https:\/\/www.facebook.com\/travel3media\/\",\"https:\/\/www.instagram.com\/revistatravel3\/\",\"https:\/\/www.youtube.com\/channel\/UCno7J4paGBR3VbZQzvoJ9Eg\"]},{\"@type\":\"Person\",\"@id\":\"https:\/\/www.travel3.com.br\/site\/#\/schema\/person\/89251b0320bc67697de92249f97f3fdb\",\"name\":\"Reda\u00e7\u00e3o Travel3\",\"image\":{\"@type\":\"ImageObject\",\"inLanguage\":\"pt-BR\",\"@id\":\"https:\/\/www.travel3.com.br\/site\/#\/schema\/person\/image\/\",\"url\":\"https:\/\/secure.gravatar.com\/avatar\/85a5ec2ad99b1932f671ebf50c117db6?s=96&d=mm&r=g\",\"contentUrl\":\"https:\/\/secure.gravatar.com\/avatar\/85a5ec2ad99b1932f671ebf50c117db6?s=96&d=mm&r=g\",\"caption\":\"Reda\u00e7\u00e3o Travel3\"},\"sameAs\":[\"http:\/\/www.travel3.com.br\/\"],\"url\":\"https:\/\/www.travel3.com.br\/site\/author\/redacao\/\"}]}<\/script>\n<!-- \/ Yoast SEO plugin. -->","yoast_head_json":{"title":"Caribe Mexicano retoma promo\u00e7\u00e3o no Brasil com evento em S\u00e3o Paulo - Travel3","description":"Caribe Mexicano retoma promo\u00e7\u00e3o no Brasil com evento em S\u00e3o Paulo e refor\u00e7a estrat\u00e9gia no mercado tur\u00edstico","robots":{"index":"index","follow":"follow","max-snippet":"max-snippet:-1","max-image-preview":"max-image-preview:large","max-video-preview":"max-video-preview:-1"},"canonical":"https:\/\/www.travel3.com.br\/site\/destaque\/caribe-mexicano-promocao-brasil\/","og_locale":"pt_BR","og_type":"article","og_title":"Caribe Mexicano retoma promo\u00e7\u00e3o no Brasil com evento em S\u00e3o Paulo - Travel3","og_description":"Caribe Mexicano retoma promo\u00e7\u00e3o no Brasil com evento em S\u00e3o Paulo e refor\u00e7a estrat\u00e9gia no mercado tur\u00edstico","og_url":"https:\/\/www.travel3.com.br\/site\/destaque\/caribe-mexicano-promocao-brasil\/","og_site_name":"Travel3","article_publisher":"https:\/\/www.facebook.com\/travel3media\/","article_published_time":"2026-03-13T11:09:00+00:00","article_modified_time":"2026-03-13T21:10:26+00:00","og_image":[{"width":1280,"height":853,"url":"https:\/\/www.travel3.com.br\/site\/wp-content\/uploads\/2026\/03\/Caribe-Mexicano5.jpeg","type":"image\/jpeg"}],"author":"Reda\u00e7\u00e3o Travel3","twitter_card":"summary_large_image","twitter_misc":{"Escrito por":"Reda\u00e7\u00e3o Travel3","Est. tempo de leitura":"3 minutos"},"schema":{"@context":"https:\/\/schema.org","@graph":[{"@type":"Article","@id":"https:\/\/www.travel3.com.br\/site\/destaque\/caribe-mexicano-promocao-brasil\/#article","isPartOf":{"@id":"https:\/\/www.travel3.com.br\/site\/destaque\/caribe-mexicano-promocao-brasil\/"},"author":{"name":"Reda\u00e7\u00e3o Travel3","@id":"https:\/\/www.travel3.com.br\/site\/#\/schema\/person\/89251b0320bc67697de92249f97f3fdb"},"headline":"Caribe Mexicano retoma promo\u00e7\u00e3o no Brasil com evento em S\u00e3o Paulo","datePublished":"2026-03-13T11:09:00+00:00","dateModified":"2026-03-13T21:10:26+00:00","mainEntityOfPage":{"@id":"https:\/\/www.travel3.com.br\/site\/destaque\/caribe-mexicano-promocao-brasil\/"},"wordCount":452,"commentCount":0,"publisher":{"@id":"https:\/\/www.travel3.com.br\/site\/#organization"},"image":{"@id":"https:\/\/www.travel3.com.br\/site\/destaque\/caribe-mexicano-promocao-brasil\/#primaryimage"},"thumbnailUrl":"https:\/\/www.travel3.com.br\/site\/wp-content\/uploads\/2026\/03\/Caribe-Mexicano5.jpeg","keywords":["Caribe Mexicano","Encontro Caribe Mexico","Quintana Roo"],"articleSection":["Comece a Viajar","Destaque","Home"],"inLanguage":"pt-BR","potentialAction":[{"@type":"CommentAction","name":"Comment","target":["https:\/\/www.travel3.com.br\/site\/destaque\/caribe-mexicano-promocao-brasil\/#respond"]}]},{"@type":"WebPage","@id":"https:\/\/www.travel3.com.br\/site\/destaque\/caribe-mexicano-promocao-brasil\/","url":"https:\/\/www.travel3.com.br\/site\/destaque\/caribe-mexicano-promocao-brasil\/","name":"Caribe Mexicano retoma promo\u00e7\u00e3o no Brasil com evento em S\u00e3o Paulo - Travel3","isPartOf":{"@id":"https:\/\/www.travel3.com.br\/site\/#website"},"primaryImageOfPage":{"@id":"https:\/\/www.travel3.com.br\/site\/destaque\/caribe-mexicano-promocao-brasil\/#primaryimage"},"image":{"@id":"https:\/\/www.travel3.com.br\/site\/destaque\/caribe-mexicano-promocao-brasil\/#primaryimage"},"thumbnailUrl":"https:\/\/www.travel3.com.br\/site\/wp-content\/uploads\/2026\/03\/Caribe-Mexicano5.jpeg","datePublished":"2026-03-13T11:09:00+00:00","dateModified":"2026-03-13T21:10:26+00:00","description":"Caribe Mexicano retoma promo\u00e7\u00e3o no Brasil com evento em S\u00e3o Paulo e refor\u00e7a estrat\u00e9gia no mercado tur\u00edstico","breadcrumb":{"@id":"https:\/\/www.travel3.com.br\/site\/destaque\/caribe-mexicano-promocao-brasil\/#breadcrumb"},"inLanguage":"pt-BR","potentialAction":[{"@type":"ReadAction","target":["https:\/\/www.travel3.com.br\/site\/destaque\/caribe-mexicano-promocao-brasil\/"]}]},{"@type":"ImageObject","inLanguage":"pt-BR","@id":"https:\/\/www.travel3.com.br\/site\/destaque\/caribe-mexicano-promocao-brasil\/#primaryimage","url":"https:\/\/www.travel3.com.br\/site\/wp-content\/uploads\/2026\/03\/Caribe-Mexicano5.jpeg","contentUrl":"https:\/\/www.travel3.com.br\/site\/wp-content\/uploads\/2026\/03\/Caribe-Mexicano5.jpeg","width":1280,"height":853,"caption":"Jorge T\u00e9llez, diretor de Promo\u00e7\u00e3o do Caribe Mexicano; K\u00e1tia Bruna Freitas, da Aeromexico e o secret\u00e1rio de Turismo de Quintana Roo, Bernardo Cueto (Foto: Divulga\u00e7\u00e3o)"},{"@type":"BreadcrumbList","@id":"https:\/\/www.travel3.com.br\/site\/destaque\/caribe-mexicano-promocao-brasil\/#breadcrumb","itemListElement":[{"@type":"ListItem","position":1,"name":"In\u00edcio","item":"https:\/\/www.travel3.com.br\/site\/"},{"@type":"ListItem","position":2,"name":"Caribe Mexicano retoma promo\u00e7\u00e3o no Brasil com evento em S\u00e3o Paulo"}]},{"@type":"WebSite","@id":"https:\/\/www.travel3.com.br\/site\/#website","url":"https:\/\/www.travel3.com.br\/site\/","name":"Travel3","description":"Lazer + Neg&oacute;cios + Aventura","publisher":{"@id":"https:\/\/www.travel3.com.br\/site\/#organization"},"potentialAction":[{"@type":"SearchAction","target":{"@type":"EntryPoint","urlTemplate":"https:\/\/www.travel3.com.br\/site\/?s={search_term_string}"},"query-input":{"@type":"PropertyValueSpecification","valueRequired":true,"valueName":"search_term_string"}}],"inLanguage":"pt-BR"},{"@type":"Organization","@id":"https:\/\/www.travel3.com.br\/site\/#organization","name":"Travel3","url":"https:\/\/www.travel3.com.br\/site\/","logo":{"@type":"ImageObject","inLanguage":"pt-BR","@id":"https:\/\/www.travel3.com.br\/site\/#\/schema\/logo\/image\/","url":"https:\/\/www.travel3.com.br\/site\/wp-content\/uploads\/2020\/01\/logo-travel3-2020.png","contentUrl":"https:\/\/www.travel3.com.br\/site\/wp-content\/uploads\/2020\/01\/logo-travel3-2020.png","width":232,"height":79,"caption":"Travel3"},"image":{"@id":"https:\/\/www.travel3.com.br\/site\/#\/schema\/logo\/image\/"},"sameAs":["https:\/\/www.facebook.com\/travel3media\/","https:\/\/www.instagram.com\/revistatravel3\/","https:\/\/www.youtube.com\/channel\/UCno7J4paGBR3VbZQzvoJ9Eg"]},{"@type":"Person","@id":"https:\/\/www.travel3.com.br\/site\/#\/schema\/person\/89251b0320bc67697de92249f97f3fdb","name":"Reda\u00e7\u00e3o Travel3","image":{"@type":"ImageObject","inLanguage":"pt-BR","@id":"https:\/\/www.travel3.com.br\/site\/#\/schema\/person\/image\/","url":"https:\/\/secure.gravatar.com\/avatar\/85a5ec2ad99b1932f671ebf50c117db6?s=96&d=mm&r=g","contentUrl":"https:\/\/secure.gravatar.com\/avatar\/85a5ec2ad99b1932f671ebf50c117db6?s=96&d=mm&r=g","caption":"Reda\u00e7\u00e3o Travel3"},"sameAs":["http:\/\/www.travel3.com.br\/"],"url":"https:\/\/www.travel3.com.br\/site\/author\/redacao\/"}]}},"_links":{"self":[{"href":"https:\/\/www.travel3.com.br\/site\/wp-json\/wp\/v2\/posts\/81233","targetHints":{"allow":["GET"]}}],"collection":[{"href":"https:\/\/www.travel3.com.br\/site\/wp-json\/wp\/v2\/posts"}],"about":[{"href":"https:\/\/www.travel3.com.br\/site\/wp-json\/wp\/v2\/types\/post"}],"author":[{"embeddable":true,"href":"https:\/\/www.travel3.com.br\/site\/wp-json\/wp\/v2\/users\/5"}],"replies":[{"embeddable":true,"href":"https:\/\/www.travel3.com.br\/site\/wp-json\/wp\/v2\/comments?post=81233"}],"version-history":[{"count":17,"href":"https:\/\/www.travel3.com.br\/site\/wp-json\/wp\/v2\/posts\/81233\/revisions"}],"predecessor-version":[{"id":81266,"href":"https:\/\/www.travel3.com.br\/site\/wp-json\/wp\/v2\/posts\/81233\/revisions\/81266"}],"wp:featuredmedia":[{"embeddable":true,"href":"https:\/\/www.travel3.com.br\/site\/wp-json\/wp\/v2\/media\/81241"}],"wp:attachment":[{"href":"https:\/\/www.travel3.com.br\/site\/wp-json\/wp\/v2\/media?parent=81233"}],"wp:term":[{"taxonomy":"category","embeddable":true,"href":"https:\/\/www.travel3.com.br\/site\/wp-json\/wp\/v2\/categories?post=81233"},{"taxonomy":"post_tag","embeddable":true,"href":"https:\/\/www.travel3.com.br\/site\/wp-json\/wp\/v2\/tags?post=81233"}],"curies":[{"name":"wp","href":"https:\/\/api.w.org\/{rel}","templated":true}]}}