{"id":81205,"date":"2026-03-12T08:37:30","date_gmt":"2026-03-12T11:37:30","guid":{"rendered":"https:\/\/www.travel3.com.br\/site\/?p=81205"},"modified":"2026-03-12T08:37:33","modified_gmt":"2026-03-12T11:37:33","slug":"hard-rock-hotel-gramado","status":"publish","type":"post","link":"https:\/\/www.travel3.com.br\/site\/destaque\/hard-rock-hotel-gramado\/","title":{"rendered":"Hard Rock Hotel deve impulsionar turismo internacional em Gramado"},"content":{"rendered":"\n<h2 class=\"wp-block-heading\">Cidade ga\u00facha registra aumento de visitantes estrangeiros e prepara complexo de lazer previsto para 2028<\/h2>\n\n\n\n<p>A cidade de Gramado registrou aumento no n\u00famero de turistas estrangeiros e aposta em novos investimentos para ampliar sua presen\u00e7a no turismo internacional. Entre os projetos em desenvolvimento est\u00e1 o Residence Club at the Hard Rock Hotel Gramado, complexo de lazer e hospedagem previsto para ser inaugurado em 2028.<\/p>\n\n\n\n<p>De acordo com dados do Observat\u00f3rio do Turismo de Gramado, divulgados em fevereiro, o destino recebeu mais de 97 mil visitantes internacionais em 2025. Os argentinos representam cerca de metade desse p\u00fablico, seguidos por turistas de outros pa\u00edses da Am\u00e9rica do Sul e de mercados como Estados Unidos, Reino Unido, Alemanha e Austr\u00e1lia.<\/p>\n\n\n\n<p>No total, visitantes de 72 pa\u00edses passaram pela cidade no per\u00edodo.<\/p>\n\n\n<div class=\"wp-block-image\">\n<figure class=\"aligncenter size-full is-resized\"><img loading=\"lazy\" decoding=\"async\" width=\"800\" height=\"450\" src=\"https:\/\/www.travel3.com.br\/site\/wp-content\/uploads\/2026\/03\/Hard-Rock-Hotel-Gramado2.jpg\" alt=\"Hard Rock Hotel Gramado\" class=\"wp-image-81207\" style=\"width:668px;height:auto\" srcset=\"https:\/\/www.travel3.com.br\/site\/wp-content\/uploads\/2026\/03\/Hard-Rock-Hotel-Gramado2.jpg 800w, https:\/\/www.travel3.com.br\/site\/wp-content\/uploads\/2026\/03\/Hard-Rock-Hotel-Gramado2-300x169.jpg 300w, https:\/\/www.travel3.com.br\/site\/wp-content\/uploads\/2026\/03\/Hard-Rock-Hotel-Gramado2-768x432.jpg 768w, https:\/\/www.travel3.com.br\/site\/wp-content\/uploads\/2026\/03\/Hard-Rock-Hotel-Gramado2-150x84.jpg 150w, https:\/\/www.travel3.com.br\/site\/wp-content\/uploads\/2026\/03\/Hard-Rock-Hotel-Gramado2-750x422.jpg 750w\" sizes=\"auto, (max-width: 800px) 100vw, 800px\" \/><figcaption class=\"wp-element-caption\">Projeto do Hard Rock Hotel Gramado tem piscinas climatizadas, spa, bares,  restaurantes e espa\u00e7os para eventos e entretenimento (Divulga\u00e7\u00e3o)<\/figcaption><\/figure><\/div>\n\n\n<h2 class=\"wp-block-heading\">Complexo inspirado no universo Hard Rock<\/h2>\n\n\n\n<p>O projeto do Residence Club at the Hard Rock Hotel Gramado \u00e9 desenvolvido pela Mundo Planalto em parceria com a marca internacional Hard Rock. O empreendimento dever\u00e1 reunir hotel, \u00e1reas de lazer e espa\u00e7os dedicados \u00e0 m\u00fasica e \u00e0 cultura pop.<\/p>\n\n\n\n<p>Entre os destaques previstos est\u00e3o atra\u00e7\u00f5es inspiradas no acervo hist\u00f3rico da marca, considerada uma das maiores cole\u00e7\u00f5es de memorabilia da m\u00fasica no mundo.<\/p>\n\n\n\n<p>O complexo contar\u00e1 com piscinas climatizadas, spa, bares e restaurantes, centro de conven\u00e7\u00f5es, \u00e1reas comerciais e espa\u00e7os para eventos e entretenimento.<\/p>\n\n\n\n<blockquote class=\"wp-block-quote is-layout-flow wp-block-quote-is-layout-flow\">\n<p>\u201cO projeto \u00e9 um dos maiores da marca Hard Rock em desenvolvimento no Brasil e pode fortalecer o posicionamento internacional de Gramado\u201d, afirma <strong>Jos\u00e9 Roberto Nunes<\/strong>, CEO da Mundo Planalto.<\/p>\n<\/blockquote>\n\n\n\n<h2 class=\"wp-block-heading\">Estrat\u00e9gia para ampliar presen\u00e7a internacional<\/h2>\n\n\n\n<p>Para o secret\u00e1rio de Turismo da cidade, <strong>Ricardo Bertolucci<\/strong>, o aumento do fluxo de visitantes estrangeiros traz benef\u00edcios para o destino, como maior tempo de perman\u00eancia e eleva\u00e7\u00e3o do gasto m\u00e9dio dos turistas.<\/p>\n\n\n\n<p>Nos \u00faltimos anos, Gramado tem figurado entre os tr\u00eas melhores destinos da Am\u00e9rica do Sul no ranking Travellers\u2019 Choice, da plataforma Tripadvisor, baseado em avalia\u00e7\u00f5es de viajantes.<\/p>\n\n\n\n<p>A expectativa \u00e9 que novos projetos tur\u00edsticos e a presen\u00e7a de marcas globais, como a Hard Rock, reforcem a visibilidade internacional da cidade nos pr\u00f3ximos anos.<\/p>\n","protected":false},"excerpt":{"rendered":"<p>Cidade ga\u00facha prepara complexo de lazer previsto para 2028<\/p>\n","protected":false},"author":5,"featured_media":81206,"comment_status":"open","ping_status":"open","sticky":false,"template":"","format":"standard","meta":{"footnotes":""},"categories":[178,226,10,4882],"tags":[521,7315,384,471,7316],"class_list":["post-81205","post","type-post","status-publish","format-standard","has-post-thumbnail","hentry","category-brasil","category-destaque","category-destinos","category-home","tag-gramado","tag-hard-rock-hotel-gramado","tag-hard-rock-hotels","tag-serra-gaucha","tag-turismo-em-gramado"],"yoast_head":"<!-- This site is optimized with the Yoast SEO plugin v26.2 - https:\/\/yoast.com\/wordpress\/plugins\/seo\/ -->\n<title>Hard Rock Hotel deve impulsionar turismo internacional em Gramado - Travel3<\/title>\n<meta name=\"description\" content=\"Hard Rock Hotel previsto para 2028 deve impulsionar turismo internacional em Gramado, que registrou aumento de visitantes estrangeiros\" \/>\n<meta name=\"robots\" content=\"index, follow, max-snippet:-1, max-image-preview:large, max-video-preview:-1\" \/>\n<link rel=\"canonical\" href=\"https:\/\/www.travel3.com.br\/site\/destaque\/hard-rock-hotel-gramado\/\" \/>\n<meta property=\"og:locale\" content=\"pt_BR\" \/>\n<meta property=\"og:type\" content=\"article\" \/>\n<meta property=\"og:title\" content=\"Hard Rock Hotel deve impulsionar turismo internacional em Gramado - Travel3\" \/>\n<meta property=\"og:description\" content=\"Hard Rock Hotel previsto para 2028 deve impulsionar turismo internacional em Gramado, que registrou aumento de visitantes estrangeiros\" \/>\n<meta property=\"og:url\" content=\"https:\/\/www.travel3.com.br\/site\/destaque\/hard-rock-hotel-gramado\/\" \/>\n<meta property=\"og:site_name\" content=\"Travel3\" \/>\n<meta property=\"article:publisher\" content=\"https:\/\/www.facebook.com\/travel3media\/\" \/>\n<meta property=\"article:published_time\" content=\"2026-03-12T11:37:30+00:00\" \/>\n<meta property=\"article:modified_time\" content=\"2026-03-12T11:37:33+00:00\" \/>\n<meta property=\"og:image\" content=\"https:\/\/www.travel3.com.br\/site\/wp-content\/uploads\/2026\/03\/Hard-Rock-Hotel-Gramado.jpg\" \/>\n\t<meta property=\"og:image:width\" content=\"800\" \/>\n\t<meta property=\"og:image:height\" content=\"532\" \/>\n\t<meta property=\"og:image:type\" content=\"image\/jpeg\" \/>\n<meta name=\"author\" content=\"Reda\u00e7\u00e3o Travel3\" \/>\n<meta name=\"twitter:card\" content=\"summary_large_image\" \/>\n<meta name=\"twitter:label1\" content=\"Escrito por\" \/>\n\t<meta name=\"twitter:data1\" content=\"Reda\u00e7\u00e3o Travel3\" \/>\n\t<meta name=\"twitter:label2\" content=\"Est. tempo de leitura\" \/>\n\t<meta name=\"twitter:data2\" content=\"3 minutos\" \/>\n<script type=\"application\/ld+json\" class=\"yoast-schema-graph\">{\"@context\":\"https:\/\/schema.org\",\"@graph\":[{\"@type\":\"Article\",\"@id\":\"https:\/\/www.travel3.com.br\/site\/destaque\/hard-rock-hotel-gramado\/#article\",\"isPartOf\":{\"@id\":\"https:\/\/www.travel3.com.br\/site\/destaque\/hard-rock-hotel-gramado\/\"},\"author\":{\"name\":\"Reda\u00e7\u00e3o Travel3\",\"@id\":\"https:\/\/www.travel3.com.br\/site\/#\/schema\/person\/89251b0320bc67697de92249f97f3fdb\"},\"headline\":\"Hard Rock Hotel deve impulsionar turismo internacional em Gramado\",\"datePublished\":\"2026-03-12T11:37:30+00:00\",\"dateModified\":\"2026-03-12T11:37:33+00:00\",\"mainEntityOfPage\":{\"@id\":\"https:\/\/www.travel3.com.br\/site\/destaque\/hard-rock-hotel-gramado\/\"},\"wordCount\":392,\"commentCount\":0,\"publisher\":{\"@id\":\"https:\/\/www.travel3.com.br\/site\/#organization\"},\"image\":{\"@id\":\"https:\/\/www.travel3.com.br\/site\/destaque\/hard-rock-hotel-gramado\/#primaryimage\"},\"thumbnailUrl\":\"https:\/\/www.travel3.com.br\/site\/wp-content\/uploads\/2026\/03\/Hard-Rock-Hotel-Gramado.jpg\",\"keywords\":[\"gramado\",\"Hard Rock Hotel Gramado\",\"Hard Rock Hotels\",\"Serra Ga\u00facha\",\"turismo em Gramado\"],\"articleSection\":[\"Brasil\",\"Destaque\",\"Destinos\",\"Home\"],\"inLanguage\":\"pt-BR\",\"potentialAction\":[{\"@type\":\"CommentAction\",\"name\":\"Comment\",\"target\":[\"https:\/\/www.travel3.com.br\/site\/destaque\/hard-rock-hotel-gramado\/#respond\"]}]},{\"@type\":\"WebPage\",\"@id\":\"https:\/\/www.travel3.com.br\/site\/destaque\/hard-rock-hotel-gramado\/\",\"url\":\"https:\/\/www.travel3.com.br\/site\/destaque\/hard-rock-hotel-gramado\/\",\"name\":\"Hard Rock Hotel deve impulsionar turismo internacional em Gramado - Travel3\",\"isPartOf\":{\"@id\":\"https:\/\/www.travel3.com.br\/site\/#website\"},\"primaryImageOfPage\":{\"@id\":\"https:\/\/www.travel3.com.br\/site\/destaque\/hard-rock-hotel-gramado\/#primaryimage\"},\"image\":{\"@id\":\"https:\/\/www.travel3.com.br\/site\/destaque\/hard-rock-hotel-gramado\/#primaryimage\"},\"thumbnailUrl\":\"https:\/\/www.travel3.com.br\/site\/wp-content\/uploads\/2026\/03\/Hard-Rock-Hotel-Gramado.jpg\",\"datePublished\":\"2026-03-12T11:37:30+00:00\",\"dateModified\":\"2026-03-12T11:37:33+00:00\",\"description\":\"Hard Rock Hotel previsto para 2028 deve impulsionar turismo internacional em Gramado, que registrou aumento de visitantes estrangeiros\",\"breadcrumb\":{\"@id\":\"https:\/\/www.travel3.com.br\/site\/destaque\/hard-rock-hotel-gramado\/#breadcrumb\"},\"inLanguage\":\"pt-BR\",\"potentialAction\":[{\"@type\":\"ReadAction\",\"target\":[\"https:\/\/www.travel3.com.br\/site\/destaque\/hard-rock-hotel-gramado\/\"]}]},{\"@type\":\"ImageObject\",\"inLanguage\":\"pt-BR\",\"@id\":\"https:\/\/www.travel3.com.br\/site\/destaque\/hard-rock-hotel-gramado\/#primaryimage\",\"url\":\"https:\/\/www.travel3.com.br\/site\/wp-content\/uploads\/2026\/03\/Hard-Rock-Hotel-Gramado.jpg\",\"contentUrl\":\"https:\/\/www.travel3.com.br\/site\/wp-content\/uploads\/2026\/03\/Hard-Rock-Hotel-Gramado.jpg\",\"width\":800,\"height\":532,\"caption\":\"Hard Rock Hotel Gramado tem previs\u00e3o de inaugura\u00e7\u00e3o para 2028 (Divulga\u00e7\u00e3o)\"},{\"@type\":\"BreadcrumbList\",\"@id\":\"https:\/\/www.travel3.com.br\/site\/destaque\/hard-rock-hotel-gramado\/#breadcrumb\",\"itemListElement\":[{\"@type\":\"ListItem\",\"position\":1,\"name\":\"In\u00edcio\",\"item\":\"https:\/\/www.travel3.com.br\/site\/\"},{\"@type\":\"ListItem\",\"position\":2,\"name\":\"Hard Rock Hotel deve impulsionar turismo internacional em Gramado\"}]},{\"@type\":\"WebSite\",\"@id\":\"https:\/\/www.travel3.com.br\/site\/#website\",\"url\":\"https:\/\/www.travel3.com.br\/site\/\",\"name\":\"Travel3\",\"description\":\"Lazer + Neg&oacute;cios + Aventura\",\"publisher\":{\"@id\":\"https:\/\/www.travel3.com.br\/site\/#organization\"},\"potentialAction\":[{\"@type\":\"SearchAction\",\"target\":{\"@type\":\"EntryPoint\",\"urlTemplate\":\"https:\/\/www.travel3.com.br\/site\/?s={search_term_string}\"},\"query-input\":{\"@type\":\"PropertyValueSpecification\",\"valueRequired\":true,\"valueName\":\"search_term_string\"}}],\"inLanguage\":\"pt-BR\"},{\"@type\":\"Organization\",\"@id\":\"https:\/\/www.travel3.com.br\/site\/#organization\",\"name\":\"Travel3\",\"url\":\"https:\/\/www.travel3.com.br\/site\/\",\"logo\":{\"@type\":\"ImageObject\",\"inLanguage\":\"pt-BR\",\"@id\":\"https:\/\/www.travel3.com.br\/site\/#\/schema\/logo\/image\/\",\"url\":\"https:\/\/www.travel3.com.br\/site\/wp-content\/uploads\/2020\/01\/logo-travel3-2020.png\",\"contentUrl\":\"https:\/\/www.travel3.com.br\/site\/wp-content\/uploads\/2020\/01\/logo-travel3-2020.png\",\"width\":232,\"height\":79,\"caption\":\"Travel3\"},\"image\":{\"@id\":\"https:\/\/www.travel3.com.br\/site\/#\/schema\/logo\/image\/\"},\"sameAs\":[\"https:\/\/www.facebook.com\/travel3media\/\",\"https:\/\/www.instagram.com\/revistatravel3\/\",\"https:\/\/www.youtube.com\/channel\/UCno7J4paGBR3VbZQzvoJ9Eg\"]},{\"@type\":\"Person\",\"@id\":\"https:\/\/www.travel3.com.br\/site\/#\/schema\/person\/89251b0320bc67697de92249f97f3fdb\",\"name\":\"Reda\u00e7\u00e3o Travel3\",\"image\":{\"@type\":\"ImageObject\",\"inLanguage\":\"pt-BR\",\"@id\":\"https:\/\/www.travel3.com.br\/site\/#\/schema\/person\/image\/\",\"url\":\"https:\/\/secure.gravatar.com\/avatar\/85a5ec2ad99b1932f671ebf50c117db6?s=96&d=mm&r=g\",\"contentUrl\":\"https:\/\/secure.gravatar.com\/avatar\/85a5ec2ad99b1932f671ebf50c117db6?s=96&d=mm&r=g\",\"caption\":\"Reda\u00e7\u00e3o Travel3\"},\"sameAs\":[\"http:\/\/www.travel3.com.br\/\"],\"url\":\"https:\/\/www.travel3.com.br\/site\/author\/redacao\/\"}]}<\/script>\n<!-- \/ Yoast SEO plugin. -->","yoast_head_json":{"title":"Hard Rock Hotel deve impulsionar turismo internacional em Gramado - Travel3","description":"Hard Rock Hotel previsto para 2028 deve impulsionar turismo internacional em Gramado, que registrou aumento de visitantes estrangeiros","robots":{"index":"index","follow":"follow","max-snippet":"max-snippet:-1","max-image-preview":"max-image-preview:large","max-video-preview":"max-video-preview:-1"},"canonical":"https:\/\/www.travel3.com.br\/site\/destaque\/hard-rock-hotel-gramado\/","og_locale":"pt_BR","og_type":"article","og_title":"Hard Rock Hotel deve impulsionar turismo internacional em Gramado - Travel3","og_description":"Hard Rock Hotel previsto para 2028 deve impulsionar turismo internacional em Gramado, que registrou aumento de visitantes estrangeiros","og_url":"https:\/\/www.travel3.com.br\/site\/destaque\/hard-rock-hotel-gramado\/","og_site_name":"Travel3","article_publisher":"https:\/\/www.facebook.com\/travel3media\/","article_published_time":"2026-03-12T11:37:30+00:00","article_modified_time":"2026-03-12T11:37:33+00:00","og_image":[{"width":800,"height":532,"url":"https:\/\/www.travel3.com.br\/site\/wp-content\/uploads\/2026\/03\/Hard-Rock-Hotel-Gramado.jpg","type":"image\/jpeg"}],"author":"Reda\u00e7\u00e3o Travel3","twitter_card":"summary_large_image","twitter_misc":{"Escrito por":"Reda\u00e7\u00e3o Travel3","Est. tempo de leitura":"3 minutos"},"schema":{"@context":"https:\/\/schema.org","@graph":[{"@type":"Article","@id":"https:\/\/www.travel3.com.br\/site\/destaque\/hard-rock-hotel-gramado\/#article","isPartOf":{"@id":"https:\/\/www.travel3.com.br\/site\/destaque\/hard-rock-hotel-gramado\/"},"author":{"name":"Reda\u00e7\u00e3o Travel3","@id":"https:\/\/www.travel3.com.br\/site\/#\/schema\/person\/89251b0320bc67697de92249f97f3fdb"},"headline":"Hard Rock Hotel deve impulsionar turismo internacional em Gramado","datePublished":"2026-03-12T11:37:30+00:00","dateModified":"2026-03-12T11:37:33+00:00","mainEntityOfPage":{"@id":"https:\/\/www.travel3.com.br\/site\/destaque\/hard-rock-hotel-gramado\/"},"wordCount":392,"commentCount":0,"publisher":{"@id":"https:\/\/www.travel3.com.br\/site\/#organization"},"image":{"@id":"https:\/\/www.travel3.com.br\/site\/destaque\/hard-rock-hotel-gramado\/#primaryimage"},"thumbnailUrl":"https:\/\/www.travel3.com.br\/site\/wp-content\/uploads\/2026\/03\/Hard-Rock-Hotel-Gramado.jpg","keywords":["gramado","Hard Rock Hotel Gramado","Hard Rock Hotels","Serra Ga\u00facha","turismo em Gramado"],"articleSection":["Brasil","Destaque","Destinos","Home"],"inLanguage":"pt-BR","potentialAction":[{"@type":"CommentAction","name":"Comment","target":["https:\/\/www.travel3.com.br\/site\/destaque\/hard-rock-hotel-gramado\/#respond"]}]},{"@type":"WebPage","@id":"https:\/\/www.travel3.com.br\/site\/destaque\/hard-rock-hotel-gramado\/","url":"https:\/\/www.travel3.com.br\/site\/destaque\/hard-rock-hotel-gramado\/","name":"Hard Rock Hotel deve impulsionar turismo internacional em Gramado - Travel3","isPartOf":{"@id":"https:\/\/www.travel3.com.br\/site\/#website"},"primaryImageOfPage":{"@id":"https:\/\/www.travel3.com.br\/site\/destaque\/hard-rock-hotel-gramado\/#primaryimage"},"image":{"@id":"https:\/\/www.travel3.com.br\/site\/destaque\/hard-rock-hotel-gramado\/#primaryimage"},"thumbnailUrl":"https:\/\/www.travel3.com.br\/site\/wp-content\/uploads\/2026\/03\/Hard-Rock-Hotel-Gramado.jpg","datePublished":"2026-03-12T11:37:30+00:00","dateModified":"2026-03-12T11:37:33+00:00","description":"Hard Rock Hotel previsto para 2028 deve impulsionar turismo internacional em Gramado, que registrou aumento de visitantes estrangeiros","breadcrumb":{"@id":"https:\/\/www.travel3.com.br\/site\/destaque\/hard-rock-hotel-gramado\/#breadcrumb"},"inLanguage":"pt-BR","potentialAction":[{"@type":"ReadAction","target":["https:\/\/www.travel3.com.br\/site\/destaque\/hard-rock-hotel-gramado\/"]}]},{"@type":"ImageObject","inLanguage":"pt-BR","@id":"https:\/\/www.travel3.com.br\/site\/destaque\/hard-rock-hotel-gramado\/#primaryimage","url":"https:\/\/www.travel3.com.br\/site\/wp-content\/uploads\/2026\/03\/Hard-Rock-Hotel-Gramado.jpg","contentUrl":"https:\/\/www.travel3.com.br\/site\/wp-content\/uploads\/2026\/03\/Hard-Rock-Hotel-Gramado.jpg","width":800,"height":532,"caption":"Hard Rock Hotel Gramado tem previs\u00e3o de inaugura\u00e7\u00e3o para 2028 (Divulga\u00e7\u00e3o)"},{"@type":"BreadcrumbList","@id":"https:\/\/www.travel3.com.br\/site\/destaque\/hard-rock-hotel-gramado\/#breadcrumb","itemListElement":[{"@type":"ListItem","position":1,"name":"In\u00edcio","item":"https:\/\/www.travel3.com.br\/site\/"},{"@type":"ListItem","position":2,"name":"Hard Rock Hotel deve impulsionar turismo internacional em Gramado"}]},{"@type":"WebSite","@id":"https:\/\/www.travel3.com.br\/site\/#website","url":"https:\/\/www.travel3.com.br\/site\/","name":"Travel3","description":"Lazer + Neg&oacute;cios + Aventura","publisher":{"@id":"https:\/\/www.travel3.com.br\/site\/#organization"},"potentialAction":[{"@type":"SearchAction","target":{"@type":"EntryPoint","urlTemplate":"https:\/\/www.travel3.com.br\/site\/?s={search_term_string}"},"query-input":{"@type":"PropertyValueSpecification","valueRequired":true,"valueName":"search_term_string"}}],"inLanguage":"pt-BR"},{"@type":"Organization","@id":"https:\/\/www.travel3.com.br\/site\/#organization","name":"Travel3","url":"https:\/\/www.travel3.com.br\/site\/","logo":{"@type":"ImageObject","inLanguage":"pt-BR","@id":"https:\/\/www.travel3.com.br\/site\/#\/schema\/logo\/image\/","url":"https:\/\/www.travel3.com.br\/site\/wp-content\/uploads\/2020\/01\/logo-travel3-2020.png","contentUrl":"https:\/\/www.travel3.com.br\/site\/wp-content\/uploads\/2020\/01\/logo-travel3-2020.png","width":232,"height":79,"caption":"Travel3"},"image":{"@id":"https:\/\/www.travel3.com.br\/site\/#\/schema\/logo\/image\/"},"sameAs":["https:\/\/www.facebook.com\/travel3media\/","https:\/\/www.instagram.com\/revistatravel3\/","https:\/\/www.youtube.com\/channel\/UCno7J4paGBR3VbZQzvoJ9Eg"]},{"@type":"Person","@id":"https:\/\/www.travel3.com.br\/site\/#\/schema\/person\/89251b0320bc67697de92249f97f3fdb","name":"Reda\u00e7\u00e3o Travel3","image":{"@type":"ImageObject","inLanguage":"pt-BR","@id":"https:\/\/www.travel3.com.br\/site\/#\/schema\/person\/image\/","url":"https:\/\/secure.gravatar.com\/avatar\/85a5ec2ad99b1932f671ebf50c117db6?s=96&d=mm&r=g","contentUrl":"https:\/\/secure.gravatar.com\/avatar\/85a5ec2ad99b1932f671ebf50c117db6?s=96&d=mm&r=g","caption":"Reda\u00e7\u00e3o Travel3"},"sameAs":["http:\/\/www.travel3.com.br\/"],"url":"https:\/\/www.travel3.com.br\/site\/author\/redacao\/"}]}},"_links":{"self":[{"href":"https:\/\/www.travel3.com.br\/site\/wp-json\/wp\/v2\/posts\/81205","targetHints":{"allow":["GET"]}}],"collection":[{"href":"https:\/\/www.travel3.com.br\/site\/wp-json\/wp\/v2\/posts"}],"about":[{"href":"https:\/\/www.travel3.com.br\/site\/wp-json\/wp\/v2\/types\/post"}],"author":[{"embeddable":true,"href":"https:\/\/www.travel3.com.br\/site\/wp-json\/wp\/v2\/users\/5"}],"replies":[{"embeddable":true,"href":"https:\/\/www.travel3.com.br\/site\/wp-json\/wp\/v2\/comments?post=81205"}],"version-history":[{"count":3,"href":"https:\/\/www.travel3.com.br\/site\/wp-json\/wp\/v2\/posts\/81205\/revisions"}],"predecessor-version":[{"id":81215,"href":"https:\/\/www.travel3.com.br\/site\/wp-json\/wp\/v2\/posts\/81205\/revisions\/81215"}],"wp:featuredmedia":[{"embeddable":true,"href":"https:\/\/www.travel3.com.br\/site\/wp-json\/wp\/v2\/media\/81206"}],"wp:attachment":[{"href":"https:\/\/www.travel3.com.br\/site\/wp-json\/wp\/v2\/media?parent=81205"}],"wp:term":[{"taxonomy":"category","embeddable":true,"href":"https:\/\/www.travel3.com.br\/site\/wp-json\/wp\/v2\/categories?post=81205"},{"taxonomy":"post_tag","embeddable":true,"href":"https:\/\/www.travel3.com.br\/site\/wp-json\/wp\/v2\/tags?post=81205"}],"curies":[{"name":"wp","href":"https:\/\/api.w.org\/{rel}","templated":true}]}}