{"id":81180,"date":"2026-03-11T09:28:59","date_gmt":"2026-03-11T12:28:59","guid":{"rendered":"https:\/\/www.travel3.com.br\/site\/?p=81180"},"modified":"2026-03-11T09:29:01","modified_gmt":"2026-03-11T12:29:01","slug":"gastronomia-sais-beach-living-hotel-maceio","status":"publish","type":"post","link":"https:\/\/www.travel3.com.br\/site\/gastronomia\/gastronomia-sais-beach-living-hotel-maceio\/","title":{"rendered":"Gastronomia autoral marca experi\u00eancia no Sais Beach Living Hotel em Macei\u00f3"},"content":{"rendered":"\n<h2 class=\"wp-block-heading\">Cozinha contempor\u00e2nea valoriza ingredientes regionais e bistr\u00f4 assinado pelo chef Wanderson Medeiros<\/h2>\n\n\n\n<p>Em frente \u00e0s piscinas naturais da Praia de Paju\u00e7ara, o <strong>Sais Beach Living Hotel <\/strong>apresenta uma proposta gastron\u00f4mica que combina ingredientes regionais, t\u00e9cnicas contempor\u00e2neas e experi\u00eancias \u00e0 beira-mar. O empreendimento do Grupo Augis integra o conceito de bem-estar e hospitalidade de alto padr\u00e3o em Macei\u00f3.<\/p>\n\n\n\n<p>A cozinha do hotel valoriza produtos locais e refer\u00eancias da culin\u00e1ria nordestina. O card\u00e1pio \u00e9 conduzido pelo chef executivo Altemar Silva, que utiliza insumos regionais em releituras de pratos tradicionais.<\/p>\n\n\n\n<h2 class=\"wp-block-heading\">Caf\u00e9 da manh\u00e3 com sabores regionais<\/h2>\n\n\n\n<p>O restaurante principal serve um buf\u00ea de caf\u00e9 da manh\u00e3 com ampla variedade de p\u00e3es artesanais, incluindo op\u00e7\u00f5es de fermenta\u00e7\u00e3o natural. Entre os destaques est\u00e3o focaccias, baguetes especiais e p\u00e3es integrais com castanhas brasileiras.<\/p>\n\n\n\n<p>Frutas t\u00edpicas da regi\u00e3o tamb\u00e9m aparecem no card\u00e1pio, como acerola, graviola, sapoti, seriguela e umbu-caj\u00e1, respeitando a sazonalidade. Prepara\u00e7\u00f5es da casa, como compota de caju e torta salgada de queijo com flor de sal, completam a experi\u00eancia.<\/p>\n\n\n\n<h2 class=\"wp-block-heading\">Cozinha contempor\u00e2nea no almo\u00e7o e jantar<\/h2>\n\n\n\n<p>Nos menus de almo\u00e7o e jantar, a proposta combina refer\u00eancias mediterr\u00e2neas com ingredientes locais. Entre os pratos est\u00e3o robalo selado com arroz de moqueca e farofa de castanhas e risoto de camar\u00e3o finalizado com ervas frescas e lascas de coco verde.<\/p>\n\n\n\n<p>O card\u00e1pio inclui ainda entradas como camar\u00e3o crocante com chutney de tamarindo, bruschetas de camar\u00e3o e vinagrete de polvo, al\u00e9m de pratos principais como medalh\u00e3o com musseline de mandioca, salm\u00e3o em crosta de castanhas e mini moqueca de camar\u00e3o.<\/p>\n\n\n\n<h2 class=\"wp-block-heading\">Bistr\u00f4 Flor de Sal<\/h2>\n\n\n\n<p>O bistr\u00f4 e bar Flor de Sal tem menu assinado pelo chef paraibano Wanderson Medeiros, conhecido como Picu\u00ed e um dos nomes da chamada nova cozinha nordestina.<\/p>\n\n\n\n<p>Entre as cria\u00e7\u00f5es servidas no jantar est\u00e3o o arroz cremoso de camar\u00e3o, arroz de polvo dos Milagres e a tradicional carne de sol do Picu\u00ed. O menu tamb\u00e9m inclui peixe com bob\u00f3 de camar\u00e3o, carpaccio de polvo e burrata com ragu de lingui\u00e7a.<\/p>\n\n\n\n<p>As sobremesas incluem cocada cremosa com sorvete de tapioca, torta de queijo com sorvete de doce de leite e sorvete de caju com suspiro.<\/p>\n\n\n\n<p>A carta de bebidas re\u00fane mais de 50 r\u00f3tulos de vinhos e coquet\u00e9is cl\u00e1ssicos e autorais, assinados por Dalton Passos, com combina\u00e7\u00f5es que valorizam ingredientes tropicais.<\/p>\n\n\n\n<p>Para mais informa\u00e7\u00f5es, acesse o <strong><a href=\"https:\/\/www.saishotel.com.br\/\" target=\"_blank\" rel=\"noreferrer noopener\">site do hotel<\/a><\/strong>.<\/p>\n","protected":false},"excerpt":{"rendered":"<p>Cozinha contempor\u00e2nea valoriza ingredientes regionais e bistr\u00f4 de Wanderson Medeiros<\/p>\n","protected":false},"author":5,"featured_media":81181,"comment_status":"open","ping_status":"open","sticky":false,"template":"","format":"standard","meta":{"footnotes":""},"categories":[6,167,168],"tags":[928,7310,7311,998,7312,7309],"class_list":["post-81180","post","type-post","status-publish","format-standard","has-post-thumbnail","hentry","category-gastronomia","category-hotel","category-nacional","tag-dicas-maceio","tag-gastronomia-em-maceio","tag-hotel-em-maceio","tag-maceio","tag-pajucara","tag-sais-beach-living-hotel"],"yoast_head":"<!-- This site is optimized with the Yoast SEO plugin v26.2 - https:\/\/yoast.com\/wordpress\/plugins\/seo\/ -->\n<title>Gastronomia autoral marca experi\u00eancia no Sais Beach Living Hotel em Macei\u00f3 - Travel3<\/title>\n<meta name=\"description\" content=\"Sais Beach Living Hotel aposta em gastronomia autoral e ingredientes regionais com bistr\u00f4 do chef Wanderson Medeiros em Macei\u00f3\" \/>\n<meta name=\"robots\" content=\"index, follow, max-snippet:-1, max-image-preview:large, max-video-preview:-1\" \/>\n<link rel=\"canonical\" href=\"https:\/\/www.travel3.com.br\/site\/gastronomia\/gastronomia-sais-beach-living-hotel-maceio\/\" \/>\n<meta property=\"og:locale\" content=\"pt_BR\" \/>\n<meta property=\"og:type\" content=\"article\" \/>\n<meta property=\"og:title\" content=\"Gastronomia autoral marca experi\u00eancia no Sais Beach Living Hotel em Macei\u00f3 - Travel3\" \/>\n<meta property=\"og:description\" content=\"Sais Beach Living Hotel aposta em gastronomia autoral e ingredientes regionais com bistr\u00f4 do chef Wanderson Medeiros em Macei\u00f3\" \/>\n<meta property=\"og:url\" content=\"https:\/\/www.travel3.com.br\/site\/gastronomia\/gastronomia-sais-beach-living-hotel-maceio\/\" \/>\n<meta property=\"og:site_name\" content=\"Travel3\" \/>\n<meta property=\"article:publisher\" content=\"https:\/\/www.facebook.com\/travel3media\/\" \/>\n<meta property=\"article:published_time\" content=\"2026-03-11T12:28:59+00:00\" \/>\n<meta property=\"article:modified_time\" content=\"2026-03-11T12:29:01+00:00\" \/>\n<meta property=\"og:image\" content=\"https:\/\/www.travel3.com.br\/site\/wp-content\/uploads\/2026\/03\/Hotel-Maceio2_Easy-Resize.com_.jpg\" \/>\n\t<meta property=\"og:image:width\" content=\"1280\" \/>\n\t<meta property=\"og:image:height\" content=\"853\" \/>\n\t<meta property=\"og:image:type\" content=\"image\/jpeg\" \/>\n<meta name=\"author\" content=\"Reda\u00e7\u00e3o Travel3\" \/>\n<meta name=\"twitter:card\" content=\"summary_large_image\" \/>\n<meta name=\"twitter:label1\" content=\"Escrito por\" \/>\n\t<meta name=\"twitter:data1\" content=\"Reda\u00e7\u00e3o Travel3\" \/>\n\t<meta name=\"twitter:label2\" content=\"Est. tempo de leitura\" \/>\n\t<meta name=\"twitter:data2\" content=\"3 minutos\" \/>\n<script type=\"application\/ld+json\" class=\"yoast-schema-graph\">{\"@context\":\"https:\/\/schema.org\",\"@graph\":[{\"@type\":\"Article\",\"@id\":\"https:\/\/www.travel3.com.br\/site\/gastronomia\/gastronomia-sais-beach-living-hotel-maceio\/#article\",\"isPartOf\":{\"@id\":\"https:\/\/www.travel3.com.br\/site\/gastronomia\/gastronomia-sais-beach-living-hotel-maceio\/\"},\"author\":{\"name\":\"Reda\u00e7\u00e3o Travel3\",\"@id\":\"https:\/\/www.travel3.com.br\/site\/#\/schema\/person\/89251b0320bc67697de92249f97f3fdb\"},\"headline\":\"Gastronomia autoral marca experi\u00eancia no Sais Beach Living Hotel em Macei\u00f3\",\"datePublished\":\"2026-03-11T12:28:59+00:00\",\"dateModified\":\"2026-03-11T12:29:01+00:00\",\"mainEntityOfPage\":{\"@id\":\"https:\/\/www.travel3.com.br\/site\/gastronomia\/gastronomia-sais-beach-living-hotel-maceio\/\"},\"wordCount\":438,\"commentCount\":0,\"publisher\":{\"@id\":\"https:\/\/www.travel3.com.br\/site\/#organization\"},\"image\":{\"@id\":\"https:\/\/www.travel3.com.br\/site\/gastronomia\/gastronomia-sais-beach-living-hotel-maceio\/#primaryimage\"},\"thumbnailUrl\":\"https:\/\/www.travel3.com.br\/site\/wp-content\/uploads\/2026\/03\/Hotel-Maceio2_Easy-Resize.com_.jpg\",\"keywords\":[\"dicas Macei\u00f3\",\"gastronomia em macei\u00f3\",\"hotel em macei\u00f3\",\"Macei\u00f3\",\"Paju\u00e7ara\",\"Sais Beach Living Hotel\"],\"articleSection\":[\"Gastronomia\",\"Hotel\",\"Hotel Nacional\"],\"inLanguage\":\"pt-BR\",\"potentialAction\":[{\"@type\":\"CommentAction\",\"name\":\"Comment\",\"target\":[\"https:\/\/www.travel3.com.br\/site\/gastronomia\/gastronomia-sais-beach-living-hotel-maceio\/#respond\"]}]},{\"@type\":\"WebPage\",\"@id\":\"https:\/\/www.travel3.com.br\/site\/gastronomia\/gastronomia-sais-beach-living-hotel-maceio\/\",\"url\":\"https:\/\/www.travel3.com.br\/site\/gastronomia\/gastronomia-sais-beach-living-hotel-maceio\/\",\"name\":\"Gastronomia autoral marca experi\u00eancia no Sais Beach Living Hotel em Macei\u00f3 - Travel3\",\"isPartOf\":{\"@id\":\"https:\/\/www.travel3.com.br\/site\/#website\"},\"primaryImageOfPage\":{\"@id\":\"https:\/\/www.travel3.com.br\/site\/gastronomia\/gastronomia-sais-beach-living-hotel-maceio\/#primaryimage\"},\"image\":{\"@id\":\"https:\/\/www.travel3.com.br\/site\/gastronomia\/gastronomia-sais-beach-living-hotel-maceio\/#primaryimage\"},\"thumbnailUrl\":\"https:\/\/www.travel3.com.br\/site\/wp-content\/uploads\/2026\/03\/Hotel-Maceio2_Easy-Resize.com_.jpg\",\"datePublished\":\"2026-03-11T12:28:59+00:00\",\"dateModified\":\"2026-03-11T12:29:01+00:00\",\"description\":\"Sais Beach Living Hotel aposta em gastronomia autoral e ingredientes regionais com bistr\u00f4 do chef Wanderson Medeiros em Macei\u00f3\",\"breadcrumb\":{\"@id\":\"https:\/\/www.travel3.com.br\/site\/gastronomia\/gastronomia-sais-beach-living-hotel-maceio\/#breadcrumb\"},\"inLanguage\":\"pt-BR\",\"potentialAction\":[{\"@type\":\"ReadAction\",\"target\":[\"https:\/\/www.travel3.com.br\/site\/gastronomia\/gastronomia-sais-beach-living-hotel-maceio\/\"]}]},{\"@type\":\"ImageObject\",\"inLanguage\":\"pt-BR\",\"@id\":\"https:\/\/www.travel3.com.br\/site\/gastronomia\/gastronomia-sais-beach-living-hotel-maceio\/#primaryimage\",\"url\":\"https:\/\/www.travel3.com.br\/site\/wp-content\/uploads\/2026\/03\/Hotel-Maceio2_Easy-Resize.com_.jpg\",\"contentUrl\":\"https:\/\/www.travel3.com.br\/site\/wp-content\/uploads\/2026\/03\/Hotel-Maceio2_Easy-Resize.com_.jpg\",\"width\":1280,\"height\":853,\"caption\":\"Arroz cremoso de camar\u00e3o do bistr\u00f4 Flor de Sal (Foto: Allerson Jesus\/Divulga\u00e7\u00e3o)\"},{\"@type\":\"BreadcrumbList\",\"@id\":\"https:\/\/www.travel3.com.br\/site\/gastronomia\/gastronomia-sais-beach-living-hotel-maceio\/#breadcrumb\",\"itemListElement\":[{\"@type\":\"ListItem\",\"position\":1,\"name\":\"In\u00edcio\",\"item\":\"https:\/\/www.travel3.com.br\/site\/\"},{\"@type\":\"ListItem\",\"position\":2,\"name\":\"Gastronomia autoral marca experi\u00eancia no Sais Beach Living Hotel em Macei\u00f3\"}]},{\"@type\":\"WebSite\",\"@id\":\"https:\/\/www.travel3.com.br\/site\/#website\",\"url\":\"https:\/\/www.travel3.com.br\/site\/\",\"name\":\"Travel3\",\"description\":\"Lazer + Neg&oacute;cios + Aventura\",\"publisher\":{\"@id\":\"https:\/\/www.travel3.com.br\/site\/#organization\"},\"potentialAction\":[{\"@type\":\"SearchAction\",\"target\":{\"@type\":\"EntryPoint\",\"urlTemplate\":\"https:\/\/www.travel3.com.br\/site\/?s={search_term_string}\"},\"query-input\":{\"@type\":\"PropertyValueSpecification\",\"valueRequired\":true,\"valueName\":\"search_term_string\"}}],\"inLanguage\":\"pt-BR\"},{\"@type\":\"Organization\",\"@id\":\"https:\/\/www.travel3.com.br\/site\/#organization\",\"name\":\"Travel3\",\"url\":\"https:\/\/www.travel3.com.br\/site\/\",\"logo\":{\"@type\":\"ImageObject\",\"inLanguage\":\"pt-BR\",\"@id\":\"https:\/\/www.travel3.com.br\/site\/#\/schema\/logo\/image\/\",\"url\":\"https:\/\/www.travel3.com.br\/site\/wp-content\/uploads\/2020\/01\/logo-travel3-2020.png\",\"contentUrl\":\"https:\/\/www.travel3.com.br\/site\/wp-content\/uploads\/2020\/01\/logo-travel3-2020.png\",\"width\":232,\"height\":79,\"caption\":\"Travel3\"},\"image\":{\"@id\":\"https:\/\/www.travel3.com.br\/site\/#\/schema\/logo\/image\/\"},\"sameAs\":[\"https:\/\/www.facebook.com\/travel3media\/\",\"https:\/\/www.instagram.com\/revistatravel3\/\",\"https:\/\/www.youtube.com\/channel\/UCno7J4paGBR3VbZQzvoJ9Eg\"]},{\"@type\":\"Person\",\"@id\":\"https:\/\/www.travel3.com.br\/site\/#\/schema\/person\/89251b0320bc67697de92249f97f3fdb\",\"name\":\"Reda\u00e7\u00e3o Travel3\",\"image\":{\"@type\":\"ImageObject\",\"inLanguage\":\"pt-BR\",\"@id\":\"https:\/\/www.travel3.com.br\/site\/#\/schema\/person\/image\/\",\"url\":\"https:\/\/secure.gravatar.com\/avatar\/85a5ec2ad99b1932f671ebf50c117db6?s=96&d=mm&r=g\",\"contentUrl\":\"https:\/\/secure.gravatar.com\/avatar\/85a5ec2ad99b1932f671ebf50c117db6?s=96&d=mm&r=g\",\"caption\":\"Reda\u00e7\u00e3o Travel3\"},\"sameAs\":[\"http:\/\/www.travel3.com.br\/\"],\"url\":\"https:\/\/www.travel3.com.br\/site\/author\/redacao\/\"}]}<\/script>\n<!-- \/ Yoast SEO plugin. -->","yoast_head_json":{"title":"Gastronomia autoral marca experi\u00eancia no Sais Beach Living Hotel em Macei\u00f3 - Travel3","description":"Sais Beach Living Hotel aposta em gastronomia autoral e ingredientes regionais com bistr\u00f4 do chef Wanderson Medeiros em Macei\u00f3","robots":{"index":"index","follow":"follow","max-snippet":"max-snippet:-1","max-image-preview":"max-image-preview:large","max-video-preview":"max-video-preview:-1"},"canonical":"https:\/\/www.travel3.com.br\/site\/gastronomia\/gastronomia-sais-beach-living-hotel-maceio\/","og_locale":"pt_BR","og_type":"article","og_title":"Gastronomia autoral marca experi\u00eancia no Sais Beach Living Hotel em Macei\u00f3 - Travel3","og_description":"Sais Beach Living Hotel aposta em gastronomia autoral e ingredientes regionais com bistr\u00f4 do chef Wanderson Medeiros em Macei\u00f3","og_url":"https:\/\/www.travel3.com.br\/site\/gastronomia\/gastronomia-sais-beach-living-hotel-maceio\/","og_site_name":"Travel3","article_publisher":"https:\/\/www.facebook.com\/travel3media\/","article_published_time":"2026-03-11T12:28:59+00:00","article_modified_time":"2026-03-11T12:29:01+00:00","og_image":[{"width":1280,"height":853,"url":"https:\/\/www.travel3.com.br\/site\/wp-content\/uploads\/2026\/03\/Hotel-Maceio2_Easy-Resize.com_.jpg","type":"image\/jpeg"}],"author":"Reda\u00e7\u00e3o Travel3","twitter_card":"summary_large_image","twitter_misc":{"Escrito por":"Reda\u00e7\u00e3o Travel3","Est. tempo de leitura":"3 minutos"},"schema":{"@context":"https:\/\/schema.org","@graph":[{"@type":"Article","@id":"https:\/\/www.travel3.com.br\/site\/gastronomia\/gastronomia-sais-beach-living-hotel-maceio\/#article","isPartOf":{"@id":"https:\/\/www.travel3.com.br\/site\/gastronomia\/gastronomia-sais-beach-living-hotel-maceio\/"},"author":{"name":"Reda\u00e7\u00e3o Travel3","@id":"https:\/\/www.travel3.com.br\/site\/#\/schema\/person\/89251b0320bc67697de92249f97f3fdb"},"headline":"Gastronomia autoral marca experi\u00eancia no Sais Beach Living Hotel em Macei\u00f3","datePublished":"2026-03-11T12:28:59+00:00","dateModified":"2026-03-11T12:29:01+00:00","mainEntityOfPage":{"@id":"https:\/\/www.travel3.com.br\/site\/gastronomia\/gastronomia-sais-beach-living-hotel-maceio\/"},"wordCount":438,"commentCount":0,"publisher":{"@id":"https:\/\/www.travel3.com.br\/site\/#organization"},"image":{"@id":"https:\/\/www.travel3.com.br\/site\/gastronomia\/gastronomia-sais-beach-living-hotel-maceio\/#primaryimage"},"thumbnailUrl":"https:\/\/www.travel3.com.br\/site\/wp-content\/uploads\/2026\/03\/Hotel-Maceio2_Easy-Resize.com_.jpg","keywords":["dicas Macei\u00f3","gastronomia em macei\u00f3","hotel em macei\u00f3","Macei\u00f3","Paju\u00e7ara","Sais Beach Living Hotel"],"articleSection":["Gastronomia","Hotel","Hotel Nacional"],"inLanguage":"pt-BR","potentialAction":[{"@type":"CommentAction","name":"Comment","target":["https:\/\/www.travel3.com.br\/site\/gastronomia\/gastronomia-sais-beach-living-hotel-maceio\/#respond"]}]},{"@type":"WebPage","@id":"https:\/\/www.travel3.com.br\/site\/gastronomia\/gastronomia-sais-beach-living-hotel-maceio\/","url":"https:\/\/www.travel3.com.br\/site\/gastronomia\/gastronomia-sais-beach-living-hotel-maceio\/","name":"Gastronomia autoral marca experi\u00eancia no Sais Beach Living Hotel em Macei\u00f3 - Travel3","isPartOf":{"@id":"https:\/\/www.travel3.com.br\/site\/#website"},"primaryImageOfPage":{"@id":"https:\/\/www.travel3.com.br\/site\/gastronomia\/gastronomia-sais-beach-living-hotel-maceio\/#primaryimage"},"image":{"@id":"https:\/\/www.travel3.com.br\/site\/gastronomia\/gastronomia-sais-beach-living-hotel-maceio\/#primaryimage"},"thumbnailUrl":"https:\/\/www.travel3.com.br\/site\/wp-content\/uploads\/2026\/03\/Hotel-Maceio2_Easy-Resize.com_.jpg","datePublished":"2026-03-11T12:28:59+00:00","dateModified":"2026-03-11T12:29:01+00:00","description":"Sais Beach Living Hotel aposta em gastronomia autoral e ingredientes regionais com bistr\u00f4 do chef Wanderson Medeiros em Macei\u00f3","breadcrumb":{"@id":"https:\/\/www.travel3.com.br\/site\/gastronomia\/gastronomia-sais-beach-living-hotel-maceio\/#breadcrumb"},"inLanguage":"pt-BR","potentialAction":[{"@type":"ReadAction","target":["https:\/\/www.travel3.com.br\/site\/gastronomia\/gastronomia-sais-beach-living-hotel-maceio\/"]}]},{"@type":"ImageObject","inLanguage":"pt-BR","@id":"https:\/\/www.travel3.com.br\/site\/gastronomia\/gastronomia-sais-beach-living-hotel-maceio\/#primaryimage","url":"https:\/\/www.travel3.com.br\/site\/wp-content\/uploads\/2026\/03\/Hotel-Maceio2_Easy-Resize.com_.jpg","contentUrl":"https:\/\/www.travel3.com.br\/site\/wp-content\/uploads\/2026\/03\/Hotel-Maceio2_Easy-Resize.com_.jpg","width":1280,"height":853,"caption":"Arroz cremoso de camar\u00e3o do bistr\u00f4 Flor de Sal (Foto: Allerson Jesus\/Divulga\u00e7\u00e3o)"},{"@type":"BreadcrumbList","@id":"https:\/\/www.travel3.com.br\/site\/gastronomia\/gastronomia-sais-beach-living-hotel-maceio\/#breadcrumb","itemListElement":[{"@type":"ListItem","position":1,"name":"In\u00edcio","item":"https:\/\/www.travel3.com.br\/site\/"},{"@type":"ListItem","position":2,"name":"Gastronomia autoral marca experi\u00eancia no Sais Beach Living Hotel em Macei\u00f3"}]},{"@type":"WebSite","@id":"https:\/\/www.travel3.com.br\/site\/#website","url":"https:\/\/www.travel3.com.br\/site\/","name":"Travel3","description":"Lazer + Neg&oacute;cios + Aventura","publisher":{"@id":"https:\/\/www.travel3.com.br\/site\/#organization"},"potentialAction":[{"@type":"SearchAction","target":{"@type":"EntryPoint","urlTemplate":"https:\/\/www.travel3.com.br\/site\/?s={search_term_string}"},"query-input":{"@type":"PropertyValueSpecification","valueRequired":true,"valueName":"search_term_string"}}],"inLanguage":"pt-BR"},{"@type":"Organization","@id":"https:\/\/www.travel3.com.br\/site\/#organization","name":"Travel3","url":"https:\/\/www.travel3.com.br\/site\/","logo":{"@type":"ImageObject","inLanguage":"pt-BR","@id":"https:\/\/www.travel3.com.br\/site\/#\/schema\/logo\/image\/","url":"https:\/\/www.travel3.com.br\/site\/wp-content\/uploads\/2020\/01\/logo-travel3-2020.png","contentUrl":"https:\/\/www.travel3.com.br\/site\/wp-content\/uploads\/2020\/01\/logo-travel3-2020.png","width":232,"height":79,"caption":"Travel3"},"image":{"@id":"https:\/\/www.travel3.com.br\/site\/#\/schema\/logo\/image\/"},"sameAs":["https:\/\/www.facebook.com\/travel3media\/","https:\/\/www.instagram.com\/revistatravel3\/","https:\/\/www.youtube.com\/channel\/UCno7J4paGBR3VbZQzvoJ9Eg"]},{"@type":"Person","@id":"https:\/\/www.travel3.com.br\/site\/#\/schema\/person\/89251b0320bc67697de92249f97f3fdb","name":"Reda\u00e7\u00e3o Travel3","image":{"@type":"ImageObject","inLanguage":"pt-BR","@id":"https:\/\/www.travel3.com.br\/site\/#\/schema\/person\/image\/","url":"https:\/\/secure.gravatar.com\/avatar\/85a5ec2ad99b1932f671ebf50c117db6?s=96&d=mm&r=g","contentUrl":"https:\/\/secure.gravatar.com\/avatar\/85a5ec2ad99b1932f671ebf50c117db6?s=96&d=mm&r=g","caption":"Reda\u00e7\u00e3o Travel3"},"sameAs":["http:\/\/www.travel3.com.br\/"],"url":"https:\/\/www.travel3.com.br\/site\/author\/redacao\/"}]}},"_links":{"self":[{"href":"https:\/\/www.travel3.com.br\/site\/wp-json\/wp\/v2\/posts\/81180","targetHints":{"allow":["GET"]}}],"collection":[{"href":"https:\/\/www.travel3.com.br\/site\/wp-json\/wp\/v2\/posts"}],"about":[{"href":"https:\/\/www.travel3.com.br\/site\/wp-json\/wp\/v2\/types\/post"}],"author":[{"embeddable":true,"href":"https:\/\/www.travel3.com.br\/site\/wp-json\/wp\/v2\/users\/5"}],"replies":[{"embeddable":true,"href":"https:\/\/www.travel3.com.br\/site\/wp-json\/wp\/v2\/comments?post=81180"}],"version-history":[{"count":2,"href":"https:\/\/www.travel3.com.br\/site\/wp-json\/wp\/v2\/posts\/81180\/revisions"}],"predecessor-version":[{"id":81184,"href":"https:\/\/www.travel3.com.br\/site\/wp-json\/wp\/v2\/posts\/81180\/revisions\/81184"}],"wp:featuredmedia":[{"embeddable":true,"href":"https:\/\/www.travel3.com.br\/site\/wp-json\/wp\/v2\/media\/81181"}],"wp:attachment":[{"href":"https:\/\/www.travel3.com.br\/site\/wp-json\/wp\/v2\/media?parent=81180"}],"wp:term":[{"taxonomy":"category","embeddable":true,"href":"https:\/\/www.travel3.com.br\/site\/wp-json\/wp\/v2\/categories?post=81180"},{"taxonomy":"post_tag","embeddable":true,"href":"https:\/\/www.travel3.com.br\/site\/wp-json\/wp\/v2\/tags?post=81180"}],"curies":[{"name":"wp","href":"https:\/\/api.w.org\/{rel}","templated":true}]}}