{"id":81174,"date":"2026-03-11T09:14:12","date_gmt":"2026-03-11T12:14:12","guid":{"rendered":"https:\/\/www.travel3.com.br\/site\/?p=81174"},"modified":"2026-03-11T09:14:14","modified_gmt":"2026-03-11T12:14:14","slug":"garibaldi-vintage-serra-gaucha","status":"publish","type":"post","link":"https:\/\/www.travel3.com.br\/site\/destaque\/garibaldi-vintage-serra-gaucha\/","title":{"rendered":"Garibaldi Vintage volta \u00e0 Serra Ga\u00facha nesta sexta"},"content":{"rendered":"\n<h2 class=\"wp-block-heading\">Evento transforma o Centro Hist\u00f3rico da cidade em festa retr\u00f4 com m\u00fasica, carros antigos e apresenta\u00e7\u00f5es culturais<\/h2>\n\n\n\n<p>A cidade de Garibaldi, na Serra Ga\u00facha, recebe nesta sexta-feira (13) a 22\u00aa edi\u00e7\u00e3o do Garibaldi Vintage. O evento acontece a partir das 17h na Rua Buarque de Macedo, no Centro Hist\u00f3rico, e promete transformar o local em um cen\u00e1rio inspirado nas d\u00e9cadas de 1920 a 1960.<\/p>\n\n\n\n<p>A proposta do evento \u00e9 recriar a atmosfera de \u00e9poca entre casar\u00f5es hist\u00f3ricos, carros antigos e figurinos retr\u00f4. Ao longo da rua, o p\u00fablico encontra apresenta\u00e7\u00f5es musicais, performances art\u00edsticas e interven\u00e7\u00f5es culturais que ocupam diferentes espa\u00e7os do Centro Hist\u00f3rico.<\/p>\n\n\n\n<p>A programa\u00e7\u00e3o desta edi\u00e7\u00e3o inclui apresenta\u00e7\u00f5es da Banda Seekout, Banda DZ9, Jazz Cinamon e Magic Jazz, al\u00e9m das cantoras Larissa Zibetti e Marieli Oliveira. A Cariocando Escola de Dan\u00e7a tamb\u00e9m participa da programa\u00e7\u00e3o com coreografias inspiradas no per\u00edodo retr\u00f4.<\/p>\n\n\n\n<h2 class=\"wp-block-heading\">Shows itinerantes e apresenta\u00e7\u00f5es nos casar\u00f5es<\/h2>\n\n\n\n<p>Uma das caracter\u00edsticas do Garibaldi Vintage s\u00e3o os shows itinerantes e apresenta\u00e7\u00f5es realizadas nas sacadas dos casar\u00f5es hist\u00f3ricos. As interven\u00e7\u00f5es art\u00edsticas surgem ao longo da noite e ajudam a compor o clima nost\u00e1lgico do evento.<\/p>\n\n\n\n<p>Entre as atra\u00e7\u00f5es est\u00e3o os Gaiteiros Itinerantes, o Garibaldi Jazz Quarteto e performances da Cia Acto.<\/p>\n\n\n\n<p>Segundo o prefeito de Garibaldi, S\u00e9rgio Chesini, o evento se consolidou como uma das principais atra\u00e7\u00f5es culturais da cidade. A proposta tamb\u00e9m valoriza o patrim\u00f4nio hist\u00f3rico local e fortalece o turismo na regi\u00e3o.<\/p>\n\n\n\n<p>O Garibaldi Vintage \u00e9 realizado pela prefeitura municipal por meio da Secretaria de Turismo e Cultura. Para saber mais, acesse <strong><a href=\"https:\/\/www.instagram.com\/turismogaribaldi\/\" target=\"_blank\" rel=\"noreferrer noopener\">@turismogaribaldi<\/a><\/strong>.<\/p>\n","protected":false},"excerpt":{"rendered":"<p>Centro Hist\u00f3rico recebe festa retr\u00f4 com m\u00fasica e carros antigos<\/p>\n","protected":false},"author":5,"featured_media":81177,"comment_status":"open","ping_status":"open","sticky":false,"template":"","format":"standard","meta":{"footnotes":""},"categories":[226,4882],"tags":[7308,5249,7307,471,6942],"class_list":["post-81174","post","type-post","status-publish","format-standard","has-post-thumbnail","hentry","category-destaque","category-home","tag-eventos-culturais","tag-garibaldi","tag-garibaldi-vintage","tag-serra-gaucha","tag-turismo-no-rio-grande-do-sul"],"yoast_head":"<!-- This site is optimized with the Yoast SEO plugin v26.2 - https:\/\/yoast.com\/wordpress\/plugins\/seo\/ -->\n<title>Garibaldi Vintage volta \u00e0 Serra Ga\u00facha nesta sexta - Travel3<\/title>\n<meta name=\"description\" content=\"Garibaldi Vintage transforma o Centro Hist\u00f3rico de Garibaldi em festa retr\u00f4 com m\u00fasica, carros antigos e atra\u00e7\u00f5es culturais na Serra Ga\u00facha\" \/>\n<meta name=\"robots\" content=\"index, follow, max-snippet:-1, max-image-preview:large, max-video-preview:-1\" \/>\n<link rel=\"canonical\" href=\"https:\/\/www.travel3.com.br\/site\/destaque\/garibaldi-vintage-serra-gaucha\/\" \/>\n<meta property=\"og:locale\" content=\"pt_BR\" \/>\n<meta property=\"og:type\" content=\"article\" \/>\n<meta property=\"og:title\" content=\"Garibaldi Vintage volta \u00e0 Serra Ga\u00facha nesta sexta - Travel3\" \/>\n<meta property=\"og:description\" content=\"Garibaldi Vintage transforma o Centro Hist\u00f3rico de Garibaldi em festa retr\u00f4 com m\u00fasica, carros antigos e atra\u00e7\u00f5es culturais na Serra Ga\u00facha\" \/>\n<meta property=\"og:url\" content=\"https:\/\/www.travel3.com.br\/site\/destaque\/garibaldi-vintage-serra-gaucha\/\" \/>\n<meta property=\"og:site_name\" content=\"Travel3\" \/>\n<meta property=\"article:publisher\" content=\"https:\/\/www.facebook.com\/travel3media\/\" \/>\n<meta property=\"article:published_time\" content=\"2026-03-11T12:14:12+00:00\" \/>\n<meta property=\"article:modified_time\" content=\"2026-03-11T12:14:14+00:00\" \/>\n<meta property=\"og:image\" content=\"https:\/\/www.travel3.com.br\/site\/wp-content\/uploads\/2026\/03\/garibaldi_Easy-Resize.com_.jpg\" \/>\n\t<meta property=\"og:image:width\" content=\"1280\" \/>\n\t<meta property=\"og:image:height\" content=\"720\" \/>\n\t<meta property=\"og:image:type\" content=\"image\/jpeg\" \/>\n<meta name=\"author\" content=\"Reda\u00e7\u00e3o Travel3\" \/>\n<meta name=\"twitter:card\" content=\"summary_large_image\" \/>\n<meta name=\"twitter:label1\" content=\"Escrito por\" \/>\n\t<meta name=\"twitter:data1\" content=\"Reda\u00e7\u00e3o Travel3\" \/>\n\t<meta name=\"twitter:label2\" content=\"Est. tempo de leitura\" \/>\n\t<meta name=\"twitter:data2\" content=\"2 minutos\" \/>\n<script type=\"application\/ld+json\" class=\"yoast-schema-graph\">{\"@context\":\"https:\/\/schema.org\",\"@graph\":[{\"@type\":\"Article\",\"@id\":\"https:\/\/www.travel3.com.br\/site\/destaque\/garibaldi-vintage-serra-gaucha\/#article\",\"isPartOf\":{\"@id\":\"https:\/\/www.travel3.com.br\/site\/destaque\/garibaldi-vintage-serra-gaucha\/\"},\"author\":{\"name\":\"Reda\u00e7\u00e3o Travel3\",\"@id\":\"https:\/\/www.travel3.com.br\/site\/#\/schema\/person\/89251b0320bc67697de92249f97f3fdb\"},\"headline\":\"Garibaldi Vintage volta \u00e0 Serra Ga\u00facha nesta sexta\",\"datePublished\":\"2026-03-11T12:14:12+00:00\",\"dateModified\":\"2026-03-11T12:14:14+00:00\",\"mainEntityOfPage\":{\"@id\":\"https:\/\/www.travel3.com.br\/site\/destaque\/garibaldi-vintage-serra-gaucha\/\"},\"wordCount\":297,\"commentCount\":0,\"publisher\":{\"@id\":\"https:\/\/www.travel3.com.br\/site\/#organization\"},\"image\":{\"@id\":\"https:\/\/www.travel3.com.br\/site\/destaque\/garibaldi-vintage-serra-gaucha\/#primaryimage\"},\"thumbnailUrl\":\"https:\/\/www.travel3.com.br\/site\/wp-content\/uploads\/2026\/03\/garibaldi_Easy-Resize.com_.jpg\",\"keywords\":[\"eventos culturais\",\"garibaldi\",\"garibaldi vintage\",\"Serra Ga\u00facha\",\"turismo no rio grande do sul\"],\"articleSection\":[\"Destaque\",\"Home\"],\"inLanguage\":\"pt-BR\",\"potentialAction\":[{\"@type\":\"CommentAction\",\"name\":\"Comment\",\"target\":[\"https:\/\/www.travel3.com.br\/site\/destaque\/garibaldi-vintage-serra-gaucha\/#respond\"]}]},{\"@type\":\"WebPage\",\"@id\":\"https:\/\/www.travel3.com.br\/site\/destaque\/garibaldi-vintage-serra-gaucha\/\",\"url\":\"https:\/\/www.travel3.com.br\/site\/destaque\/garibaldi-vintage-serra-gaucha\/\",\"name\":\"Garibaldi Vintage volta \u00e0 Serra Ga\u00facha nesta sexta - Travel3\",\"isPartOf\":{\"@id\":\"https:\/\/www.travel3.com.br\/site\/#website\"},\"primaryImageOfPage\":{\"@id\":\"https:\/\/www.travel3.com.br\/site\/destaque\/garibaldi-vintage-serra-gaucha\/#primaryimage\"},\"image\":{\"@id\":\"https:\/\/www.travel3.com.br\/site\/destaque\/garibaldi-vintage-serra-gaucha\/#primaryimage\"},\"thumbnailUrl\":\"https:\/\/www.travel3.com.br\/site\/wp-content\/uploads\/2026\/03\/garibaldi_Easy-Resize.com_.jpg\",\"datePublished\":\"2026-03-11T12:14:12+00:00\",\"dateModified\":\"2026-03-11T12:14:14+00:00\",\"description\":\"Garibaldi Vintage transforma o Centro Hist\u00f3rico de Garibaldi em festa retr\u00f4 com m\u00fasica, carros antigos e atra\u00e7\u00f5es culturais na Serra Ga\u00facha\",\"breadcrumb\":{\"@id\":\"https:\/\/www.travel3.com.br\/site\/destaque\/garibaldi-vintage-serra-gaucha\/#breadcrumb\"},\"inLanguage\":\"pt-BR\",\"potentialAction\":[{\"@type\":\"ReadAction\",\"target\":[\"https:\/\/www.travel3.com.br\/site\/destaque\/garibaldi-vintage-serra-gaucha\/\"]}]},{\"@type\":\"ImageObject\",\"inLanguage\":\"pt-BR\",\"@id\":\"https:\/\/www.travel3.com.br\/site\/destaque\/garibaldi-vintage-serra-gaucha\/#primaryimage\",\"url\":\"https:\/\/www.travel3.com.br\/site\/wp-content\/uploads\/2026\/03\/garibaldi_Easy-Resize.com_.jpg\",\"contentUrl\":\"https:\/\/www.travel3.com.br\/site\/wp-content\/uploads\/2026\/03\/garibaldi_Easy-Resize.com_.jpg\",\"width\":1280,\"height\":720,\"caption\":\"Garibaldi Vintage\"},{\"@type\":\"BreadcrumbList\",\"@id\":\"https:\/\/www.travel3.com.br\/site\/destaque\/garibaldi-vintage-serra-gaucha\/#breadcrumb\",\"itemListElement\":[{\"@type\":\"ListItem\",\"position\":1,\"name\":\"In\u00edcio\",\"item\":\"https:\/\/www.travel3.com.br\/site\/\"},{\"@type\":\"ListItem\",\"position\":2,\"name\":\"Garibaldi Vintage volta \u00e0 Serra Ga\u00facha nesta sexta\"}]},{\"@type\":\"WebSite\",\"@id\":\"https:\/\/www.travel3.com.br\/site\/#website\",\"url\":\"https:\/\/www.travel3.com.br\/site\/\",\"name\":\"Travel3\",\"description\":\"Lazer + Neg&oacute;cios + Aventura\",\"publisher\":{\"@id\":\"https:\/\/www.travel3.com.br\/site\/#organization\"},\"potentialAction\":[{\"@type\":\"SearchAction\",\"target\":{\"@type\":\"EntryPoint\",\"urlTemplate\":\"https:\/\/www.travel3.com.br\/site\/?s={search_term_string}\"},\"query-input\":{\"@type\":\"PropertyValueSpecification\",\"valueRequired\":true,\"valueName\":\"search_term_string\"}}],\"inLanguage\":\"pt-BR\"},{\"@type\":\"Organization\",\"@id\":\"https:\/\/www.travel3.com.br\/site\/#organization\",\"name\":\"Travel3\",\"url\":\"https:\/\/www.travel3.com.br\/site\/\",\"logo\":{\"@type\":\"ImageObject\",\"inLanguage\":\"pt-BR\",\"@id\":\"https:\/\/www.travel3.com.br\/site\/#\/schema\/logo\/image\/\",\"url\":\"https:\/\/www.travel3.com.br\/site\/wp-content\/uploads\/2020\/01\/logo-travel3-2020.png\",\"contentUrl\":\"https:\/\/www.travel3.com.br\/site\/wp-content\/uploads\/2020\/01\/logo-travel3-2020.png\",\"width\":232,\"height\":79,\"caption\":\"Travel3\"},\"image\":{\"@id\":\"https:\/\/www.travel3.com.br\/site\/#\/schema\/logo\/image\/\"},\"sameAs\":[\"https:\/\/www.facebook.com\/travel3media\/\",\"https:\/\/www.instagram.com\/revistatravel3\/\",\"https:\/\/www.youtube.com\/channel\/UCno7J4paGBR3VbZQzvoJ9Eg\"]},{\"@type\":\"Person\",\"@id\":\"https:\/\/www.travel3.com.br\/site\/#\/schema\/person\/89251b0320bc67697de92249f97f3fdb\",\"name\":\"Reda\u00e7\u00e3o Travel3\",\"image\":{\"@type\":\"ImageObject\",\"inLanguage\":\"pt-BR\",\"@id\":\"https:\/\/www.travel3.com.br\/site\/#\/schema\/person\/image\/\",\"url\":\"https:\/\/secure.gravatar.com\/avatar\/85a5ec2ad99b1932f671ebf50c117db6?s=96&d=mm&r=g\",\"contentUrl\":\"https:\/\/secure.gravatar.com\/avatar\/85a5ec2ad99b1932f671ebf50c117db6?s=96&d=mm&r=g\",\"caption\":\"Reda\u00e7\u00e3o Travel3\"},\"sameAs\":[\"http:\/\/www.travel3.com.br\/\"],\"url\":\"https:\/\/www.travel3.com.br\/site\/author\/redacao\/\"}]}<\/script>\n<!-- \/ Yoast SEO plugin. -->","yoast_head_json":{"title":"Garibaldi Vintage volta \u00e0 Serra Ga\u00facha nesta sexta - Travel3","description":"Garibaldi Vintage transforma o Centro Hist\u00f3rico de Garibaldi em festa retr\u00f4 com m\u00fasica, carros antigos e atra\u00e7\u00f5es culturais na Serra Ga\u00facha","robots":{"index":"index","follow":"follow","max-snippet":"max-snippet:-1","max-image-preview":"max-image-preview:large","max-video-preview":"max-video-preview:-1"},"canonical":"https:\/\/www.travel3.com.br\/site\/destaque\/garibaldi-vintage-serra-gaucha\/","og_locale":"pt_BR","og_type":"article","og_title":"Garibaldi Vintage volta \u00e0 Serra Ga\u00facha nesta sexta - Travel3","og_description":"Garibaldi Vintage transforma o Centro Hist\u00f3rico de Garibaldi em festa retr\u00f4 com m\u00fasica, carros antigos e atra\u00e7\u00f5es culturais na Serra Ga\u00facha","og_url":"https:\/\/www.travel3.com.br\/site\/destaque\/garibaldi-vintage-serra-gaucha\/","og_site_name":"Travel3","article_publisher":"https:\/\/www.facebook.com\/travel3media\/","article_published_time":"2026-03-11T12:14:12+00:00","article_modified_time":"2026-03-11T12:14:14+00:00","og_image":[{"width":1280,"height":720,"url":"https:\/\/www.travel3.com.br\/site\/wp-content\/uploads\/2026\/03\/garibaldi_Easy-Resize.com_.jpg","type":"image\/jpeg"}],"author":"Reda\u00e7\u00e3o Travel3","twitter_card":"summary_large_image","twitter_misc":{"Escrito por":"Reda\u00e7\u00e3o Travel3","Est. tempo de leitura":"2 minutos"},"schema":{"@context":"https:\/\/schema.org","@graph":[{"@type":"Article","@id":"https:\/\/www.travel3.com.br\/site\/destaque\/garibaldi-vintage-serra-gaucha\/#article","isPartOf":{"@id":"https:\/\/www.travel3.com.br\/site\/destaque\/garibaldi-vintage-serra-gaucha\/"},"author":{"name":"Reda\u00e7\u00e3o Travel3","@id":"https:\/\/www.travel3.com.br\/site\/#\/schema\/person\/89251b0320bc67697de92249f97f3fdb"},"headline":"Garibaldi Vintage volta \u00e0 Serra Ga\u00facha nesta sexta","datePublished":"2026-03-11T12:14:12+00:00","dateModified":"2026-03-11T12:14:14+00:00","mainEntityOfPage":{"@id":"https:\/\/www.travel3.com.br\/site\/destaque\/garibaldi-vintage-serra-gaucha\/"},"wordCount":297,"commentCount":0,"publisher":{"@id":"https:\/\/www.travel3.com.br\/site\/#organization"},"image":{"@id":"https:\/\/www.travel3.com.br\/site\/destaque\/garibaldi-vintage-serra-gaucha\/#primaryimage"},"thumbnailUrl":"https:\/\/www.travel3.com.br\/site\/wp-content\/uploads\/2026\/03\/garibaldi_Easy-Resize.com_.jpg","keywords":["eventos culturais","garibaldi","garibaldi vintage","Serra Ga\u00facha","turismo no rio grande do sul"],"articleSection":["Destaque","Home"],"inLanguage":"pt-BR","potentialAction":[{"@type":"CommentAction","name":"Comment","target":["https:\/\/www.travel3.com.br\/site\/destaque\/garibaldi-vintage-serra-gaucha\/#respond"]}]},{"@type":"WebPage","@id":"https:\/\/www.travel3.com.br\/site\/destaque\/garibaldi-vintage-serra-gaucha\/","url":"https:\/\/www.travel3.com.br\/site\/destaque\/garibaldi-vintage-serra-gaucha\/","name":"Garibaldi Vintage volta \u00e0 Serra Ga\u00facha nesta sexta - Travel3","isPartOf":{"@id":"https:\/\/www.travel3.com.br\/site\/#website"},"primaryImageOfPage":{"@id":"https:\/\/www.travel3.com.br\/site\/destaque\/garibaldi-vintage-serra-gaucha\/#primaryimage"},"image":{"@id":"https:\/\/www.travel3.com.br\/site\/destaque\/garibaldi-vintage-serra-gaucha\/#primaryimage"},"thumbnailUrl":"https:\/\/www.travel3.com.br\/site\/wp-content\/uploads\/2026\/03\/garibaldi_Easy-Resize.com_.jpg","datePublished":"2026-03-11T12:14:12+00:00","dateModified":"2026-03-11T12:14:14+00:00","description":"Garibaldi Vintage transforma o Centro Hist\u00f3rico de Garibaldi em festa retr\u00f4 com m\u00fasica, carros antigos e atra\u00e7\u00f5es culturais na Serra Ga\u00facha","breadcrumb":{"@id":"https:\/\/www.travel3.com.br\/site\/destaque\/garibaldi-vintage-serra-gaucha\/#breadcrumb"},"inLanguage":"pt-BR","potentialAction":[{"@type":"ReadAction","target":["https:\/\/www.travel3.com.br\/site\/destaque\/garibaldi-vintage-serra-gaucha\/"]}]},{"@type":"ImageObject","inLanguage":"pt-BR","@id":"https:\/\/www.travel3.com.br\/site\/destaque\/garibaldi-vintage-serra-gaucha\/#primaryimage","url":"https:\/\/www.travel3.com.br\/site\/wp-content\/uploads\/2026\/03\/garibaldi_Easy-Resize.com_.jpg","contentUrl":"https:\/\/www.travel3.com.br\/site\/wp-content\/uploads\/2026\/03\/garibaldi_Easy-Resize.com_.jpg","width":1280,"height":720,"caption":"Garibaldi Vintage"},{"@type":"BreadcrumbList","@id":"https:\/\/www.travel3.com.br\/site\/destaque\/garibaldi-vintage-serra-gaucha\/#breadcrumb","itemListElement":[{"@type":"ListItem","position":1,"name":"In\u00edcio","item":"https:\/\/www.travel3.com.br\/site\/"},{"@type":"ListItem","position":2,"name":"Garibaldi Vintage volta \u00e0 Serra Ga\u00facha nesta sexta"}]},{"@type":"WebSite","@id":"https:\/\/www.travel3.com.br\/site\/#website","url":"https:\/\/www.travel3.com.br\/site\/","name":"Travel3","description":"Lazer + Neg&oacute;cios + Aventura","publisher":{"@id":"https:\/\/www.travel3.com.br\/site\/#organization"},"potentialAction":[{"@type":"SearchAction","target":{"@type":"EntryPoint","urlTemplate":"https:\/\/www.travel3.com.br\/site\/?s={search_term_string}"},"query-input":{"@type":"PropertyValueSpecification","valueRequired":true,"valueName":"search_term_string"}}],"inLanguage":"pt-BR"},{"@type":"Organization","@id":"https:\/\/www.travel3.com.br\/site\/#organization","name":"Travel3","url":"https:\/\/www.travel3.com.br\/site\/","logo":{"@type":"ImageObject","inLanguage":"pt-BR","@id":"https:\/\/www.travel3.com.br\/site\/#\/schema\/logo\/image\/","url":"https:\/\/www.travel3.com.br\/site\/wp-content\/uploads\/2020\/01\/logo-travel3-2020.png","contentUrl":"https:\/\/www.travel3.com.br\/site\/wp-content\/uploads\/2020\/01\/logo-travel3-2020.png","width":232,"height":79,"caption":"Travel3"},"image":{"@id":"https:\/\/www.travel3.com.br\/site\/#\/schema\/logo\/image\/"},"sameAs":["https:\/\/www.facebook.com\/travel3media\/","https:\/\/www.instagram.com\/revistatravel3\/","https:\/\/www.youtube.com\/channel\/UCno7J4paGBR3VbZQzvoJ9Eg"]},{"@type":"Person","@id":"https:\/\/www.travel3.com.br\/site\/#\/schema\/person\/89251b0320bc67697de92249f97f3fdb","name":"Reda\u00e7\u00e3o Travel3","image":{"@type":"ImageObject","inLanguage":"pt-BR","@id":"https:\/\/www.travel3.com.br\/site\/#\/schema\/person\/image\/","url":"https:\/\/secure.gravatar.com\/avatar\/85a5ec2ad99b1932f671ebf50c117db6?s=96&d=mm&r=g","contentUrl":"https:\/\/secure.gravatar.com\/avatar\/85a5ec2ad99b1932f671ebf50c117db6?s=96&d=mm&r=g","caption":"Reda\u00e7\u00e3o Travel3"},"sameAs":["http:\/\/www.travel3.com.br\/"],"url":"https:\/\/www.travel3.com.br\/site\/author\/redacao\/"}]}},"_links":{"self":[{"href":"https:\/\/www.travel3.com.br\/site\/wp-json\/wp\/v2\/posts\/81174","targetHints":{"allow":["GET"]}}],"collection":[{"href":"https:\/\/www.travel3.com.br\/site\/wp-json\/wp\/v2\/posts"}],"about":[{"href":"https:\/\/www.travel3.com.br\/site\/wp-json\/wp\/v2\/types\/post"}],"author":[{"embeddable":true,"href":"https:\/\/www.travel3.com.br\/site\/wp-json\/wp\/v2\/users\/5"}],"replies":[{"embeddable":true,"href":"https:\/\/www.travel3.com.br\/site\/wp-json\/wp\/v2\/comments?post=81174"}],"version-history":[{"count":3,"href":"https:\/\/www.travel3.com.br\/site\/wp-json\/wp\/v2\/posts\/81174\/revisions"}],"predecessor-version":[{"id":81179,"href":"https:\/\/www.travel3.com.br\/site\/wp-json\/wp\/v2\/posts\/81174\/revisions\/81179"}],"wp:featuredmedia":[{"embeddable":true,"href":"https:\/\/www.travel3.com.br\/site\/wp-json\/wp\/v2\/media\/81177"}],"wp:attachment":[{"href":"https:\/\/www.travel3.com.br\/site\/wp-json\/wp\/v2\/media?parent=81174"}],"wp:term":[{"taxonomy":"category","embeddable":true,"href":"https:\/\/www.travel3.com.br\/site\/wp-json\/wp\/v2\/categories?post=81174"},{"taxonomy":"post_tag","embeddable":true,"href":"https:\/\/www.travel3.com.br\/site\/wp-json\/wp\/v2\/tags?post=81174"}],"curies":[{"name":"wp","href":"https:\/\/api.w.org\/{rel}","templated":true}]}}