{"id":81168,"date":"2026-03-10T10:47:09","date_gmt":"2026-03-10T13:47:09","guid":{"rendered":"https:\/\/www.travel3.com.br\/site\/?p=81168"},"modified":"2026-03-10T10:47:12","modified_gmt":"2026-03-10T13:47:12","slug":"escola-hospitalidade-punta-cana-melia","status":"publish","type":"post","link":"https:\/\/www.travel3.com.br\/site\/acontece-no-turismo\/escola-hospitalidade-punta-cana-melia\/","title":{"rendered":"Presidente da Rep\u00fablica Dominicana inaugura escola de hospitalidade em Punta Cana"},"content":{"rendered":"\n<h2 class=\"wp-block-heading\">Centro da Meli\u00e1 Hotels International ter\u00e1 capacidade para formar at\u00e9 800 estudantes por ano no setor de turismo<\/h2>\n\n\n\n<p>O presidente da Rep\u00fablica Dominicana, <strong>Luis Abinader<\/strong>, inaugurou a Escola de Hospitalidade e Turismo Gabriel Escarrer Juli\u00e1 em Punta Cana. A cerim\u00f4nia contou com a presen\u00e7a de integrantes do governo dominicano e de <strong>Gabriel Escarrer Jaume<\/strong>, chairman e CEO da Meli\u00e1 Hotels International.<\/p>\n\n\n\n<p>O projeto resulta de uma parceria entre a rede hoteleira e o INFOTEP (Instituto Nacional de Forma\u00e7\u00e3o T\u00e9cnico-Profissional). A iniciativa busca ampliar a qualifica\u00e7\u00e3o profissional e fortalecer o setor de turismo no pa\u00eds.<\/p>\n\n\n\n<p>A escola integra uma estrat\u00e9gia conjunta para estimular a empregabilidade e elevar os padr\u00f5es de qualidade da ind\u00fastria tur\u00edstica, um dos principais motores da economia dominicana.<\/p>\n\n\n\n<h2 class=\"wp-block-heading\">Forma\u00e7\u00e3o para o setor de hotelaria<\/h2>\n\n\n\n<p>A Escola de Hospitalidade e Turismo Gabriel Escarrer Juli\u00e1 est\u00e1 em funcionamento desde o in\u00edcio do ano e conta com 11 salas de aula equipadas para atividades te\u00f3ricas e pr\u00e1ticas.<\/p>\n\n\n\n<p>O centro oferece forma\u00e7\u00e3o em \u00e1reas como recep\u00e7\u00e3o, artes culin\u00e1rias, servi\u00e7o de restaurante, bares, manuten\u00e7\u00e3o, ingl\u00eas e tecnologia da informa\u00e7\u00e3o.<\/p>\n\n\n\n<p>A estrutura tem capacidade para formar at\u00e9 800 estudantes por ano. A escola atende colaboradores da Meli\u00e1 Hotels International, familiares e moradores da prov\u00edncia de La Altagracia, ampliando o acesso \u00e0 educa\u00e7\u00e3o t\u00e9cnica e \u00e0s oportunidades de trabalho no setor de hospitalidade.<\/p>\n\n\n\n<p>Pelo acordo firmado, o INFOTEP fornece professores e parte dos equipamentos utilizados nas aulas. A Meli\u00e1 Hotels International disponibiliza as instala\u00e7\u00f5es, recursos adicionais e sua experi\u00eancia operacional.<\/p>\n\n\n\n<p>Durante a cerim\u00f4nia de inaugura\u00e7\u00e3o, Gabriel Escarrer Jaume destacou que a escola presta homenagem a Gabriel Escarrer Juli\u00e1, fundador da companhia, e refor\u00e7a o papel do turismo na gera\u00e7\u00e3o de oportunidades e no desenvolvimento das comunidades.<\/p>\n\n\n\n<p>Fundada em 1956, em Palma de Maiorca, na Espanha, a Meli\u00e1 Hotels International possui mais de 400 hot\u00e9is em opera\u00e7\u00e3o ou desenvolvimento em diferentes destinos internacionais. A iniciativa refor\u00e7a a aposta da rede na forma\u00e7\u00e3o profissional e no desenvolvimento do turismo na Rep\u00fablica Dominicana.<\/p>\n","protected":false},"excerpt":{"rendered":"<p>Centro da Meli\u00e1 ter\u00e1 capacidade para formar at\u00e9 800 estudantes por ano<\/p>\n","protected":false},"author":5,"featured_media":81169,"comment_status":"open","ping_status":"open","sticky":false,"template":"","format":"standard","meta":{"footnotes":""},"categories":[969],"tags":[7306,7305,3958,4420,1050],"class_list":["post-81168","post","type-post","status-publish","format-standard","has-post-thumbnail","hentry","category-acontece-no-turismo","tag-escola-de-hotelaria","tag-hotelaria-na-republica-dominicana","tag-melia-2","tag-melia-hotels-international","tag-republica-dominicana"],"yoast_head":"<!-- This site is optimized with the Yoast SEO plugin v26.2 - https:\/\/yoast.com\/wordpress\/plugins\/seo\/ -->\n<title>Presidente da Rep\u00fablica Dominicana inaugura escola de hospitalidade em Punta Cana - Travel3<\/title>\n<meta name=\"description\" content=\"Presidente da Rep\u00fablica Dominicana inaugura escola de hospitalidade da Meli\u00e1 em Punta Cana com forma\u00e7\u00e3o para at\u00e9 800 estudantes por ano\" \/>\n<meta name=\"robots\" content=\"index, follow, max-snippet:-1, max-image-preview:large, max-video-preview:-1\" \/>\n<link rel=\"canonical\" href=\"https:\/\/www.travel3.com.br\/site\/acontece-no-turismo\/escola-hospitalidade-punta-cana-melia\/\" \/>\n<meta property=\"og:locale\" content=\"pt_BR\" \/>\n<meta property=\"og:type\" content=\"article\" \/>\n<meta property=\"og:title\" content=\"Presidente da Rep\u00fablica Dominicana inaugura escola de hospitalidade em Punta Cana - Travel3\" \/>\n<meta property=\"og:description\" content=\"Presidente da Rep\u00fablica Dominicana inaugura escola de hospitalidade da Meli\u00e1 em Punta Cana com forma\u00e7\u00e3o para at\u00e9 800 estudantes por ano\" \/>\n<meta property=\"og:url\" content=\"https:\/\/www.travel3.com.br\/site\/acontece-no-turismo\/escola-hospitalidade-punta-cana-melia\/\" \/>\n<meta property=\"og:site_name\" content=\"Travel3\" \/>\n<meta property=\"article:publisher\" content=\"https:\/\/www.facebook.com\/travel3media\/\" \/>\n<meta property=\"article:published_time\" content=\"2026-03-10T13:47:09+00:00\" \/>\n<meta property=\"article:modified_time\" content=\"2026-03-10T13:47:12+00:00\" \/>\n<meta property=\"og:image\" content=\"https:\/\/www.travel3.com.br\/site\/wp-content\/uploads\/2026\/03\/escola-de-hospitalidade-em-Punta-Cana.jpg\" \/>\n\t<meta property=\"og:image:width\" content=\"1280\" \/>\n\t<meta property=\"og:image:height\" content=\"853\" \/>\n\t<meta property=\"og:image:type\" content=\"image\/jpeg\" \/>\n<meta name=\"author\" content=\"Reda\u00e7\u00e3o Travel3\" \/>\n<meta name=\"twitter:card\" content=\"summary_large_image\" \/>\n<meta name=\"twitter:label1\" content=\"Escrito por\" \/>\n\t<meta name=\"twitter:data1\" content=\"Reda\u00e7\u00e3o Travel3\" \/>\n\t<meta name=\"twitter:label2\" content=\"Est. tempo de leitura\" \/>\n\t<meta name=\"twitter:data2\" content=\"2 minutos\" \/>\n<script type=\"application\/ld+json\" class=\"yoast-schema-graph\">{\"@context\":\"https:\/\/schema.org\",\"@graph\":[{\"@type\":\"Article\",\"@id\":\"https:\/\/www.travel3.com.br\/site\/acontece-no-turismo\/escola-hospitalidade-punta-cana-melia\/#article\",\"isPartOf\":{\"@id\":\"https:\/\/www.travel3.com.br\/site\/acontece-no-turismo\/escola-hospitalidade-punta-cana-melia\/\"},\"author\":{\"name\":\"Reda\u00e7\u00e3o Travel3\",\"@id\":\"https:\/\/www.travel3.com.br\/site\/#\/schema\/person\/89251b0320bc67697de92249f97f3fdb\"},\"headline\":\"Presidente da Rep\u00fablica Dominicana inaugura escola de hospitalidade em Punta Cana\",\"datePublished\":\"2026-03-10T13:47:09+00:00\",\"dateModified\":\"2026-03-10T13:47:12+00:00\",\"mainEntityOfPage\":{\"@id\":\"https:\/\/www.travel3.com.br\/site\/acontece-no-turismo\/escola-hospitalidade-punta-cana-melia\/\"},\"wordCount\":367,\"commentCount\":0,\"publisher\":{\"@id\":\"https:\/\/www.travel3.com.br\/site\/#organization\"},\"image\":{\"@id\":\"https:\/\/www.travel3.com.br\/site\/acontece-no-turismo\/escola-hospitalidade-punta-cana-melia\/#primaryimage\"},\"thumbnailUrl\":\"https:\/\/www.travel3.com.br\/site\/wp-content\/uploads\/2026\/03\/escola-de-hospitalidade-em-Punta-Cana.jpg\",\"keywords\":[\"escola de hotelaria\",\"hotelaria na Rep\u00fablica Dominicana\",\"Meli\u00e1\",\"Meli\u00e1 Hotels International\",\"Rep\u00fablica Dominicana\"],\"articleSection\":[\"Acontece no Turismo\"],\"inLanguage\":\"pt-BR\",\"potentialAction\":[{\"@type\":\"CommentAction\",\"name\":\"Comment\",\"target\":[\"https:\/\/www.travel3.com.br\/site\/acontece-no-turismo\/escola-hospitalidade-punta-cana-melia\/#respond\"]}]},{\"@type\":\"WebPage\",\"@id\":\"https:\/\/www.travel3.com.br\/site\/acontece-no-turismo\/escola-hospitalidade-punta-cana-melia\/\",\"url\":\"https:\/\/www.travel3.com.br\/site\/acontece-no-turismo\/escola-hospitalidade-punta-cana-melia\/\",\"name\":\"Presidente da Rep\u00fablica Dominicana inaugura escola de hospitalidade em Punta Cana - Travel3\",\"isPartOf\":{\"@id\":\"https:\/\/www.travel3.com.br\/site\/#website\"},\"primaryImageOfPage\":{\"@id\":\"https:\/\/www.travel3.com.br\/site\/acontece-no-turismo\/escola-hospitalidade-punta-cana-melia\/#primaryimage\"},\"image\":{\"@id\":\"https:\/\/www.travel3.com.br\/site\/acontece-no-turismo\/escola-hospitalidade-punta-cana-melia\/#primaryimage\"},\"thumbnailUrl\":\"https:\/\/www.travel3.com.br\/site\/wp-content\/uploads\/2026\/03\/escola-de-hospitalidade-em-Punta-Cana.jpg\",\"datePublished\":\"2026-03-10T13:47:09+00:00\",\"dateModified\":\"2026-03-10T13:47:12+00:00\",\"description\":\"Presidente da Rep\u00fablica Dominicana inaugura escola de hospitalidade da Meli\u00e1 em Punta Cana com forma\u00e7\u00e3o para at\u00e9 800 estudantes por ano\",\"breadcrumb\":{\"@id\":\"https:\/\/www.travel3.com.br\/site\/acontece-no-turismo\/escola-hospitalidade-punta-cana-melia\/#breadcrumb\"},\"inLanguage\":\"pt-BR\",\"potentialAction\":[{\"@type\":\"ReadAction\",\"target\":[\"https:\/\/www.travel3.com.br\/site\/acontece-no-turismo\/escola-hospitalidade-punta-cana-melia\/\"]}]},{\"@type\":\"ImageObject\",\"inLanguage\":\"pt-BR\",\"@id\":\"https:\/\/www.travel3.com.br\/site\/acontece-no-turismo\/escola-hospitalidade-punta-cana-melia\/#primaryimage\",\"url\":\"https:\/\/www.travel3.com.br\/site\/wp-content\/uploads\/2026\/03\/escola-de-hospitalidade-em-Punta-Cana.jpg\",\"contentUrl\":\"https:\/\/www.travel3.com.br\/site\/wp-content\/uploads\/2026\/03\/escola-de-hospitalidade-em-Punta-Cana.jpg\",\"width\":1280,\"height\":853,\"caption\":\"Inaugura\u00e7\u00e3o da Escola de Hospitalidade Gabriel Escarrer Juli\u00e1 em Punta Cana com autoridades da Rep\u00fablica Dominicana e executivos da Meli\u00e1 (Foto: Divulga\u00e7\u00e3o)\"},{\"@type\":\"BreadcrumbList\",\"@id\":\"https:\/\/www.travel3.com.br\/site\/acontece-no-turismo\/escola-hospitalidade-punta-cana-melia\/#breadcrumb\",\"itemListElement\":[{\"@type\":\"ListItem\",\"position\":1,\"name\":\"In\u00edcio\",\"item\":\"https:\/\/www.travel3.com.br\/site\/\"},{\"@type\":\"ListItem\",\"position\":2,\"name\":\"Presidente da Rep\u00fablica Dominicana inaugura escola de hospitalidade em Punta Cana\"}]},{\"@type\":\"WebSite\",\"@id\":\"https:\/\/www.travel3.com.br\/site\/#website\",\"url\":\"https:\/\/www.travel3.com.br\/site\/\",\"name\":\"Travel3\",\"description\":\"Lazer + Neg&oacute;cios + Aventura\",\"publisher\":{\"@id\":\"https:\/\/www.travel3.com.br\/site\/#organization\"},\"potentialAction\":[{\"@type\":\"SearchAction\",\"target\":{\"@type\":\"EntryPoint\",\"urlTemplate\":\"https:\/\/www.travel3.com.br\/site\/?s={search_term_string}\"},\"query-input\":{\"@type\":\"PropertyValueSpecification\",\"valueRequired\":true,\"valueName\":\"search_term_string\"}}],\"inLanguage\":\"pt-BR\"},{\"@type\":\"Organization\",\"@id\":\"https:\/\/www.travel3.com.br\/site\/#organization\",\"name\":\"Travel3\",\"url\":\"https:\/\/www.travel3.com.br\/site\/\",\"logo\":{\"@type\":\"ImageObject\",\"inLanguage\":\"pt-BR\",\"@id\":\"https:\/\/www.travel3.com.br\/site\/#\/schema\/logo\/image\/\",\"url\":\"https:\/\/www.travel3.com.br\/site\/wp-content\/uploads\/2020\/01\/logo-travel3-2020.png\",\"contentUrl\":\"https:\/\/www.travel3.com.br\/site\/wp-content\/uploads\/2020\/01\/logo-travel3-2020.png\",\"width\":232,\"height\":79,\"caption\":\"Travel3\"},\"image\":{\"@id\":\"https:\/\/www.travel3.com.br\/site\/#\/schema\/logo\/image\/\"},\"sameAs\":[\"https:\/\/www.facebook.com\/travel3media\/\",\"https:\/\/www.instagram.com\/revistatravel3\/\",\"https:\/\/www.youtube.com\/channel\/UCno7J4paGBR3VbZQzvoJ9Eg\"]},{\"@type\":\"Person\",\"@id\":\"https:\/\/www.travel3.com.br\/site\/#\/schema\/person\/89251b0320bc67697de92249f97f3fdb\",\"name\":\"Reda\u00e7\u00e3o Travel3\",\"image\":{\"@type\":\"ImageObject\",\"inLanguage\":\"pt-BR\",\"@id\":\"https:\/\/www.travel3.com.br\/site\/#\/schema\/person\/image\/\",\"url\":\"https:\/\/secure.gravatar.com\/avatar\/85a5ec2ad99b1932f671ebf50c117db6?s=96&d=mm&r=g\",\"contentUrl\":\"https:\/\/secure.gravatar.com\/avatar\/85a5ec2ad99b1932f671ebf50c117db6?s=96&d=mm&r=g\",\"caption\":\"Reda\u00e7\u00e3o Travel3\"},\"sameAs\":[\"http:\/\/www.travel3.com.br\/\"],\"url\":\"https:\/\/www.travel3.com.br\/site\/author\/redacao\/\"}]}<\/script>\n<!-- \/ Yoast SEO plugin. -->","yoast_head_json":{"title":"Presidente da Rep\u00fablica Dominicana inaugura escola de hospitalidade em Punta Cana - Travel3","description":"Presidente da Rep\u00fablica Dominicana inaugura escola de hospitalidade da Meli\u00e1 em Punta Cana com forma\u00e7\u00e3o para at\u00e9 800 estudantes por ano","robots":{"index":"index","follow":"follow","max-snippet":"max-snippet:-1","max-image-preview":"max-image-preview:large","max-video-preview":"max-video-preview:-1"},"canonical":"https:\/\/www.travel3.com.br\/site\/acontece-no-turismo\/escola-hospitalidade-punta-cana-melia\/","og_locale":"pt_BR","og_type":"article","og_title":"Presidente da Rep\u00fablica Dominicana inaugura escola de hospitalidade em Punta Cana - Travel3","og_description":"Presidente da Rep\u00fablica Dominicana inaugura escola de hospitalidade da Meli\u00e1 em Punta Cana com forma\u00e7\u00e3o para at\u00e9 800 estudantes por ano","og_url":"https:\/\/www.travel3.com.br\/site\/acontece-no-turismo\/escola-hospitalidade-punta-cana-melia\/","og_site_name":"Travel3","article_publisher":"https:\/\/www.facebook.com\/travel3media\/","article_published_time":"2026-03-10T13:47:09+00:00","article_modified_time":"2026-03-10T13:47:12+00:00","og_image":[{"width":1280,"height":853,"url":"https:\/\/www.travel3.com.br\/site\/wp-content\/uploads\/2026\/03\/escola-de-hospitalidade-em-Punta-Cana.jpg","type":"image\/jpeg"}],"author":"Reda\u00e7\u00e3o Travel3","twitter_card":"summary_large_image","twitter_misc":{"Escrito por":"Reda\u00e7\u00e3o Travel3","Est. tempo de leitura":"2 minutos"},"schema":{"@context":"https:\/\/schema.org","@graph":[{"@type":"Article","@id":"https:\/\/www.travel3.com.br\/site\/acontece-no-turismo\/escola-hospitalidade-punta-cana-melia\/#article","isPartOf":{"@id":"https:\/\/www.travel3.com.br\/site\/acontece-no-turismo\/escola-hospitalidade-punta-cana-melia\/"},"author":{"name":"Reda\u00e7\u00e3o Travel3","@id":"https:\/\/www.travel3.com.br\/site\/#\/schema\/person\/89251b0320bc67697de92249f97f3fdb"},"headline":"Presidente da Rep\u00fablica Dominicana inaugura escola de hospitalidade em Punta Cana","datePublished":"2026-03-10T13:47:09+00:00","dateModified":"2026-03-10T13:47:12+00:00","mainEntityOfPage":{"@id":"https:\/\/www.travel3.com.br\/site\/acontece-no-turismo\/escola-hospitalidade-punta-cana-melia\/"},"wordCount":367,"commentCount":0,"publisher":{"@id":"https:\/\/www.travel3.com.br\/site\/#organization"},"image":{"@id":"https:\/\/www.travel3.com.br\/site\/acontece-no-turismo\/escola-hospitalidade-punta-cana-melia\/#primaryimage"},"thumbnailUrl":"https:\/\/www.travel3.com.br\/site\/wp-content\/uploads\/2026\/03\/escola-de-hospitalidade-em-Punta-Cana.jpg","keywords":["escola de hotelaria","hotelaria na Rep\u00fablica Dominicana","Meli\u00e1","Meli\u00e1 Hotels International","Rep\u00fablica Dominicana"],"articleSection":["Acontece no Turismo"],"inLanguage":"pt-BR","potentialAction":[{"@type":"CommentAction","name":"Comment","target":["https:\/\/www.travel3.com.br\/site\/acontece-no-turismo\/escola-hospitalidade-punta-cana-melia\/#respond"]}]},{"@type":"WebPage","@id":"https:\/\/www.travel3.com.br\/site\/acontece-no-turismo\/escola-hospitalidade-punta-cana-melia\/","url":"https:\/\/www.travel3.com.br\/site\/acontece-no-turismo\/escola-hospitalidade-punta-cana-melia\/","name":"Presidente da Rep\u00fablica Dominicana inaugura escola de hospitalidade em Punta Cana - Travel3","isPartOf":{"@id":"https:\/\/www.travel3.com.br\/site\/#website"},"primaryImageOfPage":{"@id":"https:\/\/www.travel3.com.br\/site\/acontece-no-turismo\/escola-hospitalidade-punta-cana-melia\/#primaryimage"},"image":{"@id":"https:\/\/www.travel3.com.br\/site\/acontece-no-turismo\/escola-hospitalidade-punta-cana-melia\/#primaryimage"},"thumbnailUrl":"https:\/\/www.travel3.com.br\/site\/wp-content\/uploads\/2026\/03\/escola-de-hospitalidade-em-Punta-Cana.jpg","datePublished":"2026-03-10T13:47:09+00:00","dateModified":"2026-03-10T13:47:12+00:00","description":"Presidente da Rep\u00fablica Dominicana inaugura escola de hospitalidade da Meli\u00e1 em Punta Cana com forma\u00e7\u00e3o para at\u00e9 800 estudantes por ano","breadcrumb":{"@id":"https:\/\/www.travel3.com.br\/site\/acontece-no-turismo\/escola-hospitalidade-punta-cana-melia\/#breadcrumb"},"inLanguage":"pt-BR","potentialAction":[{"@type":"ReadAction","target":["https:\/\/www.travel3.com.br\/site\/acontece-no-turismo\/escola-hospitalidade-punta-cana-melia\/"]}]},{"@type":"ImageObject","inLanguage":"pt-BR","@id":"https:\/\/www.travel3.com.br\/site\/acontece-no-turismo\/escola-hospitalidade-punta-cana-melia\/#primaryimage","url":"https:\/\/www.travel3.com.br\/site\/wp-content\/uploads\/2026\/03\/escola-de-hospitalidade-em-Punta-Cana.jpg","contentUrl":"https:\/\/www.travel3.com.br\/site\/wp-content\/uploads\/2026\/03\/escola-de-hospitalidade-em-Punta-Cana.jpg","width":1280,"height":853,"caption":"Inaugura\u00e7\u00e3o da Escola de Hospitalidade Gabriel Escarrer Juli\u00e1 em Punta Cana com autoridades da Rep\u00fablica Dominicana e executivos da Meli\u00e1 (Foto: Divulga\u00e7\u00e3o)"},{"@type":"BreadcrumbList","@id":"https:\/\/www.travel3.com.br\/site\/acontece-no-turismo\/escola-hospitalidade-punta-cana-melia\/#breadcrumb","itemListElement":[{"@type":"ListItem","position":1,"name":"In\u00edcio","item":"https:\/\/www.travel3.com.br\/site\/"},{"@type":"ListItem","position":2,"name":"Presidente da Rep\u00fablica Dominicana inaugura escola de hospitalidade em Punta Cana"}]},{"@type":"WebSite","@id":"https:\/\/www.travel3.com.br\/site\/#website","url":"https:\/\/www.travel3.com.br\/site\/","name":"Travel3","description":"Lazer + Neg&oacute;cios + Aventura","publisher":{"@id":"https:\/\/www.travel3.com.br\/site\/#organization"},"potentialAction":[{"@type":"SearchAction","target":{"@type":"EntryPoint","urlTemplate":"https:\/\/www.travel3.com.br\/site\/?s={search_term_string}"},"query-input":{"@type":"PropertyValueSpecification","valueRequired":true,"valueName":"search_term_string"}}],"inLanguage":"pt-BR"},{"@type":"Organization","@id":"https:\/\/www.travel3.com.br\/site\/#organization","name":"Travel3","url":"https:\/\/www.travel3.com.br\/site\/","logo":{"@type":"ImageObject","inLanguage":"pt-BR","@id":"https:\/\/www.travel3.com.br\/site\/#\/schema\/logo\/image\/","url":"https:\/\/www.travel3.com.br\/site\/wp-content\/uploads\/2020\/01\/logo-travel3-2020.png","contentUrl":"https:\/\/www.travel3.com.br\/site\/wp-content\/uploads\/2020\/01\/logo-travel3-2020.png","width":232,"height":79,"caption":"Travel3"},"image":{"@id":"https:\/\/www.travel3.com.br\/site\/#\/schema\/logo\/image\/"},"sameAs":["https:\/\/www.facebook.com\/travel3media\/","https:\/\/www.instagram.com\/revistatravel3\/","https:\/\/www.youtube.com\/channel\/UCno7J4paGBR3VbZQzvoJ9Eg"]},{"@type":"Person","@id":"https:\/\/www.travel3.com.br\/site\/#\/schema\/person\/89251b0320bc67697de92249f97f3fdb","name":"Reda\u00e7\u00e3o Travel3","image":{"@type":"ImageObject","inLanguage":"pt-BR","@id":"https:\/\/www.travel3.com.br\/site\/#\/schema\/person\/image\/","url":"https:\/\/secure.gravatar.com\/avatar\/85a5ec2ad99b1932f671ebf50c117db6?s=96&d=mm&r=g","contentUrl":"https:\/\/secure.gravatar.com\/avatar\/85a5ec2ad99b1932f671ebf50c117db6?s=96&d=mm&r=g","caption":"Reda\u00e7\u00e3o Travel3"},"sameAs":["http:\/\/www.travel3.com.br\/"],"url":"https:\/\/www.travel3.com.br\/site\/author\/redacao\/"}]}},"_links":{"self":[{"href":"https:\/\/www.travel3.com.br\/site\/wp-json\/wp\/v2\/posts\/81168","targetHints":{"allow":["GET"]}}],"collection":[{"href":"https:\/\/www.travel3.com.br\/site\/wp-json\/wp\/v2\/posts"}],"about":[{"href":"https:\/\/www.travel3.com.br\/site\/wp-json\/wp\/v2\/types\/post"}],"author":[{"embeddable":true,"href":"https:\/\/www.travel3.com.br\/site\/wp-json\/wp\/v2\/users\/5"}],"replies":[{"embeddable":true,"href":"https:\/\/www.travel3.com.br\/site\/wp-json\/wp\/v2\/comments?post=81168"}],"version-history":[{"count":3,"href":"https:\/\/www.travel3.com.br\/site\/wp-json\/wp\/v2\/posts\/81168\/revisions"}],"predecessor-version":[{"id":81173,"href":"https:\/\/www.travel3.com.br\/site\/wp-json\/wp\/v2\/posts\/81168\/revisions\/81173"}],"wp:featuredmedia":[{"embeddable":true,"href":"https:\/\/www.travel3.com.br\/site\/wp-json\/wp\/v2\/media\/81169"}],"wp:attachment":[{"href":"https:\/\/www.travel3.com.br\/site\/wp-json\/wp\/v2\/media?parent=81168"}],"wp:term":[{"taxonomy":"category","embeddable":true,"href":"https:\/\/www.travel3.com.br\/site\/wp-json\/wp\/v2\/categories?post=81168"},{"taxonomy":"post_tag","embeddable":true,"href":"https:\/\/www.travel3.com.br\/site\/wp-json\/wp\/v2\/tags?post=81168"}],"curies":[{"name":"wp","href":"https:\/\/api.w.org\/{rel}","templated":true}]}}