{"id":81163,"date":"2026-03-10T10:45:20","date_gmt":"2026-03-10T13:45:20","guid":{"rendered":"https:\/\/www.travel3.com.br\/site\/?p=81163"},"modified":"2026-03-10T10:45:23","modified_gmt":"2026-03-10T13:45:23","slug":"universal-orlando-campanha-nova-fase-complexo","status":"publish","type":"post","link":"https:\/\/www.travel3.com.br\/site\/acontece-no-turismo\/universal-orlando-campanha-nova-fase-complexo\/","title":{"rendered":"Universal Orlando lan\u00e7a campanha que marca nova fase do complexo"},"content":{"rendered":"\n<h2 class=\"wp-block-heading\">S\u00e9rie de v\u00eddeos apresenta experi\u00eancias e destaca expans\u00e3o do destino com quatro parques tem\u00e1ticos<\/h2>\n\n\n\n<p>O Universal Orlando Resort lan\u00e7ou a campanha publicit\u00e1ria <strong>\u201cIsso Muda Tudo\u201d<\/strong>, que estreou em 9 de mar\u00e7o no perfil brasileiro da marca no Instagram. A iniciativa apresenta a nova fase do complexo tur\u00edstico na Orlando e destaca as experi\u00eancias dispon\u00edveis para os visitantes.<\/p>\n\n\n\n<p>A campanha inclui filmes de 30 segundos exibidos em diferentes m\u00eddias digitais. As pe\u00e7as foram desenvolvidas em parceria com a ag\u00eancia criativa Lucky Generals, com participa\u00e7\u00e3o da equipe da Universal Destinations &amp; Experiences na Am\u00e9rica Latina.<\/p>\n\n\n\n<p>A s\u00e9rie re\u00fane quatro hist\u00f3rias de visitantes que vivem momentos marcantes durante a viagem ao destino. Entre os personagens est\u00e3o um irm\u00e3o mais novo que tenta provar sua maturidade ao irm\u00e3o mais velho, uma fam\u00edlia em sua primeira viagem conjunta, uma adolescente que enfrenta inseguran\u00e7as com a apar\u00eancia e um grupo de f\u00e3s que visita o complexo pela primeira vez.<\/p>\n\n\n\n<p>Cada epis\u00f3dio apresenta situa\u00e7\u00f5es em que os personagens passam a valorizar as mem\u00f3rias criadas durante a viagem e a conviv\u00eancia com amigos e familiares.<\/p>\n\n\n\n<h2 class=\"wp-block-heading\">Expans\u00e3o do destino<\/h2>\n\n\n\n<p>A campanha tamb\u00e9m destaca a expans\u00e3o recente do complexo tur\u00edstico, que re\u00fane quatro parques tem\u00e1ticos: Universal Studios Florida, Universal Islands of Adventure, Universal Volcano Bay e o novo Universal Epic Universe.<\/p>\n\n\n\n<p>O destino inclui ainda 11 hot\u00e9is e o centro de entretenimento Universal CityWalk.<\/p>\n\n\n\n<p>Segundo Alice Norsworthy, presidente global de marketing da Universal Destinations &amp; Experiences, a campanha representa um novo cap\u00edtulo para o complexo e reflete o tipo de experi\u00eancia que os visitantes encontram durante a viagem.<\/p>\n\n\n\n<p>De acordo com Juliana Pisani, diretora s\u00eanior de marketing da empresa para a Am\u00e9rica Latina, a proposta da campanha \u00e9 apresentar hist\u00f3rias que representem diferentes experi\u00eancias vividas por visitantes no destino.<\/p>\n\n\n\n<p>Para saber mais, <strong><a href=\"https:\/\/www.universalorlando.com\/\" target=\"_blank\" rel=\"noreferrer noopener\">acesse o site oficial<\/a><\/strong>.<\/p>\n","protected":false},"excerpt":{"rendered":"<p>S\u00e9rie de v\u00eddeos apresenta experi\u00eancias e destaca expans\u00e3o do destino com quatro parques tem\u00e1ticos<\/p>\n","protected":false},"author":5,"featured_media":81164,"comment_status":"open","ping_status":"open","sticky":false,"template":"","format":"standard","meta":{"footnotes":""},"categories":[969],"tags":[464,1421,7304,2222],"class_list":["post-81163","post","type-post","status-publish","format-standard","has-post-thumbnail","hentry","category-acontece-no-turismo","tag-orlando","tag-parques-tematicos","tag-parques-tematicos-em-orlando","tag-universal-orlando-resort"],"yoast_head":"<!-- This site is optimized with the Yoast SEO plugin v26.2 - https:\/\/yoast.com\/wordpress\/plugins\/seo\/ -->\n<title>Universal Orlando lan\u00e7a campanha que marca nova fase do complexo - Travel3<\/title>\n<meta name=\"description\" content=\"Universal Orlando Resort lan\u00e7a campanha \u201cIsso Muda Tudo\u201d, que destaca a nova fase do complexo e as experi\u00eancias nos parques tem\u00e1ticos\" \/>\n<meta name=\"robots\" content=\"index, follow, max-snippet:-1, max-image-preview:large, max-video-preview:-1\" \/>\n<link rel=\"canonical\" href=\"https:\/\/www.travel3.com.br\/site\/acontece-no-turismo\/universal-orlando-campanha-nova-fase-complexo\/\" \/>\n<meta property=\"og:locale\" content=\"pt_BR\" \/>\n<meta property=\"og:type\" content=\"article\" \/>\n<meta property=\"og:title\" content=\"Universal Orlando lan\u00e7a campanha que marca nova fase do complexo - Travel3\" \/>\n<meta property=\"og:description\" content=\"Universal Orlando Resort lan\u00e7a campanha \u201cIsso Muda Tudo\u201d, que destaca a nova fase do complexo e as experi\u00eancias nos parques tem\u00e1ticos\" \/>\n<meta property=\"og:url\" content=\"https:\/\/www.travel3.com.br\/site\/acontece-no-turismo\/universal-orlando-campanha-nova-fase-complexo\/\" \/>\n<meta property=\"og:site_name\" content=\"Travel3\" \/>\n<meta property=\"article:publisher\" content=\"https:\/\/www.facebook.com\/travel3media\/\" \/>\n<meta property=\"article:published_time\" content=\"2026-03-10T13:45:20+00:00\" \/>\n<meta property=\"article:modified_time\" content=\"2026-03-10T13:45:23+00:00\" \/>\n<meta property=\"og:image\" content=\"https:\/\/www.travel3.com.br\/site\/wp-content\/uploads\/2026\/03\/Universal-Orlando-Resort-campanha.jpg\" \/>\n\t<meta property=\"og:image:width\" content=\"1280\" \/>\n\t<meta property=\"og:image:height\" content=\"854\" \/>\n\t<meta property=\"og:image:type\" content=\"image\/jpeg\" \/>\n<meta name=\"author\" content=\"Reda\u00e7\u00e3o Travel3\" \/>\n<meta name=\"twitter:card\" content=\"summary_large_image\" \/>\n<meta name=\"twitter:label1\" content=\"Escrito por\" \/>\n\t<meta name=\"twitter:data1\" content=\"Reda\u00e7\u00e3o Travel3\" \/>\n\t<meta name=\"twitter:label2\" content=\"Est. tempo de leitura\" \/>\n\t<meta name=\"twitter:data2\" content=\"2 minutos\" \/>\n<script type=\"application\/ld+json\" class=\"yoast-schema-graph\">{\"@context\":\"https:\/\/schema.org\",\"@graph\":[{\"@type\":\"Article\",\"@id\":\"https:\/\/www.travel3.com.br\/site\/acontece-no-turismo\/universal-orlando-campanha-nova-fase-complexo\/#article\",\"isPartOf\":{\"@id\":\"https:\/\/www.travel3.com.br\/site\/acontece-no-turismo\/universal-orlando-campanha-nova-fase-complexo\/\"},\"author\":{\"name\":\"Reda\u00e7\u00e3o Travel3\",\"@id\":\"https:\/\/www.travel3.com.br\/site\/#\/schema\/person\/89251b0320bc67697de92249f97f3fdb\"},\"headline\":\"Universal Orlando lan\u00e7a campanha que marca nova fase do complexo\",\"datePublished\":\"2026-03-10T13:45:20+00:00\",\"dateModified\":\"2026-03-10T13:45:23+00:00\",\"mainEntityOfPage\":{\"@id\":\"https:\/\/www.travel3.com.br\/site\/acontece-no-turismo\/universal-orlando-campanha-nova-fase-complexo\/\"},\"wordCount\":346,\"commentCount\":0,\"publisher\":{\"@id\":\"https:\/\/www.travel3.com.br\/site\/#organization\"},\"image\":{\"@id\":\"https:\/\/www.travel3.com.br\/site\/acontece-no-turismo\/universal-orlando-campanha-nova-fase-complexo\/#primaryimage\"},\"thumbnailUrl\":\"https:\/\/www.travel3.com.br\/site\/wp-content\/uploads\/2026\/03\/Universal-Orlando-Resort-campanha.jpg\",\"keywords\":[\"Orlando\",\"Parques Tem\u00e1ticos\",\"parques tem\u00e1ticos em Orlando\",\"universal orlando resort\"],\"articleSection\":[\"Acontece no Turismo\"],\"inLanguage\":\"pt-BR\",\"potentialAction\":[{\"@type\":\"CommentAction\",\"name\":\"Comment\",\"target\":[\"https:\/\/www.travel3.com.br\/site\/acontece-no-turismo\/universal-orlando-campanha-nova-fase-complexo\/#respond\"]}]},{\"@type\":\"WebPage\",\"@id\":\"https:\/\/www.travel3.com.br\/site\/acontece-no-turismo\/universal-orlando-campanha-nova-fase-complexo\/\",\"url\":\"https:\/\/www.travel3.com.br\/site\/acontece-no-turismo\/universal-orlando-campanha-nova-fase-complexo\/\",\"name\":\"Universal Orlando lan\u00e7a campanha que marca nova fase do complexo - Travel3\",\"isPartOf\":{\"@id\":\"https:\/\/www.travel3.com.br\/site\/#website\"},\"primaryImageOfPage\":{\"@id\":\"https:\/\/www.travel3.com.br\/site\/acontece-no-turismo\/universal-orlando-campanha-nova-fase-complexo\/#primaryimage\"},\"image\":{\"@id\":\"https:\/\/www.travel3.com.br\/site\/acontece-no-turismo\/universal-orlando-campanha-nova-fase-complexo\/#primaryimage\"},\"thumbnailUrl\":\"https:\/\/www.travel3.com.br\/site\/wp-content\/uploads\/2026\/03\/Universal-Orlando-Resort-campanha.jpg\",\"datePublished\":\"2026-03-10T13:45:20+00:00\",\"dateModified\":\"2026-03-10T13:45:23+00:00\",\"description\":\"Universal Orlando Resort lan\u00e7a campanha \u201cIsso Muda Tudo\u201d, que destaca a nova fase do complexo e as experi\u00eancias nos parques tem\u00e1ticos\",\"breadcrumb\":{\"@id\":\"https:\/\/www.travel3.com.br\/site\/acontece-no-turismo\/universal-orlando-campanha-nova-fase-complexo\/#breadcrumb\"},\"inLanguage\":\"pt-BR\",\"potentialAction\":[{\"@type\":\"ReadAction\",\"target\":[\"https:\/\/www.travel3.com.br\/site\/acontece-no-turismo\/universal-orlando-campanha-nova-fase-complexo\/\"]}]},{\"@type\":\"ImageObject\",\"inLanguage\":\"pt-BR\",\"@id\":\"https:\/\/www.travel3.com.br\/site\/acontece-no-turismo\/universal-orlando-campanha-nova-fase-complexo\/#primaryimage\",\"url\":\"https:\/\/www.travel3.com.br\/site\/wp-content\/uploads\/2026\/03\/Universal-Orlando-Resort-campanha.jpg\",\"contentUrl\":\"https:\/\/www.travel3.com.br\/site\/wp-content\/uploads\/2026\/03\/Universal-Orlando-Resort-campanha.jpg\",\"width\":1280,\"height\":854,\"caption\":\"Foto: Divulga\u00e7\u00e3o\"},{\"@type\":\"BreadcrumbList\",\"@id\":\"https:\/\/www.travel3.com.br\/site\/acontece-no-turismo\/universal-orlando-campanha-nova-fase-complexo\/#breadcrumb\",\"itemListElement\":[{\"@type\":\"ListItem\",\"position\":1,\"name\":\"In\u00edcio\",\"item\":\"https:\/\/www.travel3.com.br\/site\/\"},{\"@type\":\"ListItem\",\"position\":2,\"name\":\"Universal Orlando lan\u00e7a campanha que marca nova fase do complexo\"}]},{\"@type\":\"WebSite\",\"@id\":\"https:\/\/www.travel3.com.br\/site\/#website\",\"url\":\"https:\/\/www.travel3.com.br\/site\/\",\"name\":\"Travel3\",\"description\":\"Lazer + Neg&oacute;cios + Aventura\",\"publisher\":{\"@id\":\"https:\/\/www.travel3.com.br\/site\/#organization\"},\"potentialAction\":[{\"@type\":\"SearchAction\",\"target\":{\"@type\":\"EntryPoint\",\"urlTemplate\":\"https:\/\/www.travel3.com.br\/site\/?s={search_term_string}\"},\"query-input\":{\"@type\":\"PropertyValueSpecification\",\"valueRequired\":true,\"valueName\":\"search_term_string\"}}],\"inLanguage\":\"pt-BR\"},{\"@type\":\"Organization\",\"@id\":\"https:\/\/www.travel3.com.br\/site\/#organization\",\"name\":\"Travel3\",\"url\":\"https:\/\/www.travel3.com.br\/site\/\",\"logo\":{\"@type\":\"ImageObject\",\"inLanguage\":\"pt-BR\",\"@id\":\"https:\/\/www.travel3.com.br\/site\/#\/schema\/logo\/image\/\",\"url\":\"https:\/\/www.travel3.com.br\/site\/wp-content\/uploads\/2020\/01\/logo-travel3-2020.png\",\"contentUrl\":\"https:\/\/www.travel3.com.br\/site\/wp-content\/uploads\/2020\/01\/logo-travel3-2020.png\",\"width\":232,\"height\":79,\"caption\":\"Travel3\"},\"image\":{\"@id\":\"https:\/\/www.travel3.com.br\/site\/#\/schema\/logo\/image\/\"},\"sameAs\":[\"https:\/\/www.facebook.com\/travel3media\/\",\"https:\/\/www.instagram.com\/revistatravel3\/\",\"https:\/\/www.youtube.com\/channel\/UCno7J4paGBR3VbZQzvoJ9Eg\"]},{\"@type\":\"Person\",\"@id\":\"https:\/\/www.travel3.com.br\/site\/#\/schema\/person\/89251b0320bc67697de92249f97f3fdb\",\"name\":\"Reda\u00e7\u00e3o Travel3\",\"image\":{\"@type\":\"ImageObject\",\"inLanguage\":\"pt-BR\",\"@id\":\"https:\/\/www.travel3.com.br\/site\/#\/schema\/person\/image\/\",\"url\":\"https:\/\/secure.gravatar.com\/avatar\/85a5ec2ad99b1932f671ebf50c117db6?s=96&d=mm&r=g\",\"contentUrl\":\"https:\/\/secure.gravatar.com\/avatar\/85a5ec2ad99b1932f671ebf50c117db6?s=96&d=mm&r=g\",\"caption\":\"Reda\u00e7\u00e3o Travel3\"},\"sameAs\":[\"http:\/\/www.travel3.com.br\/\"],\"url\":\"https:\/\/www.travel3.com.br\/site\/author\/redacao\/\"}]}<\/script>\n<!-- \/ Yoast SEO plugin. -->","yoast_head_json":{"title":"Universal Orlando lan\u00e7a campanha que marca nova fase do complexo - Travel3","description":"Universal Orlando Resort lan\u00e7a campanha \u201cIsso Muda Tudo\u201d, que destaca a nova fase do complexo e as experi\u00eancias nos parques tem\u00e1ticos","robots":{"index":"index","follow":"follow","max-snippet":"max-snippet:-1","max-image-preview":"max-image-preview:large","max-video-preview":"max-video-preview:-1"},"canonical":"https:\/\/www.travel3.com.br\/site\/acontece-no-turismo\/universal-orlando-campanha-nova-fase-complexo\/","og_locale":"pt_BR","og_type":"article","og_title":"Universal Orlando lan\u00e7a campanha que marca nova fase do complexo - Travel3","og_description":"Universal Orlando Resort lan\u00e7a campanha \u201cIsso Muda Tudo\u201d, que destaca a nova fase do complexo e as experi\u00eancias nos parques tem\u00e1ticos","og_url":"https:\/\/www.travel3.com.br\/site\/acontece-no-turismo\/universal-orlando-campanha-nova-fase-complexo\/","og_site_name":"Travel3","article_publisher":"https:\/\/www.facebook.com\/travel3media\/","article_published_time":"2026-03-10T13:45:20+00:00","article_modified_time":"2026-03-10T13:45:23+00:00","og_image":[{"width":1280,"height":854,"url":"https:\/\/www.travel3.com.br\/site\/wp-content\/uploads\/2026\/03\/Universal-Orlando-Resort-campanha.jpg","type":"image\/jpeg"}],"author":"Reda\u00e7\u00e3o Travel3","twitter_card":"summary_large_image","twitter_misc":{"Escrito por":"Reda\u00e7\u00e3o Travel3","Est. tempo de leitura":"2 minutos"},"schema":{"@context":"https:\/\/schema.org","@graph":[{"@type":"Article","@id":"https:\/\/www.travel3.com.br\/site\/acontece-no-turismo\/universal-orlando-campanha-nova-fase-complexo\/#article","isPartOf":{"@id":"https:\/\/www.travel3.com.br\/site\/acontece-no-turismo\/universal-orlando-campanha-nova-fase-complexo\/"},"author":{"name":"Reda\u00e7\u00e3o Travel3","@id":"https:\/\/www.travel3.com.br\/site\/#\/schema\/person\/89251b0320bc67697de92249f97f3fdb"},"headline":"Universal Orlando lan\u00e7a campanha que marca nova fase do complexo","datePublished":"2026-03-10T13:45:20+00:00","dateModified":"2026-03-10T13:45:23+00:00","mainEntityOfPage":{"@id":"https:\/\/www.travel3.com.br\/site\/acontece-no-turismo\/universal-orlando-campanha-nova-fase-complexo\/"},"wordCount":346,"commentCount":0,"publisher":{"@id":"https:\/\/www.travel3.com.br\/site\/#organization"},"image":{"@id":"https:\/\/www.travel3.com.br\/site\/acontece-no-turismo\/universal-orlando-campanha-nova-fase-complexo\/#primaryimage"},"thumbnailUrl":"https:\/\/www.travel3.com.br\/site\/wp-content\/uploads\/2026\/03\/Universal-Orlando-Resort-campanha.jpg","keywords":["Orlando","Parques Tem\u00e1ticos","parques tem\u00e1ticos em Orlando","universal orlando resort"],"articleSection":["Acontece no Turismo"],"inLanguage":"pt-BR","potentialAction":[{"@type":"CommentAction","name":"Comment","target":["https:\/\/www.travel3.com.br\/site\/acontece-no-turismo\/universal-orlando-campanha-nova-fase-complexo\/#respond"]}]},{"@type":"WebPage","@id":"https:\/\/www.travel3.com.br\/site\/acontece-no-turismo\/universal-orlando-campanha-nova-fase-complexo\/","url":"https:\/\/www.travel3.com.br\/site\/acontece-no-turismo\/universal-orlando-campanha-nova-fase-complexo\/","name":"Universal Orlando lan\u00e7a campanha que marca nova fase do complexo - Travel3","isPartOf":{"@id":"https:\/\/www.travel3.com.br\/site\/#website"},"primaryImageOfPage":{"@id":"https:\/\/www.travel3.com.br\/site\/acontece-no-turismo\/universal-orlando-campanha-nova-fase-complexo\/#primaryimage"},"image":{"@id":"https:\/\/www.travel3.com.br\/site\/acontece-no-turismo\/universal-orlando-campanha-nova-fase-complexo\/#primaryimage"},"thumbnailUrl":"https:\/\/www.travel3.com.br\/site\/wp-content\/uploads\/2026\/03\/Universal-Orlando-Resort-campanha.jpg","datePublished":"2026-03-10T13:45:20+00:00","dateModified":"2026-03-10T13:45:23+00:00","description":"Universal Orlando Resort lan\u00e7a campanha \u201cIsso Muda Tudo\u201d, que destaca a nova fase do complexo e as experi\u00eancias nos parques tem\u00e1ticos","breadcrumb":{"@id":"https:\/\/www.travel3.com.br\/site\/acontece-no-turismo\/universal-orlando-campanha-nova-fase-complexo\/#breadcrumb"},"inLanguage":"pt-BR","potentialAction":[{"@type":"ReadAction","target":["https:\/\/www.travel3.com.br\/site\/acontece-no-turismo\/universal-orlando-campanha-nova-fase-complexo\/"]}]},{"@type":"ImageObject","inLanguage":"pt-BR","@id":"https:\/\/www.travel3.com.br\/site\/acontece-no-turismo\/universal-orlando-campanha-nova-fase-complexo\/#primaryimage","url":"https:\/\/www.travel3.com.br\/site\/wp-content\/uploads\/2026\/03\/Universal-Orlando-Resort-campanha.jpg","contentUrl":"https:\/\/www.travel3.com.br\/site\/wp-content\/uploads\/2026\/03\/Universal-Orlando-Resort-campanha.jpg","width":1280,"height":854,"caption":"Foto: Divulga\u00e7\u00e3o"},{"@type":"BreadcrumbList","@id":"https:\/\/www.travel3.com.br\/site\/acontece-no-turismo\/universal-orlando-campanha-nova-fase-complexo\/#breadcrumb","itemListElement":[{"@type":"ListItem","position":1,"name":"In\u00edcio","item":"https:\/\/www.travel3.com.br\/site\/"},{"@type":"ListItem","position":2,"name":"Universal Orlando lan\u00e7a campanha que marca nova fase do complexo"}]},{"@type":"WebSite","@id":"https:\/\/www.travel3.com.br\/site\/#website","url":"https:\/\/www.travel3.com.br\/site\/","name":"Travel3","description":"Lazer + Neg&oacute;cios + Aventura","publisher":{"@id":"https:\/\/www.travel3.com.br\/site\/#organization"},"potentialAction":[{"@type":"SearchAction","target":{"@type":"EntryPoint","urlTemplate":"https:\/\/www.travel3.com.br\/site\/?s={search_term_string}"},"query-input":{"@type":"PropertyValueSpecification","valueRequired":true,"valueName":"search_term_string"}}],"inLanguage":"pt-BR"},{"@type":"Organization","@id":"https:\/\/www.travel3.com.br\/site\/#organization","name":"Travel3","url":"https:\/\/www.travel3.com.br\/site\/","logo":{"@type":"ImageObject","inLanguage":"pt-BR","@id":"https:\/\/www.travel3.com.br\/site\/#\/schema\/logo\/image\/","url":"https:\/\/www.travel3.com.br\/site\/wp-content\/uploads\/2020\/01\/logo-travel3-2020.png","contentUrl":"https:\/\/www.travel3.com.br\/site\/wp-content\/uploads\/2020\/01\/logo-travel3-2020.png","width":232,"height":79,"caption":"Travel3"},"image":{"@id":"https:\/\/www.travel3.com.br\/site\/#\/schema\/logo\/image\/"},"sameAs":["https:\/\/www.facebook.com\/travel3media\/","https:\/\/www.instagram.com\/revistatravel3\/","https:\/\/www.youtube.com\/channel\/UCno7J4paGBR3VbZQzvoJ9Eg"]},{"@type":"Person","@id":"https:\/\/www.travel3.com.br\/site\/#\/schema\/person\/89251b0320bc67697de92249f97f3fdb","name":"Reda\u00e7\u00e3o Travel3","image":{"@type":"ImageObject","inLanguage":"pt-BR","@id":"https:\/\/www.travel3.com.br\/site\/#\/schema\/person\/image\/","url":"https:\/\/secure.gravatar.com\/avatar\/85a5ec2ad99b1932f671ebf50c117db6?s=96&d=mm&r=g","contentUrl":"https:\/\/secure.gravatar.com\/avatar\/85a5ec2ad99b1932f671ebf50c117db6?s=96&d=mm&r=g","caption":"Reda\u00e7\u00e3o Travel3"},"sameAs":["http:\/\/www.travel3.com.br\/"],"url":"https:\/\/www.travel3.com.br\/site\/author\/redacao\/"}]}},"_links":{"self":[{"href":"https:\/\/www.travel3.com.br\/site\/wp-json\/wp\/v2\/posts\/81163","targetHints":{"allow":["GET"]}}],"collection":[{"href":"https:\/\/www.travel3.com.br\/site\/wp-json\/wp\/v2\/posts"}],"about":[{"href":"https:\/\/www.travel3.com.br\/site\/wp-json\/wp\/v2\/types\/post"}],"author":[{"embeddable":true,"href":"https:\/\/www.travel3.com.br\/site\/wp-json\/wp\/v2\/users\/5"}],"replies":[{"embeddable":true,"href":"https:\/\/www.travel3.com.br\/site\/wp-json\/wp\/v2\/comments?post=81163"}],"version-history":[{"count":2,"href":"https:\/\/www.travel3.com.br\/site\/wp-json\/wp\/v2\/posts\/81163\/revisions"}],"predecessor-version":[{"id":81166,"href":"https:\/\/www.travel3.com.br\/site\/wp-json\/wp\/v2\/posts\/81163\/revisions\/81166"}],"wp:featuredmedia":[{"embeddable":true,"href":"https:\/\/www.travel3.com.br\/site\/wp-json\/wp\/v2\/media\/81164"}],"wp:attachment":[{"href":"https:\/\/www.travel3.com.br\/site\/wp-json\/wp\/v2\/media?parent=81163"}],"wp:term":[{"taxonomy":"category","embeddable":true,"href":"https:\/\/www.travel3.com.br\/site\/wp-json\/wp\/v2\/categories?post=81163"},{"taxonomy":"post_tag","embeddable":true,"href":"https:\/\/www.travel3.com.br\/site\/wp-json\/wp\/v2\/tags?post=81163"}],"curies":[{"name":"wp","href":"https:\/\/api.w.org\/{rel}","templated":true}]}}