{"id":80392,"date":"2026-01-28T10:53:55","date_gmt":"2026-01-28T13:53:55","guid":{"rendered":"https:\/\/www.travel3.com.br\/site\/?p=80392"},"modified":"2026-01-28T10:53:57","modified_gmt":"2026-01-28T13:53:57","slug":"juma-opera-hotel-hospedagem-cultura-manaus","status":"publish","type":"post","link":"https:\/\/www.travel3.com.br\/site\/hotel\/juma-opera-hotel-hospedagem-cultura-manaus\/","title":{"rendered":"Juma \u00d3pera conecta hospedagem e cultura no centro de Manaus"},"content":{"rendered":"\n<h2 class=\"wp-block-heading\">Hotel em frente ao Teatro Amazonas prop\u00f5e viv\u00eancias ligadas \u00e0 hist\u00f3ria da cidade<\/h2>\n\n\n\n<p>Hospedar-se em frente a um dos principais cart\u00f5es-postais da Amaz\u00f4nia \u00e9 parte central da proposta do Juma \u00d3pera Hotel. Localizado diante do Teatro Amazonas, no centro hist\u00f3rico de Manaus, o hotel estrutura sua experi\u00eancia a partir da rela\u00e7\u00e3o direta com o patrim\u00f4nio, a arquitetura e a mem\u00f3ria urbana da capital amazonense.<\/p>\n\n\n\n<p>Inserido em uma das \u00e1reas mais emblem\u00e1ticas da cidade, o Juma \u00d3pera Hotel funciona como ponto de conex\u00e3o entre turismo e hist\u00f3ria local. Um dos destaques \u00e9 a Su\u00edte \u00d3pera, com vista frontal para o Teatro Amazonas, que j\u00e1 recebeu artistas nacionais e internacionais e convidados de diferentes \u00e1reas durante passagens por Manaus.<\/p>\n\n\n\n<p>Entre as experi\u00eancias oferecidas aos h\u00f3spedes est\u00e1 o Tour Hist\u00f3rico no Quadrado Cultural, passeio guiado pelo centro hist\u00f3rico da cidade. O roteiro inclui marcos do per\u00edodo da Belle \u00c9poque amaz\u00f4nica, como o Teatro Amazonas, o Pal\u00e1cio da Justi\u00e7a, o Monumento da Abertura dos Portos, a Galeria Amaz\u00f4nia e a Livraria Valer, com abordagem voltada \u00e0 evolu\u00e7\u00e3o urbana e hist\u00f3rica de Manaus.<\/p>\n\n\n\n<p>O tour tem in\u00edcio na pra\u00e7a onde o hotel est\u00e1 localizado, dura em m\u00e9dia de tr\u00eas a quatro horas e possui custo adicional aproximado de R$ 400. A opera\u00e7\u00e3o \u00e9 realizada pela empresa respons\u00e1vel pelos transfers e passeios do Juma \u00d3pera em Manaus. A atividade est\u00e1 sujeita \u00e0 disponibilidade e pode ser contratada por meio do atendimento de reservas em S\u00e3o Paulo.<\/p>\n\n\n\n<p>Inaugurado em fevereiro de 2020, o Juma \u00d3pera Hotel \u00e9 um hotel-boutique situado no centro hist\u00f3rico de Manaus. A propriedade conta com 41 acomoda\u00e7\u00f5es, parte delas com vista para o Teatro Amazonas, al\u00e9m de restaurante, bar, spa, academia, espa\u00e7os para eventos e rooftop com piscina.<\/p>\n\n\n\n<p>Ao longo do ano, o hotel tamb\u00e9m recebe eventos corporativos e sociais. Os ambientes destinados a eventos somam 320 metros quadrados e comportam at\u00e9 200 pessoas, atendendo a reuni\u00f5es, congressos, coquet\u00e9is e celebra\u00e7\u00f5es.<\/p>\n\n\n\n<p>Para saber mais, <strong><a href=\"https:\/\/jumaopera.com.br\/\" target=\"_blank\" rel=\"noreferrer noopener\">acesse o site<\/a><\/strong>.<\/p>\n","protected":false},"excerpt":{"rendered":"<p>Hotel em frente ao Teatro Amazonas prop\u00f5e viv\u00eancias ligadas \u00e0 hist\u00f3ria da cidade<\/p>\n","protected":false},"author":5,"featured_media":80393,"comment_status":"open","ping_status":"open","sticky":false,"template":"","format":"standard","meta":{"footnotes":""},"categories":[167,168],"tags":[7147,4367,550,6464],"class_list":["post-80392","post","type-post","status-publish","format-standard","has-post-thumbnail","hentry","category-hotel","category-nacional","tag-hotel-no-centro-historico","tag-juma-opera","tag-manaus","tag-turismo-cultural"],"yoast_head":"<!-- This site is optimized with the Yoast SEO plugin v26.2 - https:\/\/yoast.com\/wordpress\/plugins\/seo\/ -->\n<title>Juma \u00d3pera conecta hospedagem e cultura no centro de Manaus - Travel3<\/title>\n<meta name=\"description\" content=\"Juma \u00d3pera Hotel conecta hospedagem e cultura no centro hist\u00f3rico de Manaus, com experi\u00eancias e tour guiado pelo Quadrado Cultural\" \/>\n<meta name=\"robots\" content=\"index, follow, max-snippet:-1, max-image-preview:large, max-video-preview:-1\" \/>\n<link rel=\"canonical\" href=\"https:\/\/www.travel3.com.br\/site\/hotel\/juma-opera-hotel-hospedagem-cultura-manaus\/\" \/>\n<meta property=\"og:locale\" content=\"pt_BR\" \/>\n<meta property=\"og:type\" content=\"article\" \/>\n<meta property=\"og:title\" content=\"Juma \u00d3pera conecta hospedagem e cultura no centro de Manaus - Travel3\" \/>\n<meta property=\"og:description\" content=\"Juma \u00d3pera Hotel conecta hospedagem e cultura no centro hist\u00f3rico de Manaus, com experi\u00eancias e tour guiado pelo Quadrado Cultural\" \/>\n<meta property=\"og:url\" content=\"https:\/\/www.travel3.com.br\/site\/hotel\/juma-opera-hotel-hospedagem-cultura-manaus\/\" \/>\n<meta property=\"og:site_name\" content=\"Travel3\" \/>\n<meta property=\"article:publisher\" content=\"https:\/\/www.facebook.com\/travel3media\/\" \/>\n<meta property=\"article:published_time\" content=\"2026-01-28T13:53:55+00:00\" \/>\n<meta property=\"article:modified_time\" content=\"2026-01-28T13:53:57+00:00\" \/>\n<meta property=\"og:image\" content=\"https:\/\/www.travel3.com.br\/site\/wp-content\/uploads\/2026\/01\/Juma-opera-manaus_Easy-Resize.com_.jpg\" \/>\n\t<meta property=\"og:image:width\" content=\"1280\" \/>\n\t<meta property=\"og:image:height\" content=\"720\" \/>\n\t<meta property=\"og:image:type\" content=\"image\/jpeg\" \/>\n<meta name=\"author\" content=\"Reda\u00e7\u00e3o Travel3\" \/>\n<meta name=\"twitter:card\" content=\"summary_large_image\" \/>\n<meta name=\"twitter:label1\" content=\"Escrito por\" \/>\n\t<meta name=\"twitter:data1\" content=\"Reda\u00e7\u00e3o Travel3\" \/>\n\t<meta name=\"twitter:label2\" content=\"Est. tempo de leitura\" \/>\n\t<meta name=\"twitter:data2\" content=\"2 minutos\" \/>\n<script type=\"application\/ld+json\" class=\"yoast-schema-graph\">{\"@context\":\"https:\/\/schema.org\",\"@graph\":[{\"@type\":\"Article\",\"@id\":\"https:\/\/www.travel3.com.br\/site\/hotel\/juma-opera-hotel-hospedagem-cultura-manaus\/#article\",\"isPartOf\":{\"@id\":\"https:\/\/www.travel3.com.br\/site\/hotel\/juma-opera-hotel-hospedagem-cultura-manaus\/\"},\"author\":{\"name\":\"Reda\u00e7\u00e3o Travel3\",\"@id\":\"https:\/\/www.travel3.com.br\/site\/#\/schema\/person\/89251b0320bc67697de92249f97f3fdb\"},\"headline\":\"Juma \u00d3pera conecta hospedagem e cultura no centro de Manaus\",\"datePublished\":\"2026-01-28T13:53:55+00:00\",\"dateModified\":\"2026-01-28T13:53:57+00:00\",\"mainEntityOfPage\":{\"@id\":\"https:\/\/www.travel3.com.br\/site\/hotel\/juma-opera-hotel-hospedagem-cultura-manaus\/\"},\"wordCount\":362,\"commentCount\":0,\"publisher\":{\"@id\":\"https:\/\/www.travel3.com.br\/site\/#organization\"},\"image\":{\"@id\":\"https:\/\/www.travel3.com.br\/site\/hotel\/juma-opera-hotel-hospedagem-cultura-manaus\/#primaryimage\"},\"thumbnailUrl\":\"https:\/\/www.travel3.com.br\/site\/wp-content\/uploads\/2026\/01\/Juma-opera-manaus_Easy-Resize.com_.jpg\",\"keywords\":[\"Hotel no centro hist\u00f3rico\",\"Juma \u00d3pera\",\"Manaus\",\"turismo cultural\"],\"articleSection\":[\"Hotel\",\"Hotel Nacional\"],\"inLanguage\":\"pt-BR\",\"potentialAction\":[{\"@type\":\"CommentAction\",\"name\":\"Comment\",\"target\":[\"https:\/\/www.travel3.com.br\/site\/hotel\/juma-opera-hotel-hospedagem-cultura-manaus\/#respond\"]}]},{\"@type\":\"WebPage\",\"@id\":\"https:\/\/www.travel3.com.br\/site\/hotel\/juma-opera-hotel-hospedagem-cultura-manaus\/\",\"url\":\"https:\/\/www.travel3.com.br\/site\/hotel\/juma-opera-hotel-hospedagem-cultura-manaus\/\",\"name\":\"Juma \u00d3pera conecta hospedagem e cultura no centro de Manaus - Travel3\",\"isPartOf\":{\"@id\":\"https:\/\/www.travel3.com.br\/site\/#website\"},\"primaryImageOfPage\":{\"@id\":\"https:\/\/www.travel3.com.br\/site\/hotel\/juma-opera-hotel-hospedagem-cultura-manaus\/#primaryimage\"},\"image\":{\"@id\":\"https:\/\/www.travel3.com.br\/site\/hotel\/juma-opera-hotel-hospedagem-cultura-manaus\/#primaryimage\"},\"thumbnailUrl\":\"https:\/\/www.travel3.com.br\/site\/wp-content\/uploads\/2026\/01\/Juma-opera-manaus_Easy-Resize.com_.jpg\",\"datePublished\":\"2026-01-28T13:53:55+00:00\",\"dateModified\":\"2026-01-28T13:53:57+00:00\",\"description\":\"Juma \u00d3pera Hotel conecta hospedagem e cultura no centro hist\u00f3rico de Manaus, com experi\u00eancias e tour guiado pelo Quadrado Cultural\",\"breadcrumb\":{\"@id\":\"https:\/\/www.travel3.com.br\/site\/hotel\/juma-opera-hotel-hospedagem-cultura-manaus\/#breadcrumb\"},\"inLanguage\":\"pt-BR\",\"potentialAction\":[{\"@type\":\"ReadAction\",\"target\":[\"https:\/\/www.travel3.com.br\/site\/hotel\/juma-opera-hotel-hospedagem-cultura-manaus\/\"]}]},{\"@type\":\"ImageObject\",\"inLanguage\":\"pt-BR\",\"@id\":\"https:\/\/www.travel3.com.br\/site\/hotel\/juma-opera-hotel-hospedagem-cultura-manaus\/#primaryimage\",\"url\":\"https:\/\/www.travel3.com.br\/site\/wp-content\/uploads\/2026\/01\/Juma-opera-manaus_Easy-Resize.com_.jpg\",\"contentUrl\":\"https:\/\/www.travel3.com.br\/site\/wp-content\/uploads\/2026\/01\/Juma-opera-manaus_Easy-Resize.com_.jpg\",\"width\":1280,\"height\":720,\"caption\":\"Juma \u00d3pera Hotel une luxo, cultura e experi\u00eancias exclusivas no centro hist\u00f3rico de Manaus (Foto: Divulga\u00e7\u00e3o)\"},{\"@type\":\"BreadcrumbList\",\"@id\":\"https:\/\/www.travel3.com.br\/site\/hotel\/juma-opera-hotel-hospedagem-cultura-manaus\/#breadcrumb\",\"itemListElement\":[{\"@type\":\"ListItem\",\"position\":1,\"name\":\"In\u00edcio\",\"item\":\"https:\/\/www.travel3.com.br\/site\/\"},{\"@type\":\"ListItem\",\"position\":2,\"name\":\"Juma \u00d3pera conecta hospedagem e cultura no centro de Manaus\"}]},{\"@type\":\"WebSite\",\"@id\":\"https:\/\/www.travel3.com.br\/site\/#website\",\"url\":\"https:\/\/www.travel3.com.br\/site\/\",\"name\":\"Travel3\",\"description\":\"Lazer + Neg&oacute;cios + Aventura\",\"publisher\":{\"@id\":\"https:\/\/www.travel3.com.br\/site\/#organization\"},\"potentialAction\":[{\"@type\":\"SearchAction\",\"target\":{\"@type\":\"EntryPoint\",\"urlTemplate\":\"https:\/\/www.travel3.com.br\/site\/?s={search_term_string}\"},\"query-input\":{\"@type\":\"PropertyValueSpecification\",\"valueRequired\":true,\"valueName\":\"search_term_string\"}}],\"inLanguage\":\"pt-BR\"},{\"@type\":\"Organization\",\"@id\":\"https:\/\/www.travel3.com.br\/site\/#organization\",\"name\":\"Travel3\",\"url\":\"https:\/\/www.travel3.com.br\/site\/\",\"logo\":{\"@type\":\"ImageObject\",\"inLanguage\":\"pt-BR\",\"@id\":\"https:\/\/www.travel3.com.br\/site\/#\/schema\/logo\/image\/\",\"url\":\"https:\/\/www.travel3.com.br\/site\/wp-content\/uploads\/2020\/01\/logo-travel3-2020.png\",\"contentUrl\":\"https:\/\/www.travel3.com.br\/site\/wp-content\/uploads\/2020\/01\/logo-travel3-2020.png\",\"width\":232,\"height\":79,\"caption\":\"Travel3\"},\"image\":{\"@id\":\"https:\/\/www.travel3.com.br\/site\/#\/schema\/logo\/image\/\"},\"sameAs\":[\"https:\/\/www.facebook.com\/travel3media\/\",\"https:\/\/www.instagram.com\/revistatravel3\/\",\"https:\/\/www.youtube.com\/channel\/UCno7J4paGBR3VbZQzvoJ9Eg\"]},{\"@type\":\"Person\",\"@id\":\"https:\/\/www.travel3.com.br\/site\/#\/schema\/person\/89251b0320bc67697de92249f97f3fdb\",\"name\":\"Reda\u00e7\u00e3o Travel3\",\"image\":{\"@type\":\"ImageObject\",\"inLanguage\":\"pt-BR\",\"@id\":\"https:\/\/www.travel3.com.br\/site\/#\/schema\/person\/image\/\",\"url\":\"https:\/\/secure.gravatar.com\/avatar\/85a5ec2ad99b1932f671ebf50c117db6?s=96&d=mm&r=g\",\"contentUrl\":\"https:\/\/secure.gravatar.com\/avatar\/85a5ec2ad99b1932f671ebf50c117db6?s=96&d=mm&r=g\",\"caption\":\"Reda\u00e7\u00e3o Travel3\"},\"sameAs\":[\"http:\/\/www.travel3.com.br\/\"],\"url\":\"https:\/\/www.travel3.com.br\/site\/author\/redacao\/\"}]}<\/script>\n<!-- \/ Yoast SEO plugin. -->","yoast_head_json":{"title":"Juma \u00d3pera conecta hospedagem e cultura no centro de Manaus - Travel3","description":"Juma \u00d3pera Hotel conecta hospedagem e cultura no centro hist\u00f3rico de Manaus, com experi\u00eancias e tour guiado pelo Quadrado Cultural","robots":{"index":"index","follow":"follow","max-snippet":"max-snippet:-1","max-image-preview":"max-image-preview:large","max-video-preview":"max-video-preview:-1"},"canonical":"https:\/\/www.travel3.com.br\/site\/hotel\/juma-opera-hotel-hospedagem-cultura-manaus\/","og_locale":"pt_BR","og_type":"article","og_title":"Juma \u00d3pera conecta hospedagem e cultura no centro de Manaus - Travel3","og_description":"Juma \u00d3pera Hotel conecta hospedagem e cultura no centro hist\u00f3rico de Manaus, com experi\u00eancias e tour guiado pelo Quadrado Cultural","og_url":"https:\/\/www.travel3.com.br\/site\/hotel\/juma-opera-hotel-hospedagem-cultura-manaus\/","og_site_name":"Travel3","article_publisher":"https:\/\/www.facebook.com\/travel3media\/","article_published_time":"2026-01-28T13:53:55+00:00","article_modified_time":"2026-01-28T13:53:57+00:00","og_image":[{"width":1280,"height":720,"url":"https:\/\/www.travel3.com.br\/site\/wp-content\/uploads\/2026\/01\/Juma-opera-manaus_Easy-Resize.com_.jpg","type":"image\/jpeg"}],"author":"Reda\u00e7\u00e3o Travel3","twitter_card":"summary_large_image","twitter_misc":{"Escrito por":"Reda\u00e7\u00e3o Travel3","Est. tempo de leitura":"2 minutos"},"schema":{"@context":"https:\/\/schema.org","@graph":[{"@type":"Article","@id":"https:\/\/www.travel3.com.br\/site\/hotel\/juma-opera-hotel-hospedagem-cultura-manaus\/#article","isPartOf":{"@id":"https:\/\/www.travel3.com.br\/site\/hotel\/juma-opera-hotel-hospedagem-cultura-manaus\/"},"author":{"name":"Reda\u00e7\u00e3o Travel3","@id":"https:\/\/www.travel3.com.br\/site\/#\/schema\/person\/89251b0320bc67697de92249f97f3fdb"},"headline":"Juma \u00d3pera conecta hospedagem e cultura no centro de Manaus","datePublished":"2026-01-28T13:53:55+00:00","dateModified":"2026-01-28T13:53:57+00:00","mainEntityOfPage":{"@id":"https:\/\/www.travel3.com.br\/site\/hotel\/juma-opera-hotel-hospedagem-cultura-manaus\/"},"wordCount":362,"commentCount":0,"publisher":{"@id":"https:\/\/www.travel3.com.br\/site\/#organization"},"image":{"@id":"https:\/\/www.travel3.com.br\/site\/hotel\/juma-opera-hotel-hospedagem-cultura-manaus\/#primaryimage"},"thumbnailUrl":"https:\/\/www.travel3.com.br\/site\/wp-content\/uploads\/2026\/01\/Juma-opera-manaus_Easy-Resize.com_.jpg","keywords":["Hotel no centro hist\u00f3rico","Juma \u00d3pera","Manaus","turismo cultural"],"articleSection":["Hotel","Hotel Nacional"],"inLanguage":"pt-BR","potentialAction":[{"@type":"CommentAction","name":"Comment","target":["https:\/\/www.travel3.com.br\/site\/hotel\/juma-opera-hotel-hospedagem-cultura-manaus\/#respond"]}]},{"@type":"WebPage","@id":"https:\/\/www.travel3.com.br\/site\/hotel\/juma-opera-hotel-hospedagem-cultura-manaus\/","url":"https:\/\/www.travel3.com.br\/site\/hotel\/juma-opera-hotel-hospedagem-cultura-manaus\/","name":"Juma \u00d3pera conecta hospedagem e cultura no centro de Manaus - Travel3","isPartOf":{"@id":"https:\/\/www.travel3.com.br\/site\/#website"},"primaryImageOfPage":{"@id":"https:\/\/www.travel3.com.br\/site\/hotel\/juma-opera-hotel-hospedagem-cultura-manaus\/#primaryimage"},"image":{"@id":"https:\/\/www.travel3.com.br\/site\/hotel\/juma-opera-hotel-hospedagem-cultura-manaus\/#primaryimage"},"thumbnailUrl":"https:\/\/www.travel3.com.br\/site\/wp-content\/uploads\/2026\/01\/Juma-opera-manaus_Easy-Resize.com_.jpg","datePublished":"2026-01-28T13:53:55+00:00","dateModified":"2026-01-28T13:53:57+00:00","description":"Juma \u00d3pera Hotel conecta hospedagem e cultura no centro hist\u00f3rico de Manaus, com experi\u00eancias e tour guiado pelo Quadrado Cultural","breadcrumb":{"@id":"https:\/\/www.travel3.com.br\/site\/hotel\/juma-opera-hotel-hospedagem-cultura-manaus\/#breadcrumb"},"inLanguage":"pt-BR","potentialAction":[{"@type":"ReadAction","target":["https:\/\/www.travel3.com.br\/site\/hotel\/juma-opera-hotel-hospedagem-cultura-manaus\/"]}]},{"@type":"ImageObject","inLanguage":"pt-BR","@id":"https:\/\/www.travel3.com.br\/site\/hotel\/juma-opera-hotel-hospedagem-cultura-manaus\/#primaryimage","url":"https:\/\/www.travel3.com.br\/site\/wp-content\/uploads\/2026\/01\/Juma-opera-manaus_Easy-Resize.com_.jpg","contentUrl":"https:\/\/www.travel3.com.br\/site\/wp-content\/uploads\/2026\/01\/Juma-opera-manaus_Easy-Resize.com_.jpg","width":1280,"height":720,"caption":"Juma \u00d3pera Hotel une luxo, cultura e experi\u00eancias exclusivas no centro hist\u00f3rico de Manaus (Foto: Divulga\u00e7\u00e3o)"},{"@type":"BreadcrumbList","@id":"https:\/\/www.travel3.com.br\/site\/hotel\/juma-opera-hotel-hospedagem-cultura-manaus\/#breadcrumb","itemListElement":[{"@type":"ListItem","position":1,"name":"In\u00edcio","item":"https:\/\/www.travel3.com.br\/site\/"},{"@type":"ListItem","position":2,"name":"Juma \u00d3pera conecta hospedagem e cultura no centro de Manaus"}]},{"@type":"WebSite","@id":"https:\/\/www.travel3.com.br\/site\/#website","url":"https:\/\/www.travel3.com.br\/site\/","name":"Travel3","description":"Lazer + Neg&oacute;cios + Aventura","publisher":{"@id":"https:\/\/www.travel3.com.br\/site\/#organization"},"potentialAction":[{"@type":"SearchAction","target":{"@type":"EntryPoint","urlTemplate":"https:\/\/www.travel3.com.br\/site\/?s={search_term_string}"},"query-input":{"@type":"PropertyValueSpecification","valueRequired":true,"valueName":"search_term_string"}}],"inLanguage":"pt-BR"},{"@type":"Organization","@id":"https:\/\/www.travel3.com.br\/site\/#organization","name":"Travel3","url":"https:\/\/www.travel3.com.br\/site\/","logo":{"@type":"ImageObject","inLanguage":"pt-BR","@id":"https:\/\/www.travel3.com.br\/site\/#\/schema\/logo\/image\/","url":"https:\/\/www.travel3.com.br\/site\/wp-content\/uploads\/2020\/01\/logo-travel3-2020.png","contentUrl":"https:\/\/www.travel3.com.br\/site\/wp-content\/uploads\/2020\/01\/logo-travel3-2020.png","width":232,"height":79,"caption":"Travel3"},"image":{"@id":"https:\/\/www.travel3.com.br\/site\/#\/schema\/logo\/image\/"},"sameAs":["https:\/\/www.facebook.com\/travel3media\/","https:\/\/www.instagram.com\/revistatravel3\/","https:\/\/www.youtube.com\/channel\/UCno7J4paGBR3VbZQzvoJ9Eg"]},{"@type":"Person","@id":"https:\/\/www.travel3.com.br\/site\/#\/schema\/person\/89251b0320bc67697de92249f97f3fdb","name":"Reda\u00e7\u00e3o Travel3","image":{"@type":"ImageObject","inLanguage":"pt-BR","@id":"https:\/\/www.travel3.com.br\/site\/#\/schema\/person\/image\/","url":"https:\/\/secure.gravatar.com\/avatar\/85a5ec2ad99b1932f671ebf50c117db6?s=96&d=mm&r=g","contentUrl":"https:\/\/secure.gravatar.com\/avatar\/85a5ec2ad99b1932f671ebf50c117db6?s=96&d=mm&r=g","caption":"Reda\u00e7\u00e3o Travel3"},"sameAs":["http:\/\/www.travel3.com.br\/"],"url":"https:\/\/www.travel3.com.br\/site\/author\/redacao\/"}]}},"_links":{"self":[{"href":"https:\/\/www.travel3.com.br\/site\/wp-json\/wp\/v2\/posts\/80392","targetHints":{"allow":["GET"]}}],"collection":[{"href":"https:\/\/www.travel3.com.br\/site\/wp-json\/wp\/v2\/posts"}],"about":[{"href":"https:\/\/www.travel3.com.br\/site\/wp-json\/wp\/v2\/types\/post"}],"author":[{"embeddable":true,"href":"https:\/\/www.travel3.com.br\/site\/wp-json\/wp\/v2\/users\/5"}],"replies":[{"embeddable":true,"href":"https:\/\/www.travel3.com.br\/site\/wp-json\/wp\/v2\/comments?post=80392"}],"version-history":[{"count":2,"href":"https:\/\/www.travel3.com.br\/site\/wp-json\/wp\/v2\/posts\/80392\/revisions"}],"predecessor-version":[{"id":80396,"href":"https:\/\/www.travel3.com.br\/site\/wp-json\/wp\/v2\/posts\/80392\/revisions\/80396"}],"wp:featuredmedia":[{"embeddable":true,"href":"https:\/\/www.travel3.com.br\/site\/wp-json\/wp\/v2\/media\/80393"}],"wp:attachment":[{"href":"https:\/\/www.travel3.com.br\/site\/wp-json\/wp\/v2\/media?parent=80392"}],"wp:term":[{"taxonomy":"category","embeddable":true,"href":"https:\/\/www.travel3.com.br\/site\/wp-json\/wp\/v2\/categories?post=80392"},{"taxonomy":"post_tag","embeddable":true,"href":"https:\/\/www.travel3.com.br\/site\/wp-json\/wp\/v2\/tags?post=80392"}],"curies":[{"name":"wp","href":"https:\/\/api.w.org\/{rel}","templated":true}]}}