{"id":80389,"date":"2026-01-27T15:00:00","date_gmt":"2026-01-27T18:00:00","guid":{"rendered":"https:\/\/www.travel3.com.br\/site\/?p=80389"},"modified":"2026-01-27T19:53:06","modified_gmt":"2026-01-27T22:53:06","slug":"azul-amplia-voos-campinas-maceio","status":"publish","type":"post","link":"https:\/\/www.travel3.com.br\/site\/ir-e-vir\/azul-amplia-voos-campinas-maceio\/","title":{"rendered":"Azul amplia frequ\u00eancia de voos entre Campinas e Macei\u00f3"},"content":{"rendered":"\n<h2 class=\"wp-block-heading\">Companhia adiciona 12 voos semanais a partir de abril e fortalece a conectividade do Nordeste<\/h2>\n\n\n\n<p>A <strong><a href=\"https:\/\/www.voeazul.com.br\/home\/br\/pt\/home\" target=\"_blank\" rel=\"noreferrer noopener\">Azul<\/a><\/strong> amplia a frequ\u00eancia de voos entre Campinas (Viracopos) e Macei\u00f3 a partir de 1\u00ba de abril, com a inclus\u00e3o de 12 opera\u00e7\u00f5es semanais nos dois sentidos. A medida adiciona 1.632 assentos por semana \u00e0 rota e refor\u00e7a a conectividade entre o Sudeste e o Nordeste.<\/p>\n\n\n\n<p>Os novos voos partem de Campinas \u00e0s 23h15 \u00e0s segundas, ter\u00e7as, quartas, quintas, sextas-feiras e domingos, com chegada em Macei\u00f3 \u00e0s 2h. No sentido inverso, as decolagens ocorrem \u00e0s 2h40 \u00e0s segundas, ter\u00e7as, quartas, quintas, sextas-feiras e s\u00e1bados, com pouso em Viracopos previsto para as 5h25.<\/p>\n\n\n\n<p>As opera\u00e7\u00f5es utilizam aeronaves Embraer E2, com capacidade para 136 passageiros. O novo hor\u00e1rio amplia as possibilidades de conex\u00e3o em Viracopos, principal hub da companhia, com acesso facilitado a destinos nacionais e internacionais.<\/p>\n\n\n\n<p>Atualmente, a Azul opera cerca de 88 voos mensais entre Campinas e Macei\u00f3, com m\u00e9dia de dois voos di\u00e1rios durante a semana e seis opera\u00e7\u00f5es aos finais de semana, em ambos os sentidos. A rota oferece aproximadamente 14,9 mil assentos por m\u00eas.<\/p>\n\n\n\n<p>A amplia\u00e7\u00e3o da malha atende \u00e0 demanda crescente por viagens ao Nordeste e refor\u00e7a a relev\u00e2ncia estrat\u00e9gica de Macei\u00f3 na rede da companhia, tanto para o turismo de lazer quanto para o deslocamento corporativo.<\/p>\n\n\n\n<p>Segundo a Azul, o aumento da frequ\u00eancia fortalece o papel de Viracopos como centro de distribui\u00e7\u00e3o de voos e contribui para a integra\u00e7\u00e3o de Macei\u00f3 \u00e0 malha a\u00e9rea nacional e internacional.<\/p>\n","protected":false},"excerpt":{"rendered":"<p>Companhia fortalece a conectividade do Nordeste<\/p>\n","protected":false},"author":5,"featured_media":76038,"comment_status":"open","ping_status":"open","sticky":false,"template":"","format":"standard","meta":{"footnotes":""},"categories":[309,8],"tags":[4101,2503,7146,7144,7143],"class_list":["post-80389","post","type-post","status-publish","format-standard","has-post-thumbnail","hentry","category-ar","category-ir-e-vir","tag-azul","tag-azul-linhas-aereas","tag-turismo-em-alagoas","tag-turismo-no-nordeste","tag-voos-campinas-maceio"],"yoast_head":"<!-- This site is optimized with the Yoast SEO plugin v26.2 - https:\/\/yoast.com\/wordpress\/plugins\/seo\/ -->\n<title>Azul amplia frequ\u00eancia de voos entre Campinas e Macei\u00f3 - Travel3<\/title>\n<meta name=\"description\" content=\"Azul amplia frequ\u00eancia de voos entre Campinas e Macei\u00f3 a partir de abril, com 12 novas opera\u00e7\u00f5es semanais entre as duas cidades\" \/>\n<meta name=\"robots\" content=\"index, follow, max-snippet:-1, max-image-preview:large, max-video-preview:-1\" \/>\n<link rel=\"canonical\" href=\"https:\/\/www.travel3.com.br\/site\/ir-e-vir\/azul-amplia-voos-campinas-maceio\/\" \/>\n<meta property=\"og:locale\" content=\"pt_BR\" \/>\n<meta property=\"og:type\" content=\"article\" \/>\n<meta property=\"og:title\" content=\"Azul amplia frequ\u00eancia de voos entre Campinas e Macei\u00f3 - Travel3\" \/>\n<meta property=\"og:description\" content=\"Azul amplia frequ\u00eancia de voos entre Campinas e Macei\u00f3 a partir de abril, com 12 novas opera\u00e7\u00f5es semanais entre as duas cidades\" \/>\n<meta property=\"og:url\" content=\"https:\/\/www.travel3.com.br\/site\/ir-e-vir\/azul-amplia-voos-campinas-maceio\/\" \/>\n<meta property=\"og:site_name\" content=\"Travel3\" \/>\n<meta property=\"article:publisher\" content=\"https:\/\/www.facebook.com\/travel3media\/\" \/>\n<meta property=\"article:published_time\" content=\"2026-01-27T18:00:00+00:00\" \/>\n<meta property=\"article:modified_time\" content=\"2026-01-27T22:53:06+00:00\" \/>\n<meta property=\"og:image\" content=\"https:\/\/www.travel3.com.br\/site\/wp-content\/uploads\/2025\/04\/AZUL-A330-200-POUSO-VCP-CAUDA_Easy-Resize.com_-e1673727040195.jpg\" \/>\n\t<meta property=\"og:image:width\" content=\"1280\" \/>\n\t<meta property=\"og:image:height\" content=\"614\" \/>\n\t<meta property=\"og:image:type\" content=\"image\/jpeg\" \/>\n<meta name=\"author\" content=\"Reda\u00e7\u00e3o Travel3\" \/>\n<meta name=\"twitter:card\" content=\"summary_large_image\" \/>\n<meta name=\"twitter:label1\" content=\"Escrito por\" \/>\n\t<meta name=\"twitter:data1\" content=\"Reda\u00e7\u00e3o Travel3\" \/>\n\t<meta name=\"twitter:label2\" content=\"Est. tempo de leitura\" \/>\n\t<meta name=\"twitter:data2\" content=\"2 minutos\" \/>\n<script type=\"application\/ld+json\" class=\"yoast-schema-graph\">{\"@context\":\"https:\/\/schema.org\",\"@graph\":[{\"@type\":\"Article\",\"@id\":\"https:\/\/www.travel3.com.br\/site\/ir-e-vir\/azul-amplia-voos-campinas-maceio\/#article\",\"isPartOf\":{\"@id\":\"https:\/\/www.travel3.com.br\/site\/ir-e-vir\/azul-amplia-voos-campinas-maceio\/\"},\"author\":{\"name\":\"Reda\u00e7\u00e3o Travel3\",\"@id\":\"https:\/\/www.travel3.com.br\/site\/#\/schema\/person\/89251b0320bc67697de92249f97f3fdb\"},\"headline\":\"Azul amplia frequ\u00eancia de voos entre Campinas e Macei\u00f3\",\"datePublished\":\"2026-01-27T18:00:00+00:00\",\"dateModified\":\"2026-01-27T22:53:06+00:00\",\"mainEntityOfPage\":{\"@id\":\"https:\/\/www.travel3.com.br\/site\/ir-e-vir\/azul-amplia-voos-campinas-maceio\/\"},\"wordCount\":270,\"commentCount\":0,\"publisher\":{\"@id\":\"https:\/\/www.travel3.com.br\/site\/#organization\"},\"image\":{\"@id\":\"https:\/\/www.travel3.com.br\/site\/ir-e-vir\/azul-amplia-voos-campinas-maceio\/#primaryimage\"},\"thumbnailUrl\":\"https:\/\/www.travel3.com.br\/site\/wp-content\/uploads\/2025\/04\/AZUL-A330-200-POUSO-VCP-CAUDA_Easy-Resize.com_-e1673727040195.jpg\",\"keywords\":[\"Azul\",\"azul linhas a\u00e9reas\",\"Turismo em alagoas\",\"turismo no nordeste\",\"Voos Campinas Macei\u00f3\"],\"articleSection\":[\"Ar\",\"Ir e Vir\"],\"inLanguage\":\"pt-BR\",\"potentialAction\":[{\"@type\":\"CommentAction\",\"name\":\"Comment\",\"target\":[\"https:\/\/www.travel3.com.br\/site\/ir-e-vir\/azul-amplia-voos-campinas-maceio\/#respond\"]}]},{\"@type\":\"WebPage\",\"@id\":\"https:\/\/www.travel3.com.br\/site\/ir-e-vir\/azul-amplia-voos-campinas-maceio\/\",\"url\":\"https:\/\/www.travel3.com.br\/site\/ir-e-vir\/azul-amplia-voos-campinas-maceio\/\",\"name\":\"Azul amplia frequ\u00eancia de voos entre Campinas e Macei\u00f3 - Travel3\",\"isPartOf\":{\"@id\":\"https:\/\/www.travel3.com.br\/site\/#website\"},\"primaryImageOfPage\":{\"@id\":\"https:\/\/www.travel3.com.br\/site\/ir-e-vir\/azul-amplia-voos-campinas-maceio\/#primaryimage\"},\"image\":{\"@id\":\"https:\/\/www.travel3.com.br\/site\/ir-e-vir\/azul-amplia-voos-campinas-maceio\/#primaryimage\"},\"thumbnailUrl\":\"https:\/\/www.travel3.com.br\/site\/wp-content\/uploads\/2025\/04\/AZUL-A330-200-POUSO-VCP-CAUDA_Easy-Resize.com_-e1673727040195.jpg\",\"datePublished\":\"2026-01-27T18:00:00+00:00\",\"dateModified\":\"2026-01-27T22:53:06+00:00\",\"description\":\"Azul amplia frequ\u00eancia de voos entre Campinas e Macei\u00f3 a partir de abril, com 12 novas opera\u00e7\u00f5es semanais entre as duas cidades\",\"breadcrumb\":{\"@id\":\"https:\/\/www.travel3.com.br\/site\/ir-e-vir\/azul-amplia-voos-campinas-maceio\/#breadcrumb\"},\"inLanguage\":\"pt-BR\",\"potentialAction\":[{\"@type\":\"ReadAction\",\"target\":[\"https:\/\/www.travel3.com.br\/site\/ir-e-vir\/azul-amplia-voos-campinas-maceio\/\"]}]},{\"@type\":\"ImageObject\",\"inLanguage\":\"pt-BR\",\"@id\":\"https:\/\/www.travel3.com.br\/site\/ir-e-vir\/azul-amplia-voos-campinas-maceio\/#primaryimage\",\"url\":\"https:\/\/www.travel3.com.br\/site\/wp-content\/uploads\/2025\/04\/AZUL-A330-200-POUSO-VCP-CAUDA_Easy-Resize.com_-e1673727040195.jpg\",\"contentUrl\":\"https:\/\/www.travel3.com.br\/site\/wp-content\/uploads\/2025\/04\/AZUL-A330-200-POUSO-VCP-CAUDA_Easy-Resize.com_-e1673727040195.jpg\",\"width\":1280,\"height\":614,\"caption\":\"Foto: Divulga\u00e7\u00e3o\"},{\"@type\":\"BreadcrumbList\",\"@id\":\"https:\/\/www.travel3.com.br\/site\/ir-e-vir\/azul-amplia-voos-campinas-maceio\/#breadcrumb\",\"itemListElement\":[{\"@type\":\"ListItem\",\"position\":1,\"name\":\"In\u00edcio\",\"item\":\"https:\/\/www.travel3.com.br\/site\/\"},{\"@type\":\"ListItem\",\"position\":2,\"name\":\"Azul amplia frequ\u00eancia de voos entre Campinas e Macei\u00f3\"}]},{\"@type\":\"WebSite\",\"@id\":\"https:\/\/www.travel3.com.br\/site\/#website\",\"url\":\"https:\/\/www.travel3.com.br\/site\/\",\"name\":\"Travel3\",\"description\":\"Lazer + Neg&oacute;cios + Aventura\",\"publisher\":{\"@id\":\"https:\/\/www.travel3.com.br\/site\/#organization\"},\"potentialAction\":[{\"@type\":\"SearchAction\",\"target\":{\"@type\":\"EntryPoint\",\"urlTemplate\":\"https:\/\/www.travel3.com.br\/site\/?s={search_term_string}\"},\"query-input\":{\"@type\":\"PropertyValueSpecification\",\"valueRequired\":true,\"valueName\":\"search_term_string\"}}],\"inLanguage\":\"pt-BR\"},{\"@type\":\"Organization\",\"@id\":\"https:\/\/www.travel3.com.br\/site\/#organization\",\"name\":\"Travel3\",\"url\":\"https:\/\/www.travel3.com.br\/site\/\",\"logo\":{\"@type\":\"ImageObject\",\"inLanguage\":\"pt-BR\",\"@id\":\"https:\/\/www.travel3.com.br\/site\/#\/schema\/logo\/image\/\",\"url\":\"https:\/\/www.travel3.com.br\/site\/wp-content\/uploads\/2020\/01\/logo-travel3-2020.png\",\"contentUrl\":\"https:\/\/www.travel3.com.br\/site\/wp-content\/uploads\/2020\/01\/logo-travel3-2020.png\",\"width\":232,\"height\":79,\"caption\":\"Travel3\"},\"image\":{\"@id\":\"https:\/\/www.travel3.com.br\/site\/#\/schema\/logo\/image\/\"},\"sameAs\":[\"https:\/\/www.facebook.com\/travel3media\/\",\"https:\/\/www.instagram.com\/revistatravel3\/\",\"https:\/\/www.youtube.com\/channel\/UCno7J4paGBR3VbZQzvoJ9Eg\"]},{\"@type\":\"Person\",\"@id\":\"https:\/\/www.travel3.com.br\/site\/#\/schema\/person\/89251b0320bc67697de92249f97f3fdb\",\"name\":\"Reda\u00e7\u00e3o Travel3\",\"image\":{\"@type\":\"ImageObject\",\"inLanguage\":\"pt-BR\",\"@id\":\"https:\/\/www.travel3.com.br\/site\/#\/schema\/person\/image\/\",\"url\":\"https:\/\/secure.gravatar.com\/avatar\/85a5ec2ad99b1932f671ebf50c117db6?s=96&d=mm&r=g\",\"contentUrl\":\"https:\/\/secure.gravatar.com\/avatar\/85a5ec2ad99b1932f671ebf50c117db6?s=96&d=mm&r=g\",\"caption\":\"Reda\u00e7\u00e3o Travel3\"},\"sameAs\":[\"http:\/\/www.travel3.com.br\/\"],\"url\":\"https:\/\/www.travel3.com.br\/site\/author\/redacao\/\"}]}<\/script>\n<!-- \/ Yoast SEO plugin. -->","yoast_head_json":{"title":"Azul amplia frequ\u00eancia de voos entre Campinas e Macei\u00f3 - Travel3","description":"Azul amplia frequ\u00eancia de voos entre Campinas e Macei\u00f3 a partir de abril, com 12 novas opera\u00e7\u00f5es semanais entre as duas cidades","robots":{"index":"index","follow":"follow","max-snippet":"max-snippet:-1","max-image-preview":"max-image-preview:large","max-video-preview":"max-video-preview:-1"},"canonical":"https:\/\/www.travel3.com.br\/site\/ir-e-vir\/azul-amplia-voos-campinas-maceio\/","og_locale":"pt_BR","og_type":"article","og_title":"Azul amplia frequ\u00eancia de voos entre Campinas e Macei\u00f3 - Travel3","og_description":"Azul amplia frequ\u00eancia de voos entre Campinas e Macei\u00f3 a partir de abril, com 12 novas opera\u00e7\u00f5es semanais entre as duas cidades","og_url":"https:\/\/www.travel3.com.br\/site\/ir-e-vir\/azul-amplia-voos-campinas-maceio\/","og_site_name":"Travel3","article_publisher":"https:\/\/www.facebook.com\/travel3media\/","article_published_time":"2026-01-27T18:00:00+00:00","article_modified_time":"2026-01-27T22:53:06+00:00","og_image":[{"width":1280,"height":614,"url":"https:\/\/www.travel3.com.br\/site\/wp-content\/uploads\/2025\/04\/AZUL-A330-200-POUSO-VCP-CAUDA_Easy-Resize.com_-e1673727040195.jpg","type":"image\/jpeg"}],"author":"Reda\u00e7\u00e3o Travel3","twitter_card":"summary_large_image","twitter_misc":{"Escrito por":"Reda\u00e7\u00e3o Travel3","Est. tempo de leitura":"2 minutos"},"schema":{"@context":"https:\/\/schema.org","@graph":[{"@type":"Article","@id":"https:\/\/www.travel3.com.br\/site\/ir-e-vir\/azul-amplia-voos-campinas-maceio\/#article","isPartOf":{"@id":"https:\/\/www.travel3.com.br\/site\/ir-e-vir\/azul-amplia-voos-campinas-maceio\/"},"author":{"name":"Reda\u00e7\u00e3o Travel3","@id":"https:\/\/www.travel3.com.br\/site\/#\/schema\/person\/89251b0320bc67697de92249f97f3fdb"},"headline":"Azul amplia frequ\u00eancia de voos entre Campinas e Macei\u00f3","datePublished":"2026-01-27T18:00:00+00:00","dateModified":"2026-01-27T22:53:06+00:00","mainEntityOfPage":{"@id":"https:\/\/www.travel3.com.br\/site\/ir-e-vir\/azul-amplia-voos-campinas-maceio\/"},"wordCount":270,"commentCount":0,"publisher":{"@id":"https:\/\/www.travel3.com.br\/site\/#organization"},"image":{"@id":"https:\/\/www.travel3.com.br\/site\/ir-e-vir\/azul-amplia-voos-campinas-maceio\/#primaryimage"},"thumbnailUrl":"https:\/\/www.travel3.com.br\/site\/wp-content\/uploads\/2025\/04\/AZUL-A330-200-POUSO-VCP-CAUDA_Easy-Resize.com_-e1673727040195.jpg","keywords":["Azul","azul linhas a\u00e9reas","Turismo em alagoas","turismo no nordeste","Voos Campinas Macei\u00f3"],"articleSection":["Ar","Ir e Vir"],"inLanguage":"pt-BR","potentialAction":[{"@type":"CommentAction","name":"Comment","target":["https:\/\/www.travel3.com.br\/site\/ir-e-vir\/azul-amplia-voos-campinas-maceio\/#respond"]}]},{"@type":"WebPage","@id":"https:\/\/www.travel3.com.br\/site\/ir-e-vir\/azul-amplia-voos-campinas-maceio\/","url":"https:\/\/www.travel3.com.br\/site\/ir-e-vir\/azul-amplia-voos-campinas-maceio\/","name":"Azul amplia frequ\u00eancia de voos entre Campinas e Macei\u00f3 - Travel3","isPartOf":{"@id":"https:\/\/www.travel3.com.br\/site\/#website"},"primaryImageOfPage":{"@id":"https:\/\/www.travel3.com.br\/site\/ir-e-vir\/azul-amplia-voos-campinas-maceio\/#primaryimage"},"image":{"@id":"https:\/\/www.travel3.com.br\/site\/ir-e-vir\/azul-amplia-voos-campinas-maceio\/#primaryimage"},"thumbnailUrl":"https:\/\/www.travel3.com.br\/site\/wp-content\/uploads\/2025\/04\/AZUL-A330-200-POUSO-VCP-CAUDA_Easy-Resize.com_-e1673727040195.jpg","datePublished":"2026-01-27T18:00:00+00:00","dateModified":"2026-01-27T22:53:06+00:00","description":"Azul amplia frequ\u00eancia de voos entre Campinas e Macei\u00f3 a partir de abril, com 12 novas opera\u00e7\u00f5es semanais entre as duas cidades","breadcrumb":{"@id":"https:\/\/www.travel3.com.br\/site\/ir-e-vir\/azul-amplia-voos-campinas-maceio\/#breadcrumb"},"inLanguage":"pt-BR","potentialAction":[{"@type":"ReadAction","target":["https:\/\/www.travel3.com.br\/site\/ir-e-vir\/azul-amplia-voos-campinas-maceio\/"]}]},{"@type":"ImageObject","inLanguage":"pt-BR","@id":"https:\/\/www.travel3.com.br\/site\/ir-e-vir\/azul-amplia-voos-campinas-maceio\/#primaryimage","url":"https:\/\/www.travel3.com.br\/site\/wp-content\/uploads\/2025\/04\/AZUL-A330-200-POUSO-VCP-CAUDA_Easy-Resize.com_-e1673727040195.jpg","contentUrl":"https:\/\/www.travel3.com.br\/site\/wp-content\/uploads\/2025\/04\/AZUL-A330-200-POUSO-VCP-CAUDA_Easy-Resize.com_-e1673727040195.jpg","width":1280,"height":614,"caption":"Foto: Divulga\u00e7\u00e3o"},{"@type":"BreadcrumbList","@id":"https:\/\/www.travel3.com.br\/site\/ir-e-vir\/azul-amplia-voos-campinas-maceio\/#breadcrumb","itemListElement":[{"@type":"ListItem","position":1,"name":"In\u00edcio","item":"https:\/\/www.travel3.com.br\/site\/"},{"@type":"ListItem","position":2,"name":"Azul amplia frequ\u00eancia de voos entre Campinas e Macei\u00f3"}]},{"@type":"WebSite","@id":"https:\/\/www.travel3.com.br\/site\/#website","url":"https:\/\/www.travel3.com.br\/site\/","name":"Travel3","description":"Lazer + Neg&oacute;cios + Aventura","publisher":{"@id":"https:\/\/www.travel3.com.br\/site\/#organization"},"potentialAction":[{"@type":"SearchAction","target":{"@type":"EntryPoint","urlTemplate":"https:\/\/www.travel3.com.br\/site\/?s={search_term_string}"},"query-input":{"@type":"PropertyValueSpecification","valueRequired":true,"valueName":"search_term_string"}}],"inLanguage":"pt-BR"},{"@type":"Organization","@id":"https:\/\/www.travel3.com.br\/site\/#organization","name":"Travel3","url":"https:\/\/www.travel3.com.br\/site\/","logo":{"@type":"ImageObject","inLanguage":"pt-BR","@id":"https:\/\/www.travel3.com.br\/site\/#\/schema\/logo\/image\/","url":"https:\/\/www.travel3.com.br\/site\/wp-content\/uploads\/2020\/01\/logo-travel3-2020.png","contentUrl":"https:\/\/www.travel3.com.br\/site\/wp-content\/uploads\/2020\/01\/logo-travel3-2020.png","width":232,"height":79,"caption":"Travel3"},"image":{"@id":"https:\/\/www.travel3.com.br\/site\/#\/schema\/logo\/image\/"},"sameAs":["https:\/\/www.facebook.com\/travel3media\/","https:\/\/www.instagram.com\/revistatravel3\/","https:\/\/www.youtube.com\/channel\/UCno7J4paGBR3VbZQzvoJ9Eg"]},{"@type":"Person","@id":"https:\/\/www.travel3.com.br\/site\/#\/schema\/person\/89251b0320bc67697de92249f97f3fdb","name":"Reda\u00e7\u00e3o Travel3","image":{"@type":"ImageObject","inLanguage":"pt-BR","@id":"https:\/\/www.travel3.com.br\/site\/#\/schema\/person\/image\/","url":"https:\/\/secure.gravatar.com\/avatar\/85a5ec2ad99b1932f671ebf50c117db6?s=96&d=mm&r=g","contentUrl":"https:\/\/secure.gravatar.com\/avatar\/85a5ec2ad99b1932f671ebf50c117db6?s=96&d=mm&r=g","caption":"Reda\u00e7\u00e3o Travel3"},"sameAs":["http:\/\/www.travel3.com.br\/"],"url":"https:\/\/www.travel3.com.br\/site\/author\/redacao\/"}]}},"_links":{"self":[{"href":"https:\/\/www.travel3.com.br\/site\/wp-json\/wp\/v2\/posts\/80389","targetHints":{"allow":["GET"]}}],"collection":[{"href":"https:\/\/www.travel3.com.br\/site\/wp-json\/wp\/v2\/posts"}],"about":[{"href":"https:\/\/www.travel3.com.br\/site\/wp-json\/wp\/v2\/types\/post"}],"author":[{"embeddable":true,"href":"https:\/\/www.travel3.com.br\/site\/wp-json\/wp\/v2\/users\/5"}],"replies":[{"embeddable":true,"href":"https:\/\/www.travel3.com.br\/site\/wp-json\/wp\/v2\/comments?post=80389"}],"version-history":[{"count":2,"href":"https:\/\/www.travel3.com.br\/site\/wp-json\/wp\/v2\/posts\/80389\/revisions"}],"predecessor-version":[{"id":80391,"href":"https:\/\/www.travel3.com.br\/site\/wp-json\/wp\/v2\/posts\/80389\/revisions\/80391"}],"wp:featuredmedia":[{"embeddable":true,"href":"https:\/\/www.travel3.com.br\/site\/wp-json\/wp\/v2\/media\/76038"}],"wp:attachment":[{"href":"https:\/\/www.travel3.com.br\/site\/wp-json\/wp\/v2\/media?parent=80389"}],"wp:term":[{"taxonomy":"category","embeddable":true,"href":"https:\/\/www.travel3.com.br\/site\/wp-json\/wp\/v2\/categories?post=80389"},{"taxonomy":"post_tag","embeddable":true,"href":"https:\/\/www.travel3.com.br\/site\/wp-json\/wp\/v2\/tags?post=80389"}],"curies":[{"name":"wp","href":"https:\/\/api.w.org\/{rel}","templated":true}]}}