{"id":80349,"date":"2026-01-26T09:24:11","date_gmt":"2026-01-26T12:24:11","guid":{"rendered":"https:\/\/www.travel3.com.br\/site\/?p=80349"},"modified":"2026-01-26T09:24:13","modified_gmt":"2026-01-26T12:24:13","slug":"embratur-fitur-screen-brasil-com-s","status":"publish","type":"post","link":"https:\/\/www.travel3.com.br\/site\/acontece-no-turismo\/embratur-fitur-screen-brasil-com-s\/","title":{"rendered":"Embratur estreia na FITUR Screen com produ\u00e7\u00f5es do edital Brasil com S"},"content":{"rendered":"\n<h2 class=\"wp-block-heading\">Ag\u00eancia apresenta curtas e refor\u00e7a o audiovisual na promo\u00e7\u00e3o internacional do turismo brasileiro<\/h2>\n\n\n\n<p>A Embratur participou, pela primeira vez, da FITUR Screen, espa\u00e7o da Feira Internacional de Turismo (FITUR), em Madri, dedicado \u00e0 rela\u00e7\u00e3o entre turismo e audiovisual. A presen\u00e7a da Ag\u00eancia refor\u00e7a o uso do audiovisual como eixo estrat\u00e9gico da promo\u00e7\u00e3o tur\u00edstica internacional do Brasil.<\/p>\n\n\n\n<p>Durante o evento, a Embratur exibiu curtas-metragens sobre a Amaz\u00f4nia produzidos por meio da segunda edi\u00e7\u00e3o do edital Brasil com S. As obras apresentam a diversidade cultural, ambiental e paisag\u00edstica da regi\u00e3o, utilizando o cinema como ferramenta de valoriza\u00e7\u00e3o dos destinos brasileiros no mercado internacional.<\/p>\n\n\n\n<p>Al\u00e9m da exibi\u00e7\u00e3o dos filmes, a Ag\u00eancia realizou uma apresenta\u00e7\u00e3o institucional voltada a produtores espanh\u00f3is, representantes de Film Commissions, institui\u00e7\u00f5es governamentais e profissionais do trade tur\u00edstico. A iniciativa buscou ampliar o di\u00e1logo com o mercado europeu e apresentar os projetos da Embratur relacionados \u00e0 economia criativa e ao audiovisual.<\/p>\n\n\n\n<p>Segundo o diretor de Gest\u00e3o e Inova\u00e7\u00e3o da Embratur, <strong>Roberto Gevaerd<\/strong>, o encontro possibilitou a troca de experi\u00eancias com iniciativas internacionais voltadas ao desenvolvimento do turismo audiovisual, segmento em expans\u00e3o. Entre os projetos apresentados est\u00e1 a rota tur\u00edstica inspirada na obra do cineasta Kl\u00e9ber Mendon\u00e7a Filho, em Recife (PE), que conecta cinema, territ\u00f3rio e experi\u00eancia tur\u00edstica, com valoriza\u00e7\u00e3o das loca\u00e7\u00f5es e narrativas locais.<\/p>\n\n\n\n<p>Ao longo da programa\u00e7\u00e3o da FITUR Screen, a delega\u00e7\u00e3o brasileira conheceu projetos de outros pa\u00edses que integram audiovisual e turismo, abordando pol\u00edticas p\u00fablicas, modelos de governan\u00e7a e estrat\u00e9gias de promo\u00e7\u00e3o internacional. A participa\u00e7\u00e3o refor\u00e7a o papel da Embratur como articuladora de a\u00e7\u00f5es que unem cultura, inova\u00e7\u00e3o e turismo.<\/p>\n\n\n\n<p>Para o presidente da Embratur, <strong>Marcelo Freixo<\/strong>, a estreia na FITUR Screen amplia a visibilidade das produ\u00e7\u00f5es apoiadas pelo edital Brasil com S e fortalece a imagem do Brasil no circuito internacional do turismo audiovisual, com foco na diversidade de destinos e na sustentabilidade.<\/p>\n\n\n\n<p><\/p>\n","protected":false},"excerpt":{"rendered":"<p>Ag\u00eancia refor\u00e7a o audiovisual na promo\u00e7\u00e3o internacional do turismo brasileiro<\/p>\n","protected":false},"author":5,"featured_media":80351,"comment_status":"open","ping_status":"open","sticky":false,"template":"","format":"standard","meta":{"footnotes":""},"categories":[969,5],"tags":[7138,5890,5930,7137],"class_list":["post-80349","post","type-post","status-publish","format-standard","has-post-thumbnail","hentry","category-acontece-no-turismo","category-eventos-e-feiras","tag-brasil-com-s","tag-embratur","tag-fitur","tag-fitur-screen"],"yoast_head":"<!-- This site is optimized with the Yoast SEO plugin v26.2 - https:\/\/yoast.com\/wordpress\/plugins\/seo\/ -->\n<title>Embratur estreia na FITUR Screen com produ\u00e7\u00f5es do edital Brasil com S - Travel3<\/title>\n<meta name=\"description\" content=\"Embratur participa pela primeira vez da FITUR Screen e apresenta curtas do edital Brasil com S como estrat\u00e9gia de promo\u00e7\u00e3o tur\u00edstica\" \/>\n<meta name=\"robots\" content=\"index, follow, max-snippet:-1, max-image-preview:large, max-video-preview:-1\" \/>\n<link rel=\"canonical\" href=\"https:\/\/www.travel3.com.br\/site\/acontece-no-turismo\/embratur-fitur-screen-brasil-com-s\/\" \/>\n<meta property=\"og:locale\" content=\"pt_BR\" \/>\n<meta property=\"og:type\" content=\"article\" \/>\n<meta property=\"og:title\" content=\"Embratur estreia na FITUR Screen com produ\u00e7\u00f5es do edital Brasil com S - Travel3\" \/>\n<meta property=\"og:description\" content=\"Embratur participa pela primeira vez da FITUR Screen e apresenta curtas do edital Brasil com S como estrat\u00e9gia de promo\u00e7\u00e3o tur\u00edstica\" \/>\n<meta property=\"og:url\" content=\"https:\/\/www.travel3.com.br\/site\/acontece-no-turismo\/embratur-fitur-screen-brasil-com-s\/\" \/>\n<meta property=\"og:site_name\" content=\"Travel3\" \/>\n<meta property=\"article:publisher\" content=\"https:\/\/www.facebook.com\/travel3media\/\" \/>\n<meta property=\"article:published_time\" content=\"2026-01-26T12:24:11+00:00\" \/>\n<meta property=\"article:modified_time\" content=\"2026-01-26T12:24:13+00:00\" \/>\n<meta property=\"og:image\" content=\"https:\/\/www.travel3.com.br\/site\/wp-content\/uploads\/2026\/01\/Fitur_Easy-Resize.com_.jpg\" \/>\n\t<meta property=\"og:image:width\" content=\"1280\" \/>\n\t<meta property=\"og:image:height\" content=\"853\" \/>\n\t<meta property=\"og:image:type\" content=\"image\/jpeg\" \/>\n<meta name=\"author\" content=\"Reda\u00e7\u00e3o Travel3\" \/>\n<meta name=\"twitter:card\" content=\"summary_large_image\" \/>\n<meta name=\"twitter:label1\" content=\"Escrito por\" \/>\n\t<meta name=\"twitter:data1\" content=\"Reda\u00e7\u00e3o Travel3\" \/>\n\t<meta name=\"twitter:label2\" content=\"Est. tempo de leitura\" \/>\n\t<meta name=\"twitter:data2\" content=\"2 minutos\" \/>\n<script type=\"application\/ld+json\" class=\"yoast-schema-graph\">{\"@context\":\"https:\/\/schema.org\",\"@graph\":[{\"@type\":\"Article\",\"@id\":\"https:\/\/www.travel3.com.br\/site\/acontece-no-turismo\/embratur-fitur-screen-brasil-com-s\/#article\",\"isPartOf\":{\"@id\":\"https:\/\/www.travel3.com.br\/site\/acontece-no-turismo\/embratur-fitur-screen-brasil-com-s\/\"},\"author\":{\"name\":\"Reda\u00e7\u00e3o Travel3\",\"@id\":\"https:\/\/www.travel3.com.br\/site\/#\/schema\/person\/89251b0320bc67697de92249f97f3fdb\"},\"headline\":\"Embratur estreia na FITUR Screen com produ\u00e7\u00f5es do edital Brasil com S\",\"datePublished\":\"2026-01-26T12:24:11+00:00\",\"dateModified\":\"2026-01-26T12:24:13+00:00\",\"mainEntityOfPage\":{\"@id\":\"https:\/\/www.travel3.com.br\/site\/acontece-no-turismo\/embratur-fitur-screen-brasil-com-s\/\"},\"wordCount\":365,\"commentCount\":0,\"publisher\":{\"@id\":\"https:\/\/www.travel3.com.br\/site\/#organization\"},\"image\":{\"@id\":\"https:\/\/www.travel3.com.br\/site\/acontece-no-turismo\/embratur-fitur-screen-brasil-com-s\/#primaryimage\"},\"thumbnailUrl\":\"https:\/\/www.travel3.com.br\/site\/wp-content\/uploads\/2026\/01\/Fitur_Easy-Resize.com_.jpg\",\"keywords\":[\"Brasil com S\",\"embratur\",\"FITUR\",\"FITUR Screen\"],\"articleSection\":[\"Acontece no Turismo\",\"Eventos e Feiras\"],\"inLanguage\":\"pt-BR\",\"potentialAction\":[{\"@type\":\"CommentAction\",\"name\":\"Comment\",\"target\":[\"https:\/\/www.travel3.com.br\/site\/acontece-no-turismo\/embratur-fitur-screen-brasil-com-s\/#respond\"]}]},{\"@type\":\"WebPage\",\"@id\":\"https:\/\/www.travel3.com.br\/site\/acontece-no-turismo\/embratur-fitur-screen-brasil-com-s\/\",\"url\":\"https:\/\/www.travel3.com.br\/site\/acontece-no-turismo\/embratur-fitur-screen-brasil-com-s\/\",\"name\":\"Embratur estreia na FITUR Screen com produ\u00e7\u00f5es do edital Brasil com S - Travel3\",\"isPartOf\":{\"@id\":\"https:\/\/www.travel3.com.br\/site\/#website\"},\"primaryImageOfPage\":{\"@id\":\"https:\/\/www.travel3.com.br\/site\/acontece-no-turismo\/embratur-fitur-screen-brasil-com-s\/#primaryimage\"},\"image\":{\"@id\":\"https:\/\/www.travel3.com.br\/site\/acontece-no-turismo\/embratur-fitur-screen-brasil-com-s\/#primaryimage\"},\"thumbnailUrl\":\"https:\/\/www.travel3.com.br\/site\/wp-content\/uploads\/2026\/01\/Fitur_Easy-Resize.com_.jpg\",\"datePublished\":\"2026-01-26T12:24:11+00:00\",\"dateModified\":\"2026-01-26T12:24:13+00:00\",\"description\":\"Embratur participa pela primeira vez da FITUR Screen e apresenta curtas do edital Brasil com S como estrat\u00e9gia de promo\u00e7\u00e3o tur\u00edstica\",\"breadcrumb\":{\"@id\":\"https:\/\/www.travel3.com.br\/site\/acontece-no-turismo\/embratur-fitur-screen-brasil-com-s\/#breadcrumb\"},\"inLanguage\":\"pt-BR\",\"potentialAction\":[{\"@type\":\"ReadAction\",\"target\":[\"https:\/\/www.travel3.com.br\/site\/acontece-no-turismo\/embratur-fitur-screen-brasil-com-s\/\"]}]},{\"@type\":\"ImageObject\",\"inLanguage\":\"pt-BR\",\"@id\":\"https:\/\/www.travel3.com.br\/site\/acontece-no-turismo\/embratur-fitur-screen-brasil-com-s\/#primaryimage\",\"url\":\"https:\/\/www.travel3.com.br\/site\/wp-content\/uploads\/2026\/01\/Fitur_Easy-Resize.com_.jpg\",\"contentUrl\":\"https:\/\/www.travel3.com.br\/site\/wp-content\/uploads\/2026\/01\/Fitur_Easy-Resize.com_.jpg\",\"width\":1280,\"height\":853,\"caption\":\"A Fitur \u00e9 considerada um dos maiores e mais relevantes eventos do setor de turismo no mundo (Foto: Fitur\/Divulga\u00e7\u00e3o)\"},{\"@type\":\"BreadcrumbList\",\"@id\":\"https:\/\/www.travel3.com.br\/site\/acontece-no-turismo\/embratur-fitur-screen-brasil-com-s\/#breadcrumb\",\"itemListElement\":[{\"@type\":\"ListItem\",\"position\":1,\"name\":\"In\u00edcio\",\"item\":\"https:\/\/www.travel3.com.br\/site\/\"},{\"@type\":\"ListItem\",\"position\":2,\"name\":\"Embratur estreia na FITUR Screen com produ\u00e7\u00f5es do edital Brasil com S\"}]},{\"@type\":\"WebSite\",\"@id\":\"https:\/\/www.travel3.com.br\/site\/#website\",\"url\":\"https:\/\/www.travel3.com.br\/site\/\",\"name\":\"Travel3\",\"description\":\"Lazer + Neg&oacute;cios + Aventura\",\"publisher\":{\"@id\":\"https:\/\/www.travel3.com.br\/site\/#organization\"},\"potentialAction\":[{\"@type\":\"SearchAction\",\"target\":{\"@type\":\"EntryPoint\",\"urlTemplate\":\"https:\/\/www.travel3.com.br\/site\/?s={search_term_string}\"},\"query-input\":{\"@type\":\"PropertyValueSpecification\",\"valueRequired\":true,\"valueName\":\"search_term_string\"}}],\"inLanguage\":\"pt-BR\"},{\"@type\":\"Organization\",\"@id\":\"https:\/\/www.travel3.com.br\/site\/#organization\",\"name\":\"Travel3\",\"url\":\"https:\/\/www.travel3.com.br\/site\/\",\"logo\":{\"@type\":\"ImageObject\",\"inLanguage\":\"pt-BR\",\"@id\":\"https:\/\/www.travel3.com.br\/site\/#\/schema\/logo\/image\/\",\"url\":\"https:\/\/www.travel3.com.br\/site\/wp-content\/uploads\/2020\/01\/logo-travel3-2020.png\",\"contentUrl\":\"https:\/\/www.travel3.com.br\/site\/wp-content\/uploads\/2020\/01\/logo-travel3-2020.png\",\"width\":232,\"height\":79,\"caption\":\"Travel3\"},\"image\":{\"@id\":\"https:\/\/www.travel3.com.br\/site\/#\/schema\/logo\/image\/\"},\"sameAs\":[\"https:\/\/www.facebook.com\/travel3media\/\",\"https:\/\/www.instagram.com\/revistatravel3\/\",\"https:\/\/www.youtube.com\/channel\/UCno7J4paGBR3VbZQzvoJ9Eg\"]},{\"@type\":\"Person\",\"@id\":\"https:\/\/www.travel3.com.br\/site\/#\/schema\/person\/89251b0320bc67697de92249f97f3fdb\",\"name\":\"Reda\u00e7\u00e3o Travel3\",\"image\":{\"@type\":\"ImageObject\",\"inLanguage\":\"pt-BR\",\"@id\":\"https:\/\/www.travel3.com.br\/site\/#\/schema\/person\/image\/\",\"url\":\"https:\/\/secure.gravatar.com\/avatar\/85a5ec2ad99b1932f671ebf50c117db6?s=96&d=mm&r=g\",\"contentUrl\":\"https:\/\/secure.gravatar.com\/avatar\/85a5ec2ad99b1932f671ebf50c117db6?s=96&d=mm&r=g\",\"caption\":\"Reda\u00e7\u00e3o Travel3\"},\"sameAs\":[\"http:\/\/www.travel3.com.br\/\"],\"url\":\"https:\/\/www.travel3.com.br\/site\/author\/redacao\/\"}]}<\/script>\n<!-- \/ Yoast SEO plugin. -->","yoast_head_json":{"title":"Embratur estreia na FITUR Screen com produ\u00e7\u00f5es do edital Brasil com S - Travel3","description":"Embratur participa pela primeira vez da FITUR Screen e apresenta curtas do edital Brasil com S como estrat\u00e9gia de promo\u00e7\u00e3o tur\u00edstica","robots":{"index":"index","follow":"follow","max-snippet":"max-snippet:-1","max-image-preview":"max-image-preview:large","max-video-preview":"max-video-preview:-1"},"canonical":"https:\/\/www.travel3.com.br\/site\/acontece-no-turismo\/embratur-fitur-screen-brasil-com-s\/","og_locale":"pt_BR","og_type":"article","og_title":"Embratur estreia na FITUR Screen com produ\u00e7\u00f5es do edital Brasil com S - Travel3","og_description":"Embratur participa pela primeira vez da FITUR Screen e apresenta curtas do edital Brasil com S como estrat\u00e9gia de promo\u00e7\u00e3o tur\u00edstica","og_url":"https:\/\/www.travel3.com.br\/site\/acontece-no-turismo\/embratur-fitur-screen-brasil-com-s\/","og_site_name":"Travel3","article_publisher":"https:\/\/www.facebook.com\/travel3media\/","article_published_time":"2026-01-26T12:24:11+00:00","article_modified_time":"2026-01-26T12:24:13+00:00","og_image":[{"width":1280,"height":853,"url":"https:\/\/www.travel3.com.br\/site\/wp-content\/uploads\/2026\/01\/Fitur_Easy-Resize.com_.jpg","type":"image\/jpeg"}],"author":"Reda\u00e7\u00e3o Travel3","twitter_card":"summary_large_image","twitter_misc":{"Escrito por":"Reda\u00e7\u00e3o Travel3","Est. tempo de leitura":"2 minutos"},"schema":{"@context":"https:\/\/schema.org","@graph":[{"@type":"Article","@id":"https:\/\/www.travel3.com.br\/site\/acontece-no-turismo\/embratur-fitur-screen-brasil-com-s\/#article","isPartOf":{"@id":"https:\/\/www.travel3.com.br\/site\/acontece-no-turismo\/embratur-fitur-screen-brasil-com-s\/"},"author":{"name":"Reda\u00e7\u00e3o Travel3","@id":"https:\/\/www.travel3.com.br\/site\/#\/schema\/person\/89251b0320bc67697de92249f97f3fdb"},"headline":"Embratur estreia na FITUR Screen com produ\u00e7\u00f5es do edital Brasil com S","datePublished":"2026-01-26T12:24:11+00:00","dateModified":"2026-01-26T12:24:13+00:00","mainEntityOfPage":{"@id":"https:\/\/www.travel3.com.br\/site\/acontece-no-turismo\/embratur-fitur-screen-brasil-com-s\/"},"wordCount":365,"commentCount":0,"publisher":{"@id":"https:\/\/www.travel3.com.br\/site\/#organization"},"image":{"@id":"https:\/\/www.travel3.com.br\/site\/acontece-no-turismo\/embratur-fitur-screen-brasil-com-s\/#primaryimage"},"thumbnailUrl":"https:\/\/www.travel3.com.br\/site\/wp-content\/uploads\/2026\/01\/Fitur_Easy-Resize.com_.jpg","keywords":["Brasil com S","embratur","FITUR","FITUR Screen"],"articleSection":["Acontece no Turismo","Eventos e Feiras"],"inLanguage":"pt-BR","potentialAction":[{"@type":"CommentAction","name":"Comment","target":["https:\/\/www.travel3.com.br\/site\/acontece-no-turismo\/embratur-fitur-screen-brasil-com-s\/#respond"]}]},{"@type":"WebPage","@id":"https:\/\/www.travel3.com.br\/site\/acontece-no-turismo\/embratur-fitur-screen-brasil-com-s\/","url":"https:\/\/www.travel3.com.br\/site\/acontece-no-turismo\/embratur-fitur-screen-brasil-com-s\/","name":"Embratur estreia na FITUR Screen com produ\u00e7\u00f5es do edital Brasil com S - Travel3","isPartOf":{"@id":"https:\/\/www.travel3.com.br\/site\/#website"},"primaryImageOfPage":{"@id":"https:\/\/www.travel3.com.br\/site\/acontece-no-turismo\/embratur-fitur-screen-brasil-com-s\/#primaryimage"},"image":{"@id":"https:\/\/www.travel3.com.br\/site\/acontece-no-turismo\/embratur-fitur-screen-brasil-com-s\/#primaryimage"},"thumbnailUrl":"https:\/\/www.travel3.com.br\/site\/wp-content\/uploads\/2026\/01\/Fitur_Easy-Resize.com_.jpg","datePublished":"2026-01-26T12:24:11+00:00","dateModified":"2026-01-26T12:24:13+00:00","description":"Embratur participa pela primeira vez da FITUR Screen e apresenta curtas do edital Brasil com S como estrat\u00e9gia de promo\u00e7\u00e3o tur\u00edstica","breadcrumb":{"@id":"https:\/\/www.travel3.com.br\/site\/acontece-no-turismo\/embratur-fitur-screen-brasil-com-s\/#breadcrumb"},"inLanguage":"pt-BR","potentialAction":[{"@type":"ReadAction","target":["https:\/\/www.travel3.com.br\/site\/acontece-no-turismo\/embratur-fitur-screen-brasil-com-s\/"]}]},{"@type":"ImageObject","inLanguage":"pt-BR","@id":"https:\/\/www.travel3.com.br\/site\/acontece-no-turismo\/embratur-fitur-screen-brasil-com-s\/#primaryimage","url":"https:\/\/www.travel3.com.br\/site\/wp-content\/uploads\/2026\/01\/Fitur_Easy-Resize.com_.jpg","contentUrl":"https:\/\/www.travel3.com.br\/site\/wp-content\/uploads\/2026\/01\/Fitur_Easy-Resize.com_.jpg","width":1280,"height":853,"caption":"A Fitur \u00e9 considerada um dos maiores e mais relevantes eventos do setor de turismo no mundo (Foto: Fitur\/Divulga\u00e7\u00e3o)"},{"@type":"BreadcrumbList","@id":"https:\/\/www.travel3.com.br\/site\/acontece-no-turismo\/embratur-fitur-screen-brasil-com-s\/#breadcrumb","itemListElement":[{"@type":"ListItem","position":1,"name":"In\u00edcio","item":"https:\/\/www.travel3.com.br\/site\/"},{"@type":"ListItem","position":2,"name":"Embratur estreia na FITUR Screen com produ\u00e7\u00f5es do edital Brasil com S"}]},{"@type":"WebSite","@id":"https:\/\/www.travel3.com.br\/site\/#website","url":"https:\/\/www.travel3.com.br\/site\/","name":"Travel3","description":"Lazer + Neg&oacute;cios + Aventura","publisher":{"@id":"https:\/\/www.travel3.com.br\/site\/#organization"},"potentialAction":[{"@type":"SearchAction","target":{"@type":"EntryPoint","urlTemplate":"https:\/\/www.travel3.com.br\/site\/?s={search_term_string}"},"query-input":{"@type":"PropertyValueSpecification","valueRequired":true,"valueName":"search_term_string"}}],"inLanguage":"pt-BR"},{"@type":"Organization","@id":"https:\/\/www.travel3.com.br\/site\/#organization","name":"Travel3","url":"https:\/\/www.travel3.com.br\/site\/","logo":{"@type":"ImageObject","inLanguage":"pt-BR","@id":"https:\/\/www.travel3.com.br\/site\/#\/schema\/logo\/image\/","url":"https:\/\/www.travel3.com.br\/site\/wp-content\/uploads\/2020\/01\/logo-travel3-2020.png","contentUrl":"https:\/\/www.travel3.com.br\/site\/wp-content\/uploads\/2020\/01\/logo-travel3-2020.png","width":232,"height":79,"caption":"Travel3"},"image":{"@id":"https:\/\/www.travel3.com.br\/site\/#\/schema\/logo\/image\/"},"sameAs":["https:\/\/www.facebook.com\/travel3media\/","https:\/\/www.instagram.com\/revistatravel3\/","https:\/\/www.youtube.com\/channel\/UCno7J4paGBR3VbZQzvoJ9Eg"]},{"@type":"Person","@id":"https:\/\/www.travel3.com.br\/site\/#\/schema\/person\/89251b0320bc67697de92249f97f3fdb","name":"Reda\u00e7\u00e3o Travel3","image":{"@type":"ImageObject","inLanguage":"pt-BR","@id":"https:\/\/www.travel3.com.br\/site\/#\/schema\/person\/image\/","url":"https:\/\/secure.gravatar.com\/avatar\/85a5ec2ad99b1932f671ebf50c117db6?s=96&d=mm&r=g","contentUrl":"https:\/\/secure.gravatar.com\/avatar\/85a5ec2ad99b1932f671ebf50c117db6?s=96&d=mm&r=g","caption":"Reda\u00e7\u00e3o Travel3"},"sameAs":["http:\/\/www.travel3.com.br\/"],"url":"https:\/\/www.travel3.com.br\/site\/author\/redacao\/"}]}},"_links":{"self":[{"href":"https:\/\/www.travel3.com.br\/site\/wp-json\/wp\/v2\/posts\/80349","targetHints":{"allow":["GET"]}}],"collection":[{"href":"https:\/\/www.travel3.com.br\/site\/wp-json\/wp\/v2\/posts"}],"about":[{"href":"https:\/\/www.travel3.com.br\/site\/wp-json\/wp\/v2\/types\/post"}],"author":[{"embeddable":true,"href":"https:\/\/www.travel3.com.br\/site\/wp-json\/wp\/v2\/users\/5"}],"replies":[{"embeddable":true,"href":"https:\/\/www.travel3.com.br\/site\/wp-json\/wp\/v2\/comments?post=80349"}],"version-history":[{"count":3,"href":"https:\/\/www.travel3.com.br\/site\/wp-json\/wp\/v2\/posts\/80349\/revisions"}],"predecessor-version":[{"id":80367,"href":"https:\/\/www.travel3.com.br\/site\/wp-json\/wp\/v2\/posts\/80349\/revisions\/80367"}],"wp:featuredmedia":[{"embeddable":true,"href":"https:\/\/www.travel3.com.br\/site\/wp-json\/wp\/v2\/media\/80351"}],"wp:attachment":[{"href":"https:\/\/www.travel3.com.br\/site\/wp-json\/wp\/v2\/media?parent=80349"}],"wp:term":[{"taxonomy":"category","embeddable":true,"href":"https:\/\/www.travel3.com.br\/site\/wp-json\/wp\/v2\/categories?post=80349"},{"taxonomy":"post_tag","embeddable":true,"href":"https:\/\/www.travel3.com.br\/site\/wp-json\/wp\/v2\/tags?post=80349"}],"curies":[{"name":"wp","href":"https:\/\/api.w.org\/{rel}","templated":true}]}}