{"id":80328,"date":"2026-01-23T08:47:52","date_gmt":"2026-01-23T11:47:52","guid":{"rendered":"https:\/\/www.travel3.com.br\/site\/?p=80328"},"modified":"2026-01-23T08:48:25","modified_gmt":"2026-01-23T11:48:25","slug":"roteiro-das-praias-sp-rio","status":"publish","type":"post","link":"https:\/\/www.travel3.com.br\/site\/acontece-no-turismo\/roteiro-das-praias-sp-rio\/","title":{"rendered":"Roteiro das Praias conecta mais de 2.300 praias entre S\u00e3o Paulo e Rio"},"content":{"rendered":"\n<h2 class=\"wp-block-heading\">Nova rota tur\u00edstica integra 15 destinos do litoral paulista, Costa Verde e Regi\u00e3o dos Lagos ao longo de 760 km<\/h2>\n\n\n\n<p>O <strong><a href=\"https:\/\/www.instagram.com\/roteirodaspraias.sprio\/\" target=\"_blank\" rel=\"noreferrer noopener\">Roteiro das Praias SP-Rio<\/a><\/strong>, com lan\u00e7amento previsto para as pr\u00f3ximas semanas, integra alguns dos principais destinos do litoral brasileiro em um produto tur\u00edstico cont\u00ednuo entre S\u00e3o Paulo e Rio de Janeiro. A proposta conecta atrativos naturais, cultura, hist\u00f3ria e gastronomia em um percurso de 760 quil\u00f4metros ao longo da Rodovia Rio-Santos e da Via Lagos.<\/p>\n\n\n\n<p>O roteiro re\u00fane destinos consolidados e reconhecidos pela diversidade de praias, ilhas, cachoeiras e \u00e1reas de conserva\u00e7\u00e3o, estruturados em uma experi\u00eancia integrada. No litoral paulista, participam Santos, Guaruj\u00e1, Bertioga, S\u00e3o Sebasti\u00e3o, Ilhabela, Caraguatatuba e Ubatuba. No Rio de Janeiro, fazem parte Paraty, Angra dos Reis, Mangaratiba, Rio de Janeiro, Saquarema, Cabo Frio, Arraial do Cabo e B\u00fazios.<\/p>\n\n\n\n<p>As 15 cidades concentram <strong>2.365 praias, 550 ilhas e 778 cachoeiras<\/strong>, distribu\u00eddas ao longo de uma das rotas rodovi\u00e1rias mais conhecidas do pa\u00eds.<\/p>\n\n\n\n<h2 class=\"wp-block-heading\">Experi\u00eancia integrada e flex\u00edvel<\/h2>\n\n\n\n<p>O Roteiro das Praias oferecer\u00e1 viagens de tr\u00eas a 15 dias, com op\u00e7\u00f5es ajustadas ao tempo dispon\u00edvel e ao perfil do viajante. A proposta busca ampliar o tempo de perman\u00eancia dos turistas e distribuir o fluxo entre diferentes cidades.<\/p>\n\n\n\n<p>Os visitantes poder\u00e3o iniciar o percurso em S\u00e3o Paulo ou no Rio de Janeiro. Em S\u00e3o Paulo, os principais pontos de chegada s\u00e3o os aeroportos de Congonhas, Guarulhos e Viracopos, com in\u00edcio em Santos ou Guaruj\u00e1. No Rio, o retorno pode ocorrer pelos aeroportos Santos Dumont ou Gale\u00e3o, ap\u00f3s a passagem pela Regi\u00e3o dos Lagos. Tamb\u00e9m ser\u00e1 poss\u00edvel iniciar o roteiro por B\u00fazios e finalizar no litoral paulista, ou vice-versa.<\/p>\n\n\n<div class=\"wp-block-image\">\n<figure class=\"aligncenter size-large is-resized\"><img loading=\"lazy\" decoding=\"async\" width=\"1024\" height=\"682\" src=\"https:\/\/www.travel3.com.br\/site\/wp-content\/uploads\/2023\/03\/Paraty-RJ--1024x682.jpg\" alt=\"Paraty - RJ\" class=\"wp-image-58158\" style=\"width:775px;height:auto\" srcset=\"https:\/\/www.travel3.com.br\/site\/wp-content\/uploads\/2023\/03\/Paraty-RJ--1024x682.jpg 1024w, https:\/\/www.travel3.com.br\/site\/wp-content\/uploads\/2023\/03\/Paraty-RJ--300x200.jpg 300w, https:\/\/www.travel3.com.br\/site\/wp-content\/uploads\/2023\/03\/Paraty-RJ--768x512.jpg 768w, https:\/\/www.travel3.com.br\/site\/wp-content\/uploads\/2023\/03\/Paraty-RJ--150x100.jpg 150w, https:\/\/www.travel3.com.br\/site\/wp-content\/uploads\/2023\/03\/Paraty-RJ--750x500.jpg 750w, https:\/\/www.travel3.com.br\/site\/wp-content\/uploads\/2023\/03\/Paraty-RJ--1140x760.jpg 1140w, https:\/\/www.travel3.com.br\/site\/wp-content\/uploads\/2023\/03\/Paraty-RJ-.jpg 1280w\" sizes=\"auto, (max-width: 1024px) 100vw, 1024px\" \/><figcaption class=\"wp-element-caption\">Paraty &#8211; RJ (Foto: Divulga\u00e7\u00e3o)<\/figcaption><\/figure><\/div>\n\n\n<h2 class=\"wp-block-heading\">Servi\u00e7os e comercializa\u00e7\u00e3o<\/h2>\n\n\n\n<p>Os pacotes incluem op\u00e7\u00f5es de hospedagem em diferentes categorias, experi\u00eancias gastron\u00f4micas, ingressos para atrativos pagos, passeios n\u00e1uticos, trilhas, atividades de aventura, transfers, loca\u00e7\u00e3o de ve\u00edculos e acompanhamento de guias credenciados. Os servi\u00e7os ser\u00e3o comercializados por ag\u00eancia oficial credenciada pelo Roteiro, com possibilidade de viagem em carro pr\u00f3prio ou alugado.<\/p>\n\n\n\n<p>Na primeira fase, o site oficial apresentar\u00e1 servi\u00e7os como sugest\u00e3o ao viajante. A formata\u00e7\u00e3o de pacotes completos, com hospedagem, alimenta\u00e7\u00e3o, passeios e a\u00e9reo, est\u00e1 prevista para o segundo semestre de 2026.<\/p>\n\n\n\n<h2 class=\"wp-block-heading\">Natureza, cultura e gastronomia<\/h2>\n\n\n\n<p>A proposta destaca \u00e1reas naturais preservadas, unidades de conserva\u00e7\u00e3o, mirantes, cost\u00f5es, trilhas e atividades de turismo de aventura. O roteiro tamb\u00e9m valoriza comunidades tradicionais, patrim\u00f4nio hist\u00f3rico e manifesta\u00e7\u00f5es culturais locais.<\/p>\n\n\n\n<p>A gastronomia regional, com forte presen\u00e7a de frutos do mar e culin\u00e1ria cai\u00e7ara, integra a experi\u00eancia, com restaurantes e produtos regionais selecionados.<\/p>\n\n\n\n<h2 class=\"wp-block-heading\">Impacto para o trade tur\u00edstico<\/h2>\n\n\n\n<p>O projeto envolve ag\u00eancias, operadoras receptivas, hot\u00e9is, restaurantes, empresas de passeios, locadoras de ve\u00edculos e guias cadastrados no Cadastur. A iniciativa busca fortalecer parcerias e ampliar a oferta tur\u00edstica regional.<\/p>\n\n\n\n<p>Segundo o gestor do projeto, Reginaldo Pupo, o Roteiro das Praias SP-Rio pretende consolidar uma marca tur\u00edstica integrada, com impacto econ\u00f4mico, social e cultural nas cidades participantes.<\/p>\n\n\n\n<h2 class=\"wp-block-heading\">Estrat\u00e9gia de divulga\u00e7\u00e3o<\/h2>\n\n\n\n<p>O <strong><a href=\"https:\/\/www.instagram.com\/roteirodaspraias.sprio\/\" target=\"_blank\" rel=\"noreferrer noopener\">Roteiro das Praias SP-Rio<\/a><\/strong> ser\u00e1 promovido no Brasil, Mercosul, Europa e Estados Unidos, com campanhas em m\u00eddias especializadas em turismo, gastronomia e hotelaria. A estrat\u00e9gia inclui a\u00e7\u00f5es com jornalistas, participa\u00e7\u00e3o em feiras de turismo e divulga\u00e7\u00e3o ao longo das rodovias Rio-Santos e Via Lagos.<\/p>\n","protected":false},"excerpt":{"rendered":"<p>Nova rota tur\u00edstica integra 15 destinos do litoral paulista, Costa Verde e Regi\u00e3o dos Lagos ao longo de 760 km<\/p>\n","protected":false},"author":5,"featured_media":80340,"comment_status":"open","ping_status":"open","sticky":false,"template":"","format":"standard","meta":{"footnotes":""},"categories":[969],"tags":[5759,3767,3897,1764,3877,4082,7134,2564,412,7135],"class_list":["post-80328","post","type-post","status-publish","format-standard","has-post-thumbnail","hentry","category-acontece-no-turismo","tag-angra-dos-reis","tag-buzios","tag-cabo-frio","tag-guaruja","tag-ilhabela","tag-paraty","tag-roteiro-das-praias-sp-rio","tag-santos","tag-ubatuba","tag-via-lagos"],"yoast_head":"<!-- This site is optimized with the Yoast SEO plugin v26.2 - https:\/\/yoast.com\/wordpress\/plugins\/seo\/ -->\n<title>Roteiro das Praias conecta mais de 2.300 praias entre S\u00e3o Paulo e Rio - Travel3<\/title>\n<meta name=\"description\" content=\"Nova rota tur\u00edstica integra 15 destinos do litoral de S\u00e3o Paulo e Rio, com praias, ilhas e cachoeiras ao longo da Rodovia Rio-Santos\" \/>\n<meta name=\"robots\" content=\"index, follow, max-snippet:-1, max-image-preview:large, max-video-preview:-1\" \/>\n<link rel=\"canonical\" href=\"https:\/\/www.travel3.com.br\/site\/acontece-no-turismo\/roteiro-das-praias-sp-rio\/\" \/>\n<meta property=\"og:locale\" content=\"pt_BR\" \/>\n<meta property=\"og:type\" content=\"article\" \/>\n<meta property=\"og:title\" content=\"Roteiro das Praias conecta mais de 2.300 praias entre S\u00e3o Paulo e Rio - Travel3\" \/>\n<meta property=\"og:description\" content=\"Nova rota tur\u00edstica integra 15 destinos do litoral de S\u00e3o Paulo e Rio, com praias, ilhas e cachoeiras ao longo da Rodovia Rio-Santos\" \/>\n<meta property=\"og:url\" content=\"https:\/\/www.travel3.com.br\/site\/acontece-no-turismo\/roteiro-das-praias-sp-rio\/\" \/>\n<meta property=\"og:site_name\" content=\"Travel3\" \/>\n<meta property=\"article:publisher\" content=\"https:\/\/www.facebook.com\/travel3media\/\" \/>\n<meta property=\"article:published_time\" content=\"2026-01-23T11:47:52+00:00\" \/>\n<meta property=\"article:modified_time\" content=\"2026-01-23T11:48:25+00:00\" \/>\n<meta property=\"og:image\" content=\"https:\/\/www.travel3.com.br\/site\/wp-content\/uploads\/2026\/01\/Praia-do-Camaroeiro-em-Caraguatatuba-litoral-norte-de-SP-que-faz-parte-do-Roteiro-Foto-Reginaldo-Pupo-Roteiro-das-Praias-SP-Rio_Easy-Resize.com_.jpg\" \/>\n\t<meta property=\"og:image:width\" content=\"1280\" \/>\n\t<meta property=\"og:image:height\" content=\"853\" \/>\n\t<meta property=\"og:image:type\" content=\"image\/jpeg\" \/>\n<meta name=\"author\" content=\"Reda\u00e7\u00e3o Travel3\" \/>\n<meta name=\"twitter:card\" content=\"summary_large_image\" \/>\n<meta name=\"twitter:label1\" content=\"Escrito por\" \/>\n\t<meta name=\"twitter:data1\" content=\"Reda\u00e7\u00e3o Travel3\" \/>\n\t<meta name=\"twitter:label2\" content=\"Est. tempo de leitura\" \/>\n\t<meta name=\"twitter:data2\" content=\"4 minutos\" \/>\n<script type=\"application\/ld+json\" class=\"yoast-schema-graph\">{\"@context\":\"https:\/\/schema.org\",\"@graph\":[{\"@type\":\"Article\",\"@id\":\"https:\/\/www.travel3.com.br\/site\/acontece-no-turismo\/roteiro-das-praias-sp-rio\/#article\",\"isPartOf\":{\"@id\":\"https:\/\/www.travel3.com.br\/site\/acontece-no-turismo\/roteiro-das-praias-sp-rio\/\"},\"author\":{\"name\":\"Reda\u00e7\u00e3o Travel3\",\"@id\":\"https:\/\/www.travel3.com.br\/site\/#\/schema\/person\/89251b0320bc67697de92249f97f3fdb\"},\"headline\":\"Roteiro das Praias conecta mais de 2.300 praias entre S\u00e3o Paulo e Rio\",\"datePublished\":\"2026-01-23T11:47:52+00:00\",\"dateModified\":\"2026-01-23T11:48:25+00:00\",\"mainEntityOfPage\":{\"@id\":\"https:\/\/www.travel3.com.br\/site\/acontece-no-turismo\/roteiro-das-praias-sp-rio\/\"},\"wordCount\":604,\"commentCount\":0,\"publisher\":{\"@id\":\"https:\/\/www.travel3.com.br\/site\/#organization\"},\"image\":{\"@id\":\"https:\/\/www.travel3.com.br\/site\/acontece-no-turismo\/roteiro-das-praias-sp-rio\/#primaryimage\"},\"thumbnailUrl\":\"https:\/\/www.travel3.com.br\/site\/wp-content\/uploads\/2026\/01\/Praia-do-Camaroeiro-em-Caraguatatuba-litoral-norte-de-SP-que-faz-parte-do-Roteiro-Foto-Reginaldo-Pupo-Roteiro-das-Praias-SP-Rio_Easy-Resize.com_.jpg\",\"keywords\":[\"Angra dos Reis\",\"B\u00fazios\",\"cabo frio\",\"guaruj\u00e1\",\"Ilhabela\",\"Paraty\",\"Roteiro das Praias SP-Rio\",\"Santos\",\"Ubatuba\",\"Via Lagos\"],\"articleSection\":[\"Acontece no Turismo\"],\"inLanguage\":\"pt-BR\",\"potentialAction\":[{\"@type\":\"CommentAction\",\"name\":\"Comment\",\"target\":[\"https:\/\/www.travel3.com.br\/site\/acontece-no-turismo\/roteiro-das-praias-sp-rio\/#respond\"]}]},{\"@type\":\"WebPage\",\"@id\":\"https:\/\/www.travel3.com.br\/site\/acontece-no-turismo\/roteiro-das-praias-sp-rio\/\",\"url\":\"https:\/\/www.travel3.com.br\/site\/acontece-no-turismo\/roteiro-das-praias-sp-rio\/\",\"name\":\"Roteiro das Praias conecta mais de 2.300 praias entre S\u00e3o Paulo e Rio - Travel3\",\"isPartOf\":{\"@id\":\"https:\/\/www.travel3.com.br\/site\/#website\"},\"primaryImageOfPage\":{\"@id\":\"https:\/\/www.travel3.com.br\/site\/acontece-no-turismo\/roteiro-das-praias-sp-rio\/#primaryimage\"},\"image\":{\"@id\":\"https:\/\/www.travel3.com.br\/site\/acontece-no-turismo\/roteiro-das-praias-sp-rio\/#primaryimage\"},\"thumbnailUrl\":\"https:\/\/www.travel3.com.br\/site\/wp-content\/uploads\/2026\/01\/Praia-do-Camaroeiro-em-Caraguatatuba-litoral-norte-de-SP-que-faz-parte-do-Roteiro-Foto-Reginaldo-Pupo-Roteiro-das-Praias-SP-Rio_Easy-Resize.com_.jpg\",\"datePublished\":\"2026-01-23T11:47:52+00:00\",\"dateModified\":\"2026-01-23T11:48:25+00:00\",\"description\":\"Nova rota tur\u00edstica integra 15 destinos do litoral de S\u00e3o Paulo e Rio, com praias, ilhas e cachoeiras ao longo da Rodovia Rio-Santos\",\"breadcrumb\":{\"@id\":\"https:\/\/www.travel3.com.br\/site\/acontece-no-turismo\/roteiro-das-praias-sp-rio\/#breadcrumb\"},\"inLanguage\":\"pt-BR\",\"potentialAction\":[{\"@type\":\"ReadAction\",\"target\":[\"https:\/\/www.travel3.com.br\/site\/acontece-no-turismo\/roteiro-das-praias-sp-rio\/\"]}]},{\"@type\":\"ImageObject\",\"inLanguage\":\"pt-BR\",\"@id\":\"https:\/\/www.travel3.com.br\/site\/acontece-no-turismo\/roteiro-das-praias-sp-rio\/#primaryimage\",\"url\":\"https:\/\/www.travel3.com.br\/site\/wp-content\/uploads\/2026\/01\/Praia-do-Camaroeiro-em-Caraguatatuba-litoral-norte-de-SP-que-faz-parte-do-Roteiro-Foto-Reginaldo-Pupo-Roteiro-das-Praias-SP-Rio_Easy-Resize.com_.jpg\",\"contentUrl\":\"https:\/\/www.travel3.com.br\/site\/wp-content\/uploads\/2026\/01\/Praia-do-Camaroeiro-em-Caraguatatuba-litoral-norte-de-SP-que-faz-parte-do-Roteiro-Foto-Reginaldo-Pupo-Roteiro-das-Praias-SP-Rio_Easy-Resize.com_.jpg\",\"width\":1280,\"height\":853,\"caption\":\"Praia do Camaroeiro, em Caraguatatuba, litoral norte de SP, que faz parte do Roteiro (Foto: Reginaldo Pupo\/Divulga\u00e7\u00e3o)\"},{\"@type\":\"BreadcrumbList\",\"@id\":\"https:\/\/www.travel3.com.br\/site\/acontece-no-turismo\/roteiro-das-praias-sp-rio\/#breadcrumb\",\"itemListElement\":[{\"@type\":\"ListItem\",\"position\":1,\"name\":\"In\u00edcio\",\"item\":\"https:\/\/www.travel3.com.br\/site\/\"},{\"@type\":\"ListItem\",\"position\":2,\"name\":\"Roteiro das Praias conecta mais de 2.300 praias entre S\u00e3o Paulo e Rio\"}]},{\"@type\":\"WebSite\",\"@id\":\"https:\/\/www.travel3.com.br\/site\/#website\",\"url\":\"https:\/\/www.travel3.com.br\/site\/\",\"name\":\"Travel3\",\"description\":\"Lazer + Neg&oacute;cios + Aventura\",\"publisher\":{\"@id\":\"https:\/\/www.travel3.com.br\/site\/#organization\"},\"potentialAction\":[{\"@type\":\"SearchAction\",\"target\":{\"@type\":\"EntryPoint\",\"urlTemplate\":\"https:\/\/www.travel3.com.br\/site\/?s={search_term_string}\"},\"query-input\":{\"@type\":\"PropertyValueSpecification\",\"valueRequired\":true,\"valueName\":\"search_term_string\"}}],\"inLanguage\":\"pt-BR\"},{\"@type\":\"Organization\",\"@id\":\"https:\/\/www.travel3.com.br\/site\/#organization\",\"name\":\"Travel3\",\"url\":\"https:\/\/www.travel3.com.br\/site\/\",\"logo\":{\"@type\":\"ImageObject\",\"inLanguage\":\"pt-BR\",\"@id\":\"https:\/\/www.travel3.com.br\/site\/#\/schema\/logo\/image\/\",\"url\":\"https:\/\/www.travel3.com.br\/site\/wp-content\/uploads\/2020\/01\/logo-travel3-2020.png\",\"contentUrl\":\"https:\/\/www.travel3.com.br\/site\/wp-content\/uploads\/2020\/01\/logo-travel3-2020.png\",\"width\":232,\"height\":79,\"caption\":\"Travel3\"},\"image\":{\"@id\":\"https:\/\/www.travel3.com.br\/site\/#\/schema\/logo\/image\/\"},\"sameAs\":[\"https:\/\/www.facebook.com\/travel3media\/\",\"https:\/\/www.instagram.com\/revistatravel3\/\",\"https:\/\/www.youtube.com\/channel\/UCno7J4paGBR3VbZQzvoJ9Eg\"]},{\"@type\":\"Person\",\"@id\":\"https:\/\/www.travel3.com.br\/site\/#\/schema\/person\/89251b0320bc67697de92249f97f3fdb\",\"name\":\"Reda\u00e7\u00e3o Travel3\",\"image\":{\"@type\":\"ImageObject\",\"inLanguage\":\"pt-BR\",\"@id\":\"https:\/\/www.travel3.com.br\/site\/#\/schema\/person\/image\/\",\"url\":\"https:\/\/secure.gravatar.com\/avatar\/85a5ec2ad99b1932f671ebf50c117db6?s=96&d=mm&r=g\",\"contentUrl\":\"https:\/\/secure.gravatar.com\/avatar\/85a5ec2ad99b1932f671ebf50c117db6?s=96&d=mm&r=g\",\"caption\":\"Reda\u00e7\u00e3o Travel3\"},\"sameAs\":[\"http:\/\/www.travel3.com.br\/\"],\"url\":\"https:\/\/www.travel3.com.br\/site\/author\/redacao\/\"}]}<\/script>\n<!-- \/ Yoast SEO plugin. -->","yoast_head_json":{"title":"Roteiro das Praias conecta mais de 2.300 praias entre S\u00e3o Paulo e Rio - Travel3","description":"Nova rota tur\u00edstica integra 15 destinos do litoral de S\u00e3o Paulo e Rio, com praias, ilhas e cachoeiras ao longo da Rodovia Rio-Santos","robots":{"index":"index","follow":"follow","max-snippet":"max-snippet:-1","max-image-preview":"max-image-preview:large","max-video-preview":"max-video-preview:-1"},"canonical":"https:\/\/www.travel3.com.br\/site\/acontece-no-turismo\/roteiro-das-praias-sp-rio\/","og_locale":"pt_BR","og_type":"article","og_title":"Roteiro das Praias conecta mais de 2.300 praias entre S\u00e3o Paulo e Rio - Travel3","og_description":"Nova rota tur\u00edstica integra 15 destinos do litoral de S\u00e3o Paulo e Rio, com praias, ilhas e cachoeiras ao longo da Rodovia Rio-Santos","og_url":"https:\/\/www.travel3.com.br\/site\/acontece-no-turismo\/roteiro-das-praias-sp-rio\/","og_site_name":"Travel3","article_publisher":"https:\/\/www.facebook.com\/travel3media\/","article_published_time":"2026-01-23T11:47:52+00:00","article_modified_time":"2026-01-23T11:48:25+00:00","og_image":[{"width":1280,"height":853,"url":"https:\/\/www.travel3.com.br\/site\/wp-content\/uploads\/2026\/01\/Praia-do-Camaroeiro-em-Caraguatatuba-litoral-norte-de-SP-que-faz-parte-do-Roteiro-Foto-Reginaldo-Pupo-Roteiro-das-Praias-SP-Rio_Easy-Resize.com_.jpg","type":"image\/jpeg"}],"author":"Reda\u00e7\u00e3o Travel3","twitter_card":"summary_large_image","twitter_misc":{"Escrito por":"Reda\u00e7\u00e3o Travel3","Est. tempo de leitura":"4 minutos"},"schema":{"@context":"https:\/\/schema.org","@graph":[{"@type":"Article","@id":"https:\/\/www.travel3.com.br\/site\/acontece-no-turismo\/roteiro-das-praias-sp-rio\/#article","isPartOf":{"@id":"https:\/\/www.travel3.com.br\/site\/acontece-no-turismo\/roteiro-das-praias-sp-rio\/"},"author":{"name":"Reda\u00e7\u00e3o Travel3","@id":"https:\/\/www.travel3.com.br\/site\/#\/schema\/person\/89251b0320bc67697de92249f97f3fdb"},"headline":"Roteiro das Praias conecta mais de 2.300 praias entre S\u00e3o Paulo e Rio","datePublished":"2026-01-23T11:47:52+00:00","dateModified":"2026-01-23T11:48:25+00:00","mainEntityOfPage":{"@id":"https:\/\/www.travel3.com.br\/site\/acontece-no-turismo\/roteiro-das-praias-sp-rio\/"},"wordCount":604,"commentCount":0,"publisher":{"@id":"https:\/\/www.travel3.com.br\/site\/#organization"},"image":{"@id":"https:\/\/www.travel3.com.br\/site\/acontece-no-turismo\/roteiro-das-praias-sp-rio\/#primaryimage"},"thumbnailUrl":"https:\/\/www.travel3.com.br\/site\/wp-content\/uploads\/2026\/01\/Praia-do-Camaroeiro-em-Caraguatatuba-litoral-norte-de-SP-que-faz-parte-do-Roteiro-Foto-Reginaldo-Pupo-Roteiro-das-Praias-SP-Rio_Easy-Resize.com_.jpg","keywords":["Angra dos Reis","B\u00fazios","cabo frio","guaruj\u00e1","Ilhabela","Paraty","Roteiro das Praias SP-Rio","Santos","Ubatuba","Via Lagos"],"articleSection":["Acontece no Turismo"],"inLanguage":"pt-BR","potentialAction":[{"@type":"CommentAction","name":"Comment","target":["https:\/\/www.travel3.com.br\/site\/acontece-no-turismo\/roteiro-das-praias-sp-rio\/#respond"]}]},{"@type":"WebPage","@id":"https:\/\/www.travel3.com.br\/site\/acontece-no-turismo\/roteiro-das-praias-sp-rio\/","url":"https:\/\/www.travel3.com.br\/site\/acontece-no-turismo\/roteiro-das-praias-sp-rio\/","name":"Roteiro das Praias conecta mais de 2.300 praias entre S\u00e3o Paulo e Rio - Travel3","isPartOf":{"@id":"https:\/\/www.travel3.com.br\/site\/#website"},"primaryImageOfPage":{"@id":"https:\/\/www.travel3.com.br\/site\/acontece-no-turismo\/roteiro-das-praias-sp-rio\/#primaryimage"},"image":{"@id":"https:\/\/www.travel3.com.br\/site\/acontece-no-turismo\/roteiro-das-praias-sp-rio\/#primaryimage"},"thumbnailUrl":"https:\/\/www.travel3.com.br\/site\/wp-content\/uploads\/2026\/01\/Praia-do-Camaroeiro-em-Caraguatatuba-litoral-norte-de-SP-que-faz-parte-do-Roteiro-Foto-Reginaldo-Pupo-Roteiro-das-Praias-SP-Rio_Easy-Resize.com_.jpg","datePublished":"2026-01-23T11:47:52+00:00","dateModified":"2026-01-23T11:48:25+00:00","description":"Nova rota tur\u00edstica integra 15 destinos do litoral de S\u00e3o Paulo e Rio, com praias, ilhas e cachoeiras ao longo da Rodovia Rio-Santos","breadcrumb":{"@id":"https:\/\/www.travel3.com.br\/site\/acontece-no-turismo\/roteiro-das-praias-sp-rio\/#breadcrumb"},"inLanguage":"pt-BR","potentialAction":[{"@type":"ReadAction","target":["https:\/\/www.travel3.com.br\/site\/acontece-no-turismo\/roteiro-das-praias-sp-rio\/"]}]},{"@type":"ImageObject","inLanguage":"pt-BR","@id":"https:\/\/www.travel3.com.br\/site\/acontece-no-turismo\/roteiro-das-praias-sp-rio\/#primaryimage","url":"https:\/\/www.travel3.com.br\/site\/wp-content\/uploads\/2026\/01\/Praia-do-Camaroeiro-em-Caraguatatuba-litoral-norte-de-SP-que-faz-parte-do-Roteiro-Foto-Reginaldo-Pupo-Roteiro-das-Praias-SP-Rio_Easy-Resize.com_.jpg","contentUrl":"https:\/\/www.travel3.com.br\/site\/wp-content\/uploads\/2026\/01\/Praia-do-Camaroeiro-em-Caraguatatuba-litoral-norte-de-SP-que-faz-parte-do-Roteiro-Foto-Reginaldo-Pupo-Roteiro-das-Praias-SP-Rio_Easy-Resize.com_.jpg","width":1280,"height":853,"caption":"Praia do Camaroeiro, em Caraguatatuba, litoral norte de SP, que faz parte do Roteiro (Foto: Reginaldo Pupo\/Divulga\u00e7\u00e3o)"},{"@type":"BreadcrumbList","@id":"https:\/\/www.travel3.com.br\/site\/acontece-no-turismo\/roteiro-das-praias-sp-rio\/#breadcrumb","itemListElement":[{"@type":"ListItem","position":1,"name":"In\u00edcio","item":"https:\/\/www.travel3.com.br\/site\/"},{"@type":"ListItem","position":2,"name":"Roteiro das Praias conecta mais de 2.300 praias entre S\u00e3o Paulo e Rio"}]},{"@type":"WebSite","@id":"https:\/\/www.travel3.com.br\/site\/#website","url":"https:\/\/www.travel3.com.br\/site\/","name":"Travel3","description":"Lazer + Neg&oacute;cios + Aventura","publisher":{"@id":"https:\/\/www.travel3.com.br\/site\/#organization"},"potentialAction":[{"@type":"SearchAction","target":{"@type":"EntryPoint","urlTemplate":"https:\/\/www.travel3.com.br\/site\/?s={search_term_string}"},"query-input":{"@type":"PropertyValueSpecification","valueRequired":true,"valueName":"search_term_string"}}],"inLanguage":"pt-BR"},{"@type":"Organization","@id":"https:\/\/www.travel3.com.br\/site\/#organization","name":"Travel3","url":"https:\/\/www.travel3.com.br\/site\/","logo":{"@type":"ImageObject","inLanguage":"pt-BR","@id":"https:\/\/www.travel3.com.br\/site\/#\/schema\/logo\/image\/","url":"https:\/\/www.travel3.com.br\/site\/wp-content\/uploads\/2020\/01\/logo-travel3-2020.png","contentUrl":"https:\/\/www.travel3.com.br\/site\/wp-content\/uploads\/2020\/01\/logo-travel3-2020.png","width":232,"height":79,"caption":"Travel3"},"image":{"@id":"https:\/\/www.travel3.com.br\/site\/#\/schema\/logo\/image\/"},"sameAs":["https:\/\/www.facebook.com\/travel3media\/","https:\/\/www.instagram.com\/revistatravel3\/","https:\/\/www.youtube.com\/channel\/UCno7J4paGBR3VbZQzvoJ9Eg"]},{"@type":"Person","@id":"https:\/\/www.travel3.com.br\/site\/#\/schema\/person\/89251b0320bc67697de92249f97f3fdb","name":"Reda\u00e7\u00e3o Travel3","image":{"@type":"ImageObject","inLanguage":"pt-BR","@id":"https:\/\/www.travel3.com.br\/site\/#\/schema\/person\/image\/","url":"https:\/\/secure.gravatar.com\/avatar\/85a5ec2ad99b1932f671ebf50c117db6?s=96&d=mm&r=g","contentUrl":"https:\/\/secure.gravatar.com\/avatar\/85a5ec2ad99b1932f671ebf50c117db6?s=96&d=mm&r=g","caption":"Reda\u00e7\u00e3o Travel3"},"sameAs":["http:\/\/www.travel3.com.br\/"],"url":"https:\/\/www.travel3.com.br\/site\/author\/redacao\/"}]}},"_links":{"self":[{"href":"https:\/\/www.travel3.com.br\/site\/wp-json\/wp\/v2\/posts\/80328","targetHints":{"allow":["GET"]}}],"collection":[{"href":"https:\/\/www.travel3.com.br\/site\/wp-json\/wp\/v2\/posts"}],"about":[{"href":"https:\/\/www.travel3.com.br\/site\/wp-json\/wp\/v2\/types\/post"}],"author":[{"embeddable":true,"href":"https:\/\/www.travel3.com.br\/site\/wp-json\/wp\/v2\/users\/5"}],"replies":[{"embeddable":true,"href":"https:\/\/www.travel3.com.br\/site\/wp-json\/wp\/v2\/comments?post=80328"}],"version-history":[{"count":4,"href":"https:\/\/www.travel3.com.br\/site\/wp-json\/wp\/v2\/posts\/80328\/revisions"}],"predecessor-version":[{"id":80343,"href":"https:\/\/www.travel3.com.br\/site\/wp-json\/wp\/v2\/posts\/80328\/revisions\/80343"}],"wp:featuredmedia":[{"embeddable":true,"href":"https:\/\/www.travel3.com.br\/site\/wp-json\/wp\/v2\/media\/80340"}],"wp:attachment":[{"href":"https:\/\/www.travel3.com.br\/site\/wp-json\/wp\/v2\/media?parent=80328"}],"wp:term":[{"taxonomy":"category","embeddable":true,"href":"https:\/\/www.travel3.com.br\/site\/wp-json\/wp\/v2\/categories?post=80328"},{"taxonomy":"post_tag","embeddable":true,"href":"https:\/\/www.travel3.com.br\/site\/wp-json\/wp\/v2\/tags?post=80328"}],"curies":[{"name":"wp","href":"https:\/\/api.w.org\/{rel}","templated":true}]}}