{"id":80314,"date":"2026-01-21T10:33:22","date_gmt":"2026-01-21T13:33:22","guid":{"rendered":"https:\/\/www.travel3.com.br\/site\/?p=80314"},"modified":"2026-01-23T08:30:26","modified_gmt":"2026-01-23T11:30:26","slug":"temporada-inverno-2026-portillo","status":"publish","type":"post","link":"https:\/\/www.travel3.com.br\/site\/acontece-no-turismo\/temporada-inverno-2026-portillo\/","title":{"rendered":"Portillo divulga programas da temporada de inverno 2026"},"content":{"rendered":"\n<h2 class=\"wp-block-heading\">Esta\u00e7\u00e3o chilena abre em junho com Ski Weeks, Mini Weeks e benef\u00edcios para fam\u00edlias<\/h2>\n\n\n\n<p>Portillo anunciou os programas da temporada de inverno 2026, com abertura prevista para 20 de junho e encerramento em 26 de setembro. Localizada na Cordilheira dos Andes, \u00e0s margens da Laguna del Inca, a esta\u00e7\u00e3o de esqui no Chile opera em sistema integrado de hospedagem e montanha, com acesso direto \u00e0s pistas.<\/p>\n\n\n\n<p>Al\u00e9m das tradicionais Ski Weeks, com sete noites, Portillo mant\u00e9m as Mini Weeks, com estadias de tr\u00eas ou quatro noites. Para 2026, a esta\u00e7\u00e3o apresenta uma s\u00e9rie de benef\u00edcios comerciais. A promo\u00e7\u00e3o \u201c1 Kid Free\u201d permite que uma crian\u00e7a de 4 a 11 anos se hospede gratuitamente entre 20 de junho e 25 de julho ou entre 29 de agosto e 26 de setembro.<\/p>\n\n\n\n<p>H\u00f3spedes que reservarem uma Ski Week entre 4 de julho e 29 de agosto recebem uma noite cortesia em Santiago, em hot\u00e9is como Ritz-Carlton, Bidasoa e Sheraton. Entre 18 de julho e 1\u00ba de agosto, o traslado regular entre Santiago e Portillo tamb\u00e9m est\u00e1 inclu\u00eddo sem custo adicional.<\/p>\n\n\n\n<p>Outra op\u00e7\u00e3o dispon\u00edvel \u00e9 a combina\u00e7\u00e3o da estada em Portillo com a Vin\u00edcola VIK Chile. Ao adquirir uma Mini Week de quatro noites na esta\u00e7\u00e3o de esqui e tr\u00eas noites all inclusive na VIK, o viajante recebe 20% de desconto em ambos os destinos.<\/p>\n\n\n\n<h3 class=\"wp-block-heading\">Infraestrutura e experi\u00eancia<\/h3>\n\n\n\n<p>Portillo re\u00fane hotel principal, lodges e chal\u00e9s, al\u00e9m de restaurantes, bar, piscina aquecida, academia, spa, salas de conviv\u00eancia e \u00e1reas dedicadas a crian\u00e7as e adolescentes. A estrutura atende tanto esquiadores quanto acompanhantes.<\/p>\n\n\n\n<p>A esta\u00e7\u00e3o conta com 35 pistas para diferentes n\u00edveis, 14 meios de eleva\u00e7\u00e3o, escola de esqui, loca\u00e7\u00e3o de equipamentos e sistema ski-in\/ski-out, que permite acesso direto \u00e0s montanhas a partir do hotel.<\/p>\n\n\n\n<p>Com capacidade limitada, Portillo opera em modelo organizado, com controle de p\u00fablico e fluxo nas pistas. O formato atrai esquiadores experientes, fam\u00edlias e viajantes que buscam uma temporada de inverno nos Andes com previsibilidade, conforto e foco na experi\u00eancia de neve. Para saber mais, <strong><a href=\"https:\/\/skiportillo.com\/\" target=\"_blank\" rel=\"noreferrer noopener\">acesse o site oficial<\/a><\/strong>.<\/p>\n\n\n\n<p><\/p>\n","protected":false},"excerpt":{"rendered":"<p>Esta\u00e7\u00e3o chilena abre em junho com Ski Weeks, Mini Weeks e benef\u00edcios para fam\u00edlias<\/p>\n","protected":false},"author":5,"featured_media":55961,"comment_status":"open","ping_status":"open","sticky":false,"template":"","format":"standard","meta":{"footnotes":""},"categories":[969,174,884,10],"tags":[310,1025,2512,5284,7131,5004],"class_list":["post-80314","post","type-post","status-publish","format-standard","has-post-thumbnail","hentry","category-acontece-no-turismo","category-america-do-sul","category-comece-a-viajar","category-destinos","tag-chile","tag-esqui","tag-estacao-de-esqui","tag-portillo","tag-temporada-de-inverno","tag-temporada-de-neve"],"yoast_head":"<!-- This site is optimized with the Yoast SEO plugin v26.2 - https:\/\/yoast.com\/wordpress\/plugins\/seo\/ -->\n<title>Portillo divulga programas da temporada de inverno 2026 - Travel3<\/title>\n<meta name=\"description\" content=\"Temporada de inverno 2026 em Portillo come\u00e7a em junho, com Ski Weeks, Mini Weeks, crian\u00e7a gr\u00e1tis e benef\u00edcios para quem esquia nos Andes\" \/>\n<meta name=\"robots\" content=\"index, follow, max-snippet:-1, max-image-preview:large, max-video-preview:-1\" \/>\n<link rel=\"canonical\" href=\"https:\/\/www.travel3.com.br\/site\/acontece-no-turismo\/temporada-inverno-2026-portillo\/\" \/>\n<meta property=\"og:locale\" content=\"pt_BR\" \/>\n<meta property=\"og:type\" content=\"article\" \/>\n<meta property=\"og:title\" content=\"Portillo divulga programas da temporada de inverno 2026 - Travel3\" \/>\n<meta property=\"og:description\" content=\"Temporada de inverno 2026 em Portillo come\u00e7a em junho, com Ski Weeks, Mini Weeks, crian\u00e7a gr\u00e1tis e benef\u00edcios para quem esquia nos Andes\" \/>\n<meta property=\"og:url\" content=\"https:\/\/www.travel3.com.br\/site\/acontece-no-turismo\/temporada-inverno-2026-portillo\/\" \/>\n<meta property=\"og:site_name\" content=\"Travel3\" \/>\n<meta property=\"article:publisher\" content=\"https:\/\/www.facebook.com\/travel3media\/\" \/>\n<meta property=\"article:published_time\" content=\"2026-01-21T13:33:22+00:00\" \/>\n<meta property=\"article:modified_time\" content=\"2026-01-23T11:30:26+00:00\" \/>\n<meta property=\"og:image\" content=\"https:\/\/www.travel3.com.br\/site\/wp-content\/uploads\/2023\/01\/Hotel-7_Easy-Resize.com_.jpg\" \/>\n\t<meta property=\"og:image:width\" content=\"1280\" \/>\n\t<meta property=\"og:image:height\" content=\"870\" \/>\n\t<meta property=\"og:image:type\" content=\"image\/jpeg\" \/>\n<meta name=\"author\" content=\"Reda\u00e7\u00e3o Travel3\" \/>\n<meta name=\"twitter:card\" content=\"summary_large_image\" \/>\n<meta name=\"twitter:label1\" content=\"Escrito por\" \/>\n\t<meta name=\"twitter:data1\" content=\"Reda\u00e7\u00e3o Travel3\" \/>\n\t<meta name=\"twitter:label2\" content=\"Est. tempo de leitura\" \/>\n\t<meta name=\"twitter:data2\" content=\"3 minutos\" \/>\n<script type=\"application\/ld+json\" class=\"yoast-schema-graph\">{\"@context\":\"https:\/\/schema.org\",\"@graph\":[{\"@type\":\"Article\",\"@id\":\"https:\/\/www.travel3.com.br\/site\/acontece-no-turismo\/temporada-inverno-2026-portillo\/#article\",\"isPartOf\":{\"@id\":\"https:\/\/www.travel3.com.br\/site\/acontece-no-turismo\/temporada-inverno-2026-portillo\/\"},\"author\":{\"name\":\"Reda\u00e7\u00e3o Travel3\",\"@id\":\"https:\/\/www.travel3.com.br\/site\/#\/schema\/person\/89251b0320bc67697de92249f97f3fdb\"},\"headline\":\"Portillo divulga programas da temporada de inverno 2026\",\"datePublished\":\"2026-01-21T13:33:22+00:00\",\"dateModified\":\"2026-01-23T11:30:26+00:00\",\"mainEntityOfPage\":{\"@id\":\"https:\/\/www.travel3.com.br\/site\/acontece-no-turismo\/temporada-inverno-2026-portillo\/\"},\"wordCount\":361,\"commentCount\":0,\"publisher\":{\"@id\":\"https:\/\/www.travel3.com.br\/site\/#organization\"},\"image\":{\"@id\":\"https:\/\/www.travel3.com.br\/site\/acontece-no-turismo\/temporada-inverno-2026-portillo\/#primaryimage\"},\"thumbnailUrl\":\"https:\/\/www.travel3.com.br\/site\/wp-content\/uploads\/2023\/01\/Hotel-7_Easy-Resize.com_.jpg\",\"keywords\":[\"Chile\",\"Esqui\",\"Esta\u00e7\u00e3o de Esqui\",\"portillo\",\"temporada de inverno\",\"Temporada de Neve\"],\"articleSection\":[\"Acontece no Turismo\",\"Am\u00e9rica do Sul\",\"Comece a Viajar\",\"Destinos\"],\"inLanguage\":\"pt-BR\",\"potentialAction\":[{\"@type\":\"CommentAction\",\"name\":\"Comment\",\"target\":[\"https:\/\/www.travel3.com.br\/site\/acontece-no-turismo\/temporada-inverno-2026-portillo\/#respond\"]}]},{\"@type\":\"WebPage\",\"@id\":\"https:\/\/www.travel3.com.br\/site\/acontece-no-turismo\/temporada-inverno-2026-portillo\/\",\"url\":\"https:\/\/www.travel3.com.br\/site\/acontece-no-turismo\/temporada-inverno-2026-portillo\/\",\"name\":\"Portillo divulga programas da temporada de inverno 2026 - Travel3\",\"isPartOf\":{\"@id\":\"https:\/\/www.travel3.com.br\/site\/#website\"},\"primaryImageOfPage\":{\"@id\":\"https:\/\/www.travel3.com.br\/site\/acontece-no-turismo\/temporada-inverno-2026-portillo\/#primaryimage\"},\"image\":{\"@id\":\"https:\/\/www.travel3.com.br\/site\/acontece-no-turismo\/temporada-inverno-2026-portillo\/#primaryimage\"},\"thumbnailUrl\":\"https:\/\/www.travel3.com.br\/site\/wp-content\/uploads\/2023\/01\/Hotel-7_Easy-Resize.com_.jpg\",\"datePublished\":\"2026-01-21T13:33:22+00:00\",\"dateModified\":\"2026-01-23T11:30:26+00:00\",\"description\":\"Temporada de inverno 2026 em Portillo come\u00e7a em junho, com Ski Weeks, Mini Weeks, crian\u00e7a gr\u00e1tis e benef\u00edcios para quem esquia nos Andes\",\"breadcrumb\":{\"@id\":\"https:\/\/www.travel3.com.br\/site\/acontece-no-turismo\/temporada-inverno-2026-portillo\/#breadcrumb\"},\"inLanguage\":\"pt-BR\",\"potentialAction\":[{\"@type\":\"ReadAction\",\"target\":[\"https:\/\/www.travel3.com.br\/site\/acontece-no-turismo\/temporada-inverno-2026-portillo\/\"]}]},{\"@type\":\"ImageObject\",\"inLanguage\":\"pt-BR\",\"@id\":\"https:\/\/www.travel3.com.br\/site\/acontece-no-turismo\/temporada-inverno-2026-portillo\/#primaryimage\",\"url\":\"https:\/\/www.travel3.com.br\/site\/wp-content\/uploads\/2023\/01\/Hotel-7_Easy-Resize.com_.jpg\",\"contentUrl\":\"https:\/\/www.travel3.com.br\/site\/wp-content\/uploads\/2023\/01\/Hotel-7_Easy-Resize.com_.jpg\",\"width\":1280,\"height\":870,\"caption\":\"Foto: Divulga\u00e7\u00e3o\"},{\"@type\":\"BreadcrumbList\",\"@id\":\"https:\/\/www.travel3.com.br\/site\/acontece-no-turismo\/temporada-inverno-2026-portillo\/#breadcrumb\",\"itemListElement\":[{\"@type\":\"ListItem\",\"position\":1,\"name\":\"In\u00edcio\",\"item\":\"https:\/\/www.travel3.com.br\/site\/\"},{\"@type\":\"ListItem\",\"position\":2,\"name\":\"Portillo divulga programas da temporada de inverno 2026\"}]},{\"@type\":\"WebSite\",\"@id\":\"https:\/\/www.travel3.com.br\/site\/#website\",\"url\":\"https:\/\/www.travel3.com.br\/site\/\",\"name\":\"Travel3\",\"description\":\"Lazer + Neg&oacute;cios + Aventura\",\"publisher\":{\"@id\":\"https:\/\/www.travel3.com.br\/site\/#organization\"},\"potentialAction\":[{\"@type\":\"SearchAction\",\"target\":{\"@type\":\"EntryPoint\",\"urlTemplate\":\"https:\/\/www.travel3.com.br\/site\/?s={search_term_string}\"},\"query-input\":{\"@type\":\"PropertyValueSpecification\",\"valueRequired\":true,\"valueName\":\"search_term_string\"}}],\"inLanguage\":\"pt-BR\"},{\"@type\":\"Organization\",\"@id\":\"https:\/\/www.travel3.com.br\/site\/#organization\",\"name\":\"Travel3\",\"url\":\"https:\/\/www.travel3.com.br\/site\/\",\"logo\":{\"@type\":\"ImageObject\",\"inLanguage\":\"pt-BR\",\"@id\":\"https:\/\/www.travel3.com.br\/site\/#\/schema\/logo\/image\/\",\"url\":\"https:\/\/www.travel3.com.br\/site\/wp-content\/uploads\/2020\/01\/logo-travel3-2020.png\",\"contentUrl\":\"https:\/\/www.travel3.com.br\/site\/wp-content\/uploads\/2020\/01\/logo-travel3-2020.png\",\"width\":232,\"height\":79,\"caption\":\"Travel3\"},\"image\":{\"@id\":\"https:\/\/www.travel3.com.br\/site\/#\/schema\/logo\/image\/\"},\"sameAs\":[\"https:\/\/www.facebook.com\/travel3media\/\",\"https:\/\/www.instagram.com\/revistatravel3\/\",\"https:\/\/www.youtube.com\/channel\/UCno7J4paGBR3VbZQzvoJ9Eg\"]},{\"@type\":\"Person\",\"@id\":\"https:\/\/www.travel3.com.br\/site\/#\/schema\/person\/89251b0320bc67697de92249f97f3fdb\",\"name\":\"Reda\u00e7\u00e3o Travel3\",\"image\":{\"@type\":\"ImageObject\",\"inLanguage\":\"pt-BR\",\"@id\":\"https:\/\/www.travel3.com.br\/site\/#\/schema\/person\/image\/\",\"url\":\"https:\/\/secure.gravatar.com\/avatar\/85a5ec2ad99b1932f671ebf50c117db6?s=96&d=mm&r=g\",\"contentUrl\":\"https:\/\/secure.gravatar.com\/avatar\/85a5ec2ad99b1932f671ebf50c117db6?s=96&d=mm&r=g\",\"caption\":\"Reda\u00e7\u00e3o Travel3\"},\"sameAs\":[\"http:\/\/www.travel3.com.br\/\"],\"url\":\"https:\/\/www.travel3.com.br\/site\/author\/redacao\/\"}]}<\/script>\n<!-- \/ Yoast SEO plugin. -->","yoast_head_json":{"title":"Portillo divulga programas da temporada de inverno 2026 - Travel3","description":"Temporada de inverno 2026 em Portillo come\u00e7a em junho, com Ski Weeks, Mini Weeks, crian\u00e7a gr\u00e1tis e benef\u00edcios para quem esquia nos Andes","robots":{"index":"index","follow":"follow","max-snippet":"max-snippet:-1","max-image-preview":"max-image-preview:large","max-video-preview":"max-video-preview:-1"},"canonical":"https:\/\/www.travel3.com.br\/site\/acontece-no-turismo\/temporada-inverno-2026-portillo\/","og_locale":"pt_BR","og_type":"article","og_title":"Portillo divulga programas da temporada de inverno 2026 - Travel3","og_description":"Temporada de inverno 2026 em Portillo come\u00e7a em junho, com Ski Weeks, Mini Weeks, crian\u00e7a gr\u00e1tis e benef\u00edcios para quem esquia nos Andes","og_url":"https:\/\/www.travel3.com.br\/site\/acontece-no-turismo\/temporada-inverno-2026-portillo\/","og_site_name":"Travel3","article_publisher":"https:\/\/www.facebook.com\/travel3media\/","article_published_time":"2026-01-21T13:33:22+00:00","article_modified_time":"2026-01-23T11:30:26+00:00","og_image":[{"width":1280,"height":870,"url":"https:\/\/www.travel3.com.br\/site\/wp-content\/uploads\/2023\/01\/Hotel-7_Easy-Resize.com_.jpg","type":"image\/jpeg"}],"author":"Reda\u00e7\u00e3o Travel3","twitter_card":"summary_large_image","twitter_misc":{"Escrito por":"Reda\u00e7\u00e3o Travel3","Est. tempo de leitura":"3 minutos"},"schema":{"@context":"https:\/\/schema.org","@graph":[{"@type":"Article","@id":"https:\/\/www.travel3.com.br\/site\/acontece-no-turismo\/temporada-inverno-2026-portillo\/#article","isPartOf":{"@id":"https:\/\/www.travel3.com.br\/site\/acontece-no-turismo\/temporada-inverno-2026-portillo\/"},"author":{"name":"Reda\u00e7\u00e3o Travel3","@id":"https:\/\/www.travel3.com.br\/site\/#\/schema\/person\/89251b0320bc67697de92249f97f3fdb"},"headline":"Portillo divulga programas da temporada de inverno 2026","datePublished":"2026-01-21T13:33:22+00:00","dateModified":"2026-01-23T11:30:26+00:00","mainEntityOfPage":{"@id":"https:\/\/www.travel3.com.br\/site\/acontece-no-turismo\/temporada-inverno-2026-portillo\/"},"wordCount":361,"commentCount":0,"publisher":{"@id":"https:\/\/www.travel3.com.br\/site\/#organization"},"image":{"@id":"https:\/\/www.travel3.com.br\/site\/acontece-no-turismo\/temporada-inverno-2026-portillo\/#primaryimage"},"thumbnailUrl":"https:\/\/www.travel3.com.br\/site\/wp-content\/uploads\/2023\/01\/Hotel-7_Easy-Resize.com_.jpg","keywords":["Chile","Esqui","Esta\u00e7\u00e3o de Esqui","portillo","temporada de inverno","Temporada de Neve"],"articleSection":["Acontece no Turismo","Am\u00e9rica do Sul","Comece a Viajar","Destinos"],"inLanguage":"pt-BR","potentialAction":[{"@type":"CommentAction","name":"Comment","target":["https:\/\/www.travel3.com.br\/site\/acontece-no-turismo\/temporada-inverno-2026-portillo\/#respond"]}]},{"@type":"WebPage","@id":"https:\/\/www.travel3.com.br\/site\/acontece-no-turismo\/temporada-inverno-2026-portillo\/","url":"https:\/\/www.travel3.com.br\/site\/acontece-no-turismo\/temporada-inverno-2026-portillo\/","name":"Portillo divulga programas da temporada de inverno 2026 - Travel3","isPartOf":{"@id":"https:\/\/www.travel3.com.br\/site\/#website"},"primaryImageOfPage":{"@id":"https:\/\/www.travel3.com.br\/site\/acontece-no-turismo\/temporada-inverno-2026-portillo\/#primaryimage"},"image":{"@id":"https:\/\/www.travel3.com.br\/site\/acontece-no-turismo\/temporada-inverno-2026-portillo\/#primaryimage"},"thumbnailUrl":"https:\/\/www.travel3.com.br\/site\/wp-content\/uploads\/2023\/01\/Hotel-7_Easy-Resize.com_.jpg","datePublished":"2026-01-21T13:33:22+00:00","dateModified":"2026-01-23T11:30:26+00:00","description":"Temporada de inverno 2026 em Portillo come\u00e7a em junho, com Ski Weeks, Mini Weeks, crian\u00e7a gr\u00e1tis e benef\u00edcios para quem esquia nos Andes","breadcrumb":{"@id":"https:\/\/www.travel3.com.br\/site\/acontece-no-turismo\/temporada-inverno-2026-portillo\/#breadcrumb"},"inLanguage":"pt-BR","potentialAction":[{"@type":"ReadAction","target":["https:\/\/www.travel3.com.br\/site\/acontece-no-turismo\/temporada-inverno-2026-portillo\/"]}]},{"@type":"ImageObject","inLanguage":"pt-BR","@id":"https:\/\/www.travel3.com.br\/site\/acontece-no-turismo\/temporada-inverno-2026-portillo\/#primaryimage","url":"https:\/\/www.travel3.com.br\/site\/wp-content\/uploads\/2023\/01\/Hotel-7_Easy-Resize.com_.jpg","contentUrl":"https:\/\/www.travel3.com.br\/site\/wp-content\/uploads\/2023\/01\/Hotel-7_Easy-Resize.com_.jpg","width":1280,"height":870,"caption":"Foto: Divulga\u00e7\u00e3o"},{"@type":"BreadcrumbList","@id":"https:\/\/www.travel3.com.br\/site\/acontece-no-turismo\/temporada-inverno-2026-portillo\/#breadcrumb","itemListElement":[{"@type":"ListItem","position":1,"name":"In\u00edcio","item":"https:\/\/www.travel3.com.br\/site\/"},{"@type":"ListItem","position":2,"name":"Portillo divulga programas da temporada de inverno 2026"}]},{"@type":"WebSite","@id":"https:\/\/www.travel3.com.br\/site\/#website","url":"https:\/\/www.travel3.com.br\/site\/","name":"Travel3","description":"Lazer + Neg&oacute;cios + Aventura","publisher":{"@id":"https:\/\/www.travel3.com.br\/site\/#organization"},"potentialAction":[{"@type":"SearchAction","target":{"@type":"EntryPoint","urlTemplate":"https:\/\/www.travel3.com.br\/site\/?s={search_term_string}"},"query-input":{"@type":"PropertyValueSpecification","valueRequired":true,"valueName":"search_term_string"}}],"inLanguage":"pt-BR"},{"@type":"Organization","@id":"https:\/\/www.travel3.com.br\/site\/#organization","name":"Travel3","url":"https:\/\/www.travel3.com.br\/site\/","logo":{"@type":"ImageObject","inLanguage":"pt-BR","@id":"https:\/\/www.travel3.com.br\/site\/#\/schema\/logo\/image\/","url":"https:\/\/www.travel3.com.br\/site\/wp-content\/uploads\/2020\/01\/logo-travel3-2020.png","contentUrl":"https:\/\/www.travel3.com.br\/site\/wp-content\/uploads\/2020\/01\/logo-travel3-2020.png","width":232,"height":79,"caption":"Travel3"},"image":{"@id":"https:\/\/www.travel3.com.br\/site\/#\/schema\/logo\/image\/"},"sameAs":["https:\/\/www.facebook.com\/travel3media\/","https:\/\/www.instagram.com\/revistatravel3\/","https:\/\/www.youtube.com\/channel\/UCno7J4paGBR3VbZQzvoJ9Eg"]},{"@type":"Person","@id":"https:\/\/www.travel3.com.br\/site\/#\/schema\/person\/89251b0320bc67697de92249f97f3fdb","name":"Reda\u00e7\u00e3o Travel3","image":{"@type":"ImageObject","inLanguage":"pt-BR","@id":"https:\/\/www.travel3.com.br\/site\/#\/schema\/person\/image\/","url":"https:\/\/secure.gravatar.com\/avatar\/85a5ec2ad99b1932f671ebf50c117db6?s=96&d=mm&r=g","contentUrl":"https:\/\/secure.gravatar.com\/avatar\/85a5ec2ad99b1932f671ebf50c117db6?s=96&d=mm&r=g","caption":"Reda\u00e7\u00e3o Travel3"},"sameAs":["http:\/\/www.travel3.com.br\/"],"url":"https:\/\/www.travel3.com.br\/site\/author\/redacao\/"}]}},"_links":{"self":[{"href":"https:\/\/www.travel3.com.br\/site\/wp-json\/wp\/v2\/posts\/80314","targetHints":{"allow":["GET"]}}],"collection":[{"href":"https:\/\/www.travel3.com.br\/site\/wp-json\/wp\/v2\/posts"}],"about":[{"href":"https:\/\/www.travel3.com.br\/site\/wp-json\/wp\/v2\/types\/post"}],"author":[{"embeddable":true,"href":"https:\/\/www.travel3.com.br\/site\/wp-json\/wp\/v2\/users\/5"}],"replies":[{"embeddable":true,"href":"https:\/\/www.travel3.com.br\/site\/wp-json\/wp\/v2\/comments?post=80314"}],"version-history":[{"count":4,"href":"https:\/\/www.travel3.com.br\/site\/wp-json\/wp\/v2\/posts\/80314\/revisions"}],"predecessor-version":[{"id":80339,"href":"https:\/\/www.travel3.com.br\/site\/wp-json\/wp\/v2\/posts\/80314\/revisions\/80339"}],"wp:featuredmedia":[{"embeddable":true,"href":"https:\/\/www.travel3.com.br\/site\/wp-json\/wp\/v2\/media\/55961"}],"wp:attachment":[{"href":"https:\/\/www.travel3.com.br\/site\/wp-json\/wp\/v2\/media?parent=80314"}],"wp:term":[{"taxonomy":"category","embeddable":true,"href":"https:\/\/www.travel3.com.br\/site\/wp-json\/wp\/v2\/categories?post=80314"},{"taxonomy":"post_tag","embeddable":true,"href":"https:\/\/www.travel3.com.br\/site\/wp-json\/wp\/v2\/tags?post=80314"}],"curies":[{"name":"wp","href":"https:\/\/api.w.org\/{rel}","templated":true}]}}