{"id":80305,"date":"2026-01-21T07:48:14","date_gmt":"2026-01-21T10:48:14","guid":{"rendered":"https:\/\/www.travel3.com.br\/site\/?p=80305"},"modified":"2026-01-21T07:48:16","modified_gmt":"2026-01-21T10:48:16","slug":"la-mamounia-arquitetura-design-marrakech","status":"publish","type":"post","link":"https:\/\/www.travel3.com.br\/site\/hotel\/internacional\/la-mamounia-arquitetura-design-marrakech\/","title":{"rendered":"La Mamounia: a arquitetura ic\u00f4nica que marca o luxo em Marrakech"},"content":{"rendered":"\n<h2 class=\"wp-block-heading\">Hotel-pal\u00e1cio une tradi\u00e7\u00e3o marroquina e design contempor\u00e2neo em projeto que atravessa um s\u00e9culo<\/h2>\n\n\n\n<p>Desde 1923, o hotel <strong>La Mamounia<\/strong> ocupa posi\u00e7\u00e3o central na paisagem urbana e cultural de Marrakech. Localizado no cora\u00e7\u00e3o da cidade, o empreendimento consolidou uma identidade arquitet\u00f4nica que combina refer\u00eancias da tradi\u00e7\u00e3o marroquina com linhas do art d\u00e9co europeu, em um projeto concebido pelos arquitetos franceses Henri Prost e Antoine Marchisio. A proposta uniu c\u00f3digos ancestrais do Magrebe a padr\u00f5es ocidentais de conforto, em uma leitura que atravessou gera\u00e7\u00f5es.<\/p>\n\n\n<div class=\"wp-block-image\">\n<figure class=\"aligncenter size-large is-resized\"><img loading=\"lazy\" decoding=\"async\" width=\"1024\" height=\"722\" src=\"https:\/\/www.travel3.com.br\/site\/wp-content\/uploads\/2023\/06\/Entree-Principale_Easy-Resize.com_-1024x722.jpg\" alt=\"La Mamounia\" class=\"wp-image-61037\" style=\"width:797px;height:auto\" srcset=\"https:\/\/www.travel3.com.br\/site\/wp-content\/uploads\/2023\/06\/Entree-Principale_Easy-Resize.com_-1024x722.jpg 1024w, https:\/\/www.travel3.com.br\/site\/wp-content\/uploads\/2023\/06\/Entree-Principale_Easy-Resize.com_-300x211.jpg 300w, https:\/\/www.travel3.com.br\/site\/wp-content\/uploads\/2023\/06\/Entree-Principale_Easy-Resize.com_-768x541.jpg 768w, https:\/\/www.travel3.com.br\/site\/wp-content\/uploads\/2023\/06\/Entree-Principale_Easy-Resize.com_-150x106.jpg 150w, https:\/\/www.travel3.com.br\/site\/wp-content\/uploads\/2023\/06\/Entree-Principale_Easy-Resize.com_-120x86.jpg 120w, https:\/\/www.travel3.com.br\/site\/wp-content\/uploads\/2023\/06\/Entree-Principale_Easy-Resize.com_-750x529.jpg 750w, https:\/\/www.travel3.com.br\/site\/wp-content\/uploads\/2023\/06\/Entree-Principale_Easy-Resize.com_-1140x803.jpg 1140w, https:\/\/www.travel3.com.br\/site\/wp-content\/uploads\/2023\/06\/Entree-Principale_Easy-Resize.com_.jpg 1280w\" sizes=\"auto, (max-width: 1024px) 100vw, 1024px\" \/><figcaption class=\"wp-element-caption\">Foto: Divulga\u00e7\u00e3o<\/figcaption><\/figure><\/div>\n\n\n<p>A fachada com arcos, pain\u00e9is de madeira entalhada e mosaicos zellige remete aos pal\u00e1cios hist\u00f3ricos da regi\u00e3o. Ao mesmo tempo, elementos art d\u00e9co organizam volumes, aberturas e circula\u00e7\u00f5es. P\u00e1tios, jardins e galerias estruturam a rela\u00e7\u00e3o entre interior e exterior, em di\u00e1logo com o modelo dos riads marroquinos, e criam \u00e1reas de perman\u00eancia em meio ao tecido urbano de Marrakech.<\/p>\n\n\n\n<p>Nos ambientes internos, o hotel valoriza o artesanato local. Revestimentos em tadelakt, madeiras trabalhadas \u00e0 m\u00e3o, metais moldados por artes\u00e3os e tecidos de origem regional comp\u00f5em a ambienta\u00e7\u00e3o. Sal\u00f5es amplos com tetos pintados, colunas ornamentadas e ilumina\u00e7\u00e3o c\u00eanica dividem espa\u00e7o com lounges e \u00e1reas gastron\u00f4micas que adotam mobili\u00e1rio sob medida, tapetes berberes e obras de arte selecionadas. Cada espa\u00e7o articula heran\u00e7a cultural e linguagem contempor\u00e2nea.<\/p>\n\n\n<div class=\"wp-block-image\">\n<figure class=\"aligncenter size-large is-resized\"><img loading=\"lazy\" decoding=\"async\" width=\"1024\" height=\"682\" src=\"https:\/\/www.travel3.com.br\/site\/wp-content\/uploads\/2023\/06\/MAM_2020_0730_Easy-Resize.com_-1024x682.jpg\" alt=\"Suite do La Mamounia\" class=\"wp-image-61038\" style=\"width:784px;height:auto\" srcset=\"https:\/\/www.travel3.com.br\/site\/wp-content\/uploads\/2023\/06\/MAM_2020_0730_Easy-Resize.com_-1024x682.jpg 1024w, https:\/\/www.travel3.com.br\/site\/wp-content\/uploads\/2023\/06\/MAM_2020_0730_Easy-Resize.com_-300x200.jpg 300w, https:\/\/www.travel3.com.br\/site\/wp-content\/uploads\/2023\/06\/MAM_2020_0730_Easy-Resize.com_-768x512.jpg 768w, https:\/\/www.travel3.com.br\/site\/wp-content\/uploads\/2023\/06\/MAM_2020_0730_Easy-Resize.com_-150x100.jpg 150w, https:\/\/www.travel3.com.br\/site\/wp-content\/uploads\/2023\/06\/MAM_2020_0730_Easy-Resize.com_-750x500.jpg 750w, https:\/\/www.travel3.com.br\/site\/wp-content\/uploads\/2023\/06\/MAM_2020_0730_Easy-Resize.com_-1140x760.jpg 1140w, https:\/\/www.travel3.com.br\/site\/wp-content\/uploads\/2023\/06\/MAM_2020_0730_Easy-Resize.com_.jpg 1280w\" sizes=\"auto, (max-width: 1024px) 100vw, 1024px\" \/><figcaption class=\"wp-element-caption\">Foto: Divulga\u00e7\u00e3o<\/figcaption><\/figure><\/div>\n\n\n<p>Em 2023, <strong><a href=\"https:\/\/www.travel3.com.br\/site\/destaque\/la-mamounia-icone-da-hotelaria-mundial-celebra-100-anos\/\" target=\"_blank\" rel=\"noreferrer noopener\">ano do centen\u00e1rio<\/a><\/strong>, La Mamounia passou por uma renova\u00e7\u00e3o conduzida pelo est\u00fadio Jouin Manku, de Patrick Jouin e Sanjit Manku. O projeto preservou a identidade hist\u00f3rica do hotel e introduziu novos materiais, fluxos e solu\u00e7\u00f5es de ilumina\u00e7\u00e3o. O lobby concentrou a principal interven\u00e7\u00e3o, com a instala\u00e7\u00e3o do chamado Lustre do Centen\u00e1rio.<\/p>\n\n\n\n<p>Integrada ao teto piramidal do espa\u00e7o, a pe\u00e7a assume forma escult\u00f3rica e remete aos colares tradicionais berberes tamazight. O conjunto re\u00fane duas estruturas complementares. A interna apresenta arabescos de inspira\u00e7\u00e3o mourisca, com cordas de passamanaria vermelha e mais de 500 pingentes de maillechort e prata, moldados manualmente por artes\u00e3os marroquinos. A externa, criada em parceria com o est\u00fadio tcheco Lasvit, utiliza contas de vidro luminoso com diferentes texturas, que reagem \u00e0 luz ao longo do dia.<\/p>\n\n\n<div class=\"wp-block-image\">\n<figure class=\"aligncenter size-large is-resized\"><img loading=\"lazy\" decoding=\"async\" width=\"1024\" height=\"768\" src=\"https:\/\/www.travel3.com.br\/site\/wp-content\/uploads\/2026\/01\/Lustre-do-Centenario_Easy-Resize.com_-1024x768.jpg\" alt=\"La Mamounia Lustre do Centen\u00e1rio\" class=\"wp-image-80307\" style=\"width:752px;height:auto\" srcset=\"https:\/\/www.travel3.com.br\/site\/wp-content\/uploads\/2026\/01\/Lustre-do-Centenario_Easy-Resize.com_-1024x768.jpg 1024w, https:\/\/www.travel3.com.br\/site\/wp-content\/uploads\/2026\/01\/Lustre-do-Centenario_Easy-Resize.com_-300x225.jpg 300w, https:\/\/www.travel3.com.br\/site\/wp-content\/uploads\/2026\/01\/Lustre-do-Centenario_Easy-Resize.com_-768x576.jpg 768w, https:\/\/www.travel3.com.br\/site\/wp-content\/uploads\/2026\/01\/Lustre-do-Centenario_Easy-Resize.com_-150x113.jpg 150w, https:\/\/www.travel3.com.br\/site\/wp-content\/uploads\/2026\/01\/Lustre-do-Centenario_Easy-Resize.com_-750x563.jpg 750w, https:\/\/www.travel3.com.br\/site\/wp-content\/uploads\/2026\/01\/Lustre-do-Centenario_Easy-Resize.com_-1140x855.jpg 1140w, https:\/\/www.travel3.com.br\/site\/wp-content\/uploads\/2026\/01\/Lustre-do-Centenario_Easy-Resize.com_.jpg 1280w\" sizes=\"auto, (max-width: 1024px) 100vw, 1024px\" \/><figcaption class=\"wp-element-caption\">Lustre do Centen\u00e1rio (Foto: Divulga\u00e7\u00e3o)<\/figcaption><\/figure><\/div>\n\n\n<p>No piso, um espelho d\u2019\u00e1gua em vidro texturizado reflete o lustre e amplia a percep\u00e7\u00e3o de profundidade. O conjunto estabelece rela\u00e7\u00e3o direta entre arquitetura, artesanato e ilumina\u00e7\u00e3o, e passa a funcionar como ponto central da circula\u00e7\u00e3o.<\/p>\n\n\n<div class=\"wp-block-image\">\n<figure class=\"aligncenter size-large is-resized\"><img loading=\"lazy\" decoding=\"async\" width=\"1024\" height=\"682\" src=\"https:\/\/www.travel3.com.br\/site\/wp-content\/uploads\/2026\/01\/Vista-da-piscina-e-dos-jardins-La-Mamounia-em-Marrakech_Easy-Resize.com_-1024x682.jpg\" alt=\"La Mamounia em Marrakech\" class=\"wp-image-80306\" style=\"width:820px;height:auto\" srcset=\"https:\/\/www.travel3.com.br\/site\/wp-content\/uploads\/2026\/01\/Vista-da-piscina-e-dos-jardins-La-Mamounia-em-Marrakech_Easy-Resize.com_-1024x682.jpg 1024w, https:\/\/www.travel3.com.br\/site\/wp-content\/uploads\/2026\/01\/Vista-da-piscina-e-dos-jardins-La-Mamounia-em-Marrakech_Easy-Resize.com_-300x200.jpg 300w, https:\/\/www.travel3.com.br\/site\/wp-content\/uploads\/2026\/01\/Vista-da-piscina-e-dos-jardins-La-Mamounia-em-Marrakech_Easy-Resize.com_-768x512.jpg 768w, https:\/\/www.travel3.com.br\/site\/wp-content\/uploads\/2026\/01\/Vista-da-piscina-e-dos-jardins-La-Mamounia-em-Marrakech_Easy-Resize.com_-150x100.jpg 150w, https:\/\/www.travel3.com.br\/site\/wp-content\/uploads\/2026\/01\/Vista-da-piscina-e-dos-jardins-La-Mamounia-em-Marrakech_Easy-Resize.com_-750x500.jpg 750w, https:\/\/www.travel3.com.br\/site\/wp-content\/uploads\/2026\/01\/Vista-da-piscina-e-dos-jardins-La-Mamounia-em-Marrakech_Easy-Resize.com_-1140x760.jpg 1140w, https:\/\/www.travel3.com.br\/site\/wp-content\/uploads\/2026\/01\/Vista-da-piscina-e-dos-jardins-La-Mamounia-em-Marrakech_Easy-Resize.com_.jpg 1280w\" sizes=\"auto, (max-width: 1024px) 100vw, 1024px\" \/><figcaption class=\"wp-element-caption\">Vista da piscina e dos jardins (Foto: Divulga\u00e7\u00e3o)<\/figcaption><\/figure><\/div>\n\n\n<p>A renova\u00e7\u00e3o tamb\u00e9m alcan\u00e7ou lounges, galerias e bares. Materiais como carvalho fum\u00ea e m\u00e1rmore negro passaram a integrar \u00e1reas emblem\u00e1ticas, como o Churchill Bar, que homenageia Winston Churchill, h\u00f3spede frequente do hotel, e os espa\u00e7os inspirados na obra de Jacques Majorelle. As interven\u00e7\u00f5es mant\u00eam refer\u00eancias hist\u00f3ricas e atualizam a linguagem visual.<\/p>\n\n\n\n<p>Com esse projeto, La Mamounia reafirma sua posi\u00e7\u00e3o no cen\u00e1rio internacional da hotelaria. Mais do que um meio de hospedagem, o hotel atua como espa\u00e7o de experi\u00eancia est\u00e9tica e cultural, em que arquitetura, design e patrim\u00f4nio constroem uma narrativa cont\u00ednua entre passado e presente.<\/p>\n","protected":false},"excerpt":{"rendered":"<p>Hotel-pal\u00e1cio une tradi\u00e7\u00e3o marroquina e design contempor\u00e2neo em projeto que atravessa um s\u00e9culo<\/p>\n","protected":false},"author":5,"featured_media":27548,"comment_status":"open","ping_status":"open","sticky":false,"template":"","format":"standard","meta":{"footnotes":""},"categories":[177,226,10,4882,167,169],"tags":[1853,1127,7130,754,7057,718,717],"class_list":["post-80305","post","type-post","status-publish","format-standard","has-post-thumbnail","hentry","category-africa","category-destaque","category-destinos","category-home","category-hotel","category-internacional","tag-design","tag-hotel-de-luxo","tag-hotel-palacio","tag-la-mamounia","tag-luxury-travel","tag-marrakech","tag-marrocos"],"yoast_head":"<!-- This site is optimized with the Yoast SEO plugin v26.2 - https:\/\/yoast.com\/wordpress\/plugins\/seo\/ -->\n<title>La Mamounia: a arquitetura ic\u00f4nica que marca o luxo em Marrakech - Travel3<\/title>\n<meta name=\"description\" content=\"La Mamounia em Marrakech une tradi\u00e7\u00e3o marroquina e design contempor\u00e2neo em projeto arquitet\u00f4nico que marca a hist\u00f3ria da hotelaria de luxo\" \/>\n<meta name=\"robots\" content=\"index, follow, max-snippet:-1, max-image-preview:large, max-video-preview:-1\" \/>\n<link rel=\"canonical\" href=\"https:\/\/www.travel3.com.br\/site\/hotel\/internacional\/la-mamounia-arquitetura-design-marrakech\/\" \/>\n<meta property=\"og:locale\" content=\"pt_BR\" \/>\n<meta property=\"og:type\" content=\"article\" \/>\n<meta property=\"og:title\" content=\"La Mamounia: a arquitetura ic\u00f4nica que marca o luxo em Marrakech - Travel3\" \/>\n<meta property=\"og:description\" content=\"La Mamounia em Marrakech une tradi\u00e7\u00e3o marroquina e design contempor\u00e2neo em projeto arquitet\u00f4nico que marca a hist\u00f3ria da hotelaria de luxo\" \/>\n<meta property=\"og:url\" content=\"https:\/\/www.travel3.com.br\/site\/hotel\/internacional\/la-mamounia-arquitetura-design-marrakech\/\" \/>\n<meta property=\"og:site_name\" content=\"Travel3\" \/>\n<meta property=\"article:publisher\" content=\"https:\/\/www.facebook.com\/travel3media\/\" \/>\n<meta property=\"article:published_time\" content=\"2026-01-21T10:48:14+00:00\" \/>\n<meta property=\"article:modified_time\" content=\"2026-01-21T10:48:16+00:00\" \/>\n<meta property=\"og:image\" content=\"https:\/\/www.travel3.com.br\/site\/wp-content\/uploads\/2019\/10\/accueil-resizejpg.jpg\" \/>\n\t<meta property=\"og:image:width\" content=\"1536\" \/>\n\t<meta property=\"og:image:height\" content=\"1025\" \/>\n\t<meta property=\"og:image:type\" content=\"image\/jpeg\" \/>\n<meta name=\"author\" content=\"Reda\u00e7\u00e3o Travel3\" \/>\n<meta name=\"twitter:card\" content=\"summary_large_image\" \/>\n<meta name=\"twitter:label1\" content=\"Escrito por\" \/>\n\t<meta name=\"twitter:data1\" content=\"Reda\u00e7\u00e3o Travel3\" \/>\n\t<meta name=\"twitter:label2\" content=\"Est. tempo de leitura\" \/>\n\t<meta name=\"twitter:data2\" content=\"4 minutos\" \/>\n<script type=\"application\/ld+json\" class=\"yoast-schema-graph\">{\"@context\":\"https:\/\/schema.org\",\"@graph\":[{\"@type\":\"Article\",\"@id\":\"https:\/\/www.travel3.com.br\/site\/hotel\/internacional\/la-mamounia-arquitetura-design-marrakech\/#article\",\"isPartOf\":{\"@id\":\"https:\/\/www.travel3.com.br\/site\/hotel\/internacional\/la-mamounia-arquitetura-design-marrakech\/\"},\"author\":{\"name\":\"Reda\u00e7\u00e3o Travel3\",\"@id\":\"https:\/\/www.travel3.com.br\/site\/#\/schema\/person\/89251b0320bc67697de92249f97f3fdb\"},\"headline\":\"La Mamounia: a arquitetura ic\u00f4nica que marca o luxo em Marrakech\",\"datePublished\":\"2026-01-21T10:48:14+00:00\",\"dateModified\":\"2026-01-21T10:48:16+00:00\",\"mainEntityOfPage\":{\"@id\":\"https:\/\/www.travel3.com.br\/site\/hotel\/internacional\/la-mamounia-arquitetura-design-marrakech\/\"},\"wordCount\":570,\"commentCount\":0,\"publisher\":{\"@id\":\"https:\/\/www.travel3.com.br\/site\/#organization\"},\"image\":{\"@id\":\"https:\/\/www.travel3.com.br\/site\/hotel\/internacional\/la-mamounia-arquitetura-design-marrakech\/#primaryimage\"},\"thumbnailUrl\":\"https:\/\/www.travel3.com.br\/site\/wp-content\/uploads\/2019\/10\/accueil-resizejpg.jpg\",\"keywords\":[\"design\",\"hotel de luxo\",\"hotel-pal\u00e1cio\",\"La Mamounia\",\"luxury travel\",\"Marrakech\",\"Marrocos\"],\"articleSection\":[\"\u00c1frica\",\"Destaque\",\"Destinos\",\"Home\",\"Hotel\",\"Hotel Internacional\"],\"inLanguage\":\"pt-BR\",\"potentialAction\":[{\"@type\":\"CommentAction\",\"name\":\"Comment\",\"target\":[\"https:\/\/www.travel3.com.br\/site\/hotel\/internacional\/la-mamounia-arquitetura-design-marrakech\/#respond\"]}]},{\"@type\":\"WebPage\",\"@id\":\"https:\/\/www.travel3.com.br\/site\/hotel\/internacional\/la-mamounia-arquitetura-design-marrakech\/\",\"url\":\"https:\/\/www.travel3.com.br\/site\/hotel\/internacional\/la-mamounia-arquitetura-design-marrakech\/\",\"name\":\"La Mamounia: a arquitetura ic\u00f4nica que marca o luxo em Marrakech - Travel3\",\"isPartOf\":{\"@id\":\"https:\/\/www.travel3.com.br\/site\/#website\"},\"primaryImageOfPage\":{\"@id\":\"https:\/\/www.travel3.com.br\/site\/hotel\/internacional\/la-mamounia-arquitetura-design-marrakech\/#primaryimage\"},\"image\":{\"@id\":\"https:\/\/www.travel3.com.br\/site\/hotel\/internacional\/la-mamounia-arquitetura-design-marrakech\/#primaryimage\"},\"thumbnailUrl\":\"https:\/\/www.travel3.com.br\/site\/wp-content\/uploads\/2019\/10\/accueil-resizejpg.jpg\",\"datePublished\":\"2026-01-21T10:48:14+00:00\",\"dateModified\":\"2026-01-21T10:48:16+00:00\",\"description\":\"La Mamounia em Marrakech une tradi\u00e7\u00e3o marroquina e design contempor\u00e2neo em projeto arquitet\u00f4nico que marca a hist\u00f3ria da hotelaria de luxo\",\"breadcrumb\":{\"@id\":\"https:\/\/www.travel3.com.br\/site\/hotel\/internacional\/la-mamounia-arquitetura-design-marrakech\/#breadcrumb\"},\"inLanguage\":\"pt-BR\",\"potentialAction\":[{\"@type\":\"ReadAction\",\"target\":[\"https:\/\/www.travel3.com.br\/site\/hotel\/internacional\/la-mamounia-arquitetura-design-marrakech\/\"]}]},{\"@type\":\"ImageObject\",\"inLanguage\":\"pt-BR\",\"@id\":\"https:\/\/www.travel3.com.br\/site\/hotel\/internacional\/la-mamounia-arquitetura-design-marrakech\/#primaryimage\",\"url\":\"https:\/\/www.travel3.com.br\/site\/wp-content\/uploads\/2019\/10\/accueil-resizejpg.jpg\",\"contentUrl\":\"https:\/\/www.travel3.com.br\/site\/wp-content\/uploads\/2019\/10\/accueil-resizejpg.jpg\",\"width\":1536,\"height\":1025,\"caption\":\"Entrada do hotel La Mamounia, um \u00edcone da hotelaria mundial (Foto: La Mamounia\/Divulga\u00e7\u00e3o)\"},{\"@type\":\"BreadcrumbList\",\"@id\":\"https:\/\/www.travel3.com.br\/site\/hotel\/internacional\/la-mamounia-arquitetura-design-marrakech\/#breadcrumb\",\"itemListElement\":[{\"@type\":\"ListItem\",\"position\":1,\"name\":\"In\u00edcio\",\"item\":\"https:\/\/www.travel3.com.br\/site\/\"},{\"@type\":\"ListItem\",\"position\":2,\"name\":\"La Mamounia: a arquitetura ic\u00f4nica que marca o luxo em Marrakech\"}]},{\"@type\":\"WebSite\",\"@id\":\"https:\/\/www.travel3.com.br\/site\/#website\",\"url\":\"https:\/\/www.travel3.com.br\/site\/\",\"name\":\"Travel3\",\"description\":\"Lazer + Neg&oacute;cios + Aventura\",\"publisher\":{\"@id\":\"https:\/\/www.travel3.com.br\/site\/#organization\"},\"potentialAction\":[{\"@type\":\"SearchAction\",\"target\":{\"@type\":\"EntryPoint\",\"urlTemplate\":\"https:\/\/www.travel3.com.br\/site\/?s={search_term_string}\"},\"query-input\":{\"@type\":\"PropertyValueSpecification\",\"valueRequired\":true,\"valueName\":\"search_term_string\"}}],\"inLanguage\":\"pt-BR\"},{\"@type\":\"Organization\",\"@id\":\"https:\/\/www.travel3.com.br\/site\/#organization\",\"name\":\"Travel3\",\"url\":\"https:\/\/www.travel3.com.br\/site\/\",\"logo\":{\"@type\":\"ImageObject\",\"inLanguage\":\"pt-BR\",\"@id\":\"https:\/\/www.travel3.com.br\/site\/#\/schema\/logo\/image\/\",\"url\":\"https:\/\/www.travel3.com.br\/site\/wp-content\/uploads\/2020\/01\/logo-travel3-2020.png\",\"contentUrl\":\"https:\/\/www.travel3.com.br\/site\/wp-content\/uploads\/2020\/01\/logo-travel3-2020.png\",\"width\":232,\"height\":79,\"caption\":\"Travel3\"},\"image\":{\"@id\":\"https:\/\/www.travel3.com.br\/site\/#\/schema\/logo\/image\/\"},\"sameAs\":[\"https:\/\/www.facebook.com\/travel3media\/\",\"https:\/\/www.instagram.com\/revistatravel3\/\",\"https:\/\/www.youtube.com\/channel\/UCno7J4paGBR3VbZQzvoJ9Eg\"]},{\"@type\":\"Person\",\"@id\":\"https:\/\/www.travel3.com.br\/site\/#\/schema\/person\/89251b0320bc67697de92249f97f3fdb\",\"name\":\"Reda\u00e7\u00e3o Travel3\",\"image\":{\"@type\":\"ImageObject\",\"inLanguage\":\"pt-BR\",\"@id\":\"https:\/\/www.travel3.com.br\/site\/#\/schema\/person\/image\/\",\"url\":\"https:\/\/secure.gravatar.com\/avatar\/85a5ec2ad99b1932f671ebf50c117db6?s=96&d=mm&r=g\",\"contentUrl\":\"https:\/\/secure.gravatar.com\/avatar\/85a5ec2ad99b1932f671ebf50c117db6?s=96&d=mm&r=g\",\"caption\":\"Reda\u00e7\u00e3o Travel3\"},\"sameAs\":[\"http:\/\/www.travel3.com.br\/\"],\"url\":\"https:\/\/www.travel3.com.br\/site\/author\/redacao\/\"}]}<\/script>\n<!-- \/ Yoast SEO plugin. -->","yoast_head_json":{"title":"La Mamounia: a arquitetura ic\u00f4nica que marca o luxo em Marrakech - Travel3","description":"La Mamounia em Marrakech une tradi\u00e7\u00e3o marroquina e design contempor\u00e2neo em projeto arquitet\u00f4nico que marca a hist\u00f3ria da hotelaria de luxo","robots":{"index":"index","follow":"follow","max-snippet":"max-snippet:-1","max-image-preview":"max-image-preview:large","max-video-preview":"max-video-preview:-1"},"canonical":"https:\/\/www.travel3.com.br\/site\/hotel\/internacional\/la-mamounia-arquitetura-design-marrakech\/","og_locale":"pt_BR","og_type":"article","og_title":"La Mamounia: a arquitetura ic\u00f4nica que marca o luxo em Marrakech - Travel3","og_description":"La Mamounia em Marrakech une tradi\u00e7\u00e3o marroquina e design contempor\u00e2neo em projeto arquitet\u00f4nico que marca a hist\u00f3ria da hotelaria de luxo","og_url":"https:\/\/www.travel3.com.br\/site\/hotel\/internacional\/la-mamounia-arquitetura-design-marrakech\/","og_site_name":"Travel3","article_publisher":"https:\/\/www.facebook.com\/travel3media\/","article_published_time":"2026-01-21T10:48:14+00:00","article_modified_time":"2026-01-21T10:48:16+00:00","og_image":[{"width":1536,"height":1025,"url":"https:\/\/www.travel3.com.br\/site\/wp-content\/uploads\/2019\/10\/accueil-resizejpg.jpg","type":"image\/jpeg"}],"author":"Reda\u00e7\u00e3o Travel3","twitter_card":"summary_large_image","twitter_misc":{"Escrito por":"Reda\u00e7\u00e3o Travel3","Est. tempo de leitura":"4 minutos"},"schema":{"@context":"https:\/\/schema.org","@graph":[{"@type":"Article","@id":"https:\/\/www.travel3.com.br\/site\/hotel\/internacional\/la-mamounia-arquitetura-design-marrakech\/#article","isPartOf":{"@id":"https:\/\/www.travel3.com.br\/site\/hotel\/internacional\/la-mamounia-arquitetura-design-marrakech\/"},"author":{"name":"Reda\u00e7\u00e3o Travel3","@id":"https:\/\/www.travel3.com.br\/site\/#\/schema\/person\/89251b0320bc67697de92249f97f3fdb"},"headline":"La Mamounia: a arquitetura ic\u00f4nica que marca o luxo em Marrakech","datePublished":"2026-01-21T10:48:14+00:00","dateModified":"2026-01-21T10:48:16+00:00","mainEntityOfPage":{"@id":"https:\/\/www.travel3.com.br\/site\/hotel\/internacional\/la-mamounia-arquitetura-design-marrakech\/"},"wordCount":570,"commentCount":0,"publisher":{"@id":"https:\/\/www.travel3.com.br\/site\/#organization"},"image":{"@id":"https:\/\/www.travel3.com.br\/site\/hotel\/internacional\/la-mamounia-arquitetura-design-marrakech\/#primaryimage"},"thumbnailUrl":"https:\/\/www.travel3.com.br\/site\/wp-content\/uploads\/2019\/10\/accueil-resizejpg.jpg","keywords":["design","hotel de luxo","hotel-pal\u00e1cio","La Mamounia","luxury travel","Marrakech","Marrocos"],"articleSection":["\u00c1frica","Destaque","Destinos","Home","Hotel","Hotel Internacional"],"inLanguage":"pt-BR","potentialAction":[{"@type":"CommentAction","name":"Comment","target":["https:\/\/www.travel3.com.br\/site\/hotel\/internacional\/la-mamounia-arquitetura-design-marrakech\/#respond"]}]},{"@type":"WebPage","@id":"https:\/\/www.travel3.com.br\/site\/hotel\/internacional\/la-mamounia-arquitetura-design-marrakech\/","url":"https:\/\/www.travel3.com.br\/site\/hotel\/internacional\/la-mamounia-arquitetura-design-marrakech\/","name":"La Mamounia: a arquitetura ic\u00f4nica que marca o luxo em Marrakech - Travel3","isPartOf":{"@id":"https:\/\/www.travel3.com.br\/site\/#website"},"primaryImageOfPage":{"@id":"https:\/\/www.travel3.com.br\/site\/hotel\/internacional\/la-mamounia-arquitetura-design-marrakech\/#primaryimage"},"image":{"@id":"https:\/\/www.travel3.com.br\/site\/hotel\/internacional\/la-mamounia-arquitetura-design-marrakech\/#primaryimage"},"thumbnailUrl":"https:\/\/www.travel3.com.br\/site\/wp-content\/uploads\/2019\/10\/accueil-resizejpg.jpg","datePublished":"2026-01-21T10:48:14+00:00","dateModified":"2026-01-21T10:48:16+00:00","description":"La Mamounia em Marrakech une tradi\u00e7\u00e3o marroquina e design contempor\u00e2neo em projeto arquitet\u00f4nico que marca a hist\u00f3ria da hotelaria de luxo","breadcrumb":{"@id":"https:\/\/www.travel3.com.br\/site\/hotel\/internacional\/la-mamounia-arquitetura-design-marrakech\/#breadcrumb"},"inLanguage":"pt-BR","potentialAction":[{"@type":"ReadAction","target":["https:\/\/www.travel3.com.br\/site\/hotel\/internacional\/la-mamounia-arquitetura-design-marrakech\/"]}]},{"@type":"ImageObject","inLanguage":"pt-BR","@id":"https:\/\/www.travel3.com.br\/site\/hotel\/internacional\/la-mamounia-arquitetura-design-marrakech\/#primaryimage","url":"https:\/\/www.travel3.com.br\/site\/wp-content\/uploads\/2019\/10\/accueil-resizejpg.jpg","contentUrl":"https:\/\/www.travel3.com.br\/site\/wp-content\/uploads\/2019\/10\/accueil-resizejpg.jpg","width":1536,"height":1025,"caption":"Entrada do hotel La Mamounia, um \u00edcone da hotelaria mundial (Foto: La Mamounia\/Divulga\u00e7\u00e3o)"},{"@type":"BreadcrumbList","@id":"https:\/\/www.travel3.com.br\/site\/hotel\/internacional\/la-mamounia-arquitetura-design-marrakech\/#breadcrumb","itemListElement":[{"@type":"ListItem","position":1,"name":"In\u00edcio","item":"https:\/\/www.travel3.com.br\/site\/"},{"@type":"ListItem","position":2,"name":"La Mamounia: a arquitetura ic\u00f4nica que marca o luxo em Marrakech"}]},{"@type":"WebSite","@id":"https:\/\/www.travel3.com.br\/site\/#website","url":"https:\/\/www.travel3.com.br\/site\/","name":"Travel3","description":"Lazer + Neg&oacute;cios + Aventura","publisher":{"@id":"https:\/\/www.travel3.com.br\/site\/#organization"},"potentialAction":[{"@type":"SearchAction","target":{"@type":"EntryPoint","urlTemplate":"https:\/\/www.travel3.com.br\/site\/?s={search_term_string}"},"query-input":{"@type":"PropertyValueSpecification","valueRequired":true,"valueName":"search_term_string"}}],"inLanguage":"pt-BR"},{"@type":"Organization","@id":"https:\/\/www.travel3.com.br\/site\/#organization","name":"Travel3","url":"https:\/\/www.travel3.com.br\/site\/","logo":{"@type":"ImageObject","inLanguage":"pt-BR","@id":"https:\/\/www.travel3.com.br\/site\/#\/schema\/logo\/image\/","url":"https:\/\/www.travel3.com.br\/site\/wp-content\/uploads\/2020\/01\/logo-travel3-2020.png","contentUrl":"https:\/\/www.travel3.com.br\/site\/wp-content\/uploads\/2020\/01\/logo-travel3-2020.png","width":232,"height":79,"caption":"Travel3"},"image":{"@id":"https:\/\/www.travel3.com.br\/site\/#\/schema\/logo\/image\/"},"sameAs":["https:\/\/www.facebook.com\/travel3media\/","https:\/\/www.instagram.com\/revistatravel3\/","https:\/\/www.youtube.com\/channel\/UCno7J4paGBR3VbZQzvoJ9Eg"]},{"@type":"Person","@id":"https:\/\/www.travel3.com.br\/site\/#\/schema\/person\/89251b0320bc67697de92249f97f3fdb","name":"Reda\u00e7\u00e3o Travel3","image":{"@type":"ImageObject","inLanguage":"pt-BR","@id":"https:\/\/www.travel3.com.br\/site\/#\/schema\/person\/image\/","url":"https:\/\/secure.gravatar.com\/avatar\/85a5ec2ad99b1932f671ebf50c117db6?s=96&d=mm&r=g","contentUrl":"https:\/\/secure.gravatar.com\/avatar\/85a5ec2ad99b1932f671ebf50c117db6?s=96&d=mm&r=g","caption":"Reda\u00e7\u00e3o Travel3"},"sameAs":["http:\/\/www.travel3.com.br\/"],"url":"https:\/\/www.travel3.com.br\/site\/author\/redacao\/"}]}},"_links":{"self":[{"href":"https:\/\/www.travel3.com.br\/site\/wp-json\/wp\/v2\/posts\/80305","targetHints":{"allow":["GET"]}}],"collection":[{"href":"https:\/\/www.travel3.com.br\/site\/wp-json\/wp\/v2\/posts"}],"about":[{"href":"https:\/\/www.travel3.com.br\/site\/wp-json\/wp\/v2\/types\/post"}],"author":[{"embeddable":true,"href":"https:\/\/www.travel3.com.br\/site\/wp-json\/wp\/v2\/users\/5"}],"replies":[{"embeddable":true,"href":"https:\/\/www.travel3.com.br\/site\/wp-json\/wp\/v2\/comments?post=80305"}],"version-history":[{"count":2,"href":"https:\/\/www.travel3.com.br\/site\/wp-json\/wp\/v2\/posts\/80305\/revisions"}],"predecessor-version":[{"id":80309,"href":"https:\/\/www.travel3.com.br\/site\/wp-json\/wp\/v2\/posts\/80305\/revisions\/80309"}],"wp:featuredmedia":[{"embeddable":true,"href":"https:\/\/www.travel3.com.br\/site\/wp-json\/wp\/v2\/media\/27548"}],"wp:attachment":[{"href":"https:\/\/www.travel3.com.br\/site\/wp-json\/wp\/v2\/media?parent=80305"}],"wp:term":[{"taxonomy":"category","embeddable":true,"href":"https:\/\/www.travel3.com.br\/site\/wp-json\/wp\/v2\/categories?post=80305"},{"taxonomy":"post_tag","embeddable":true,"href":"https:\/\/www.travel3.com.br\/site\/wp-json\/wp\/v2\/tags?post=80305"}],"curies":[{"name":"wp","href":"https:\/\/api.w.org\/{rel}","templated":true}]}}