{"id":80299,"date":"2026-01-20T10:50:17","date_gmt":"2026-01-20T13:50:17","guid":{"rendered":"https:\/\/www.travel3.com.br\/site\/?p=80299"},"modified":"2026-01-20T10:50:19","modified_gmt":"2026-01-20T13:50:19","slug":"azul-voo-direto-belo-horizonte-montevideu","status":"publish","type":"post","link":"https:\/\/www.travel3.com.br\/site\/ir-e-vir\/azul-voo-direto-belo-horizonte-montevideu\/","title":{"rendered":"Azul abre vendas de voo direto entre Belo Horizonte e Montevid\u00e9u"},"content":{"rendered":"\n<h2 class=\"wp-block-heading\">Nova rota internacional parte de Confins a partir de 4 de mar\u00e7o, com duas frequ\u00eancias semanais<\/h2>\n\n\n\n<p>A Azul iniciou hoje, 20\/1, as vendas de passagens para sua nova rota internacional entre Belo Horizonte (Aeroporto de Confins) e Montevid\u00e9u, no Uruguai. Os voos come\u00e7am em 4 de mar\u00e7o e j\u00e1 podem ser adquiridos no <strong><a href=\"https:\/\/www.voeazul.com.br\/home\/br\/pt\/home\">site oficial da companhia<\/a><\/strong>.<\/p>\n\n\n\n<p>A opera\u00e7\u00e3o ter\u00e1 duas frequ\u00eancias semanais, \u00e0s quartas-feiras e domingos, em aeronaves Embraer E2, com capacidade para at\u00e9 136 passageiros. As decolagens saem de Confins \u00e0s 10h, com chegada prevista em Montevid\u00e9u \u00e0s 13h25. No sentido inverso, os voos partem do Aeroporto Internacional de Carrasco \u00e0s 15h15, chegando a Belo Horizonte \u00e0s 18h40.<\/p>\n\n\n\n<p>O Aeroporto de Carrasco \u00e9 o principal terminal internacional do Uruguai e atende Montevid\u00e9u e sua regi\u00e3o metropolitana, concentrando as principais conex\u00f5es do pa\u00eds com o exterior.<\/p>\n\n\n\n<p>Segundo a Azul, a abertura da rota resulta de an\u00e1lise de demanda tur\u00edstica e corporativa, al\u00e9m do potencial de conex\u00f5es via o hub de Confins para outros destinos brasileiros. \u201c<strong><em>Identificamos um fluxo consistente entre Minas Gerais e o Uruguai, al\u00e9m de oportunidades de conex\u00e3o. A opera\u00e7\u00e3o refor\u00e7a nossa estrat\u00e9gia de ampliar a presen\u00e7a internacional de forma sustent\u00e1vel<\/em><\/strong>\u201d, afirma<strong> Beatriz Barbi<\/strong>, gerente s\u00eanior de Planejamento de Malha da companhia.<\/p>\n\n\n\n<p>Para o Minist\u00e9rio de Turismo do Uruguai, o voo marca a retomada de uma liga\u00e7\u00e3o estrat\u00e9gica com Minas Gerais. \u201c<strong><em>O Brasil \u00e9 um mercado priorit\u00e1rio. Trabalhamos desde 2025 para estreitar la\u00e7os com Belo Horizonte, e a concretiza\u00e7\u00e3o deste voo confirma o potencial desse mercado<\/em><\/strong>\u201d, diz <strong>Cristian Pos<\/strong>, diretor nacional de Turismo do pa\u00eds.<\/p>\n\n\n\n<p>O Governo de Minas destaca o impacto da nova rota na integra\u00e7\u00e3o regional. \u201c<strong><em>O voo direto entre Confins e Montevid\u00e9u amplia a malha a\u00e9rea internacional do estado, impulsiona o turismo e fortalece a inser\u00e7\u00e3o de Minas na Am\u00e9rica do Sul<\/em><\/strong>\u201d, afirma Mila Corr\u00eaa da Costa, secret\u00e1ria de Estado de Desenvolvimento Econ\u00f4mico.<\/p>\n\n\n\n<p>O BH Airport tamb\u00e9m ressalta o papel do terminal como hub regional. \u201c<strong><em>Ampliar destinos internacionais fortalece a conectividade dos mineiros com centros tur\u00edsticos e de neg\u00f3cios da regi\u00e3o<\/em><\/strong>\u201d, afirma Rodrigo C\u00f4rtes, diretor de Opera\u00e7\u00f5es do aeroporto.<\/p>\n\n\n\n<p>Atualmente, a Azul j\u00e1 opera voos entre Montevid\u00e9u e Recife e Campinas, al\u00e9m de rotas para Punta del Este a partir de Guarulhos. A nova liga\u00e7\u00e3o direta com Belo Horizonte amplia a presen\u00e7a da companhia no mercado uruguaio.<\/p>\n\n\n\n<p>+ <strong><a href=\"https:\/\/www.travel3.com.br\/site\/comece-a-viajar\/uruguai-destino-de-luxo-para-brasileiros\/\" target=\"_blank\" rel=\"noreferrer noopener\">Uruguai se firma como destino de luxo para brasileiros<\/a><\/strong><\/p>\n","protected":false},"excerpt":{"rendered":"<p>Nova rota internacional parte de Confins a partir de 4 de mar\u00e7o, com duas frequ\u00eancias semanais<\/p>\n","protected":false},"author":5,"featured_media":80300,"comment_status":"open","ping_status":"open","sticky":false,"template":"","format":"standard","meta":{"footnotes":""},"categories":[309,8],"tags":[6807,2503,394,4643,542],"class_list":["post-80299","post","type-post","status-publish","format-standard","has-post-thumbnail","hentry","category-ar","category-ir-e-vir","tag-aeroporto-de-confins","tag-azul-linhas-aereas","tag-belo-horizonte","tag-montevideu","tag-uruguai"],"yoast_head":"<!-- This site is optimized with the Yoast SEO plugin v26.2 - https:\/\/yoast.com\/wordpress\/plugins\/seo\/ -->\n<title>Azul abre vendas de voo direto entre Belo Horizonte e Montevid\u00e9u - Travel3<\/title>\n<meta name=\"description\" content=\"Azul inicia vendas do voo direto entre BH e Montevid\u00e9u; opera\u00e7\u00e3o come\u00e7a em 4 de mar\u00e7o, com 2 frequ\u00eancias semanais a partir de Confins\" \/>\n<meta name=\"robots\" content=\"index, follow, max-snippet:-1, max-image-preview:large, max-video-preview:-1\" \/>\n<link rel=\"canonical\" href=\"https:\/\/www.travel3.com.br\/site\/ir-e-vir\/azul-voo-direto-belo-horizonte-montevideu\/\" \/>\n<meta property=\"og:locale\" content=\"pt_BR\" \/>\n<meta property=\"og:type\" content=\"article\" \/>\n<meta property=\"og:title\" content=\"Azul abre vendas de voo direto entre Belo Horizonte e Montevid\u00e9u - Travel3\" \/>\n<meta property=\"og:description\" content=\"Azul inicia vendas do voo direto entre BH e Montevid\u00e9u; opera\u00e7\u00e3o come\u00e7a em 4 de mar\u00e7o, com 2 frequ\u00eancias semanais a partir de Confins\" \/>\n<meta property=\"og:url\" content=\"https:\/\/www.travel3.com.br\/site\/ir-e-vir\/azul-voo-direto-belo-horizonte-montevideu\/\" \/>\n<meta property=\"og:site_name\" content=\"Travel3\" \/>\n<meta property=\"article:publisher\" content=\"https:\/\/www.facebook.com\/travel3media\/\" \/>\n<meta property=\"article:published_time\" content=\"2026-01-20T13:50:17+00:00\" \/>\n<meta property=\"article:modified_time\" content=\"2026-01-20T13:50:19+00:00\" \/>\n<meta property=\"og:image\" content=\"https:\/\/www.travel3.com.br\/site\/wp-content\/uploads\/2026\/01\/Embraer-E2-responsavel-por-realizar-os-voos-3.jpg\" \/>\n\t<meta property=\"og:image:width\" content=\"1920\" \/>\n\t<meta property=\"og:image:height\" content=\"1280\" \/>\n\t<meta property=\"og:image:type\" content=\"image\/jpeg\" \/>\n<meta name=\"author\" content=\"Reda\u00e7\u00e3o Travel3\" \/>\n<meta name=\"twitter:card\" content=\"summary_large_image\" \/>\n<meta name=\"twitter:label1\" content=\"Escrito por\" \/>\n\t<meta name=\"twitter:data1\" content=\"Reda\u00e7\u00e3o Travel3\" \/>\n\t<meta name=\"twitter:label2\" content=\"Est. tempo de leitura\" \/>\n\t<meta name=\"twitter:data2\" content=\"3 minutos\" \/>\n<script type=\"application\/ld+json\" class=\"yoast-schema-graph\">{\"@context\":\"https:\/\/schema.org\",\"@graph\":[{\"@type\":\"Article\",\"@id\":\"https:\/\/www.travel3.com.br\/site\/ir-e-vir\/azul-voo-direto-belo-horizonte-montevideu\/#article\",\"isPartOf\":{\"@id\":\"https:\/\/www.travel3.com.br\/site\/ir-e-vir\/azul-voo-direto-belo-horizonte-montevideu\/\"},\"author\":{\"name\":\"Reda\u00e7\u00e3o Travel3\",\"@id\":\"https:\/\/www.travel3.com.br\/site\/#\/schema\/person\/89251b0320bc67697de92249f97f3fdb\"},\"headline\":\"Azul abre vendas de voo direto entre Belo Horizonte e Montevid\u00e9u\",\"datePublished\":\"2026-01-20T13:50:17+00:00\",\"dateModified\":\"2026-01-20T13:50:19+00:00\",\"mainEntityOfPage\":{\"@id\":\"https:\/\/www.travel3.com.br\/site\/ir-e-vir\/azul-voo-direto-belo-horizonte-montevideu\/\"},\"wordCount\":446,\"commentCount\":0,\"publisher\":{\"@id\":\"https:\/\/www.travel3.com.br\/site\/#organization\"},\"image\":{\"@id\":\"https:\/\/www.travel3.com.br\/site\/ir-e-vir\/azul-voo-direto-belo-horizonte-montevideu\/#primaryimage\"},\"thumbnailUrl\":\"https:\/\/www.travel3.com.br\/site\/wp-content\/uploads\/2026\/01\/Embraer-E2-responsavel-por-realizar-os-voos-3.jpg\",\"keywords\":[\"Aeroporto de Confins\",\"azul linhas a\u00e9reas\",\"Belo Horizonte\",\"Montevid\u00e9u\",\"uruguai\"],\"articleSection\":[\"Ar\",\"Ir e Vir\"],\"inLanguage\":\"pt-BR\",\"potentialAction\":[{\"@type\":\"CommentAction\",\"name\":\"Comment\",\"target\":[\"https:\/\/www.travel3.com.br\/site\/ir-e-vir\/azul-voo-direto-belo-horizonte-montevideu\/#respond\"]}]},{\"@type\":\"WebPage\",\"@id\":\"https:\/\/www.travel3.com.br\/site\/ir-e-vir\/azul-voo-direto-belo-horizonte-montevideu\/\",\"url\":\"https:\/\/www.travel3.com.br\/site\/ir-e-vir\/azul-voo-direto-belo-horizonte-montevideu\/\",\"name\":\"Azul abre vendas de voo direto entre Belo Horizonte e Montevid\u00e9u - Travel3\",\"isPartOf\":{\"@id\":\"https:\/\/www.travel3.com.br\/site\/#website\"},\"primaryImageOfPage\":{\"@id\":\"https:\/\/www.travel3.com.br\/site\/ir-e-vir\/azul-voo-direto-belo-horizonte-montevideu\/#primaryimage\"},\"image\":{\"@id\":\"https:\/\/www.travel3.com.br\/site\/ir-e-vir\/azul-voo-direto-belo-horizonte-montevideu\/#primaryimage\"},\"thumbnailUrl\":\"https:\/\/www.travel3.com.br\/site\/wp-content\/uploads\/2026\/01\/Embraer-E2-responsavel-por-realizar-os-voos-3.jpg\",\"datePublished\":\"2026-01-20T13:50:17+00:00\",\"dateModified\":\"2026-01-20T13:50:19+00:00\",\"description\":\"Azul inicia vendas do voo direto entre BH e Montevid\u00e9u; opera\u00e7\u00e3o come\u00e7a em 4 de mar\u00e7o, com 2 frequ\u00eancias semanais a partir de Confins\",\"breadcrumb\":{\"@id\":\"https:\/\/www.travel3.com.br\/site\/ir-e-vir\/azul-voo-direto-belo-horizonte-montevideu\/#breadcrumb\"},\"inLanguage\":\"pt-BR\",\"potentialAction\":[{\"@type\":\"ReadAction\",\"target\":[\"https:\/\/www.travel3.com.br\/site\/ir-e-vir\/azul-voo-direto-belo-horizonte-montevideu\/\"]}]},{\"@type\":\"ImageObject\",\"inLanguage\":\"pt-BR\",\"@id\":\"https:\/\/www.travel3.com.br\/site\/ir-e-vir\/azul-voo-direto-belo-horizonte-montevideu\/#primaryimage\",\"url\":\"https:\/\/www.travel3.com.br\/site\/wp-content\/uploads\/2026\/01\/Embraer-E2-responsavel-por-realizar-os-voos-3.jpg\",\"contentUrl\":\"https:\/\/www.travel3.com.br\/site\/wp-content\/uploads\/2026\/01\/Embraer-E2-responsavel-por-realizar-os-voos-3.jpg\",\"width\":1920,\"height\":1280,\"caption\":\"Nova rota da Azul entre Belo Horizonte e Montevid\u00e9u ter\u00e1 voos em aeronaves Embraer E2 (Foto: Divulga\u00e7\u00e3o)\"},{\"@type\":\"BreadcrumbList\",\"@id\":\"https:\/\/www.travel3.com.br\/site\/ir-e-vir\/azul-voo-direto-belo-horizonte-montevideu\/#breadcrumb\",\"itemListElement\":[{\"@type\":\"ListItem\",\"position\":1,\"name\":\"In\u00edcio\",\"item\":\"https:\/\/www.travel3.com.br\/site\/\"},{\"@type\":\"ListItem\",\"position\":2,\"name\":\"Azul abre vendas de voo direto entre Belo Horizonte e Montevid\u00e9u\"}]},{\"@type\":\"WebSite\",\"@id\":\"https:\/\/www.travel3.com.br\/site\/#website\",\"url\":\"https:\/\/www.travel3.com.br\/site\/\",\"name\":\"Travel3\",\"description\":\"Lazer + Neg&oacute;cios + Aventura\",\"publisher\":{\"@id\":\"https:\/\/www.travel3.com.br\/site\/#organization\"},\"potentialAction\":[{\"@type\":\"SearchAction\",\"target\":{\"@type\":\"EntryPoint\",\"urlTemplate\":\"https:\/\/www.travel3.com.br\/site\/?s={search_term_string}\"},\"query-input\":{\"@type\":\"PropertyValueSpecification\",\"valueRequired\":true,\"valueName\":\"search_term_string\"}}],\"inLanguage\":\"pt-BR\"},{\"@type\":\"Organization\",\"@id\":\"https:\/\/www.travel3.com.br\/site\/#organization\",\"name\":\"Travel3\",\"url\":\"https:\/\/www.travel3.com.br\/site\/\",\"logo\":{\"@type\":\"ImageObject\",\"inLanguage\":\"pt-BR\",\"@id\":\"https:\/\/www.travel3.com.br\/site\/#\/schema\/logo\/image\/\",\"url\":\"https:\/\/www.travel3.com.br\/site\/wp-content\/uploads\/2020\/01\/logo-travel3-2020.png\",\"contentUrl\":\"https:\/\/www.travel3.com.br\/site\/wp-content\/uploads\/2020\/01\/logo-travel3-2020.png\",\"width\":232,\"height\":79,\"caption\":\"Travel3\"},\"image\":{\"@id\":\"https:\/\/www.travel3.com.br\/site\/#\/schema\/logo\/image\/\"},\"sameAs\":[\"https:\/\/www.facebook.com\/travel3media\/\",\"https:\/\/www.instagram.com\/revistatravel3\/\",\"https:\/\/www.youtube.com\/channel\/UCno7J4paGBR3VbZQzvoJ9Eg\"]},{\"@type\":\"Person\",\"@id\":\"https:\/\/www.travel3.com.br\/site\/#\/schema\/person\/89251b0320bc67697de92249f97f3fdb\",\"name\":\"Reda\u00e7\u00e3o Travel3\",\"image\":{\"@type\":\"ImageObject\",\"inLanguage\":\"pt-BR\",\"@id\":\"https:\/\/www.travel3.com.br\/site\/#\/schema\/person\/image\/\",\"url\":\"https:\/\/secure.gravatar.com\/avatar\/85a5ec2ad99b1932f671ebf50c117db6?s=96&d=mm&r=g\",\"contentUrl\":\"https:\/\/secure.gravatar.com\/avatar\/85a5ec2ad99b1932f671ebf50c117db6?s=96&d=mm&r=g\",\"caption\":\"Reda\u00e7\u00e3o Travel3\"},\"sameAs\":[\"http:\/\/www.travel3.com.br\/\"],\"url\":\"https:\/\/www.travel3.com.br\/site\/author\/redacao\/\"}]}<\/script>\n<!-- \/ Yoast SEO plugin. -->","yoast_head_json":{"title":"Azul abre vendas de voo direto entre Belo Horizonte e Montevid\u00e9u - Travel3","description":"Azul inicia vendas do voo direto entre BH e Montevid\u00e9u; opera\u00e7\u00e3o come\u00e7a em 4 de mar\u00e7o, com 2 frequ\u00eancias semanais a partir de Confins","robots":{"index":"index","follow":"follow","max-snippet":"max-snippet:-1","max-image-preview":"max-image-preview:large","max-video-preview":"max-video-preview:-1"},"canonical":"https:\/\/www.travel3.com.br\/site\/ir-e-vir\/azul-voo-direto-belo-horizonte-montevideu\/","og_locale":"pt_BR","og_type":"article","og_title":"Azul abre vendas de voo direto entre Belo Horizonte e Montevid\u00e9u - Travel3","og_description":"Azul inicia vendas do voo direto entre BH e Montevid\u00e9u; opera\u00e7\u00e3o come\u00e7a em 4 de mar\u00e7o, com 2 frequ\u00eancias semanais a partir de Confins","og_url":"https:\/\/www.travel3.com.br\/site\/ir-e-vir\/azul-voo-direto-belo-horizonte-montevideu\/","og_site_name":"Travel3","article_publisher":"https:\/\/www.facebook.com\/travel3media\/","article_published_time":"2026-01-20T13:50:17+00:00","article_modified_time":"2026-01-20T13:50:19+00:00","og_image":[{"width":1920,"height":1280,"url":"https:\/\/www.travel3.com.br\/site\/wp-content\/uploads\/2026\/01\/Embraer-E2-responsavel-por-realizar-os-voos-3.jpg","type":"image\/jpeg"}],"author":"Reda\u00e7\u00e3o Travel3","twitter_card":"summary_large_image","twitter_misc":{"Escrito por":"Reda\u00e7\u00e3o Travel3","Est. tempo de leitura":"3 minutos"},"schema":{"@context":"https:\/\/schema.org","@graph":[{"@type":"Article","@id":"https:\/\/www.travel3.com.br\/site\/ir-e-vir\/azul-voo-direto-belo-horizonte-montevideu\/#article","isPartOf":{"@id":"https:\/\/www.travel3.com.br\/site\/ir-e-vir\/azul-voo-direto-belo-horizonte-montevideu\/"},"author":{"name":"Reda\u00e7\u00e3o Travel3","@id":"https:\/\/www.travel3.com.br\/site\/#\/schema\/person\/89251b0320bc67697de92249f97f3fdb"},"headline":"Azul abre vendas de voo direto entre Belo Horizonte e Montevid\u00e9u","datePublished":"2026-01-20T13:50:17+00:00","dateModified":"2026-01-20T13:50:19+00:00","mainEntityOfPage":{"@id":"https:\/\/www.travel3.com.br\/site\/ir-e-vir\/azul-voo-direto-belo-horizonte-montevideu\/"},"wordCount":446,"commentCount":0,"publisher":{"@id":"https:\/\/www.travel3.com.br\/site\/#organization"},"image":{"@id":"https:\/\/www.travel3.com.br\/site\/ir-e-vir\/azul-voo-direto-belo-horizonte-montevideu\/#primaryimage"},"thumbnailUrl":"https:\/\/www.travel3.com.br\/site\/wp-content\/uploads\/2026\/01\/Embraer-E2-responsavel-por-realizar-os-voos-3.jpg","keywords":["Aeroporto de Confins","azul linhas a\u00e9reas","Belo Horizonte","Montevid\u00e9u","uruguai"],"articleSection":["Ar","Ir e Vir"],"inLanguage":"pt-BR","potentialAction":[{"@type":"CommentAction","name":"Comment","target":["https:\/\/www.travel3.com.br\/site\/ir-e-vir\/azul-voo-direto-belo-horizonte-montevideu\/#respond"]}]},{"@type":"WebPage","@id":"https:\/\/www.travel3.com.br\/site\/ir-e-vir\/azul-voo-direto-belo-horizonte-montevideu\/","url":"https:\/\/www.travel3.com.br\/site\/ir-e-vir\/azul-voo-direto-belo-horizonte-montevideu\/","name":"Azul abre vendas de voo direto entre Belo Horizonte e Montevid\u00e9u - Travel3","isPartOf":{"@id":"https:\/\/www.travel3.com.br\/site\/#website"},"primaryImageOfPage":{"@id":"https:\/\/www.travel3.com.br\/site\/ir-e-vir\/azul-voo-direto-belo-horizonte-montevideu\/#primaryimage"},"image":{"@id":"https:\/\/www.travel3.com.br\/site\/ir-e-vir\/azul-voo-direto-belo-horizonte-montevideu\/#primaryimage"},"thumbnailUrl":"https:\/\/www.travel3.com.br\/site\/wp-content\/uploads\/2026\/01\/Embraer-E2-responsavel-por-realizar-os-voos-3.jpg","datePublished":"2026-01-20T13:50:17+00:00","dateModified":"2026-01-20T13:50:19+00:00","description":"Azul inicia vendas do voo direto entre BH e Montevid\u00e9u; opera\u00e7\u00e3o come\u00e7a em 4 de mar\u00e7o, com 2 frequ\u00eancias semanais a partir de Confins","breadcrumb":{"@id":"https:\/\/www.travel3.com.br\/site\/ir-e-vir\/azul-voo-direto-belo-horizonte-montevideu\/#breadcrumb"},"inLanguage":"pt-BR","potentialAction":[{"@type":"ReadAction","target":["https:\/\/www.travel3.com.br\/site\/ir-e-vir\/azul-voo-direto-belo-horizonte-montevideu\/"]}]},{"@type":"ImageObject","inLanguage":"pt-BR","@id":"https:\/\/www.travel3.com.br\/site\/ir-e-vir\/azul-voo-direto-belo-horizonte-montevideu\/#primaryimage","url":"https:\/\/www.travel3.com.br\/site\/wp-content\/uploads\/2026\/01\/Embraer-E2-responsavel-por-realizar-os-voos-3.jpg","contentUrl":"https:\/\/www.travel3.com.br\/site\/wp-content\/uploads\/2026\/01\/Embraer-E2-responsavel-por-realizar-os-voos-3.jpg","width":1920,"height":1280,"caption":"Nova rota da Azul entre Belo Horizonte e Montevid\u00e9u ter\u00e1 voos em aeronaves Embraer E2 (Foto: Divulga\u00e7\u00e3o)"},{"@type":"BreadcrumbList","@id":"https:\/\/www.travel3.com.br\/site\/ir-e-vir\/azul-voo-direto-belo-horizonte-montevideu\/#breadcrumb","itemListElement":[{"@type":"ListItem","position":1,"name":"In\u00edcio","item":"https:\/\/www.travel3.com.br\/site\/"},{"@type":"ListItem","position":2,"name":"Azul abre vendas de voo direto entre Belo Horizonte e Montevid\u00e9u"}]},{"@type":"WebSite","@id":"https:\/\/www.travel3.com.br\/site\/#website","url":"https:\/\/www.travel3.com.br\/site\/","name":"Travel3","description":"Lazer + Neg&oacute;cios + Aventura","publisher":{"@id":"https:\/\/www.travel3.com.br\/site\/#organization"},"potentialAction":[{"@type":"SearchAction","target":{"@type":"EntryPoint","urlTemplate":"https:\/\/www.travel3.com.br\/site\/?s={search_term_string}"},"query-input":{"@type":"PropertyValueSpecification","valueRequired":true,"valueName":"search_term_string"}}],"inLanguage":"pt-BR"},{"@type":"Organization","@id":"https:\/\/www.travel3.com.br\/site\/#organization","name":"Travel3","url":"https:\/\/www.travel3.com.br\/site\/","logo":{"@type":"ImageObject","inLanguage":"pt-BR","@id":"https:\/\/www.travel3.com.br\/site\/#\/schema\/logo\/image\/","url":"https:\/\/www.travel3.com.br\/site\/wp-content\/uploads\/2020\/01\/logo-travel3-2020.png","contentUrl":"https:\/\/www.travel3.com.br\/site\/wp-content\/uploads\/2020\/01\/logo-travel3-2020.png","width":232,"height":79,"caption":"Travel3"},"image":{"@id":"https:\/\/www.travel3.com.br\/site\/#\/schema\/logo\/image\/"},"sameAs":["https:\/\/www.facebook.com\/travel3media\/","https:\/\/www.instagram.com\/revistatravel3\/","https:\/\/www.youtube.com\/channel\/UCno7J4paGBR3VbZQzvoJ9Eg"]},{"@type":"Person","@id":"https:\/\/www.travel3.com.br\/site\/#\/schema\/person\/89251b0320bc67697de92249f97f3fdb","name":"Reda\u00e7\u00e3o Travel3","image":{"@type":"ImageObject","inLanguage":"pt-BR","@id":"https:\/\/www.travel3.com.br\/site\/#\/schema\/person\/image\/","url":"https:\/\/secure.gravatar.com\/avatar\/85a5ec2ad99b1932f671ebf50c117db6?s=96&d=mm&r=g","contentUrl":"https:\/\/secure.gravatar.com\/avatar\/85a5ec2ad99b1932f671ebf50c117db6?s=96&d=mm&r=g","caption":"Reda\u00e7\u00e3o Travel3"},"sameAs":["http:\/\/www.travel3.com.br\/"],"url":"https:\/\/www.travel3.com.br\/site\/author\/redacao\/"}]}},"_links":{"self":[{"href":"https:\/\/www.travel3.com.br\/site\/wp-json\/wp\/v2\/posts\/80299","targetHints":{"allow":["GET"]}}],"collection":[{"href":"https:\/\/www.travel3.com.br\/site\/wp-json\/wp\/v2\/posts"}],"about":[{"href":"https:\/\/www.travel3.com.br\/site\/wp-json\/wp\/v2\/types\/post"}],"author":[{"embeddable":true,"href":"https:\/\/www.travel3.com.br\/site\/wp-json\/wp\/v2\/users\/5"}],"replies":[{"embeddable":true,"href":"https:\/\/www.travel3.com.br\/site\/wp-json\/wp\/v2\/comments?post=80299"}],"version-history":[{"count":3,"href":"https:\/\/www.travel3.com.br\/site\/wp-json\/wp\/v2\/posts\/80299\/revisions"}],"predecessor-version":[{"id":80304,"href":"https:\/\/www.travel3.com.br\/site\/wp-json\/wp\/v2\/posts\/80299\/revisions\/80304"}],"wp:featuredmedia":[{"embeddable":true,"href":"https:\/\/www.travel3.com.br\/site\/wp-json\/wp\/v2\/media\/80300"}],"wp:attachment":[{"href":"https:\/\/www.travel3.com.br\/site\/wp-json\/wp\/v2\/media?parent=80299"}],"wp:term":[{"taxonomy":"category","embeddable":true,"href":"https:\/\/www.travel3.com.br\/site\/wp-json\/wp\/v2\/categories?post=80299"},{"taxonomy":"post_tag","embeddable":true,"href":"https:\/\/www.travel3.com.br\/site\/wp-json\/wp\/v2\/tags?post=80299"}],"curies":[{"name":"wp","href":"https:\/\/api.w.org\/{rel}","templated":true}]}}