{"id":80216,"date":"2026-01-23T08:48:55","date_gmt":"2026-01-23T11:48:55","guid":{"rendered":"https:\/\/www.travel3.com.br\/site\/?p=80216"},"modified":"2026-01-23T08:48:57","modified_gmt":"2026-01-23T11:48:57","slug":"motivos-visitar-gramado-em-2026","status":"publish","type":"post","link":"https:\/\/www.travel3.com.br\/site\/dicas\/motivos-visitar-gramado-em-2026\/","title":{"rendered":"6 motivos para visitar Gramado em 2026"},"content":{"rendered":"\n<h2 class=\"wp-block-heading\">Festivais, atra\u00e7\u00f5es para diferentes perfis e agenda cultural cont\u00ednua mant\u00eam a cidade entre os destinos mais completos do Brasil<\/h2>\n\n\n\n<p>Um dos destinos tur\u00edsticos mais consolidados do pa\u00eds, Gramado entra em 2026 com uma agenda que combina eventos, atra\u00e7\u00f5es consagradas e novas experi\u00eancias para casais, fam\u00edlias, grupos de amigos e viajantes corporativos. Ap\u00f3s sediar o Natal Luz, reconhecido pelo Guinness Book como o festival de Natal mais longo do mundo, a cidade mant\u00e9m o ritmo ao longo do ano, com programa\u00e7\u00e3o cont\u00ednua e op\u00e7\u00f5es para diferentes interesses.<\/p>\n\n\n\n<p>A seguir, seis motivos que ajudam a explicar por que Gramado segue no radar dos viajantes em 2026.<\/p>\n\n\n\n<h3 class=\"wp-block-heading\">1. Festivais durante todo o ano<\/h3>\n\n\n\n<p>O calend\u00e1rio come\u00e7a com a Vindima, que abre a temporada nas vin\u00edcolas locais e ganha programa\u00e7\u00e3o na Vila do Vinho, na Pra\u00e7a das Etnias, a partir de fevereiro. Entre janeiro e fevereiro, o Gramado in Concert leva m\u00fasica erudita a teatros, igrejas e espa\u00e7os p\u00fablicos. De mar\u00e7o a abril, a Chocop\u00e1scoa mobiliza fam\u00edlias com oficinas e atividades tem\u00e1ticas.<br>No primeiro semestre, a Festa da Col\u00f4nia valoriza as tradi\u00e7\u00f5es alem\u00e3, italiana e portuguesa. Em agosto, o Festival de Cinema de Gramado refor\u00e7a o papel da cidade no audiovisual brasileiro. Entre outubro e janeiro, o Natal Luz encerra o ciclo anual.<\/p>\n\n\n\n<h3 class=\"wp-block-heading\">2. Roteiros para casais<\/h3>\n\n\n\n<p>Hot\u00e9is boutique, pousadas com lareira e restaurantes autorais formam o cen\u00e1rio para viagens a dois. Pontos como o Lago Negro, a Rua Torta, o centro florido e os jardins do Le Jardin integram os roteiros mais buscados. A gastronomia complementa a experi\u00eancia, com fondues, jantares harmonizados, chocolaterias artesanais e visitas a vin\u00edcolas da regi\u00e3o.<\/p>\n\n\n\n<h3 class=\"wp-block-heading\">3. Atra\u00e7\u00f5es para fam\u00edlias<\/h3>\n\n\n\n<p>Gramado mant\u00e9m posi\u00e7\u00e3o de refer\u00eancia no turismo em fam\u00edlia. Mini Mundo, Snowland, Acquamotion e Parque Vila da M\u00f4nica atendem diferentes faixas et\u00e1rias. Eventos sazonais, como Chocop\u00e1scoa e Natal Luz, ampliam a oferta com oficinas, apresenta\u00e7\u00f5es culturais e atividades interativas.<\/p>\n\n\n\n<h3 class=\"wp-block-heading\">4. Op\u00e7\u00f5es para grupos de amigos<\/h3>\n\n\n\n<p>A cidade combina lazer, gastronomia e cultura. Tours gastron\u00f4micos, vin\u00edcolas, cervejarias artesanais e chocolaterias dividem espa\u00e7o com trilhas, passeios de bike e bares. A agenda de eventos ajuda a compor roteiros din\u00e2micos para viagens em grupo.<\/p>\n\n\n\n<h3 class=\"wp-block-heading\">5. Turismo rural e produ\u00e7\u00e3o local<\/h3>\n\n\n\n<p>Roteiros como o Tour Ra\u00edzes Coloniais e o Tour Linha \u00c1vila conectam visitantes a propriedades rurais preservadas, com foco na hist\u00f3ria dos colonizadores. H\u00e1 visitas a f\u00e1bricas de chocolate, queijarias e fazendas que oferecem oficinas, colheitas, passeios a cavalo, trilhas e piqueniques.<\/p>\n\n\n\n<h3 class=\"wp-block-heading\">6. Estrutura para eventos e congressos<\/h3>\n\n\n\n<p>Gramado mant\u00e9m posi\u00e7\u00e3o de destaque no turismo de neg\u00f3cios. Em 2025, a cidade recebeu cerca de 600 eventos. A rede hoteleira, os espa\u00e7os para plen\u00e1rias e feiras, a log\u00edstica facilitada e a sinaliza\u00e7\u00e3o urbana favorecem a realiza\u00e7\u00e3o de encontros corporativos. O calend\u00e1rio cultural contribui para ampliar ades\u00e3o, perman\u00eancia m\u00e9dia e engajamento dos participantes.<\/p>\n\n\n\n<p>Sem abrir m\u00e3o de sua identidade, Gramado segue investindo em novos roteiros, experi\u00eancias gastron\u00f4micas e eventos. O equil\u00edbrio entre tradi\u00e7\u00e3o e atualiza\u00e7\u00e3o constante mant\u00e9m o destino entre os mais relevantes do pa\u00eds em 2026.<\/p>\n\n\n\n<p>Para mais inform\u00e7\u00f5es, acesse o <strong><a href=\"https:\/\/www.gramadoinesquecivel.tur.br\/conteudogramado\" target=\"_blank\" rel=\"noreferrer noopener\">site oficial<\/a><\/strong>.<\/p>\n","protected":false},"excerpt":{"rendered":"<p>Festivais e programa\u00e7\u00e3o variada mant\u00eam a cidade entre os destinos mais completos do Brasil<\/p>\n","protected":false},"author":5,"featured_media":80326,"comment_status":"open","ping_status":"open","sticky":false,"template":"","format":"standard","meta":{"footnotes":""},"categories":[7],"tags":[468,521,471,6028],"class_list":["post-80216","post","type-post","status-publish","format-standard","has-post-thumbnail","hentry","category-dicas","tag-enoturismo","tag-gramado","tag-serra-gaucha","tag-turismo-no-brasil"],"yoast_head":"<!-- This site is optimized with the Yoast SEO plugin v26.2 - https:\/\/yoast.com\/wordpress\/plugins\/seo\/ -->\n<title>6 motivos para visitar Gramado em 2026 - Travel3<\/title>\n<meta name=\"description\" content=\"6 motivos para visitar Gramado em 2026; Festivais e programa\u00e7\u00e3o variada mant\u00eam a cidade entre os destinos mais completos do Brasil\" \/>\n<meta name=\"robots\" content=\"index, follow, max-snippet:-1, max-image-preview:large, max-video-preview:-1\" \/>\n<link rel=\"canonical\" href=\"https:\/\/www.travel3.com.br\/site\/dicas\/motivos-visitar-gramado-em-2026\/\" \/>\n<meta property=\"og:locale\" content=\"pt_BR\" \/>\n<meta property=\"og:type\" content=\"article\" \/>\n<meta property=\"og:title\" content=\"6 motivos para visitar Gramado em 2026 - Travel3\" \/>\n<meta property=\"og:description\" content=\"6 motivos para visitar Gramado em 2026; Festivais e programa\u00e7\u00e3o variada mant\u00eam a cidade entre os destinos mais completos do Brasil\" \/>\n<meta property=\"og:url\" content=\"https:\/\/www.travel3.com.br\/site\/dicas\/motivos-visitar-gramado-em-2026\/\" \/>\n<meta property=\"og:site_name\" content=\"Travel3\" \/>\n<meta property=\"article:publisher\" content=\"https:\/\/www.facebook.com\/travel3media\/\" \/>\n<meta property=\"article:published_time\" content=\"2026-01-23T11:48:55+00:00\" \/>\n<meta property=\"article:modified_time\" content=\"2026-01-23T11:48:57+00:00\" \/>\n<meta property=\"og:image\" content=\"https:\/\/www.travel3.com.br\/site\/wp-content\/uploads\/2026\/01\/Gramado-Rafael-Cavalli_Easy-Resize.com_.jpg\" \/>\n\t<meta property=\"og:image:width\" content=\"1280\" \/>\n\t<meta property=\"og:image:height\" content=\"850\" \/>\n\t<meta property=\"og:image:type\" content=\"image\/jpeg\" \/>\n<meta name=\"author\" content=\"Reda\u00e7\u00e3o Travel3\" \/>\n<meta name=\"twitter:card\" content=\"summary_large_image\" \/>\n<meta name=\"twitter:label1\" content=\"Escrito por\" \/>\n\t<meta name=\"twitter:data1\" content=\"Reda\u00e7\u00e3o Travel3\" \/>\n\t<meta name=\"twitter:label2\" content=\"Est. tempo de leitura\" \/>\n\t<meta name=\"twitter:data2\" content=\"3 minutos\" \/>\n<script type=\"application\/ld+json\" class=\"yoast-schema-graph\">{\"@context\":\"https:\/\/schema.org\",\"@graph\":[{\"@type\":\"Article\",\"@id\":\"https:\/\/www.travel3.com.br\/site\/dicas\/motivos-visitar-gramado-em-2026\/#article\",\"isPartOf\":{\"@id\":\"https:\/\/www.travel3.com.br\/site\/dicas\/motivos-visitar-gramado-em-2026\/\"},\"author\":{\"name\":\"Reda\u00e7\u00e3o Travel3\",\"@id\":\"https:\/\/www.travel3.com.br\/site\/#\/schema\/person\/89251b0320bc67697de92249f97f3fdb\"},\"headline\":\"6 motivos para visitar Gramado em 2026\",\"datePublished\":\"2026-01-23T11:48:55+00:00\",\"dateModified\":\"2026-01-23T11:48:57+00:00\",\"mainEntityOfPage\":{\"@id\":\"https:\/\/www.travel3.com.br\/site\/dicas\/motivos-visitar-gramado-em-2026\/\"},\"wordCount\":567,\"commentCount\":0,\"publisher\":{\"@id\":\"https:\/\/www.travel3.com.br\/site\/#organization\"},\"image\":{\"@id\":\"https:\/\/www.travel3.com.br\/site\/dicas\/motivos-visitar-gramado-em-2026\/#primaryimage\"},\"thumbnailUrl\":\"https:\/\/www.travel3.com.br\/site\/wp-content\/uploads\/2026\/01\/Gramado-Rafael-Cavalli_Easy-Resize.com_.jpg\",\"keywords\":[\"Enoturismo\",\"gramado\",\"Serra Ga\u00facha\",\"turismo no Brasil\"],\"articleSection\":[\"Dicas\"],\"inLanguage\":\"pt-BR\",\"potentialAction\":[{\"@type\":\"CommentAction\",\"name\":\"Comment\",\"target\":[\"https:\/\/www.travel3.com.br\/site\/dicas\/motivos-visitar-gramado-em-2026\/#respond\"]}]},{\"@type\":\"WebPage\",\"@id\":\"https:\/\/www.travel3.com.br\/site\/dicas\/motivos-visitar-gramado-em-2026\/\",\"url\":\"https:\/\/www.travel3.com.br\/site\/dicas\/motivos-visitar-gramado-em-2026\/\",\"name\":\"6 motivos para visitar Gramado em 2026 - Travel3\",\"isPartOf\":{\"@id\":\"https:\/\/www.travel3.com.br\/site\/#website\"},\"primaryImageOfPage\":{\"@id\":\"https:\/\/www.travel3.com.br\/site\/dicas\/motivos-visitar-gramado-em-2026\/#primaryimage\"},\"image\":{\"@id\":\"https:\/\/www.travel3.com.br\/site\/dicas\/motivos-visitar-gramado-em-2026\/#primaryimage\"},\"thumbnailUrl\":\"https:\/\/www.travel3.com.br\/site\/wp-content\/uploads\/2026\/01\/Gramado-Rafael-Cavalli_Easy-Resize.com_.jpg\",\"datePublished\":\"2026-01-23T11:48:55+00:00\",\"dateModified\":\"2026-01-23T11:48:57+00:00\",\"description\":\"6 motivos para visitar Gramado em 2026; Festivais e programa\u00e7\u00e3o variada mant\u00eam a cidade entre os destinos mais completos do Brasil\",\"breadcrumb\":{\"@id\":\"https:\/\/www.travel3.com.br\/site\/dicas\/motivos-visitar-gramado-em-2026\/#breadcrumb\"},\"inLanguage\":\"pt-BR\",\"potentialAction\":[{\"@type\":\"ReadAction\",\"target\":[\"https:\/\/www.travel3.com.br\/site\/dicas\/motivos-visitar-gramado-em-2026\/\"]}]},{\"@type\":\"ImageObject\",\"inLanguage\":\"pt-BR\",\"@id\":\"https:\/\/www.travel3.com.br\/site\/dicas\/motivos-visitar-gramado-em-2026\/#primaryimage\",\"url\":\"https:\/\/www.travel3.com.br\/site\/wp-content\/uploads\/2026\/01\/Gramado-Rafael-Cavalli_Easy-Resize.com_.jpg\",\"contentUrl\":\"https:\/\/www.travel3.com.br\/site\/wp-content\/uploads\/2026\/01\/Gramado-Rafael-Cavalli_Easy-Resize.com_.jpg\",\"width\":1280,\"height\":850,\"caption\":\"Lago Negro em Gramado (Foto: Rafael Cavalli\/Divulga\u00e7\u00e3o)\"},{\"@type\":\"BreadcrumbList\",\"@id\":\"https:\/\/www.travel3.com.br\/site\/dicas\/motivos-visitar-gramado-em-2026\/#breadcrumb\",\"itemListElement\":[{\"@type\":\"ListItem\",\"position\":1,\"name\":\"In\u00edcio\",\"item\":\"https:\/\/www.travel3.com.br\/site\/\"},{\"@type\":\"ListItem\",\"position\":2,\"name\":\"6 motivos para visitar Gramado em 2026\"}]},{\"@type\":\"WebSite\",\"@id\":\"https:\/\/www.travel3.com.br\/site\/#website\",\"url\":\"https:\/\/www.travel3.com.br\/site\/\",\"name\":\"Travel3\",\"description\":\"Lazer + Neg&oacute;cios + Aventura\",\"publisher\":{\"@id\":\"https:\/\/www.travel3.com.br\/site\/#organization\"},\"potentialAction\":[{\"@type\":\"SearchAction\",\"target\":{\"@type\":\"EntryPoint\",\"urlTemplate\":\"https:\/\/www.travel3.com.br\/site\/?s={search_term_string}\"},\"query-input\":{\"@type\":\"PropertyValueSpecification\",\"valueRequired\":true,\"valueName\":\"search_term_string\"}}],\"inLanguage\":\"pt-BR\"},{\"@type\":\"Organization\",\"@id\":\"https:\/\/www.travel3.com.br\/site\/#organization\",\"name\":\"Travel3\",\"url\":\"https:\/\/www.travel3.com.br\/site\/\",\"logo\":{\"@type\":\"ImageObject\",\"inLanguage\":\"pt-BR\",\"@id\":\"https:\/\/www.travel3.com.br\/site\/#\/schema\/logo\/image\/\",\"url\":\"https:\/\/www.travel3.com.br\/site\/wp-content\/uploads\/2020\/01\/logo-travel3-2020.png\",\"contentUrl\":\"https:\/\/www.travel3.com.br\/site\/wp-content\/uploads\/2020\/01\/logo-travel3-2020.png\",\"width\":232,\"height\":79,\"caption\":\"Travel3\"},\"image\":{\"@id\":\"https:\/\/www.travel3.com.br\/site\/#\/schema\/logo\/image\/\"},\"sameAs\":[\"https:\/\/www.facebook.com\/travel3media\/\",\"https:\/\/www.instagram.com\/revistatravel3\/\",\"https:\/\/www.youtube.com\/channel\/UCno7J4paGBR3VbZQzvoJ9Eg\"]},{\"@type\":\"Person\",\"@id\":\"https:\/\/www.travel3.com.br\/site\/#\/schema\/person\/89251b0320bc67697de92249f97f3fdb\",\"name\":\"Reda\u00e7\u00e3o Travel3\",\"image\":{\"@type\":\"ImageObject\",\"inLanguage\":\"pt-BR\",\"@id\":\"https:\/\/www.travel3.com.br\/site\/#\/schema\/person\/image\/\",\"url\":\"https:\/\/secure.gravatar.com\/avatar\/85a5ec2ad99b1932f671ebf50c117db6?s=96&d=mm&r=g\",\"contentUrl\":\"https:\/\/secure.gravatar.com\/avatar\/85a5ec2ad99b1932f671ebf50c117db6?s=96&d=mm&r=g\",\"caption\":\"Reda\u00e7\u00e3o Travel3\"},\"sameAs\":[\"http:\/\/www.travel3.com.br\/\"],\"url\":\"https:\/\/www.travel3.com.br\/site\/author\/redacao\/\"}]}<\/script>\n<!-- \/ Yoast SEO plugin. -->","yoast_head_json":{"title":"6 motivos para visitar Gramado em 2026 - Travel3","description":"6 motivos para visitar Gramado em 2026; Festivais e programa\u00e7\u00e3o variada mant\u00eam a cidade entre os destinos mais completos do Brasil","robots":{"index":"index","follow":"follow","max-snippet":"max-snippet:-1","max-image-preview":"max-image-preview:large","max-video-preview":"max-video-preview:-1"},"canonical":"https:\/\/www.travel3.com.br\/site\/dicas\/motivos-visitar-gramado-em-2026\/","og_locale":"pt_BR","og_type":"article","og_title":"6 motivos para visitar Gramado em 2026 - Travel3","og_description":"6 motivos para visitar Gramado em 2026; Festivais e programa\u00e7\u00e3o variada mant\u00eam a cidade entre os destinos mais completos do Brasil","og_url":"https:\/\/www.travel3.com.br\/site\/dicas\/motivos-visitar-gramado-em-2026\/","og_site_name":"Travel3","article_publisher":"https:\/\/www.facebook.com\/travel3media\/","article_published_time":"2026-01-23T11:48:55+00:00","article_modified_time":"2026-01-23T11:48:57+00:00","og_image":[{"width":1280,"height":850,"url":"https:\/\/www.travel3.com.br\/site\/wp-content\/uploads\/2026\/01\/Gramado-Rafael-Cavalli_Easy-Resize.com_.jpg","type":"image\/jpeg"}],"author":"Reda\u00e7\u00e3o Travel3","twitter_card":"summary_large_image","twitter_misc":{"Escrito por":"Reda\u00e7\u00e3o Travel3","Est. tempo de leitura":"3 minutos"},"schema":{"@context":"https:\/\/schema.org","@graph":[{"@type":"Article","@id":"https:\/\/www.travel3.com.br\/site\/dicas\/motivos-visitar-gramado-em-2026\/#article","isPartOf":{"@id":"https:\/\/www.travel3.com.br\/site\/dicas\/motivos-visitar-gramado-em-2026\/"},"author":{"name":"Reda\u00e7\u00e3o Travel3","@id":"https:\/\/www.travel3.com.br\/site\/#\/schema\/person\/89251b0320bc67697de92249f97f3fdb"},"headline":"6 motivos para visitar Gramado em 2026","datePublished":"2026-01-23T11:48:55+00:00","dateModified":"2026-01-23T11:48:57+00:00","mainEntityOfPage":{"@id":"https:\/\/www.travel3.com.br\/site\/dicas\/motivos-visitar-gramado-em-2026\/"},"wordCount":567,"commentCount":0,"publisher":{"@id":"https:\/\/www.travel3.com.br\/site\/#organization"},"image":{"@id":"https:\/\/www.travel3.com.br\/site\/dicas\/motivos-visitar-gramado-em-2026\/#primaryimage"},"thumbnailUrl":"https:\/\/www.travel3.com.br\/site\/wp-content\/uploads\/2026\/01\/Gramado-Rafael-Cavalli_Easy-Resize.com_.jpg","keywords":["Enoturismo","gramado","Serra Ga\u00facha","turismo no Brasil"],"articleSection":["Dicas"],"inLanguage":"pt-BR","potentialAction":[{"@type":"CommentAction","name":"Comment","target":["https:\/\/www.travel3.com.br\/site\/dicas\/motivos-visitar-gramado-em-2026\/#respond"]}]},{"@type":"WebPage","@id":"https:\/\/www.travel3.com.br\/site\/dicas\/motivos-visitar-gramado-em-2026\/","url":"https:\/\/www.travel3.com.br\/site\/dicas\/motivos-visitar-gramado-em-2026\/","name":"6 motivos para visitar Gramado em 2026 - Travel3","isPartOf":{"@id":"https:\/\/www.travel3.com.br\/site\/#website"},"primaryImageOfPage":{"@id":"https:\/\/www.travel3.com.br\/site\/dicas\/motivos-visitar-gramado-em-2026\/#primaryimage"},"image":{"@id":"https:\/\/www.travel3.com.br\/site\/dicas\/motivos-visitar-gramado-em-2026\/#primaryimage"},"thumbnailUrl":"https:\/\/www.travel3.com.br\/site\/wp-content\/uploads\/2026\/01\/Gramado-Rafael-Cavalli_Easy-Resize.com_.jpg","datePublished":"2026-01-23T11:48:55+00:00","dateModified":"2026-01-23T11:48:57+00:00","description":"6 motivos para visitar Gramado em 2026; Festivais e programa\u00e7\u00e3o variada mant\u00eam a cidade entre os destinos mais completos do Brasil","breadcrumb":{"@id":"https:\/\/www.travel3.com.br\/site\/dicas\/motivos-visitar-gramado-em-2026\/#breadcrumb"},"inLanguage":"pt-BR","potentialAction":[{"@type":"ReadAction","target":["https:\/\/www.travel3.com.br\/site\/dicas\/motivos-visitar-gramado-em-2026\/"]}]},{"@type":"ImageObject","inLanguage":"pt-BR","@id":"https:\/\/www.travel3.com.br\/site\/dicas\/motivos-visitar-gramado-em-2026\/#primaryimage","url":"https:\/\/www.travel3.com.br\/site\/wp-content\/uploads\/2026\/01\/Gramado-Rafael-Cavalli_Easy-Resize.com_.jpg","contentUrl":"https:\/\/www.travel3.com.br\/site\/wp-content\/uploads\/2026\/01\/Gramado-Rafael-Cavalli_Easy-Resize.com_.jpg","width":1280,"height":850,"caption":"Lago Negro em Gramado (Foto: Rafael Cavalli\/Divulga\u00e7\u00e3o)"},{"@type":"BreadcrumbList","@id":"https:\/\/www.travel3.com.br\/site\/dicas\/motivos-visitar-gramado-em-2026\/#breadcrumb","itemListElement":[{"@type":"ListItem","position":1,"name":"In\u00edcio","item":"https:\/\/www.travel3.com.br\/site\/"},{"@type":"ListItem","position":2,"name":"6 motivos para visitar Gramado em 2026"}]},{"@type":"WebSite","@id":"https:\/\/www.travel3.com.br\/site\/#website","url":"https:\/\/www.travel3.com.br\/site\/","name":"Travel3","description":"Lazer + Neg&oacute;cios + Aventura","publisher":{"@id":"https:\/\/www.travel3.com.br\/site\/#organization"},"potentialAction":[{"@type":"SearchAction","target":{"@type":"EntryPoint","urlTemplate":"https:\/\/www.travel3.com.br\/site\/?s={search_term_string}"},"query-input":{"@type":"PropertyValueSpecification","valueRequired":true,"valueName":"search_term_string"}}],"inLanguage":"pt-BR"},{"@type":"Organization","@id":"https:\/\/www.travel3.com.br\/site\/#organization","name":"Travel3","url":"https:\/\/www.travel3.com.br\/site\/","logo":{"@type":"ImageObject","inLanguage":"pt-BR","@id":"https:\/\/www.travel3.com.br\/site\/#\/schema\/logo\/image\/","url":"https:\/\/www.travel3.com.br\/site\/wp-content\/uploads\/2020\/01\/logo-travel3-2020.png","contentUrl":"https:\/\/www.travel3.com.br\/site\/wp-content\/uploads\/2020\/01\/logo-travel3-2020.png","width":232,"height":79,"caption":"Travel3"},"image":{"@id":"https:\/\/www.travel3.com.br\/site\/#\/schema\/logo\/image\/"},"sameAs":["https:\/\/www.facebook.com\/travel3media\/","https:\/\/www.instagram.com\/revistatravel3\/","https:\/\/www.youtube.com\/channel\/UCno7J4paGBR3VbZQzvoJ9Eg"]},{"@type":"Person","@id":"https:\/\/www.travel3.com.br\/site\/#\/schema\/person\/89251b0320bc67697de92249f97f3fdb","name":"Reda\u00e7\u00e3o Travel3","image":{"@type":"ImageObject","inLanguage":"pt-BR","@id":"https:\/\/www.travel3.com.br\/site\/#\/schema\/person\/image\/","url":"https:\/\/secure.gravatar.com\/avatar\/85a5ec2ad99b1932f671ebf50c117db6?s=96&d=mm&r=g","contentUrl":"https:\/\/secure.gravatar.com\/avatar\/85a5ec2ad99b1932f671ebf50c117db6?s=96&d=mm&r=g","caption":"Reda\u00e7\u00e3o Travel3"},"sameAs":["http:\/\/www.travel3.com.br\/"],"url":"https:\/\/www.travel3.com.br\/site\/author\/redacao\/"}]}},"_links":{"self":[{"href":"https:\/\/www.travel3.com.br\/site\/wp-json\/wp\/v2\/posts\/80216","targetHints":{"allow":["GET"]}}],"collection":[{"href":"https:\/\/www.travel3.com.br\/site\/wp-json\/wp\/v2\/posts"}],"about":[{"href":"https:\/\/www.travel3.com.br\/site\/wp-json\/wp\/v2\/types\/post"}],"author":[{"embeddable":true,"href":"https:\/\/www.travel3.com.br\/site\/wp-json\/wp\/v2\/users\/5"}],"replies":[{"embeddable":true,"href":"https:\/\/www.travel3.com.br\/site\/wp-json\/wp\/v2\/comments?post=80216"}],"version-history":[{"count":2,"href":"https:\/\/www.travel3.com.br\/site\/wp-json\/wp\/v2\/posts\/80216\/revisions"}],"predecessor-version":[{"id":80327,"href":"https:\/\/www.travel3.com.br\/site\/wp-json\/wp\/v2\/posts\/80216\/revisions\/80327"}],"wp:featuredmedia":[{"embeddable":true,"href":"https:\/\/www.travel3.com.br\/site\/wp-json\/wp\/v2\/media\/80326"}],"wp:attachment":[{"href":"https:\/\/www.travel3.com.br\/site\/wp-json\/wp\/v2\/media?parent=80216"}],"wp:term":[{"taxonomy":"category","embeddable":true,"href":"https:\/\/www.travel3.com.br\/site\/wp-json\/wp\/v2\/categories?post=80216"},{"taxonomy":"post_tag","embeddable":true,"href":"https:\/\/www.travel3.com.br\/site\/wp-json\/wp\/v2\/tags?post=80216"}],"curies":[{"name":"wp","href":"https:\/\/api.w.org\/{rel}","templated":true}]}}