{"id":80200,"date":"2026-01-23T08:34:30","date_gmt":"2026-01-23T11:34:30","guid":{"rendered":"https:\/\/www.travel3.com.br\/site\/?p=80200"},"modified":"2026-02-06T14:51:32","modified_gmt":"2026-02-06T17:51:32","slug":"neuquen-verao-argentina-patagonia","status":"publish","type":"post","link":"https:\/\/www.travel3.com.br\/site\/comece-a-viajar\/neuquen-verao-argentina-patagonia\/","title":{"rendered":"Neuqu\u00e9n no ver\u00e3o mostra uma Argentina fora do circuito tradicional"},"content":{"rendered":"\n<h2 class=\"wp-block-heading\">Prov\u00edncia no norte da Patag\u00f4nia re\u00fane lagos, trilhas, vin\u00edcolas e cidades pequenas para quem busca natureza, tranquilidade e experi\u00eancias ao ar livre<\/h2>\n\n\n\n<p>Quando o assunto \u00e9 viajar para a Argentina, muitos pensam em Buenos Aires, Mendoza ou Bariloche. Mas, para quem quer sair do roteiro mais conhecido, existe uma Argentina mais silenciosa e natural: a prov\u00edncia de Neuqu\u00e9n, no norte da Patag\u00f4nia.<\/p>\n\n\n\n<p>Lagos de \u00e1guas azul-turquesa, montanhas que mudam de cor ao longo do dia e pequenas cidades com ritmo tranquilo fazem do destino uma alternativa para quem busca ar puro, atividades ao ar livre e contato direto com a paisagem. No ver\u00e3o, entre dezembro e mar\u00e7o, a regi\u00e3o ganha vida com temperaturas amenas e dias longos.<\/p>\n\n\n<div class=\"wp-block-image\">\n<figure class=\"aligncenter size-large is-resized\"><img loading=\"lazy\" decoding=\"async\" width=\"1024\" height=\"439\" src=\"https:\/\/www.travel3.com.br\/site\/wp-content\/uploads\/2026\/01\/Neuquen2_Easy-Resize.com_-1024x439.jpg\" alt=\"Neuqu\u00e9n Argentina\" class=\"wp-image-80332\" style=\"width:721px;height:auto\" srcset=\"https:\/\/www.travel3.com.br\/site\/wp-content\/uploads\/2026\/01\/Neuquen2_Easy-Resize.com_-1024x439.jpg 1024w, https:\/\/www.travel3.com.br\/site\/wp-content\/uploads\/2026\/01\/Neuquen2_Easy-Resize.com_-300x129.jpg 300w, https:\/\/www.travel3.com.br\/site\/wp-content\/uploads\/2026\/01\/Neuquen2_Easy-Resize.com_-768x329.jpg 768w, https:\/\/www.travel3.com.br\/site\/wp-content\/uploads\/2026\/01\/Neuquen2_Easy-Resize.com_-150x64.jpg 150w, https:\/\/www.travel3.com.br\/site\/wp-content\/uploads\/2026\/01\/Neuquen2_Easy-Resize.com_-750x322.jpg 750w, https:\/\/www.travel3.com.br\/site\/wp-content\/uploads\/2026\/01\/Neuquen2_Easy-Resize.com_-1140x489.jpg 1140w, https:\/\/www.travel3.com.br\/site\/wp-content\/uploads\/2026\/01\/Neuquen2_Easy-Resize.com_.jpg 1280w\" sizes=\"auto, (max-width: 1024px) 100vw, 1024px\" \/><figcaption class=\"wp-element-caption\">O visual maravilhoso encanta os visitantes de Neuqu\u00e9n (Foto: Turismo Neuqu\u00e9n\/Divulga\u00e7\u00e3o)<\/figcaption><\/figure><\/div>\n\n\n<p>Em San Mart\u00edn de los Andes, o Lago L\u00e1car permite nadar, remar de caiaque ou praticar stand up paddle com vista para o Parque Nacional Lan\u00edn. J\u00e1 em Villa La Angostura, \u00e0s margens do Lago Nahuel Huapi, o clima lembra o de uma praia de \u00e1gua doce, com fam\u00edlias estendendo toalhas e aproveitando o dia.<\/p>\n\n\n\n<p>Para quem prefere rios, o Limay \u00e9 refer\u00eancia para banho e pesca esportiva de trutas, com estrutura de guias locais para iniciantes.<\/p>\n\n\n\n<p>Neuqu\u00e9n tamb\u00e9m \u00e9 destino para caminhadas. O Parque Nacional Lan\u00edn oferece trilhas curtas e acess\u00edveis, al\u00e9m de percursos mais longos para quem busca maior desafio. Em Villa Traful, o mirante do Cerro Negro revela um vale cercado por montanhas. Outra op\u00e7\u00e3o \u00e9 a trilha at\u00e9 a Cascada \u00d1ivinco, no Parque Nacional Nahuel Huapi, com acesso f\u00e1cil e piscina natural ao final do caminho.<\/p>\n\n\n<div class=\"wp-block-image\">\n<figure class=\"aligncenter size-large is-resized\"><img loading=\"lazy\" decoding=\"async\" width=\"1024\" height=\"647\" src=\"https:\/\/www.travel3.com.br\/site\/wp-content\/uploads\/2026\/01\/Neuquen_Easy-Resize.com_-1024x647.jpg\" alt=\"Neuqu\u00e9n Argentina\" class=\"wp-image-80331\" style=\"width:815px;height:auto\" srcset=\"https:\/\/www.travel3.com.br\/site\/wp-content\/uploads\/2026\/01\/Neuquen_Easy-Resize.com_-1024x647.jpg 1024w, https:\/\/www.travel3.com.br\/site\/wp-content\/uploads\/2026\/01\/Neuquen_Easy-Resize.com_-300x190.jpg 300w, https:\/\/www.travel3.com.br\/site\/wp-content\/uploads\/2026\/01\/Neuquen_Easy-Resize.com_-768x485.jpg 768w, https:\/\/www.travel3.com.br\/site\/wp-content\/uploads\/2026\/01\/Neuquen_Easy-Resize.com_-150x95.jpg 150w, https:\/\/www.travel3.com.br\/site\/wp-content\/uploads\/2026\/01\/Neuquen_Easy-Resize.com_-750x474.jpg 750w, https:\/\/www.travel3.com.br\/site\/wp-content\/uploads\/2026\/01\/Neuquen_Easy-Resize.com_-1140x721.jpg 1140w, https:\/\/www.travel3.com.br\/site\/wp-content\/uploads\/2026\/01\/Neuquen_Easy-Resize.com_.jpg 1280w\" sizes=\"auto, (max-width: 1024px) 100vw, 1024px\" \/><figcaption class=\"wp-element-caption\">Trilhas para todos os n\u00edveis (Foto: Turismo Neuqu\u00e9n\/Divulga\u00e7\u00e3o)<\/figcaption><\/figure><\/div>\n\n\n<p>A prov\u00edncia tamb\u00e9m se destaca pela gastronomia. Em San Patricio del Cha\u00f1ar, pr\u00f3ximo \u00e0 capital, vin\u00edcolas patag\u00f4nicas recebem visitantes com degusta\u00e7\u00f5es e passeios pelos vinhedos. Nos restaurantes, dois cl\u00e1ssicos dominam os card\u00e1pios: cordeiro patag\u00f4nico e truta, geralmente servidos em ambientes abertos, integrados \u00e0 paisagem.<\/p>\n\n\n\n<p>Entre os roteiros mais procurados no ver\u00e3o est\u00e3o Villa La Angostura, San Mart\u00edn de los Andes, Villa Traful, a Rota dos Sete Lagos e Caviahue-Copahue, que combina paisagens vulc\u00e2nicas com \u00e1guas termais.<\/p>\n\n\n\n<p>Enquanto outros destinos da Patag\u00f4nia concentram grande fluxo de turistas, Neuqu\u00e9n mant\u00e9m um ritmo mais sereno. \u00c9 uma escolha para quem busca descanso, natureza e movimento, longe das multid\u00f5es.<\/p>\n\n\n\n<p>Para saber mais, acesse o <strong><a href=\"https:\/\/turismo.neuquen.gob.ar\/\">site oficial<\/a><\/strong>.<\/p>\n","protected":false},"excerpt":{"rendered":"<p>Prov\u00edncia no norte da Patag\u00f4nia re\u00fane natureza, vin\u00edcolas e experi\u00eancias ao ar livre<\/p>\n","protected":false},"author":5,"featured_media":80333,"comment_status":"open","ping_status":"open","sticky":false,"template":"","format":"standard","meta":{"footnotes":""},"categories":[174,884,226,10,4882],"tags":[6057,2132,7133],"class_list":["post-80200","post","type-post","status-publish","format-standard","has-post-thumbnail","hentry","category-america-do-sul","category-comece-a-viajar","category-destaque","category-destinos","category-home","tag-neuquen","tag-patagonia-argentina","tag-verao-na-argentina"],"yoast_head":"<!-- This site is optimized with the Yoast SEO plugin v26.2 - https:\/\/yoast.com\/wordpress\/plugins\/seo\/ -->\n<title>Neuqu\u00e9n no ver\u00e3o mostra uma Argentina fora do circuito tradicional - Travel3<\/title>\n<meta name=\"description\" content=\"Neuqu\u00e9n revela uma Argentina fora do circuito tradicional, com lagos, trilhas, vin\u00edcolas e cidades tranquilas no norte da Patag\u00f4nia\" \/>\n<meta name=\"robots\" content=\"index, follow, max-snippet:-1, max-image-preview:large, max-video-preview:-1\" \/>\n<link rel=\"canonical\" href=\"https:\/\/www.travel3.com.br\/site\/comece-a-viajar\/neuquen-verao-argentina-patagonia\/\" \/>\n<meta property=\"og:locale\" content=\"pt_BR\" \/>\n<meta property=\"og:type\" content=\"article\" \/>\n<meta property=\"og:title\" content=\"Neuqu\u00e9n no ver\u00e3o mostra uma Argentina fora do circuito tradicional - Travel3\" \/>\n<meta property=\"og:description\" content=\"Neuqu\u00e9n revela uma Argentina fora do circuito tradicional, com lagos, trilhas, vin\u00edcolas e cidades tranquilas no norte da Patag\u00f4nia\" \/>\n<meta property=\"og:url\" content=\"https:\/\/www.travel3.com.br\/site\/comece-a-viajar\/neuquen-verao-argentina-patagonia\/\" \/>\n<meta property=\"og:site_name\" content=\"Travel3\" \/>\n<meta property=\"article:publisher\" content=\"https:\/\/www.facebook.com\/travel3media\/\" \/>\n<meta property=\"article:published_time\" content=\"2026-01-23T11:34:30+00:00\" \/>\n<meta property=\"article:modified_time\" content=\"2026-02-06T17:51:32+00:00\" \/>\n<meta property=\"og:image\" content=\"https:\/\/www.travel3.com.br\/site\/wp-content\/uploads\/2026\/01\/Neuquen3_Easy-Resize.com_.jpg\" \/>\n\t<meta property=\"og:image:width\" content=\"1280\" \/>\n\t<meta property=\"og:image:height\" content=\"530\" \/>\n\t<meta property=\"og:image:type\" content=\"image\/jpeg\" \/>\n<meta name=\"author\" content=\"Reda\u00e7\u00e3o Travel3\" \/>\n<meta name=\"twitter:card\" content=\"summary_large_image\" \/>\n<meta name=\"twitter:label1\" content=\"Escrito por\" \/>\n\t<meta name=\"twitter:data1\" content=\"Reda\u00e7\u00e3o Travel3\" \/>\n\t<meta name=\"twitter:label2\" content=\"Est. tempo de leitura\" \/>\n\t<meta name=\"twitter:data2\" content=\"3 minutos\" \/>\n<script type=\"application\/ld+json\" class=\"yoast-schema-graph\">{\"@context\":\"https:\/\/schema.org\",\"@graph\":[{\"@type\":\"Article\",\"@id\":\"https:\/\/www.travel3.com.br\/site\/comece-a-viajar\/neuquen-verao-argentina-patagonia\/#article\",\"isPartOf\":{\"@id\":\"https:\/\/www.travel3.com.br\/site\/comece-a-viajar\/neuquen-verao-argentina-patagonia\/\"},\"author\":{\"name\":\"Reda\u00e7\u00e3o Travel3\",\"@id\":\"https:\/\/www.travel3.com.br\/site\/#\/schema\/person\/89251b0320bc67697de92249f97f3fdb\"},\"headline\":\"Neuqu\u00e9n no ver\u00e3o mostra uma Argentina fora do circuito tradicional\",\"datePublished\":\"2026-01-23T11:34:30+00:00\",\"dateModified\":\"2026-02-06T17:51:32+00:00\",\"mainEntityOfPage\":{\"@id\":\"https:\/\/www.travel3.com.br\/site\/comece-a-viajar\/neuquen-verao-argentina-patagonia\/\"},\"wordCount\":442,\"commentCount\":0,\"publisher\":{\"@id\":\"https:\/\/www.travel3.com.br\/site\/#organization\"},\"image\":{\"@id\":\"https:\/\/www.travel3.com.br\/site\/comece-a-viajar\/neuquen-verao-argentina-patagonia\/#primaryimage\"},\"thumbnailUrl\":\"https:\/\/www.travel3.com.br\/site\/wp-content\/uploads\/2026\/01\/Neuquen3_Easy-Resize.com_.jpg\",\"keywords\":[\"neuqu\u00e9n\",\"patag\u00f4nia argentina\",\"Ver\u00e3o na Argentina\"],\"articleSection\":[\"Am\u00e9rica do Sul\",\"Comece a Viajar\",\"Destaque\",\"Destinos\",\"Home\"],\"inLanguage\":\"pt-BR\",\"potentialAction\":[{\"@type\":\"CommentAction\",\"name\":\"Comment\",\"target\":[\"https:\/\/www.travel3.com.br\/site\/comece-a-viajar\/neuquen-verao-argentina-patagonia\/#respond\"]}]},{\"@type\":\"WebPage\",\"@id\":\"https:\/\/www.travel3.com.br\/site\/comece-a-viajar\/neuquen-verao-argentina-patagonia\/\",\"url\":\"https:\/\/www.travel3.com.br\/site\/comece-a-viajar\/neuquen-verao-argentina-patagonia\/\",\"name\":\"Neuqu\u00e9n no ver\u00e3o mostra uma Argentina fora do circuito tradicional - Travel3\",\"isPartOf\":{\"@id\":\"https:\/\/www.travel3.com.br\/site\/#website\"},\"primaryImageOfPage\":{\"@id\":\"https:\/\/www.travel3.com.br\/site\/comece-a-viajar\/neuquen-verao-argentina-patagonia\/#primaryimage\"},\"image\":{\"@id\":\"https:\/\/www.travel3.com.br\/site\/comece-a-viajar\/neuquen-verao-argentina-patagonia\/#primaryimage\"},\"thumbnailUrl\":\"https:\/\/www.travel3.com.br\/site\/wp-content\/uploads\/2026\/01\/Neuquen3_Easy-Resize.com_.jpg\",\"datePublished\":\"2026-01-23T11:34:30+00:00\",\"dateModified\":\"2026-02-06T17:51:32+00:00\",\"description\":\"Neuqu\u00e9n revela uma Argentina fora do circuito tradicional, com lagos, trilhas, vin\u00edcolas e cidades tranquilas no norte da Patag\u00f4nia\",\"breadcrumb\":{\"@id\":\"https:\/\/www.travel3.com.br\/site\/comece-a-viajar\/neuquen-verao-argentina-patagonia\/#breadcrumb\"},\"inLanguage\":\"pt-BR\",\"potentialAction\":[{\"@type\":\"ReadAction\",\"target\":[\"https:\/\/www.travel3.com.br\/site\/comece-a-viajar\/neuquen-verao-argentina-patagonia\/\"]}]},{\"@type\":\"ImageObject\",\"inLanguage\":\"pt-BR\",\"@id\":\"https:\/\/www.travel3.com.br\/site\/comece-a-viajar\/neuquen-verao-argentina-patagonia\/#primaryimage\",\"url\":\"https:\/\/www.travel3.com.br\/site\/wp-content\/uploads\/2026\/01\/Neuquen3_Easy-Resize.com_.jpg\",\"contentUrl\":\"https:\/\/www.travel3.com.br\/site\/wp-content\/uploads\/2026\/01\/Neuquen3_Easy-Resize.com_.jpg\",\"width\":1280,\"height\":530,\"caption\":\"Para quem gosta de \u00e1gua: Neuqu\u00e9n tem lagos, rios e banho de natureza (Foto: Turismo Neuqu\u00e9n\/Divulga\u00e7\u00e3o)\"},{\"@type\":\"BreadcrumbList\",\"@id\":\"https:\/\/www.travel3.com.br\/site\/comece-a-viajar\/neuquen-verao-argentina-patagonia\/#breadcrumb\",\"itemListElement\":[{\"@type\":\"ListItem\",\"position\":1,\"name\":\"In\u00edcio\",\"item\":\"https:\/\/www.travel3.com.br\/site\/\"},{\"@type\":\"ListItem\",\"position\":2,\"name\":\"Neuqu\u00e9n no ver\u00e3o mostra uma Argentina fora do circuito tradicional\"}]},{\"@type\":\"WebSite\",\"@id\":\"https:\/\/www.travel3.com.br\/site\/#website\",\"url\":\"https:\/\/www.travel3.com.br\/site\/\",\"name\":\"Travel3\",\"description\":\"Lazer + Neg&oacute;cios + Aventura\",\"publisher\":{\"@id\":\"https:\/\/www.travel3.com.br\/site\/#organization\"},\"potentialAction\":[{\"@type\":\"SearchAction\",\"target\":{\"@type\":\"EntryPoint\",\"urlTemplate\":\"https:\/\/www.travel3.com.br\/site\/?s={search_term_string}\"},\"query-input\":{\"@type\":\"PropertyValueSpecification\",\"valueRequired\":true,\"valueName\":\"search_term_string\"}}],\"inLanguage\":\"pt-BR\"},{\"@type\":\"Organization\",\"@id\":\"https:\/\/www.travel3.com.br\/site\/#organization\",\"name\":\"Travel3\",\"url\":\"https:\/\/www.travel3.com.br\/site\/\",\"logo\":{\"@type\":\"ImageObject\",\"inLanguage\":\"pt-BR\",\"@id\":\"https:\/\/www.travel3.com.br\/site\/#\/schema\/logo\/image\/\",\"url\":\"https:\/\/www.travel3.com.br\/site\/wp-content\/uploads\/2020\/01\/logo-travel3-2020.png\",\"contentUrl\":\"https:\/\/www.travel3.com.br\/site\/wp-content\/uploads\/2020\/01\/logo-travel3-2020.png\",\"width\":232,\"height\":79,\"caption\":\"Travel3\"},\"image\":{\"@id\":\"https:\/\/www.travel3.com.br\/site\/#\/schema\/logo\/image\/\"},\"sameAs\":[\"https:\/\/www.facebook.com\/travel3media\/\",\"https:\/\/www.instagram.com\/revistatravel3\/\",\"https:\/\/www.youtube.com\/channel\/UCno7J4paGBR3VbZQzvoJ9Eg\"]},{\"@type\":\"Person\",\"@id\":\"https:\/\/www.travel3.com.br\/site\/#\/schema\/person\/89251b0320bc67697de92249f97f3fdb\",\"name\":\"Reda\u00e7\u00e3o Travel3\",\"image\":{\"@type\":\"ImageObject\",\"inLanguage\":\"pt-BR\",\"@id\":\"https:\/\/www.travel3.com.br\/site\/#\/schema\/person\/image\/\",\"url\":\"https:\/\/secure.gravatar.com\/avatar\/85a5ec2ad99b1932f671ebf50c117db6?s=96&d=mm&r=g\",\"contentUrl\":\"https:\/\/secure.gravatar.com\/avatar\/85a5ec2ad99b1932f671ebf50c117db6?s=96&d=mm&r=g\",\"caption\":\"Reda\u00e7\u00e3o Travel3\"},\"sameAs\":[\"http:\/\/www.travel3.com.br\/\"],\"url\":\"https:\/\/www.travel3.com.br\/site\/author\/redacao\/\"}]}<\/script>\n<!-- \/ Yoast SEO plugin. -->","yoast_head_json":{"title":"Neuqu\u00e9n no ver\u00e3o mostra uma Argentina fora do circuito tradicional - Travel3","description":"Neuqu\u00e9n revela uma Argentina fora do circuito tradicional, com lagos, trilhas, vin\u00edcolas e cidades tranquilas no norte da Patag\u00f4nia","robots":{"index":"index","follow":"follow","max-snippet":"max-snippet:-1","max-image-preview":"max-image-preview:large","max-video-preview":"max-video-preview:-1"},"canonical":"https:\/\/www.travel3.com.br\/site\/comece-a-viajar\/neuquen-verao-argentina-patagonia\/","og_locale":"pt_BR","og_type":"article","og_title":"Neuqu\u00e9n no ver\u00e3o mostra uma Argentina fora do circuito tradicional - Travel3","og_description":"Neuqu\u00e9n revela uma Argentina fora do circuito tradicional, com lagos, trilhas, vin\u00edcolas e cidades tranquilas no norte da Patag\u00f4nia","og_url":"https:\/\/www.travel3.com.br\/site\/comece-a-viajar\/neuquen-verao-argentina-patagonia\/","og_site_name":"Travel3","article_publisher":"https:\/\/www.facebook.com\/travel3media\/","article_published_time":"2026-01-23T11:34:30+00:00","article_modified_time":"2026-02-06T17:51:32+00:00","og_image":[{"width":1280,"height":530,"url":"https:\/\/www.travel3.com.br\/site\/wp-content\/uploads\/2026\/01\/Neuquen3_Easy-Resize.com_.jpg","type":"image\/jpeg"}],"author":"Reda\u00e7\u00e3o Travel3","twitter_card":"summary_large_image","twitter_misc":{"Escrito por":"Reda\u00e7\u00e3o Travel3","Est. tempo de leitura":"3 minutos"},"schema":{"@context":"https:\/\/schema.org","@graph":[{"@type":"Article","@id":"https:\/\/www.travel3.com.br\/site\/comece-a-viajar\/neuquen-verao-argentina-patagonia\/#article","isPartOf":{"@id":"https:\/\/www.travel3.com.br\/site\/comece-a-viajar\/neuquen-verao-argentina-patagonia\/"},"author":{"name":"Reda\u00e7\u00e3o Travel3","@id":"https:\/\/www.travel3.com.br\/site\/#\/schema\/person\/89251b0320bc67697de92249f97f3fdb"},"headline":"Neuqu\u00e9n no ver\u00e3o mostra uma Argentina fora do circuito tradicional","datePublished":"2026-01-23T11:34:30+00:00","dateModified":"2026-02-06T17:51:32+00:00","mainEntityOfPage":{"@id":"https:\/\/www.travel3.com.br\/site\/comece-a-viajar\/neuquen-verao-argentina-patagonia\/"},"wordCount":442,"commentCount":0,"publisher":{"@id":"https:\/\/www.travel3.com.br\/site\/#organization"},"image":{"@id":"https:\/\/www.travel3.com.br\/site\/comece-a-viajar\/neuquen-verao-argentina-patagonia\/#primaryimage"},"thumbnailUrl":"https:\/\/www.travel3.com.br\/site\/wp-content\/uploads\/2026\/01\/Neuquen3_Easy-Resize.com_.jpg","keywords":["neuqu\u00e9n","patag\u00f4nia argentina","Ver\u00e3o na Argentina"],"articleSection":["Am\u00e9rica do Sul","Comece a Viajar","Destaque","Destinos","Home"],"inLanguage":"pt-BR","potentialAction":[{"@type":"CommentAction","name":"Comment","target":["https:\/\/www.travel3.com.br\/site\/comece-a-viajar\/neuquen-verao-argentina-patagonia\/#respond"]}]},{"@type":"WebPage","@id":"https:\/\/www.travel3.com.br\/site\/comece-a-viajar\/neuquen-verao-argentina-patagonia\/","url":"https:\/\/www.travel3.com.br\/site\/comece-a-viajar\/neuquen-verao-argentina-patagonia\/","name":"Neuqu\u00e9n no ver\u00e3o mostra uma Argentina fora do circuito tradicional - Travel3","isPartOf":{"@id":"https:\/\/www.travel3.com.br\/site\/#website"},"primaryImageOfPage":{"@id":"https:\/\/www.travel3.com.br\/site\/comece-a-viajar\/neuquen-verao-argentina-patagonia\/#primaryimage"},"image":{"@id":"https:\/\/www.travel3.com.br\/site\/comece-a-viajar\/neuquen-verao-argentina-patagonia\/#primaryimage"},"thumbnailUrl":"https:\/\/www.travel3.com.br\/site\/wp-content\/uploads\/2026\/01\/Neuquen3_Easy-Resize.com_.jpg","datePublished":"2026-01-23T11:34:30+00:00","dateModified":"2026-02-06T17:51:32+00:00","description":"Neuqu\u00e9n revela uma Argentina fora do circuito tradicional, com lagos, trilhas, vin\u00edcolas e cidades tranquilas no norte da Patag\u00f4nia","breadcrumb":{"@id":"https:\/\/www.travel3.com.br\/site\/comece-a-viajar\/neuquen-verao-argentina-patagonia\/#breadcrumb"},"inLanguage":"pt-BR","potentialAction":[{"@type":"ReadAction","target":["https:\/\/www.travel3.com.br\/site\/comece-a-viajar\/neuquen-verao-argentina-patagonia\/"]}]},{"@type":"ImageObject","inLanguage":"pt-BR","@id":"https:\/\/www.travel3.com.br\/site\/comece-a-viajar\/neuquen-verao-argentina-patagonia\/#primaryimage","url":"https:\/\/www.travel3.com.br\/site\/wp-content\/uploads\/2026\/01\/Neuquen3_Easy-Resize.com_.jpg","contentUrl":"https:\/\/www.travel3.com.br\/site\/wp-content\/uploads\/2026\/01\/Neuquen3_Easy-Resize.com_.jpg","width":1280,"height":530,"caption":"Para quem gosta de \u00e1gua: Neuqu\u00e9n tem lagos, rios e banho de natureza (Foto: Turismo Neuqu\u00e9n\/Divulga\u00e7\u00e3o)"},{"@type":"BreadcrumbList","@id":"https:\/\/www.travel3.com.br\/site\/comece-a-viajar\/neuquen-verao-argentina-patagonia\/#breadcrumb","itemListElement":[{"@type":"ListItem","position":1,"name":"In\u00edcio","item":"https:\/\/www.travel3.com.br\/site\/"},{"@type":"ListItem","position":2,"name":"Neuqu\u00e9n no ver\u00e3o mostra uma Argentina fora do circuito tradicional"}]},{"@type":"WebSite","@id":"https:\/\/www.travel3.com.br\/site\/#website","url":"https:\/\/www.travel3.com.br\/site\/","name":"Travel3","description":"Lazer + Neg&oacute;cios + Aventura","publisher":{"@id":"https:\/\/www.travel3.com.br\/site\/#organization"},"potentialAction":[{"@type":"SearchAction","target":{"@type":"EntryPoint","urlTemplate":"https:\/\/www.travel3.com.br\/site\/?s={search_term_string}"},"query-input":{"@type":"PropertyValueSpecification","valueRequired":true,"valueName":"search_term_string"}}],"inLanguage":"pt-BR"},{"@type":"Organization","@id":"https:\/\/www.travel3.com.br\/site\/#organization","name":"Travel3","url":"https:\/\/www.travel3.com.br\/site\/","logo":{"@type":"ImageObject","inLanguage":"pt-BR","@id":"https:\/\/www.travel3.com.br\/site\/#\/schema\/logo\/image\/","url":"https:\/\/www.travel3.com.br\/site\/wp-content\/uploads\/2020\/01\/logo-travel3-2020.png","contentUrl":"https:\/\/www.travel3.com.br\/site\/wp-content\/uploads\/2020\/01\/logo-travel3-2020.png","width":232,"height":79,"caption":"Travel3"},"image":{"@id":"https:\/\/www.travel3.com.br\/site\/#\/schema\/logo\/image\/"},"sameAs":["https:\/\/www.facebook.com\/travel3media\/","https:\/\/www.instagram.com\/revistatravel3\/","https:\/\/www.youtube.com\/channel\/UCno7J4paGBR3VbZQzvoJ9Eg"]},{"@type":"Person","@id":"https:\/\/www.travel3.com.br\/site\/#\/schema\/person\/89251b0320bc67697de92249f97f3fdb","name":"Reda\u00e7\u00e3o Travel3","image":{"@type":"ImageObject","inLanguage":"pt-BR","@id":"https:\/\/www.travel3.com.br\/site\/#\/schema\/person\/image\/","url":"https:\/\/secure.gravatar.com\/avatar\/85a5ec2ad99b1932f671ebf50c117db6?s=96&d=mm&r=g","contentUrl":"https:\/\/secure.gravatar.com\/avatar\/85a5ec2ad99b1932f671ebf50c117db6?s=96&d=mm&r=g","caption":"Reda\u00e7\u00e3o Travel3"},"sameAs":["http:\/\/www.travel3.com.br\/"],"url":"https:\/\/www.travel3.com.br\/site\/author\/redacao\/"}]}},"_links":{"self":[{"href":"https:\/\/www.travel3.com.br\/site\/wp-json\/wp\/v2\/posts\/80200","targetHints":{"allow":["GET"]}}],"collection":[{"href":"https:\/\/www.travel3.com.br\/site\/wp-json\/wp\/v2\/posts"}],"about":[{"href":"https:\/\/www.travel3.com.br\/site\/wp-json\/wp\/v2\/types\/post"}],"author":[{"embeddable":true,"href":"https:\/\/www.travel3.com.br\/site\/wp-json\/wp\/v2\/users\/5"}],"replies":[{"embeddable":true,"href":"https:\/\/www.travel3.com.br\/site\/wp-json\/wp\/v2\/comments?post=80200"}],"version-history":[{"count":3,"href":"https:\/\/www.travel3.com.br\/site\/wp-json\/wp\/v2\/posts\/80200\/revisions"}],"predecessor-version":[{"id":80337,"href":"https:\/\/www.travel3.com.br\/site\/wp-json\/wp\/v2\/posts\/80200\/revisions\/80337"}],"wp:featuredmedia":[{"embeddable":true,"href":"https:\/\/www.travel3.com.br\/site\/wp-json\/wp\/v2\/media\/80333"}],"wp:attachment":[{"href":"https:\/\/www.travel3.com.br\/site\/wp-json\/wp\/v2\/media?parent=80200"}],"wp:term":[{"taxonomy":"category","embeddable":true,"href":"https:\/\/www.travel3.com.br\/site\/wp-json\/wp\/v2\/categories?post=80200"},{"taxonomy":"post_tag","embeddable":true,"href":"https:\/\/www.travel3.com.br\/site\/wp-json\/wp\/v2\/tags?post=80200"}],"curies":[{"name":"wp","href":"https:\/\/api.w.org\/{rel}","templated":true}]}}