{"id":80142,"date":"2026-01-12T10:25:22","date_gmt":"2026-01-12T13:25:22","guid":{"rendered":"https:\/\/www.travel3.com.br\/site\/?p=80142"},"modified":"2026-01-12T10:25:25","modified_gmt":"2026-01-12T13:25:25","slug":"travel-inn-campanha-verao-2026","status":"publish","type":"post","link":"https:\/\/www.travel3.com.br\/site\/dicas\/travel-inn-campanha-verao-2026\/","title":{"rendered":"Travel Inn lan\u00e7a campanha Ver\u00e3o 2026 com tarifas promocionais"},"content":{"rendered":"\n<h2 class=\"wp-block-heading\">Rede oferece 20% de desconto e b\u00f4nus extra de 5% em reservas at\u00e9 fevereiro, para hospedagens at\u00e9 julho de 2026<\/h2>\n\n\n\n<p>A Rede Travel Inn lan\u00e7ou a campanha <strong>Ver\u00e3o 2026<\/strong>, j\u00e1 dispon\u00edvel em seu site oficial, com tarifas especiais em todas as oito unidades da rede. As reservas podem ser feitas at\u00e9 <strong>28 de fevereiro<\/strong>, para hospedagens v\u00e1lidas at\u00e9 <strong>julho de 2026<\/strong>, contemplando diferentes perfis de viagem \u2014 lazer, trabalho, fins de semana e estadias de curta dura\u00e7\u00e3o.<\/p>\n\n\n\n<p>A a\u00e7\u00e3o garante <strong>20% de desconto imediato<\/strong> nas tarifas e mais <strong>5% adicional<\/strong> para clientes Travel Inn, seguidores da marca nas redes sociais ou inscritos na newsletter. O benef\u00edcio extra \u00e9 aplicado com o c\u00f3digo <strong>VERAO2026<\/strong> no momento da reserva.<\/p>\n\n\n\n<p>A campanha \u00e9 v\u00e1lida para todos os hot\u00e9is da rede, incluindo a <strong>Travel Inn Pousada &amp; Beach Club<\/strong>, em Trancoso (BA); o <strong>Travel Inn Flats Riviera<\/strong>, no litoral paulista; os hot\u00e9is <strong>Travel Inn Paulista Wall Street<\/strong>, <strong>Travel Inn Flats Jardins<\/strong> e <strong>Travel Inn Ibirapuera<\/strong>, em S\u00e3o Paulo; al\u00e9m do <strong>Travel Inn Caxias do Sul<\/strong>, na Serra Ga\u00facha.<\/p>\n\n\n\n<p>Com unidades em destinos de praia, centros urbanos e regi\u00f5es serranas, a rede permite ao viajante escolher entre experi\u00eancias \u00e0 beira-mar, estadias em \u00e1reas centrais ou roteiros em clima de montanha, sempre com tarifas reduzidas durante o per\u00edodo da campanha.<\/p>\n\n\n\n<h3 class=\"wp-block-heading\">Reservas e condi\u00e7\u00f5es<\/h3>\n\n\n\n<p>A promo\u00e7\u00e3o n\u00e3o \u00e9 cumulativa com outras ofertas vigentes e \u00e9 v\u00e1lida exclusivamente durante o per\u00edodo da campanha. As regras completas, pol\u00edticas espec\u00edficas e condi\u00e7\u00f5es de uso est\u00e3o dispon\u00edveis no <strong><a href=\"https:\/\/travelinn.com.br\/promocoes\/verao-2026-com-20-off-em-toda-a-rede-travel-inn\/\" target=\"_blank\" rel=\"noreferrer noopener\">site oficial da Rede Travel Inn<\/a><\/strong>.<\/p>\n\n\n\n<p><\/p>\n","protected":false},"excerpt":{"rendered":"<p>Rede oferece 20% de desconto e b\u00f4nus extra de 5% em reservas at\u00e9 fevereiro, para hospedagens at\u00e9 julho de 2026<\/p>\n","protected":false},"author":5,"featured_media":69983,"comment_status":"open","ping_status":"open","sticky":false,"template":"","format":"standard","meta":{"footnotes":""},"categories":[7,161],"tags":[905,1964],"class_list":["post-80142","post","type-post","status-publish","format-standard","has-post-thumbnail","hentry","category-dicas","category-promocoes","tag-promocoes","tag-travel-inn"],"yoast_head":"<!-- This site is optimized with the Yoast SEO plugin v26.2 - https:\/\/yoast.com\/wordpress\/plugins\/seo\/ -->\n<title>Travel Inn lan\u00e7a campanha Ver\u00e3o 2026 com tarifas promocionais - Travel3<\/title>\n<meta name=\"description\" content=\"Campanha Ver\u00e3o 2026 da Travel Inn oferece 20% de desconto e b\u00f4nus extra em reservas at\u00e9 fevereiro, para hospedagens at\u00e9 julho\" \/>\n<meta name=\"robots\" content=\"index, follow, max-snippet:-1, max-image-preview:large, max-video-preview:-1\" \/>\n<link rel=\"canonical\" href=\"https:\/\/www.travel3.com.br\/site\/dicas\/travel-inn-campanha-verao-2026\/\" \/>\n<meta property=\"og:locale\" content=\"pt_BR\" \/>\n<meta property=\"og:type\" content=\"article\" \/>\n<meta property=\"og:title\" content=\"Travel Inn lan\u00e7a campanha Ver\u00e3o 2026 com tarifas promocionais - Travel3\" \/>\n<meta property=\"og:description\" content=\"Campanha Ver\u00e3o 2026 da Travel Inn oferece 20% de desconto e b\u00f4nus extra em reservas at\u00e9 fevereiro, para hospedagens at\u00e9 julho\" \/>\n<meta property=\"og:url\" content=\"https:\/\/www.travel3.com.br\/site\/dicas\/travel-inn-campanha-verao-2026\/\" \/>\n<meta property=\"og:site_name\" content=\"Travel3\" \/>\n<meta property=\"article:publisher\" content=\"https:\/\/www.facebook.com\/travel3media\/\" \/>\n<meta property=\"article:published_time\" content=\"2026-01-12T13:25:22+00:00\" \/>\n<meta property=\"article:modified_time\" content=\"2026-01-12T13:25:25+00:00\" \/>\n<meta property=\"og:image\" content=\"https:\/\/www.travel3.com.br\/site\/wp-content\/uploads\/2024\/07\/Travel-Inn-Trancoso_Easy-Resize.com_.jpg\" \/>\n\t<meta property=\"og:image:width\" content=\"1280\" \/>\n\t<meta property=\"og:image:height\" content=\"853\" \/>\n\t<meta property=\"og:image:type\" content=\"image\/jpeg\" \/>\n<meta name=\"author\" content=\"Reda\u00e7\u00e3o Travel3\" \/>\n<meta name=\"twitter:card\" content=\"summary_large_image\" \/>\n<meta name=\"twitter:label1\" content=\"Escrito por\" \/>\n\t<meta name=\"twitter:data1\" content=\"Reda\u00e7\u00e3o Travel3\" \/>\n\t<meta name=\"twitter:label2\" content=\"Est. tempo de leitura\" \/>\n\t<meta name=\"twitter:data2\" content=\"2 minutos\" \/>\n<script type=\"application\/ld+json\" class=\"yoast-schema-graph\">{\"@context\":\"https:\/\/schema.org\",\"@graph\":[{\"@type\":\"Article\",\"@id\":\"https:\/\/www.travel3.com.br\/site\/dicas\/travel-inn-campanha-verao-2026\/#article\",\"isPartOf\":{\"@id\":\"https:\/\/www.travel3.com.br\/site\/dicas\/travel-inn-campanha-verao-2026\/\"},\"author\":{\"name\":\"Reda\u00e7\u00e3o Travel3\",\"@id\":\"https:\/\/www.travel3.com.br\/site\/#\/schema\/person\/89251b0320bc67697de92249f97f3fdb\"},\"headline\":\"Travel Inn lan\u00e7a campanha Ver\u00e3o 2026 com tarifas promocionais\",\"datePublished\":\"2026-01-12T13:25:22+00:00\",\"dateModified\":\"2026-01-12T13:25:25+00:00\",\"mainEntityOfPage\":{\"@id\":\"https:\/\/www.travel3.com.br\/site\/dicas\/travel-inn-campanha-verao-2026\/\"},\"wordCount\":277,\"commentCount\":0,\"publisher\":{\"@id\":\"https:\/\/www.travel3.com.br\/site\/#organization\"},\"image\":{\"@id\":\"https:\/\/www.travel3.com.br\/site\/dicas\/travel-inn-campanha-verao-2026\/#primaryimage\"},\"thumbnailUrl\":\"https:\/\/www.travel3.com.br\/site\/wp-content\/uploads\/2024\/07\/Travel-Inn-Trancoso_Easy-Resize.com_.jpg\",\"keywords\":[\"promo\u00e7\u00f5es\",\"Travel Inn\"],\"articleSection\":[\"Dicas\",\"Promo\u00e7\u00f5es\"],\"inLanguage\":\"pt-BR\",\"potentialAction\":[{\"@type\":\"CommentAction\",\"name\":\"Comment\",\"target\":[\"https:\/\/www.travel3.com.br\/site\/dicas\/travel-inn-campanha-verao-2026\/#respond\"]}]},{\"@type\":\"WebPage\",\"@id\":\"https:\/\/www.travel3.com.br\/site\/dicas\/travel-inn-campanha-verao-2026\/\",\"url\":\"https:\/\/www.travel3.com.br\/site\/dicas\/travel-inn-campanha-verao-2026\/\",\"name\":\"Travel Inn lan\u00e7a campanha Ver\u00e3o 2026 com tarifas promocionais - Travel3\",\"isPartOf\":{\"@id\":\"https:\/\/www.travel3.com.br\/site\/#website\"},\"primaryImageOfPage\":{\"@id\":\"https:\/\/www.travel3.com.br\/site\/dicas\/travel-inn-campanha-verao-2026\/#primaryimage\"},\"image\":{\"@id\":\"https:\/\/www.travel3.com.br\/site\/dicas\/travel-inn-campanha-verao-2026\/#primaryimage\"},\"thumbnailUrl\":\"https:\/\/www.travel3.com.br\/site\/wp-content\/uploads\/2024\/07\/Travel-Inn-Trancoso_Easy-Resize.com_.jpg\",\"datePublished\":\"2026-01-12T13:25:22+00:00\",\"dateModified\":\"2026-01-12T13:25:25+00:00\",\"description\":\"Campanha Ver\u00e3o 2026 da Travel Inn oferece 20% de desconto e b\u00f4nus extra em reservas at\u00e9 fevereiro, para hospedagens at\u00e9 julho\",\"breadcrumb\":{\"@id\":\"https:\/\/www.travel3.com.br\/site\/dicas\/travel-inn-campanha-verao-2026\/#breadcrumb\"},\"inLanguage\":\"pt-BR\",\"potentialAction\":[{\"@type\":\"ReadAction\",\"target\":[\"https:\/\/www.travel3.com.br\/site\/dicas\/travel-inn-campanha-verao-2026\/\"]}]},{\"@type\":\"ImageObject\",\"inLanguage\":\"pt-BR\",\"@id\":\"https:\/\/www.travel3.com.br\/site\/dicas\/travel-inn-campanha-verao-2026\/#primaryimage\",\"url\":\"https:\/\/www.travel3.com.br\/site\/wp-content\/uploads\/2024\/07\/Travel-Inn-Trancoso_Easy-Resize.com_.jpg\",\"contentUrl\":\"https:\/\/www.travel3.com.br\/site\/wp-content\/uploads\/2024\/07\/Travel-Inn-Trancoso_Easy-Resize.com_.jpg\",\"width\":1280,\"height\":853,\"caption\":\"Pousada Travel Inn Trancoso (Foto: Divulga\u00e7\u00e3o)\"},{\"@type\":\"BreadcrumbList\",\"@id\":\"https:\/\/www.travel3.com.br\/site\/dicas\/travel-inn-campanha-verao-2026\/#breadcrumb\",\"itemListElement\":[{\"@type\":\"ListItem\",\"position\":1,\"name\":\"In\u00edcio\",\"item\":\"https:\/\/www.travel3.com.br\/site\/\"},{\"@type\":\"ListItem\",\"position\":2,\"name\":\"Travel Inn lan\u00e7a campanha Ver\u00e3o 2026 com tarifas promocionais\"}]},{\"@type\":\"WebSite\",\"@id\":\"https:\/\/www.travel3.com.br\/site\/#website\",\"url\":\"https:\/\/www.travel3.com.br\/site\/\",\"name\":\"Travel3\",\"description\":\"Lazer + Neg&oacute;cios + Aventura\",\"publisher\":{\"@id\":\"https:\/\/www.travel3.com.br\/site\/#organization\"},\"potentialAction\":[{\"@type\":\"SearchAction\",\"target\":{\"@type\":\"EntryPoint\",\"urlTemplate\":\"https:\/\/www.travel3.com.br\/site\/?s={search_term_string}\"},\"query-input\":{\"@type\":\"PropertyValueSpecification\",\"valueRequired\":true,\"valueName\":\"search_term_string\"}}],\"inLanguage\":\"pt-BR\"},{\"@type\":\"Organization\",\"@id\":\"https:\/\/www.travel3.com.br\/site\/#organization\",\"name\":\"Travel3\",\"url\":\"https:\/\/www.travel3.com.br\/site\/\",\"logo\":{\"@type\":\"ImageObject\",\"inLanguage\":\"pt-BR\",\"@id\":\"https:\/\/www.travel3.com.br\/site\/#\/schema\/logo\/image\/\",\"url\":\"https:\/\/www.travel3.com.br\/site\/wp-content\/uploads\/2020\/01\/logo-travel3-2020.png\",\"contentUrl\":\"https:\/\/www.travel3.com.br\/site\/wp-content\/uploads\/2020\/01\/logo-travel3-2020.png\",\"width\":232,\"height\":79,\"caption\":\"Travel3\"},\"image\":{\"@id\":\"https:\/\/www.travel3.com.br\/site\/#\/schema\/logo\/image\/\"},\"sameAs\":[\"https:\/\/www.facebook.com\/travel3media\/\",\"https:\/\/www.instagram.com\/revistatravel3\/\",\"https:\/\/www.youtube.com\/channel\/UCno7J4paGBR3VbZQzvoJ9Eg\"]},{\"@type\":\"Person\",\"@id\":\"https:\/\/www.travel3.com.br\/site\/#\/schema\/person\/89251b0320bc67697de92249f97f3fdb\",\"name\":\"Reda\u00e7\u00e3o Travel3\",\"image\":{\"@type\":\"ImageObject\",\"inLanguage\":\"pt-BR\",\"@id\":\"https:\/\/www.travel3.com.br\/site\/#\/schema\/person\/image\/\",\"url\":\"https:\/\/secure.gravatar.com\/avatar\/85a5ec2ad99b1932f671ebf50c117db6?s=96&d=mm&r=g\",\"contentUrl\":\"https:\/\/secure.gravatar.com\/avatar\/85a5ec2ad99b1932f671ebf50c117db6?s=96&d=mm&r=g\",\"caption\":\"Reda\u00e7\u00e3o Travel3\"},\"sameAs\":[\"http:\/\/www.travel3.com.br\/\"],\"url\":\"https:\/\/www.travel3.com.br\/site\/author\/redacao\/\"}]}<\/script>\n<!-- \/ Yoast SEO plugin. -->","yoast_head_json":{"title":"Travel Inn lan\u00e7a campanha Ver\u00e3o 2026 com tarifas promocionais - Travel3","description":"Campanha Ver\u00e3o 2026 da Travel Inn oferece 20% de desconto e b\u00f4nus extra em reservas at\u00e9 fevereiro, para hospedagens at\u00e9 julho","robots":{"index":"index","follow":"follow","max-snippet":"max-snippet:-1","max-image-preview":"max-image-preview:large","max-video-preview":"max-video-preview:-1"},"canonical":"https:\/\/www.travel3.com.br\/site\/dicas\/travel-inn-campanha-verao-2026\/","og_locale":"pt_BR","og_type":"article","og_title":"Travel Inn lan\u00e7a campanha Ver\u00e3o 2026 com tarifas promocionais - Travel3","og_description":"Campanha Ver\u00e3o 2026 da Travel Inn oferece 20% de desconto e b\u00f4nus extra em reservas at\u00e9 fevereiro, para hospedagens at\u00e9 julho","og_url":"https:\/\/www.travel3.com.br\/site\/dicas\/travel-inn-campanha-verao-2026\/","og_site_name":"Travel3","article_publisher":"https:\/\/www.facebook.com\/travel3media\/","article_published_time":"2026-01-12T13:25:22+00:00","article_modified_time":"2026-01-12T13:25:25+00:00","og_image":[{"width":1280,"height":853,"url":"https:\/\/www.travel3.com.br\/site\/wp-content\/uploads\/2024\/07\/Travel-Inn-Trancoso_Easy-Resize.com_.jpg","type":"image\/jpeg"}],"author":"Reda\u00e7\u00e3o Travel3","twitter_card":"summary_large_image","twitter_misc":{"Escrito por":"Reda\u00e7\u00e3o Travel3","Est. tempo de leitura":"2 minutos"},"schema":{"@context":"https:\/\/schema.org","@graph":[{"@type":"Article","@id":"https:\/\/www.travel3.com.br\/site\/dicas\/travel-inn-campanha-verao-2026\/#article","isPartOf":{"@id":"https:\/\/www.travel3.com.br\/site\/dicas\/travel-inn-campanha-verao-2026\/"},"author":{"name":"Reda\u00e7\u00e3o Travel3","@id":"https:\/\/www.travel3.com.br\/site\/#\/schema\/person\/89251b0320bc67697de92249f97f3fdb"},"headline":"Travel Inn lan\u00e7a campanha Ver\u00e3o 2026 com tarifas promocionais","datePublished":"2026-01-12T13:25:22+00:00","dateModified":"2026-01-12T13:25:25+00:00","mainEntityOfPage":{"@id":"https:\/\/www.travel3.com.br\/site\/dicas\/travel-inn-campanha-verao-2026\/"},"wordCount":277,"commentCount":0,"publisher":{"@id":"https:\/\/www.travel3.com.br\/site\/#organization"},"image":{"@id":"https:\/\/www.travel3.com.br\/site\/dicas\/travel-inn-campanha-verao-2026\/#primaryimage"},"thumbnailUrl":"https:\/\/www.travel3.com.br\/site\/wp-content\/uploads\/2024\/07\/Travel-Inn-Trancoso_Easy-Resize.com_.jpg","keywords":["promo\u00e7\u00f5es","Travel Inn"],"articleSection":["Dicas","Promo\u00e7\u00f5es"],"inLanguage":"pt-BR","potentialAction":[{"@type":"CommentAction","name":"Comment","target":["https:\/\/www.travel3.com.br\/site\/dicas\/travel-inn-campanha-verao-2026\/#respond"]}]},{"@type":"WebPage","@id":"https:\/\/www.travel3.com.br\/site\/dicas\/travel-inn-campanha-verao-2026\/","url":"https:\/\/www.travel3.com.br\/site\/dicas\/travel-inn-campanha-verao-2026\/","name":"Travel Inn lan\u00e7a campanha Ver\u00e3o 2026 com tarifas promocionais - Travel3","isPartOf":{"@id":"https:\/\/www.travel3.com.br\/site\/#website"},"primaryImageOfPage":{"@id":"https:\/\/www.travel3.com.br\/site\/dicas\/travel-inn-campanha-verao-2026\/#primaryimage"},"image":{"@id":"https:\/\/www.travel3.com.br\/site\/dicas\/travel-inn-campanha-verao-2026\/#primaryimage"},"thumbnailUrl":"https:\/\/www.travel3.com.br\/site\/wp-content\/uploads\/2024\/07\/Travel-Inn-Trancoso_Easy-Resize.com_.jpg","datePublished":"2026-01-12T13:25:22+00:00","dateModified":"2026-01-12T13:25:25+00:00","description":"Campanha Ver\u00e3o 2026 da Travel Inn oferece 20% de desconto e b\u00f4nus extra em reservas at\u00e9 fevereiro, para hospedagens at\u00e9 julho","breadcrumb":{"@id":"https:\/\/www.travel3.com.br\/site\/dicas\/travel-inn-campanha-verao-2026\/#breadcrumb"},"inLanguage":"pt-BR","potentialAction":[{"@type":"ReadAction","target":["https:\/\/www.travel3.com.br\/site\/dicas\/travel-inn-campanha-verao-2026\/"]}]},{"@type":"ImageObject","inLanguage":"pt-BR","@id":"https:\/\/www.travel3.com.br\/site\/dicas\/travel-inn-campanha-verao-2026\/#primaryimage","url":"https:\/\/www.travel3.com.br\/site\/wp-content\/uploads\/2024\/07\/Travel-Inn-Trancoso_Easy-Resize.com_.jpg","contentUrl":"https:\/\/www.travel3.com.br\/site\/wp-content\/uploads\/2024\/07\/Travel-Inn-Trancoso_Easy-Resize.com_.jpg","width":1280,"height":853,"caption":"Pousada Travel Inn Trancoso (Foto: Divulga\u00e7\u00e3o)"},{"@type":"BreadcrumbList","@id":"https:\/\/www.travel3.com.br\/site\/dicas\/travel-inn-campanha-verao-2026\/#breadcrumb","itemListElement":[{"@type":"ListItem","position":1,"name":"In\u00edcio","item":"https:\/\/www.travel3.com.br\/site\/"},{"@type":"ListItem","position":2,"name":"Travel Inn lan\u00e7a campanha Ver\u00e3o 2026 com tarifas promocionais"}]},{"@type":"WebSite","@id":"https:\/\/www.travel3.com.br\/site\/#website","url":"https:\/\/www.travel3.com.br\/site\/","name":"Travel3","description":"Lazer + Neg&oacute;cios + Aventura","publisher":{"@id":"https:\/\/www.travel3.com.br\/site\/#organization"},"potentialAction":[{"@type":"SearchAction","target":{"@type":"EntryPoint","urlTemplate":"https:\/\/www.travel3.com.br\/site\/?s={search_term_string}"},"query-input":{"@type":"PropertyValueSpecification","valueRequired":true,"valueName":"search_term_string"}}],"inLanguage":"pt-BR"},{"@type":"Organization","@id":"https:\/\/www.travel3.com.br\/site\/#organization","name":"Travel3","url":"https:\/\/www.travel3.com.br\/site\/","logo":{"@type":"ImageObject","inLanguage":"pt-BR","@id":"https:\/\/www.travel3.com.br\/site\/#\/schema\/logo\/image\/","url":"https:\/\/www.travel3.com.br\/site\/wp-content\/uploads\/2020\/01\/logo-travel3-2020.png","contentUrl":"https:\/\/www.travel3.com.br\/site\/wp-content\/uploads\/2020\/01\/logo-travel3-2020.png","width":232,"height":79,"caption":"Travel3"},"image":{"@id":"https:\/\/www.travel3.com.br\/site\/#\/schema\/logo\/image\/"},"sameAs":["https:\/\/www.facebook.com\/travel3media\/","https:\/\/www.instagram.com\/revistatravel3\/","https:\/\/www.youtube.com\/channel\/UCno7J4paGBR3VbZQzvoJ9Eg"]},{"@type":"Person","@id":"https:\/\/www.travel3.com.br\/site\/#\/schema\/person\/89251b0320bc67697de92249f97f3fdb","name":"Reda\u00e7\u00e3o Travel3","image":{"@type":"ImageObject","inLanguage":"pt-BR","@id":"https:\/\/www.travel3.com.br\/site\/#\/schema\/person\/image\/","url":"https:\/\/secure.gravatar.com\/avatar\/85a5ec2ad99b1932f671ebf50c117db6?s=96&d=mm&r=g","contentUrl":"https:\/\/secure.gravatar.com\/avatar\/85a5ec2ad99b1932f671ebf50c117db6?s=96&d=mm&r=g","caption":"Reda\u00e7\u00e3o Travel3"},"sameAs":["http:\/\/www.travel3.com.br\/"],"url":"https:\/\/www.travel3.com.br\/site\/author\/redacao\/"}]}},"_links":{"self":[{"href":"https:\/\/www.travel3.com.br\/site\/wp-json\/wp\/v2\/posts\/80142","targetHints":{"allow":["GET"]}}],"collection":[{"href":"https:\/\/www.travel3.com.br\/site\/wp-json\/wp\/v2\/posts"}],"about":[{"href":"https:\/\/www.travel3.com.br\/site\/wp-json\/wp\/v2\/types\/post"}],"author":[{"embeddable":true,"href":"https:\/\/www.travel3.com.br\/site\/wp-json\/wp\/v2\/users\/5"}],"replies":[{"embeddable":true,"href":"https:\/\/www.travel3.com.br\/site\/wp-json\/wp\/v2\/comments?post=80142"}],"version-history":[{"count":2,"href":"https:\/\/www.travel3.com.br\/site\/wp-json\/wp\/v2\/posts\/80142\/revisions"}],"predecessor-version":[{"id":80144,"href":"https:\/\/www.travel3.com.br\/site\/wp-json\/wp\/v2\/posts\/80142\/revisions\/80144"}],"wp:featuredmedia":[{"embeddable":true,"href":"https:\/\/www.travel3.com.br\/site\/wp-json\/wp\/v2\/media\/69983"}],"wp:attachment":[{"href":"https:\/\/www.travel3.com.br\/site\/wp-json\/wp\/v2\/media?parent=80142"}],"wp:term":[{"taxonomy":"category","embeddable":true,"href":"https:\/\/www.travel3.com.br\/site\/wp-json\/wp\/v2\/categories?post=80142"},{"taxonomy":"post_tag","embeddable":true,"href":"https:\/\/www.travel3.com.br\/site\/wp-json\/wp\/v2\/tags?post=80142"}],"curies":[{"name":"wp","href":"https:\/\/api.w.org\/{rel}","templated":true}]}}