{"id":79594,"date":"2025-12-01T07:00:00","date_gmt":"2025-12-01T10:00:00","guid":{"rendered":"https:\/\/www.travel3.com.br\/?p=79594"},"modified":"2025-12-01T11:27:19","modified_gmt":"2025-12-01T14:27:19","slug":"los-cabos-esta-agora-mais-perto-do-brasil","status":"publish","type":"post","link":"https:\/\/www.travel3.com.br\/site\/comece-a-viajar\/los-cabos-esta-agora-mais-perto-do-brasil\/","title":{"rendered":"Los Cabos est\u00e1 agora mais perto do Brasil"},"content":{"rendered":"\n<h2 class=\"wp-block-heading\">A nova rota da Copa Airlines facilita o acesso dos brasileiros ao destino luxuoso do Pac\u00edfico Mexicano<\/h2>\n\n\n\n<p>A nova rota da Copa Airlines para Los Cabos, com conex\u00e3o no Panam\u00e1 e que tem in\u00edcio em 4 de dezembro, inaugura uma fase mais acess\u00edvel e conveniente para o viajante brasileiro que deseja explorar um M\u00e9xico sofisticado, marcado pelo encontro entre o deserto dourado e as \u00e1guas azuladas e tranquilas do Mar de Cort\u00e9s.<br>Com a conectividade ampliada, o destino entra definitivamente no radar de quem busca design, bem-estar, gastronomia autoral e paisagens impactantes.<\/p>\n\n\n<div class=\"wp-block-image\">\n<figure class=\"aligncenter size-large\"><img loading=\"lazy\" decoding=\"async\" width=\"1024\" height=\"572\" src=\"https:\/\/www.travel3.com.br\/site\/wp-content\/uploads\/2025\/11\/HERO-Montage-Los-Cabos-Credit-Montage-Los-Cabos_Easy-Resize.com_-1024x572.jpg\" alt=\"Montage Los Cabos\" class=\"wp-image-79643\" srcset=\"https:\/\/www.travel3.com.br\/site\/wp-content\/uploads\/2025\/11\/HERO-Montage-Los-Cabos-Credit-Montage-Los-Cabos_Easy-Resize.com_-1024x572.jpg 1024w, https:\/\/www.travel3.com.br\/site\/wp-content\/uploads\/2025\/11\/HERO-Montage-Los-Cabos-Credit-Montage-Los-Cabos_Easy-Resize.com_-300x168.jpg 300w, https:\/\/www.travel3.com.br\/site\/wp-content\/uploads\/2025\/11\/HERO-Montage-Los-Cabos-Credit-Montage-Los-Cabos_Easy-Resize.com_-768x429.jpg 768w, https:\/\/www.travel3.com.br\/site\/wp-content\/uploads\/2025\/11\/HERO-Montage-Los-Cabos-Credit-Montage-Los-Cabos_Easy-Resize.com_-450x250.jpg 450w, https:\/\/www.travel3.com.br\/site\/wp-content\/uploads\/2025\/11\/HERO-Montage-Los-Cabos-Credit-Montage-Los-Cabos_Easy-Resize.com_-150x84.jpg 150w, https:\/\/www.travel3.com.br\/site\/wp-content\/uploads\/2025\/11\/HERO-Montage-Los-Cabos-Credit-Montage-Los-Cabos_Easy-Resize.com_-750x419.jpg 750w, https:\/\/www.travel3.com.br\/site\/wp-content\/uploads\/2025\/11\/HERO-Montage-Los-Cabos-Credit-Montage-Los-Cabos_Easy-Resize.com_-1140x637.jpg 1140w, https:\/\/www.travel3.com.br\/site\/wp-content\/uploads\/2025\/11\/HERO-Montage-Los-Cabos-Credit-Montage-Los-Cabos_Easy-Resize.com_.jpg 1280w\" sizes=\"auto, (max-width: 1024px) 100vw, 1024px\" \/><figcaption class=\"wp-element-caption\">Praia do Montage Los Cabos (Foto: Montage Los Cabos\/Divulga\u00e7\u00e3o)<\/figcaption><\/figure><\/div>\n\n\n<h2 class=\"wp-block-heading\">Hotelaria premiada combina luxo, arquitetura e mar convidativo<\/h2>\n\n\n\n<p>A hotelaria de Los Cabos \u00e9 um dos pilares do destino. Os resorts da regi\u00e3o se destacam pela arquitetura contempor\u00e2nea, pelo cuidado artesanal no servi\u00e7o e pela maneira como se integram ao mar. Muitos deles est\u00e3o instalados em enseadas protegidas onde o Mar de Cort\u00e9s revela praias de \u00e1guas claras e convidativas para um mergulho, o que cria uma experi\u00eancia rara e muito valorizada por viajantes exigentes.<\/p>\n\n\n\n<p>\u00cdcones como <strong><a href=\"https:\/\/www.oneandonlyresorts.com\/palmilla\" target=\"_blank\" rel=\"noreferrer noopener\">One&amp;Only Palmilla<\/a><\/strong>, <strong><a href=\"https:\/\/www.montage.com\/loscabos\/\" target=\"_blank\" rel=\"noreferrer noopener\">Montage Los Cabos<\/a><\/strong>, <strong><a href=\"https:\/\/www.hiltonloscabos.com\/\" target=\"_blank\" rel=\"noreferrer noopener\">Hilton Los Cabos<\/a><\/strong>, <strong><a href=\"https:\/\/www.marriott.com\/en-us\/hotels\/sjdlc-solaz-a-luxury-collection-resort-los-cabos\/overview\/\" target=\"_blank\" rel=\"noreferrer noopener\">Solaz \u2013 a Luxury Collection<\/a><\/strong>, al\u00e9m dos lifestyle resorts <strong><a href=\"https:\/\/www.melia.com\/pt\/hoteis\/mexico\/los-cabos\/me-cabo\" target=\"_blank\" rel=\"noreferrer noopener\">ME Cabo<\/a><\/strong> e <strong><a href=\"https:\/\/www.corazoncabo.com\/\" target=\"_blank\" rel=\"noreferrer noopener\">Coraz\u00f3n Cabo<\/a><\/strong>, comp\u00f5em um portf\u00f3lio diverso que combina exclusividade, design, atmosfera vibrante e acesso direto ao mar mais calmo da regi\u00e3o.<\/p>\n\n\n\n<p>A proposta \u00e9 clara: unir conforto, eleg\u00e2ncia e cen\u00e1rios que parecem pintados \u00e0 m\u00e3o \u2014 sempre com o mar como protagonista, para que o h\u00f3spede possa usufruir de mergulhos deliciosos e momentos relaxantes na \u00e1gua cristalina do destino.<br><\/p>\n\n\n<div class=\"wp-block-image\">\n<figure class=\"aligncenter size-large is-resized\"><img loading=\"lazy\" decoding=\"async\" width=\"1024\" height=\"682\" src=\"https:\/\/www.travel3.com.br\/site\/wp-content\/uploads\/2025\/11\/Los-Cabos-CT_Easy-Resize.com_-1024x682.jpg\" alt=\"\" class=\"wp-image-79645\" style=\"width:946px;height:auto\" srcset=\"https:\/\/www.travel3.com.br\/site\/wp-content\/uploads\/2025\/11\/Los-Cabos-CT_Easy-Resize.com_-1024x682.jpg 1024w, https:\/\/www.travel3.com.br\/site\/wp-content\/uploads\/2025\/11\/Los-Cabos-CT_Easy-Resize.com_-300x200.jpg 300w, https:\/\/www.travel3.com.br\/site\/wp-content\/uploads\/2025\/11\/Los-Cabos-CT_Easy-Resize.com_-768x512.jpg 768w, https:\/\/www.travel3.com.br\/site\/wp-content\/uploads\/2025\/11\/Los-Cabos-CT_Easy-Resize.com_-150x100.jpg 150w, https:\/\/www.travel3.com.br\/site\/wp-content\/uploads\/2025\/11\/Los-Cabos-CT_Easy-Resize.com_-750x500.jpg 750w, https:\/\/www.travel3.com.br\/site\/wp-content\/uploads\/2025\/11\/Los-Cabos-CT_Easy-Resize.com_-1140x760.jpg 1140w, https:\/\/www.travel3.com.br\/site\/wp-content\/uploads\/2025\/11\/Los-Cabos-CT_Easy-Resize.com_.jpg 1280w\" sizes=\"auto, (max-width: 1024px) 100vw, 1024px\" \/><figcaption class=\"wp-element-caption\">Passeio de ATV pelo deserto da Baja California termina em frente ao mar (Foto: Arquivo pessoal Caroline Tonaco)<\/figcaption><\/figure><\/div>\n\n\n<h2 class=\"wp-block-heading\">Passeios que unem mar, deserto e aventura<\/h2>\n\n\n\n<p>A geografia de Los Cabos cria experi\u00eancias que n\u00e3o existem em nenhum outro lugar do M\u00e9xico. O cl\u00e1ssico passeio de barco at\u00e9 o El Arco \u00e9 obrigat\u00f3rio: a forma\u00e7\u00e3o rochosa que emerge do fundo do oceano marca o ponto onde o Mar de Cort\u00e9s encontra o Pac\u00edfico.<\/p>\n\n\n\n<p>Nas \u00e1guas do Mar de Cortez, o visitante pode fazer snorkeling e mergulho de alto n\u00edvel, j\u00e1 que a regi\u00e3o possui vida marinha abundante. No Pac\u00edfico, entre dezembro e abril, as baleias tomam conta da costa, e podem ser observadas da praia e de alguns hot\u00e9is voltados para o mar.<\/p>\n\n\n\n<p>J\u00e1 no lado do deserto, \u00e9 poss\u00edvel explorar c\u00e2nions, dunas e trilhas que revelam uma paisagem quase cinematogr\u00e1fica, onde o deserto contrasta com o mar.<\/p>\n\n\n<div class=\"wp-block-image\">\n<figure class=\"aligncenter size-large is-resized\"><img loading=\"lazy\" decoding=\"async\" width=\"1024\" height=\"768\" src=\"https:\/\/www.travel3.com.br\/site\/wp-content\/uploads\/2023\/11\/El-Arco-Los-Cabos-1024x768.jpg\" alt=\"El Arco - Los Cabos\" class=\"wp-image-64342\" style=\"width:832px;height:auto\" srcset=\"https:\/\/www.travel3.com.br\/site\/wp-content\/uploads\/2023\/11\/El-Arco-Los-Cabos-1024x768.jpg 1024w, https:\/\/www.travel3.com.br\/site\/wp-content\/uploads\/2023\/11\/El-Arco-Los-Cabos-300x225.jpg 300w, https:\/\/www.travel3.com.br\/site\/wp-content\/uploads\/2023\/11\/El-Arco-Los-Cabos-768x576.jpg 768w, https:\/\/www.travel3.com.br\/site\/wp-content\/uploads\/2023\/11\/El-Arco-Los-Cabos-150x113.jpg 150w, https:\/\/www.travel3.com.br\/site\/wp-content\/uploads\/2023\/11\/El-Arco-Los-Cabos-750x563.jpg 750w, https:\/\/www.travel3.com.br\/site\/wp-content\/uploads\/2023\/11\/El-Arco-Los-Cabos-1140x855.jpg 1140w, https:\/\/www.travel3.com.br\/site\/wp-content\/uploads\/2023\/11\/El-Arco-Los-Cabos.jpg 1280w\" sizes=\"auto, (max-width: 1024px) 100vw, 1024px\" \/><figcaption class=\"wp-element-caption\">El Arco: a forma\u00e7\u00e3o rochosa que emerge do mar \u00e9 um dos cart\u00f5es postais de Los Cabos (Foto: Caroline Tonaco)<\/figcaption><\/figure><\/div>\n\n\n<p>Para quem prefere um ritmo tranquilo, spas premiados, clubes de praia e jantares ao p\u00f4r do sol, em restaurantes que oferecem uma gastronomia variada e espetacular, garantem uma experi\u00eancia t\u00e3o marcante quanto as aventuras em terra ou no mar.<\/p>\n\n\n<div class=\"wp-block-image\">\n<figure class=\"aligncenter size-large is-resized\"><img loading=\"lazy\" decoding=\"async\" width=\"1004\" height=\"1024\" src=\"https:\/\/www.travel3.com.br\/site\/wp-content\/uploads\/2025\/05\/copa-airlines-voos-diretos_Easy-Resize.com_-1004x1024.jpg\" alt=\"copa airlines voos diretos\" class=\"wp-image-76537\" style=\"width:735px;height:auto\" srcset=\"https:\/\/www.travel3.com.br\/site\/wp-content\/uploads\/2025\/05\/copa-airlines-voos-diretos_Easy-Resize.com_-1004x1024.jpg 1004w, https:\/\/www.travel3.com.br\/site\/wp-content\/uploads\/2025\/05\/copa-airlines-voos-diretos_Easy-Resize.com_-294x300.jpg 294w, https:\/\/www.travel3.com.br\/site\/wp-content\/uploads\/2025\/05\/copa-airlines-voos-diretos_Easy-Resize.com_-768x783.jpg 768w, https:\/\/www.travel3.com.br\/site\/wp-content\/uploads\/2025\/05\/copa-airlines-voos-diretos_Easy-Resize.com_-150x153.jpg 150w, https:\/\/www.travel3.com.br\/site\/wp-content\/uploads\/2025\/05\/copa-airlines-voos-diretos_Easy-Resize.com_-75x75.jpg 75w, https:\/\/www.travel3.com.br\/site\/wp-content\/uploads\/2025\/05\/copa-airlines-voos-diretos_Easy-Resize.com_-750x765.jpg 750w, https:\/\/www.travel3.com.br\/site\/wp-content\/uploads\/2025\/05\/copa-airlines-voos-diretos_Easy-Resize.com_-1140x1163.jpg 1140w, https:\/\/www.travel3.com.br\/site\/wp-content\/uploads\/2025\/05\/copa-airlines-voos-diretos_Easy-Resize.com_.jpg 1255w\" sizes=\"auto, (max-width: 1004px) 100vw, 1004px\" \/><figcaption class=\"wp-element-caption\">Copa Airlines estreia voos para Los Cabos a partir de dezembro de 2025 (Foto: Divulga\u00e7\u00e3o)<\/figcaption><\/figure><\/div>\n\n\n<h2 class=\"wp-block-heading\">Conectividade que muda o jogo<\/h2>\n\n\n\n<p>Com a nova rota da <strong>Copa Airlines<\/strong>, Los Cabos est\u00e1 oficialmente mais pr\u00f3ximo do turista brasileiro, que chega ao destino com apenas uma parada no Panam\u00e1, sem longos deslocamentos internos. Essa conectividade coloca Los Cabos no mapa de quem busca um M\u00e9xico diferente: sofisticado, visual e cheio de possibilidades.<\/p>\n\n\n\n<p>A rota come\u00e7a a ser operada em 4 de dezembro de 2025, com tr\u00eas voos semanais \u00e0s segundas, quintas e s\u00e1bados. As partidas do Panam\u00e1 ocorrer\u00e3o \u00e0s 9h09 (hora local), com chegada ao Aeroporto Internacional de Los Cabos \u00e0s 12h27. Os voos de retorno partir\u00e3o \u00e0s 13h33 e chegar\u00e3o ao Panam\u00e1 \u00e0s 20h30 (hora local).<\/p>\n\n\n\n<p>Los Cabos \u00e9, ao mesmo tempo, descanso, descoberta e deslumbramento.<\/p>\n\n\n\n<p>E agora, tamb\u00e9m \u00e9 muito mais acess\u00edvel!<\/p>\n\n\n<div class=\"wp-block-image\">\n<figure class=\"aligncenter size-large\"><a href=\"https:\/\/www.visitaloscabos.travel\/brasil\/\" target=\"_blank\" rel=\" noreferrer noopener\"><img loading=\"lazy\" decoding=\"async\" width=\"1024\" height=\"95\" src=\"https:\/\/www.travel3.com.br\/site\/wp-content\/uploads\/2025\/10\/LosCabos-Copa-Desk-Red-1-1024x95.gif\" alt=\"\" class=\"wp-image-79111\" srcset=\"https:\/\/www.travel3.com.br\/site\/wp-content\/uploads\/2025\/10\/LosCabos-Copa-Desk-Red-1-1024x95.gif 1024w, https:\/\/www.travel3.com.br\/site\/wp-content\/uploads\/2025\/10\/LosCabos-Copa-Desk-Red-1-300x28.gif 300w, https:\/\/www.travel3.com.br\/site\/wp-content\/uploads\/2025\/10\/LosCabos-Copa-Desk-Red-1-768x71.gif 768w, https:\/\/www.travel3.com.br\/site\/wp-content\/uploads\/2025\/10\/LosCabos-Copa-Desk-Red-1-150x14.gif 150w, https:\/\/www.travel3.com.br\/site\/wp-content\/uploads\/2025\/10\/LosCabos-Copa-Desk-Red-1-750x69.gif 750w\" sizes=\"auto, (max-width: 1024px) 100vw, 1024px\" \/><\/a><\/figure><\/div>","protected":false},"excerpt":{"rendered":"<p>A nova rota da Copa Airlines facilita o acesso dos brasileiros ao destino luxuoso do Pac\u00edfico Mexicano<\/p>\n","protected":false},"author":14,"featured_media":78416,"comment_status":"open","ping_status":"open","sticky":false,"template":"","format":"standard","meta":{"footnotes":""},"categories":[884,226,7,4882],"tags":[266,1379,1729,5835,5640],"class_list":["post-79594","post","type-post","status-publish","format-standard","has-post-thumbnail","hentry","category-comece-a-viajar","category-destaque","category-dicas","category-home","tag-copa-airlines","tag-los-cabos","tag-los-cabos-como-chegar","tag-los-cabos-tourism","tag-rotas-da-copa-airlines"],"yoast_head":"<!-- This site is optimized with the Yoast SEO plugin v26.2 - https:\/\/yoast.com\/wordpress\/plugins\/seo\/ -->\n<title>Los Cabos est\u00e1 agora mais perto do Brasil - Travel3<\/title>\n<meta name=\"description\" content=\"Los Cabos agora est\u00e1 mais perto do Brasil com a nova rota da Copa Airlines via Panam\u00e1, ampliando as op\u00e7\u00f5es de turismo no Pac\u00edfico Mexicano\" \/>\n<meta name=\"robots\" content=\"index, follow, max-snippet:-1, max-image-preview:large, max-video-preview:-1\" \/>\n<link rel=\"canonical\" href=\"https:\/\/www.travel3.com.br\/site\/comece-a-viajar\/los-cabos-esta-agora-mais-perto-do-brasil\/\" \/>\n<meta property=\"og:locale\" content=\"pt_BR\" \/>\n<meta property=\"og:type\" content=\"article\" \/>\n<meta property=\"og:title\" content=\"Los Cabos est\u00e1 agora mais perto do Brasil - Travel3\" \/>\n<meta property=\"og:description\" content=\"Los Cabos agora est\u00e1 mais perto do Brasil com a nova rota da Copa Airlines via Panam\u00e1, ampliando as op\u00e7\u00f5es de turismo no Pac\u00edfico Mexicano\" \/>\n<meta property=\"og:url\" content=\"https:\/\/www.travel3.com.br\/site\/comece-a-viajar\/los-cabos-esta-agora-mais-perto-do-brasil\/\" \/>\n<meta property=\"og:site_name\" content=\"Travel3\" \/>\n<meta property=\"article:publisher\" content=\"https:\/\/www.facebook.com\/travel3media\/\" \/>\n<meta property=\"article:published_time\" content=\"2025-12-01T10:00:00+00:00\" \/>\n<meta property=\"article:modified_time\" content=\"2025-12-01T14:27:19+00:00\" \/>\n<meta property=\"og:image\" content=\"https:\/\/www.travel3.com.br\/site\/wp-content\/uploads\/2025\/09\/Los-Cabos-Kayak-en-Land_s-End_Easy-Resize.com_-e1757526669133.jpg\" \/>\n\t<meta property=\"og:image:width\" content=\"1280\" \/>\n\t<meta property=\"og:image:height\" content=\"750\" \/>\n\t<meta property=\"og:image:type\" content=\"image\/jpeg\" \/>\n<meta name=\"author\" content=\"Caroline Tonaco\" \/>\n<meta name=\"twitter:card\" content=\"summary_large_image\" \/>\n<meta name=\"twitter:label1\" content=\"Escrito por\" \/>\n\t<meta name=\"twitter:data1\" content=\"Caroline Tonaco\" \/>\n\t<meta name=\"twitter:label2\" content=\"Est. tempo de leitura\" \/>\n\t<meta name=\"twitter:data2\" content=\"5 minutos\" \/>\n<script type=\"application\/ld+json\" class=\"yoast-schema-graph\">{\"@context\":\"https:\/\/schema.org\",\"@graph\":[{\"@type\":\"Article\",\"@id\":\"https:\/\/www.travel3.com.br\/site\/comece-a-viajar\/los-cabos-esta-agora-mais-perto-do-brasil\/#article\",\"isPartOf\":{\"@id\":\"https:\/\/www.travel3.com.br\/site\/comece-a-viajar\/los-cabos-esta-agora-mais-perto-do-brasil\/\"},\"author\":{\"name\":\"Caroline Tonaco\",\"@id\":\"https:\/\/www.travel3.com.br\/site\/#\/schema\/person\/d837eaf73c4e8896e932e0acede946c0\"},\"headline\":\"Los Cabos est\u00e1 agora mais perto do Brasil\",\"datePublished\":\"2025-12-01T10:00:00+00:00\",\"dateModified\":\"2025-12-01T14:27:19+00:00\",\"mainEntityOfPage\":{\"@id\":\"https:\/\/www.travel3.com.br\/site\/comece-a-viajar\/los-cabos-esta-agora-mais-perto-do-brasil\/\"},\"wordCount\":654,\"commentCount\":0,\"publisher\":{\"@id\":\"https:\/\/www.travel3.com.br\/site\/#organization\"},\"image\":{\"@id\":\"https:\/\/www.travel3.com.br\/site\/comece-a-viajar\/los-cabos-esta-agora-mais-perto-do-brasil\/#primaryimage\"},\"thumbnailUrl\":\"https:\/\/www.travel3.com.br\/site\/wp-content\/uploads\/2025\/09\/Los-Cabos-Kayak-en-Land_s-End_Easy-Resize.com_-e1757526669133.jpg\",\"keywords\":[\"Copa Airlines\",\"Los Cabos\",\"Los Cabos como chegar\",\"Los Cabos Tourism\",\"Rotas da Copa Airlines\"],\"articleSection\":[\"Comece a Viajar\",\"Destaque\",\"Dicas\",\"Home\"],\"inLanguage\":\"pt-BR\",\"potentialAction\":[{\"@type\":\"CommentAction\",\"name\":\"Comment\",\"target\":[\"https:\/\/www.travel3.com.br\/site\/comece-a-viajar\/los-cabos-esta-agora-mais-perto-do-brasil\/#respond\"]}]},{\"@type\":\"WebPage\",\"@id\":\"https:\/\/www.travel3.com.br\/site\/comece-a-viajar\/los-cabos-esta-agora-mais-perto-do-brasil\/\",\"url\":\"https:\/\/www.travel3.com.br\/site\/comece-a-viajar\/los-cabos-esta-agora-mais-perto-do-brasil\/\",\"name\":\"Los Cabos est\u00e1 agora mais perto do Brasil - Travel3\",\"isPartOf\":{\"@id\":\"https:\/\/www.travel3.com.br\/site\/#website\"},\"primaryImageOfPage\":{\"@id\":\"https:\/\/www.travel3.com.br\/site\/comece-a-viajar\/los-cabos-esta-agora-mais-perto-do-brasil\/#primaryimage\"},\"image\":{\"@id\":\"https:\/\/www.travel3.com.br\/site\/comece-a-viajar\/los-cabos-esta-agora-mais-perto-do-brasil\/#primaryimage\"},\"thumbnailUrl\":\"https:\/\/www.travel3.com.br\/site\/wp-content\/uploads\/2025\/09\/Los-Cabos-Kayak-en-Land_s-End_Easy-Resize.com_-e1757526669133.jpg\",\"datePublished\":\"2025-12-01T10:00:00+00:00\",\"dateModified\":\"2025-12-01T14:27:19+00:00\",\"description\":\"Los Cabos agora est\u00e1 mais perto do Brasil com a nova rota da Copa Airlines via Panam\u00e1, ampliando as op\u00e7\u00f5es de turismo no Pac\u00edfico Mexicano\",\"breadcrumb\":{\"@id\":\"https:\/\/www.travel3.com.br\/site\/comece-a-viajar\/los-cabos-esta-agora-mais-perto-do-brasil\/#breadcrumb\"},\"inLanguage\":\"pt-BR\",\"potentialAction\":[{\"@type\":\"ReadAction\",\"target\":[\"https:\/\/www.travel3.com.br\/site\/comece-a-viajar\/los-cabos-esta-agora-mais-perto-do-brasil\/\"]}]},{\"@type\":\"ImageObject\",\"inLanguage\":\"pt-BR\",\"@id\":\"https:\/\/www.travel3.com.br\/site\/comece-a-viajar\/los-cabos-esta-agora-mais-perto-do-brasil\/#primaryimage\",\"url\":\"https:\/\/www.travel3.com.br\/site\/wp-content\/uploads\/2025\/09\/Los-Cabos-Kayak-en-Land_s-End_Easy-Resize.com_-e1757526669133.jpg\",\"contentUrl\":\"https:\/\/www.travel3.com.br\/site\/wp-content\/uploads\/2025\/09\/Los-Cabos-Kayak-en-Land_s-End_Easy-Resize.com_-e1757526669133.jpg\",\"width\":1280,\"height\":750,\"caption\":\"Los Cabos (Foto: Divulga\u00e7\u00e3o)\"},{\"@type\":\"BreadcrumbList\",\"@id\":\"https:\/\/www.travel3.com.br\/site\/comece-a-viajar\/los-cabos-esta-agora-mais-perto-do-brasil\/#breadcrumb\",\"itemListElement\":[{\"@type\":\"ListItem\",\"position\":1,\"name\":\"In\u00edcio\",\"item\":\"https:\/\/www.travel3.com.br\/site\/\"},{\"@type\":\"ListItem\",\"position\":2,\"name\":\"Los Cabos est\u00e1 agora mais perto do Brasil\"}]},{\"@type\":\"WebSite\",\"@id\":\"https:\/\/www.travel3.com.br\/site\/#website\",\"url\":\"https:\/\/www.travel3.com.br\/site\/\",\"name\":\"Travel3\",\"description\":\"Lazer + Neg&oacute;cios + Aventura\",\"publisher\":{\"@id\":\"https:\/\/www.travel3.com.br\/site\/#organization\"},\"potentialAction\":[{\"@type\":\"SearchAction\",\"target\":{\"@type\":\"EntryPoint\",\"urlTemplate\":\"https:\/\/www.travel3.com.br\/site\/?s={search_term_string}\"},\"query-input\":{\"@type\":\"PropertyValueSpecification\",\"valueRequired\":true,\"valueName\":\"search_term_string\"}}],\"inLanguage\":\"pt-BR\"},{\"@type\":\"Organization\",\"@id\":\"https:\/\/www.travel3.com.br\/site\/#organization\",\"name\":\"Travel3\",\"url\":\"https:\/\/www.travel3.com.br\/site\/\",\"logo\":{\"@type\":\"ImageObject\",\"inLanguage\":\"pt-BR\",\"@id\":\"https:\/\/www.travel3.com.br\/site\/#\/schema\/logo\/image\/\",\"url\":\"https:\/\/www.travel3.com.br\/site\/wp-content\/uploads\/2020\/01\/logo-travel3-2020.png\",\"contentUrl\":\"https:\/\/www.travel3.com.br\/site\/wp-content\/uploads\/2020\/01\/logo-travel3-2020.png\",\"width\":232,\"height\":79,\"caption\":\"Travel3\"},\"image\":{\"@id\":\"https:\/\/www.travel3.com.br\/site\/#\/schema\/logo\/image\/\"},\"sameAs\":[\"https:\/\/www.facebook.com\/travel3media\/\",\"https:\/\/www.instagram.com\/revistatravel3\/\",\"https:\/\/www.youtube.com\/channel\/UCno7J4paGBR3VbZQzvoJ9Eg\"]},{\"@type\":\"Person\",\"@id\":\"https:\/\/www.travel3.com.br\/site\/#\/schema\/person\/d837eaf73c4e8896e932e0acede946c0\",\"name\":\"Caroline Tonaco\",\"image\":{\"@type\":\"ImageObject\",\"inLanguage\":\"pt-BR\",\"@id\":\"https:\/\/www.travel3.com.br\/site\/#\/schema\/person\/image\/\",\"url\":\"https:\/\/www.travel3.com.br\/site\/wp-content\/uploads\/2019\/09\/caroline-150x150.jpeg\",\"contentUrl\":\"https:\/\/www.travel3.com.br\/site\/wp-content\/uploads\/2019\/09\/caroline-150x150.jpeg\",\"caption\":\"Caroline Tonaco\"},\"sameAs\":[\"https:\/\/www.travel3.com.br\/\",\"https:\/\/www.instagram.com\/carolinetonaco\/\"],\"url\":\"https:\/\/www.travel3.com.br\/site\/author\/caroline\/\"}]}<\/script>\n<!-- \/ Yoast SEO plugin. -->","yoast_head_json":{"title":"Los Cabos est\u00e1 agora mais perto do Brasil - Travel3","description":"Los Cabos agora est\u00e1 mais perto do Brasil com a nova rota da Copa Airlines via Panam\u00e1, ampliando as op\u00e7\u00f5es de turismo no Pac\u00edfico Mexicano","robots":{"index":"index","follow":"follow","max-snippet":"max-snippet:-1","max-image-preview":"max-image-preview:large","max-video-preview":"max-video-preview:-1"},"canonical":"https:\/\/www.travel3.com.br\/site\/comece-a-viajar\/los-cabos-esta-agora-mais-perto-do-brasil\/","og_locale":"pt_BR","og_type":"article","og_title":"Los Cabos est\u00e1 agora mais perto do Brasil - Travel3","og_description":"Los Cabos agora est\u00e1 mais perto do Brasil com a nova rota da Copa Airlines via Panam\u00e1, ampliando as op\u00e7\u00f5es de turismo no Pac\u00edfico Mexicano","og_url":"https:\/\/www.travel3.com.br\/site\/comece-a-viajar\/los-cabos-esta-agora-mais-perto-do-brasil\/","og_site_name":"Travel3","article_publisher":"https:\/\/www.facebook.com\/travel3media\/","article_published_time":"2025-12-01T10:00:00+00:00","article_modified_time":"2025-12-01T14:27:19+00:00","og_image":[{"width":1280,"height":750,"url":"https:\/\/www.travel3.com.br\/site\/wp-content\/uploads\/2025\/09\/Los-Cabos-Kayak-en-Land_s-End_Easy-Resize.com_-e1757526669133.jpg","type":"image\/jpeg"}],"author":"Caroline Tonaco","twitter_card":"summary_large_image","twitter_misc":{"Escrito por":"Caroline Tonaco","Est. tempo de leitura":"5 minutos"},"schema":{"@context":"https:\/\/schema.org","@graph":[{"@type":"Article","@id":"https:\/\/www.travel3.com.br\/site\/comece-a-viajar\/los-cabos-esta-agora-mais-perto-do-brasil\/#article","isPartOf":{"@id":"https:\/\/www.travel3.com.br\/site\/comece-a-viajar\/los-cabos-esta-agora-mais-perto-do-brasil\/"},"author":{"name":"Caroline Tonaco","@id":"https:\/\/www.travel3.com.br\/site\/#\/schema\/person\/d837eaf73c4e8896e932e0acede946c0"},"headline":"Los Cabos est\u00e1 agora mais perto do Brasil","datePublished":"2025-12-01T10:00:00+00:00","dateModified":"2025-12-01T14:27:19+00:00","mainEntityOfPage":{"@id":"https:\/\/www.travel3.com.br\/site\/comece-a-viajar\/los-cabos-esta-agora-mais-perto-do-brasil\/"},"wordCount":654,"commentCount":0,"publisher":{"@id":"https:\/\/www.travel3.com.br\/site\/#organization"},"image":{"@id":"https:\/\/www.travel3.com.br\/site\/comece-a-viajar\/los-cabos-esta-agora-mais-perto-do-brasil\/#primaryimage"},"thumbnailUrl":"https:\/\/www.travel3.com.br\/site\/wp-content\/uploads\/2025\/09\/Los-Cabos-Kayak-en-Land_s-End_Easy-Resize.com_-e1757526669133.jpg","keywords":["Copa Airlines","Los Cabos","Los Cabos como chegar","Los Cabos Tourism","Rotas da Copa Airlines"],"articleSection":["Comece a Viajar","Destaque","Dicas","Home"],"inLanguage":"pt-BR","potentialAction":[{"@type":"CommentAction","name":"Comment","target":["https:\/\/www.travel3.com.br\/site\/comece-a-viajar\/los-cabos-esta-agora-mais-perto-do-brasil\/#respond"]}]},{"@type":"WebPage","@id":"https:\/\/www.travel3.com.br\/site\/comece-a-viajar\/los-cabos-esta-agora-mais-perto-do-brasil\/","url":"https:\/\/www.travel3.com.br\/site\/comece-a-viajar\/los-cabos-esta-agora-mais-perto-do-brasil\/","name":"Los Cabos est\u00e1 agora mais perto do Brasil - Travel3","isPartOf":{"@id":"https:\/\/www.travel3.com.br\/site\/#website"},"primaryImageOfPage":{"@id":"https:\/\/www.travel3.com.br\/site\/comece-a-viajar\/los-cabos-esta-agora-mais-perto-do-brasil\/#primaryimage"},"image":{"@id":"https:\/\/www.travel3.com.br\/site\/comece-a-viajar\/los-cabos-esta-agora-mais-perto-do-brasil\/#primaryimage"},"thumbnailUrl":"https:\/\/www.travel3.com.br\/site\/wp-content\/uploads\/2025\/09\/Los-Cabos-Kayak-en-Land_s-End_Easy-Resize.com_-e1757526669133.jpg","datePublished":"2025-12-01T10:00:00+00:00","dateModified":"2025-12-01T14:27:19+00:00","description":"Los Cabos agora est\u00e1 mais perto do Brasil com a nova rota da Copa Airlines via Panam\u00e1, ampliando as op\u00e7\u00f5es de turismo no Pac\u00edfico Mexicano","breadcrumb":{"@id":"https:\/\/www.travel3.com.br\/site\/comece-a-viajar\/los-cabos-esta-agora-mais-perto-do-brasil\/#breadcrumb"},"inLanguage":"pt-BR","potentialAction":[{"@type":"ReadAction","target":["https:\/\/www.travel3.com.br\/site\/comece-a-viajar\/los-cabos-esta-agora-mais-perto-do-brasil\/"]}]},{"@type":"ImageObject","inLanguage":"pt-BR","@id":"https:\/\/www.travel3.com.br\/site\/comece-a-viajar\/los-cabos-esta-agora-mais-perto-do-brasil\/#primaryimage","url":"https:\/\/www.travel3.com.br\/site\/wp-content\/uploads\/2025\/09\/Los-Cabos-Kayak-en-Land_s-End_Easy-Resize.com_-e1757526669133.jpg","contentUrl":"https:\/\/www.travel3.com.br\/site\/wp-content\/uploads\/2025\/09\/Los-Cabos-Kayak-en-Land_s-End_Easy-Resize.com_-e1757526669133.jpg","width":1280,"height":750,"caption":"Los Cabos (Foto: Divulga\u00e7\u00e3o)"},{"@type":"BreadcrumbList","@id":"https:\/\/www.travel3.com.br\/site\/comece-a-viajar\/los-cabos-esta-agora-mais-perto-do-brasil\/#breadcrumb","itemListElement":[{"@type":"ListItem","position":1,"name":"In\u00edcio","item":"https:\/\/www.travel3.com.br\/site\/"},{"@type":"ListItem","position":2,"name":"Los Cabos est\u00e1 agora mais perto do Brasil"}]},{"@type":"WebSite","@id":"https:\/\/www.travel3.com.br\/site\/#website","url":"https:\/\/www.travel3.com.br\/site\/","name":"Travel3","description":"Lazer + Neg&oacute;cios + Aventura","publisher":{"@id":"https:\/\/www.travel3.com.br\/site\/#organization"},"potentialAction":[{"@type":"SearchAction","target":{"@type":"EntryPoint","urlTemplate":"https:\/\/www.travel3.com.br\/site\/?s={search_term_string}"},"query-input":{"@type":"PropertyValueSpecification","valueRequired":true,"valueName":"search_term_string"}}],"inLanguage":"pt-BR"},{"@type":"Organization","@id":"https:\/\/www.travel3.com.br\/site\/#organization","name":"Travel3","url":"https:\/\/www.travel3.com.br\/site\/","logo":{"@type":"ImageObject","inLanguage":"pt-BR","@id":"https:\/\/www.travel3.com.br\/site\/#\/schema\/logo\/image\/","url":"https:\/\/www.travel3.com.br\/site\/wp-content\/uploads\/2020\/01\/logo-travel3-2020.png","contentUrl":"https:\/\/www.travel3.com.br\/site\/wp-content\/uploads\/2020\/01\/logo-travel3-2020.png","width":232,"height":79,"caption":"Travel3"},"image":{"@id":"https:\/\/www.travel3.com.br\/site\/#\/schema\/logo\/image\/"},"sameAs":["https:\/\/www.facebook.com\/travel3media\/","https:\/\/www.instagram.com\/revistatravel3\/","https:\/\/www.youtube.com\/channel\/UCno7J4paGBR3VbZQzvoJ9Eg"]},{"@type":"Person","@id":"https:\/\/www.travel3.com.br\/site\/#\/schema\/person\/d837eaf73c4e8896e932e0acede946c0","name":"Caroline Tonaco","image":{"@type":"ImageObject","inLanguage":"pt-BR","@id":"https:\/\/www.travel3.com.br\/site\/#\/schema\/person\/image\/","url":"https:\/\/www.travel3.com.br\/site\/wp-content\/uploads\/2019\/09\/caroline-150x150.jpeg","contentUrl":"https:\/\/www.travel3.com.br\/site\/wp-content\/uploads\/2019\/09\/caroline-150x150.jpeg","caption":"Caroline Tonaco"},"sameAs":["https:\/\/www.travel3.com.br\/","https:\/\/www.instagram.com\/carolinetonaco\/"],"url":"https:\/\/www.travel3.com.br\/site\/author\/caroline\/"}]}},"_links":{"self":[{"href":"https:\/\/www.travel3.com.br\/site\/wp-json\/wp\/v2\/posts\/79594","targetHints":{"allow":["GET"]}}],"collection":[{"href":"https:\/\/www.travel3.com.br\/site\/wp-json\/wp\/v2\/posts"}],"about":[{"href":"https:\/\/www.travel3.com.br\/site\/wp-json\/wp\/v2\/types\/post"}],"author":[{"embeddable":true,"href":"https:\/\/www.travel3.com.br\/site\/wp-json\/wp\/v2\/users\/14"}],"replies":[{"embeddable":true,"href":"https:\/\/www.travel3.com.br\/site\/wp-json\/wp\/v2\/comments?post=79594"}],"version-history":[{"count":18,"href":"https:\/\/www.travel3.com.br\/site\/wp-json\/wp\/v2\/posts\/79594\/revisions"}],"predecessor-version":[{"id":79667,"href":"https:\/\/www.travel3.com.br\/site\/wp-json\/wp\/v2\/posts\/79594\/revisions\/79667"}],"wp:featuredmedia":[{"embeddable":true,"href":"https:\/\/www.travel3.com.br\/site\/wp-json\/wp\/v2\/media\/78416"}],"wp:attachment":[{"href":"https:\/\/www.travel3.com.br\/site\/wp-json\/wp\/v2\/media?parent=79594"}],"wp:term":[{"taxonomy":"category","embeddable":true,"href":"https:\/\/www.travel3.com.br\/site\/wp-json\/wp\/v2\/categories?post=79594"},{"taxonomy":"post_tag","embeddable":true,"href":"https:\/\/www.travel3.com.br\/site\/wp-json\/wp\/v2\/tags?post=79594"}],"curies":[{"name":"wp","href":"https:\/\/api.w.org\/{rel}","templated":true}]}}