{"id":78908,"date":"2025-10-09T09:27:00","date_gmt":"2025-10-09T12:27:00","guid":{"rendered":"https:\/\/www.travel3.com.br\/?p=78908"},"modified":"2025-10-09T09:34:16","modified_gmt":"2025-10-09T12:34:16","slug":"hotel-wyndham-garden-nortel-moderniza-estrutura-sp","status":"publish","type":"post","link":"https:\/\/www.travel3.com.br\/site\/acontece-no-turismo\/hotel-wyndham-garden-nortel-moderniza-estrutura-sp\/","title":{"rendered":"Hotel Wyndham Garden Nortel moderniza estrutura em SP"},"content":{"rendered":"\n<h2 class=\"wp-block-heading\">Investimentos de R$ 1 milh\u00e3o refor\u00e7am conforto de h\u00f3spedes e espa\u00e7o para eventos<\/h2>\n\n\n\n<p>O <strong>Wyndham Garden S\u00e3o Paulo Convention Nortel<\/strong> e o <strong>Espa\u00e7o Immensit\u00e0<\/strong>, localizados no maior polo de eventos e congressos da Am\u00e9rica Latina, est\u00e3o passando por uma moderniza\u00e7\u00e3o completa. Com investimentos de aproximadamente <strong>R$ 1 milh\u00e3o<\/strong>, o complexo aprimora a experi\u00eancia de h\u00f3spedes e visitantes de eventos, com conclus\u00e3o prevista para janeiro de 2026.<\/p>\n\n\n\n<p>Entre as melhorias est\u00e3o a <strong>troca de cortinas blackout<\/strong>, atualiza\u00e7\u00f5es no <strong>sistema de ilumina\u00e7\u00e3o dos quartos e banheiros<\/strong>, renova\u00e7\u00e3o de tetos de banheiros e substitui\u00e7\u00e3o de televisores por modelos modernos e interativos. O objetivo \u00e9 aliar <strong>conforto, tecnologia e efici\u00eancia energ\u00e9tica<\/strong>, oferecendo mais sofistica\u00e7\u00e3o para os apartamentos.<\/p>\n\n\n\n<p>A \u00e1rea de eventos integrada ao <strong>Espa\u00e7o Immensit\u00e0<\/strong> tamb\u00e9m passa por reformas cont\u00ednuas, consolidando sua voca\u00e7\u00e3o como hub estrat\u00e9gico para feiras, congressos e encontros corporativos na regi\u00e3o do <strong>Expo Center Norte<\/strong> e <strong>Distrito Anhembi<\/strong>. O espa\u00e7o tem capacidade para receber at\u00e9 <strong>3 mil pessoas simultaneamente<\/strong>.<\/p>\n\n\n\n<p>\u201c<strong><em>Estamos empenhados em oferecer uma experi\u00eancia completa e diferenciada, principalmente para visitantes que v\u00eam a S\u00e3o Paulo em fun\u00e7\u00e3o de grandes eventos. Esses investimentos refor\u00e7am nosso compromisso com a excel\u00eancia em hospedagem e eventos<\/em><\/strong>\u201d, afirma <strong>Dalmo Valim, gerente geral do Wyndham Garden S\u00e3o Paulo Convention Nortel<\/strong>.<\/p>\n\n\n\n<p>Com <strong>345 apartamentos<\/strong> e um dos maiores centros de conven\u00e7\u00f5es da cidade, o Wyndham Garden Nortel consolida sua imagem como um dos hot\u00e9is mais preparados da <strong>zona norte de S\u00e3o Paulo<\/strong> para atender visitantes que buscam <strong>hospedagem de qualidade e infraestrutura de eventos de alto padr\u00e3o<\/strong>.<\/p>\n","protected":false},"excerpt":{"rendered":"<p>Investimentos de R$ 1 milh\u00e3o refor\u00e7am conforto de h\u00f3spedes e espa\u00e7o para eventos<\/p>\n","protected":false},"author":5,"featured_media":76322,"comment_status":"open","ping_status":"open","sticky":false,"template":"","format":"standard","meta":{"footnotes":""},"categories":[969],"tags":[4848,6899,6623],"class_list":["post-78908","post","type-post","status-publish","format-standard","has-post-thumbnail","hentry","category-acontece-no-turismo","tag-wyndham","tag-wyndham-garden-nortel","tag-wyndham-garden-sao-paulo-convention-nortel"],"yoast_head":"<!-- This site is optimized with the Yoast SEO plugin v26.2 - https:\/\/yoast.com\/wordpress\/plugins\/seo\/ -->\n<title>Hotel Wyndham Garden Nortel moderniza estrutura em SP - Travel3<\/title>\n<meta name=\"description\" content=\"Wyndham Garden Nortel moderniza estrutura em SP com R$ 1 milh\u00e3o em melhorias nos quartos e no Espa\u00e7o Immensit\u00e0 para h\u00f3spedes e eventos\" \/>\n<meta name=\"robots\" content=\"index, follow, max-snippet:-1, max-image-preview:large, max-video-preview:-1\" \/>\n<link rel=\"canonical\" href=\"https:\/\/www.travel3.com.br\/site\/acontece-no-turismo\/hotel-wyndham-garden-nortel-moderniza-estrutura-sp\/\" \/>\n<meta property=\"og:locale\" content=\"pt_BR\" \/>\n<meta property=\"og:type\" content=\"article\" \/>\n<meta property=\"og:title\" content=\"Hotel Wyndham Garden Nortel moderniza estrutura em SP - Travel3\" \/>\n<meta property=\"og:description\" content=\"Wyndham Garden Nortel moderniza estrutura em SP com R$ 1 milh\u00e3o em melhorias nos quartos e no Espa\u00e7o Immensit\u00e0 para h\u00f3spedes e eventos\" \/>\n<meta property=\"og:url\" content=\"https:\/\/www.travel3.com.br\/site\/acontece-no-turismo\/hotel-wyndham-garden-nortel-moderniza-estrutura-sp\/\" \/>\n<meta property=\"og:site_name\" content=\"Travel3\" \/>\n<meta property=\"article:publisher\" content=\"https:\/\/www.facebook.com\/travel3media\/\" \/>\n<meta property=\"article:published_time\" content=\"2025-10-09T12:27:00+00:00\" \/>\n<meta property=\"article:modified_time\" content=\"2025-10-09T12:34:16+00:00\" \/>\n<meta property=\"og:image\" content=\"https:\/\/www.travel3.com.br\/site\/wp-content\/uploads\/2025\/05\/wyndham-garden.jpeg\" \/>\n\t<meta property=\"og:image:width\" content=\"1280\" \/>\n\t<meta property=\"og:image:height\" content=\"853\" \/>\n\t<meta property=\"og:image:type\" content=\"image\/jpeg\" \/>\n<meta name=\"author\" content=\"Reda\u00e7\u00e3o Travel3\" \/>\n<meta name=\"twitter:card\" content=\"summary_large_image\" \/>\n<meta name=\"twitter:label1\" content=\"Escrito por\" \/>\n\t<meta name=\"twitter:data1\" content=\"Reda\u00e7\u00e3o Travel3\" \/>\n\t<meta name=\"twitter:label2\" content=\"Est. tempo de leitura\" \/>\n\t<meta name=\"twitter:data2\" content=\"2 minutos\" \/>\n<script type=\"application\/ld+json\" class=\"yoast-schema-graph\">{\"@context\":\"https:\/\/schema.org\",\"@graph\":[{\"@type\":\"Article\",\"@id\":\"https:\/\/www.travel3.com.br\/site\/acontece-no-turismo\/hotel-wyndham-garden-nortel-moderniza-estrutura-sp\/#article\",\"isPartOf\":{\"@id\":\"https:\/\/www.travel3.com.br\/site\/acontece-no-turismo\/hotel-wyndham-garden-nortel-moderniza-estrutura-sp\/\"},\"author\":{\"name\":\"Reda\u00e7\u00e3o Travel3\",\"@id\":\"https:\/\/www.travel3.com.br\/site\/#\/schema\/person\/89251b0320bc67697de92249f97f3fdb\"},\"headline\":\"Hotel Wyndham Garden Nortel moderniza estrutura em SP\",\"datePublished\":\"2025-10-09T12:27:00+00:00\",\"dateModified\":\"2025-10-09T12:34:16+00:00\",\"mainEntityOfPage\":{\"@id\":\"https:\/\/www.travel3.com.br\/site\/acontece-no-turismo\/hotel-wyndham-garden-nortel-moderniza-estrutura-sp\/\"},\"wordCount\":291,\"commentCount\":0,\"publisher\":{\"@id\":\"https:\/\/www.travel3.com.br\/site\/#organization\"},\"image\":{\"@id\":\"https:\/\/www.travel3.com.br\/site\/acontece-no-turismo\/hotel-wyndham-garden-nortel-moderniza-estrutura-sp\/#primaryimage\"},\"thumbnailUrl\":\"https:\/\/www.travel3.com.br\/site\/wp-content\/uploads\/2025\/05\/wyndham-garden.jpeg\",\"keywords\":[\"Wyndham\",\"Wyndham Garden Nortel\",\"Wyndham Garden S\u00e3o Paulo Convention Nortel\"],\"articleSection\":[\"Acontece no Turismo\"],\"inLanguage\":\"pt-BR\",\"potentialAction\":[{\"@type\":\"CommentAction\",\"name\":\"Comment\",\"target\":[\"https:\/\/www.travel3.com.br\/site\/acontece-no-turismo\/hotel-wyndham-garden-nortel-moderniza-estrutura-sp\/#respond\"]}]},{\"@type\":\"WebPage\",\"@id\":\"https:\/\/www.travel3.com.br\/site\/acontece-no-turismo\/hotel-wyndham-garden-nortel-moderniza-estrutura-sp\/\",\"url\":\"https:\/\/www.travel3.com.br\/site\/acontece-no-turismo\/hotel-wyndham-garden-nortel-moderniza-estrutura-sp\/\",\"name\":\"Hotel Wyndham Garden Nortel moderniza estrutura em SP - Travel3\",\"isPartOf\":{\"@id\":\"https:\/\/www.travel3.com.br\/site\/#website\"},\"primaryImageOfPage\":{\"@id\":\"https:\/\/www.travel3.com.br\/site\/acontece-no-turismo\/hotel-wyndham-garden-nortel-moderniza-estrutura-sp\/#primaryimage\"},\"image\":{\"@id\":\"https:\/\/www.travel3.com.br\/site\/acontece-no-turismo\/hotel-wyndham-garden-nortel-moderniza-estrutura-sp\/#primaryimage\"},\"thumbnailUrl\":\"https:\/\/www.travel3.com.br\/site\/wp-content\/uploads\/2025\/05\/wyndham-garden.jpeg\",\"datePublished\":\"2025-10-09T12:27:00+00:00\",\"dateModified\":\"2025-10-09T12:34:16+00:00\",\"description\":\"Wyndham Garden Nortel moderniza estrutura em SP com R$ 1 milh\u00e3o em melhorias nos quartos e no Espa\u00e7o Immensit\u00e0 para h\u00f3spedes e eventos\",\"breadcrumb\":{\"@id\":\"https:\/\/www.travel3.com.br\/site\/acontece-no-turismo\/hotel-wyndham-garden-nortel-moderniza-estrutura-sp\/#breadcrumb\"},\"inLanguage\":\"pt-BR\",\"potentialAction\":[{\"@type\":\"ReadAction\",\"target\":[\"https:\/\/www.travel3.com.br\/site\/acontece-no-turismo\/hotel-wyndham-garden-nortel-moderniza-estrutura-sp\/\"]}]},{\"@type\":\"ImageObject\",\"inLanguage\":\"pt-BR\",\"@id\":\"https:\/\/www.travel3.com.br\/site\/acontece-no-turismo\/hotel-wyndham-garden-nortel-moderniza-estrutura-sp\/#primaryimage\",\"url\":\"https:\/\/www.travel3.com.br\/site\/wp-content\/uploads\/2025\/05\/wyndham-garden.jpeg\",\"contentUrl\":\"https:\/\/www.travel3.com.br\/site\/wp-content\/uploads\/2025\/05\/wyndham-garden.jpeg\",\"width\":1280,\"height\":853,\"caption\":\"Wyndham Garden S\u00e3o Paulo Convention Nortel (Foto: Divulga\u00e7\u00e3o)\"},{\"@type\":\"BreadcrumbList\",\"@id\":\"https:\/\/www.travel3.com.br\/site\/acontece-no-turismo\/hotel-wyndham-garden-nortel-moderniza-estrutura-sp\/#breadcrumb\",\"itemListElement\":[{\"@type\":\"ListItem\",\"position\":1,\"name\":\"In\u00edcio\",\"item\":\"https:\/\/www.travel3.com.br\/site\/\"},{\"@type\":\"ListItem\",\"position\":2,\"name\":\"Hotel Wyndham Garden Nortel moderniza estrutura em SP\"}]},{\"@type\":\"WebSite\",\"@id\":\"https:\/\/www.travel3.com.br\/site\/#website\",\"url\":\"https:\/\/www.travel3.com.br\/site\/\",\"name\":\"Travel3\",\"description\":\"Lazer + Neg&oacute;cios + Aventura\",\"publisher\":{\"@id\":\"https:\/\/www.travel3.com.br\/site\/#organization\"},\"potentialAction\":[{\"@type\":\"SearchAction\",\"target\":{\"@type\":\"EntryPoint\",\"urlTemplate\":\"https:\/\/www.travel3.com.br\/site\/?s={search_term_string}\"},\"query-input\":{\"@type\":\"PropertyValueSpecification\",\"valueRequired\":true,\"valueName\":\"search_term_string\"}}],\"inLanguage\":\"pt-BR\"},{\"@type\":\"Organization\",\"@id\":\"https:\/\/www.travel3.com.br\/site\/#organization\",\"name\":\"Travel3\",\"url\":\"https:\/\/www.travel3.com.br\/site\/\",\"logo\":{\"@type\":\"ImageObject\",\"inLanguage\":\"pt-BR\",\"@id\":\"https:\/\/www.travel3.com.br\/site\/#\/schema\/logo\/image\/\",\"url\":\"https:\/\/www.travel3.com.br\/site\/wp-content\/uploads\/2020\/01\/logo-travel3-2020.png\",\"contentUrl\":\"https:\/\/www.travel3.com.br\/site\/wp-content\/uploads\/2020\/01\/logo-travel3-2020.png\",\"width\":232,\"height\":79,\"caption\":\"Travel3\"},\"image\":{\"@id\":\"https:\/\/www.travel3.com.br\/site\/#\/schema\/logo\/image\/\"},\"sameAs\":[\"https:\/\/www.facebook.com\/travel3media\/\",\"https:\/\/www.instagram.com\/revistatravel3\/\",\"https:\/\/www.youtube.com\/channel\/UCno7J4paGBR3VbZQzvoJ9Eg\"]},{\"@type\":\"Person\",\"@id\":\"https:\/\/www.travel3.com.br\/site\/#\/schema\/person\/89251b0320bc67697de92249f97f3fdb\",\"name\":\"Reda\u00e7\u00e3o Travel3\",\"image\":{\"@type\":\"ImageObject\",\"inLanguage\":\"pt-BR\",\"@id\":\"https:\/\/www.travel3.com.br\/site\/#\/schema\/person\/image\/\",\"url\":\"https:\/\/secure.gravatar.com\/avatar\/85a5ec2ad99b1932f671ebf50c117db6?s=96&d=mm&r=g\",\"contentUrl\":\"https:\/\/secure.gravatar.com\/avatar\/85a5ec2ad99b1932f671ebf50c117db6?s=96&d=mm&r=g\",\"caption\":\"Reda\u00e7\u00e3o Travel3\"},\"sameAs\":[\"http:\/\/www.travel3.com.br\/\"],\"url\":\"https:\/\/www.travel3.com.br\/site\/author\/redacao\/\"}]}<\/script>\n<!-- \/ Yoast SEO plugin. -->","yoast_head_json":{"title":"Hotel Wyndham Garden Nortel moderniza estrutura em SP - Travel3","description":"Wyndham Garden Nortel moderniza estrutura em SP com R$ 1 milh\u00e3o em melhorias nos quartos e no Espa\u00e7o Immensit\u00e0 para h\u00f3spedes e eventos","robots":{"index":"index","follow":"follow","max-snippet":"max-snippet:-1","max-image-preview":"max-image-preview:large","max-video-preview":"max-video-preview:-1"},"canonical":"https:\/\/www.travel3.com.br\/site\/acontece-no-turismo\/hotel-wyndham-garden-nortel-moderniza-estrutura-sp\/","og_locale":"pt_BR","og_type":"article","og_title":"Hotel Wyndham Garden Nortel moderniza estrutura em SP - Travel3","og_description":"Wyndham Garden Nortel moderniza estrutura em SP com R$ 1 milh\u00e3o em melhorias nos quartos e no Espa\u00e7o Immensit\u00e0 para h\u00f3spedes e eventos","og_url":"https:\/\/www.travel3.com.br\/site\/acontece-no-turismo\/hotel-wyndham-garden-nortel-moderniza-estrutura-sp\/","og_site_name":"Travel3","article_publisher":"https:\/\/www.facebook.com\/travel3media\/","article_published_time":"2025-10-09T12:27:00+00:00","article_modified_time":"2025-10-09T12:34:16+00:00","og_image":[{"width":1280,"height":853,"url":"https:\/\/www.travel3.com.br\/site\/wp-content\/uploads\/2025\/05\/wyndham-garden.jpeg","type":"image\/jpeg"}],"author":"Reda\u00e7\u00e3o Travel3","twitter_card":"summary_large_image","twitter_misc":{"Escrito por":"Reda\u00e7\u00e3o Travel3","Est. tempo de leitura":"2 minutos"},"schema":{"@context":"https:\/\/schema.org","@graph":[{"@type":"Article","@id":"https:\/\/www.travel3.com.br\/site\/acontece-no-turismo\/hotel-wyndham-garden-nortel-moderniza-estrutura-sp\/#article","isPartOf":{"@id":"https:\/\/www.travel3.com.br\/site\/acontece-no-turismo\/hotel-wyndham-garden-nortel-moderniza-estrutura-sp\/"},"author":{"name":"Reda\u00e7\u00e3o Travel3","@id":"https:\/\/www.travel3.com.br\/site\/#\/schema\/person\/89251b0320bc67697de92249f97f3fdb"},"headline":"Hotel Wyndham Garden Nortel moderniza estrutura em SP","datePublished":"2025-10-09T12:27:00+00:00","dateModified":"2025-10-09T12:34:16+00:00","mainEntityOfPage":{"@id":"https:\/\/www.travel3.com.br\/site\/acontece-no-turismo\/hotel-wyndham-garden-nortel-moderniza-estrutura-sp\/"},"wordCount":291,"commentCount":0,"publisher":{"@id":"https:\/\/www.travel3.com.br\/site\/#organization"},"image":{"@id":"https:\/\/www.travel3.com.br\/site\/acontece-no-turismo\/hotel-wyndham-garden-nortel-moderniza-estrutura-sp\/#primaryimage"},"thumbnailUrl":"https:\/\/www.travel3.com.br\/site\/wp-content\/uploads\/2025\/05\/wyndham-garden.jpeg","keywords":["Wyndham","Wyndham Garden Nortel","Wyndham Garden S\u00e3o Paulo Convention Nortel"],"articleSection":["Acontece no Turismo"],"inLanguage":"pt-BR","potentialAction":[{"@type":"CommentAction","name":"Comment","target":["https:\/\/www.travel3.com.br\/site\/acontece-no-turismo\/hotel-wyndham-garden-nortel-moderniza-estrutura-sp\/#respond"]}]},{"@type":"WebPage","@id":"https:\/\/www.travel3.com.br\/site\/acontece-no-turismo\/hotel-wyndham-garden-nortel-moderniza-estrutura-sp\/","url":"https:\/\/www.travel3.com.br\/site\/acontece-no-turismo\/hotel-wyndham-garden-nortel-moderniza-estrutura-sp\/","name":"Hotel Wyndham Garden Nortel moderniza estrutura em SP - Travel3","isPartOf":{"@id":"https:\/\/www.travel3.com.br\/site\/#website"},"primaryImageOfPage":{"@id":"https:\/\/www.travel3.com.br\/site\/acontece-no-turismo\/hotel-wyndham-garden-nortel-moderniza-estrutura-sp\/#primaryimage"},"image":{"@id":"https:\/\/www.travel3.com.br\/site\/acontece-no-turismo\/hotel-wyndham-garden-nortel-moderniza-estrutura-sp\/#primaryimage"},"thumbnailUrl":"https:\/\/www.travel3.com.br\/site\/wp-content\/uploads\/2025\/05\/wyndham-garden.jpeg","datePublished":"2025-10-09T12:27:00+00:00","dateModified":"2025-10-09T12:34:16+00:00","description":"Wyndham Garden Nortel moderniza estrutura em SP com R$ 1 milh\u00e3o em melhorias nos quartos e no Espa\u00e7o Immensit\u00e0 para h\u00f3spedes e eventos","breadcrumb":{"@id":"https:\/\/www.travel3.com.br\/site\/acontece-no-turismo\/hotel-wyndham-garden-nortel-moderniza-estrutura-sp\/#breadcrumb"},"inLanguage":"pt-BR","potentialAction":[{"@type":"ReadAction","target":["https:\/\/www.travel3.com.br\/site\/acontece-no-turismo\/hotel-wyndham-garden-nortel-moderniza-estrutura-sp\/"]}]},{"@type":"ImageObject","inLanguage":"pt-BR","@id":"https:\/\/www.travel3.com.br\/site\/acontece-no-turismo\/hotel-wyndham-garden-nortel-moderniza-estrutura-sp\/#primaryimage","url":"https:\/\/www.travel3.com.br\/site\/wp-content\/uploads\/2025\/05\/wyndham-garden.jpeg","contentUrl":"https:\/\/www.travel3.com.br\/site\/wp-content\/uploads\/2025\/05\/wyndham-garden.jpeg","width":1280,"height":853,"caption":"Wyndham Garden S\u00e3o Paulo Convention Nortel (Foto: Divulga\u00e7\u00e3o)"},{"@type":"BreadcrumbList","@id":"https:\/\/www.travel3.com.br\/site\/acontece-no-turismo\/hotel-wyndham-garden-nortel-moderniza-estrutura-sp\/#breadcrumb","itemListElement":[{"@type":"ListItem","position":1,"name":"In\u00edcio","item":"https:\/\/www.travel3.com.br\/site\/"},{"@type":"ListItem","position":2,"name":"Hotel Wyndham Garden Nortel moderniza estrutura em SP"}]},{"@type":"WebSite","@id":"https:\/\/www.travel3.com.br\/site\/#website","url":"https:\/\/www.travel3.com.br\/site\/","name":"Travel3","description":"Lazer + Neg&oacute;cios + Aventura","publisher":{"@id":"https:\/\/www.travel3.com.br\/site\/#organization"},"potentialAction":[{"@type":"SearchAction","target":{"@type":"EntryPoint","urlTemplate":"https:\/\/www.travel3.com.br\/site\/?s={search_term_string}"},"query-input":{"@type":"PropertyValueSpecification","valueRequired":true,"valueName":"search_term_string"}}],"inLanguage":"pt-BR"},{"@type":"Organization","@id":"https:\/\/www.travel3.com.br\/site\/#organization","name":"Travel3","url":"https:\/\/www.travel3.com.br\/site\/","logo":{"@type":"ImageObject","inLanguage":"pt-BR","@id":"https:\/\/www.travel3.com.br\/site\/#\/schema\/logo\/image\/","url":"https:\/\/www.travel3.com.br\/site\/wp-content\/uploads\/2020\/01\/logo-travel3-2020.png","contentUrl":"https:\/\/www.travel3.com.br\/site\/wp-content\/uploads\/2020\/01\/logo-travel3-2020.png","width":232,"height":79,"caption":"Travel3"},"image":{"@id":"https:\/\/www.travel3.com.br\/site\/#\/schema\/logo\/image\/"},"sameAs":["https:\/\/www.facebook.com\/travel3media\/","https:\/\/www.instagram.com\/revistatravel3\/","https:\/\/www.youtube.com\/channel\/UCno7J4paGBR3VbZQzvoJ9Eg"]},{"@type":"Person","@id":"https:\/\/www.travel3.com.br\/site\/#\/schema\/person\/89251b0320bc67697de92249f97f3fdb","name":"Reda\u00e7\u00e3o Travel3","image":{"@type":"ImageObject","inLanguage":"pt-BR","@id":"https:\/\/www.travel3.com.br\/site\/#\/schema\/person\/image\/","url":"https:\/\/secure.gravatar.com\/avatar\/85a5ec2ad99b1932f671ebf50c117db6?s=96&d=mm&r=g","contentUrl":"https:\/\/secure.gravatar.com\/avatar\/85a5ec2ad99b1932f671ebf50c117db6?s=96&d=mm&r=g","caption":"Reda\u00e7\u00e3o Travel3"},"sameAs":["http:\/\/www.travel3.com.br\/"],"url":"https:\/\/www.travel3.com.br\/site\/author\/redacao\/"}]}},"_links":{"self":[{"href":"https:\/\/www.travel3.com.br\/site\/wp-json\/wp\/v2\/posts\/78908","targetHints":{"allow":["GET"]}}],"collection":[{"href":"https:\/\/www.travel3.com.br\/site\/wp-json\/wp\/v2\/posts"}],"about":[{"href":"https:\/\/www.travel3.com.br\/site\/wp-json\/wp\/v2\/types\/post"}],"author":[{"embeddable":true,"href":"https:\/\/www.travel3.com.br\/site\/wp-json\/wp\/v2\/users\/5"}],"replies":[{"embeddable":true,"href":"https:\/\/www.travel3.com.br\/site\/wp-json\/wp\/v2\/comments?post=78908"}],"version-history":[{"count":5,"href":"https:\/\/www.travel3.com.br\/site\/wp-json\/wp\/v2\/posts\/78908\/revisions"}],"predecessor-version":[{"id":78920,"href":"https:\/\/www.travel3.com.br\/site\/wp-json\/wp\/v2\/posts\/78908\/revisions\/78920"}],"wp:featuredmedia":[{"embeddable":true,"href":"https:\/\/www.travel3.com.br\/site\/wp-json\/wp\/v2\/media\/76322"}],"wp:attachment":[{"href":"https:\/\/www.travel3.com.br\/site\/wp-json\/wp\/v2\/media?parent=78908"}],"wp:term":[{"taxonomy":"category","embeddable":true,"href":"https:\/\/www.travel3.com.br\/site\/wp-json\/wp\/v2\/categories?post=78908"},{"taxonomy":"post_tag","embeddable":true,"href":"https:\/\/www.travel3.com.br\/site\/wp-json\/wp\/v2\/tags?post=78908"}],"curies":[{"name":"wp","href":"https:\/\/api.w.org\/{rel}","templated":true}]}}