{"id":78405,"date":"2025-09-10T08:31:02","date_gmt":"2025-09-10T11:31:02","guid":{"rendered":"https:\/\/www.travel3.com.br\/?p=78405"},"modified":"2025-09-10T08:31:04","modified_gmt":"2025-09-10T11:31:04","slug":"semana-da-crianca-txai-resort-itacare","status":"publish","type":"post","link":"https:\/\/www.travel3.com.br\/site\/acontece-no-turismo\/semana-da-crianca-txai-resort-itacare\/","title":{"rendered":"Txai Resort Itacar\u00e9 celebra a Semana da Crian\u00e7a"},"content":{"rendered":"\n<h2 class=\"wp-block-heading\">Resort no sul da Bahia anuncia programa\u00e7\u00e3o especial com oficinas, festas tem\u00e1ticas e atividades ao ar livre<\/h2>\n\n\n\n<p>Entre 13 e 19 de outubro, o <strong>Txai Resort Itacar\u00e9<\/strong>, no sul da Bahia, realiza uma agenda especial para celebrar a Semana da Crian\u00e7a. A programa\u00e7\u00e3o re\u00fane oficinas criativas, festas tem\u00e1ticas, experi\u00eancias na natureza e momentos em fam\u00edlia, em um ambiente cercado pela Mata Atl\u00e2ntica e com vista para o mar.<\/p>\n\n\n\n<p>Certificado pelo grupo Relais &amp; Ch\u00e2teaux, o resort combina gastronomia, hospitalidade e bem-estar. Enquanto os adultos aproveitam a estrutura completa do empreendimento, as crian\u00e7as participam de atividades educativas desenvolvidas em parceria com a CRIA, voltadas para estimular curiosidade, imagina\u00e7\u00e3o e conviv\u00eancia coletiva.<\/p>\n\n\n\n<p>Entre os destaques est\u00e3o oficinas de pintura em tela e culin\u00e1ria com o chef Nena. \u00c0 noite, acontecem atra\u00e7\u00f5es como luau de marshmallow, festa neon, baile de fantasia, Holly Festival (festa das cores), cinema da CRIA, quiz e jogos noturnos. Tamb\u00e9m est\u00e3o previstas atividades ao ar livre, como caminhada ecol\u00f3gica com bi\u00f3logo para observa\u00e7\u00e3o de ninhos de tartarugas marinhas. As propostas atendem crian\u00e7as a partir de 4 anos.<\/p>\n\n\n\n<p>Os pacotes exigem estada m\u00ednima de tr\u00eas noites, com tarifas a partir de R$ 3.170, incluindo cortesia para duas crian\u00e7as de at\u00e9 10 anos hospedadas com os pais. Para crian\u00e7as a partir de 11 anos ou adultos extras, a di\u00e1ria \u00e9 de R$ 800 + 5% ISS. As reservas incluem pens\u00e3o completa, com caf\u00e9 da manh\u00e3, almo\u00e7o e jantar (bebidas n\u00e3o inclu\u00eddas).<\/p>\n\n\n\n<p>Enquanto os pequenos participam das atividades, os adultos podem usufruir das experi\u00eancias do resort, que incluem piscina, praia privativa e o <strong>SPA Shamash<\/strong>, localizado em uma colina com vista para o oceano. O espa\u00e7o re\u00fane terapias, massagens e rituais inspirados em tradi\u00e7\u00f5es baianas.<\/p>\n\n\n\n<p>Mais informa\u00e7\u00f5es e reservas: <strong><a href=\"mailto:central.reservas@txairesorts.com\" target=\"_blank\" rel=\"noreferrer noopener\">central.reservas@txairesorts.com<\/a><\/strong><\/p>\n","protected":false},"excerpt":{"rendered":"<p>Resort no sul da Bahia anuncia programa\u00e7\u00e3o especial com oficinas, festas tem\u00e1ticas e atividades ao ar livre<\/p>\n","protected":false},"author":5,"featured_media":78406,"comment_status":"open","ping_status":"open","sticky":false,"template":"","format":"standard","meta":{"footnotes":""},"categories":[969,7],"tags":[3639,5975,5974],"class_list":["post-78405","post","type-post","status-publish","format-standard","has-post-thumbnail","hentry","category-acontece-no-turismo","category-dicas","tag-semana-da-crianca","tag-txai","tag-txai-resort-itacare"],"yoast_head":"<!-- This site is optimized with the Yoast SEO plugin v26.2 - https:\/\/yoast.com\/wordpress\/plugins\/seo\/ -->\n<title>Txai Resort Itacar\u00e9 celebra a Semana da Crian\u00e7a - Travel3<\/title>\n<meta name=\"description\" content=\"Txai Resort Itacar\u00e9 promove programa\u00e7\u00e3o especial em outubro com oficinas, festas tem\u00e1ticas e atividades infantis na Semana da Crian\u00e7a.\" \/>\n<meta name=\"robots\" content=\"index, follow, max-snippet:-1, max-image-preview:large, max-video-preview:-1\" \/>\n<link rel=\"canonical\" href=\"https:\/\/www.travel3.com.br\/site\/acontece-no-turismo\/semana-da-crianca-txai-resort-itacare\/\" \/>\n<meta property=\"og:locale\" content=\"pt_BR\" \/>\n<meta property=\"og:type\" content=\"article\" \/>\n<meta property=\"og:title\" content=\"Txai Resort Itacar\u00e9 celebra a Semana da Crian\u00e7a - Travel3\" \/>\n<meta property=\"og:description\" content=\"Txai Resort Itacar\u00e9 promove programa\u00e7\u00e3o especial em outubro com oficinas, festas tem\u00e1ticas e atividades infantis na Semana da Crian\u00e7a.\" \/>\n<meta property=\"og:url\" content=\"https:\/\/www.travel3.com.br\/site\/acontece-no-turismo\/semana-da-crianca-txai-resort-itacare\/\" \/>\n<meta property=\"og:site_name\" content=\"Travel3\" \/>\n<meta property=\"article:publisher\" content=\"https:\/\/www.facebook.com\/travel3media\/\" \/>\n<meta property=\"article:published_time\" content=\"2025-09-10T11:31:02+00:00\" \/>\n<meta property=\"article:modified_time\" content=\"2025-09-10T11:31:04+00:00\" \/>\n<meta property=\"og:image\" content=\"https:\/\/www.travel3.com.br\/site\/wp-content\/uploads\/2025\/09\/Txai_Easy-Resize.com_.jpg\" \/>\n\t<meta property=\"og:image:width\" content=\"1280\" \/>\n\t<meta property=\"og:image:height\" content=\"855\" \/>\n\t<meta property=\"og:image:type\" content=\"image\/jpeg\" \/>\n<meta name=\"author\" content=\"Reda\u00e7\u00e3o Travel3\" \/>\n<meta name=\"twitter:card\" content=\"summary_large_image\" \/>\n<meta name=\"twitter:label1\" content=\"Escrito por\" \/>\n\t<meta name=\"twitter:data1\" content=\"Reda\u00e7\u00e3o Travel3\" \/>\n\t<meta name=\"twitter:label2\" content=\"Est. tempo de leitura\" \/>\n\t<meta name=\"twitter:data2\" content=\"2 minutos\" \/>\n<script type=\"application\/ld+json\" class=\"yoast-schema-graph\">{\"@context\":\"https:\/\/schema.org\",\"@graph\":[{\"@type\":\"Article\",\"@id\":\"https:\/\/www.travel3.com.br\/site\/acontece-no-turismo\/semana-da-crianca-txai-resort-itacare\/#article\",\"isPartOf\":{\"@id\":\"https:\/\/www.travel3.com.br\/site\/acontece-no-turismo\/semana-da-crianca-txai-resort-itacare\/\"},\"author\":{\"name\":\"Reda\u00e7\u00e3o Travel3\",\"@id\":\"https:\/\/www.travel3.com.br\/site\/#\/schema\/person\/89251b0320bc67697de92249f97f3fdb\"},\"headline\":\"Txai Resort Itacar\u00e9 celebra a Semana da Crian\u00e7a\",\"datePublished\":\"2025-09-10T11:31:02+00:00\",\"dateModified\":\"2025-09-10T11:31:04+00:00\",\"mainEntityOfPage\":{\"@id\":\"https:\/\/www.travel3.com.br\/site\/acontece-no-turismo\/semana-da-crianca-txai-resort-itacare\/\"},\"wordCount\":325,\"commentCount\":0,\"publisher\":{\"@id\":\"https:\/\/www.travel3.com.br\/site\/#organization\"},\"image\":{\"@id\":\"https:\/\/www.travel3.com.br\/site\/acontece-no-turismo\/semana-da-crianca-txai-resort-itacare\/#primaryimage\"},\"thumbnailUrl\":\"https:\/\/www.travel3.com.br\/site\/wp-content\/uploads\/2025\/09\/Txai_Easy-Resize.com_.jpg\",\"keywords\":[\"Semana da Crian\u00e7a\",\"Txai\",\"Txai Resort Itacar\u00e9\"],\"articleSection\":[\"Acontece no Turismo\",\"Dicas\"],\"inLanguage\":\"pt-BR\",\"potentialAction\":[{\"@type\":\"CommentAction\",\"name\":\"Comment\",\"target\":[\"https:\/\/www.travel3.com.br\/site\/acontece-no-turismo\/semana-da-crianca-txai-resort-itacare\/#respond\"]}]},{\"@type\":\"WebPage\",\"@id\":\"https:\/\/www.travel3.com.br\/site\/acontece-no-turismo\/semana-da-crianca-txai-resort-itacare\/\",\"url\":\"https:\/\/www.travel3.com.br\/site\/acontece-no-turismo\/semana-da-crianca-txai-resort-itacare\/\",\"name\":\"Txai Resort Itacar\u00e9 celebra a Semana da Crian\u00e7a - Travel3\",\"isPartOf\":{\"@id\":\"https:\/\/www.travel3.com.br\/site\/#website\"},\"primaryImageOfPage\":{\"@id\":\"https:\/\/www.travel3.com.br\/site\/acontece-no-turismo\/semana-da-crianca-txai-resort-itacare\/#primaryimage\"},\"image\":{\"@id\":\"https:\/\/www.travel3.com.br\/site\/acontece-no-turismo\/semana-da-crianca-txai-resort-itacare\/#primaryimage\"},\"thumbnailUrl\":\"https:\/\/www.travel3.com.br\/site\/wp-content\/uploads\/2025\/09\/Txai_Easy-Resize.com_.jpg\",\"datePublished\":\"2025-09-10T11:31:02+00:00\",\"dateModified\":\"2025-09-10T11:31:04+00:00\",\"description\":\"Txai Resort Itacar\u00e9 promove programa\u00e7\u00e3o especial em outubro com oficinas, festas tem\u00e1ticas e atividades infantis na Semana da Crian\u00e7a.\",\"breadcrumb\":{\"@id\":\"https:\/\/www.travel3.com.br\/site\/acontece-no-turismo\/semana-da-crianca-txai-resort-itacare\/#breadcrumb\"},\"inLanguage\":\"pt-BR\",\"potentialAction\":[{\"@type\":\"ReadAction\",\"target\":[\"https:\/\/www.travel3.com.br\/site\/acontece-no-turismo\/semana-da-crianca-txai-resort-itacare\/\"]}]},{\"@type\":\"ImageObject\",\"inLanguage\":\"pt-BR\",\"@id\":\"https:\/\/www.travel3.com.br\/site\/acontece-no-turismo\/semana-da-crianca-txai-resort-itacare\/#primaryimage\",\"url\":\"https:\/\/www.travel3.com.br\/site\/wp-content\/uploads\/2025\/09\/Txai_Easy-Resize.com_.jpg\",\"contentUrl\":\"https:\/\/www.travel3.com.br\/site\/wp-content\/uploads\/2025\/09\/Txai_Easy-Resize.com_.jpg\",\"width\":1280,\"height\":855,\"caption\":\"Foto: Txai Resort Itacar\u00e9\/Ana Lee Fotografia\"},{\"@type\":\"BreadcrumbList\",\"@id\":\"https:\/\/www.travel3.com.br\/site\/acontece-no-turismo\/semana-da-crianca-txai-resort-itacare\/#breadcrumb\",\"itemListElement\":[{\"@type\":\"ListItem\",\"position\":1,\"name\":\"In\u00edcio\",\"item\":\"https:\/\/www.travel3.com.br\/site\/\"},{\"@type\":\"ListItem\",\"position\":2,\"name\":\"Txai Resort Itacar\u00e9 celebra a Semana da Crian\u00e7a\"}]},{\"@type\":\"WebSite\",\"@id\":\"https:\/\/www.travel3.com.br\/site\/#website\",\"url\":\"https:\/\/www.travel3.com.br\/site\/\",\"name\":\"Travel3\",\"description\":\"Lazer + Neg&oacute;cios + Aventura\",\"publisher\":{\"@id\":\"https:\/\/www.travel3.com.br\/site\/#organization\"},\"potentialAction\":[{\"@type\":\"SearchAction\",\"target\":{\"@type\":\"EntryPoint\",\"urlTemplate\":\"https:\/\/www.travel3.com.br\/site\/?s={search_term_string}\"},\"query-input\":{\"@type\":\"PropertyValueSpecification\",\"valueRequired\":true,\"valueName\":\"search_term_string\"}}],\"inLanguage\":\"pt-BR\"},{\"@type\":\"Organization\",\"@id\":\"https:\/\/www.travel3.com.br\/site\/#organization\",\"name\":\"Travel3\",\"url\":\"https:\/\/www.travel3.com.br\/site\/\",\"logo\":{\"@type\":\"ImageObject\",\"inLanguage\":\"pt-BR\",\"@id\":\"https:\/\/www.travel3.com.br\/site\/#\/schema\/logo\/image\/\",\"url\":\"https:\/\/www.travel3.com.br\/site\/wp-content\/uploads\/2020\/01\/logo-travel3-2020.png\",\"contentUrl\":\"https:\/\/www.travel3.com.br\/site\/wp-content\/uploads\/2020\/01\/logo-travel3-2020.png\",\"width\":232,\"height\":79,\"caption\":\"Travel3\"},\"image\":{\"@id\":\"https:\/\/www.travel3.com.br\/site\/#\/schema\/logo\/image\/\"},\"sameAs\":[\"https:\/\/www.facebook.com\/travel3media\/\",\"https:\/\/www.instagram.com\/revistatravel3\/\",\"https:\/\/www.youtube.com\/channel\/UCno7J4paGBR3VbZQzvoJ9Eg\"]},{\"@type\":\"Person\",\"@id\":\"https:\/\/www.travel3.com.br\/site\/#\/schema\/person\/89251b0320bc67697de92249f97f3fdb\",\"name\":\"Reda\u00e7\u00e3o Travel3\",\"image\":{\"@type\":\"ImageObject\",\"inLanguage\":\"pt-BR\",\"@id\":\"https:\/\/www.travel3.com.br\/site\/#\/schema\/person\/image\/\",\"url\":\"https:\/\/secure.gravatar.com\/avatar\/85a5ec2ad99b1932f671ebf50c117db6?s=96&d=mm&r=g\",\"contentUrl\":\"https:\/\/secure.gravatar.com\/avatar\/85a5ec2ad99b1932f671ebf50c117db6?s=96&d=mm&r=g\",\"caption\":\"Reda\u00e7\u00e3o Travel3\"},\"sameAs\":[\"http:\/\/www.travel3.com.br\/\"],\"url\":\"https:\/\/www.travel3.com.br\/site\/author\/redacao\/\"}]}<\/script>\n<!-- \/ Yoast SEO plugin. -->","yoast_head_json":{"title":"Txai Resort Itacar\u00e9 celebra a Semana da Crian\u00e7a - Travel3","description":"Txai Resort Itacar\u00e9 promove programa\u00e7\u00e3o especial em outubro com oficinas, festas tem\u00e1ticas e atividades infantis na Semana da Crian\u00e7a.","robots":{"index":"index","follow":"follow","max-snippet":"max-snippet:-1","max-image-preview":"max-image-preview:large","max-video-preview":"max-video-preview:-1"},"canonical":"https:\/\/www.travel3.com.br\/site\/acontece-no-turismo\/semana-da-crianca-txai-resort-itacare\/","og_locale":"pt_BR","og_type":"article","og_title":"Txai Resort Itacar\u00e9 celebra a Semana da Crian\u00e7a - Travel3","og_description":"Txai Resort Itacar\u00e9 promove programa\u00e7\u00e3o especial em outubro com oficinas, festas tem\u00e1ticas e atividades infantis na Semana da Crian\u00e7a.","og_url":"https:\/\/www.travel3.com.br\/site\/acontece-no-turismo\/semana-da-crianca-txai-resort-itacare\/","og_site_name":"Travel3","article_publisher":"https:\/\/www.facebook.com\/travel3media\/","article_published_time":"2025-09-10T11:31:02+00:00","article_modified_time":"2025-09-10T11:31:04+00:00","og_image":[{"width":1280,"height":855,"url":"https:\/\/www.travel3.com.br\/site\/wp-content\/uploads\/2025\/09\/Txai_Easy-Resize.com_.jpg","type":"image\/jpeg"}],"author":"Reda\u00e7\u00e3o Travel3","twitter_card":"summary_large_image","twitter_misc":{"Escrito por":"Reda\u00e7\u00e3o Travel3","Est. tempo de leitura":"2 minutos"},"schema":{"@context":"https:\/\/schema.org","@graph":[{"@type":"Article","@id":"https:\/\/www.travel3.com.br\/site\/acontece-no-turismo\/semana-da-crianca-txai-resort-itacare\/#article","isPartOf":{"@id":"https:\/\/www.travel3.com.br\/site\/acontece-no-turismo\/semana-da-crianca-txai-resort-itacare\/"},"author":{"name":"Reda\u00e7\u00e3o Travel3","@id":"https:\/\/www.travel3.com.br\/site\/#\/schema\/person\/89251b0320bc67697de92249f97f3fdb"},"headline":"Txai Resort Itacar\u00e9 celebra a Semana da Crian\u00e7a","datePublished":"2025-09-10T11:31:02+00:00","dateModified":"2025-09-10T11:31:04+00:00","mainEntityOfPage":{"@id":"https:\/\/www.travel3.com.br\/site\/acontece-no-turismo\/semana-da-crianca-txai-resort-itacare\/"},"wordCount":325,"commentCount":0,"publisher":{"@id":"https:\/\/www.travel3.com.br\/site\/#organization"},"image":{"@id":"https:\/\/www.travel3.com.br\/site\/acontece-no-turismo\/semana-da-crianca-txai-resort-itacare\/#primaryimage"},"thumbnailUrl":"https:\/\/www.travel3.com.br\/site\/wp-content\/uploads\/2025\/09\/Txai_Easy-Resize.com_.jpg","keywords":["Semana da Crian\u00e7a","Txai","Txai Resort Itacar\u00e9"],"articleSection":["Acontece no Turismo","Dicas"],"inLanguage":"pt-BR","potentialAction":[{"@type":"CommentAction","name":"Comment","target":["https:\/\/www.travel3.com.br\/site\/acontece-no-turismo\/semana-da-crianca-txai-resort-itacare\/#respond"]}]},{"@type":"WebPage","@id":"https:\/\/www.travel3.com.br\/site\/acontece-no-turismo\/semana-da-crianca-txai-resort-itacare\/","url":"https:\/\/www.travel3.com.br\/site\/acontece-no-turismo\/semana-da-crianca-txai-resort-itacare\/","name":"Txai Resort Itacar\u00e9 celebra a Semana da Crian\u00e7a - Travel3","isPartOf":{"@id":"https:\/\/www.travel3.com.br\/site\/#website"},"primaryImageOfPage":{"@id":"https:\/\/www.travel3.com.br\/site\/acontece-no-turismo\/semana-da-crianca-txai-resort-itacare\/#primaryimage"},"image":{"@id":"https:\/\/www.travel3.com.br\/site\/acontece-no-turismo\/semana-da-crianca-txai-resort-itacare\/#primaryimage"},"thumbnailUrl":"https:\/\/www.travel3.com.br\/site\/wp-content\/uploads\/2025\/09\/Txai_Easy-Resize.com_.jpg","datePublished":"2025-09-10T11:31:02+00:00","dateModified":"2025-09-10T11:31:04+00:00","description":"Txai Resort Itacar\u00e9 promove programa\u00e7\u00e3o especial em outubro com oficinas, festas tem\u00e1ticas e atividades infantis na Semana da Crian\u00e7a.","breadcrumb":{"@id":"https:\/\/www.travel3.com.br\/site\/acontece-no-turismo\/semana-da-crianca-txai-resort-itacare\/#breadcrumb"},"inLanguage":"pt-BR","potentialAction":[{"@type":"ReadAction","target":["https:\/\/www.travel3.com.br\/site\/acontece-no-turismo\/semana-da-crianca-txai-resort-itacare\/"]}]},{"@type":"ImageObject","inLanguage":"pt-BR","@id":"https:\/\/www.travel3.com.br\/site\/acontece-no-turismo\/semana-da-crianca-txai-resort-itacare\/#primaryimage","url":"https:\/\/www.travel3.com.br\/site\/wp-content\/uploads\/2025\/09\/Txai_Easy-Resize.com_.jpg","contentUrl":"https:\/\/www.travel3.com.br\/site\/wp-content\/uploads\/2025\/09\/Txai_Easy-Resize.com_.jpg","width":1280,"height":855,"caption":"Foto: Txai Resort Itacar\u00e9\/Ana Lee Fotografia"},{"@type":"BreadcrumbList","@id":"https:\/\/www.travel3.com.br\/site\/acontece-no-turismo\/semana-da-crianca-txai-resort-itacare\/#breadcrumb","itemListElement":[{"@type":"ListItem","position":1,"name":"In\u00edcio","item":"https:\/\/www.travel3.com.br\/site\/"},{"@type":"ListItem","position":2,"name":"Txai Resort Itacar\u00e9 celebra a Semana da Crian\u00e7a"}]},{"@type":"WebSite","@id":"https:\/\/www.travel3.com.br\/site\/#website","url":"https:\/\/www.travel3.com.br\/site\/","name":"Travel3","description":"Lazer + Neg&oacute;cios + Aventura","publisher":{"@id":"https:\/\/www.travel3.com.br\/site\/#organization"},"potentialAction":[{"@type":"SearchAction","target":{"@type":"EntryPoint","urlTemplate":"https:\/\/www.travel3.com.br\/site\/?s={search_term_string}"},"query-input":{"@type":"PropertyValueSpecification","valueRequired":true,"valueName":"search_term_string"}}],"inLanguage":"pt-BR"},{"@type":"Organization","@id":"https:\/\/www.travel3.com.br\/site\/#organization","name":"Travel3","url":"https:\/\/www.travel3.com.br\/site\/","logo":{"@type":"ImageObject","inLanguage":"pt-BR","@id":"https:\/\/www.travel3.com.br\/site\/#\/schema\/logo\/image\/","url":"https:\/\/www.travel3.com.br\/site\/wp-content\/uploads\/2020\/01\/logo-travel3-2020.png","contentUrl":"https:\/\/www.travel3.com.br\/site\/wp-content\/uploads\/2020\/01\/logo-travel3-2020.png","width":232,"height":79,"caption":"Travel3"},"image":{"@id":"https:\/\/www.travel3.com.br\/site\/#\/schema\/logo\/image\/"},"sameAs":["https:\/\/www.facebook.com\/travel3media\/","https:\/\/www.instagram.com\/revistatravel3\/","https:\/\/www.youtube.com\/channel\/UCno7J4paGBR3VbZQzvoJ9Eg"]},{"@type":"Person","@id":"https:\/\/www.travel3.com.br\/site\/#\/schema\/person\/89251b0320bc67697de92249f97f3fdb","name":"Reda\u00e7\u00e3o Travel3","image":{"@type":"ImageObject","inLanguage":"pt-BR","@id":"https:\/\/www.travel3.com.br\/site\/#\/schema\/person\/image\/","url":"https:\/\/secure.gravatar.com\/avatar\/85a5ec2ad99b1932f671ebf50c117db6?s=96&d=mm&r=g","contentUrl":"https:\/\/secure.gravatar.com\/avatar\/85a5ec2ad99b1932f671ebf50c117db6?s=96&d=mm&r=g","caption":"Reda\u00e7\u00e3o Travel3"},"sameAs":["http:\/\/www.travel3.com.br\/"],"url":"https:\/\/www.travel3.com.br\/site\/author\/redacao\/"}]}},"_links":{"self":[{"href":"https:\/\/www.travel3.com.br\/site\/wp-json\/wp\/v2\/posts\/78405","targetHints":{"allow":["GET"]}}],"collection":[{"href":"https:\/\/www.travel3.com.br\/site\/wp-json\/wp\/v2\/posts"}],"about":[{"href":"https:\/\/www.travel3.com.br\/site\/wp-json\/wp\/v2\/types\/post"}],"author":[{"embeddable":true,"href":"https:\/\/www.travel3.com.br\/site\/wp-json\/wp\/v2\/users\/5"}],"replies":[{"embeddable":true,"href":"https:\/\/www.travel3.com.br\/site\/wp-json\/wp\/v2\/comments?post=78405"}],"version-history":[{"count":1,"href":"https:\/\/www.travel3.com.br\/site\/wp-json\/wp\/v2\/posts\/78405\/revisions"}],"predecessor-version":[{"id":78407,"href":"https:\/\/www.travel3.com.br\/site\/wp-json\/wp\/v2\/posts\/78405\/revisions\/78407"}],"wp:featuredmedia":[{"embeddable":true,"href":"https:\/\/www.travel3.com.br\/site\/wp-json\/wp\/v2\/media\/78406"}],"wp:attachment":[{"href":"https:\/\/www.travel3.com.br\/site\/wp-json\/wp\/v2\/media?parent=78405"}],"wp:term":[{"taxonomy":"category","embeddable":true,"href":"https:\/\/www.travel3.com.br\/site\/wp-json\/wp\/v2\/categories?post=78405"},{"taxonomy":"post_tag","embeddable":true,"href":"https:\/\/www.travel3.com.br\/site\/wp-json\/wp\/v2\/tags?post=78405"}],"curies":[{"name":"wp","href":"https:\/\/api.w.org\/{rel}","templated":true}]}}