{"id":78305,"date":"2025-09-04T09:14:51","date_gmt":"2025-09-04T12:14:51","guid":{"rendered":"https:\/\/www.travel3.com.br\/?p=78305"},"modified":"2025-09-04T09:14:54","modified_gmt":"2025-09-04T12:14:54","slug":"nobu-hotel-los-cabos-temporada-festiva-2025","status":"publish","type":"post","link":"https:\/\/www.travel3.com.br\/site\/destaque\/nobu-hotel-los-cabos-temporada-festiva-2025\/","title":{"rendered":"Nobu Hotel Los Cabos anuncia sua Temporada Festiva para 2025"},"content":{"rendered":"\n<h2 class=\"wp-block-heading\">Programa\u00e7\u00e3o re\u00fane experi\u00eancias de luxo, alta gastronomia, tradi\u00e7\u00f5es e celebra\u00e7\u00f5es \u00e0 beira-mar<\/h2>\n\n\n\n<p>O Nobu Hotel Los Cabos divulgou a agenda de eventos para a Temporada Festiva 2025, que vai de novembro a janeiro. O resort localizado no litoral pac\u00edfico mexicano combina jantares tem\u00e1ticos, coquet\u00e9is, festas e atividades para fam\u00edlias, consolidando-se como um dos principais pontos de celebra\u00e7\u00e3o em Los Cabos.<\/p>\n\n\n<div class=\"wp-block-image\">\n<figure class=\"aligncenter size-large is-resized\"><img loading=\"lazy\" decoding=\"async\" width=\"1024\" height=\"967\" src=\"https:\/\/www.travel3.com.br\/site\/wp-content\/uploads\/2025\/09\/Nobu-Hotel-Los-Cabos-Playabar_Easy-Resize.com_-1024x967.jpg\" alt=\"Nobu Hotel Los Cabos\" class=\"wp-image-78315\" style=\"width:780px;height:auto\" srcset=\"https:\/\/www.travel3.com.br\/site\/wp-content\/uploads\/2025\/09\/Nobu-Hotel-Los-Cabos-Playabar_Easy-Resize.com_-1024x967.jpg 1024w, https:\/\/www.travel3.com.br\/site\/wp-content\/uploads\/2025\/09\/Nobu-Hotel-Los-Cabos-Playabar_Easy-Resize.com_-300x283.jpg 300w, https:\/\/www.travel3.com.br\/site\/wp-content\/uploads\/2025\/09\/Nobu-Hotel-Los-Cabos-Playabar_Easy-Resize.com_-768x725.jpg 768w, https:\/\/www.travel3.com.br\/site\/wp-content\/uploads\/2025\/09\/Nobu-Hotel-Los-Cabos-Playabar_Easy-Resize.com_-150x142.jpg 150w, https:\/\/www.travel3.com.br\/site\/wp-content\/uploads\/2025\/09\/Nobu-Hotel-Los-Cabos-Playabar_Easy-Resize.com_-750x708.jpg 750w, https:\/\/www.travel3.com.br\/site\/wp-content\/uploads\/2025\/09\/Nobu-Hotel-Los-Cabos-Playabar_Easy-Resize.com_-1140x1077.jpg 1140w, https:\/\/www.travel3.com.br\/site\/wp-content\/uploads\/2025\/09\/Nobu-Hotel-Los-Cabos-Playabar_Easy-Resize.com_.jpg 1280w\" sizes=\"auto, (max-width: 1024px) 100vw, 1024px\" \/><figcaption class=\"wp-element-caption\">Bar da praia do Nobu Hotel Los Cabos (Foto: Divulga\u00e7\u00e3o)<\/figcaption><\/figure><\/div>\n\n\n<h2 class=\"wp-block-heading\">Gastronomia e celebra\u00e7\u00f5es<\/h2>\n\n\n\n<p>A programa\u00e7\u00e3o j\u00e1 come\u00e7a no Dia de A\u00e7\u00e3o de Gra\u00e7as, em 27 de novembro, com buffet especial e m\u00fasica ao vivo no Shiawase Terrace. No dia 18 de dezembro, o Holiday Season Welcome Cocktail abre a temporada natalina, no Nami Restaurant, com descontos em champanhes.<\/p>\n\n\n<div class=\"wp-block-image\">\n<figure class=\"aligncenter size-large is-resized\"><img loading=\"lazy\" decoding=\"async\" width=\"1024\" height=\"731\" src=\"https:\/\/www.travel3.com.br\/site\/wp-content\/uploads\/2021\/09\/Nobu-Los-Cabos-Cena2_Easy-Resize.com_-1024x731.jpg\" alt=\"\" class=\"wp-image-42815\" style=\"width:517px;height:auto\" srcset=\"https:\/\/www.travel3.com.br\/site\/wp-content\/uploads\/2021\/09\/Nobu-Los-Cabos-Cena2_Easy-Resize.com_-1024x731.jpg 1024w, https:\/\/www.travel3.com.br\/site\/wp-content\/uploads\/2021\/09\/Nobu-Los-Cabos-Cena2_Easy-Resize.com_-300x214.jpg 300w, https:\/\/www.travel3.com.br\/site\/wp-content\/uploads\/2021\/09\/Nobu-Los-Cabos-Cena2_Easy-Resize.com_-768x548.jpg 768w, https:\/\/www.travel3.com.br\/site\/wp-content\/uploads\/2021\/09\/Nobu-Los-Cabos-Cena2_Easy-Resize.com_-120x86.jpg 120w, https:\/\/www.travel3.com.br\/site\/wp-content\/uploads\/2021\/09\/Nobu-Los-Cabos-Cena2_Easy-Resize.com_-350x250.jpg 350w, https:\/\/www.travel3.com.br\/site\/wp-content\/uploads\/2021\/09\/Nobu-Los-Cabos-Cena2_Easy-Resize.com_-750x536.jpg 750w, https:\/\/www.travel3.com.br\/site\/wp-content\/uploads\/2021\/09\/Nobu-Los-Cabos-Cena2_Easy-Resize.com_-1140x814.jpg 1140w, https:\/\/www.travel3.com.br\/site\/wp-content\/uploads\/2021\/09\/Nobu-Los-Cabos-Cena2_Easy-Resize.com_.jpg 1280w\" sizes=\"auto, (max-width: 1024px) 100vw, 1024px\" \/><figcaption class=\"wp-element-caption\">A alta gastronomia \u00e9 marca registrada no Nobu Hotel Los Cabos (Foto: Divulga\u00e7\u00e3o)<\/figcaption><\/figure><\/div>\n\n\n<p>Nos dias 21 e 26 de dezembro, o Playa Bar recebe o Mercado Mexicano, com comidas de rua, ponche de boas-vindas e open bar de cantaritos e vinhos. J\u00e1 nos dias 24 e 30 de dezembro, todos os restaurantes do hotel servir\u00e3o vers\u00f5es especiais do ponche mexicano.<\/p>\n\n\n\n<p>Na noite de 31 de dezembro, os quatro restaurantes do resort \u2014 Nami, Ardea Steakhouse, Muna e Nobu \u2014 oferecer\u00e3o menus \u00e0 la carte para a celebra\u00e7\u00e3o de Ano Novo.<\/p>\n\n\n<div class=\"wp-block-image\">\n<figure class=\"aligncenter size-large is-resized\"><img loading=\"lazy\" decoding=\"async\" width=\"1024\" height=\"576\" src=\"https:\/\/www.travel3.com.br\/site\/wp-content\/uploads\/2025\/09\/Nobu-Hotel-Los-Cabos_Junior-Suite-Garden-View_Easy-Resize.com_-1024x576.jpg\" alt=\"Nobu Hotel Los Cabos\" class=\"wp-image-78316\" style=\"width:757px;height:auto\" srcset=\"https:\/\/www.travel3.com.br\/site\/wp-content\/uploads\/2025\/09\/Nobu-Hotel-Los-Cabos_Junior-Suite-Garden-View_Easy-Resize.com_-1024x576.jpg 1024w, https:\/\/www.travel3.com.br\/site\/wp-content\/uploads\/2025\/09\/Nobu-Hotel-Los-Cabos_Junior-Suite-Garden-View_Easy-Resize.com_-300x169.jpg 300w, https:\/\/www.travel3.com.br\/site\/wp-content\/uploads\/2025\/09\/Nobu-Hotel-Los-Cabos_Junior-Suite-Garden-View_Easy-Resize.com_-768x432.jpg 768w, https:\/\/www.travel3.com.br\/site\/wp-content\/uploads\/2025\/09\/Nobu-Hotel-Los-Cabos_Junior-Suite-Garden-View_Easy-Resize.com_-150x84.jpg 150w, https:\/\/www.travel3.com.br\/site\/wp-content\/uploads\/2025\/09\/Nobu-Hotel-Los-Cabos_Junior-Suite-Garden-View_Easy-Resize.com_-750x422.jpg 750w, https:\/\/www.travel3.com.br\/site\/wp-content\/uploads\/2025\/09\/Nobu-Hotel-Los-Cabos_Junior-Suite-Garden-View_Easy-Resize.com_-1140x641.jpg 1140w, https:\/\/www.travel3.com.br\/site\/wp-content\/uploads\/2025\/09\/Nobu-Hotel-Los-Cabos_Junior-Suite-Garden-View_Easy-Resize.com_.jpg 1280w\" sizes=\"auto, (max-width: 1024px) 100vw, 1024px\" \/><figcaption class=\"wp-element-caption\">Su\u00edte com vista para os jardins (Foto: Divulga\u00e7\u00e3o)<\/figcaption><\/figure><\/div>\n\n\n<h2 class=\"wp-block-heading\">Programa\u00e7\u00e3o para toda a fam\u00edlia<\/h2>\n\n\n\n<p>Entre as atividades infantis, destacam-se a oficina de decora\u00e7\u00e3o de biscoitos (20 e 28 de dezembro), sess\u00e3o de cinema natalino ao ar livre (19 de dezembro) e a visita do Papai Noel no dia 25, com distribui\u00e7\u00e3o de presentes, chocolate quente e Christmas pudding.<\/p>\n\n\n<div class=\"wp-block-image\">\n<figure class=\"aligncenter size-large is-resized\"><img loading=\"lazy\" decoding=\"async\" width=\"1024\" height=\"615\" src=\"https:\/\/www.travel3.com.br\/site\/wp-content\/uploads\/2022\/12\/Nobu-Hotel-Los-Cabos-Firepits_-1024x615.jpg\" alt=\"Nobu Hotel\" class=\"wp-image-55097\" style=\"width:723px;height:auto\" srcset=\"https:\/\/www.travel3.com.br\/site\/wp-content\/uploads\/2022\/12\/Nobu-Hotel-Los-Cabos-Firepits_-1024x615.jpg 1024w, https:\/\/www.travel3.com.br\/site\/wp-content\/uploads\/2022\/12\/Nobu-Hotel-Los-Cabos-Firepits_-300x180.jpg 300w, https:\/\/www.travel3.com.br\/site\/wp-content\/uploads\/2022\/12\/Nobu-Hotel-Los-Cabos-Firepits_-768x461.jpg 768w, https:\/\/www.travel3.com.br\/site\/wp-content\/uploads\/2022\/12\/Nobu-Hotel-Los-Cabos-Firepits_-150x90.jpg 150w, https:\/\/www.travel3.com.br\/site\/wp-content\/uploads\/2022\/12\/Nobu-Hotel-Los-Cabos-Firepits_-750x451.jpg 750w, https:\/\/www.travel3.com.br\/site\/wp-content\/uploads\/2022\/12\/Nobu-Hotel-Los-Cabos-Firepits_-1140x685.jpg 1140w, https:\/\/www.travel3.com.br\/site\/wp-content\/uploads\/2022\/12\/Nobu-Hotel-Los-Cabos-Firepits_.jpg 1280w\" sizes=\"auto, (max-width: 1024px) 100vw, 1024px\" \/><figcaption class=\"wp-element-caption\">Foto: Divulga\u00e7\u00e3o<\/figcaption><\/figure><\/div>\n\n\n<h2 class=\"wp-block-heading\">Ano Novo na praia<\/h2>\n\n\n\n<p>A celebra\u00e7\u00e3o de R\u00e9veillon no Nobu Los Cabosser\u00e1 realizada na praia, com open bar, fogueiras, m\u00fasica ao vivo, DJ e uma incr\u00edvel queima de fogos diante do Pac\u00edfico mexicano. Durante o dia 31, o clima festivo j\u00e1 se inicia com a Pool DJ Party no Swim Up.<\/p>\n\n\n\n<p>No dia 1\u00ba de janeiro, o hotel promove a primeira pool party do ano, seguida da tradicional Rosca de Reis em 6 de janeiro, no Nobu Caf\u00e9, acompanhada de chocolate quente. Esta \u00e9 uma experi\u00eancia que une o melhor da tradi\u00e7\u00e3o mexicana ao esp\u00edrito de hospitalidade internacional da marca Nobu.<\/p>\n\n\n<div class=\"wp-block-image\">\n<figure class=\"aligncenter size-large is-resized\"><img loading=\"lazy\" decoding=\"async\" width=\"1024\" height=\"682\" src=\"https:\/\/www.travel3.com.br\/site\/wp-content\/uploads\/2025\/09\/NBLC_Lobby_Sunset_1_Easy-Resize.com_-1024x682.jpg\" alt=\"NBLC_Lobby_Sunset_\" class=\"wp-image-78314\" style=\"width:763px;height:auto\" srcset=\"https:\/\/www.travel3.com.br\/site\/wp-content\/uploads\/2025\/09\/NBLC_Lobby_Sunset_1_Easy-Resize.com_-1024x682.jpg 1024w, https:\/\/www.travel3.com.br\/site\/wp-content\/uploads\/2025\/09\/NBLC_Lobby_Sunset_1_Easy-Resize.com_-300x200.jpg 300w, https:\/\/www.travel3.com.br\/site\/wp-content\/uploads\/2025\/09\/NBLC_Lobby_Sunset_1_Easy-Resize.com_-768x512.jpg 768w, https:\/\/www.travel3.com.br\/site\/wp-content\/uploads\/2025\/09\/NBLC_Lobby_Sunset_1_Easy-Resize.com_-150x100.jpg 150w, https:\/\/www.travel3.com.br\/site\/wp-content\/uploads\/2025\/09\/NBLC_Lobby_Sunset_1_Easy-Resize.com_-750x500.jpg 750w, https:\/\/www.travel3.com.br\/site\/wp-content\/uploads\/2025\/09\/NBLC_Lobby_Sunset_1_Easy-Resize.com_-1140x760.jpg 1140w, https:\/\/www.travel3.com.br\/site\/wp-content\/uploads\/2025\/09\/NBLC_Lobby_Sunset_1_Easy-Resize.com_.jpg 1280w\" sizes=\"auto, (max-width: 1024px) 100vw, 1024px\" \/><figcaption class=\"wp-element-caption\">O p\u00f4r do sol visto do lobby (Foto: Divulga\u00e7\u00e3o)<\/figcaption><\/figure><\/div>\n\n\n<h2 class=\"wp-block-heading\">Conex\u00e3o a\u00e9rea para Los Cabos<\/h2>\n\n\n\n<p>A partir de dezembro de 2025, a <strong><a href=\"https:\/\/www.travel3.com.br\/acontece-no-turismo\/copa-airlines-novas-rotas-america-latina\/\" target=\"_blank\" rel=\"noreferrer noopener\">Copa Airlines inaugura a rota Cidade do Panam\u00e1\u2013Los Cabos<\/a><\/strong>, com tr\u00eas voos semanais (segundas, quintas e s\u00e1bados). A novidade facilita o acesso de viajantes brasileiros, por meio do Hub das Am\u00e9ricas, ampliando a conectividade com o destino.<\/p>\n","protected":false},"excerpt":{"rendered":"<p>Programa\u00e7\u00e3o re\u00fane experi\u00eancias de luxo, alta gastronomia, tradi\u00e7\u00f5es e celebra\u00e7\u00f5es \u00e0 beira-mar<\/p>\n","protected":false},"author":5,"featured_media":42819,"comment_status":"open","ping_status":"open","sticky":false,"template":"","format":"standard","meta":{"footnotes":""},"categories":[226,7,162,6,4882,167,169],"tags":[1162,5430,1379,5835,233,2440,3787,4928,2441],"class_list":["post-78305","post","type-post","status-publish","format-standard","has-post-thumbnail","hentry","category-destaque","category-dicas","category-ferias-e-feriados","category-gastronomia","category-home","category-hotel","category-internacional","tag-alta-gastronomia","tag-hoteis-de-luxo","tag-los-cabos","tag-los-cabos-tourism","tag-mexico","tag-nobu","tag-nobu-hotel-los-cabos","tag-pacifico-mexicano-2","tag-rcd-hotels"],"yoast_head":"<!-- This site is optimized with the Yoast SEO plugin v26.2 - https:\/\/yoast.com\/wordpress\/plugins\/seo\/ -->\n<title>Nobu Hotel Los Cabos anuncia sua Temporada Festiva para 2025 - Travel3<\/title>\n<meta name=\"description\" content=\"Nobu Los Cabos lan\u00e7a programa\u00e7\u00e3o da Temporada Festiva 2025 com jantares, festas, atividades para fam\u00edlias e nova rota a\u00e9rea da Copa Airlines\" \/>\n<meta name=\"robots\" content=\"index, follow, max-snippet:-1, max-image-preview:large, max-video-preview:-1\" \/>\n<link rel=\"canonical\" href=\"https:\/\/www.travel3.com.br\/site\/destaque\/nobu-hotel-los-cabos-temporada-festiva-2025\/\" \/>\n<meta property=\"og:locale\" content=\"pt_BR\" \/>\n<meta property=\"og:type\" content=\"article\" \/>\n<meta property=\"og:title\" content=\"Nobu Hotel Los Cabos anuncia sua Temporada Festiva para 2025 - Travel3\" \/>\n<meta property=\"og:description\" content=\"Nobu Los Cabos lan\u00e7a programa\u00e7\u00e3o da Temporada Festiva 2025 com jantares, festas, atividades para fam\u00edlias e nova rota a\u00e9rea da Copa Airlines\" \/>\n<meta property=\"og:url\" content=\"https:\/\/www.travel3.com.br\/site\/destaque\/nobu-hotel-los-cabos-temporada-festiva-2025\/\" \/>\n<meta property=\"og:site_name\" content=\"Travel3\" \/>\n<meta property=\"article:publisher\" content=\"https:\/\/www.facebook.com\/travel3media\/\" \/>\n<meta property=\"article:published_time\" content=\"2025-09-04T12:14:51+00:00\" \/>\n<meta property=\"article:modified_time\" content=\"2025-09-04T12:14:54+00:00\" \/>\n<meta property=\"og:image\" content=\"https:\/\/www.travel3.com.br\/site\/wp-content\/uploads\/2021\/09\/Nobu-Hotel-Los-Cabos-Nobu-Terrace_Easy-Resize.com_.jpg\" \/>\n\t<meta property=\"og:image:width\" content=\"1280\" \/>\n\t<meta property=\"og:image:height\" content=\"768\" \/>\n\t<meta property=\"og:image:type\" content=\"image\/jpeg\" \/>\n<meta name=\"author\" content=\"Reda\u00e7\u00e3o Travel3\" \/>\n<meta name=\"twitter:card\" content=\"summary_large_image\" \/>\n<meta name=\"twitter:label1\" content=\"Escrito por\" \/>\n\t<meta name=\"twitter:data1\" content=\"Reda\u00e7\u00e3o Travel3\" \/>\n\t<meta name=\"twitter:label2\" content=\"Est. tempo de leitura\" \/>\n\t<meta name=\"twitter:data2\" content=\"4 minutos\" \/>\n<script type=\"application\/ld+json\" class=\"yoast-schema-graph\">{\"@context\":\"https:\/\/schema.org\",\"@graph\":[{\"@type\":\"Article\",\"@id\":\"https:\/\/www.travel3.com.br\/site\/destaque\/nobu-hotel-los-cabos-temporada-festiva-2025\/#article\",\"isPartOf\":{\"@id\":\"https:\/\/www.travel3.com.br\/site\/destaque\/nobu-hotel-los-cabos-temporada-festiva-2025\/\"},\"author\":{\"name\":\"Reda\u00e7\u00e3o Travel3\",\"@id\":\"https:\/\/www.travel3.com.br\/site\/#\/schema\/person\/89251b0320bc67697de92249f97f3fdb\"},\"headline\":\"Nobu Hotel Los Cabos anuncia sua Temporada Festiva para 2025\",\"datePublished\":\"2025-09-04T12:14:51+00:00\",\"dateModified\":\"2025-09-04T12:14:54+00:00\",\"mainEntityOfPage\":{\"@id\":\"https:\/\/www.travel3.com.br\/site\/destaque\/nobu-hotel-los-cabos-temporada-festiva-2025\/\"},\"wordCount\":459,\"commentCount\":0,\"publisher\":{\"@id\":\"https:\/\/www.travel3.com.br\/site\/#organization\"},\"image\":{\"@id\":\"https:\/\/www.travel3.com.br\/site\/destaque\/nobu-hotel-los-cabos-temporada-festiva-2025\/#primaryimage\"},\"thumbnailUrl\":\"https:\/\/www.travel3.com.br\/site\/wp-content\/uploads\/2021\/09\/Nobu-Hotel-Los-Cabos-Nobu-Terrace_Easy-Resize.com_.jpg\",\"keywords\":[\"alta gastronomia\",\"hot\u00e9is de luxo\",\"Los Cabos\",\"Los Cabos Tourism\",\"m\u00e9xico\",\"Nobu\",\"Nobu Hotel Los Cabos\",\"Pac\u00edfico Mexicano\",\"RCD Hotels\"],\"articleSection\":[\"Destaque\",\"Dicas\",\"F\u00e9rias e Feriados\",\"Gastronomia\",\"Home\",\"Hotel\",\"Hotel Internacional\"],\"inLanguage\":\"pt-BR\",\"potentialAction\":[{\"@type\":\"CommentAction\",\"name\":\"Comment\",\"target\":[\"https:\/\/www.travel3.com.br\/site\/destaque\/nobu-hotel-los-cabos-temporada-festiva-2025\/#respond\"]}]},{\"@type\":\"WebPage\",\"@id\":\"https:\/\/www.travel3.com.br\/site\/destaque\/nobu-hotel-los-cabos-temporada-festiva-2025\/\",\"url\":\"https:\/\/www.travel3.com.br\/site\/destaque\/nobu-hotel-los-cabos-temporada-festiva-2025\/\",\"name\":\"Nobu Hotel Los Cabos anuncia sua Temporada Festiva para 2025 - Travel3\",\"isPartOf\":{\"@id\":\"https:\/\/www.travel3.com.br\/site\/#website\"},\"primaryImageOfPage\":{\"@id\":\"https:\/\/www.travel3.com.br\/site\/destaque\/nobu-hotel-los-cabos-temporada-festiva-2025\/#primaryimage\"},\"image\":{\"@id\":\"https:\/\/www.travel3.com.br\/site\/destaque\/nobu-hotel-los-cabos-temporada-festiva-2025\/#primaryimage\"},\"thumbnailUrl\":\"https:\/\/www.travel3.com.br\/site\/wp-content\/uploads\/2021\/09\/Nobu-Hotel-Los-Cabos-Nobu-Terrace_Easy-Resize.com_.jpg\",\"datePublished\":\"2025-09-04T12:14:51+00:00\",\"dateModified\":\"2025-09-04T12:14:54+00:00\",\"description\":\"Nobu Los Cabos lan\u00e7a programa\u00e7\u00e3o da Temporada Festiva 2025 com jantares, festas, atividades para fam\u00edlias e nova rota a\u00e9rea da Copa Airlines\",\"breadcrumb\":{\"@id\":\"https:\/\/www.travel3.com.br\/site\/destaque\/nobu-hotel-los-cabos-temporada-festiva-2025\/#breadcrumb\"},\"inLanguage\":\"pt-BR\",\"potentialAction\":[{\"@type\":\"ReadAction\",\"target\":[\"https:\/\/www.travel3.com.br\/site\/destaque\/nobu-hotel-los-cabos-temporada-festiva-2025\/\"]}]},{\"@type\":\"ImageObject\",\"inLanguage\":\"pt-BR\",\"@id\":\"https:\/\/www.travel3.com.br\/site\/destaque\/nobu-hotel-los-cabos-temporada-festiva-2025\/#primaryimage\",\"url\":\"https:\/\/www.travel3.com.br\/site\/wp-content\/uploads\/2021\/09\/Nobu-Hotel-Los-Cabos-Nobu-Terrace_Easy-Resize.com_.jpg\",\"contentUrl\":\"https:\/\/www.travel3.com.br\/site\/wp-content\/uploads\/2021\/09\/Nobu-Hotel-Los-Cabos-Nobu-Terrace_Easy-Resize.com_.jpg\",\"width\":1280,\"height\":768,\"caption\":\"Nobu Terrace, no Nobu Hotel Los Cabos (Foto: Divulga\u00e7\u00e3o)\"},{\"@type\":\"BreadcrumbList\",\"@id\":\"https:\/\/www.travel3.com.br\/site\/destaque\/nobu-hotel-los-cabos-temporada-festiva-2025\/#breadcrumb\",\"itemListElement\":[{\"@type\":\"ListItem\",\"position\":1,\"name\":\"In\u00edcio\",\"item\":\"https:\/\/www.travel3.com.br\/site\/\"},{\"@type\":\"ListItem\",\"position\":2,\"name\":\"Nobu Hotel Los Cabos anuncia sua Temporada Festiva para 2025\"}]},{\"@type\":\"WebSite\",\"@id\":\"https:\/\/www.travel3.com.br\/site\/#website\",\"url\":\"https:\/\/www.travel3.com.br\/site\/\",\"name\":\"Travel3\",\"description\":\"Lazer + Neg&oacute;cios + Aventura\",\"publisher\":{\"@id\":\"https:\/\/www.travel3.com.br\/site\/#organization\"},\"potentialAction\":[{\"@type\":\"SearchAction\",\"target\":{\"@type\":\"EntryPoint\",\"urlTemplate\":\"https:\/\/www.travel3.com.br\/site\/?s={search_term_string}\"},\"query-input\":{\"@type\":\"PropertyValueSpecification\",\"valueRequired\":true,\"valueName\":\"search_term_string\"}}],\"inLanguage\":\"pt-BR\"},{\"@type\":\"Organization\",\"@id\":\"https:\/\/www.travel3.com.br\/site\/#organization\",\"name\":\"Travel3\",\"url\":\"https:\/\/www.travel3.com.br\/site\/\",\"logo\":{\"@type\":\"ImageObject\",\"inLanguage\":\"pt-BR\",\"@id\":\"https:\/\/www.travel3.com.br\/site\/#\/schema\/logo\/image\/\",\"url\":\"https:\/\/www.travel3.com.br\/site\/wp-content\/uploads\/2020\/01\/logo-travel3-2020.png\",\"contentUrl\":\"https:\/\/www.travel3.com.br\/site\/wp-content\/uploads\/2020\/01\/logo-travel3-2020.png\",\"width\":232,\"height\":79,\"caption\":\"Travel3\"},\"image\":{\"@id\":\"https:\/\/www.travel3.com.br\/site\/#\/schema\/logo\/image\/\"},\"sameAs\":[\"https:\/\/www.facebook.com\/travel3media\/\",\"https:\/\/www.instagram.com\/revistatravel3\/\",\"https:\/\/www.youtube.com\/channel\/UCno7J4paGBR3VbZQzvoJ9Eg\"]},{\"@type\":\"Person\",\"@id\":\"https:\/\/www.travel3.com.br\/site\/#\/schema\/person\/89251b0320bc67697de92249f97f3fdb\",\"name\":\"Reda\u00e7\u00e3o Travel3\",\"image\":{\"@type\":\"ImageObject\",\"inLanguage\":\"pt-BR\",\"@id\":\"https:\/\/www.travel3.com.br\/site\/#\/schema\/person\/image\/\",\"url\":\"https:\/\/secure.gravatar.com\/avatar\/85a5ec2ad99b1932f671ebf50c117db6?s=96&d=mm&r=g\",\"contentUrl\":\"https:\/\/secure.gravatar.com\/avatar\/85a5ec2ad99b1932f671ebf50c117db6?s=96&d=mm&r=g\",\"caption\":\"Reda\u00e7\u00e3o Travel3\"},\"sameAs\":[\"http:\/\/www.travel3.com.br\/\"],\"url\":\"https:\/\/www.travel3.com.br\/site\/author\/redacao\/\"}]}<\/script>\n<!-- \/ Yoast SEO plugin. -->","yoast_head_json":{"title":"Nobu Hotel Los Cabos anuncia sua Temporada Festiva para 2025 - Travel3","description":"Nobu Los Cabos lan\u00e7a programa\u00e7\u00e3o da Temporada Festiva 2025 com jantares, festas, atividades para fam\u00edlias e nova rota a\u00e9rea da Copa Airlines","robots":{"index":"index","follow":"follow","max-snippet":"max-snippet:-1","max-image-preview":"max-image-preview:large","max-video-preview":"max-video-preview:-1"},"canonical":"https:\/\/www.travel3.com.br\/site\/destaque\/nobu-hotel-los-cabos-temporada-festiva-2025\/","og_locale":"pt_BR","og_type":"article","og_title":"Nobu Hotel Los Cabos anuncia sua Temporada Festiva para 2025 - Travel3","og_description":"Nobu Los Cabos lan\u00e7a programa\u00e7\u00e3o da Temporada Festiva 2025 com jantares, festas, atividades para fam\u00edlias e nova rota a\u00e9rea da Copa Airlines","og_url":"https:\/\/www.travel3.com.br\/site\/destaque\/nobu-hotel-los-cabos-temporada-festiva-2025\/","og_site_name":"Travel3","article_publisher":"https:\/\/www.facebook.com\/travel3media\/","article_published_time":"2025-09-04T12:14:51+00:00","article_modified_time":"2025-09-04T12:14:54+00:00","og_image":[{"width":1280,"height":768,"url":"https:\/\/www.travel3.com.br\/site\/wp-content\/uploads\/2021\/09\/Nobu-Hotel-Los-Cabos-Nobu-Terrace_Easy-Resize.com_.jpg","type":"image\/jpeg"}],"author":"Reda\u00e7\u00e3o Travel3","twitter_card":"summary_large_image","twitter_misc":{"Escrito por":"Reda\u00e7\u00e3o Travel3","Est. tempo de leitura":"4 minutos"},"schema":{"@context":"https:\/\/schema.org","@graph":[{"@type":"Article","@id":"https:\/\/www.travel3.com.br\/site\/destaque\/nobu-hotel-los-cabos-temporada-festiva-2025\/#article","isPartOf":{"@id":"https:\/\/www.travel3.com.br\/site\/destaque\/nobu-hotel-los-cabos-temporada-festiva-2025\/"},"author":{"name":"Reda\u00e7\u00e3o Travel3","@id":"https:\/\/www.travel3.com.br\/site\/#\/schema\/person\/89251b0320bc67697de92249f97f3fdb"},"headline":"Nobu Hotel Los Cabos anuncia sua Temporada Festiva para 2025","datePublished":"2025-09-04T12:14:51+00:00","dateModified":"2025-09-04T12:14:54+00:00","mainEntityOfPage":{"@id":"https:\/\/www.travel3.com.br\/site\/destaque\/nobu-hotel-los-cabos-temporada-festiva-2025\/"},"wordCount":459,"commentCount":0,"publisher":{"@id":"https:\/\/www.travel3.com.br\/site\/#organization"},"image":{"@id":"https:\/\/www.travel3.com.br\/site\/destaque\/nobu-hotel-los-cabos-temporada-festiva-2025\/#primaryimage"},"thumbnailUrl":"https:\/\/www.travel3.com.br\/site\/wp-content\/uploads\/2021\/09\/Nobu-Hotel-Los-Cabos-Nobu-Terrace_Easy-Resize.com_.jpg","keywords":["alta gastronomia","hot\u00e9is de luxo","Los Cabos","Los Cabos Tourism","m\u00e9xico","Nobu","Nobu Hotel Los Cabos","Pac\u00edfico Mexicano","RCD Hotels"],"articleSection":["Destaque","Dicas","F\u00e9rias e Feriados","Gastronomia","Home","Hotel","Hotel Internacional"],"inLanguage":"pt-BR","potentialAction":[{"@type":"CommentAction","name":"Comment","target":["https:\/\/www.travel3.com.br\/site\/destaque\/nobu-hotel-los-cabos-temporada-festiva-2025\/#respond"]}]},{"@type":"WebPage","@id":"https:\/\/www.travel3.com.br\/site\/destaque\/nobu-hotel-los-cabos-temporada-festiva-2025\/","url":"https:\/\/www.travel3.com.br\/site\/destaque\/nobu-hotel-los-cabos-temporada-festiva-2025\/","name":"Nobu Hotel Los Cabos anuncia sua Temporada Festiva para 2025 - Travel3","isPartOf":{"@id":"https:\/\/www.travel3.com.br\/site\/#website"},"primaryImageOfPage":{"@id":"https:\/\/www.travel3.com.br\/site\/destaque\/nobu-hotel-los-cabos-temporada-festiva-2025\/#primaryimage"},"image":{"@id":"https:\/\/www.travel3.com.br\/site\/destaque\/nobu-hotel-los-cabos-temporada-festiva-2025\/#primaryimage"},"thumbnailUrl":"https:\/\/www.travel3.com.br\/site\/wp-content\/uploads\/2021\/09\/Nobu-Hotel-Los-Cabos-Nobu-Terrace_Easy-Resize.com_.jpg","datePublished":"2025-09-04T12:14:51+00:00","dateModified":"2025-09-04T12:14:54+00:00","description":"Nobu Los Cabos lan\u00e7a programa\u00e7\u00e3o da Temporada Festiva 2025 com jantares, festas, atividades para fam\u00edlias e nova rota a\u00e9rea da Copa Airlines","breadcrumb":{"@id":"https:\/\/www.travel3.com.br\/site\/destaque\/nobu-hotel-los-cabos-temporada-festiva-2025\/#breadcrumb"},"inLanguage":"pt-BR","potentialAction":[{"@type":"ReadAction","target":["https:\/\/www.travel3.com.br\/site\/destaque\/nobu-hotel-los-cabos-temporada-festiva-2025\/"]}]},{"@type":"ImageObject","inLanguage":"pt-BR","@id":"https:\/\/www.travel3.com.br\/site\/destaque\/nobu-hotel-los-cabos-temporada-festiva-2025\/#primaryimage","url":"https:\/\/www.travel3.com.br\/site\/wp-content\/uploads\/2021\/09\/Nobu-Hotel-Los-Cabos-Nobu-Terrace_Easy-Resize.com_.jpg","contentUrl":"https:\/\/www.travel3.com.br\/site\/wp-content\/uploads\/2021\/09\/Nobu-Hotel-Los-Cabos-Nobu-Terrace_Easy-Resize.com_.jpg","width":1280,"height":768,"caption":"Nobu Terrace, no Nobu Hotel Los Cabos (Foto: Divulga\u00e7\u00e3o)"},{"@type":"BreadcrumbList","@id":"https:\/\/www.travel3.com.br\/site\/destaque\/nobu-hotel-los-cabos-temporada-festiva-2025\/#breadcrumb","itemListElement":[{"@type":"ListItem","position":1,"name":"In\u00edcio","item":"https:\/\/www.travel3.com.br\/site\/"},{"@type":"ListItem","position":2,"name":"Nobu Hotel Los Cabos anuncia sua Temporada Festiva para 2025"}]},{"@type":"WebSite","@id":"https:\/\/www.travel3.com.br\/site\/#website","url":"https:\/\/www.travel3.com.br\/site\/","name":"Travel3","description":"Lazer + Neg&oacute;cios + Aventura","publisher":{"@id":"https:\/\/www.travel3.com.br\/site\/#organization"},"potentialAction":[{"@type":"SearchAction","target":{"@type":"EntryPoint","urlTemplate":"https:\/\/www.travel3.com.br\/site\/?s={search_term_string}"},"query-input":{"@type":"PropertyValueSpecification","valueRequired":true,"valueName":"search_term_string"}}],"inLanguage":"pt-BR"},{"@type":"Organization","@id":"https:\/\/www.travel3.com.br\/site\/#organization","name":"Travel3","url":"https:\/\/www.travel3.com.br\/site\/","logo":{"@type":"ImageObject","inLanguage":"pt-BR","@id":"https:\/\/www.travel3.com.br\/site\/#\/schema\/logo\/image\/","url":"https:\/\/www.travel3.com.br\/site\/wp-content\/uploads\/2020\/01\/logo-travel3-2020.png","contentUrl":"https:\/\/www.travel3.com.br\/site\/wp-content\/uploads\/2020\/01\/logo-travel3-2020.png","width":232,"height":79,"caption":"Travel3"},"image":{"@id":"https:\/\/www.travel3.com.br\/site\/#\/schema\/logo\/image\/"},"sameAs":["https:\/\/www.facebook.com\/travel3media\/","https:\/\/www.instagram.com\/revistatravel3\/","https:\/\/www.youtube.com\/channel\/UCno7J4paGBR3VbZQzvoJ9Eg"]},{"@type":"Person","@id":"https:\/\/www.travel3.com.br\/site\/#\/schema\/person\/89251b0320bc67697de92249f97f3fdb","name":"Reda\u00e7\u00e3o Travel3","image":{"@type":"ImageObject","inLanguage":"pt-BR","@id":"https:\/\/www.travel3.com.br\/site\/#\/schema\/person\/image\/","url":"https:\/\/secure.gravatar.com\/avatar\/85a5ec2ad99b1932f671ebf50c117db6?s=96&d=mm&r=g","contentUrl":"https:\/\/secure.gravatar.com\/avatar\/85a5ec2ad99b1932f671ebf50c117db6?s=96&d=mm&r=g","caption":"Reda\u00e7\u00e3o Travel3"},"sameAs":["http:\/\/www.travel3.com.br\/"],"url":"https:\/\/www.travel3.com.br\/site\/author\/redacao\/"}]}},"_links":{"self":[{"href":"https:\/\/www.travel3.com.br\/site\/wp-json\/wp\/v2\/posts\/78305","targetHints":{"allow":["GET"]}}],"collection":[{"href":"https:\/\/www.travel3.com.br\/site\/wp-json\/wp\/v2\/posts"}],"about":[{"href":"https:\/\/www.travel3.com.br\/site\/wp-json\/wp\/v2\/types\/post"}],"author":[{"embeddable":true,"href":"https:\/\/www.travel3.com.br\/site\/wp-json\/wp\/v2\/users\/5"}],"replies":[{"embeddable":true,"href":"https:\/\/www.travel3.com.br\/site\/wp-json\/wp\/v2\/comments?post=78305"}],"version-history":[{"count":9,"href":"https:\/\/www.travel3.com.br\/site\/wp-json\/wp\/v2\/posts\/78305\/revisions"}],"predecessor-version":[{"id":78327,"href":"https:\/\/www.travel3.com.br\/site\/wp-json\/wp\/v2\/posts\/78305\/revisions\/78327"}],"wp:featuredmedia":[{"embeddable":true,"href":"https:\/\/www.travel3.com.br\/site\/wp-json\/wp\/v2\/media\/42819"}],"wp:attachment":[{"href":"https:\/\/www.travel3.com.br\/site\/wp-json\/wp\/v2\/media?parent=78305"}],"wp:term":[{"taxonomy":"category","embeddable":true,"href":"https:\/\/www.travel3.com.br\/site\/wp-json\/wp\/v2\/categories?post=78305"},{"taxonomy":"post_tag","embeddable":true,"href":"https:\/\/www.travel3.com.br\/site\/wp-json\/wp\/v2\/tags?post=78305"}],"curies":[{"name":"wp","href":"https:\/\/api.w.org\/{rel}","templated":true}]}}