{"id":78182,"date":"2025-08-26T08:57:02","date_gmt":"2025-08-26T11:57:02","guid":{"rendered":"https:\/\/www.travel3.com.br\/?p=78182"},"modified":"2025-08-26T08:57:08","modified_gmt":"2025-08-26T11:57:08","slug":"inspira-mundi-conecta-turismo-global-no-salao-do-turismo-2025","status":"publish","type":"post","link":"https:\/\/www.travel3.com.br\/site\/acontece-no-turismo\/inspira-mundi-conecta-turismo-global-no-salao-do-turismo-2025\/","title":{"rendered":"Inspira Mundi conecta turismo global no Sal\u00e3o do Turismo 2025"},"content":{"rendered":"\n<h2 class=\"wp-block-heading\">Workshop destacou gest\u00e3o, marketing digital e inova\u00e7\u00e3o como caminhos para o futuro do setor no Brasil<\/h2>\n\n\n\n<p>O <strong>Sal\u00e3o Nacional do Turismo 2025<\/strong> recebeu, no dia 22 de agosto, uma edi\u00e7\u00e3o especial do <strong>Inspira Mundi<\/strong>, workshop que conectou experi\u00eancias globais ao futuro do turismo brasileiro. Realizado no Expo Pavilh\u00f5es \u2013 Distrito Anhembi, em S\u00e3o Paulo, o encontro foi promovido pela <strong>Lab Turismo Consultoria<\/strong>, em parceria com <strong>Thiago Akira<\/strong> e <strong>Daniel Turbox<\/strong>, reunindo cerca de 100 profissionais do setor.<\/p>\n\n\n\n<p>A tem\u00e1tica do evento esteve alinhada ao mote oficial da feira \u2014 <em>\u201cDiversidade, Inclus\u00e3o e Sustentabilidade no Turismo\u201d<\/em> \u2014 refor\u00e7ando o compromisso com um setor mais inovador, integrado e inclusivo.<\/p>\n\n\n\n<h3 class=\"wp-block-heading\">Tend\u00eancias globais aplicadas ao Brasil<\/h3>\n\n\n\n<p>O formato din\u00e2mico do <strong>Inspira Mundi<\/strong> trouxe pain\u00e9is de troca de ideias inspirados nas principais feiras internacionais de turismo.<\/p>\n\n\n\n<ul class=\"wp-block-list\">\n<li><strong>Gest\u00e3o e sustentabilidade<\/strong>: Richard Alves abordou governan\u00e7a, parcerias p\u00fablico-privadas e pr\u00e1ticas sustent\u00e1veis no desenvolvimento de destinos.<\/li>\n\n\n\n<li><strong>Marketing digital<\/strong>: Thiago Akira destacou cases internacionais de branding, refor\u00e7ando a import\u00e2ncia de narrativas aut\u00eanticas para atrair novos p\u00fablicos.<\/li>\n\n\n\n<li><strong>Inova\u00e7\u00e3o e dados<\/strong>: Daniel Turbox apresentou insights sobre o uso estrat\u00e9gico da tecnologia e da intelig\u00eancia de dados para tornar o Brasil mais competitivo globalmente.<\/li>\n<\/ul>\n\n\n\n<blockquote class=\"wp-block-quote is-layout-flow wp-block-quote-is-layout-flow\">\n<p>\u201cNosso objetivo \u00e9 reduzir a dist\u00e2ncia entre o que acontece nas grandes vitrines do turismo mundial e o que podemos aplicar aqui\u201d, afirmou Richard Alves.<\/p>\n<\/blockquote>\n\n\n\n<h3 class=\"wp-block-heading\">Inspira Mundi no calend\u00e1rio global<\/h3>\n\n\n\n<p>O workshop fez parte da agenda oficial do <strong>Sal\u00e3o do Turismo 2025<\/strong> e consolidou o <strong>Inspira Mundi<\/strong> como espa\u00e7o de troca e constru\u00e7\u00e3o coletiva para o setor. Al\u00e9m das edi\u00e7\u00f5es presenciais, o projeto tamb\u00e9m compartilha conte\u00fados em tempo real durante grandes eventos internacionais, conectando profissionais brasileiros \u00e0s discuss\u00f5es globais.<\/p>\n\n\n\n<p>As pr\u00f3ximas imers\u00f5es j\u00e1 est\u00e3o confirmadas: <strong>WTM Londres (4 a 6 de novembro)<\/strong>, <strong>Festuris Gramado (6 a 8 de novembro)<\/strong> e um novo workshop em <strong>Porto Seguro<\/strong>, tamb\u00e9m em novembro. O calend\u00e1rio completo para 2026 ser\u00e1 divulgado em breve.<\/p>\n","protected":false},"excerpt":{"rendered":"<p>Workshop destacou gest\u00e3o, marketing digital e inova\u00e7\u00e3o como caminhos para o futuro do setor no Brasil<\/p>\n","protected":false},"author":5,"featured_media":78184,"comment_status":"open","ping_status":"open","sticky":false,"template":"","format":"standard","meta":{"footnotes":""},"categories":[969],"tags":[6565,6010,6586,6843,6844],"class_list":["post-78182","post","type-post","status-publish","format-standard","has-post-thumbnail","hentry","category-acontece-no-turismo","tag-inspira-mundi","tag-lab-turismo","tag-projeto-inspira-mundi","tag-salao-nacional-do-turismo","tag-salao-nacional-do-turismo-2025"],"yoast_head":"<!-- This site is optimized with the Yoast SEO plugin v26.2 - https:\/\/yoast.com\/wordpress\/plugins\/seo\/ -->\n<title>Inspira Mundi conecta turismo global no Sal\u00e3o do Turismo 2025 - Travel3<\/title>\n<meta name=\"description\" content=\"Inspira Mundi no Sal\u00e3o do Turismo 2025 re\u00fane especialistas; Workshop destacou gest\u00e3o, marketing digital e inova\u00e7\u00e3o no setor\" \/>\n<meta name=\"robots\" content=\"index, follow, max-snippet:-1, max-image-preview:large, max-video-preview:-1\" \/>\n<link rel=\"canonical\" href=\"https:\/\/www.travel3.com.br\/site\/acontece-no-turismo\/inspira-mundi-conecta-turismo-global-no-salao-do-turismo-2025\/\" \/>\n<meta property=\"og:locale\" content=\"pt_BR\" \/>\n<meta property=\"og:type\" content=\"article\" \/>\n<meta property=\"og:title\" content=\"Inspira Mundi conecta turismo global no Sal\u00e3o do Turismo 2025 - Travel3\" \/>\n<meta property=\"og:description\" content=\"Inspira Mundi no Sal\u00e3o do Turismo 2025 re\u00fane especialistas; Workshop destacou gest\u00e3o, marketing digital e inova\u00e7\u00e3o no setor\" \/>\n<meta property=\"og:url\" content=\"https:\/\/www.travel3.com.br\/site\/acontece-no-turismo\/inspira-mundi-conecta-turismo-global-no-salao-do-turismo-2025\/\" \/>\n<meta property=\"og:site_name\" content=\"Travel3\" \/>\n<meta property=\"article:publisher\" content=\"https:\/\/www.facebook.com\/travel3media\/\" \/>\n<meta property=\"article:published_time\" content=\"2025-08-26T11:57:02+00:00\" \/>\n<meta property=\"article:modified_time\" content=\"2025-08-26T11:57:08+00:00\" \/>\n<meta property=\"og:image\" content=\"https:\/\/www.travel3.com.br\/site\/wp-content\/uploads\/2025\/08\/Thiago-Akira-Richard-Alves-e-Daniel-Turbox_Easy-Resize.com_.jpg\" \/>\n\t<meta property=\"og:image:width\" content=\"1280\" \/>\n\t<meta property=\"og:image:height\" content=\"960\" \/>\n\t<meta property=\"og:image:type\" content=\"image\/jpeg\" \/>\n<meta name=\"author\" content=\"Reda\u00e7\u00e3o Travel3\" \/>\n<meta name=\"twitter:card\" content=\"summary_large_image\" \/>\n<meta name=\"twitter:label1\" content=\"Escrito por\" \/>\n\t<meta name=\"twitter:data1\" content=\"Reda\u00e7\u00e3o Travel3\" \/>\n\t<meta name=\"twitter:label2\" content=\"Est. tempo de leitura\" \/>\n\t<meta name=\"twitter:data2\" content=\"2 minutos\" \/>\n<script type=\"application\/ld+json\" class=\"yoast-schema-graph\">{\"@context\":\"https:\/\/schema.org\",\"@graph\":[{\"@type\":\"Article\",\"@id\":\"https:\/\/www.travel3.com.br\/site\/acontece-no-turismo\/inspira-mundi-conecta-turismo-global-no-salao-do-turismo-2025\/#article\",\"isPartOf\":{\"@id\":\"https:\/\/www.travel3.com.br\/site\/acontece-no-turismo\/inspira-mundi-conecta-turismo-global-no-salao-do-turismo-2025\/\"},\"author\":{\"name\":\"Reda\u00e7\u00e3o Travel3\",\"@id\":\"https:\/\/www.travel3.com.br\/site\/#\/schema\/person\/89251b0320bc67697de92249f97f3fdb\"},\"headline\":\"Inspira Mundi conecta turismo global no Sal\u00e3o do Turismo 2025\",\"datePublished\":\"2025-08-26T11:57:02+00:00\",\"dateModified\":\"2025-08-26T11:57:08+00:00\",\"mainEntityOfPage\":{\"@id\":\"https:\/\/www.travel3.com.br\/site\/acontece-no-turismo\/inspira-mundi-conecta-turismo-global-no-salao-do-turismo-2025\/\"},\"wordCount\":346,\"commentCount\":0,\"publisher\":{\"@id\":\"https:\/\/www.travel3.com.br\/site\/#organization\"},\"image\":{\"@id\":\"https:\/\/www.travel3.com.br\/site\/acontece-no-turismo\/inspira-mundi-conecta-turismo-global-no-salao-do-turismo-2025\/#primaryimage\"},\"thumbnailUrl\":\"https:\/\/www.travel3.com.br\/site\/wp-content\/uploads\/2025\/08\/Thiago-Akira-Richard-Alves-e-Daniel-Turbox_Easy-Resize.com_.jpg\",\"keywords\":[\"Inspira Mundi\",\"Lab Turismo\",\"Projeto Inspira Mundi\",\"Sal\u00e3o Nacional do Turismo\",\"Sal\u00e3o Nacional do Turismo 2025\"],\"articleSection\":[\"Acontece no Turismo\"],\"inLanguage\":\"pt-BR\",\"potentialAction\":[{\"@type\":\"CommentAction\",\"name\":\"Comment\",\"target\":[\"https:\/\/www.travel3.com.br\/site\/acontece-no-turismo\/inspira-mundi-conecta-turismo-global-no-salao-do-turismo-2025\/#respond\"]}]},{\"@type\":\"WebPage\",\"@id\":\"https:\/\/www.travel3.com.br\/site\/acontece-no-turismo\/inspira-mundi-conecta-turismo-global-no-salao-do-turismo-2025\/\",\"url\":\"https:\/\/www.travel3.com.br\/site\/acontece-no-turismo\/inspira-mundi-conecta-turismo-global-no-salao-do-turismo-2025\/\",\"name\":\"Inspira Mundi conecta turismo global no Sal\u00e3o do Turismo 2025 - Travel3\",\"isPartOf\":{\"@id\":\"https:\/\/www.travel3.com.br\/site\/#website\"},\"primaryImageOfPage\":{\"@id\":\"https:\/\/www.travel3.com.br\/site\/acontece-no-turismo\/inspira-mundi-conecta-turismo-global-no-salao-do-turismo-2025\/#primaryimage\"},\"image\":{\"@id\":\"https:\/\/www.travel3.com.br\/site\/acontece-no-turismo\/inspira-mundi-conecta-turismo-global-no-salao-do-turismo-2025\/#primaryimage\"},\"thumbnailUrl\":\"https:\/\/www.travel3.com.br\/site\/wp-content\/uploads\/2025\/08\/Thiago-Akira-Richard-Alves-e-Daniel-Turbox_Easy-Resize.com_.jpg\",\"datePublished\":\"2025-08-26T11:57:02+00:00\",\"dateModified\":\"2025-08-26T11:57:08+00:00\",\"description\":\"Inspira Mundi no Sal\u00e3o do Turismo 2025 re\u00fane especialistas; Workshop destacou gest\u00e3o, marketing digital e inova\u00e7\u00e3o no setor\",\"breadcrumb\":{\"@id\":\"https:\/\/www.travel3.com.br\/site\/acontece-no-turismo\/inspira-mundi-conecta-turismo-global-no-salao-do-turismo-2025\/#breadcrumb\"},\"inLanguage\":\"pt-BR\",\"potentialAction\":[{\"@type\":\"ReadAction\",\"target\":[\"https:\/\/www.travel3.com.br\/site\/acontece-no-turismo\/inspira-mundi-conecta-turismo-global-no-salao-do-turismo-2025\/\"]}]},{\"@type\":\"ImageObject\",\"inLanguage\":\"pt-BR\",\"@id\":\"https:\/\/www.travel3.com.br\/site\/acontece-no-turismo\/inspira-mundi-conecta-turismo-global-no-salao-do-turismo-2025\/#primaryimage\",\"url\":\"https:\/\/www.travel3.com.br\/site\/wp-content\/uploads\/2025\/08\/Thiago-Akira-Richard-Alves-e-Daniel-Turbox_Easy-Resize.com_.jpg\",\"contentUrl\":\"https:\/\/www.travel3.com.br\/site\/wp-content\/uploads\/2025\/08\/Thiago-Akira-Richard-Alves-e-Daniel-Turbox_Easy-Resize.com_.jpg\",\"width\":1280,\"height\":960,\"caption\":\"Thiago Akira, Richard Alves e Daniel Turbox (Foto: Divulga\u00e7\u00e3o)\"},{\"@type\":\"BreadcrumbList\",\"@id\":\"https:\/\/www.travel3.com.br\/site\/acontece-no-turismo\/inspira-mundi-conecta-turismo-global-no-salao-do-turismo-2025\/#breadcrumb\",\"itemListElement\":[{\"@type\":\"ListItem\",\"position\":1,\"name\":\"In\u00edcio\",\"item\":\"https:\/\/www.travel3.com.br\/site\/\"},{\"@type\":\"ListItem\",\"position\":2,\"name\":\"Inspira Mundi conecta turismo global no Sal\u00e3o do Turismo 2025\"}]},{\"@type\":\"WebSite\",\"@id\":\"https:\/\/www.travel3.com.br\/site\/#website\",\"url\":\"https:\/\/www.travel3.com.br\/site\/\",\"name\":\"Travel3\",\"description\":\"Lazer + Neg&oacute;cios + Aventura\",\"publisher\":{\"@id\":\"https:\/\/www.travel3.com.br\/site\/#organization\"},\"potentialAction\":[{\"@type\":\"SearchAction\",\"target\":{\"@type\":\"EntryPoint\",\"urlTemplate\":\"https:\/\/www.travel3.com.br\/site\/?s={search_term_string}\"},\"query-input\":{\"@type\":\"PropertyValueSpecification\",\"valueRequired\":true,\"valueName\":\"search_term_string\"}}],\"inLanguage\":\"pt-BR\"},{\"@type\":\"Organization\",\"@id\":\"https:\/\/www.travel3.com.br\/site\/#organization\",\"name\":\"Travel3\",\"url\":\"https:\/\/www.travel3.com.br\/site\/\",\"logo\":{\"@type\":\"ImageObject\",\"inLanguage\":\"pt-BR\",\"@id\":\"https:\/\/www.travel3.com.br\/site\/#\/schema\/logo\/image\/\",\"url\":\"https:\/\/www.travel3.com.br\/site\/wp-content\/uploads\/2020\/01\/logo-travel3-2020.png\",\"contentUrl\":\"https:\/\/www.travel3.com.br\/site\/wp-content\/uploads\/2020\/01\/logo-travel3-2020.png\",\"width\":232,\"height\":79,\"caption\":\"Travel3\"},\"image\":{\"@id\":\"https:\/\/www.travel3.com.br\/site\/#\/schema\/logo\/image\/\"},\"sameAs\":[\"https:\/\/www.facebook.com\/travel3media\/\",\"https:\/\/www.instagram.com\/revistatravel3\/\",\"https:\/\/www.youtube.com\/channel\/UCno7J4paGBR3VbZQzvoJ9Eg\"]},{\"@type\":\"Person\",\"@id\":\"https:\/\/www.travel3.com.br\/site\/#\/schema\/person\/89251b0320bc67697de92249f97f3fdb\",\"name\":\"Reda\u00e7\u00e3o Travel3\",\"image\":{\"@type\":\"ImageObject\",\"inLanguage\":\"pt-BR\",\"@id\":\"https:\/\/www.travel3.com.br\/site\/#\/schema\/person\/image\/\",\"url\":\"https:\/\/secure.gravatar.com\/avatar\/85a5ec2ad99b1932f671ebf50c117db6?s=96&d=mm&r=g\",\"contentUrl\":\"https:\/\/secure.gravatar.com\/avatar\/85a5ec2ad99b1932f671ebf50c117db6?s=96&d=mm&r=g\",\"caption\":\"Reda\u00e7\u00e3o Travel3\"},\"sameAs\":[\"http:\/\/www.travel3.com.br\/\"],\"url\":\"https:\/\/www.travel3.com.br\/site\/author\/redacao\/\"}]}<\/script>\n<!-- \/ Yoast SEO plugin. -->","yoast_head_json":{"title":"Inspira Mundi conecta turismo global no Sal\u00e3o do Turismo 2025 - Travel3","description":"Inspira Mundi no Sal\u00e3o do Turismo 2025 re\u00fane especialistas; Workshop destacou gest\u00e3o, marketing digital e inova\u00e7\u00e3o no setor","robots":{"index":"index","follow":"follow","max-snippet":"max-snippet:-1","max-image-preview":"max-image-preview:large","max-video-preview":"max-video-preview:-1"},"canonical":"https:\/\/www.travel3.com.br\/site\/acontece-no-turismo\/inspira-mundi-conecta-turismo-global-no-salao-do-turismo-2025\/","og_locale":"pt_BR","og_type":"article","og_title":"Inspira Mundi conecta turismo global no Sal\u00e3o do Turismo 2025 - Travel3","og_description":"Inspira Mundi no Sal\u00e3o do Turismo 2025 re\u00fane especialistas; Workshop destacou gest\u00e3o, marketing digital e inova\u00e7\u00e3o no setor","og_url":"https:\/\/www.travel3.com.br\/site\/acontece-no-turismo\/inspira-mundi-conecta-turismo-global-no-salao-do-turismo-2025\/","og_site_name":"Travel3","article_publisher":"https:\/\/www.facebook.com\/travel3media\/","article_published_time":"2025-08-26T11:57:02+00:00","article_modified_time":"2025-08-26T11:57:08+00:00","og_image":[{"width":1280,"height":960,"url":"https:\/\/www.travel3.com.br\/site\/wp-content\/uploads\/2025\/08\/Thiago-Akira-Richard-Alves-e-Daniel-Turbox_Easy-Resize.com_.jpg","type":"image\/jpeg"}],"author":"Reda\u00e7\u00e3o Travel3","twitter_card":"summary_large_image","twitter_misc":{"Escrito por":"Reda\u00e7\u00e3o Travel3","Est. tempo de leitura":"2 minutos"},"schema":{"@context":"https:\/\/schema.org","@graph":[{"@type":"Article","@id":"https:\/\/www.travel3.com.br\/site\/acontece-no-turismo\/inspira-mundi-conecta-turismo-global-no-salao-do-turismo-2025\/#article","isPartOf":{"@id":"https:\/\/www.travel3.com.br\/site\/acontece-no-turismo\/inspira-mundi-conecta-turismo-global-no-salao-do-turismo-2025\/"},"author":{"name":"Reda\u00e7\u00e3o Travel3","@id":"https:\/\/www.travel3.com.br\/site\/#\/schema\/person\/89251b0320bc67697de92249f97f3fdb"},"headline":"Inspira Mundi conecta turismo global no Sal\u00e3o do Turismo 2025","datePublished":"2025-08-26T11:57:02+00:00","dateModified":"2025-08-26T11:57:08+00:00","mainEntityOfPage":{"@id":"https:\/\/www.travel3.com.br\/site\/acontece-no-turismo\/inspira-mundi-conecta-turismo-global-no-salao-do-turismo-2025\/"},"wordCount":346,"commentCount":0,"publisher":{"@id":"https:\/\/www.travel3.com.br\/site\/#organization"},"image":{"@id":"https:\/\/www.travel3.com.br\/site\/acontece-no-turismo\/inspira-mundi-conecta-turismo-global-no-salao-do-turismo-2025\/#primaryimage"},"thumbnailUrl":"https:\/\/www.travel3.com.br\/site\/wp-content\/uploads\/2025\/08\/Thiago-Akira-Richard-Alves-e-Daniel-Turbox_Easy-Resize.com_.jpg","keywords":["Inspira Mundi","Lab Turismo","Projeto Inspira Mundi","Sal\u00e3o Nacional do Turismo","Sal\u00e3o Nacional do Turismo 2025"],"articleSection":["Acontece no Turismo"],"inLanguage":"pt-BR","potentialAction":[{"@type":"CommentAction","name":"Comment","target":["https:\/\/www.travel3.com.br\/site\/acontece-no-turismo\/inspira-mundi-conecta-turismo-global-no-salao-do-turismo-2025\/#respond"]}]},{"@type":"WebPage","@id":"https:\/\/www.travel3.com.br\/site\/acontece-no-turismo\/inspira-mundi-conecta-turismo-global-no-salao-do-turismo-2025\/","url":"https:\/\/www.travel3.com.br\/site\/acontece-no-turismo\/inspira-mundi-conecta-turismo-global-no-salao-do-turismo-2025\/","name":"Inspira Mundi conecta turismo global no Sal\u00e3o do Turismo 2025 - Travel3","isPartOf":{"@id":"https:\/\/www.travel3.com.br\/site\/#website"},"primaryImageOfPage":{"@id":"https:\/\/www.travel3.com.br\/site\/acontece-no-turismo\/inspira-mundi-conecta-turismo-global-no-salao-do-turismo-2025\/#primaryimage"},"image":{"@id":"https:\/\/www.travel3.com.br\/site\/acontece-no-turismo\/inspira-mundi-conecta-turismo-global-no-salao-do-turismo-2025\/#primaryimage"},"thumbnailUrl":"https:\/\/www.travel3.com.br\/site\/wp-content\/uploads\/2025\/08\/Thiago-Akira-Richard-Alves-e-Daniel-Turbox_Easy-Resize.com_.jpg","datePublished":"2025-08-26T11:57:02+00:00","dateModified":"2025-08-26T11:57:08+00:00","description":"Inspira Mundi no Sal\u00e3o do Turismo 2025 re\u00fane especialistas; Workshop destacou gest\u00e3o, marketing digital e inova\u00e7\u00e3o no setor","breadcrumb":{"@id":"https:\/\/www.travel3.com.br\/site\/acontece-no-turismo\/inspira-mundi-conecta-turismo-global-no-salao-do-turismo-2025\/#breadcrumb"},"inLanguage":"pt-BR","potentialAction":[{"@type":"ReadAction","target":["https:\/\/www.travel3.com.br\/site\/acontece-no-turismo\/inspira-mundi-conecta-turismo-global-no-salao-do-turismo-2025\/"]}]},{"@type":"ImageObject","inLanguage":"pt-BR","@id":"https:\/\/www.travel3.com.br\/site\/acontece-no-turismo\/inspira-mundi-conecta-turismo-global-no-salao-do-turismo-2025\/#primaryimage","url":"https:\/\/www.travel3.com.br\/site\/wp-content\/uploads\/2025\/08\/Thiago-Akira-Richard-Alves-e-Daniel-Turbox_Easy-Resize.com_.jpg","contentUrl":"https:\/\/www.travel3.com.br\/site\/wp-content\/uploads\/2025\/08\/Thiago-Akira-Richard-Alves-e-Daniel-Turbox_Easy-Resize.com_.jpg","width":1280,"height":960,"caption":"Thiago Akira, Richard Alves e Daniel Turbox (Foto: Divulga\u00e7\u00e3o)"},{"@type":"BreadcrumbList","@id":"https:\/\/www.travel3.com.br\/site\/acontece-no-turismo\/inspira-mundi-conecta-turismo-global-no-salao-do-turismo-2025\/#breadcrumb","itemListElement":[{"@type":"ListItem","position":1,"name":"In\u00edcio","item":"https:\/\/www.travel3.com.br\/site\/"},{"@type":"ListItem","position":2,"name":"Inspira Mundi conecta turismo global no Sal\u00e3o do Turismo 2025"}]},{"@type":"WebSite","@id":"https:\/\/www.travel3.com.br\/site\/#website","url":"https:\/\/www.travel3.com.br\/site\/","name":"Travel3","description":"Lazer + Neg&oacute;cios + Aventura","publisher":{"@id":"https:\/\/www.travel3.com.br\/site\/#organization"},"potentialAction":[{"@type":"SearchAction","target":{"@type":"EntryPoint","urlTemplate":"https:\/\/www.travel3.com.br\/site\/?s={search_term_string}"},"query-input":{"@type":"PropertyValueSpecification","valueRequired":true,"valueName":"search_term_string"}}],"inLanguage":"pt-BR"},{"@type":"Organization","@id":"https:\/\/www.travel3.com.br\/site\/#organization","name":"Travel3","url":"https:\/\/www.travel3.com.br\/site\/","logo":{"@type":"ImageObject","inLanguage":"pt-BR","@id":"https:\/\/www.travel3.com.br\/site\/#\/schema\/logo\/image\/","url":"https:\/\/www.travel3.com.br\/site\/wp-content\/uploads\/2020\/01\/logo-travel3-2020.png","contentUrl":"https:\/\/www.travel3.com.br\/site\/wp-content\/uploads\/2020\/01\/logo-travel3-2020.png","width":232,"height":79,"caption":"Travel3"},"image":{"@id":"https:\/\/www.travel3.com.br\/site\/#\/schema\/logo\/image\/"},"sameAs":["https:\/\/www.facebook.com\/travel3media\/","https:\/\/www.instagram.com\/revistatravel3\/","https:\/\/www.youtube.com\/channel\/UCno7J4paGBR3VbZQzvoJ9Eg"]},{"@type":"Person","@id":"https:\/\/www.travel3.com.br\/site\/#\/schema\/person\/89251b0320bc67697de92249f97f3fdb","name":"Reda\u00e7\u00e3o Travel3","image":{"@type":"ImageObject","inLanguage":"pt-BR","@id":"https:\/\/www.travel3.com.br\/site\/#\/schema\/person\/image\/","url":"https:\/\/secure.gravatar.com\/avatar\/85a5ec2ad99b1932f671ebf50c117db6?s=96&d=mm&r=g","contentUrl":"https:\/\/secure.gravatar.com\/avatar\/85a5ec2ad99b1932f671ebf50c117db6?s=96&d=mm&r=g","caption":"Reda\u00e7\u00e3o Travel3"},"sameAs":["http:\/\/www.travel3.com.br\/"],"url":"https:\/\/www.travel3.com.br\/site\/author\/redacao\/"}]}},"_links":{"self":[{"href":"https:\/\/www.travel3.com.br\/site\/wp-json\/wp\/v2\/posts\/78182","targetHints":{"allow":["GET"]}}],"collection":[{"href":"https:\/\/www.travel3.com.br\/site\/wp-json\/wp\/v2\/posts"}],"about":[{"href":"https:\/\/www.travel3.com.br\/site\/wp-json\/wp\/v2\/types\/post"}],"author":[{"embeddable":true,"href":"https:\/\/www.travel3.com.br\/site\/wp-json\/wp\/v2\/users\/5"}],"replies":[{"embeddable":true,"href":"https:\/\/www.travel3.com.br\/site\/wp-json\/wp\/v2\/comments?post=78182"}],"version-history":[{"count":2,"href":"https:\/\/www.travel3.com.br\/site\/wp-json\/wp\/v2\/posts\/78182\/revisions"}],"predecessor-version":[{"id":78185,"href":"https:\/\/www.travel3.com.br\/site\/wp-json\/wp\/v2\/posts\/78182\/revisions\/78185"}],"wp:featuredmedia":[{"embeddable":true,"href":"https:\/\/www.travel3.com.br\/site\/wp-json\/wp\/v2\/media\/78184"}],"wp:attachment":[{"href":"https:\/\/www.travel3.com.br\/site\/wp-json\/wp\/v2\/media?parent=78182"}],"wp:term":[{"taxonomy":"category","embeddable":true,"href":"https:\/\/www.travel3.com.br\/site\/wp-json\/wp\/v2\/categories?post=78182"},{"taxonomy":"post_tag","embeddable":true,"href":"https:\/\/www.travel3.com.br\/site\/wp-json\/wp\/v2\/tags?post=78182"}],"curies":[{"name":"wp","href":"https:\/\/api.w.org\/{rel}","templated":true}]}}